{"id":106719,"date":"2015-12-08T14:11:03","date_gmt":"2015-12-08T13:11:03","guid":{"rendered":"https:\/\/www.iemj.org\/le-chant-mystique-dans-la-tradition-hassidique-marc-alain-ouaknin\/"},"modified":"2025-10-04T18:19:49","modified_gmt":"2025-10-04T16:19:49","slug":"le-chant-mystique-dans-la-tradition-hassidique-marc-alain-ouaknin","status":"publish","type":"post","link":"https:\/\/www.iemj.org\/es\/le-chant-mystique-dans-la-tradition-hassidique-marc-alain-ouaknin\/","title":{"rendered":"El canto m\u00edstico en la tradici\u00f3n jas\u00eddica &#8211; Marc-Alain Ouaknin"},"content":{"rendered":"<p class=\"post_excerpt\"><strong>En el marco de la <a href=\"https:\/\/www.iemj.org\/es\/colloque-et-concerts-vox-aurea-via-sacra-2014-la-musique-sacree-juive\/\">jornada de estudio Vox Aurea-Via Sacra 2014<\/a>, dedicada a la m\u00fasica sacra jud\u00eda, <a href=\"https:\/\/en.wikipedia.org\/wiki\/Marc-Alain_Ouaknin\" target=\"_blank\" rel=\"noopener\">Marc-Alain Ouaknin<\/a> rabino, fil\u00f3sofo y profesor universitario, reflexiona sobre el canto jas\u00eddico y su relaci\u00f3n con la fe<\/strong><\/p>\n<p><!--more--><\/p>\n<h3>Escuchar la conferencia al final de la p\u00e1gina<\/h3>\n<p>El jasidismo, inaugurado a mediados del siglo XVIII por el Baal Shem Tov y sus disc\u00edpulos, pretend\u00eda ofrecer al pueblo jud\u00edo un aut\u00e9ntico renacimiento. Su objetivo ya no era producir doctos doctores en casu\u00edstica talm\u00fadica, sino permitir a los hombres y mujeres de aquella generaci\u00f3n recuperar su dignidad. Pobres, ciertamente, pero dignos. Y que cada uno se convirtiera en un pr\u00edncipe y una princesa, en un rey y una reina en cada familia, en cada pueblo, que buscaban embellecer el juda\u00edsmo con canciones, danzas e historias.<\/p>\n<p>El hombre y el mundo renac\u00edan. La primavera ten\u00eda un significado: ya no era s\u00f3lo el tiempo de la fiesta de P\u00e9saj y sus eruditas y complicadas leyes, sino el tiempo de la floraci\u00f3n de los almendros, de los d\u00edas m\u00e1s largos y del retorno del canto de los p\u00e1jaros. As\u00ed es como el jasidismo y sus Maestros salieron de la \u00abteolog\u00eda de la consolaci\u00f3n\u00bb tan bien descrita por Nietzsche un siglo m\u00e1s tarde con su famoso lema \u00ab\u00a1Cad\u00e1veres! \u00a1Ya los disfrutar\u00e1s m\u00e1s tarde!\u00bb<\/p>\n<p>Los textos publicados por Marc-Alain Ouaknin son una fuente inagotable de informaci\u00f3n sobre la tradici\u00f3n jud\u00eda. Est\u00e1n llenos de conexiones inesperadas entre esta tradici\u00f3n y las corrientes m\u00e1s contempor\u00e1neas de la filosof\u00eda y la literatura. Ouaknin da nueva vida a la tradici\u00f3n, dot\u00e1ndola de nuevas resonancias.<\/p>\n<p><a href=\"https:\/\/www.iemj.org\/es\/colloque-et-concerts-vox-aurea-via-sacra-2014-la-musique-sacree-juive\/\" target=\"_blank\" rel=\"noopener\">M\u00e1s informaci\u00f3n sobre el programa de conferencias y los conciertos de la 3\u00aa edici\u00f3n de Vox Aurea-Via Sacra dedicada a la m\u00fasica sacra jud\u00eda.<\/a><\/p>\n\n<div class=\"wp-block-image\">\n<figure class=\"aligncenter size-large\"><img fetchpriority=\"high\" decoding=\"async\" width=\"1024\" height=\"133\" src=\"https:\/\/www.iemj.org\/wp-content\/uploads\/2024\/03\/AUDIO-PLAYER-1024x133.png\" alt=\"\" class=\"wp-image-110610\" srcset=\"https:\/\/www.iemj.org\/wp-content\/uploads\/2024\/03\/AUDIO-PLAYER-1024x133.png 1024w, https:\/\/www.iemj.org\/wp-content\/uploads\/2024\/03\/AUDIO-PLAYER-300x39.png 300w, https:\/\/www.iemj.org\/wp-content\/uploads\/2024\/03\/AUDIO-PLAYER-768x100.png 768w, https:\/\/www.iemj.org\/wp-content\/uploads\/2024\/03\/AUDIO-PLAYER-600x78.png 600w, https:\/\/www.iemj.org\/wp-content\/uploads\/2024\/03\/AUDIO-PLAYER.png 1210w\" sizes=\"(max-width: 1024px) 100vw, 1024px\" \/><\/figure>\n<\/div>\n\n\n<div class=\"wp-block-file\"><a id=\"wp-block-file--media-70e9daef-4213-49db-a21b-b9b432c4faf6\" href=\"https:\/\/www.iemj.org\/wp-content\/uploads\/2015\/12\/5_marc_alain_ouaknin-2.mp3\">Colloque Vox Aurea &#8211; Marc-Alain OUAKNIN<\/a><\/div>\n\n\n\n<p><\/p>\n","protected":false},"excerpt":{"rendered":"<p>En el marco de la jornada de estudio Vox Aurea-Via Sacra 2014, dedicada a la m\u00fasica sacra jud\u00eda, Marc-Alain Ouaknin rabino, fil\u00f3sofo y profesor universitario, reflexiona sobre el canto jas\u00eddico<\/p>\n","protected":false},"author":1052,"featured_media":106720,"comment_status":"closed","ping_status":"closed","sticky":false,"template":"","format":"standard","meta":{"_acf_changed":false,"footnotes":""},"categories":[1420],"tags":[3422],"technique":[],"squelettes":[],"sujet":[],"formation":[],"genre":[1890],"fonds":[],"tradition":[],"type-de-contenu":[],"interprete-compositeur":[],"frise":[],"type-devenement":[],"tableaux-liens-externes":[],"class_list":["post-106719","post","type-post","status-publish","format-standard","has-post-thumbnail","hentry","category-clases-conferencias-2-es","tag-eventos-asociados-es","genre-liturgia-es"],"acf":[],"yoast_head":"<!-- This site is optimized with the Yoast SEO plugin v27.3 - https:\/\/yoast.com\/product\/yoast-seo-wordpress\/ -->\n<title>El canto m\u00edstico en la tradici\u00f3n jas\u00eddica - Marc-Alain Ouaknin - Institut Europ\u00e9en des Musiques Juives<\/title>\n<meta name=\"robots\" content=\"index, follow, max-snippet:-1, max-image-preview:large, max-video-preview:-1\" \/>\n<link rel=\"canonical\" href=\"https:\/\/www.iemj.org\/es\/le-chant-mystique-dans-la-tradition-hassidique-marc-alain-ouaknin\/\" \/>\n<meta property=\"og:locale\" content=\"es_ES\" \/>\n<meta property=\"og:type\" content=\"article\" \/>\n<meta property=\"og:title\" content=\"El canto m\u00edstico en la tradici\u00f3n jas\u00eddica - Marc-Alain Ouaknin - Institut Europ\u00e9en des Musiques Juives\" \/>\n<meta property=\"og:description\" content=\"En el marco de la jornada de estudio Vox Aurea-Via Sacra 2014, dedicada a la m\u00fasica sacra jud\u00eda, Marc-Alain Ouaknin rabino, fil\u00f3sofo y profesor universitario, reflexiona sobre el canto jas\u00eddico\" \/>\n<meta property=\"og:url\" content=\"https:\/\/www.iemj.org\/es\/le-chant-mystique-dans-la-tradition-hassidique-marc-alain-ouaknin\/\" \/>\n<meta property=\"og:site_name\" content=\"Institut Europ\u00e9en des Musiques Juives\" \/>\n<meta property=\"article:publisher\" content=\"https:\/\/www.facebook.com\/MusiquesJuives\/\" \/>\n<meta property=\"article:published_time\" content=\"2015-12-08T13:11:03+00:00\" \/>\n<meta property=\"article:modified_time\" content=\"2025-10-04T16:19:49+00:00\" \/>\n<meta property=\"og:image\" content=\"https:\/\/www.iemj.org\/wp-content\/uploads\/2015\/12\/arton1295.jpg\" \/>\n\t<meta property=\"og:image:width\" content=\"302\" \/>\n\t<meta property=\"og:image:height\" content=\"321\" \/>\n\t<meta property=\"og:image:type\" content=\"image\/jpeg\" \/>\n<meta name=\"author\" content=\"Lea Couderc\" \/>\n<meta name=\"twitter:card\" content=\"summary_large_image\" \/>\n<meta name=\"twitter:label1\" content=\"Escrito por\" \/>\n\t<meta name=\"twitter:data1\" content=\"Lea Couderc\" \/>\n\t<meta name=\"twitter:label2\" content=\"Tiempo de lectura\" \/>\n\t<meta name=\"twitter:data2\" content=\"2 minutos\" \/>\n<script type=\"application\/ld+json\" class=\"yoast-schema-graph\">{\"@context\":\"https:\\\/\\\/schema.org\",\"@graph\":[{\"@type\":\"Article\",\"@id\":\"https:\\\/\\\/www.iemj.org\\\/es\\\/le-chant-mystique-dans-la-tradition-hassidique-marc-alain-ouaknin\\\/#article\",\"isPartOf\":{\"@id\":\"https:\\\/\\\/www.iemj.org\\\/es\\\/le-chant-mystique-dans-la-tradition-hassidique-marc-alain-ouaknin\\\/\"},\"author\":{\"name\":\"Lea Couderc\",\"@id\":\"https:\\\/\\\/www.iemj.org\\\/es\\\/#\\\/schema\\\/person\\\/e2ad57f2c4be119c7ed8ab79036807a9\"},\"headline\":\"El canto m\u00edstico en la tradici\u00f3n jas\u00eddica &#8211; Marc-Alain Ouaknin\",\"datePublished\":\"2015-12-08T13:11:03+00:00\",\"dateModified\":\"2025-10-04T16:19:49+00:00\",\"mainEntityOfPage\":{\"@id\":\"https:\\\/\\\/www.iemj.org\\\/es\\\/le-chant-mystique-dans-la-tradition-hassidique-marc-alain-ouaknin\\\/\"},\"wordCount\":345,\"publisher\":{\"@id\":\"https:\\\/\\\/www.iemj.org\\\/es\\\/#organization\"},\"image\":{\"@id\":\"https:\\\/\\\/www.iemj.org\\\/es\\\/le-chant-mystique-dans-la-tradition-hassidique-marc-alain-ouaknin\\\/#primaryimage\"},\"thumbnailUrl\":\"https:\\\/\\\/www.iemj.org\\\/wp-content\\\/uploads\\\/2015\\\/12\\\/arton1295.jpg\",\"keywords\":[\"Eventos asociados\"],\"articleSection\":[\"Clases \\\/ Conferencias\"],\"inLanguage\":\"es\"},{\"@type\":\"WebPage\",\"@id\":\"https:\\\/\\\/www.iemj.org\\\/es\\\/le-chant-mystique-dans-la-tradition-hassidique-marc-alain-ouaknin\\\/\",\"url\":\"https:\\\/\\\/www.iemj.org\\\/es\\\/le-chant-mystique-dans-la-tradition-hassidique-marc-alain-ouaknin\\\/\",\"name\":\"El canto m\u00edstico en la tradici\u00f3n jas\u00eddica - Marc-Alain Ouaknin - Institut Europ\u00e9en des Musiques Juives\",\"isPartOf\":{\"@id\":\"https:\\\/\\\/www.iemj.org\\\/es\\\/#website\"},\"primaryImageOfPage\":{\"@id\":\"https:\\\/\\\/www.iemj.org\\\/es\\\/le-chant-mystique-dans-la-tradition-hassidique-marc-alain-ouaknin\\\/#primaryimage\"},\"image\":{\"@id\":\"https:\\\/\\\/www.iemj.org\\\/es\\\/le-chant-mystique-dans-la-tradition-hassidique-marc-alain-ouaknin\\\/#primaryimage\"},\"thumbnailUrl\":\"https:\\\/\\\/www.iemj.org\\\/wp-content\\\/uploads\\\/2015\\\/12\\\/arton1295.jpg\",\"datePublished\":\"2015-12-08T13:11:03+00:00\",\"dateModified\":\"2025-10-04T16:19:49+00:00\",\"breadcrumb\":{\"@id\":\"https:\\\/\\\/www.iemj.org\\\/es\\\/le-chant-mystique-dans-la-tradition-hassidique-marc-alain-ouaknin\\\/#breadcrumb\"},\"inLanguage\":\"es\",\"potentialAction\":[{\"@type\":\"ReadAction\",\"target\":[\"https:\\\/\\\/www.iemj.org\\\/es\\\/le-chant-mystique-dans-la-tradition-hassidique-marc-alain-ouaknin\\\/\"]}]},{\"@type\":\"ImageObject\",\"inLanguage\":\"es\",\"@id\":\"https:\\\/\\\/www.iemj.org\\\/es\\\/le-chant-mystique-dans-la-tradition-hassidique-marc-alain-ouaknin\\\/#primaryimage\",\"url\":\"https:\\\/\\\/www.iemj.org\\\/wp-content\\\/uploads\\\/2015\\\/12\\\/arton1295.jpg\",\"contentUrl\":\"https:\\\/\\\/www.iemj.org\\\/wp-content\\\/uploads\\\/2015\\\/12\\\/arton1295.jpg\",\"width\":302,\"height\":321},{\"@type\":\"BreadcrumbList\",\"@id\":\"https:\\\/\\\/www.iemj.org\\\/es\\\/le-chant-mystique-dans-la-tradition-hassidique-marc-alain-ouaknin\\\/#breadcrumb\",\"itemListElement\":[{\"@type\":\"ListItem\",\"position\":1,\"name\":\"Accueil\",\"item\":\"https:\\\/\\\/www.iemj.org\\\/es\\\/\"},{\"@type\":\"ListItem\",\"position\":2,\"name\":\"El canto m\u00edstico en la tradici\u00f3n jas\u00eddica &#8211; Marc-Alain Ouaknin\"}]},{\"@type\":\"WebSite\",\"@id\":\"https:\\\/\\\/www.iemj.org\\\/es\\\/#website\",\"url\":\"https:\\\/\\\/www.iemj.org\\\/es\\\/\",\"name\":\"Institut Europ\u00e9en des Musiques Juives\",\"description\":\"Des traditions musicales \u00e0 la port\u00e9e de tous\",\"publisher\":{\"@id\":\"https:\\\/\\\/www.iemj.org\\\/es\\\/#organization\"},\"potentialAction\":[{\"@type\":\"SearchAction\",\"target\":{\"@type\":\"EntryPoint\",\"urlTemplate\":\"https:\\\/\\\/www.iemj.org\\\/es\\\/?s={search_term_string}\"},\"query-input\":{\"@type\":\"PropertyValueSpecification\",\"valueRequired\":true,\"valueName\":\"search_term_string\"}}],\"inLanguage\":\"es\"},{\"@type\":\"Organization\",\"@id\":\"https:\\\/\\\/www.iemj.org\\\/es\\\/#organization\",\"name\":\"Institut Europ\u00e9en des Musiques Juives\",\"url\":\"https:\\\/\\\/www.iemj.org\\\/es\\\/\",\"logo\":{\"@type\":\"ImageObject\",\"inLanguage\":\"es\",\"@id\":\"https:\\\/\\\/www.iemj.org\\\/es\\\/#\\\/schema\\\/logo\\\/image\\\/\",\"url\":\"https:\\\/\\\/www.iemj.org\\\/wp-content\\\/uploads\\\/2021\\\/09\\\/Logo-IEMJ-Paypal.jpg\",\"contentUrl\":\"https:\\\/\\\/www.iemj.org\\\/wp-content\\\/uploads\\\/2021\\\/09\\\/Logo-IEMJ-Paypal.jpg\",\"width\":150,\"height\":50,\"caption\":\"Institut Europ\u00e9en des Musiques Juives\"},\"image\":{\"@id\":\"https:\\\/\\\/www.iemj.org\\\/es\\\/#\\\/schema\\\/logo\\\/image\\\/\"},\"sameAs\":[\"https:\\\/\\\/www.facebook.com\\\/MusiquesJuives\\\/\",\"https:\\\/\\\/www.instagram.com\\\/musiquesjuives\\\/\",\"https:\\\/\\\/www.youtube.com\\\/user\\\/musiquesjuives\"]},{\"@type\":\"Person\",\"@id\":\"https:\\\/\\\/www.iemj.org\\\/es\\\/#\\\/schema\\\/person\\\/e2ad57f2c4be119c7ed8ab79036807a9\",\"name\":\"Lea Couderc\",\"image\":{\"@type\":\"ImageObject\",\"inLanguage\":\"es\",\"@id\":\"https:\\\/\\\/secure.gravatar.com\\\/avatar\\\/46ee021475d60aeff17a7e490b79dea5a5684bb392ab7fd1494027411df8ba23?s=96&d=mm&r=g\",\"url\":\"https:\\\/\\\/secure.gravatar.com\\\/avatar\\\/46ee021475d60aeff17a7e490b79dea5a5684bb392ab7fd1494027411df8ba23?s=96&d=mm&r=g\",\"contentUrl\":\"https:\\\/\\\/secure.gravatar.com\\\/avatar\\\/46ee021475d60aeff17a7e490b79dea5a5684bb392ab7fd1494027411df8ba23?s=96&d=mm&r=g\",\"caption\":\"Lea Couderc\"}}]}<\/script>\n<!-- \/ Yoast SEO plugin. -->","yoast_head_json":{"title":"El canto m\u00edstico en la tradici\u00f3n jas\u00eddica - Marc-Alain Ouaknin - Institut Europ\u00e9en des Musiques Juives","robots":{"index":"index","follow":"follow","max-snippet":"max-snippet:-1","max-image-preview":"max-image-preview:large","max-video-preview":"max-video-preview:-1"},"canonical":"https:\/\/www.iemj.org\/es\/le-chant-mystique-dans-la-tradition-hassidique-marc-alain-ouaknin\/","og_locale":"es_ES","og_type":"article","og_title":"El canto m\u00edstico en la tradici\u00f3n jas\u00eddica - Marc-Alain Ouaknin - Institut Europ\u00e9en des Musiques Juives","og_description":"En el marco de la jornada de estudio Vox Aurea-Via Sacra 2014, dedicada a la m\u00fasica sacra jud\u00eda, Marc-Alain Ouaknin rabino, fil\u00f3sofo y profesor universitario, reflexiona sobre el canto jas\u00eddico","og_url":"https:\/\/www.iemj.org\/es\/le-chant-mystique-dans-la-tradition-hassidique-marc-alain-ouaknin\/","og_site_name":"Institut Europ\u00e9en des Musiques Juives","article_publisher":"https:\/\/www.facebook.com\/MusiquesJuives\/","article_published_time":"2015-12-08T13:11:03+00:00","article_modified_time":"2025-10-04T16:19:49+00:00","og_image":[{"width":302,"height":321,"url":"https:\/\/www.iemj.org\/wp-content\/uploads\/2015\/12\/arton1295.jpg","type":"image\/jpeg"}],"author":"Lea Couderc","twitter_card":"summary_large_image","twitter_misc":{"Escrito por":"Lea Couderc","Tiempo de lectura":"2 minutos"},"schema":{"@context":"https:\/\/schema.org","@graph":[{"@type":"Article","@id":"https:\/\/www.iemj.org\/es\/le-chant-mystique-dans-la-tradition-hassidique-marc-alain-ouaknin\/#article","isPartOf":{"@id":"https:\/\/www.iemj.org\/es\/le-chant-mystique-dans-la-tradition-hassidique-marc-alain-ouaknin\/"},"author":{"name":"Lea Couderc","@id":"https:\/\/www.iemj.org\/es\/#\/schema\/person\/e2ad57f2c4be119c7ed8ab79036807a9"},"headline":"El canto m\u00edstico en la tradici\u00f3n jas\u00eddica &#8211; Marc-Alain Ouaknin","datePublished":"2015-12-08T13:11:03+00:00","dateModified":"2025-10-04T16:19:49+00:00","mainEntityOfPage":{"@id":"https:\/\/www.iemj.org\/es\/le-chant-mystique-dans-la-tradition-hassidique-marc-alain-ouaknin\/"},"wordCount":345,"publisher":{"@id":"https:\/\/www.iemj.org\/es\/#organization"},"image":{"@id":"https:\/\/www.iemj.org\/es\/le-chant-mystique-dans-la-tradition-hassidique-marc-alain-ouaknin\/#primaryimage"},"thumbnailUrl":"https:\/\/www.iemj.org\/wp-content\/uploads\/2015\/12\/arton1295.jpg","keywords":["Eventos asociados"],"articleSection":["Clases \/ Conferencias"],"inLanguage":"es"},{"@type":"WebPage","@id":"https:\/\/www.iemj.org\/es\/le-chant-mystique-dans-la-tradition-hassidique-marc-alain-ouaknin\/","url":"https:\/\/www.iemj.org\/es\/le-chant-mystique-dans-la-tradition-hassidique-marc-alain-ouaknin\/","name":"El canto m\u00edstico en la tradici\u00f3n jas\u00eddica - Marc-Alain Ouaknin - Institut Europ\u00e9en des Musiques Juives","isPartOf":{"@id":"https:\/\/www.iemj.org\/es\/#website"},"primaryImageOfPage":{"@id":"https:\/\/www.iemj.org\/es\/le-chant-mystique-dans-la-tradition-hassidique-marc-alain-ouaknin\/#primaryimage"},"image":{"@id":"https:\/\/www.iemj.org\/es\/le-chant-mystique-dans-la-tradition-hassidique-marc-alain-ouaknin\/#primaryimage"},"thumbnailUrl":"https:\/\/www.iemj.org\/wp-content\/uploads\/2015\/12\/arton1295.jpg","datePublished":"2015-12-08T13:11:03+00:00","dateModified":"2025-10-04T16:19:49+00:00","breadcrumb":{"@id":"https:\/\/www.iemj.org\/es\/le-chant-mystique-dans-la-tradition-hassidique-marc-alain-ouaknin\/#breadcrumb"},"inLanguage":"es","potentialAction":[{"@type":"ReadAction","target":["https:\/\/www.iemj.org\/es\/le-chant-mystique-dans-la-tradition-hassidique-marc-alain-ouaknin\/"]}]},{"@type":"ImageObject","inLanguage":"es","@id":"https:\/\/www.iemj.org\/es\/le-chant-mystique-dans-la-tradition-hassidique-marc-alain-ouaknin\/#primaryimage","url":"https:\/\/www.iemj.org\/wp-content\/uploads\/2015\/12\/arton1295.jpg","contentUrl":"https:\/\/www.iemj.org\/wp-content\/uploads\/2015\/12\/arton1295.jpg","width":302,"height":321},{"@type":"BreadcrumbList","@id":"https:\/\/www.iemj.org\/es\/le-chant-mystique-dans-la-tradition-hassidique-marc-alain-ouaknin\/#breadcrumb","itemListElement":[{"@type":"ListItem","position":1,"name":"Accueil","item":"https:\/\/www.iemj.org\/es\/"},{"@type":"ListItem","position":2,"name":"El canto m\u00edstico en la tradici\u00f3n jas\u00eddica &#8211; Marc-Alain Ouaknin"}]},{"@type":"WebSite","@id":"https:\/\/www.iemj.org\/es\/#website","url":"https:\/\/www.iemj.org\/es\/","name":"Institut Europ\u00e9en des Musiques Juives","description":"Des traditions musicales \u00e0 la port\u00e9e de tous","publisher":{"@id":"https:\/\/www.iemj.org\/es\/#organization"},"potentialAction":[{"@type":"SearchAction","target":{"@type":"EntryPoint","urlTemplate":"https:\/\/www.iemj.org\/es\/?s={search_term_string}"},"query-input":{"@type":"PropertyValueSpecification","valueRequired":true,"valueName":"search_term_string"}}],"inLanguage":"es"},{"@type":"Organization","@id":"https:\/\/www.iemj.org\/es\/#organization","name":"Institut Europ\u00e9en des Musiques Juives","url":"https:\/\/www.iemj.org\/es\/","logo":{"@type":"ImageObject","inLanguage":"es","@id":"https:\/\/www.iemj.org\/es\/#\/schema\/logo\/image\/","url":"https:\/\/www.iemj.org\/wp-content\/uploads\/2021\/09\/Logo-IEMJ-Paypal.jpg","contentUrl":"https:\/\/www.iemj.org\/wp-content\/uploads\/2021\/09\/Logo-IEMJ-Paypal.jpg","width":150,"height":50,"caption":"Institut Europ\u00e9en des Musiques Juives"},"image":{"@id":"https:\/\/www.iemj.org\/es\/#\/schema\/logo\/image\/"},"sameAs":["https:\/\/www.facebook.com\/MusiquesJuives\/","https:\/\/www.instagram.com\/musiquesjuives\/","https:\/\/www.youtube.com\/user\/musiquesjuives"]},{"@type":"Person","@id":"https:\/\/www.iemj.org\/es\/#\/schema\/person\/e2ad57f2c4be119c7ed8ab79036807a9","name":"Lea Couderc","image":{"@type":"ImageObject","inLanguage":"es","@id":"https:\/\/secure.gravatar.com\/avatar\/46ee021475d60aeff17a7e490b79dea5a5684bb392ab7fd1494027411df8ba23?s=96&d=mm&r=g","url":"https:\/\/secure.gravatar.com\/avatar\/46ee021475d60aeff17a7e490b79dea5a5684bb392ab7fd1494027411df8ba23?s=96&d=mm&r=g","contentUrl":"https:\/\/secure.gravatar.com\/avatar\/46ee021475d60aeff17a7e490b79dea5a5684bb392ab7fd1494027411df8ba23?s=96&d=mm&r=g","caption":"Lea Couderc"}}]}},"_links":{"self":[{"href":"https:\/\/www.iemj.org\/es\/wp-json\/wp\/v2\/posts\/106719","targetHints":{"allow":["GET"]}}],"collection":[{"href":"https:\/\/www.iemj.org\/es\/wp-json\/wp\/v2\/posts"}],"about":[{"href":"https:\/\/www.iemj.org\/es\/wp-json\/wp\/v2\/types\/post"}],"author":[{"embeddable":true,"href":"https:\/\/www.iemj.org\/es\/wp-json\/wp\/v2\/users\/1052"}],"replies":[{"embeddable":true,"href":"https:\/\/www.iemj.org\/es\/wp-json\/wp\/v2\/comments?post=106719"}],"version-history":[{"count":1,"href":"https:\/\/www.iemj.org\/es\/wp-json\/wp\/v2\/posts\/106719\/revisions"}],"predecessor-version":[{"id":126320,"href":"https:\/\/www.iemj.org\/es\/wp-json\/wp\/v2\/posts\/106719\/revisions\/126320"}],"wp:featuredmedia":[{"embeddable":true,"href":"https:\/\/www.iemj.org\/es\/wp-json\/wp\/v2\/media\/106720"}],"wp:attachment":[{"href":"https:\/\/www.iemj.org\/es\/wp-json\/wp\/v2\/media?parent=106719"}],"wp:term":[{"taxonomy":"category","embeddable":true,"href":"https:\/\/www.iemj.org\/es\/wp-json\/wp\/v2\/categories?post=106719"},{"taxonomy":"post_tag","embeddable":true,"href":"https:\/\/www.iemj.org\/es\/wp-json\/wp\/v2\/tags?post=106719"},{"taxonomy":"technique","embeddable":true,"href":"https:\/\/www.iemj.org\/es\/wp-json\/wp\/v2\/technique?post=106719"},{"taxonomy":"squelettes","embeddable":true,"href":"https:\/\/www.iemj.org\/es\/wp-json\/wp\/v2\/squelettes?post=106719"},{"taxonomy":"sujet","embeddable":true,"href":"https:\/\/www.iemj.org\/es\/wp-json\/wp\/v2\/sujet?post=106719"},{"taxonomy":"formation","embeddable":true,"href":"https:\/\/www.iemj.org\/es\/wp-json\/wp\/v2\/formation?post=106719"},{"taxonomy":"genre","embeddable":true,"href":"https:\/\/www.iemj.org\/es\/wp-json\/wp\/v2\/genre?post=106719"},{"taxonomy":"fonds","embeddable":true,"href":"https:\/\/www.iemj.org\/es\/wp-json\/wp\/v2\/fonds?post=106719"},{"taxonomy":"tradition","embeddable":true,"href":"https:\/\/www.iemj.org\/es\/wp-json\/wp\/v2\/tradition?post=106719"},{"taxonomy":"type-de-contenu","embeddable":true,"href":"https:\/\/www.iemj.org\/es\/wp-json\/wp\/v2\/type-de-contenu?post=106719"},{"taxonomy":"interprete-compositeur","embeddable":true,"href":"https:\/\/www.iemj.org\/es\/wp-json\/wp\/v2\/interprete-compositeur?post=106719"},{"taxonomy":"frise","embeddable":true,"href":"https:\/\/www.iemj.org\/es\/wp-json\/wp\/v2\/frise?post=106719"},{"taxonomy":"type-devenement","embeddable":true,"href":"https:\/\/www.iemj.org\/es\/wp-json\/wp\/v2\/type-devenement?post=106719"},{"taxonomy":"tableaux-liens-externes","embeddable":true,"href":"https:\/\/www.iemj.org\/es\/wp-json\/wp\/v2\/tableaux-liens-externes?post=106719"}],"curies":[{"name":"wp","href":"https:\/\/api.w.org\/{rel}","templated":true}]}}