{"id":106823,"date":"2017-03-27T17:58:11","date_gmt":"2017-03-27T15:58:11","guid":{"rendered":"https:\/\/www.iemj.org\/conference-herve-roten-et-david-winter-musique-yiddish-dans-les-cabarets-dapres-guerre\/"},"modified":"2024-01-02T14:24:18","modified_gmt":"2024-01-02T13:24:18","slug":"conference-herve-roten-et-david-winter-musique-yiddish-dans-les-cabarets-dapres-guerre","status":"publish","type":"post","link":"https:\/\/www.iemj.org\/es\/conference-herve-roten-et-david-winter-musique-yiddish-dans-les-cabarets-dapres-guerre\/","title":{"rendered":"Conferencia de Herv\u00e9 Roten y David Winter &#8211; La m\u00fasica yiddish en los cabarets de posguerra"},"content":{"rendered":"<p>En la posguerra, cuando los jud\u00edos intentaban reconstruir sus vidas, tanto individual como colectivamente, Par\u00eds cristaliz\u00f3 las esperanzas de revitalizaci\u00f3n de la vida jud\u00eda en Europa, al tiempo que serv\u00eda de punto de paso o base para los supervivientes en busca de un nuevo hogar.<\/p>\n<p>Una multitud de estructuras organizan la vida cultural. Entre ellas, varios sellos discogr\u00e1ficos (Le Disque Folklorique Yiddish, Saturne y Elesdisc). Elesdisc estaba situado en el n\u00famero 34 de la rue des Rosiers, en una tienda que era en parte librer\u00eda, en parte tienda de discos y en parte centro social jud\u00edo. Su propietario, L\u00e9on Speiser, tom\u00f3 el relevo de su padre, Wolf Speiser, un inmigrante de Odessa que lleg\u00f3 a Par\u00eds hacia 1895.<\/p>\n<p>En 1948, este sello -que debe su nombre a las iniciales de L\u00e9on Speiser (L. S. disques)- empez\u00f3 a grabar a artistas como Henri Gerro, Dave Cash, Sarah Gorby, Richard Inger, Elvira Boczkowska, Simon Nussbaum y Max Neufeld, que tambi\u00e9n actuaban en los cabarets parisinos yiddish o russos.<\/p>\n<p>Entre 1948 y 1953, de los 350 t\u00edtulos publicados por peque\u00f1os sellos de m\u00fasica jud\u00eda en Par\u00eds, al menos 154 fueron producidos por Elesdisc hasta 1953.<\/p>\n<p><a href=\"https:\/\/www.iemj.org\/wp-content\/uploads\/2017\/03\/programme_campus_en_musique-2.pdf\" target=\"_blank\" rel=\"noopener\">Descargar el programa Campus en Musique<\/a><\/p>\n<p>Inscripciones en el sitio web: <a href=\"http:\/\/www.centre-medem.org\/\">http:\/\/www.centre-medem.org\/<\/a><\/p>\n<p><a href=\"https:\/\/www.iemj.org\/es\/produit\/casket-of-the-jewish-musics-in-paris-in-the-aftermath-of-ww-ii\/\">Pedir la caja de 6 CD en la tienda en l\u00ednea del IEMJ<\/a><\/p>\n<h2><a href=\"https:\/\/www.iemj.org\/es\/conference-musique-yiddish-dans-les-cabarets-dapres-guerre\/\" target=\"_blank\" rel=\"noopener\">Ver la conferencia<\/a><br \/>\n<a href=\"https:\/\/www.iemj.org\/es\/conference-musique-yiddish-dans-les-cabarets-dapres-guerre\/\"><img fetchpriority=\"high\" decoding=\"async\" class=\" alignleft size-full wp-image-13738\" src=\"https:\/\/www.iemj.org\/wp-content\/uploads\/2017\/03\/logo.jpg\" alt=\"logo.jpg\" width=\"500\" height=\"314\" align=\"left\" \/><\/a><\/h2>\n","protected":false},"excerpt":{"rendered":"<p>En la posguerra, cuando los jud\u00edos intentaban reconstruir sus vidas, tanto individual como colectivamente, Par\u00eds cristaliz\u00f3 las esperanzas de revitalizaci\u00f3n de la vida jud\u00eda en Europa, al tiempo que serv\u00eda<\/p>\n","protected":false},"author":5,"featured_media":106825,"comment_status":"closed","ping_status":"open","sticky":false,"template":"","format":"standard","meta":{"_acf_changed":false,"footnotes":""},"categories":[1384,1372],"tags":[3422],"technique":[],"squelettes":[],"sujet":[],"formation":[],"genre":[],"fonds":[],"tradition":[],"type-de-contenu":[],"interprete-compositeur":[],"frise":[],"type-devenement":[],"tableaux-liens-externes":[],"class_list":["post-106823","post","type-post","status-publish","format-standard","has-post-thumbnail","hentry","category-clases-conferencias-es","category-manifestaciones-es","tag-eventos-asociados-es"],"acf":[],"yoast_head":"<!-- This site is optimized with the Yoast SEO plugin v27.3 - https:\/\/yoast.com\/product\/yoast-seo-wordpress\/ -->\n<title>Conferencia de Herv\u00e9 Roten y David Winter - La m\u00fasica yiddish en los cabarets de posguerra - Institut Europ\u00e9en des Musiques Juives<\/title>\n<meta name=\"robots\" content=\"index, follow, max-snippet:-1, max-image-preview:large, max-video-preview:-1\" \/>\n<link rel=\"canonical\" href=\"https:\/\/www.iemj.org\/es\/conference-herve-roten-et-david-winter-musique-yiddish-dans-les-cabarets-dapres-guerre\/\" \/>\n<meta property=\"og:locale\" content=\"es_ES\" \/>\n<meta property=\"og:type\" content=\"article\" \/>\n<meta property=\"og:title\" content=\"Conferencia de Herv\u00e9 Roten y David Winter - La m\u00fasica yiddish en los cabarets de posguerra - Institut Europ\u00e9en des Musiques Juives\" \/>\n<meta property=\"og:description\" content=\"En la posguerra, cuando los jud\u00edos intentaban reconstruir sus vidas, tanto individual como colectivamente, Par\u00eds cristaliz\u00f3 las esperanzas de revitalizaci\u00f3n de la vida jud\u00eda en Europa, al tiempo que serv\u00eda\" \/>\n<meta property=\"og:url\" content=\"https:\/\/www.iemj.org\/es\/conference-herve-roten-et-david-winter-musique-yiddish-dans-les-cabarets-dapres-guerre\/\" \/>\n<meta property=\"og:site_name\" content=\"Institut Europ\u00e9en des Musiques Juives\" \/>\n<meta property=\"article:publisher\" content=\"https:\/\/www.facebook.com\/MusiquesJuives\/\" \/>\n<meta property=\"article:published_time\" content=\"2017-03-27T15:58:11+00:00\" \/>\n<meta property=\"article:modified_time\" content=\"2024-01-02T13:24:18+00:00\" \/>\n<meta property=\"og:image\" content=\"https:\/\/www.iemj.org\/wp-content\/uploads\/2017\/03\/arton2208-e1620050040297.jpg\" \/>\n\t<meta property=\"og:image:width\" content=\"350\" \/>\n\t<meta property=\"og:image:height\" content=\"494\" \/>\n\t<meta property=\"og:image:type\" content=\"image\/jpeg\" \/>\n<meta name=\"author\" content=\"Jacqueline ROTEN\" \/>\n<meta name=\"twitter:card\" content=\"summary_large_image\" \/>\n<meta name=\"twitter:label1\" content=\"Escrito por\" \/>\n\t<meta name=\"twitter:data1\" content=\"Jacqueline ROTEN\" \/>\n\t<meta name=\"twitter:label2\" content=\"Tiempo de lectura\" \/>\n\t<meta name=\"twitter:data2\" content=\"2 minutos\" \/>\n<script type=\"application\/ld+json\" class=\"yoast-schema-graph\">{\"@context\":\"https:\\\/\\\/schema.org\",\"@graph\":[{\"@type\":\"Article\",\"@id\":\"https:\\\/\\\/www.iemj.org\\\/es\\\/conference-herve-roten-et-david-winter-musique-yiddish-dans-les-cabarets-dapres-guerre\\\/#article\",\"isPartOf\":{\"@id\":\"https:\\\/\\\/www.iemj.org\\\/es\\\/conference-herve-roten-et-david-winter-musique-yiddish-dans-les-cabarets-dapres-guerre\\\/\"},\"author\":{\"name\":\"Jacqueline ROTEN\",\"@id\":\"https:\\\/\\\/www.iemj.org\\\/es\\\/#\\\/schema\\\/person\\\/358e26c18aca017fcc4cc15437f7279c\"},\"headline\":\"Conferencia de Herv\u00e9 Roten y David Winter &#8211; La m\u00fasica yiddish en los cabarets de posguerra\",\"datePublished\":\"2017-03-27T15:58:11+00:00\",\"dateModified\":\"2024-01-02T13:24:18+00:00\",\"mainEntityOfPage\":{\"@id\":\"https:\\\/\\\/www.iemj.org\\\/es\\\/conference-herve-roten-et-david-winter-musique-yiddish-dans-les-cabarets-dapres-guerre\\\/\"},\"wordCount\":251,\"publisher\":{\"@id\":\"https:\\\/\\\/www.iemj.org\\\/es\\\/#organization\"},\"image\":{\"@id\":\"https:\\\/\\\/www.iemj.org\\\/es\\\/conference-herve-roten-et-david-winter-musique-yiddish-dans-les-cabarets-dapres-guerre\\\/#primaryimage\"},\"thumbnailUrl\":\"https:\\\/\\\/www.iemj.org\\\/wp-content\\\/uploads\\\/2017\\\/03\\\/arton2208-e1620050040297.jpg\",\"keywords\":[\"Eventos asociados\"],\"articleSection\":[\"Clases \\\/ Conferencias\",\"Manifestaciones\"],\"inLanguage\":\"es\"},{\"@type\":\"WebPage\",\"@id\":\"https:\\\/\\\/www.iemj.org\\\/es\\\/conference-herve-roten-et-david-winter-musique-yiddish-dans-les-cabarets-dapres-guerre\\\/\",\"url\":\"https:\\\/\\\/www.iemj.org\\\/es\\\/conference-herve-roten-et-david-winter-musique-yiddish-dans-les-cabarets-dapres-guerre\\\/\",\"name\":\"Conferencia de Herv\u00e9 Roten y David Winter - La m\u00fasica yiddish en los cabarets de posguerra - Institut Europ\u00e9en des Musiques Juives\",\"isPartOf\":{\"@id\":\"https:\\\/\\\/www.iemj.org\\\/es\\\/#website\"},\"primaryImageOfPage\":{\"@id\":\"https:\\\/\\\/www.iemj.org\\\/es\\\/conference-herve-roten-et-david-winter-musique-yiddish-dans-les-cabarets-dapres-guerre\\\/#primaryimage\"},\"image\":{\"@id\":\"https:\\\/\\\/www.iemj.org\\\/es\\\/conference-herve-roten-et-david-winter-musique-yiddish-dans-les-cabarets-dapres-guerre\\\/#primaryimage\"},\"thumbnailUrl\":\"https:\\\/\\\/www.iemj.org\\\/wp-content\\\/uploads\\\/2017\\\/03\\\/arton2208-e1620050040297.jpg\",\"datePublished\":\"2017-03-27T15:58:11+00:00\",\"dateModified\":\"2024-01-02T13:24:18+00:00\",\"breadcrumb\":{\"@id\":\"https:\\\/\\\/www.iemj.org\\\/es\\\/conference-herve-roten-et-david-winter-musique-yiddish-dans-les-cabarets-dapres-guerre\\\/#breadcrumb\"},\"inLanguage\":\"es\",\"potentialAction\":[{\"@type\":\"ReadAction\",\"target\":[\"https:\\\/\\\/www.iemj.org\\\/es\\\/conference-herve-roten-et-david-winter-musique-yiddish-dans-les-cabarets-dapres-guerre\\\/\"]}]},{\"@type\":\"ImageObject\",\"inLanguage\":\"es\",\"@id\":\"https:\\\/\\\/www.iemj.org\\\/es\\\/conference-herve-roten-et-david-winter-musique-yiddish-dans-les-cabarets-dapres-guerre\\\/#primaryimage\",\"url\":\"https:\\\/\\\/www.iemj.org\\\/wp-content\\\/uploads\\\/2017\\\/03\\\/arton2208-e1620050040297.jpg\",\"contentUrl\":\"https:\\\/\\\/www.iemj.org\\\/wp-content\\\/uploads\\\/2017\\\/03\\\/arton2208-e1620050040297.jpg\",\"width\":350,\"height\":494},{\"@type\":\"BreadcrumbList\",\"@id\":\"https:\\\/\\\/www.iemj.org\\\/es\\\/conference-herve-roten-et-david-winter-musique-yiddish-dans-les-cabarets-dapres-guerre\\\/#breadcrumb\",\"itemListElement\":[{\"@type\":\"ListItem\",\"position\":1,\"name\":\"Accueil\",\"item\":\"https:\\\/\\\/www.iemj.org\\\/es\\\/\"},{\"@type\":\"ListItem\",\"position\":2,\"name\":\"Conferencia de Herv\u00e9 Roten y David Winter &#8211; La m\u00fasica yiddish en los cabarets de posguerra\"}]},{\"@type\":\"WebSite\",\"@id\":\"https:\\\/\\\/www.iemj.org\\\/es\\\/#website\",\"url\":\"https:\\\/\\\/www.iemj.org\\\/es\\\/\",\"name\":\"Institut Europ\u00e9en des Musiques Juives\",\"description\":\"Des traditions musicales \u00e0 la port\u00e9e de tous\",\"publisher\":{\"@id\":\"https:\\\/\\\/www.iemj.org\\\/es\\\/#organization\"},\"potentialAction\":[{\"@type\":\"SearchAction\",\"target\":{\"@type\":\"EntryPoint\",\"urlTemplate\":\"https:\\\/\\\/www.iemj.org\\\/es\\\/?s={search_term_string}\"},\"query-input\":{\"@type\":\"PropertyValueSpecification\",\"valueRequired\":true,\"valueName\":\"search_term_string\"}}],\"inLanguage\":\"es\"},{\"@type\":\"Organization\",\"@id\":\"https:\\\/\\\/www.iemj.org\\\/es\\\/#organization\",\"name\":\"Institut Europ\u00e9en des Musiques Juives\",\"url\":\"https:\\\/\\\/www.iemj.org\\\/es\\\/\",\"logo\":{\"@type\":\"ImageObject\",\"inLanguage\":\"es\",\"@id\":\"https:\\\/\\\/www.iemj.org\\\/es\\\/#\\\/schema\\\/logo\\\/image\\\/\",\"url\":\"https:\\\/\\\/www.iemj.org\\\/wp-content\\\/uploads\\\/2021\\\/09\\\/Logo-IEMJ-Paypal.jpg\",\"contentUrl\":\"https:\\\/\\\/www.iemj.org\\\/wp-content\\\/uploads\\\/2021\\\/09\\\/Logo-IEMJ-Paypal.jpg\",\"width\":150,\"height\":50,\"caption\":\"Institut Europ\u00e9en des Musiques Juives\"},\"image\":{\"@id\":\"https:\\\/\\\/www.iemj.org\\\/es\\\/#\\\/schema\\\/logo\\\/image\\\/\"},\"sameAs\":[\"https:\\\/\\\/www.facebook.com\\\/MusiquesJuives\\\/\",\"https:\\\/\\\/www.instagram.com\\\/musiquesjuives\\\/\",\"https:\\\/\\\/www.youtube.com\\\/user\\\/musiquesjuives\"]},{\"@type\":\"Person\",\"@id\":\"https:\\\/\\\/www.iemj.org\\\/es\\\/#\\\/schema\\\/person\\\/358e26c18aca017fcc4cc15437f7279c\",\"name\":\"Jacqueline ROTEN\",\"image\":{\"@type\":\"ImageObject\",\"inLanguage\":\"es\",\"@id\":\"https:\\\/\\\/secure.gravatar.com\\\/avatar\\\/5964256d6c6957de3a3505278957e0fb2a35119ac47ea41827a65301213c810b?s=96&d=mm&r=g\",\"url\":\"https:\\\/\\\/secure.gravatar.com\\\/avatar\\\/5964256d6c6957de3a3505278957e0fb2a35119ac47ea41827a65301213c810b?s=96&d=mm&r=g\",\"contentUrl\":\"https:\\\/\\\/secure.gravatar.com\\\/avatar\\\/5964256d6c6957de3a3505278957e0fb2a35119ac47ea41827a65301213c810b?s=96&d=mm&r=g\",\"caption\":\"Jacqueline ROTEN\"}}]}<\/script>\n<!-- \/ Yoast SEO plugin. -->","yoast_head_json":{"title":"Conferencia de Herv\u00e9 Roten y David Winter - La m\u00fasica yiddish en los cabarets de posguerra - Institut Europ\u00e9en des Musiques Juives","robots":{"index":"index","follow":"follow","max-snippet":"max-snippet:-1","max-image-preview":"max-image-preview:large","max-video-preview":"max-video-preview:-1"},"canonical":"https:\/\/www.iemj.org\/es\/conference-herve-roten-et-david-winter-musique-yiddish-dans-les-cabarets-dapres-guerre\/","og_locale":"es_ES","og_type":"article","og_title":"Conferencia de Herv\u00e9 Roten y David Winter - La m\u00fasica yiddish en los cabarets de posguerra - Institut Europ\u00e9en des Musiques Juives","og_description":"En la posguerra, cuando los jud\u00edos intentaban reconstruir sus vidas, tanto individual como colectivamente, Par\u00eds cristaliz\u00f3 las esperanzas de revitalizaci\u00f3n de la vida jud\u00eda en Europa, al tiempo que serv\u00eda","og_url":"https:\/\/www.iemj.org\/es\/conference-herve-roten-et-david-winter-musique-yiddish-dans-les-cabarets-dapres-guerre\/","og_site_name":"Institut Europ\u00e9en des Musiques Juives","article_publisher":"https:\/\/www.facebook.com\/MusiquesJuives\/","article_published_time":"2017-03-27T15:58:11+00:00","article_modified_time":"2024-01-02T13:24:18+00:00","og_image":[{"width":350,"height":494,"url":"https:\/\/www.iemj.org\/wp-content\/uploads\/2017\/03\/arton2208-e1620050040297.jpg","type":"image\/jpeg"}],"author":"Jacqueline ROTEN","twitter_card":"summary_large_image","twitter_misc":{"Escrito por":"Jacqueline ROTEN","Tiempo de lectura":"2 minutos"},"schema":{"@context":"https:\/\/schema.org","@graph":[{"@type":"Article","@id":"https:\/\/www.iemj.org\/es\/conference-herve-roten-et-david-winter-musique-yiddish-dans-les-cabarets-dapres-guerre\/#article","isPartOf":{"@id":"https:\/\/www.iemj.org\/es\/conference-herve-roten-et-david-winter-musique-yiddish-dans-les-cabarets-dapres-guerre\/"},"author":{"name":"Jacqueline ROTEN","@id":"https:\/\/www.iemj.org\/es\/#\/schema\/person\/358e26c18aca017fcc4cc15437f7279c"},"headline":"Conferencia de Herv\u00e9 Roten y David Winter &#8211; La m\u00fasica yiddish en los cabarets de posguerra","datePublished":"2017-03-27T15:58:11+00:00","dateModified":"2024-01-02T13:24:18+00:00","mainEntityOfPage":{"@id":"https:\/\/www.iemj.org\/es\/conference-herve-roten-et-david-winter-musique-yiddish-dans-les-cabarets-dapres-guerre\/"},"wordCount":251,"publisher":{"@id":"https:\/\/www.iemj.org\/es\/#organization"},"image":{"@id":"https:\/\/www.iemj.org\/es\/conference-herve-roten-et-david-winter-musique-yiddish-dans-les-cabarets-dapres-guerre\/#primaryimage"},"thumbnailUrl":"https:\/\/www.iemj.org\/wp-content\/uploads\/2017\/03\/arton2208-e1620050040297.jpg","keywords":["Eventos asociados"],"articleSection":["Clases \/ Conferencias","Manifestaciones"],"inLanguage":"es"},{"@type":"WebPage","@id":"https:\/\/www.iemj.org\/es\/conference-herve-roten-et-david-winter-musique-yiddish-dans-les-cabarets-dapres-guerre\/","url":"https:\/\/www.iemj.org\/es\/conference-herve-roten-et-david-winter-musique-yiddish-dans-les-cabarets-dapres-guerre\/","name":"Conferencia de Herv\u00e9 Roten y David Winter - La m\u00fasica yiddish en los cabarets de posguerra - Institut Europ\u00e9en des Musiques Juives","isPartOf":{"@id":"https:\/\/www.iemj.org\/es\/#website"},"primaryImageOfPage":{"@id":"https:\/\/www.iemj.org\/es\/conference-herve-roten-et-david-winter-musique-yiddish-dans-les-cabarets-dapres-guerre\/#primaryimage"},"image":{"@id":"https:\/\/www.iemj.org\/es\/conference-herve-roten-et-david-winter-musique-yiddish-dans-les-cabarets-dapres-guerre\/#primaryimage"},"thumbnailUrl":"https:\/\/www.iemj.org\/wp-content\/uploads\/2017\/03\/arton2208-e1620050040297.jpg","datePublished":"2017-03-27T15:58:11+00:00","dateModified":"2024-01-02T13:24:18+00:00","breadcrumb":{"@id":"https:\/\/www.iemj.org\/es\/conference-herve-roten-et-david-winter-musique-yiddish-dans-les-cabarets-dapres-guerre\/#breadcrumb"},"inLanguage":"es","potentialAction":[{"@type":"ReadAction","target":["https:\/\/www.iemj.org\/es\/conference-herve-roten-et-david-winter-musique-yiddish-dans-les-cabarets-dapres-guerre\/"]}]},{"@type":"ImageObject","inLanguage":"es","@id":"https:\/\/www.iemj.org\/es\/conference-herve-roten-et-david-winter-musique-yiddish-dans-les-cabarets-dapres-guerre\/#primaryimage","url":"https:\/\/www.iemj.org\/wp-content\/uploads\/2017\/03\/arton2208-e1620050040297.jpg","contentUrl":"https:\/\/www.iemj.org\/wp-content\/uploads\/2017\/03\/arton2208-e1620050040297.jpg","width":350,"height":494},{"@type":"BreadcrumbList","@id":"https:\/\/www.iemj.org\/es\/conference-herve-roten-et-david-winter-musique-yiddish-dans-les-cabarets-dapres-guerre\/#breadcrumb","itemListElement":[{"@type":"ListItem","position":1,"name":"Accueil","item":"https:\/\/www.iemj.org\/es\/"},{"@type":"ListItem","position":2,"name":"Conferencia de Herv\u00e9 Roten y David Winter &#8211; La m\u00fasica yiddish en los cabarets de posguerra"}]},{"@type":"WebSite","@id":"https:\/\/www.iemj.org\/es\/#website","url":"https:\/\/www.iemj.org\/es\/","name":"Institut Europ\u00e9en des Musiques Juives","description":"Des traditions musicales \u00e0 la port\u00e9e de tous","publisher":{"@id":"https:\/\/www.iemj.org\/es\/#organization"},"potentialAction":[{"@type":"SearchAction","target":{"@type":"EntryPoint","urlTemplate":"https:\/\/www.iemj.org\/es\/?s={search_term_string}"},"query-input":{"@type":"PropertyValueSpecification","valueRequired":true,"valueName":"search_term_string"}}],"inLanguage":"es"},{"@type":"Organization","@id":"https:\/\/www.iemj.org\/es\/#organization","name":"Institut Europ\u00e9en des Musiques Juives","url":"https:\/\/www.iemj.org\/es\/","logo":{"@type":"ImageObject","inLanguage":"es","@id":"https:\/\/www.iemj.org\/es\/#\/schema\/logo\/image\/","url":"https:\/\/www.iemj.org\/wp-content\/uploads\/2021\/09\/Logo-IEMJ-Paypal.jpg","contentUrl":"https:\/\/www.iemj.org\/wp-content\/uploads\/2021\/09\/Logo-IEMJ-Paypal.jpg","width":150,"height":50,"caption":"Institut Europ\u00e9en des Musiques Juives"},"image":{"@id":"https:\/\/www.iemj.org\/es\/#\/schema\/logo\/image\/"},"sameAs":["https:\/\/www.facebook.com\/MusiquesJuives\/","https:\/\/www.instagram.com\/musiquesjuives\/","https:\/\/www.youtube.com\/user\/musiquesjuives"]},{"@type":"Person","@id":"https:\/\/www.iemj.org\/es\/#\/schema\/person\/358e26c18aca017fcc4cc15437f7279c","name":"Jacqueline ROTEN","image":{"@type":"ImageObject","inLanguage":"es","@id":"https:\/\/secure.gravatar.com\/avatar\/5964256d6c6957de3a3505278957e0fb2a35119ac47ea41827a65301213c810b?s=96&d=mm&r=g","url":"https:\/\/secure.gravatar.com\/avatar\/5964256d6c6957de3a3505278957e0fb2a35119ac47ea41827a65301213c810b?s=96&d=mm&r=g","contentUrl":"https:\/\/secure.gravatar.com\/avatar\/5964256d6c6957de3a3505278957e0fb2a35119ac47ea41827a65301213c810b?s=96&d=mm&r=g","caption":"Jacqueline ROTEN"}}]}},"_links":{"self":[{"href":"https:\/\/www.iemj.org\/es\/wp-json\/wp\/v2\/posts\/106823","targetHints":{"allow":["GET"]}}],"collection":[{"href":"https:\/\/www.iemj.org\/es\/wp-json\/wp\/v2\/posts"}],"about":[{"href":"https:\/\/www.iemj.org\/es\/wp-json\/wp\/v2\/types\/post"}],"author":[{"embeddable":true,"href":"https:\/\/www.iemj.org\/es\/wp-json\/wp\/v2\/users\/5"}],"replies":[{"embeddable":true,"href":"https:\/\/www.iemj.org\/es\/wp-json\/wp\/v2\/comments?post=106823"}],"version-history":[{"count":0,"href":"https:\/\/www.iemj.org\/es\/wp-json\/wp\/v2\/posts\/106823\/revisions"}],"wp:featuredmedia":[{"embeddable":true,"href":"https:\/\/www.iemj.org\/es\/wp-json\/wp\/v2\/media\/106825"}],"wp:attachment":[{"href":"https:\/\/www.iemj.org\/es\/wp-json\/wp\/v2\/media?parent=106823"}],"wp:term":[{"taxonomy":"category","embeddable":true,"href":"https:\/\/www.iemj.org\/es\/wp-json\/wp\/v2\/categories?post=106823"},{"taxonomy":"post_tag","embeddable":true,"href":"https:\/\/www.iemj.org\/es\/wp-json\/wp\/v2\/tags?post=106823"},{"taxonomy":"technique","embeddable":true,"href":"https:\/\/www.iemj.org\/es\/wp-json\/wp\/v2\/technique?post=106823"},{"taxonomy":"squelettes","embeddable":true,"href":"https:\/\/www.iemj.org\/es\/wp-json\/wp\/v2\/squelettes?post=106823"},{"taxonomy":"sujet","embeddable":true,"href":"https:\/\/www.iemj.org\/es\/wp-json\/wp\/v2\/sujet?post=106823"},{"taxonomy":"formation","embeddable":true,"href":"https:\/\/www.iemj.org\/es\/wp-json\/wp\/v2\/formation?post=106823"},{"taxonomy":"genre","embeddable":true,"href":"https:\/\/www.iemj.org\/es\/wp-json\/wp\/v2\/genre?post=106823"},{"taxonomy":"fonds","embeddable":true,"href":"https:\/\/www.iemj.org\/es\/wp-json\/wp\/v2\/fonds?post=106823"},{"taxonomy":"tradition","embeddable":true,"href":"https:\/\/www.iemj.org\/es\/wp-json\/wp\/v2\/tradition?post=106823"},{"taxonomy":"type-de-contenu","embeddable":true,"href":"https:\/\/www.iemj.org\/es\/wp-json\/wp\/v2\/type-de-contenu?post=106823"},{"taxonomy":"interprete-compositeur","embeddable":true,"href":"https:\/\/www.iemj.org\/es\/wp-json\/wp\/v2\/interprete-compositeur?post=106823"},{"taxonomy":"frise","embeddable":true,"href":"https:\/\/www.iemj.org\/es\/wp-json\/wp\/v2\/frise?post=106823"},{"taxonomy":"type-devenement","embeddable":true,"href":"https:\/\/www.iemj.org\/es\/wp-json\/wp\/v2\/type-devenement?post=106823"},{"taxonomy":"tableaux-liens-externes","embeddable":true,"href":"https:\/\/www.iemj.org\/es\/wp-json\/wp\/v2\/tableaux-liens-externes?post=106823"}],"curies":[{"name":"wp","href":"https:\/\/api.w.org\/{rel}","templated":true}]}}