{"id":106879,"date":"2016-05-23T12:01:00","date_gmt":"2016-05-23T10:01:00","guid":{"rendered":"https:\/\/www.iemj.org\/simha-lafricain-projection-rencontre-concert\/"},"modified":"2024-01-02T16:34:16","modified_gmt":"2024-01-02T15:34:16","slug":"simha-lafricain-projection-rencontre-concert","status":"publish","type":"post","link":"https:\/\/www.iemj.org\/es\/simha-lafricain-projection-rencontre-concert\/","title":{"rendered":"Simha, el Africano: proyecci\u00f3n, encuentro, concierto"},"content":{"rendered":"<p>Proyecci\u00f3n del documental <em>Simha<\/em> de J\u00e9r\u00f4me Blumberg (2015, 78 min, producido por Le Miroir, CNRS Images, CINAPS TV).<\/p>\n<p><a href=\"https:\/\/www.iemj.org\/es\/arom-simha-1930\/\">Simha Arom<\/a>, etnomusic\u00f3logo de renombre mundial, ha dedicado cincuenta a\u00f1os de su vida a recopilar, estudiar y descifrar los mecanismos de la m\u00fasica tradicional, en particular las magn\u00edficas polifon\u00edas de los pigmeos aka de la Rep\u00fablica Centroafricana.<\/p>\n<p><img decoding=\"async\" class=\" alignright size-full wp-image-10544\" src=\"https:\/\/www.iemj.org\/wp-content\/uploads\/2016\/05\/v_155_couv.jpg\" alt=\"v_155_couv.jpg\" width=\"144\" height=\"202\" align=\"right\" \/>J\u00e9rome Blumberg filma la obra de Simha Arom desde 1990. Su pel\u00edcula se basa en recuerdos del etnomusic\u00f3logo: su infancia durante la guerra, su determinaci\u00f3n para aprender m\u00fasica. Tambi\u00e9n examina sus actividades actuales, su enfoque de la etnomusicolog\u00eda, que es muy especial porque siempre ha hecho hincapi\u00e9 en el trabajo de campo, y, por \u00faltimo, su propia pr\u00e1ctica musical. Un viaje que ha guiado su vida. Es este viaje el que el director ofrece al espectador, construyendo la pel\u00edcula como una pieza musical, una partitura para m\u00faltiples voces.<\/p>\n<p>La proyecci\u00f3n ir\u00e1 seguida de un debate con <strong>Simha Arom<\/strong>, <strong>J\u00e9r\u00f4me Blumberg<\/strong>, <strong>Gabriel Chabanier<\/strong>, productor del documental, y <strong>Herv\u00e9 Roten<\/strong>, director del Instituto Europeo de M\u00fasicas Jud\u00edas.<\/p>\n<p><strong><em>Un concierto de m\u00fasica polif\u00f3nica a cargo del grupo Gamako pondr\u00e1 el broche final a esta experiencia \u00fanica.<\/em><\/strong><\/p>\n<p><img decoding=\"async\" class=\"size-full wp-image-10546 alignright\" src=\"https:\/\/www.iemj.org\/wp-content\/uploads\/2016\/05\/affiche_festival_cultures_juives_2016.jpg\" alt=\"affiche_festival_cultures_juives_2016.jpg\" width=\"143\" height=\"202\" align=\"left\" \/><span style=\"font-size: inherit;\"><strong>Informaci\u00f3n<\/strong>: <\/span><a style=\"font-size: inherit;\" href=\"actionculturelle@fsju.org\">actionculturelle@fsju.org<\/a><span style=\"font-size: inherit;\"> o 01 42 17 10 70<\/span><strong><br \/>\nTarifa<\/strong>: 10 \u20ac<br \/>\nVisitar el sitio web del festival:<br \/>\n<a href=\"http:\/\/www.festivaldesculturesjuives.org\/\"> www.festivaldesculturesjuives.org<\/a><\/p>\n<p><a href=\"http:\/\/www.festivaldesculturesjuives.org\/billetterie-en-ligne\/\"><strong>Reservar entradas en l\u00ednea<\/strong><\/a><\/p>\n","protected":false},"excerpt":{"rendered":"<p>Proyecci\u00f3n del documental Simha de J\u00e9r\u00f4me Blumberg (2015, 78 min, producido por Le Miroir, CNRS Images, CINAPS TV). Simha Arom, etnomusic\u00f3logo de renombre mundial, ha dedicado cincuenta a\u00f1os de su<\/p>\n","protected":false},"author":5,"featured_media":106880,"comment_status":"closed","ping_status":"open","sticky":false,"template":"","format":"standard","meta":{"_acf_changed":false,"footnotes":""},"categories":[1380,1372],"tags":[2223],"technique":[],"squelettes":[],"sujet":[],"formation":[],"genre":[],"fonds":[],"tradition":[],"type-de-contenu":[],"interprete-compositeur":[],"frise":[],"type-devenement":[],"tableaux-liens-externes":[],"class_list":["post-106879","post","type-post","status-publish","format-standard","has-post-thumbnail","hentry","category-conciertos-manifestaciones-es","category-manifestaciones-es","tag-eventos-iemj-es"],"acf":[],"yoast_head":"<!-- This site is optimized with the Yoast SEO plugin v27.3 - https:\/\/yoast.com\/product\/yoast-seo-wordpress\/ -->\n<title>Simha, el Africano: proyecci\u00f3n, encuentro, concierto - Institut Europ\u00e9en des Musiques Juives<\/title>\n<meta name=\"robots\" content=\"index, follow, max-snippet:-1, max-image-preview:large, max-video-preview:-1\" \/>\n<link rel=\"canonical\" href=\"https:\/\/www.iemj.org\/es\/simha-lafricain-projection-rencontre-concert\/\" \/>\n<meta property=\"og:locale\" content=\"es_ES\" \/>\n<meta property=\"og:type\" content=\"article\" \/>\n<meta property=\"og:title\" content=\"Simha, el Africano: proyecci\u00f3n, encuentro, concierto - Institut Europ\u00e9en des Musiques Juives\" \/>\n<meta property=\"og:description\" content=\"Proyecci\u00f3n del documental Simha de J\u00e9r\u00f4me Blumberg (2015, 78 min, producido por Le Miroir, CNRS Images, CINAPS TV). Simha Arom, etnomusic\u00f3logo de renombre mundial, ha dedicado cincuenta a\u00f1os de su\" \/>\n<meta property=\"og:url\" content=\"https:\/\/www.iemj.org\/es\/simha-lafricain-projection-rencontre-concert\/\" \/>\n<meta property=\"og:site_name\" content=\"Institut Europ\u00e9en des Musiques Juives\" \/>\n<meta property=\"article:publisher\" content=\"https:\/\/www.facebook.com\/MusiquesJuives\/\" \/>\n<meta property=\"article:published_time\" content=\"2016-05-23T10:01:00+00:00\" \/>\n<meta property=\"article:modified_time\" content=\"2024-01-02T15:34:16+00:00\" \/>\n<meta property=\"og:image\" content=\"https:\/\/www.iemj.org\/wp-content\/uploads\/2016\/05\/arton1665.jpg\" \/>\n\t<meta property=\"og:image:width\" content=\"192\" \/>\n\t<meta property=\"og:image:height\" content=\"239\" \/>\n\t<meta property=\"og:image:type\" content=\"image\/jpeg\" \/>\n<meta name=\"author\" content=\"Jacqueline ROTEN\" \/>\n<meta name=\"twitter:card\" content=\"summary_large_image\" \/>\n<meta name=\"twitter:label1\" content=\"Escrito por\" \/>\n\t<meta name=\"twitter:data1\" content=\"Jacqueline ROTEN\" \/>\n\t<meta name=\"twitter:label2\" content=\"Tiempo de lectura\" \/>\n\t<meta name=\"twitter:data2\" content=\"2 minutos\" \/>\n<script type=\"application\/ld+json\" class=\"yoast-schema-graph\">{\"@context\":\"https:\\\/\\\/schema.org\",\"@graph\":[{\"@type\":\"Article\",\"@id\":\"https:\\\/\\\/www.iemj.org\\\/es\\\/simha-lafricain-projection-rencontre-concert\\\/#article\",\"isPartOf\":{\"@id\":\"https:\\\/\\\/www.iemj.org\\\/es\\\/simha-lafricain-projection-rencontre-concert\\\/\"},\"author\":{\"name\":\"Jacqueline ROTEN\",\"@id\":\"https:\\\/\\\/www.iemj.org\\\/es\\\/#\\\/schema\\\/person\\\/358e26c18aca017fcc4cc15437f7279c\"},\"headline\":\"Simha, el Africano: proyecci\u00f3n, encuentro, concierto\",\"datePublished\":\"2016-05-23T10:01:00+00:00\",\"dateModified\":\"2024-01-02T15:34:16+00:00\",\"mainEntityOfPage\":{\"@id\":\"https:\\\/\\\/www.iemj.org\\\/es\\\/simha-lafricain-projection-rencontre-concert\\\/\"},\"wordCount\":239,\"publisher\":{\"@id\":\"https:\\\/\\\/www.iemj.org\\\/es\\\/#organization\"},\"image\":{\"@id\":\"https:\\\/\\\/www.iemj.org\\\/es\\\/simha-lafricain-projection-rencontre-concert\\\/#primaryimage\"},\"thumbnailUrl\":\"https:\\\/\\\/www.iemj.org\\\/wp-content\\\/uploads\\\/2016\\\/05\\\/arton1665.jpg\",\"keywords\":[\"Eventos IEMJ\"],\"articleSection\":[\"Conciertos\",\"Manifestaciones\"],\"inLanguage\":\"es\"},{\"@type\":\"WebPage\",\"@id\":\"https:\\\/\\\/www.iemj.org\\\/es\\\/simha-lafricain-projection-rencontre-concert\\\/\",\"url\":\"https:\\\/\\\/www.iemj.org\\\/es\\\/simha-lafricain-projection-rencontre-concert\\\/\",\"name\":\"Simha, el Africano: proyecci\u00f3n, encuentro, concierto - Institut Europ\u00e9en des Musiques Juives\",\"isPartOf\":{\"@id\":\"https:\\\/\\\/www.iemj.org\\\/es\\\/#website\"},\"primaryImageOfPage\":{\"@id\":\"https:\\\/\\\/www.iemj.org\\\/es\\\/simha-lafricain-projection-rencontre-concert\\\/#primaryimage\"},\"image\":{\"@id\":\"https:\\\/\\\/www.iemj.org\\\/es\\\/simha-lafricain-projection-rencontre-concert\\\/#primaryimage\"},\"thumbnailUrl\":\"https:\\\/\\\/www.iemj.org\\\/wp-content\\\/uploads\\\/2016\\\/05\\\/arton1665.jpg\",\"datePublished\":\"2016-05-23T10:01:00+00:00\",\"dateModified\":\"2024-01-02T15:34:16+00:00\",\"breadcrumb\":{\"@id\":\"https:\\\/\\\/www.iemj.org\\\/es\\\/simha-lafricain-projection-rencontre-concert\\\/#breadcrumb\"},\"inLanguage\":\"es\",\"potentialAction\":[{\"@type\":\"ReadAction\",\"target\":[\"https:\\\/\\\/www.iemj.org\\\/es\\\/simha-lafricain-projection-rencontre-concert\\\/\"]}]},{\"@type\":\"ImageObject\",\"inLanguage\":\"es\",\"@id\":\"https:\\\/\\\/www.iemj.org\\\/es\\\/simha-lafricain-projection-rencontre-concert\\\/#primaryimage\",\"url\":\"https:\\\/\\\/www.iemj.org\\\/wp-content\\\/uploads\\\/2016\\\/05\\\/arton1665.jpg\",\"contentUrl\":\"https:\\\/\\\/www.iemj.org\\\/wp-content\\\/uploads\\\/2016\\\/05\\\/arton1665.jpg\",\"width\":192,\"height\":239},{\"@type\":\"BreadcrumbList\",\"@id\":\"https:\\\/\\\/www.iemj.org\\\/es\\\/simha-lafricain-projection-rencontre-concert\\\/#breadcrumb\",\"itemListElement\":[{\"@type\":\"ListItem\",\"position\":1,\"name\":\"Accueil\",\"item\":\"https:\\\/\\\/www.iemj.org\\\/es\\\/\"},{\"@type\":\"ListItem\",\"position\":2,\"name\":\"Simha, el Africano: proyecci\u00f3n, encuentro, concierto\"}]},{\"@type\":\"WebSite\",\"@id\":\"https:\\\/\\\/www.iemj.org\\\/es\\\/#website\",\"url\":\"https:\\\/\\\/www.iemj.org\\\/es\\\/\",\"name\":\"Institut Europ\u00e9en des Musiques Juives\",\"description\":\"Des traditions musicales \u00e0 la port\u00e9e de tous\",\"publisher\":{\"@id\":\"https:\\\/\\\/www.iemj.org\\\/es\\\/#organization\"},\"potentialAction\":[{\"@type\":\"SearchAction\",\"target\":{\"@type\":\"EntryPoint\",\"urlTemplate\":\"https:\\\/\\\/www.iemj.org\\\/es\\\/?s={search_term_string}\"},\"query-input\":{\"@type\":\"PropertyValueSpecification\",\"valueRequired\":true,\"valueName\":\"search_term_string\"}}],\"inLanguage\":\"es\"},{\"@type\":\"Organization\",\"@id\":\"https:\\\/\\\/www.iemj.org\\\/es\\\/#organization\",\"name\":\"Institut Europ\u00e9en des Musiques Juives\",\"url\":\"https:\\\/\\\/www.iemj.org\\\/es\\\/\",\"logo\":{\"@type\":\"ImageObject\",\"inLanguage\":\"es\",\"@id\":\"https:\\\/\\\/www.iemj.org\\\/es\\\/#\\\/schema\\\/logo\\\/image\\\/\",\"url\":\"https:\\\/\\\/www.iemj.org\\\/wp-content\\\/uploads\\\/2021\\\/09\\\/Logo-IEMJ-Paypal.jpg\",\"contentUrl\":\"https:\\\/\\\/www.iemj.org\\\/wp-content\\\/uploads\\\/2021\\\/09\\\/Logo-IEMJ-Paypal.jpg\",\"width\":150,\"height\":50,\"caption\":\"Institut Europ\u00e9en des Musiques Juives\"},\"image\":{\"@id\":\"https:\\\/\\\/www.iemj.org\\\/es\\\/#\\\/schema\\\/logo\\\/image\\\/\"},\"sameAs\":[\"https:\\\/\\\/www.facebook.com\\\/MusiquesJuives\\\/\",\"https:\\\/\\\/www.instagram.com\\\/musiquesjuives\\\/\",\"https:\\\/\\\/www.youtube.com\\\/user\\\/musiquesjuives\"]},{\"@type\":\"Person\",\"@id\":\"https:\\\/\\\/www.iemj.org\\\/es\\\/#\\\/schema\\\/person\\\/358e26c18aca017fcc4cc15437f7279c\",\"name\":\"Jacqueline ROTEN\",\"image\":{\"@type\":\"ImageObject\",\"inLanguage\":\"es\",\"@id\":\"https:\\\/\\\/secure.gravatar.com\\\/avatar\\\/5964256d6c6957de3a3505278957e0fb2a35119ac47ea41827a65301213c810b?s=96&d=mm&r=g\",\"url\":\"https:\\\/\\\/secure.gravatar.com\\\/avatar\\\/5964256d6c6957de3a3505278957e0fb2a35119ac47ea41827a65301213c810b?s=96&d=mm&r=g\",\"contentUrl\":\"https:\\\/\\\/secure.gravatar.com\\\/avatar\\\/5964256d6c6957de3a3505278957e0fb2a35119ac47ea41827a65301213c810b?s=96&d=mm&r=g\",\"caption\":\"Jacqueline ROTEN\"}}]}<\/script>\n<!-- \/ Yoast SEO plugin. -->","yoast_head_json":{"title":"Simha, el Africano: proyecci\u00f3n, encuentro, concierto - Institut Europ\u00e9en des Musiques Juives","robots":{"index":"index","follow":"follow","max-snippet":"max-snippet:-1","max-image-preview":"max-image-preview:large","max-video-preview":"max-video-preview:-1"},"canonical":"https:\/\/www.iemj.org\/es\/simha-lafricain-projection-rencontre-concert\/","og_locale":"es_ES","og_type":"article","og_title":"Simha, el Africano: proyecci\u00f3n, encuentro, concierto - Institut Europ\u00e9en des Musiques Juives","og_description":"Proyecci\u00f3n del documental Simha de J\u00e9r\u00f4me Blumberg (2015, 78 min, producido por Le Miroir, CNRS Images, CINAPS TV). Simha Arom, etnomusic\u00f3logo de renombre mundial, ha dedicado cincuenta a\u00f1os de su","og_url":"https:\/\/www.iemj.org\/es\/simha-lafricain-projection-rencontre-concert\/","og_site_name":"Institut Europ\u00e9en des Musiques Juives","article_publisher":"https:\/\/www.facebook.com\/MusiquesJuives\/","article_published_time":"2016-05-23T10:01:00+00:00","article_modified_time":"2024-01-02T15:34:16+00:00","og_image":[{"width":192,"height":239,"url":"https:\/\/www.iemj.org\/wp-content\/uploads\/2016\/05\/arton1665.jpg","type":"image\/jpeg"}],"author":"Jacqueline ROTEN","twitter_card":"summary_large_image","twitter_misc":{"Escrito por":"Jacqueline ROTEN","Tiempo de lectura":"2 minutos"},"schema":{"@context":"https:\/\/schema.org","@graph":[{"@type":"Article","@id":"https:\/\/www.iemj.org\/es\/simha-lafricain-projection-rencontre-concert\/#article","isPartOf":{"@id":"https:\/\/www.iemj.org\/es\/simha-lafricain-projection-rencontre-concert\/"},"author":{"name":"Jacqueline ROTEN","@id":"https:\/\/www.iemj.org\/es\/#\/schema\/person\/358e26c18aca017fcc4cc15437f7279c"},"headline":"Simha, el Africano: proyecci\u00f3n, encuentro, concierto","datePublished":"2016-05-23T10:01:00+00:00","dateModified":"2024-01-02T15:34:16+00:00","mainEntityOfPage":{"@id":"https:\/\/www.iemj.org\/es\/simha-lafricain-projection-rencontre-concert\/"},"wordCount":239,"publisher":{"@id":"https:\/\/www.iemj.org\/es\/#organization"},"image":{"@id":"https:\/\/www.iemj.org\/es\/simha-lafricain-projection-rencontre-concert\/#primaryimage"},"thumbnailUrl":"https:\/\/www.iemj.org\/wp-content\/uploads\/2016\/05\/arton1665.jpg","keywords":["Eventos IEMJ"],"articleSection":["Conciertos","Manifestaciones"],"inLanguage":"es"},{"@type":"WebPage","@id":"https:\/\/www.iemj.org\/es\/simha-lafricain-projection-rencontre-concert\/","url":"https:\/\/www.iemj.org\/es\/simha-lafricain-projection-rencontre-concert\/","name":"Simha, el Africano: proyecci\u00f3n, encuentro, concierto - Institut Europ\u00e9en des Musiques Juives","isPartOf":{"@id":"https:\/\/www.iemj.org\/es\/#website"},"primaryImageOfPage":{"@id":"https:\/\/www.iemj.org\/es\/simha-lafricain-projection-rencontre-concert\/#primaryimage"},"image":{"@id":"https:\/\/www.iemj.org\/es\/simha-lafricain-projection-rencontre-concert\/#primaryimage"},"thumbnailUrl":"https:\/\/www.iemj.org\/wp-content\/uploads\/2016\/05\/arton1665.jpg","datePublished":"2016-05-23T10:01:00+00:00","dateModified":"2024-01-02T15:34:16+00:00","breadcrumb":{"@id":"https:\/\/www.iemj.org\/es\/simha-lafricain-projection-rencontre-concert\/#breadcrumb"},"inLanguage":"es","potentialAction":[{"@type":"ReadAction","target":["https:\/\/www.iemj.org\/es\/simha-lafricain-projection-rencontre-concert\/"]}]},{"@type":"ImageObject","inLanguage":"es","@id":"https:\/\/www.iemj.org\/es\/simha-lafricain-projection-rencontre-concert\/#primaryimage","url":"https:\/\/www.iemj.org\/wp-content\/uploads\/2016\/05\/arton1665.jpg","contentUrl":"https:\/\/www.iemj.org\/wp-content\/uploads\/2016\/05\/arton1665.jpg","width":192,"height":239},{"@type":"BreadcrumbList","@id":"https:\/\/www.iemj.org\/es\/simha-lafricain-projection-rencontre-concert\/#breadcrumb","itemListElement":[{"@type":"ListItem","position":1,"name":"Accueil","item":"https:\/\/www.iemj.org\/es\/"},{"@type":"ListItem","position":2,"name":"Simha, el Africano: proyecci\u00f3n, encuentro, concierto"}]},{"@type":"WebSite","@id":"https:\/\/www.iemj.org\/es\/#website","url":"https:\/\/www.iemj.org\/es\/","name":"Institut Europ\u00e9en des Musiques Juives","description":"Des traditions musicales \u00e0 la port\u00e9e de tous","publisher":{"@id":"https:\/\/www.iemj.org\/es\/#organization"},"potentialAction":[{"@type":"SearchAction","target":{"@type":"EntryPoint","urlTemplate":"https:\/\/www.iemj.org\/es\/?s={search_term_string}"},"query-input":{"@type":"PropertyValueSpecification","valueRequired":true,"valueName":"search_term_string"}}],"inLanguage":"es"},{"@type":"Organization","@id":"https:\/\/www.iemj.org\/es\/#organization","name":"Institut Europ\u00e9en des Musiques Juives","url":"https:\/\/www.iemj.org\/es\/","logo":{"@type":"ImageObject","inLanguage":"es","@id":"https:\/\/www.iemj.org\/es\/#\/schema\/logo\/image\/","url":"https:\/\/www.iemj.org\/wp-content\/uploads\/2021\/09\/Logo-IEMJ-Paypal.jpg","contentUrl":"https:\/\/www.iemj.org\/wp-content\/uploads\/2021\/09\/Logo-IEMJ-Paypal.jpg","width":150,"height":50,"caption":"Institut Europ\u00e9en des Musiques Juives"},"image":{"@id":"https:\/\/www.iemj.org\/es\/#\/schema\/logo\/image\/"},"sameAs":["https:\/\/www.facebook.com\/MusiquesJuives\/","https:\/\/www.instagram.com\/musiquesjuives\/","https:\/\/www.youtube.com\/user\/musiquesjuives"]},{"@type":"Person","@id":"https:\/\/www.iemj.org\/es\/#\/schema\/person\/358e26c18aca017fcc4cc15437f7279c","name":"Jacqueline ROTEN","image":{"@type":"ImageObject","inLanguage":"es","@id":"https:\/\/secure.gravatar.com\/avatar\/5964256d6c6957de3a3505278957e0fb2a35119ac47ea41827a65301213c810b?s=96&d=mm&r=g","url":"https:\/\/secure.gravatar.com\/avatar\/5964256d6c6957de3a3505278957e0fb2a35119ac47ea41827a65301213c810b?s=96&d=mm&r=g","contentUrl":"https:\/\/secure.gravatar.com\/avatar\/5964256d6c6957de3a3505278957e0fb2a35119ac47ea41827a65301213c810b?s=96&d=mm&r=g","caption":"Jacqueline ROTEN"}}]}},"_links":{"self":[{"href":"https:\/\/www.iemj.org\/es\/wp-json\/wp\/v2\/posts\/106879","targetHints":{"allow":["GET"]}}],"collection":[{"href":"https:\/\/www.iemj.org\/es\/wp-json\/wp\/v2\/posts"}],"about":[{"href":"https:\/\/www.iemj.org\/es\/wp-json\/wp\/v2\/types\/post"}],"author":[{"embeddable":true,"href":"https:\/\/www.iemj.org\/es\/wp-json\/wp\/v2\/users\/5"}],"replies":[{"embeddable":true,"href":"https:\/\/www.iemj.org\/es\/wp-json\/wp\/v2\/comments?post=106879"}],"version-history":[{"count":0,"href":"https:\/\/www.iemj.org\/es\/wp-json\/wp\/v2\/posts\/106879\/revisions"}],"wp:featuredmedia":[{"embeddable":true,"href":"https:\/\/www.iemj.org\/es\/wp-json\/wp\/v2\/media\/106880"}],"wp:attachment":[{"href":"https:\/\/www.iemj.org\/es\/wp-json\/wp\/v2\/media?parent=106879"}],"wp:term":[{"taxonomy":"category","embeddable":true,"href":"https:\/\/www.iemj.org\/es\/wp-json\/wp\/v2\/categories?post=106879"},{"taxonomy":"post_tag","embeddable":true,"href":"https:\/\/www.iemj.org\/es\/wp-json\/wp\/v2\/tags?post=106879"},{"taxonomy":"technique","embeddable":true,"href":"https:\/\/www.iemj.org\/es\/wp-json\/wp\/v2\/technique?post=106879"},{"taxonomy":"squelettes","embeddable":true,"href":"https:\/\/www.iemj.org\/es\/wp-json\/wp\/v2\/squelettes?post=106879"},{"taxonomy":"sujet","embeddable":true,"href":"https:\/\/www.iemj.org\/es\/wp-json\/wp\/v2\/sujet?post=106879"},{"taxonomy":"formation","embeddable":true,"href":"https:\/\/www.iemj.org\/es\/wp-json\/wp\/v2\/formation?post=106879"},{"taxonomy":"genre","embeddable":true,"href":"https:\/\/www.iemj.org\/es\/wp-json\/wp\/v2\/genre?post=106879"},{"taxonomy":"fonds","embeddable":true,"href":"https:\/\/www.iemj.org\/es\/wp-json\/wp\/v2\/fonds?post=106879"},{"taxonomy":"tradition","embeddable":true,"href":"https:\/\/www.iemj.org\/es\/wp-json\/wp\/v2\/tradition?post=106879"},{"taxonomy":"type-de-contenu","embeddable":true,"href":"https:\/\/www.iemj.org\/es\/wp-json\/wp\/v2\/type-de-contenu?post=106879"},{"taxonomy":"interprete-compositeur","embeddable":true,"href":"https:\/\/www.iemj.org\/es\/wp-json\/wp\/v2\/interprete-compositeur?post=106879"},{"taxonomy":"frise","embeddable":true,"href":"https:\/\/www.iemj.org\/es\/wp-json\/wp\/v2\/frise?post=106879"},{"taxonomy":"type-devenement","embeddable":true,"href":"https:\/\/www.iemj.org\/es\/wp-json\/wp\/v2\/type-devenement?post=106879"},{"taxonomy":"tableaux-liens-externes","embeddable":true,"href":"https:\/\/www.iemj.org\/es\/wp-json\/wp\/v2\/tableaux-liens-externes?post=106879"}],"curies":[{"name":"wp","href":"https:\/\/api.w.org\/{rel}","templated":true}]}}