{"id":106905,"date":"2016-03-22T16:31:25","date_gmt":"2016-03-22T15:31:25","guid":{"rendered":"https:\/\/www.iemj.org\/sortie-du-film-mobile-etoile-realise-par-raphael-nadjari-france-2016\/"},"modified":"2024-01-02T17:19:20","modified_gmt":"2024-01-02T16:19:20","slug":"sortie-du-film-mobile-etoile-realise-par-raphael-nadjari-france-2016","status":"publish","type":"post","link":"https:\/\/www.iemj.org\/es\/sortie-du-film-mobile-etoile-realise-par-raphael-nadjari-france-2016\/","title":{"rendered":"Lanzamiento de la pel\u00edcula \u00abMobile Etoile\u00bb, dirigida por Rapha\u00ebl Nadjari (Francia, 2016)"},"content":{"rendered":"<p class=\"post_excerpt\">Con G\u00e9raldine Pailhas, Luc Picard, Marcel Sabourin, Doroth\u00e9e Berryman, Raymond Cloutier<br \/>Producido por The French Connection, EMA Film Inc. &amp; Sister Productions<\/p>\n<p><!--more--><\/p>\n<p>Ambientada en Montreal, \u00abMobile \u00e9toile\u00bb est\u00e1 protagonizada por Hannah, una profesora de m\u00fasica cl\u00e1sica de unos cuarenta a\u00f1os. Con su marido Daniel, pianista, dirige un coro especializado en canciones de la sinagoga francesa de principios del siglo XX. Dirige este grupo vocal con entusiasmo. Pero la determinaci\u00f3n de la cantante empieza a ponerse a prueba cuando las subvenciones disminuyen. Un d\u00eda, llega una chica sensible pero especialmente dotada. La llegada de Abigail motiva a Hannah a continuar con sus actividades. M\u00e1s a\u00fan cuando Samuel, su antiguo profesor, llega a Montreal. Le ense\u00f1a una vieja partitura que ha desaparecido de la circulaci\u00f3n, y ella se pone manos a la obra para revivirla.<\/p>\n<p>El Instituto Europeo de las M\u00fasicas Jud\u00edas y su labor de conservaci\u00f3n y difusi\u00f3n del patrimonio musical jud\u00edo sirvieron de modelo al director de esta pel\u00edcula. El propio t\u00edtulo de la pel\u00edcula es una referencia al compositor <a href=\"https:\/\/www.iemj.org\/es\/halphen-fernand-1872-1917\/\">Fernand Halphen (1872-1917)<\/a>, la mayor\u00eda de cuyas obras conserva el IEMJ.<\/p>\n<p><a href=\"https:\/\/www.youtube.com\/watch?v=4QrStlgRzcQ\" target=\"_blank\" rel=\"noopener\">Escuchar la entrevista con el director Rapha\u00ebl Nadjari<\/a><\/p>\n<p><a href=\"https:\/\/www.youtube.com\/watch?v=OmoX7JoTttw\" target=\"_blank\" rel=\"noopener\">Escuchar la entrevista del Director del IEMJ, Herv\u00e9 Roten, sobre la investigaci\u00f3n musical<\/a><\/p>\n<p>Tr\u00e1iler de la pel\u00edcula \u00abMobile Etoile\u00bb dirigida por Rapha\u00ebl Nadjari (Francia, 2016)<br \/><iframe src=\"https:\/\/www.youtube.com\/embed\/mW9-WEhceOw\" width=\"560\" height=\"315\" frameborder=\"0\" allowfullscreen=\"allowfullscreen\"><\/iframe><\/p>\n\n\n<div class=\"wp-block-file\"><a id=\"wp-block-file--media-23862371-d038-4abd-acc1-c53cc3c49975\" href=\"https:\/\/www.iemj.org\/wp-content\/uploads\/2016\/03\/me_120x160_3_affiche_film.pdf\">Affiche du film Mobile \u00e9toile de Rapha\u00ebl Nadjari<\/a><\/div>\n","protected":false},"excerpt":{"rendered":"<p>Con G\u00e9raldine Pailhas, Luc Picard, Marcel Sabourin, Doroth\u00e9e Berryman, Raymond CloutierProducido por The French Connection, EMA Film Inc. &amp; Sister Productions<\/p>\n","protected":false},"author":1045,"featured_media":106906,"comment_status":"closed","ping_status":"open","sticky":false,"template":"","format":"standard","meta":{"_acf_changed":false,"footnotes":""},"categories":[1372],"tags":[3422],"technique":[],"squelettes":[],"sujet":[],"formation":[],"genre":[],"fonds":[],"tradition":[],"type-de-contenu":[],"interprete-compositeur":[],"frise":[],"type-devenement":[],"tableaux-liens-externes":[],"class_list":["post-106905","post","type-post","status-publish","format-standard","has-post-thumbnail","hentry","category-manifestaciones-es","tag-eventos-asociados-es"],"acf":[],"yoast_head":"<!-- This site is optimized with the Yoast SEO plugin v27.3 - https:\/\/yoast.com\/product\/yoast-seo-wordpress\/ -->\n<title>Lanzamiento de la pel\u00edcula &quot;Mobile Etoile&quot;, dirigida por Rapha\u00ebl Nadjari (Francia, 2016) - Institut Europ\u00e9en des Musiques Juives<\/title>\n<meta name=\"robots\" content=\"index, follow, max-snippet:-1, max-image-preview:large, max-video-preview:-1\" \/>\n<link rel=\"canonical\" href=\"https:\/\/www.iemj.org\/es\/sortie-du-film-mobile-etoile-realise-par-raphael-nadjari-france-2016\/\" \/>\n<meta property=\"og:locale\" content=\"es_ES\" \/>\n<meta property=\"og:type\" content=\"article\" \/>\n<meta property=\"og:title\" content=\"Lanzamiento de la pel\u00edcula &quot;Mobile Etoile&quot;, dirigida por Rapha\u00ebl Nadjari (Francia, 2016) - Institut Europ\u00e9en des Musiques Juives\" \/>\n<meta property=\"og:description\" content=\"Con G\u00e9raldine Pailhas, Luc Picard, Marcel Sabourin, Doroth\u00e9e Berryman, Raymond CloutierProducido por The French Connection, EMA Film Inc. &amp; Sister Productions\" \/>\n<meta property=\"og:url\" content=\"https:\/\/www.iemj.org\/es\/sortie-du-film-mobile-etoile-realise-par-raphael-nadjari-france-2016\/\" \/>\n<meta property=\"og:site_name\" content=\"Institut Europ\u00e9en des Musiques Juives\" \/>\n<meta property=\"article:publisher\" content=\"https:\/\/www.facebook.com\/MusiquesJuives\/\" \/>\n<meta property=\"article:published_time\" content=\"2016-03-22T15:31:25+00:00\" \/>\n<meta property=\"article:modified_time\" content=\"2024-01-02T16:19:20+00:00\" \/>\n<meta property=\"og:image\" content=\"https:\/\/www.iemj.org\/wp-content\/uploads\/2016\/03\/arton1555.jpg\" \/>\n\t<meta property=\"og:image:width\" content=\"375\" \/>\n\t<meta property=\"og:image:height\" content=\"500\" \/>\n\t<meta property=\"og:image:type\" content=\"image\/jpeg\" \/>\n<meta name=\"author\" content=\"Herv\u00e9 Roten\" \/>\n<meta name=\"twitter:card\" content=\"summary_large_image\" \/>\n<meta name=\"twitter:label1\" content=\"Escrito por\" \/>\n\t<meta name=\"twitter:data1\" content=\"Herv\u00e9 Roten\" \/>\n\t<meta name=\"twitter:label2\" content=\"Tiempo de lectura\" \/>\n\t<meta name=\"twitter:data2\" content=\"2 minutos\" \/>\n<script type=\"application\/ld+json\" class=\"yoast-schema-graph\">{\"@context\":\"https:\\\/\\\/schema.org\",\"@graph\":[{\"@type\":\"Article\",\"@id\":\"https:\\\/\\\/www.iemj.org\\\/es\\\/sortie-du-film-mobile-etoile-realise-par-raphael-nadjari-france-2016\\\/#article\",\"isPartOf\":{\"@id\":\"https:\\\/\\\/www.iemj.org\\\/es\\\/sortie-du-film-mobile-etoile-realise-par-raphael-nadjari-france-2016\\\/\"},\"author\":{\"name\":\"Herv\u00e9 Roten\",\"@id\":\"https:\\\/\\\/www.iemj.org\\\/es\\\/#\\\/schema\\\/person\\\/906134402c29d5c76e7b726261dd4bbd\"},\"headline\":\"Lanzamiento de la pel\u00edcula \u00abMobile Etoile\u00bb, dirigida por Rapha\u00ebl Nadjari (Francia, 2016)\",\"datePublished\":\"2016-03-22T15:31:25+00:00\",\"dateModified\":\"2024-01-02T16:19:20+00:00\",\"mainEntityOfPage\":{\"@id\":\"https:\\\/\\\/www.iemj.org\\\/es\\\/sortie-du-film-mobile-etoile-realise-par-raphael-nadjari-france-2016\\\/\"},\"wordCount\":259,\"publisher\":{\"@id\":\"https:\\\/\\\/www.iemj.org\\\/es\\\/#organization\"},\"image\":{\"@id\":\"https:\\\/\\\/www.iemj.org\\\/es\\\/sortie-du-film-mobile-etoile-realise-par-raphael-nadjari-france-2016\\\/#primaryimage\"},\"thumbnailUrl\":\"https:\\\/\\\/www.iemj.org\\\/wp-content\\\/uploads\\\/2016\\\/03\\\/arton1555.jpg\",\"keywords\":[\"Eventos asociados\"],\"articleSection\":[\"Manifestaciones\"],\"inLanguage\":\"es\"},{\"@type\":\"WebPage\",\"@id\":\"https:\\\/\\\/www.iemj.org\\\/es\\\/sortie-du-film-mobile-etoile-realise-par-raphael-nadjari-france-2016\\\/\",\"url\":\"https:\\\/\\\/www.iemj.org\\\/es\\\/sortie-du-film-mobile-etoile-realise-par-raphael-nadjari-france-2016\\\/\",\"name\":\"Lanzamiento de la pel\u00edcula \\\"Mobile Etoile\\\", dirigida por Rapha\u00ebl Nadjari (Francia, 2016) - Institut Europ\u00e9en des Musiques Juives\",\"isPartOf\":{\"@id\":\"https:\\\/\\\/www.iemj.org\\\/es\\\/#website\"},\"primaryImageOfPage\":{\"@id\":\"https:\\\/\\\/www.iemj.org\\\/es\\\/sortie-du-film-mobile-etoile-realise-par-raphael-nadjari-france-2016\\\/#primaryimage\"},\"image\":{\"@id\":\"https:\\\/\\\/www.iemj.org\\\/es\\\/sortie-du-film-mobile-etoile-realise-par-raphael-nadjari-france-2016\\\/#primaryimage\"},\"thumbnailUrl\":\"https:\\\/\\\/www.iemj.org\\\/wp-content\\\/uploads\\\/2016\\\/03\\\/arton1555.jpg\",\"datePublished\":\"2016-03-22T15:31:25+00:00\",\"dateModified\":\"2024-01-02T16:19:20+00:00\",\"breadcrumb\":{\"@id\":\"https:\\\/\\\/www.iemj.org\\\/es\\\/sortie-du-film-mobile-etoile-realise-par-raphael-nadjari-france-2016\\\/#breadcrumb\"},\"inLanguage\":\"es\",\"potentialAction\":[{\"@type\":\"ReadAction\",\"target\":[\"https:\\\/\\\/www.iemj.org\\\/es\\\/sortie-du-film-mobile-etoile-realise-par-raphael-nadjari-france-2016\\\/\"]}]},{\"@type\":\"ImageObject\",\"inLanguage\":\"es\",\"@id\":\"https:\\\/\\\/www.iemj.org\\\/es\\\/sortie-du-film-mobile-etoile-realise-par-raphael-nadjari-france-2016\\\/#primaryimage\",\"url\":\"https:\\\/\\\/www.iemj.org\\\/wp-content\\\/uploads\\\/2016\\\/03\\\/arton1555.jpg\",\"contentUrl\":\"https:\\\/\\\/www.iemj.org\\\/wp-content\\\/uploads\\\/2016\\\/03\\\/arton1555.jpg\",\"width\":375,\"height\":500},{\"@type\":\"BreadcrumbList\",\"@id\":\"https:\\\/\\\/www.iemj.org\\\/es\\\/sortie-du-film-mobile-etoile-realise-par-raphael-nadjari-france-2016\\\/#breadcrumb\",\"itemListElement\":[{\"@type\":\"ListItem\",\"position\":1,\"name\":\"Accueil\",\"item\":\"https:\\\/\\\/www.iemj.org\\\/es\\\/\"},{\"@type\":\"ListItem\",\"position\":2,\"name\":\"Lanzamiento de la pel\u00edcula \u00abMobile Etoile\u00bb, dirigida por Rapha\u00ebl Nadjari (Francia, 2016)\"}]},{\"@type\":\"WebSite\",\"@id\":\"https:\\\/\\\/www.iemj.org\\\/es\\\/#website\",\"url\":\"https:\\\/\\\/www.iemj.org\\\/es\\\/\",\"name\":\"Institut Europ\u00e9en des Musiques Juives\",\"description\":\"Des traditions musicales \u00e0 la port\u00e9e de tous\",\"publisher\":{\"@id\":\"https:\\\/\\\/www.iemj.org\\\/es\\\/#organization\"},\"potentialAction\":[{\"@type\":\"SearchAction\",\"target\":{\"@type\":\"EntryPoint\",\"urlTemplate\":\"https:\\\/\\\/www.iemj.org\\\/es\\\/?s={search_term_string}\"},\"query-input\":{\"@type\":\"PropertyValueSpecification\",\"valueRequired\":true,\"valueName\":\"search_term_string\"}}],\"inLanguage\":\"es\"},{\"@type\":\"Organization\",\"@id\":\"https:\\\/\\\/www.iemj.org\\\/es\\\/#organization\",\"name\":\"Institut Europ\u00e9en des Musiques Juives\",\"url\":\"https:\\\/\\\/www.iemj.org\\\/es\\\/\",\"logo\":{\"@type\":\"ImageObject\",\"inLanguage\":\"es\",\"@id\":\"https:\\\/\\\/www.iemj.org\\\/es\\\/#\\\/schema\\\/logo\\\/image\\\/\",\"url\":\"https:\\\/\\\/www.iemj.org\\\/wp-content\\\/uploads\\\/2021\\\/09\\\/Logo-IEMJ-Paypal.jpg\",\"contentUrl\":\"https:\\\/\\\/www.iemj.org\\\/wp-content\\\/uploads\\\/2021\\\/09\\\/Logo-IEMJ-Paypal.jpg\",\"width\":150,\"height\":50,\"caption\":\"Institut Europ\u00e9en des Musiques Juives\"},\"image\":{\"@id\":\"https:\\\/\\\/www.iemj.org\\\/es\\\/#\\\/schema\\\/logo\\\/image\\\/\"},\"sameAs\":[\"https:\\\/\\\/www.facebook.com\\\/MusiquesJuives\\\/\",\"https:\\\/\\\/www.instagram.com\\\/musiquesjuives\\\/\",\"https:\\\/\\\/www.youtube.com\\\/user\\\/musiquesjuives\"]},{\"@type\":\"Person\",\"@id\":\"https:\\\/\\\/www.iemj.org\\\/es\\\/#\\\/schema\\\/person\\\/906134402c29d5c76e7b726261dd4bbd\",\"name\":\"Herv\u00e9 Roten\",\"image\":{\"@type\":\"ImageObject\",\"inLanguage\":\"es\",\"@id\":\"https:\\\/\\\/secure.gravatar.com\\\/avatar\\\/f96ad2db538a26481f18384936b5cd0610c92d390c4dc382209216d455f685ff?s=96&d=mm&r=g\",\"url\":\"https:\\\/\\\/secure.gravatar.com\\\/avatar\\\/f96ad2db538a26481f18384936b5cd0610c92d390c4dc382209216d455f685ff?s=96&d=mm&r=g\",\"contentUrl\":\"https:\\\/\\\/secure.gravatar.com\\\/avatar\\\/f96ad2db538a26481f18384936b5cd0610c92d390c4dc382209216d455f685ff?s=96&d=mm&r=g\",\"caption\":\"Herv\u00e9 Roten\"}}]}<\/script>\n<!-- \/ Yoast SEO plugin. -->","yoast_head_json":{"title":"Lanzamiento de la pel\u00edcula \"Mobile Etoile\", dirigida por Rapha\u00ebl Nadjari (Francia, 2016) - Institut Europ\u00e9en des Musiques Juives","robots":{"index":"index","follow":"follow","max-snippet":"max-snippet:-1","max-image-preview":"max-image-preview:large","max-video-preview":"max-video-preview:-1"},"canonical":"https:\/\/www.iemj.org\/es\/sortie-du-film-mobile-etoile-realise-par-raphael-nadjari-france-2016\/","og_locale":"es_ES","og_type":"article","og_title":"Lanzamiento de la pel\u00edcula \"Mobile Etoile\", dirigida por Rapha\u00ebl Nadjari (Francia, 2016) - Institut Europ\u00e9en des Musiques Juives","og_description":"Con G\u00e9raldine Pailhas, Luc Picard, Marcel Sabourin, Doroth\u00e9e Berryman, Raymond CloutierProducido por The French Connection, EMA Film Inc. &amp; Sister Productions","og_url":"https:\/\/www.iemj.org\/es\/sortie-du-film-mobile-etoile-realise-par-raphael-nadjari-france-2016\/","og_site_name":"Institut Europ\u00e9en des Musiques Juives","article_publisher":"https:\/\/www.facebook.com\/MusiquesJuives\/","article_published_time":"2016-03-22T15:31:25+00:00","article_modified_time":"2024-01-02T16:19:20+00:00","og_image":[{"width":375,"height":500,"url":"https:\/\/www.iemj.org\/wp-content\/uploads\/2016\/03\/arton1555.jpg","type":"image\/jpeg"}],"author":"Herv\u00e9 Roten","twitter_card":"summary_large_image","twitter_misc":{"Escrito por":"Herv\u00e9 Roten","Tiempo de lectura":"2 minutos"},"schema":{"@context":"https:\/\/schema.org","@graph":[{"@type":"Article","@id":"https:\/\/www.iemj.org\/es\/sortie-du-film-mobile-etoile-realise-par-raphael-nadjari-france-2016\/#article","isPartOf":{"@id":"https:\/\/www.iemj.org\/es\/sortie-du-film-mobile-etoile-realise-par-raphael-nadjari-france-2016\/"},"author":{"name":"Herv\u00e9 Roten","@id":"https:\/\/www.iemj.org\/es\/#\/schema\/person\/906134402c29d5c76e7b726261dd4bbd"},"headline":"Lanzamiento de la pel\u00edcula \u00abMobile Etoile\u00bb, dirigida por Rapha\u00ebl Nadjari (Francia, 2016)","datePublished":"2016-03-22T15:31:25+00:00","dateModified":"2024-01-02T16:19:20+00:00","mainEntityOfPage":{"@id":"https:\/\/www.iemj.org\/es\/sortie-du-film-mobile-etoile-realise-par-raphael-nadjari-france-2016\/"},"wordCount":259,"publisher":{"@id":"https:\/\/www.iemj.org\/es\/#organization"},"image":{"@id":"https:\/\/www.iemj.org\/es\/sortie-du-film-mobile-etoile-realise-par-raphael-nadjari-france-2016\/#primaryimage"},"thumbnailUrl":"https:\/\/www.iemj.org\/wp-content\/uploads\/2016\/03\/arton1555.jpg","keywords":["Eventos asociados"],"articleSection":["Manifestaciones"],"inLanguage":"es"},{"@type":"WebPage","@id":"https:\/\/www.iemj.org\/es\/sortie-du-film-mobile-etoile-realise-par-raphael-nadjari-france-2016\/","url":"https:\/\/www.iemj.org\/es\/sortie-du-film-mobile-etoile-realise-par-raphael-nadjari-france-2016\/","name":"Lanzamiento de la pel\u00edcula \"Mobile Etoile\", dirigida por Rapha\u00ebl Nadjari (Francia, 2016) - Institut Europ\u00e9en des Musiques Juives","isPartOf":{"@id":"https:\/\/www.iemj.org\/es\/#website"},"primaryImageOfPage":{"@id":"https:\/\/www.iemj.org\/es\/sortie-du-film-mobile-etoile-realise-par-raphael-nadjari-france-2016\/#primaryimage"},"image":{"@id":"https:\/\/www.iemj.org\/es\/sortie-du-film-mobile-etoile-realise-par-raphael-nadjari-france-2016\/#primaryimage"},"thumbnailUrl":"https:\/\/www.iemj.org\/wp-content\/uploads\/2016\/03\/arton1555.jpg","datePublished":"2016-03-22T15:31:25+00:00","dateModified":"2024-01-02T16:19:20+00:00","breadcrumb":{"@id":"https:\/\/www.iemj.org\/es\/sortie-du-film-mobile-etoile-realise-par-raphael-nadjari-france-2016\/#breadcrumb"},"inLanguage":"es","potentialAction":[{"@type":"ReadAction","target":["https:\/\/www.iemj.org\/es\/sortie-du-film-mobile-etoile-realise-par-raphael-nadjari-france-2016\/"]}]},{"@type":"ImageObject","inLanguage":"es","@id":"https:\/\/www.iemj.org\/es\/sortie-du-film-mobile-etoile-realise-par-raphael-nadjari-france-2016\/#primaryimage","url":"https:\/\/www.iemj.org\/wp-content\/uploads\/2016\/03\/arton1555.jpg","contentUrl":"https:\/\/www.iemj.org\/wp-content\/uploads\/2016\/03\/arton1555.jpg","width":375,"height":500},{"@type":"BreadcrumbList","@id":"https:\/\/www.iemj.org\/es\/sortie-du-film-mobile-etoile-realise-par-raphael-nadjari-france-2016\/#breadcrumb","itemListElement":[{"@type":"ListItem","position":1,"name":"Accueil","item":"https:\/\/www.iemj.org\/es\/"},{"@type":"ListItem","position":2,"name":"Lanzamiento de la pel\u00edcula \u00abMobile Etoile\u00bb, dirigida por Rapha\u00ebl Nadjari (Francia, 2016)"}]},{"@type":"WebSite","@id":"https:\/\/www.iemj.org\/es\/#website","url":"https:\/\/www.iemj.org\/es\/","name":"Institut Europ\u00e9en des Musiques Juives","description":"Des traditions musicales \u00e0 la port\u00e9e de tous","publisher":{"@id":"https:\/\/www.iemj.org\/es\/#organization"},"potentialAction":[{"@type":"SearchAction","target":{"@type":"EntryPoint","urlTemplate":"https:\/\/www.iemj.org\/es\/?s={search_term_string}"},"query-input":{"@type":"PropertyValueSpecification","valueRequired":true,"valueName":"search_term_string"}}],"inLanguage":"es"},{"@type":"Organization","@id":"https:\/\/www.iemj.org\/es\/#organization","name":"Institut Europ\u00e9en des Musiques Juives","url":"https:\/\/www.iemj.org\/es\/","logo":{"@type":"ImageObject","inLanguage":"es","@id":"https:\/\/www.iemj.org\/es\/#\/schema\/logo\/image\/","url":"https:\/\/www.iemj.org\/wp-content\/uploads\/2021\/09\/Logo-IEMJ-Paypal.jpg","contentUrl":"https:\/\/www.iemj.org\/wp-content\/uploads\/2021\/09\/Logo-IEMJ-Paypal.jpg","width":150,"height":50,"caption":"Institut Europ\u00e9en des Musiques Juives"},"image":{"@id":"https:\/\/www.iemj.org\/es\/#\/schema\/logo\/image\/"},"sameAs":["https:\/\/www.facebook.com\/MusiquesJuives\/","https:\/\/www.instagram.com\/musiquesjuives\/","https:\/\/www.youtube.com\/user\/musiquesjuives"]},{"@type":"Person","@id":"https:\/\/www.iemj.org\/es\/#\/schema\/person\/906134402c29d5c76e7b726261dd4bbd","name":"Herv\u00e9 Roten","image":{"@type":"ImageObject","inLanguage":"es","@id":"https:\/\/secure.gravatar.com\/avatar\/f96ad2db538a26481f18384936b5cd0610c92d390c4dc382209216d455f685ff?s=96&d=mm&r=g","url":"https:\/\/secure.gravatar.com\/avatar\/f96ad2db538a26481f18384936b5cd0610c92d390c4dc382209216d455f685ff?s=96&d=mm&r=g","contentUrl":"https:\/\/secure.gravatar.com\/avatar\/f96ad2db538a26481f18384936b5cd0610c92d390c4dc382209216d455f685ff?s=96&d=mm&r=g","caption":"Herv\u00e9 Roten"}}]}},"_links":{"self":[{"href":"https:\/\/www.iemj.org\/es\/wp-json\/wp\/v2\/posts\/106905","targetHints":{"allow":["GET"]}}],"collection":[{"href":"https:\/\/www.iemj.org\/es\/wp-json\/wp\/v2\/posts"}],"about":[{"href":"https:\/\/www.iemj.org\/es\/wp-json\/wp\/v2\/types\/post"}],"author":[{"embeddable":true,"href":"https:\/\/www.iemj.org\/es\/wp-json\/wp\/v2\/users\/1045"}],"replies":[{"embeddable":true,"href":"https:\/\/www.iemj.org\/es\/wp-json\/wp\/v2\/comments?post=106905"}],"version-history":[{"count":0,"href":"https:\/\/www.iemj.org\/es\/wp-json\/wp\/v2\/posts\/106905\/revisions"}],"wp:featuredmedia":[{"embeddable":true,"href":"https:\/\/www.iemj.org\/es\/wp-json\/wp\/v2\/media\/106906"}],"wp:attachment":[{"href":"https:\/\/www.iemj.org\/es\/wp-json\/wp\/v2\/media?parent=106905"}],"wp:term":[{"taxonomy":"category","embeddable":true,"href":"https:\/\/www.iemj.org\/es\/wp-json\/wp\/v2\/categories?post=106905"},{"taxonomy":"post_tag","embeddable":true,"href":"https:\/\/www.iemj.org\/es\/wp-json\/wp\/v2\/tags?post=106905"},{"taxonomy":"technique","embeddable":true,"href":"https:\/\/www.iemj.org\/es\/wp-json\/wp\/v2\/technique?post=106905"},{"taxonomy":"squelettes","embeddable":true,"href":"https:\/\/www.iemj.org\/es\/wp-json\/wp\/v2\/squelettes?post=106905"},{"taxonomy":"sujet","embeddable":true,"href":"https:\/\/www.iemj.org\/es\/wp-json\/wp\/v2\/sujet?post=106905"},{"taxonomy":"formation","embeddable":true,"href":"https:\/\/www.iemj.org\/es\/wp-json\/wp\/v2\/formation?post=106905"},{"taxonomy":"genre","embeddable":true,"href":"https:\/\/www.iemj.org\/es\/wp-json\/wp\/v2\/genre?post=106905"},{"taxonomy":"fonds","embeddable":true,"href":"https:\/\/www.iemj.org\/es\/wp-json\/wp\/v2\/fonds?post=106905"},{"taxonomy":"tradition","embeddable":true,"href":"https:\/\/www.iemj.org\/es\/wp-json\/wp\/v2\/tradition?post=106905"},{"taxonomy":"type-de-contenu","embeddable":true,"href":"https:\/\/www.iemj.org\/es\/wp-json\/wp\/v2\/type-de-contenu?post=106905"},{"taxonomy":"interprete-compositeur","embeddable":true,"href":"https:\/\/www.iemj.org\/es\/wp-json\/wp\/v2\/interprete-compositeur?post=106905"},{"taxonomy":"frise","embeddable":true,"href":"https:\/\/www.iemj.org\/es\/wp-json\/wp\/v2\/frise?post=106905"},{"taxonomy":"type-devenement","embeddable":true,"href":"https:\/\/www.iemj.org\/es\/wp-json\/wp\/v2\/type-devenement?post=106905"},{"taxonomy":"tableaux-liens-externes","embeddable":true,"href":"https:\/\/www.iemj.org\/es\/wp-json\/wp\/v2\/tableaux-liens-externes?post=106905"}],"curies":[{"name":"wp","href":"https:\/\/api.w.org\/{rel}","templated":true}]}}