{"id":106949,"date":"2015-12-09T10:06:45","date_gmt":"2015-12-09T09:06:45","guid":{"rendered":"https:\/\/www.iemj.org\/cycle-de-cours-itineraire-de-la-chanson-juive-en-france\/"},"modified":"2024-01-03T11:57:29","modified_gmt":"2024-01-03T10:57:29","slug":"cycle-de-cours-itineraire-de-la-chanson-juive-en-france","status":"publish","type":"post","link":"https:\/\/www.iemj.org\/es\/cycle-de-cours-itineraire-de-la-chanson-juive-en-france\/","title":{"rendered":"CICLO DE CURSOS: La canci\u00f3n jud\u00eda en Francia"},"content":{"rendered":"<p><strong>En colaboraci\u00f3n con el Institut Europ\u00e9en des Musiques Juives, el Instituto Elie Wiesel organiza una serie de cursos impartidos por Herv\u00e9 Roten los jueves 7, 14, 21 y 28 de enero de 2016 de 18:30 a 20:30 horas.<\/strong><\/p>\n<p>Se suele decir que existe una relaci\u00f3n especial entre el pueblo jud\u00edo y la m\u00fasica. El canto se menciona con frecuencia en la Biblia. Los profetas se pronuncian en contra de su uso para fines que no sean sagrados. Esto demuestra que los jud\u00edos, como todos los pueblos del mundo, cantaban canciones por trabajo, amor o entretenimiento. Los escritos de Ben-Sira (siglo II a.C.) describen las pr\u00e1cticas instrumentales y vocales que ten\u00edan lugar durante las fiestas. Influenciados por la civilizaci\u00f3n griega y m\u00e1s tarde por la romana, los jud\u00edos participaban a veces en verdaderos concursos musicales.<\/p>\n<p>Por desgracia, la historia no ha conservado ninguna notaci\u00f3n musical de este periodo que podamos leer con certeza. Hasta el siglo XII, con Abdias el pros\u00e9lito normando, no encontramos constancia escrita de dos piyyutim y una cantilaci\u00f3n.<\/p>\n<p>En el siglo XIII, Francia era una tierra de elecci\u00f3n para los jud\u00edos. En el sur viv\u00edan jud\u00edos que hablaban la langue d&#8217;oc, en el norte los que hablaban la langue d&#8217;o\u00efl. Influidos por la m\u00fasica local y la poes\u00eda de los trovadores y trouv\u00e8res, los jud\u00edos adaptaron las canciones de su \u00e9poca con palabras que relataban sus vidas. A veces anotadas, estas canciones jud\u00edas han sido recientemente objeto de una fascinante reconstrucci\u00f3n musical (v\u00e9ase bibliograf\u00eda-discograf\u00eda).<\/p>\n<p>Pero la canci\u00f3n jud\u00eda en Francia no se extingui\u00f3 en la Edad Media. A pesar de las numerosas expulsiones de jud\u00edos de Francia, se pueden encontrar canciones jud\u00edas en el siglo XVIII en el antiguo Comtat Venaissin y en las comunidades portuguesas del suroeste de Francia. Pero fue realmente en los siglos XIX y XX cuando estall\u00f3 la canci\u00f3n jud\u00eda: canciones en yiddish de jud\u00edos de Europa del Este que hu\u00edan de los pogromos, canciones en judeo-espa\u00f1ol o \u00e1rabe de jud\u00edos del Imperio Otomano o del norte de \u00c1frica.<\/p>\n<p>Hoy d\u00eda, la canci\u00f3n jud\u00eda disfruta de un aut\u00e9ntico renacimiento. Numerosos artistas se han lanzado a la reconquista de un repertorio de infinita riqueza. Entre lealtad y creatividad, est\u00e1n derribando fronteras y llevando las canciones jud\u00edas a la corriente principal de la m\u00fasica mundial.<\/p>\n<p><strong>Este recorrido no exhaustivo por la canci\u00f3n jud\u00eda en Francia le llevar\u00e1 por un original viaje musical a trav\u00e9s de una gran riqueza de extractos sonoros y audiovisuales.<\/strong><\/p>\n<p><strong>Bibliograf\u00eda<\/strong><br \/>\n&#8211; Herv\u00e9 Roten, Musiques liturgiques juives (inclus un CD), Cit\u00e9 de la Musique\/Actes Sud, 1998.<br \/>\n&#8211; Amnon Shiloah, Les traditions musicales juives, Maisonneuve &amp; Larose, 1995.<br \/>\n&#8211; Charles Dobzynski, Le monde yiddish : litt\u00e9rature, chanson, arts plastiques, cin\u00e9ma : une l\u00e9gende \u00e0 vif. Paris : Harmattan, 1998<\/p>\n<p><strong>Discograf\u00eda<\/strong><br \/>\n&#8211; <a href=\"https:\/\/www.iemj.org\/es\/juifs-et-trouveres\/\" target=\"_blank\" rel=\"noopener\">Juifs et Trouv\u00e8res &#8211; Chansons juives du XIIIe si\u00e8cle en ancien fran\u00e7ais et h\u00e9breu, CD coll. Patrimoines musicaux des Juifs de France, vol. 12, Buda Musique, 2014.<\/a><br \/>\n&#8211; <a href=\"https:\/\/www.iemj.org\/es\/jacques-grober-chansons-yiddish-dhier-et-daujourdhui\/\" target=\"_blank\" rel=\"noopener\">Jacques Grober &#8211; Chansons yiddish d\u2019hier et d\u2019aujourd\u2019hui, CD coll. Patrimoines musicaux des Juifs de France, vol. 7, Buda Musique, 2008.<\/a><br \/>\n&#8211; <a href=\"https:\/\/www.iemj.org\/es\/reedition-du-coffret-musiques-juives-dans-le-paris-dapres-guerre-elesdisc-1948-1953\/\" target=\"_blank\" rel=\"noopener\">Musiques juives dans le Paris d\u2019Apr\u00e8s-guerre &#8211; Elesdisc 1948-1953. CD coll. Archives, Editions de l\u2019IEMJ, 2015<\/a>.<\/p>\n<p><strong>Horario: jueves 7, 14, 21 y 28 de enero de 2016 a las 18.30 horas<\/strong><\/p>\n<p><strong>Precio<\/strong>: 60 \u20ac (30 \u20ac para estudiantes)<\/p>\n<p>Inscr\u00edbase con antelaci\u00f3n en el <a href=\"http:\/\/www.instituteliewiesel.com\/content\/itin%C3%A9raire-de-la-chanson-juive-en-france\">Institut Universitaire d\u2019Etudes Juives Elie Wiesel<\/a><br \/>\n<img decoding=\"async\" class=\" alignleft size-full wp-image-8644\" src=\"https:\/\/www.iemj.org\/wp-content\/uploads\/2015\/12\/insteliewiesel-f39fc.png\" alt=\"insteliewiesel-f39fc.png\" width=\"91\" height=\"130\" align=\"left\" \/><\/p>\n","protected":false},"excerpt":{"rendered":"<p>En colaboraci\u00f3n con el Institut Europ\u00e9en des Musiques Juives, el Instituto Elie Wiesel organiza una serie de cursos impartidos por Herv\u00e9 Roten los jueves 7, 14, 21 y 28 de<\/p>\n","protected":false},"author":5,"featured_media":106950,"comment_status":"closed","ping_status":"open","sticky":false,"template":"","format":"standard","meta":{"_acf_changed":false,"footnotes":""},"categories":[1384,1372],"tags":[3422],"technique":[],"squelettes":[],"sujet":[],"formation":[],"genre":[],"fonds":[],"tradition":[],"type-de-contenu":[],"interprete-compositeur":[],"frise":[],"type-devenement":[],"tableaux-liens-externes":[],"class_list":["post-106949","post","type-post","status-publish","format-standard","has-post-thumbnail","hentry","category-clases-conferencias-es","category-manifestaciones-es","tag-eventos-asociados-es"],"acf":[],"yoast_head":"<!-- This site is optimized with the Yoast SEO plugin v27.3 - https:\/\/yoast.com\/product\/yoast-seo-wordpress\/ -->\n<title>CICLO DE CURSOS: La canci\u00f3n jud\u00eda en Francia - Institut Europ\u00e9en des Musiques Juives<\/title>\n<meta name=\"robots\" content=\"index, follow, max-snippet:-1, max-image-preview:large, max-video-preview:-1\" \/>\n<link rel=\"canonical\" href=\"https:\/\/www.iemj.org\/es\/cycle-de-cours-itineraire-de-la-chanson-juive-en-france\/\" \/>\n<meta property=\"og:locale\" content=\"es_ES\" \/>\n<meta property=\"og:type\" content=\"article\" \/>\n<meta property=\"og:title\" content=\"CICLO DE CURSOS: La canci\u00f3n jud\u00eda en Francia - Institut Europ\u00e9en des Musiques Juives\" \/>\n<meta property=\"og:description\" content=\"En colaboraci\u00f3n con el Institut Europ\u00e9en des Musiques Juives, el Instituto Elie Wiesel organiza una serie de cursos impartidos por Herv\u00e9 Roten los jueves 7, 14, 21 y 28 de\" \/>\n<meta property=\"og:url\" content=\"https:\/\/www.iemj.org\/es\/cycle-de-cours-itineraire-de-la-chanson-juive-en-france\/\" \/>\n<meta property=\"og:site_name\" content=\"Institut Europ\u00e9en des Musiques Juives\" \/>\n<meta property=\"article:publisher\" content=\"https:\/\/www.facebook.com\/MusiquesJuives\/\" \/>\n<meta property=\"article:published_time\" content=\"2015-12-09T09:06:45+00:00\" \/>\n<meta property=\"article:modified_time\" content=\"2024-01-03T10:57:29+00:00\" \/>\n<meta property=\"og:image\" content=\"https:\/\/www.iemj.org\/wp-content\/uploads\/2015\/12\/arton1298.jpg\" \/>\n\t<meta property=\"og:image:width\" content=\"544\" \/>\n\t<meta property=\"og:image:height\" content=\"416\" \/>\n\t<meta property=\"og:image:type\" content=\"image\/jpeg\" \/>\n<meta name=\"author\" content=\"Jacqueline ROTEN\" \/>\n<meta name=\"twitter:card\" content=\"summary_large_image\" \/>\n<meta name=\"twitter:label1\" content=\"Escrito por\" \/>\n\t<meta name=\"twitter:data1\" content=\"Jacqueline ROTEN\" \/>\n\t<meta name=\"twitter:label2\" content=\"Tiempo de lectura\" \/>\n\t<meta name=\"twitter:data2\" content=\"4 minutos\" \/>\n<script type=\"application\/ld+json\" class=\"yoast-schema-graph\">{\"@context\":\"https:\\\/\\\/schema.org\",\"@graph\":[{\"@type\":\"Article\",\"@id\":\"https:\\\/\\\/www.iemj.org\\\/es\\\/cycle-de-cours-itineraire-de-la-chanson-juive-en-france\\\/#article\",\"isPartOf\":{\"@id\":\"https:\\\/\\\/www.iemj.org\\\/es\\\/cycle-de-cours-itineraire-de-la-chanson-juive-en-france\\\/\"},\"author\":{\"name\":\"Jacqueline ROTEN\",\"@id\":\"https:\\\/\\\/www.iemj.org\\\/es\\\/#\\\/schema\\\/person\\\/358e26c18aca017fcc4cc15437f7279c\"},\"headline\":\"CICLO DE CURSOS: La canci\u00f3n jud\u00eda en Francia\",\"datePublished\":\"2015-12-09T09:06:45+00:00\",\"dateModified\":\"2024-01-03T10:57:29+00:00\",\"mainEntityOfPage\":{\"@id\":\"https:\\\/\\\/www.iemj.org\\\/es\\\/cycle-de-cours-itineraire-de-la-chanson-juive-en-france\\\/\"},\"wordCount\":608,\"publisher\":{\"@id\":\"https:\\\/\\\/www.iemj.org\\\/es\\\/#organization\"},\"image\":{\"@id\":\"https:\\\/\\\/www.iemj.org\\\/es\\\/cycle-de-cours-itineraire-de-la-chanson-juive-en-france\\\/#primaryimage\"},\"thumbnailUrl\":\"https:\\\/\\\/www.iemj.org\\\/wp-content\\\/uploads\\\/2015\\\/12\\\/arton1298.jpg\",\"keywords\":[\"Eventos asociados\"],\"articleSection\":[\"Clases \\\/ Conferencias\",\"Manifestaciones\"],\"inLanguage\":\"es\"},{\"@type\":\"WebPage\",\"@id\":\"https:\\\/\\\/www.iemj.org\\\/es\\\/cycle-de-cours-itineraire-de-la-chanson-juive-en-france\\\/\",\"url\":\"https:\\\/\\\/www.iemj.org\\\/es\\\/cycle-de-cours-itineraire-de-la-chanson-juive-en-france\\\/\",\"name\":\"CICLO DE CURSOS: La canci\u00f3n jud\u00eda en Francia - Institut Europ\u00e9en des Musiques Juives\",\"isPartOf\":{\"@id\":\"https:\\\/\\\/www.iemj.org\\\/es\\\/#website\"},\"primaryImageOfPage\":{\"@id\":\"https:\\\/\\\/www.iemj.org\\\/es\\\/cycle-de-cours-itineraire-de-la-chanson-juive-en-france\\\/#primaryimage\"},\"image\":{\"@id\":\"https:\\\/\\\/www.iemj.org\\\/es\\\/cycle-de-cours-itineraire-de-la-chanson-juive-en-france\\\/#primaryimage\"},\"thumbnailUrl\":\"https:\\\/\\\/www.iemj.org\\\/wp-content\\\/uploads\\\/2015\\\/12\\\/arton1298.jpg\",\"datePublished\":\"2015-12-09T09:06:45+00:00\",\"dateModified\":\"2024-01-03T10:57:29+00:00\",\"breadcrumb\":{\"@id\":\"https:\\\/\\\/www.iemj.org\\\/es\\\/cycle-de-cours-itineraire-de-la-chanson-juive-en-france\\\/#breadcrumb\"},\"inLanguage\":\"es\",\"potentialAction\":[{\"@type\":\"ReadAction\",\"target\":[\"https:\\\/\\\/www.iemj.org\\\/es\\\/cycle-de-cours-itineraire-de-la-chanson-juive-en-france\\\/\"]}]},{\"@type\":\"ImageObject\",\"inLanguage\":\"es\",\"@id\":\"https:\\\/\\\/www.iemj.org\\\/es\\\/cycle-de-cours-itineraire-de-la-chanson-juive-en-france\\\/#primaryimage\",\"url\":\"https:\\\/\\\/www.iemj.org\\\/wp-content\\\/uploads\\\/2015\\\/12\\\/arton1298.jpg\",\"contentUrl\":\"https:\\\/\\\/www.iemj.org\\\/wp-content\\\/uploads\\\/2015\\\/12\\\/arton1298.jpg\",\"width\":544,\"height\":416},{\"@type\":\"BreadcrumbList\",\"@id\":\"https:\\\/\\\/www.iemj.org\\\/es\\\/cycle-de-cours-itineraire-de-la-chanson-juive-en-france\\\/#breadcrumb\",\"itemListElement\":[{\"@type\":\"ListItem\",\"position\":1,\"name\":\"Accueil\",\"item\":\"https:\\\/\\\/www.iemj.org\\\/es\\\/\"},{\"@type\":\"ListItem\",\"position\":2,\"name\":\"CICLO DE CURSOS: La canci\u00f3n jud\u00eda en Francia\"}]},{\"@type\":\"WebSite\",\"@id\":\"https:\\\/\\\/www.iemj.org\\\/es\\\/#website\",\"url\":\"https:\\\/\\\/www.iemj.org\\\/es\\\/\",\"name\":\"Institut Europ\u00e9en des Musiques Juives\",\"description\":\"Des traditions musicales \u00e0 la port\u00e9e de tous\",\"publisher\":{\"@id\":\"https:\\\/\\\/www.iemj.org\\\/es\\\/#organization\"},\"potentialAction\":[{\"@type\":\"SearchAction\",\"target\":{\"@type\":\"EntryPoint\",\"urlTemplate\":\"https:\\\/\\\/www.iemj.org\\\/es\\\/?s={search_term_string}\"},\"query-input\":{\"@type\":\"PropertyValueSpecification\",\"valueRequired\":true,\"valueName\":\"search_term_string\"}}],\"inLanguage\":\"es\"},{\"@type\":\"Organization\",\"@id\":\"https:\\\/\\\/www.iemj.org\\\/es\\\/#organization\",\"name\":\"Institut Europ\u00e9en des Musiques Juives\",\"url\":\"https:\\\/\\\/www.iemj.org\\\/es\\\/\",\"logo\":{\"@type\":\"ImageObject\",\"inLanguage\":\"es\",\"@id\":\"https:\\\/\\\/www.iemj.org\\\/es\\\/#\\\/schema\\\/logo\\\/image\\\/\",\"url\":\"https:\\\/\\\/www.iemj.org\\\/wp-content\\\/uploads\\\/2021\\\/09\\\/Logo-IEMJ-Paypal.jpg\",\"contentUrl\":\"https:\\\/\\\/www.iemj.org\\\/wp-content\\\/uploads\\\/2021\\\/09\\\/Logo-IEMJ-Paypal.jpg\",\"width\":150,\"height\":50,\"caption\":\"Institut Europ\u00e9en des Musiques Juives\"},\"image\":{\"@id\":\"https:\\\/\\\/www.iemj.org\\\/es\\\/#\\\/schema\\\/logo\\\/image\\\/\"},\"sameAs\":[\"https:\\\/\\\/www.facebook.com\\\/MusiquesJuives\\\/\",\"https:\\\/\\\/www.instagram.com\\\/musiquesjuives\\\/\",\"https:\\\/\\\/www.youtube.com\\\/user\\\/musiquesjuives\"]},{\"@type\":\"Person\",\"@id\":\"https:\\\/\\\/www.iemj.org\\\/es\\\/#\\\/schema\\\/person\\\/358e26c18aca017fcc4cc15437f7279c\",\"name\":\"Jacqueline ROTEN\",\"image\":{\"@type\":\"ImageObject\",\"inLanguage\":\"es\",\"@id\":\"https:\\\/\\\/secure.gravatar.com\\\/avatar\\\/5964256d6c6957de3a3505278957e0fb2a35119ac47ea41827a65301213c810b?s=96&d=mm&r=g\",\"url\":\"https:\\\/\\\/secure.gravatar.com\\\/avatar\\\/5964256d6c6957de3a3505278957e0fb2a35119ac47ea41827a65301213c810b?s=96&d=mm&r=g\",\"contentUrl\":\"https:\\\/\\\/secure.gravatar.com\\\/avatar\\\/5964256d6c6957de3a3505278957e0fb2a35119ac47ea41827a65301213c810b?s=96&d=mm&r=g\",\"caption\":\"Jacqueline ROTEN\"}}]}<\/script>\n<!-- \/ Yoast SEO plugin. -->","yoast_head_json":{"title":"CICLO DE CURSOS: La canci\u00f3n jud\u00eda en Francia - Institut Europ\u00e9en des Musiques Juives","robots":{"index":"index","follow":"follow","max-snippet":"max-snippet:-1","max-image-preview":"max-image-preview:large","max-video-preview":"max-video-preview:-1"},"canonical":"https:\/\/www.iemj.org\/es\/cycle-de-cours-itineraire-de-la-chanson-juive-en-france\/","og_locale":"es_ES","og_type":"article","og_title":"CICLO DE CURSOS: La canci\u00f3n jud\u00eda en Francia - Institut Europ\u00e9en des Musiques Juives","og_description":"En colaboraci\u00f3n con el Institut Europ\u00e9en des Musiques Juives, el Instituto Elie Wiesel organiza una serie de cursos impartidos por Herv\u00e9 Roten los jueves 7, 14, 21 y 28 de","og_url":"https:\/\/www.iemj.org\/es\/cycle-de-cours-itineraire-de-la-chanson-juive-en-france\/","og_site_name":"Institut Europ\u00e9en des Musiques Juives","article_publisher":"https:\/\/www.facebook.com\/MusiquesJuives\/","article_published_time":"2015-12-09T09:06:45+00:00","article_modified_time":"2024-01-03T10:57:29+00:00","og_image":[{"width":544,"height":416,"url":"https:\/\/www.iemj.org\/wp-content\/uploads\/2015\/12\/arton1298.jpg","type":"image\/jpeg"}],"author":"Jacqueline ROTEN","twitter_card":"summary_large_image","twitter_misc":{"Escrito por":"Jacqueline ROTEN","Tiempo de lectura":"4 minutos"},"schema":{"@context":"https:\/\/schema.org","@graph":[{"@type":"Article","@id":"https:\/\/www.iemj.org\/es\/cycle-de-cours-itineraire-de-la-chanson-juive-en-france\/#article","isPartOf":{"@id":"https:\/\/www.iemj.org\/es\/cycle-de-cours-itineraire-de-la-chanson-juive-en-france\/"},"author":{"name":"Jacqueline ROTEN","@id":"https:\/\/www.iemj.org\/es\/#\/schema\/person\/358e26c18aca017fcc4cc15437f7279c"},"headline":"CICLO DE CURSOS: La canci\u00f3n jud\u00eda en Francia","datePublished":"2015-12-09T09:06:45+00:00","dateModified":"2024-01-03T10:57:29+00:00","mainEntityOfPage":{"@id":"https:\/\/www.iemj.org\/es\/cycle-de-cours-itineraire-de-la-chanson-juive-en-france\/"},"wordCount":608,"publisher":{"@id":"https:\/\/www.iemj.org\/es\/#organization"},"image":{"@id":"https:\/\/www.iemj.org\/es\/cycle-de-cours-itineraire-de-la-chanson-juive-en-france\/#primaryimage"},"thumbnailUrl":"https:\/\/www.iemj.org\/wp-content\/uploads\/2015\/12\/arton1298.jpg","keywords":["Eventos asociados"],"articleSection":["Clases \/ Conferencias","Manifestaciones"],"inLanguage":"es"},{"@type":"WebPage","@id":"https:\/\/www.iemj.org\/es\/cycle-de-cours-itineraire-de-la-chanson-juive-en-france\/","url":"https:\/\/www.iemj.org\/es\/cycle-de-cours-itineraire-de-la-chanson-juive-en-france\/","name":"CICLO DE CURSOS: La canci\u00f3n jud\u00eda en Francia - Institut Europ\u00e9en des Musiques Juives","isPartOf":{"@id":"https:\/\/www.iemj.org\/es\/#website"},"primaryImageOfPage":{"@id":"https:\/\/www.iemj.org\/es\/cycle-de-cours-itineraire-de-la-chanson-juive-en-france\/#primaryimage"},"image":{"@id":"https:\/\/www.iemj.org\/es\/cycle-de-cours-itineraire-de-la-chanson-juive-en-france\/#primaryimage"},"thumbnailUrl":"https:\/\/www.iemj.org\/wp-content\/uploads\/2015\/12\/arton1298.jpg","datePublished":"2015-12-09T09:06:45+00:00","dateModified":"2024-01-03T10:57:29+00:00","breadcrumb":{"@id":"https:\/\/www.iemj.org\/es\/cycle-de-cours-itineraire-de-la-chanson-juive-en-france\/#breadcrumb"},"inLanguage":"es","potentialAction":[{"@type":"ReadAction","target":["https:\/\/www.iemj.org\/es\/cycle-de-cours-itineraire-de-la-chanson-juive-en-france\/"]}]},{"@type":"ImageObject","inLanguage":"es","@id":"https:\/\/www.iemj.org\/es\/cycle-de-cours-itineraire-de-la-chanson-juive-en-france\/#primaryimage","url":"https:\/\/www.iemj.org\/wp-content\/uploads\/2015\/12\/arton1298.jpg","contentUrl":"https:\/\/www.iemj.org\/wp-content\/uploads\/2015\/12\/arton1298.jpg","width":544,"height":416},{"@type":"BreadcrumbList","@id":"https:\/\/www.iemj.org\/es\/cycle-de-cours-itineraire-de-la-chanson-juive-en-france\/#breadcrumb","itemListElement":[{"@type":"ListItem","position":1,"name":"Accueil","item":"https:\/\/www.iemj.org\/es\/"},{"@type":"ListItem","position":2,"name":"CICLO DE CURSOS: La canci\u00f3n jud\u00eda en Francia"}]},{"@type":"WebSite","@id":"https:\/\/www.iemj.org\/es\/#website","url":"https:\/\/www.iemj.org\/es\/","name":"Institut Europ\u00e9en des Musiques Juives","description":"Des traditions musicales \u00e0 la port\u00e9e de tous","publisher":{"@id":"https:\/\/www.iemj.org\/es\/#organization"},"potentialAction":[{"@type":"SearchAction","target":{"@type":"EntryPoint","urlTemplate":"https:\/\/www.iemj.org\/es\/?s={search_term_string}"},"query-input":{"@type":"PropertyValueSpecification","valueRequired":true,"valueName":"search_term_string"}}],"inLanguage":"es"},{"@type":"Organization","@id":"https:\/\/www.iemj.org\/es\/#organization","name":"Institut Europ\u00e9en des Musiques Juives","url":"https:\/\/www.iemj.org\/es\/","logo":{"@type":"ImageObject","inLanguage":"es","@id":"https:\/\/www.iemj.org\/es\/#\/schema\/logo\/image\/","url":"https:\/\/www.iemj.org\/wp-content\/uploads\/2021\/09\/Logo-IEMJ-Paypal.jpg","contentUrl":"https:\/\/www.iemj.org\/wp-content\/uploads\/2021\/09\/Logo-IEMJ-Paypal.jpg","width":150,"height":50,"caption":"Institut Europ\u00e9en des Musiques Juives"},"image":{"@id":"https:\/\/www.iemj.org\/es\/#\/schema\/logo\/image\/"},"sameAs":["https:\/\/www.facebook.com\/MusiquesJuives\/","https:\/\/www.instagram.com\/musiquesjuives\/","https:\/\/www.youtube.com\/user\/musiquesjuives"]},{"@type":"Person","@id":"https:\/\/www.iemj.org\/es\/#\/schema\/person\/358e26c18aca017fcc4cc15437f7279c","name":"Jacqueline ROTEN","image":{"@type":"ImageObject","inLanguage":"es","@id":"https:\/\/secure.gravatar.com\/avatar\/5964256d6c6957de3a3505278957e0fb2a35119ac47ea41827a65301213c810b?s=96&d=mm&r=g","url":"https:\/\/secure.gravatar.com\/avatar\/5964256d6c6957de3a3505278957e0fb2a35119ac47ea41827a65301213c810b?s=96&d=mm&r=g","contentUrl":"https:\/\/secure.gravatar.com\/avatar\/5964256d6c6957de3a3505278957e0fb2a35119ac47ea41827a65301213c810b?s=96&d=mm&r=g","caption":"Jacqueline ROTEN"}}]}},"_links":{"self":[{"href":"https:\/\/www.iemj.org\/es\/wp-json\/wp\/v2\/posts\/106949","targetHints":{"allow":["GET"]}}],"collection":[{"href":"https:\/\/www.iemj.org\/es\/wp-json\/wp\/v2\/posts"}],"about":[{"href":"https:\/\/www.iemj.org\/es\/wp-json\/wp\/v2\/types\/post"}],"author":[{"embeddable":true,"href":"https:\/\/www.iemj.org\/es\/wp-json\/wp\/v2\/users\/5"}],"replies":[{"embeddable":true,"href":"https:\/\/www.iemj.org\/es\/wp-json\/wp\/v2\/comments?post=106949"}],"version-history":[{"count":0,"href":"https:\/\/www.iemj.org\/es\/wp-json\/wp\/v2\/posts\/106949\/revisions"}],"wp:featuredmedia":[{"embeddable":true,"href":"https:\/\/www.iemj.org\/es\/wp-json\/wp\/v2\/media\/106950"}],"wp:attachment":[{"href":"https:\/\/www.iemj.org\/es\/wp-json\/wp\/v2\/media?parent=106949"}],"wp:term":[{"taxonomy":"category","embeddable":true,"href":"https:\/\/www.iemj.org\/es\/wp-json\/wp\/v2\/categories?post=106949"},{"taxonomy":"post_tag","embeddable":true,"href":"https:\/\/www.iemj.org\/es\/wp-json\/wp\/v2\/tags?post=106949"},{"taxonomy":"technique","embeddable":true,"href":"https:\/\/www.iemj.org\/es\/wp-json\/wp\/v2\/technique?post=106949"},{"taxonomy":"squelettes","embeddable":true,"href":"https:\/\/www.iemj.org\/es\/wp-json\/wp\/v2\/squelettes?post=106949"},{"taxonomy":"sujet","embeddable":true,"href":"https:\/\/www.iemj.org\/es\/wp-json\/wp\/v2\/sujet?post=106949"},{"taxonomy":"formation","embeddable":true,"href":"https:\/\/www.iemj.org\/es\/wp-json\/wp\/v2\/formation?post=106949"},{"taxonomy":"genre","embeddable":true,"href":"https:\/\/www.iemj.org\/es\/wp-json\/wp\/v2\/genre?post=106949"},{"taxonomy":"fonds","embeddable":true,"href":"https:\/\/www.iemj.org\/es\/wp-json\/wp\/v2\/fonds?post=106949"},{"taxonomy":"tradition","embeddable":true,"href":"https:\/\/www.iemj.org\/es\/wp-json\/wp\/v2\/tradition?post=106949"},{"taxonomy":"type-de-contenu","embeddable":true,"href":"https:\/\/www.iemj.org\/es\/wp-json\/wp\/v2\/type-de-contenu?post=106949"},{"taxonomy":"interprete-compositeur","embeddable":true,"href":"https:\/\/www.iemj.org\/es\/wp-json\/wp\/v2\/interprete-compositeur?post=106949"},{"taxonomy":"frise","embeddable":true,"href":"https:\/\/www.iemj.org\/es\/wp-json\/wp\/v2\/frise?post=106949"},{"taxonomy":"type-devenement","embeddable":true,"href":"https:\/\/www.iemj.org\/es\/wp-json\/wp\/v2\/type-devenement?post=106949"},{"taxonomy":"tableaux-liens-externes","embeddable":true,"href":"https:\/\/www.iemj.org\/es\/wp-json\/wp\/v2\/tableaux-liens-externes?post=106949"}],"curies":[{"name":"wp","href":"https:\/\/api.w.org\/{rel}","templated":true}]}}