{"id":106986,"date":"2019-02-19T15:55:50","date_gmt":"2019-02-19T14:55:50","guid":{"rendered":"https:\/\/www.iemj.org\/perdu-dans-les-etoiles-ou-le-destin-juif-de-kurt-weill\/"},"modified":"2024-01-03T16:20:23","modified_gmt":"2024-01-03T15:20:23","slug":"perdu-dans-les-etoiles-ou-le-destin-juif-de-kurt-weill","status":"publish","type":"post","link":"https:\/\/www.iemj.org\/es\/perdu-dans-les-etoiles-ou-le-destin-juif-de-kurt-weill\/","title":{"rendered":"Perdu dans les \u00e9toiles ou Le destin juif de Kurt Weill"},"content":{"rendered":"<p>Editions au Net, 2018<\/p>\n<p><!--more--><\/p>\n<p>En la introducci\u00f3n a su \u00faltimo libro, <em>Perdu dans les \u00e9toiles ou Le destin juif de Kurt Weill<\/em>, Roland B\u00e9licha examina la relaci\u00f3n de Kurt Weill con su identidad jud\u00eda. Compositor cosmopolita que se cas\u00f3 con la cantante no jud\u00eda Lotte Lenya en 1926, se separ\u00f3 en 1933 y se volvi\u00f3 a casar con ella en 1937, Kurt Weill no expres\u00f3 abiertamente ninguna dimensi\u00f3n jud\u00eda en su m\u00fasica. Y sin embargo, como escribe Roland B\u00e9licha en la introducci\u00f3n de su libro: \u00abA lo largo del camino, me di cuenta de que su obra estaba salpicada de varias composiciones relacionadas con el mundo jud\u00edo. En definitiva, puede decirse que Kurt Weill se sinti\u00f3 jud\u00edo toda su vida y que le preocupaba profundamente el sufrimiento del pueblo jud\u00edo, habiendo escapado \u00e9l mismo por poco de la barbarie de los nazis.\u00bb<\/p>\n<p>Nacido en Dessau (Alemania) el 2 de marzo de 1900, <a href=\"https:\/\/www.iemj.org\/es\/weill-kurt-1900-1950\/\">Kurt Weill<\/a> era el tercero de los cuatro hijos de Emma Ackermann y Albert Weill, cantor de la sinagoga de Dessau (de 1899 a 1919) y compositor, principalmente de m\u00fasica lit\u00fargica. El compositor creci\u00f3 escuchando m\u00fasica de sinagoga desde muy peque\u00f1o. Entre sus antepasados hab\u00eda muchos rabinos (entre ellos Jakob Weil, nacido hacia 1390 en la aldea de Weill der Stadt, no lejos de Stuttgart). En 1955, cinco a\u00f1os despu\u00e9s de la muerte de su hijo, Emma Weill, la madre del compositor, declar\u00f3 no sin iron\u00eda: \u00abPara nuestra gran alegr\u00eda, Kurt Weill era compositor. Podr\u00edamos haber tenido un rabino m\u00e1s, o un m\u00e9dico.\u00bb<\/p>\n<figure id=\"attachment_22863\" aria-describedby=\"caption-attachment-22863\" style=\"width: 301px\" class=\"wp-caption alignleft\"><img fetchpriority=\"high\" decoding=\"async\" class=\"wp-image-22863 \" src=\"https:\/\/www.iemj.org\/wp-content\/uploads\/2019\/02\/l_787_couv_-_380px_vertic-214x300.jpg\" alt=\"l_787_couv_-_380px_vertic.jpg\" width=\"301\" height=\"422\" srcset=\"https:\/\/www.iemj.org\/wp-content\/uploads\/2019\/02\/l_787_couv_-_380px_vertic-214x300.jpg 214w, https:\/\/www.iemj.org\/wp-content\/uploads\/2019\/02\/l_787_couv_-_380px_vertic.jpg 271w\" sizes=\"(max-width: 301px) 100vw, 301px\" \/><figcaption id=\"caption-attachment-22863\" class=\"wp-caption-text\"><strong><em>Kurt Weill et la France<\/em>, \u00c9dition du R\u00e9veil des combattants,<\/strong><br \/><strong>Villejuif, 1996, 96 pp.<\/strong><\/figcaption><\/figure>\n<p>Entre sus primeras composiciones, Kurt Weill incluy\u00f3 cinco obras de inspiraci\u00f3n jud\u00eda:<br \/>\n&#8211; <em>Mi Addir<\/em> (1913) (oraci\u00f3n que se canta en las bodas de los jud\u00edos asquenaz\u00edes)<br \/>\n&#8211; <em>Gebet<\/em> (1915) (una pieza compuesta para la mayor\u00eda religiosa de su hermana)<br \/>\n&#8211; <em>Ofrah\u2019s Lieder<\/em> (1916) (ciclo para voz y piano sobre poemas de Jud\u00e1 Halevi)<br \/>\n&#8211; <em>Sulamith<\/em> (1920) (fantas\u00eda coral para soprano, coro femenino y orquesta, sobre un tema del Cantar de los Cantares)<br \/>\n&#8211; <em>Recordare <\/em> (1923) (Motete a cappella para coro a cuatro voces y coro de ni\u00f1os, basado en el quinto cap\u00edtulo de las Lamentaciones de Jerem\u00edas)<\/p>\n<p>Entre 1923 y 1937, las obras de Kurt Weill dejaron de estar vinculadas al juda\u00edsmo. Pero el auge del nazismo y el antisemitismo, que obligaron al compositor a exiliarse, primero en Francia en 1933 y luego en Estados Unidos en 1935, llevaron a Kurt Weill a redescubrir sus ra\u00edces jud\u00edas.<\/p>\n<p>En noviembre de 1933, Meyer Weisgal lleg\u00f3 a Par\u00eds para presentar a Max Reinhardt un proyecto de gran espect\u00e1culo sobre la historia del pueblo jud\u00edo, con el fin de sensibilizar al mundo sobre las amenazas que pesaban sobre \u00e9l. Un proyecto similar ya hab\u00eda sido concebido por Arnold Sch\u00f6nberg en 1927 con <em>Der biblische Weg<\/em> (La v\u00eda b\u00edblica). Reinhard se puso en contacto con Franz Werfel para escribir el libreto y con Kurt Weill para la m\u00fasica. El proyecto se retras\u00f3 y no se complet\u00f3 finalmente en Estados Unidos hasta 1937, con el estreno del oratorio <em>The Eternal Road<\/em> en Nueva York. Seg\u00fan Roland B\u00e9licha, \u00abpara esta obra, Weill estudi\u00f3 partituras de m\u00fasica hebrea que su padre, compositor de m\u00fasica lit\u00fargica, le hab\u00eda enviado\u00bb. <em>The Eternal Road<\/em> consta de cuatro partes: 1. Los Patriarcas, 2. Mois\u00e9s, 3. Los Reyes y 4. Los Profetas.<\/p>\n<p>Como se\u00f1ala Pascal Huynh, music\u00f3logo y autor de varios libros sobre Kurt Weill, The Eternal Roadfue un paso decisivo en el reconocimiento por parte de Weill de su herencia jud\u00eda.<\/p>\n<figure id=\"attachment_22865\" aria-describedby=\"caption-attachment-22865\" style=\"width: 301px\" class=\"wp-caption alignright\"><img decoding=\"async\" class=\"wp-image-22865 \" src=\"https:\/\/www.iemj.org\/wp-content\/uploads\/2019\/02\/l_788_couv_-_380px_vertic-212x300.jpg\" alt=\"l_788_couv_-_380px_vertic.jpg\" width=\"301\" height=\"426\" srcset=\"https:\/\/www.iemj.org\/wp-content\/uploads\/2019\/02\/l_788_couv_-_380px_vertic-212x300.jpg 212w, https:\/\/www.iemj.org\/wp-content\/uploads\/2019\/02\/l_788_couv_-_380px_vertic.jpg 268w\" sizes=\"(max-width: 301px) 100vw, 301px\" \/><figcaption id=\"caption-attachment-22865\" class=\"wp-caption-text\"><strong><em>Kurt Weill et la France. Documents choisis et annot\u00e9s par Roland B\u00e9licha<\/em>, \u00c9ditions du Net, Paris, 2011, 184 pp.<\/strong><\/figcaption><\/figure>\n<p>En 1938, Kurt Weill escribi\u00f3 <em>Two Folk Songs of the New Palestin<\/em>. Se trata de dos arreglos de canciones escritas para los pioneros jud\u00edos de Palestina: <em>Havu l&#8217;venim<\/em> (compuesta por Mordekha\u00ef Ze\u00efra sobre un texto de Alexander Penn) y <em>Baa m&#8217;nucha<\/em> (compuesta por Daniel Samburski sobre un texto de Natan Alterman). Estas dos melod\u00edas para voz y piano se han publicado en dos series de <em>Folk Songs<\/em>, que tambi\u00e9n incluyen arreglos de otros compositores como Darius Milhaud y Aaron Copland.<\/p>\n<p>En 1943, Weill compuso <em>We Will Never Die &#8211; A Memorial<\/em> para tenor solista, narrador y orquesta, dedicada a los dos millones de jud\u00edos que murieron en Europa. Ese mismo a\u00f1o, Kurt Weill adquiri\u00f3 la nacionalidad estadounidense.<\/p>\n<p>En marzo de 1946, a petici\u00f3n del cantor David Putterman, Weill compuso un <em>Kiddush<\/em> para el 75 aniversario de la sinagoga Park Avenue de Nueva York. La obra estaba dedicada a su padre.<\/p>\n<p>Finalmente, en 1947, en un viaje a Palestina para ver a sus padres que viv\u00edan en Nahariya desde 1935, Kurt Weill conoci\u00f3 a Chaim Weizmann, futuro primer Presidente del Estado de Israel, quien le pidi\u00f3 que orquestase el Hatikvah, el himno sionista que a\u00f1os m\u00e1s tarde se convertir\u00eda en el del Estado de Israel. Este arreglo orquestal del <em>Hatikvah<\/em> se interpret\u00f3 por primera vez en Nueva York el 25 de noviembre de 1947.<\/p>\n<p>Dos a\u00f1os y medio m\u00e1s tarde, el 3 de abril de 1950, Kurt Weill muere de un ataque al coraz\u00f3n en Nueva York.<\/p>\n<p>\u200e<a href=\"http:\/\/www.rachelnet.net\/F\/?func=find-c&amp;ccl_term=WRD+%3D+roland+b%C3%A9licha&amp;local_base=iemcg\" target=\"_blank\" rel=\"noopener\">Los tres libros de Roland B\u00e9licha sobre Kurt Weill, donados por el autor al Institut Europ\u00e9en des Musiques Juives, ya pueden consultarse en la biblioteca multimedia Halphen.<\/a><br \/>\n<a href=\"https:\/\/www.iemj.org\/es\/weill-kurt-1900-1950\/\" target=\"_blank\" rel=\"noopener\">Consultar la biograf\u00eda de Kurt Weill<\/a><br \/>\n<a href=\"https:\/\/www.iemj.org\/es\/kurt-weill-1900-1950\/\" target=\"_blank\" rel=\"noopener\">Escuchar la lista de reproducci\u00f3n dedicada a Kurt Weill<\/a><\/p>\n","protected":false},"excerpt":{"rendered":"<p>Editions au Net, 2018<\/p>\n","protected":false},"author":5,"featured_media":106987,"comment_status":"closed","ping_status":"open","sticky":false,"template":"","format":"standard","meta":{"_acf_changed":false,"footnotes":""},"categories":[1577,1565],"tags":[],"technique":[],"squelettes":[],"sujet":[],"formation":[],"genre":[1899],"fonds":[],"tradition":[],"type-de-contenu":[],"interprete-compositeur":[3231],"frise":[],"type-devenement":[],"tableaux-liens-externes":[],"class_list":["post-106986","post","type-post","status-publish","format-standard","has-post-thumbnail","hentry","category-libros-articulos-es","category-ultimas-adquisiciones-es","genre-musica-clasica-es","interprete-compositeur-kurt-weill-es"],"acf":[],"yoast_head":"<!-- This site is optimized with the Yoast SEO plugin v27.3 - https:\/\/yoast.com\/product\/yoast-seo-wordpress\/ -->\n<title>Perdu dans les \u00e9toiles ou Le destin juif de Kurt Weill - Institut Europ\u00e9en des Musiques Juives<\/title>\n<meta name=\"robots\" content=\"index, follow, max-snippet:-1, max-image-preview:large, max-video-preview:-1\" \/>\n<link rel=\"canonical\" href=\"https:\/\/www.iemj.org\/es\/perdu-dans-les-etoiles-ou-le-destin-juif-de-kurt-weill\/\" \/>\n<meta property=\"og:locale\" content=\"es_ES\" \/>\n<meta property=\"og:type\" content=\"article\" \/>\n<meta property=\"og:title\" content=\"Perdu dans les \u00e9toiles ou Le destin juif de Kurt Weill - Institut Europ\u00e9en des Musiques Juives\" \/>\n<meta property=\"og:description\" content=\"Editions au Net, 2018\" \/>\n<meta property=\"og:url\" content=\"https:\/\/www.iemj.org\/es\/perdu-dans-les-etoiles-ou-le-destin-juif-de-kurt-weill\/\" \/>\n<meta property=\"og:site_name\" content=\"Institut Europ\u00e9en des Musiques Juives\" \/>\n<meta property=\"article:publisher\" content=\"https:\/\/www.facebook.com\/MusiquesJuives\/\" \/>\n<meta property=\"article:published_time\" content=\"2019-02-19T14:55:50+00:00\" \/>\n<meta property=\"article:modified_time\" content=\"2024-01-03T15:20:23+00:00\" \/>\n<meta property=\"og:image\" content=\"https:\/\/www.iemj.org\/wp-content\/uploads\/2019\/02\/arton3956.jpg\" \/>\n\t<meta property=\"og:image:width\" content=\"316\" \/>\n\t<meta property=\"og:image:height\" content=\"448\" \/>\n\t<meta property=\"og:image:type\" content=\"image\/jpeg\" \/>\n<meta name=\"author\" content=\"Jacqueline ROTEN\" \/>\n<meta name=\"twitter:card\" content=\"summary_large_image\" \/>\n<meta name=\"twitter:label1\" content=\"Escrito por\" \/>\n\t<meta name=\"twitter:data1\" content=\"Jacqueline ROTEN\" \/>\n\t<meta name=\"twitter:label2\" content=\"Tiempo de lectura\" \/>\n\t<meta name=\"twitter:data2\" content=\"6 minutos\" \/>\n<script type=\"application\/ld+json\" class=\"yoast-schema-graph\">{\"@context\":\"https:\\\/\\\/schema.org\",\"@graph\":[{\"@type\":\"Article\",\"@id\":\"https:\\\/\\\/www.iemj.org\\\/es\\\/perdu-dans-les-etoiles-ou-le-destin-juif-de-kurt-weill\\\/#article\",\"isPartOf\":{\"@id\":\"https:\\\/\\\/www.iemj.org\\\/es\\\/perdu-dans-les-etoiles-ou-le-destin-juif-de-kurt-weill\\\/\"},\"author\":{\"name\":\"Jacqueline ROTEN\",\"@id\":\"https:\\\/\\\/www.iemj.org\\\/es\\\/#\\\/schema\\\/person\\\/358e26c18aca017fcc4cc15437f7279c\"},\"headline\":\"Perdu dans les \u00e9toiles ou Le destin juif de Kurt Weill\",\"datePublished\":\"2019-02-19T14:55:50+00:00\",\"dateModified\":\"2024-01-03T15:20:23+00:00\",\"mainEntityOfPage\":{\"@id\":\"https:\\\/\\\/www.iemj.org\\\/es\\\/perdu-dans-les-etoiles-ou-le-destin-juif-de-kurt-weill\\\/\"},\"wordCount\":962,\"publisher\":{\"@id\":\"https:\\\/\\\/www.iemj.org\\\/es\\\/#organization\"},\"image\":{\"@id\":\"https:\\\/\\\/www.iemj.org\\\/es\\\/perdu-dans-les-etoiles-ou-le-destin-juif-de-kurt-weill\\\/#primaryimage\"},\"thumbnailUrl\":\"https:\\\/\\\/www.iemj.org\\\/wp-content\\\/uploads\\\/2019\\\/02\\\/arton3956.jpg\",\"articleSection\":[\"Libros, art\u00edculos\",\"\u00daltimas adquisiciones\"],\"inLanguage\":\"es\"},{\"@type\":\"WebPage\",\"@id\":\"https:\\\/\\\/www.iemj.org\\\/es\\\/perdu-dans-les-etoiles-ou-le-destin-juif-de-kurt-weill\\\/\",\"url\":\"https:\\\/\\\/www.iemj.org\\\/es\\\/perdu-dans-les-etoiles-ou-le-destin-juif-de-kurt-weill\\\/\",\"name\":\"Perdu dans les \u00e9toiles ou Le destin juif de Kurt Weill - Institut Europ\u00e9en des Musiques Juives\",\"isPartOf\":{\"@id\":\"https:\\\/\\\/www.iemj.org\\\/es\\\/#website\"},\"primaryImageOfPage\":{\"@id\":\"https:\\\/\\\/www.iemj.org\\\/es\\\/perdu-dans-les-etoiles-ou-le-destin-juif-de-kurt-weill\\\/#primaryimage\"},\"image\":{\"@id\":\"https:\\\/\\\/www.iemj.org\\\/es\\\/perdu-dans-les-etoiles-ou-le-destin-juif-de-kurt-weill\\\/#primaryimage\"},\"thumbnailUrl\":\"https:\\\/\\\/www.iemj.org\\\/wp-content\\\/uploads\\\/2019\\\/02\\\/arton3956.jpg\",\"datePublished\":\"2019-02-19T14:55:50+00:00\",\"dateModified\":\"2024-01-03T15:20:23+00:00\",\"breadcrumb\":{\"@id\":\"https:\\\/\\\/www.iemj.org\\\/es\\\/perdu-dans-les-etoiles-ou-le-destin-juif-de-kurt-weill\\\/#breadcrumb\"},\"inLanguage\":\"es\",\"potentialAction\":[{\"@type\":\"ReadAction\",\"target\":[\"https:\\\/\\\/www.iemj.org\\\/es\\\/perdu-dans-les-etoiles-ou-le-destin-juif-de-kurt-weill\\\/\"]}]},{\"@type\":\"ImageObject\",\"inLanguage\":\"es\",\"@id\":\"https:\\\/\\\/www.iemj.org\\\/es\\\/perdu-dans-les-etoiles-ou-le-destin-juif-de-kurt-weill\\\/#primaryimage\",\"url\":\"https:\\\/\\\/www.iemj.org\\\/wp-content\\\/uploads\\\/2019\\\/02\\\/arton3956.jpg\",\"contentUrl\":\"https:\\\/\\\/www.iemj.org\\\/wp-content\\\/uploads\\\/2019\\\/02\\\/arton3956.jpg\",\"width\":316,\"height\":448},{\"@type\":\"BreadcrumbList\",\"@id\":\"https:\\\/\\\/www.iemj.org\\\/es\\\/perdu-dans-les-etoiles-ou-le-destin-juif-de-kurt-weill\\\/#breadcrumb\",\"itemListElement\":[{\"@type\":\"ListItem\",\"position\":1,\"name\":\"Accueil\",\"item\":\"https:\\\/\\\/www.iemj.org\\\/es\\\/\"},{\"@type\":\"ListItem\",\"position\":2,\"name\":\"Perdu dans les \u00e9toiles ou Le destin juif de Kurt Weill\"}]},{\"@type\":\"WebSite\",\"@id\":\"https:\\\/\\\/www.iemj.org\\\/es\\\/#website\",\"url\":\"https:\\\/\\\/www.iemj.org\\\/es\\\/\",\"name\":\"Institut Europ\u00e9en des Musiques Juives\",\"description\":\"Des traditions musicales \u00e0 la port\u00e9e de tous\",\"publisher\":{\"@id\":\"https:\\\/\\\/www.iemj.org\\\/es\\\/#organization\"},\"potentialAction\":[{\"@type\":\"SearchAction\",\"target\":{\"@type\":\"EntryPoint\",\"urlTemplate\":\"https:\\\/\\\/www.iemj.org\\\/es\\\/?s={search_term_string}\"},\"query-input\":{\"@type\":\"PropertyValueSpecification\",\"valueRequired\":true,\"valueName\":\"search_term_string\"}}],\"inLanguage\":\"es\"},{\"@type\":\"Organization\",\"@id\":\"https:\\\/\\\/www.iemj.org\\\/es\\\/#organization\",\"name\":\"Institut Europ\u00e9en des Musiques Juives\",\"url\":\"https:\\\/\\\/www.iemj.org\\\/es\\\/\",\"logo\":{\"@type\":\"ImageObject\",\"inLanguage\":\"es\",\"@id\":\"https:\\\/\\\/www.iemj.org\\\/es\\\/#\\\/schema\\\/logo\\\/image\\\/\",\"url\":\"https:\\\/\\\/www.iemj.org\\\/wp-content\\\/uploads\\\/2021\\\/09\\\/Logo-IEMJ-Paypal.jpg\",\"contentUrl\":\"https:\\\/\\\/www.iemj.org\\\/wp-content\\\/uploads\\\/2021\\\/09\\\/Logo-IEMJ-Paypal.jpg\",\"width\":150,\"height\":50,\"caption\":\"Institut Europ\u00e9en des Musiques Juives\"},\"image\":{\"@id\":\"https:\\\/\\\/www.iemj.org\\\/es\\\/#\\\/schema\\\/logo\\\/image\\\/\"},\"sameAs\":[\"https:\\\/\\\/www.facebook.com\\\/MusiquesJuives\\\/\",\"https:\\\/\\\/www.instagram.com\\\/musiquesjuives\\\/\",\"https:\\\/\\\/www.youtube.com\\\/user\\\/musiquesjuives\"]},{\"@type\":\"Person\",\"@id\":\"https:\\\/\\\/www.iemj.org\\\/es\\\/#\\\/schema\\\/person\\\/358e26c18aca017fcc4cc15437f7279c\",\"name\":\"Jacqueline ROTEN\",\"image\":{\"@type\":\"ImageObject\",\"inLanguage\":\"es\",\"@id\":\"https:\\\/\\\/secure.gravatar.com\\\/avatar\\\/5964256d6c6957de3a3505278957e0fb2a35119ac47ea41827a65301213c810b?s=96&d=mm&r=g\",\"url\":\"https:\\\/\\\/secure.gravatar.com\\\/avatar\\\/5964256d6c6957de3a3505278957e0fb2a35119ac47ea41827a65301213c810b?s=96&d=mm&r=g\",\"contentUrl\":\"https:\\\/\\\/secure.gravatar.com\\\/avatar\\\/5964256d6c6957de3a3505278957e0fb2a35119ac47ea41827a65301213c810b?s=96&d=mm&r=g\",\"caption\":\"Jacqueline ROTEN\"}}]}<\/script>\n<!-- \/ Yoast SEO plugin. -->","yoast_head_json":{"title":"Perdu dans les \u00e9toiles ou Le destin juif de Kurt Weill - Institut Europ\u00e9en des Musiques Juives","robots":{"index":"index","follow":"follow","max-snippet":"max-snippet:-1","max-image-preview":"max-image-preview:large","max-video-preview":"max-video-preview:-1"},"canonical":"https:\/\/www.iemj.org\/es\/perdu-dans-les-etoiles-ou-le-destin-juif-de-kurt-weill\/","og_locale":"es_ES","og_type":"article","og_title":"Perdu dans les \u00e9toiles ou Le destin juif de Kurt Weill - Institut Europ\u00e9en des Musiques Juives","og_description":"Editions au Net, 2018","og_url":"https:\/\/www.iemj.org\/es\/perdu-dans-les-etoiles-ou-le-destin-juif-de-kurt-weill\/","og_site_name":"Institut Europ\u00e9en des Musiques Juives","article_publisher":"https:\/\/www.facebook.com\/MusiquesJuives\/","article_published_time":"2019-02-19T14:55:50+00:00","article_modified_time":"2024-01-03T15:20:23+00:00","og_image":[{"width":316,"height":448,"url":"https:\/\/www.iemj.org\/wp-content\/uploads\/2019\/02\/arton3956.jpg","type":"image\/jpeg"}],"author":"Jacqueline ROTEN","twitter_card":"summary_large_image","twitter_misc":{"Escrito por":"Jacqueline ROTEN","Tiempo de lectura":"6 minutos"},"schema":{"@context":"https:\/\/schema.org","@graph":[{"@type":"Article","@id":"https:\/\/www.iemj.org\/es\/perdu-dans-les-etoiles-ou-le-destin-juif-de-kurt-weill\/#article","isPartOf":{"@id":"https:\/\/www.iemj.org\/es\/perdu-dans-les-etoiles-ou-le-destin-juif-de-kurt-weill\/"},"author":{"name":"Jacqueline ROTEN","@id":"https:\/\/www.iemj.org\/es\/#\/schema\/person\/358e26c18aca017fcc4cc15437f7279c"},"headline":"Perdu dans les \u00e9toiles ou Le destin juif de Kurt Weill","datePublished":"2019-02-19T14:55:50+00:00","dateModified":"2024-01-03T15:20:23+00:00","mainEntityOfPage":{"@id":"https:\/\/www.iemj.org\/es\/perdu-dans-les-etoiles-ou-le-destin-juif-de-kurt-weill\/"},"wordCount":962,"publisher":{"@id":"https:\/\/www.iemj.org\/es\/#organization"},"image":{"@id":"https:\/\/www.iemj.org\/es\/perdu-dans-les-etoiles-ou-le-destin-juif-de-kurt-weill\/#primaryimage"},"thumbnailUrl":"https:\/\/www.iemj.org\/wp-content\/uploads\/2019\/02\/arton3956.jpg","articleSection":["Libros, art\u00edculos","\u00daltimas adquisiciones"],"inLanguage":"es"},{"@type":"WebPage","@id":"https:\/\/www.iemj.org\/es\/perdu-dans-les-etoiles-ou-le-destin-juif-de-kurt-weill\/","url":"https:\/\/www.iemj.org\/es\/perdu-dans-les-etoiles-ou-le-destin-juif-de-kurt-weill\/","name":"Perdu dans les \u00e9toiles ou Le destin juif de Kurt Weill - Institut Europ\u00e9en des Musiques Juives","isPartOf":{"@id":"https:\/\/www.iemj.org\/es\/#website"},"primaryImageOfPage":{"@id":"https:\/\/www.iemj.org\/es\/perdu-dans-les-etoiles-ou-le-destin-juif-de-kurt-weill\/#primaryimage"},"image":{"@id":"https:\/\/www.iemj.org\/es\/perdu-dans-les-etoiles-ou-le-destin-juif-de-kurt-weill\/#primaryimage"},"thumbnailUrl":"https:\/\/www.iemj.org\/wp-content\/uploads\/2019\/02\/arton3956.jpg","datePublished":"2019-02-19T14:55:50+00:00","dateModified":"2024-01-03T15:20:23+00:00","breadcrumb":{"@id":"https:\/\/www.iemj.org\/es\/perdu-dans-les-etoiles-ou-le-destin-juif-de-kurt-weill\/#breadcrumb"},"inLanguage":"es","potentialAction":[{"@type":"ReadAction","target":["https:\/\/www.iemj.org\/es\/perdu-dans-les-etoiles-ou-le-destin-juif-de-kurt-weill\/"]}]},{"@type":"ImageObject","inLanguage":"es","@id":"https:\/\/www.iemj.org\/es\/perdu-dans-les-etoiles-ou-le-destin-juif-de-kurt-weill\/#primaryimage","url":"https:\/\/www.iemj.org\/wp-content\/uploads\/2019\/02\/arton3956.jpg","contentUrl":"https:\/\/www.iemj.org\/wp-content\/uploads\/2019\/02\/arton3956.jpg","width":316,"height":448},{"@type":"BreadcrumbList","@id":"https:\/\/www.iemj.org\/es\/perdu-dans-les-etoiles-ou-le-destin-juif-de-kurt-weill\/#breadcrumb","itemListElement":[{"@type":"ListItem","position":1,"name":"Accueil","item":"https:\/\/www.iemj.org\/es\/"},{"@type":"ListItem","position":2,"name":"Perdu dans les \u00e9toiles ou Le destin juif de Kurt Weill"}]},{"@type":"WebSite","@id":"https:\/\/www.iemj.org\/es\/#website","url":"https:\/\/www.iemj.org\/es\/","name":"Institut Europ\u00e9en des Musiques Juives","description":"Des traditions musicales \u00e0 la port\u00e9e de tous","publisher":{"@id":"https:\/\/www.iemj.org\/es\/#organization"},"potentialAction":[{"@type":"SearchAction","target":{"@type":"EntryPoint","urlTemplate":"https:\/\/www.iemj.org\/es\/?s={search_term_string}"},"query-input":{"@type":"PropertyValueSpecification","valueRequired":true,"valueName":"search_term_string"}}],"inLanguage":"es"},{"@type":"Organization","@id":"https:\/\/www.iemj.org\/es\/#organization","name":"Institut Europ\u00e9en des Musiques Juives","url":"https:\/\/www.iemj.org\/es\/","logo":{"@type":"ImageObject","inLanguage":"es","@id":"https:\/\/www.iemj.org\/es\/#\/schema\/logo\/image\/","url":"https:\/\/www.iemj.org\/wp-content\/uploads\/2021\/09\/Logo-IEMJ-Paypal.jpg","contentUrl":"https:\/\/www.iemj.org\/wp-content\/uploads\/2021\/09\/Logo-IEMJ-Paypal.jpg","width":150,"height":50,"caption":"Institut Europ\u00e9en des Musiques Juives"},"image":{"@id":"https:\/\/www.iemj.org\/es\/#\/schema\/logo\/image\/"},"sameAs":["https:\/\/www.facebook.com\/MusiquesJuives\/","https:\/\/www.instagram.com\/musiquesjuives\/","https:\/\/www.youtube.com\/user\/musiquesjuives"]},{"@type":"Person","@id":"https:\/\/www.iemj.org\/es\/#\/schema\/person\/358e26c18aca017fcc4cc15437f7279c","name":"Jacqueline ROTEN","image":{"@type":"ImageObject","inLanguage":"es","@id":"https:\/\/secure.gravatar.com\/avatar\/5964256d6c6957de3a3505278957e0fb2a35119ac47ea41827a65301213c810b?s=96&d=mm&r=g","url":"https:\/\/secure.gravatar.com\/avatar\/5964256d6c6957de3a3505278957e0fb2a35119ac47ea41827a65301213c810b?s=96&d=mm&r=g","contentUrl":"https:\/\/secure.gravatar.com\/avatar\/5964256d6c6957de3a3505278957e0fb2a35119ac47ea41827a65301213c810b?s=96&d=mm&r=g","caption":"Jacqueline ROTEN"}}]}},"_links":{"self":[{"href":"https:\/\/www.iemj.org\/es\/wp-json\/wp\/v2\/posts\/106986","targetHints":{"allow":["GET"]}}],"collection":[{"href":"https:\/\/www.iemj.org\/es\/wp-json\/wp\/v2\/posts"}],"about":[{"href":"https:\/\/www.iemj.org\/es\/wp-json\/wp\/v2\/types\/post"}],"author":[{"embeddable":true,"href":"https:\/\/www.iemj.org\/es\/wp-json\/wp\/v2\/users\/5"}],"replies":[{"embeddable":true,"href":"https:\/\/www.iemj.org\/es\/wp-json\/wp\/v2\/comments?post=106986"}],"version-history":[{"count":0,"href":"https:\/\/www.iemj.org\/es\/wp-json\/wp\/v2\/posts\/106986\/revisions"}],"wp:featuredmedia":[{"embeddable":true,"href":"https:\/\/www.iemj.org\/es\/wp-json\/wp\/v2\/media\/106987"}],"wp:attachment":[{"href":"https:\/\/www.iemj.org\/es\/wp-json\/wp\/v2\/media?parent=106986"}],"wp:term":[{"taxonomy":"category","embeddable":true,"href":"https:\/\/www.iemj.org\/es\/wp-json\/wp\/v2\/categories?post=106986"},{"taxonomy":"post_tag","embeddable":true,"href":"https:\/\/www.iemj.org\/es\/wp-json\/wp\/v2\/tags?post=106986"},{"taxonomy":"technique","embeddable":true,"href":"https:\/\/www.iemj.org\/es\/wp-json\/wp\/v2\/technique?post=106986"},{"taxonomy":"squelettes","embeddable":true,"href":"https:\/\/www.iemj.org\/es\/wp-json\/wp\/v2\/squelettes?post=106986"},{"taxonomy":"sujet","embeddable":true,"href":"https:\/\/www.iemj.org\/es\/wp-json\/wp\/v2\/sujet?post=106986"},{"taxonomy":"formation","embeddable":true,"href":"https:\/\/www.iemj.org\/es\/wp-json\/wp\/v2\/formation?post=106986"},{"taxonomy":"genre","embeddable":true,"href":"https:\/\/www.iemj.org\/es\/wp-json\/wp\/v2\/genre?post=106986"},{"taxonomy":"fonds","embeddable":true,"href":"https:\/\/www.iemj.org\/es\/wp-json\/wp\/v2\/fonds?post=106986"},{"taxonomy":"tradition","embeddable":true,"href":"https:\/\/www.iemj.org\/es\/wp-json\/wp\/v2\/tradition?post=106986"},{"taxonomy":"type-de-contenu","embeddable":true,"href":"https:\/\/www.iemj.org\/es\/wp-json\/wp\/v2\/type-de-contenu?post=106986"},{"taxonomy":"interprete-compositeur","embeddable":true,"href":"https:\/\/www.iemj.org\/es\/wp-json\/wp\/v2\/interprete-compositeur?post=106986"},{"taxonomy":"frise","embeddable":true,"href":"https:\/\/www.iemj.org\/es\/wp-json\/wp\/v2\/frise?post=106986"},{"taxonomy":"type-devenement","embeddable":true,"href":"https:\/\/www.iemj.org\/es\/wp-json\/wp\/v2\/type-devenement?post=106986"},{"taxonomy":"tableaux-liens-externes","embeddable":true,"href":"https:\/\/www.iemj.org\/es\/wp-json\/wp\/v2\/tableaux-liens-externes?post=106986"}],"curies":[{"name":"wp","href":"https:\/\/api.w.org\/{rel}","templated":true}]}}