{"id":107024,"date":"2018-12-17T10:40:40","date_gmt":"2018-12-17T09:40:40","guid":{"rendered":"https:\/\/www.iemj.org\/punk-rock-hora-adventures-in-jew-punk-land\/"},"modified":"2024-01-04T16:45:07","modified_gmt":"2024-01-04T15:45:07","slug":"punk-rock-hora-adventures-in-jew-punk-land","status":"publish","type":"post","link":"https:\/\/www.iemj.org\/es\/punk-rock-hora-adventures-in-jew-punk-land\/","title":{"rendered":"Punk Rock Hora : Adventures in Jew-Punk land"},"content":{"rendered":"<p>Desde 2005, Michael Croland ha asistido a innumerables conciertos de bandas punk jud\u00edas y entrevistado a decenas de m\u00fasicos de este original movimiento musical. Ha bebido el famoso vino Manischewitz entre los conciertos, ha presenciado una pelea de bagels entre un cantante y sus fans, y ha organizado su propia boda al son de esta m\u00fasica.<\/p>\n<p>Punk Rock Hora cubre 13 a\u00f1os de cultura jud\u00eda alternativa, con an\u00e9cdotas humor\u00edsticas entre bastidores y rese\u00f1as de canciones. Descubrimos c\u00f3mo Michael se enamor\u00f3 del punk jud\u00edo, as\u00ed como provocativas entrevistas con jud\u00edos marginales y listas de reproducci\u00f3n para las fiestas jud\u00edas.<br \/>\nLa primera parte del libro trata del fen\u00f3meno punk-jud\u00edo y re\u00fane una serie de art\u00edculos sobre el tema escritos entre 2005 y 2010. La segunda parte re\u00fane entrevistas seleccionadas de su primer libro <a href=\"https:\/\/www.iemj.org\/oy-oy-oy-gevalt-jews-and-punk\/\" target=\"_blank\" rel=\"noopener\">Oy Oy Oy Gevalt!<\/a>, as\u00ed como entrevistas in\u00e9ditas que cubren el periodo 2013-2016. Por \u00faltimo, la tercera parte, escrita entre 2016 y 2018, presenta nuevas bandas, sus \u00e1lbumes y rese\u00f1as de conciertos<\/p>\n<p>Michael Croland es autor de <em>Oy Oy Oy Gevalt<\/em>, unas memorias acad\u00e9micas publicadas en 2016. Ha colaborado en numerosas revistas y sitios web sobre el tema, y mantiene un blog con el mismo nombre.<\/p>\n<p>Les punks-juifs crient fi\u00e8rement leur jud\u00e9it\u00e9, de fa\u00e7on personnelle et inspir\u00e9e, et en dehors des chemins habituels. Mais le voyage qu\u2019a entrepris Michael ne parle pas que de leur art. En d\u00e9crivant ce ph\u00e9nom\u00e8ne, Michael a d\u00e9couvert sa propre identit\u00e9, et a appris \u00e0 se sentir bien dans sa peau. Punk et juif.<\/p>\n<p><a href=\"https:\/\/www.amazon.com\/dp\/1730823718\" target=\"_blank\" rel=\"noopener\">Pedir el libro Punk Rock Hora<\/a><br \/>\n<a href=\"https:\/\/michaelcroland.com\/\" target=\"_blank\" rel=\"noopener\">Ver el blog de Michael Croland<\/a><br \/>\n<a href=\"https:\/\/www.iemj.org\/oy-oy-oy-gevalt-jews-and-punk\/\" target=\"_blank\" rel=\"noopener\">M\u00e1s informaci\u00f3n sobre el libro<em> Oy Oy Oy Gevalt!<\/em><\/a><\/p>\n","protected":false},"excerpt":{"rendered":"<p>Desde 2005, Michael Croland ha asistido a innumerables conciertos de bandas punk jud\u00edas y entrevistado a decenas de m\u00fasicos de este original movimiento musical. Ha bebido el famoso vino Manischewitz<\/p>\n","protected":false},"author":1048,"featured_media":107025,"comment_status":"closed","ping_status":"open","sticky":false,"template":"","format":"standard","meta":{"_acf_changed":false,"footnotes":""},"categories":[1577,1565],"tags":[],"technique":[],"squelettes":[],"sujet":[],"formation":[],"genre":[1867],"fonds":[],"tradition":[],"type-de-contenu":[],"interprete-compositeur":[],"frise":[],"type-devenement":[],"tableaux-liens-externes":[],"class_list":["post-107024","post","type-post","status-publish","format-standard","has-post-thumbnail","hentry","category-libros-articulos-es","category-ultimas-adquisiciones-es","genre-rock-es"],"acf":[],"yoast_head":"<!-- This site is optimized with the Yoast SEO plugin v27.3 - https:\/\/yoast.com\/product\/yoast-seo-wordpress\/ -->\n<title>Punk Rock Hora : Adventures in Jew-Punk land - Institut Europ\u00e9en des Musiques Juives<\/title>\n<meta name=\"robots\" content=\"index, follow, max-snippet:-1, max-image-preview:large, max-video-preview:-1\" \/>\n<link rel=\"canonical\" href=\"https:\/\/www.iemj.org\/es\/punk-rock-hora-adventures-in-jew-punk-land\/\" \/>\n<meta property=\"og:locale\" content=\"es_ES\" \/>\n<meta property=\"og:type\" content=\"article\" \/>\n<meta property=\"og:title\" content=\"Punk Rock Hora : Adventures in Jew-Punk land - Institut Europ\u00e9en des Musiques Juives\" \/>\n<meta property=\"og:description\" content=\"Desde 2005, Michael Croland ha asistido a innumerables conciertos de bandas punk jud\u00edas y entrevistado a decenas de m\u00fasicos de este original movimiento musical. Ha bebido el famoso vino Manischewitz\" \/>\n<meta property=\"og:url\" content=\"https:\/\/www.iemj.org\/es\/punk-rock-hora-adventures-in-jew-punk-land\/\" \/>\n<meta property=\"og:site_name\" content=\"Institut Europ\u00e9en des Musiques Juives\" \/>\n<meta property=\"article:publisher\" content=\"https:\/\/www.facebook.com\/MusiquesJuives\/\" \/>\n<meta property=\"article:published_time\" content=\"2018-12-17T09:40:40+00:00\" \/>\n<meta property=\"article:modified_time\" content=\"2024-01-04T15:45:07+00:00\" \/>\n<meta property=\"og:image\" content=\"https:\/\/www.iemj.org\/wp-content\/uploads\/2018\/12\/Punk-Rock-Hora_Couv-e1619110796499.jpg\" \/>\n\t<meta property=\"og:image:width\" content=\"350\" \/>\n\t<meta property=\"og:image:height\" content=\"533\" \/>\n\t<meta property=\"og:image:type\" content=\"image\/jpeg\" \/>\n<meta name=\"author\" content=\"Jean-Gabriel Davis\" \/>\n<meta name=\"twitter:card\" content=\"summary_large_image\" \/>\n<meta name=\"twitter:label1\" content=\"Escrito por\" \/>\n\t<meta name=\"twitter:data1\" content=\"Jean-Gabriel Davis\" \/>\n\t<meta name=\"twitter:label2\" content=\"Tiempo de lectura\" \/>\n\t<meta name=\"twitter:data2\" content=\"2 minutos\" \/>\n<script type=\"application\/ld+json\" class=\"yoast-schema-graph\">{\"@context\":\"https:\\\/\\\/schema.org\",\"@graph\":[{\"@type\":\"Article\",\"@id\":\"https:\\\/\\\/www.iemj.org\\\/es\\\/punk-rock-hora-adventures-in-jew-punk-land\\\/#article\",\"isPartOf\":{\"@id\":\"https:\\\/\\\/www.iemj.org\\\/es\\\/punk-rock-hora-adventures-in-jew-punk-land\\\/\"},\"author\":{\"name\":\"Jean-Gabriel Davis\",\"@id\":\"https:\\\/\\\/www.iemj.org\\\/es\\\/#\\\/schema\\\/person\\\/c9bc1c386a3749579a2d675e72a18666\"},\"headline\":\"Punk Rock Hora : Adventures in Jew-Punk land\",\"datePublished\":\"2018-12-17T09:40:40+00:00\",\"dateModified\":\"2024-01-04T15:45:07+00:00\",\"mainEntityOfPage\":{\"@id\":\"https:\\\/\\\/www.iemj.org\\\/es\\\/punk-rock-hora-adventures-in-jew-punk-land\\\/\"},\"wordCount\":302,\"publisher\":{\"@id\":\"https:\\\/\\\/www.iemj.org\\\/es\\\/#organization\"},\"image\":{\"@id\":\"https:\\\/\\\/www.iemj.org\\\/es\\\/punk-rock-hora-adventures-in-jew-punk-land\\\/#primaryimage\"},\"thumbnailUrl\":\"https:\\\/\\\/www.iemj.org\\\/wp-content\\\/uploads\\\/2018\\\/12\\\/Punk-Rock-Hora_Couv-e1619110796499.jpg\",\"articleSection\":[\"Libros, art\u00edculos\",\"\u00daltimas adquisiciones\"],\"inLanguage\":\"es\"},{\"@type\":\"WebPage\",\"@id\":\"https:\\\/\\\/www.iemj.org\\\/es\\\/punk-rock-hora-adventures-in-jew-punk-land\\\/\",\"url\":\"https:\\\/\\\/www.iemj.org\\\/es\\\/punk-rock-hora-adventures-in-jew-punk-land\\\/\",\"name\":\"Punk Rock Hora : Adventures in Jew-Punk land - Institut Europ\u00e9en des Musiques Juives\",\"isPartOf\":{\"@id\":\"https:\\\/\\\/www.iemj.org\\\/es\\\/#website\"},\"primaryImageOfPage\":{\"@id\":\"https:\\\/\\\/www.iemj.org\\\/es\\\/punk-rock-hora-adventures-in-jew-punk-land\\\/#primaryimage\"},\"image\":{\"@id\":\"https:\\\/\\\/www.iemj.org\\\/es\\\/punk-rock-hora-adventures-in-jew-punk-land\\\/#primaryimage\"},\"thumbnailUrl\":\"https:\\\/\\\/www.iemj.org\\\/wp-content\\\/uploads\\\/2018\\\/12\\\/Punk-Rock-Hora_Couv-e1619110796499.jpg\",\"datePublished\":\"2018-12-17T09:40:40+00:00\",\"dateModified\":\"2024-01-04T15:45:07+00:00\",\"breadcrumb\":{\"@id\":\"https:\\\/\\\/www.iemj.org\\\/es\\\/punk-rock-hora-adventures-in-jew-punk-land\\\/#breadcrumb\"},\"inLanguage\":\"es\",\"potentialAction\":[{\"@type\":\"ReadAction\",\"target\":[\"https:\\\/\\\/www.iemj.org\\\/es\\\/punk-rock-hora-adventures-in-jew-punk-land\\\/\"]}]},{\"@type\":\"ImageObject\",\"inLanguage\":\"es\",\"@id\":\"https:\\\/\\\/www.iemj.org\\\/es\\\/punk-rock-hora-adventures-in-jew-punk-land\\\/#primaryimage\",\"url\":\"https:\\\/\\\/www.iemj.org\\\/wp-content\\\/uploads\\\/2018\\\/12\\\/Punk-Rock-Hora_Couv-e1619110796499.jpg\",\"contentUrl\":\"https:\\\/\\\/www.iemj.org\\\/wp-content\\\/uploads\\\/2018\\\/12\\\/Punk-Rock-Hora_Couv-e1619110796499.jpg\",\"width\":350,\"height\":533},{\"@type\":\"BreadcrumbList\",\"@id\":\"https:\\\/\\\/www.iemj.org\\\/es\\\/punk-rock-hora-adventures-in-jew-punk-land\\\/#breadcrumb\",\"itemListElement\":[{\"@type\":\"ListItem\",\"position\":1,\"name\":\"Accueil\",\"item\":\"https:\\\/\\\/www.iemj.org\\\/es\\\/\"},{\"@type\":\"ListItem\",\"position\":2,\"name\":\"Punk Rock Hora : Adventures in Jew-Punk land\"}]},{\"@type\":\"WebSite\",\"@id\":\"https:\\\/\\\/www.iemj.org\\\/es\\\/#website\",\"url\":\"https:\\\/\\\/www.iemj.org\\\/es\\\/\",\"name\":\"Institut Europ\u00e9en des Musiques Juives\",\"description\":\"Des traditions musicales \u00e0 la port\u00e9e de tous\",\"publisher\":{\"@id\":\"https:\\\/\\\/www.iemj.org\\\/es\\\/#organization\"},\"potentialAction\":[{\"@type\":\"SearchAction\",\"target\":{\"@type\":\"EntryPoint\",\"urlTemplate\":\"https:\\\/\\\/www.iemj.org\\\/es\\\/?s={search_term_string}\"},\"query-input\":{\"@type\":\"PropertyValueSpecification\",\"valueRequired\":true,\"valueName\":\"search_term_string\"}}],\"inLanguage\":\"es\"},{\"@type\":\"Organization\",\"@id\":\"https:\\\/\\\/www.iemj.org\\\/es\\\/#organization\",\"name\":\"Institut Europ\u00e9en des Musiques Juives\",\"url\":\"https:\\\/\\\/www.iemj.org\\\/es\\\/\",\"logo\":{\"@type\":\"ImageObject\",\"inLanguage\":\"es\",\"@id\":\"https:\\\/\\\/www.iemj.org\\\/es\\\/#\\\/schema\\\/logo\\\/image\\\/\",\"url\":\"https:\\\/\\\/www.iemj.org\\\/wp-content\\\/uploads\\\/2021\\\/09\\\/Logo-IEMJ-Paypal.jpg\",\"contentUrl\":\"https:\\\/\\\/www.iemj.org\\\/wp-content\\\/uploads\\\/2021\\\/09\\\/Logo-IEMJ-Paypal.jpg\",\"width\":150,\"height\":50,\"caption\":\"Institut Europ\u00e9en des Musiques Juives\"},\"image\":{\"@id\":\"https:\\\/\\\/www.iemj.org\\\/es\\\/#\\\/schema\\\/logo\\\/image\\\/\"},\"sameAs\":[\"https:\\\/\\\/www.facebook.com\\\/MusiquesJuives\\\/\",\"https:\\\/\\\/www.instagram.com\\\/musiquesjuives\\\/\",\"https:\\\/\\\/www.youtube.com\\\/user\\\/musiquesjuives\"]},{\"@type\":\"Person\",\"@id\":\"https:\\\/\\\/www.iemj.org\\\/es\\\/#\\\/schema\\\/person\\\/c9bc1c386a3749579a2d675e72a18666\",\"name\":\"Jean-Gabriel Davis\",\"image\":{\"@type\":\"ImageObject\",\"inLanguage\":\"es\",\"@id\":\"https:\\\/\\\/secure.gravatar.com\\\/avatar\\\/2b90d67bdf392c9b3a21fab87c0fa7edaf1fb3a058172a1ffd61033fcec7aec1?s=96&d=mm&r=g\",\"url\":\"https:\\\/\\\/secure.gravatar.com\\\/avatar\\\/2b90d67bdf392c9b3a21fab87c0fa7edaf1fb3a058172a1ffd61033fcec7aec1?s=96&d=mm&r=g\",\"contentUrl\":\"https:\\\/\\\/secure.gravatar.com\\\/avatar\\\/2b90d67bdf392c9b3a21fab87c0fa7edaf1fb3a058172a1ffd61033fcec7aec1?s=96&d=mm&r=g\",\"caption\":\"Jean-Gabriel Davis\"}}]}<\/script>\n<!-- \/ Yoast SEO plugin. -->","yoast_head_json":{"title":"Punk Rock Hora : Adventures in Jew-Punk land - Institut Europ\u00e9en des Musiques Juives","robots":{"index":"index","follow":"follow","max-snippet":"max-snippet:-1","max-image-preview":"max-image-preview:large","max-video-preview":"max-video-preview:-1"},"canonical":"https:\/\/www.iemj.org\/es\/punk-rock-hora-adventures-in-jew-punk-land\/","og_locale":"es_ES","og_type":"article","og_title":"Punk Rock Hora : Adventures in Jew-Punk land - Institut Europ\u00e9en des Musiques Juives","og_description":"Desde 2005, Michael Croland ha asistido a innumerables conciertos de bandas punk jud\u00edas y entrevistado a decenas de m\u00fasicos de este original movimiento musical. Ha bebido el famoso vino Manischewitz","og_url":"https:\/\/www.iemj.org\/es\/punk-rock-hora-adventures-in-jew-punk-land\/","og_site_name":"Institut Europ\u00e9en des Musiques Juives","article_publisher":"https:\/\/www.facebook.com\/MusiquesJuives\/","article_published_time":"2018-12-17T09:40:40+00:00","article_modified_time":"2024-01-04T15:45:07+00:00","og_image":[{"width":350,"height":533,"url":"https:\/\/www.iemj.org\/wp-content\/uploads\/2018\/12\/Punk-Rock-Hora_Couv-e1619110796499.jpg","type":"image\/jpeg"}],"author":"Jean-Gabriel Davis","twitter_card":"summary_large_image","twitter_misc":{"Escrito por":"Jean-Gabriel Davis","Tiempo de lectura":"2 minutos"},"schema":{"@context":"https:\/\/schema.org","@graph":[{"@type":"Article","@id":"https:\/\/www.iemj.org\/es\/punk-rock-hora-adventures-in-jew-punk-land\/#article","isPartOf":{"@id":"https:\/\/www.iemj.org\/es\/punk-rock-hora-adventures-in-jew-punk-land\/"},"author":{"name":"Jean-Gabriel Davis","@id":"https:\/\/www.iemj.org\/es\/#\/schema\/person\/c9bc1c386a3749579a2d675e72a18666"},"headline":"Punk Rock Hora : Adventures in Jew-Punk land","datePublished":"2018-12-17T09:40:40+00:00","dateModified":"2024-01-04T15:45:07+00:00","mainEntityOfPage":{"@id":"https:\/\/www.iemj.org\/es\/punk-rock-hora-adventures-in-jew-punk-land\/"},"wordCount":302,"publisher":{"@id":"https:\/\/www.iemj.org\/es\/#organization"},"image":{"@id":"https:\/\/www.iemj.org\/es\/punk-rock-hora-adventures-in-jew-punk-land\/#primaryimage"},"thumbnailUrl":"https:\/\/www.iemj.org\/wp-content\/uploads\/2018\/12\/Punk-Rock-Hora_Couv-e1619110796499.jpg","articleSection":["Libros, art\u00edculos","\u00daltimas adquisiciones"],"inLanguage":"es"},{"@type":"WebPage","@id":"https:\/\/www.iemj.org\/es\/punk-rock-hora-adventures-in-jew-punk-land\/","url":"https:\/\/www.iemj.org\/es\/punk-rock-hora-adventures-in-jew-punk-land\/","name":"Punk Rock Hora : Adventures in Jew-Punk land - Institut Europ\u00e9en des Musiques Juives","isPartOf":{"@id":"https:\/\/www.iemj.org\/es\/#website"},"primaryImageOfPage":{"@id":"https:\/\/www.iemj.org\/es\/punk-rock-hora-adventures-in-jew-punk-land\/#primaryimage"},"image":{"@id":"https:\/\/www.iemj.org\/es\/punk-rock-hora-adventures-in-jew-punk-land\/#primaryimage"},"thumbnailUrl":"https:\/\/www.iemj.org\/wp-content\/uploads\/2018\/12\/Punk-Rock-Hora_Couv-e1619110796499.jpg","datePublished":"2018-12-17T09:40:40+00:00","dateModified":"2024-01-04T15:45:07+00:00","breadcrumb":{"@id":"https:\/\/www.iemj.org\/es\/punk-rock-hora-adventures-in-jew-punk-land\/#breadcrumb"},"inLanguage":"es","potentialAction":[{"@type":"ReadAction","target":["https:\/\/www.iemj.org\/es\/punk-rock-hora-adventures-in-jew-punk-land\/"]}]},{"@type":"ImageObject","inLanguage":"es","@id":"https:\/\/www.iemj.org\/es\/punk-rock-hora-adventures-in-jew-punk-land\/#primaryimage","url":"https:\/\/www.iemj.org\/wp-content\/uploads\/2018\/12\/Punk-Rock-Hora_Couv-e1619110796499.jpg","contentUrl":"https:\/\/www.iemj.org\/wp-content\/uploads\/2018\/12\/Punk-Rock-Hora_Couv-e1619110796499.jpg","width":350,"height":533},{"@type":"BreadcrumbList","@id":"https:\/\/www.iemj.org\/es\/punk-rock-hora-adventures-in-jew-punk-land\/#breadcrumb","itemListElement":[{"@type":"ListItem","position":1,"name":"Accueil","item":"https:\/\/www.iemj.org\/es\/"},{"@type":"ListItem","position":2,"name":"Punk Rock Hora : Adventures in Jew-Punk land"}]},{"@type":"WebSite","@id":"https:\/\/www.iemj.org\/es\/#website","url":"https:\/\/www.iemj.org\/es\/","name":"Institut Europ\u00e9en des Musiques Juives","description":"Des traditions musicales \u00e0 la port\u00e9e de tous","publisher":{"@id":"https:\/\/www.iemj.org\/es\/#organization"},"potentialAction":[{"@type":"SearchAction","target":{"@type":"EntryPoint","urlTemplate":"https:\/\/www.iemj.org\/es\/?s={search_term_string}"},"query-input":{"@type":"PropertyValueSpecification","valueRequired":true,"valueName":"search_term_string"}}],"inLanguage":"es"},{"@type":"Organization","@id":"https:\/\/www.iemj.org\/es\/#organization","name":"Institut Europ\u00e9en des Musiques Juives","url":"https:\/\/www.iemj.org\/es\/","logo":{"@type":"ImageObject","inLanguage":"es","@id":"https:\/\/www.iemj.org\/es\/#\/schema\/logo\/image\/","url":"https:\/\/www.iemj.org\/wp-content\/uploads\/2021\/09\/Logo-IEMJ-Paypal.jpg","contentUrl":"https:\/\/www.iemj.org\/wp-content\/uploads\/2021\/09\/Logo-IEMJ-Paypal.jpg","width":150,"height":50,"caption":"Institut Europ\u00e9en des Musiques Juives"},"image":{"@id":"https:\/\/www.iemj.org\/es\/#\/schema\/logo\/image\/"},"sameAs":["https:\/\/www.facebook.com\/MusiquesJuives\/","https:\/\/www.instagram.com\/musiquesjuives\/","https:\/\/www.youtube.com\/user\/musiquesjuives"]},{"@type":"Person","@id":"https:\/\/www.iemj.org\/es\/#\/schema\/person\/c9bc1c386a3749579a2d675e72a18666","name":"Jean-Gabriel Davis","image":{"@type":"ImageObject","inLanguage":"es","@id":"https:\/\/secure.gravatar.com\/avatar\/2b90d67bdf392c9b3a21fab87c0fa7edaf1fb3a058172a1ffd61033fcec7aec1?s=96&d=mm&r=g","url":"https:\/\/secure.gravatar.com\/avatar\/2b90d67bdf392c9b3a21fab87c0fa7edaf1fb3a058172a1ffd61033fcec7aec1?s=96&d=mm&r=g","contentUrl":"https:\/\/secure.gravatar.com\/avatar\/2b90d67bdf392c9b3a21fab87c0fa7edaf1fb3a058172a1ffd61033fcec7aec1?s=96&d=mm&r=g","caption":"Jean-Gabriel Davis"}}]}},"_links":{"self":[{"href":"https:\/\/www.iemj.org\/es\/wp-json\/wp\/v2\/posts\/107024","targetHints":{"allow":["GET"]}}],"collection":[{"href":"https:\/\/www.iemj.org\/es\/wp-json\/wp\/v2\/posts"}],"about":[{"href":"https:\/\/www.iemj.org\/es\/wp-json\/wp\/v2\/types\/post"}],"author":[{"embeddable":true,"href":"https:\/\/www.iemj.org\/es\/wp-json\/wp\/v2\/users\/1048"}],"replies":[{"embeddable":true,"href":"https:\/\/www.iemj.org\/es\/wp-json\/wp\/v2\/comments?post=107024"}],"version-history":[{"count":0,"href":"https:\/\/www.iemj.org\/es\/wp-json\/wp\/v2\/posts\/107024\/revisions"}],"wp:featuredmedia":[{"embeddable":true,"href":"https:\/\/www.iemj.org\/es\/wp-json\/wp\/v2\/media\/107025"}],"wp:attachment":[{"href":"https:\/\/www.iemj.org\/es\/wp-json\/wp\/v2\/media?parent=107024"}],"wp:term":[{"taxonomy":"category","embeddable":true,"href":"https:\/\/www.iemj.org\/es\/wp-json\/wp\/v2\/categories?post=107024"},{"taxonomy":"post_tag","embeddable":true,"href":"https:\/\/www.iemj.org\/es\/wp-json\/wp\/v2\/tags?post=107024"},{"taxonomy":"technique","embeddable":true,"href":"https:\/\/www.iemj.org\/es\/wp-json\/wp\/v2\/technique?post=107024"},{"taxonomy":"squelettes","embeddable":true,"href":"https:\/\/www.iemj.org\/es\/wp-json\/wp\/v2\/squelettes?post=107024"},{"taxonomy":"sujet","embeddable":true,"href":"https:\/\/www.iemj.org\/es\/wp-json\/wp\/v2\/sujet?post=107024"},{"taxonomy":"formation","embeddable":true,"href":"https:\/\/www.iemj.org\/es\/wp-json\/wp\/v2\/formation?post=107024"},{"taxonomy":"genre","embeddable":true,"href":"https:\/\/www.iemj.org\/es\/wp-json\/wp\/v2\/genre?post=107024"},{"taxonomy":"fonds","embeddable":true,"href":"https:\/\/www.iemj.org\/es\/wp-json\/wp\/v2\/fonds?post=107024"},{"taxonomy":"tradition","embeddable":true,"href":"https:\/\/www.iemj.org\/es\/wp-json\/wp\/v2\/tradition?post=107024"},{"taxonomy":"type-de-contenu","embeddable":true,"href":"https:\/\/www.iemj.org\/es\/wp-json\/wp\/v2\/type-de-contenu?post=107024"},{"taxonomy":"interprete-compositeur","embeddable":true,"href":"https:\/\/www.iemj.org\/es\/wp-json\/wp\/v2\/interprete-compositeur?post=107024"},{"taxonomy":"frise","embeddable":true,"href":"https:\/\/www.iemj.org\/es\/wp-json\/wp\/v2\/frise?post=107024"},{"taxonomy":"type-devenement","embeddable":true,"href":"https:\/\/www.iemj.org\/es\/wp-json\/wp\/v2\/type-devenement?post=107024"},{"taxonomy":"tableaux-liens-externes","embeddable":true,"href":"https:\/\/www.iemj.org\/es\/wp-json\/wp\/v2\/tableaux-liens-externes?post=107024"}],"curies":[{"name":"wp","href":"https:\/\/api.w.org\/{rel}","templated":true}]}}