{"id":107106,"date":"2024-01-08T16:46:58","date_gmt":"2024-01-08T15:46:58","guid":{"rendered":"https:\/\/www.iemj.org\/ilana-cravitz\/"},"modified":"2024-01-11T10:09:21","modified_gmt":"2024-01-11T09:09:21","slug":"ilana-cravitz","status":"publish","type":"post","link":"https:\/\/www.iemj.org\/es\/ilana-cravitz\/","title":{"rendered":"Cravitz, Ilana"},"content":{"rendered":"<p>Ilana Cravitz es violinista y viola da gamba especializada en los repertorios klezmer, barroco y cl\u00e1sico. Sus gustos musicales son ecl\u00e9cticos, y tambi\u00e9n toca m\u00fasica inglesa, celta, sefard\u00ed y flamenco.<\/p>\n<p>Residente en Londres, Ilana Cravitz act\u00faa regularmente en bodas, bar mitzvahs y fiestas. Tambi\u00e9n imparte clases de m\u00fasica y danza klezmer basadas en la m\u00fasica tradicional jud\u00eda. Ilana ha estudiado t\u00e9cnica de viol\u00edn klezmer tradicional y danza yiddish con destacados artistas del renacimiento klezmer, como Deborah Strauss, Alicia Svigals, Michael Alpert, Zev Feldman et Andreas Schmitges.<\/p>\n<p>Ilana es la fundadora de la National Klezmer Youth Orkester, que pone en contacto a j\u00f3venes m\u00fasicos y sus profesores con profesionales del klezmer de todo el mundo.<\/p>\n<p>En 2015, por invitaci\u00f3n del Jewish Music Institute (JMI), que dirigi\u00f3 durante dos a\u00f1os, Ilana restableci\u00f3 el UK International Klezfest. Tambi\u00e9n fue directora art\u00edstica de KlezNorth y, en 2020, cre\u00f3 y dirigi\u00f3 un importante festival en l\u00ednea, el London International Klezmer Experience (LIKE).<\/p>\n<p>Ilana cofund\u00f3 el <a href=\"https:\/\/www.londonklezmerquartet.com\/\">London Klezmer Quartet\u00a0<\/a>(LKQ), un conjunto tradicional de cuatro m\u00fasicos, en 2009. Mientras tocaba y dirig\u00eda, el grupo recorri\u00f3 el mundo con gran \u00e9xito y grab\u00f3 cuatro \u00e1lbumes, incluido <a href=\"https:\/\/www.iemj.org\/es\/to-the-tavern\/\"><em>To the Tavern<\/em><\/a> en 2016.<\/p>\n<p>Invitada por numerosos grupos, entre ellos Klezmer Klub, Oysland, She&#8217;koyokh y el conjunto estadounidense Isle of Klezbos, Ilana Cravitz est\u00e1 especializada en la direcci\u00f3n e interpretaci\u00f3n de ceilidhs (bailes en graneros) klezmer. Con la compa\u00f1\u00eda de producci\u00f3n <a href=\"https:\/\/www.nkyo.org\/post\/hopkele-klezmer-keilidhs\">Hopkele<\/a>, ha producido eventos de m\u00fasica y danza klezmer con el tamborilero y director de baile Guy Schalom.<\/p>\n<p>Ilana ha realizado numerosas giras por todo el mundo y ha aparecido con regularidad en emisiones en directo y grabaciones, por ejemplo para la radio y la televisi\u00f3n de la BBC, la radio nacional y las emisoras regionales de la ABC, la radio nacional de Nueva Zelanda y la televisi\u00f3n brasile\u00f1a.<\/p>\n<p>Como m\u00fasico y profesora, Ilana Cravitz ha introducido en el klezmer a cientos de personas de todas las edades. Tambi\u00e9n ha publicado o coeditado varias gu\u00edas pr\u00e1cticas o colecciones de m\u00fasica klezmer: <a href=\"https:\/\/www.iemj.org\/es\/klezmer-fiddle-un-guide-pratique\/\" target=\"_blank\" rel=\"noopener\"><em>Klezmer Fiddle: a how to guide<\/em><\/a> (2008) ; <a href=\"https:\/\/www.iemj.org\/es\/12-jewish-wedding-melodies\/\" target=\"_blank\" rel=\"noopener\"><em>12 Jewish Wedding Melodies<\/em><\/a> (2020) ; <a href=\"https:\/\/www.iemj.org\/es\/the-hoffman-book\/\" target=\"_blank\" rel=\"noopener\"><em>The Hoffman Book<\/em><\/a> (2022).<\/p>\n<p><a href=\"https:\/\/www.ilanacravitz.com\/about\" target=\"_blank\" rel=\"noopener\">M\u00e1s informaci\u00f3n<\/a><\/p>\n<p><a href=\"https:\/\/www.ilanacravitz.com\/\" target=\"_blank\" rel=\"noopener\">Visitar el sitio web de Ilana Cravitz<\/a><\/p>\n\n\n<figure class=\"wp-block-embed is-type-video is-provider-youtube wp-block-embed-youtube wp-embed-aspect-16-9 wp-has-aspect-ratio\"><div class=\"wp-block-embed__wrapper\">\n<iframe title=\"The SHTICK S35-13Seg.3 Ilana Cravitz, London Klezmer Quatet violinist\" width=\"640\" height=\"360\" src=\"https:\/\/www.youtube.com\/embed\/bwQK2YTLuZc?feature=oembed\" frameborder=\"0\" allow=\"accelerometer; autoplay; clipboard-write; encrypted-media; gyroscope; picture-in-picture; web-share\" referrerpolicy=\"strict-origin-when-cross-origin\" allowfullscreen><\/iframe>\n<\/div><figcaption class=\"wp-element-caption\"><strong>Entrevista con Ilana Cravitz [en ingl\u00e9s]<\/strong><\/figcaption><\/figure>\n","protected":false},"excerpt":{"rendered":"<p>Ilana Cravitz es violinista y viola da gamba especializada en los repertorios klezmer, barroco y cl\u00e1sico. Sus gustos musicales son ecl\u00e9cticos, y tambi\u00e9n toca m\u00fasica inglesa, celta, sefard\u00ed y flamenco.<\/p>\n","protected":false},"author":5,"featured_media":107099,"comment_status":"closed","ping_status":"closed","sticky":false,"template":"","format":"standard","meta":{"_acf_changed":false,"footnotes":""},"categories":[1417],"tags":[],"technique":[],"squelettes":[],"sujet":[],"formation":[],"genre":[1876],"fonds":[],"tradition":[],"type-de-contenu":[],"interprete-compositeur":[],"frise":[],"type-devenement":[],"tableaux-liens-externes":[],"class_list":["post-107106","post","type-post","status-publish","format-standard","has-post-thumbnail","hentry","category-biografias-es","genre-klezmer-es"],"acf":[],"yoast_head":"<!-- This site is optimized with the Yoast SEO plugin v27.3 - https:\/\/yoast.com\/product\/yoast-seo-wordpress\/ -->\n<title>Cravitz, Ilana - Institut Europ\u00e9en des Musiques Juives<\/title>\n<meta name=\"robots\" content=\"index, follow, max-snippet:-1, max-image-preview:large, max-video-preview:-1\" \/>\n<link rel=\"canonical\" href=\"https:\/\/www.iemj.org\/es\/ilana-cravitz\/\" \/>\n<meta property=\"og:locale\" content=\"es_ES\" \/>\n<meta property=\"og:type\" content=\"article\" \/>\n<meta property=\"og:title\" content=\"Cravitz, Ilana - Institut Europ\u00e9en des Musiques Juives\" \/>\n<meta property=\"og:description\" content=\"Ilana Cravitz es violinista y viola da gamba especializada en los repertorios klezmer, barroco y cl\u00e1sico. Sus gustos musicales son ecl\u00e9cticos, y tambi\u00e9n toca m\u00fasica inglesa, celta, sefard\u00ed y flamenco.\" \/>\n<meta property=\"og:url\" content=\"https:\/\/www.iemj.org\/es\/ilana-cravitz\/\" \/>\n<meta property=\"og:site_name\" content=\"Institut Europ\u00e9en des Musiques Juives\" \/>\n<meta property=\"article:publisher\" content=\"https:\/\/www.facebook.com\/MusiquesJuives\/\" \/>\n<meta property=\"article:published_time\" content=\"2024-01-08T15:46:58+00:00\" \/>\n<meta property=\"article:modified_time\" content=\"2024-01-11T09:09:21+00:00\" \/>\n<meta property=\"og:image\" content=\"https:\/\/www.iemj.org\/wp-content\/uploads\/2024\/01\/Logo-Bio.jpg\" \/>\n\t<meta property=\"og:image:width\" content=\"218\" \/>\n\t<meta property=\"og:image:height\" content=\"218\" \/>\n\t<meta property=\"og:image:type\" content=\"image\/jpeg\" \/>\n<meta name=\"author\" content=\"Jacqueline ROTEN\" \/>\n<meta name=\"twitter:card\" content=\"summary_large_image\" \/>\n<meta name=\"twitter:label1\" content=\"Escrito por\" \/>\n\t<meta name=\"twitter:data1\" content=\"Jacqueline ROTEN\" \/>\n\t<meta name=\"twitter:label2\" content=\"Tiempo de lectura\" \/>\n\t<meta name=\"twitter:data2\" content=\"3 minutos\" \/>\n<script type=\"application\/ld+json\" class=\"yoast-schema-graph\">{\"@context\":\"https:\\\/\\\/schema.org\",\"@graph\":[{\"@type\":\"Article\",\"@id\":\"https:\\\/\\\/www.iemj.org\\\/es\\\/ilana-cravitz\\\/#article\",\"isPartOf\":{\"@id\":\"https:\\\/\\\/www.iemj.org\\\/es\\\/ilana-cravitz\\\/\"},\"author\":{\"name\":\"Jacqueline ROTEN\",\"@id\":\"https:\\\/\\\/www.iemj.org\\\/es\\\/#\\\/schema\\\/person\\\/358e26c18aca017fcc4cc15437f7279c\"},\"headline\":\"Cravitz, Ilana\",\"datePublished\":\"2024-01-08T15:46:58+00:00\",\"dateModified\":\"2024-01-11T09:09:21+00:00\",\"mainEntityOfPage\":{\"@id\":\"https:\\\/\\\/www.iemj.org\\\/es\\\/ilana-cravitz\\\/\"},\"wordCount\":399,\"publisher\":{\"@id\":\"https:\\\/\\\/www.iemj.org\\\/es\\\/#organization\"},\"image\":{\"@id\":\"https:\\\/\\\/www.iemj.org\\\/es\\\/ilana-cravitz\\\/#primaryimage\"},\"thumbnailUrl\":\"https:\\\/\\\/www.iemj.org\\\/wp-content\\\/uploads\\\/2024\\\/01\\\/Logo-Bio.jpg\",\"articleSection\":[\"Biograf\u00edas\"],\"inLanguage\":\"es\"},{\"@type\":\"WebPage\",\"@id\":\"https:\\\/\\\/www.iemj.org\\\/es\\\/ilana-cravitz\\\/\",\"url\":\"https:\\\/\\\/www.iemj.org\\\/es\\\/ilana-cravitz\\\/\",\"name\":\"Cravitz, Ilana - Institut Europ\u00e9en des Musiques Juives\",\"isPartOf\":{\"@id\":\"https:\\\/\\\/www.iemj.org\\\/es\\\/#website\"},\"primaryImageOfPage\":{\"@id\":\"https:\\\/\\\/www.iemj.org\\\/es\\\/ilana-cravitz\\\/#primaryimage\"},\"image\":{\"@id\":\"https:\\\/\\\/www.iemj.org\\\/es\\\/ilana-cravitz\\\/#primaryimage\"},\"thumbnailUrl\":\"https:\\\/\\\/www.iemj.org\\\/wp-content\\\/uploads\\\/2024\\\/01\\\/Logo-Bio.jpg\",\"datePublished\":\"2024-01-08T15:46:58+00:00\",\"dateModified\":\"2024-01-11T09:09:21+00:00\",\"breadcrumb\":{\"@id\":\"https:\\\/\\\/www.iemj.org\\\/es\\\/ilana-cravitz\\\/#breadcrumb\"},\"inLanguage\":\"es\",\"potentialAction\":[{\"@type\":\"ReadAction\",\"target\":[\"https:\\\/\\\/www.iemj.org\\\/es\\\/ilana-cravitz\\\/\"]}]},{\"@type\":\"ImageObject\",\"inLanguage\":\"es\",\"@id\":\"https:\\\/\\\/www.iemj.org\\\/es\\\/ilana-cravitz\\\/#primaryimage\",\"url\":\"https:\\\/\\\/www.iemj.org\\\/wp-content\\\/uploads\\\/2024\\\/01\\\/Logo-Bio.jpg\",\"contentUrl\":\"https:\\\/\\\/www.iemj.org\\\/wp-content\\\/uploads\\\/2024\\\/01\\\/Logo-Bio.jpg\",\"width\":218,\"height\":218},{\"@type\":\"BreadcrumbList\",\"@id\":\"https:\\\/\\\/www.iemj.org\\\/es\\\/ilana-cravitz\\\/#breadcrumb\",\"itemListElement\":[{\"@type\":\"ListItem\",\"position\":1,\"name\":\"Accueil\",\"item\":\"https:\\\/\\\/www.iemj.org\\\/es\\\/\"},{\"@type\":\"ListItem\",\"position\":2,\"name\":\"Cravitz, Ilana\"}]},{\"@type\":\"WebSite\",\"@id\":\"https:\\\/\\\/www.iemj.org\\\/es\\\/#website\",\"url\":\"https:\\\/\\\/www.iemj.org\\\/es\\\/\",\"name\":\"Institut Europ\u00e9en des Musiques Juives\",\"description\":\"Des traditions musicales \u00e0 la port\u00e9e de tous\",\"publisher\":{\"@id\":\"https:\\\/\\\/www.iemj.org\\\/es\\\/#organization\"},\"potentialAction\":[{\"@type\":\"SearchAction\",\"target\":{\"@type\":\"EntryPoint\",\"urlTemplate\":\"https:\\\/\\\/www.iemj.org\\\/es\\\/?s={search_term_string}\"},\"query-input\":{\"@type\":\"PropertyValueSpecification\",\"valueRequired\":true,\"valueName\":\"search_term_string\"}}],\"inLanguage\":\"es\"},{\"@type\":\"Organization\",\"@id\":\"https:\\\/\\\/www.iemj.org\\\/es\\\/#organization\",\"name\":\"Institut Europ\u00e9en des Musiques Juives\",\"url\":\"https:\\\/\\\/www.iemj.org\\\/es\\\/\",\"logo\":{\"@type\":\"ImageObject\",\"inLanguage\":\"es\",\"@id\":\"https:\\\/\\\/www.iemj.org\\\/es\\\/#\\\/schema\\\/logo\\\/image\\\/\",\"url\":\"https:\\\/\\\/www.iemj.org\\\/wp-content\\\/uploads\\\/2021\\\/09\\\/Logo-IEMJ-Paypal.jpg\",\"contentUrl\":\"https:\\\/\\\/www.iemj.org\\\/wp-content\\\/uploads\\\/2021\\\/09\\\/Logo-IEMJ-Paypal.jpg\",\"width\":150,\"height\":50,\"caption\":\"Institut Europ\u00e9en des Musiques Juives\"},\"image\":{\"@id\":\"https:\\\/\\\/www.iemj.org\\\/es\\\/#\\\/schema\\\/logo\\\/image\\\/\"},\"sameAs\":[\"https:\\\/\\\/www.facebook.com\\\/MusiquesJuives\\\/\",\"https:\\\/\\\/www.instagram.com\\\/musiquesjuives\\\/\",\"https:\\\/\\\/www.youtube.com\\\/user\\\/musiquesjuives\"]},{\"@type\":\"Person\",\"@id\":\"https:\\\/\\\/www.iemj.org\\\/es\\\/#\\\/schema\\\/person\\\/358e26c18aca017fcc4cc15437f7279c\",\"name\":\"Jacqueline ROTEN\",\"image\":{\"@type\":\"ImageObject\",\"inLanguage\":\"es\",\"@id\":\"https:\\\/\\\/secure.gravatar.com\\\/avatar\\\/5964256d6c6957de3a3505278957e0fb2a35119ac47ea41827a65301213c810b?s=96&d=mm&r=g\",\"url\":\"https:\\\/\\\/secure.gravatar.com\\\/avatar\\\/5964256d6c6957de3a3505278957e0fb2a35119ac47ea41827a65301213c810b?s=96&d=mm&r=g\",\"contentUrl\":\"https:\\\/\\\/secure.gravatar.com\\\/avatar\\\/5964256d6c6957de3a3505278957e0fb2a35119ac47ea41827a65301213c810b?s=96&d=mm&r=g\",\"caption\":\"Jacqueline ROTEN\"}}]}<\/script>\n<!-- \/ Yoast SEO plugin. -->","yoast_head_json":{"title":"Cravitz, Ilana - Institut Europ\u00e9en des Musiques Juives","robots":{"index":"index","follow":"follow","max-snippet":"max-snippet:-1","max-image-preview":"max-image-preview:large","max-video-preview":"max-video-preview:-1"},"canonical":"https:\/\/www.iemj.org\/es\/ilana-cravitz\/","og_locale":"es_ES","og_type":"article","og_title":"Cravitz, Ilana - Institut Europ\u00e9en des Musiques Juives","og_description":"Ilana Cravitz es violinista y viola da gamba especializada en los repertorios klezmer, barroco y cl\u00e1sico. Sus gustos musicales son ecl\u00e9cticos, y tambi\u00e9n toca m\u00fasica inglesa, celta, sefard\u00ed y flamenco.","og_url":"https:\/\/www.iemj.org\/es\/ilana-cravitz\/","og_site_name":"Institut Europ\u00e9en des Musiques Juives","article_publisher":"https:\/\/www.facebook.com\/MusiquesJuives\/","article_published_time":"2024-01-08T15:46:58+00:00","article_modified_time":"2024-01-11T09:09:21+00:00","og_image":[{"width":218,"height":218,"url":"https:\/\/www.iemj.org\/wp-content\/uploads\/2024\/01\/Logo-Bio.jpg","type":"image\/jpeg"}],"author":"Jacqueline ROTEN","twitter_card":"summary_large_image","twitter_misc":{"Escrito por":"Jacqueline ROTEN","Tiempo de lectura":"3 minutos"},"schema":{"@context":"https:\/\/schema.org","@graph":[{"@type":"Article","@id":"https:\/\/www.iemj.org\/es\/ilana-cravitz\/#article","isPartOf":{"@id":"https:\/\/www.iemj.org\/es\/ilana-cravitz\/"},"author":{"name":"Jacqueline ROTEN","@id":"https:\/\/www.iemj.org\/es\/#\/schema\/person\/358e26c18aca017fcc4cc15437f7279c"},"headline":"Cravitz, Ilana","datePublished":"2024-01-08T15:46:58+00:00","dateModified":"2024-01-11T09:09:21+00:00","mainEntityOfPage":{"@id":"https:\/\/www.iemj.org\/es\/ilana-cravitz\/"},"wordCount":399,"publisher":{"@id":"https:\/\/www.iemj.org\/es\/#organization"},"image":{"@id":"https:\/\/www.iemj.org\/es\/ilana-cravitz\/#primaryimage"},"thumbnailUrl":"https:\/\/www.iemj.org\/wp-content\/uploads\/2024\/01\/Logo-Bio.jpg","articleSection":["Biograf\u00edas"],"inLanguage":"es"},{"@type":"WebPage","@id":"https:\/\/www.iemj.org\/es\/ilana-cravitz\/","url":"https:\/\/www.iemj.org\/es\/ilana-cravitz\/","name":"Cravitz, Ilana - Institut Europ\u00e9en des Musiques Juives","isPartOf":{"@id":"https:\/\/www.iemj.org\/es\/#website"},"primaryImageOfPage":{"@id":"https:\/\/www.iemj.org\/es\/ilana-cravitz\/#primaryimage"},"image":{"@id":"https:\/\/www.iemj.org\/es\/ilana-cravitz\/#primaryimage"},"thumbnailUrl":"https:\/\/www.iemj.org\/wp-content\/uploads\/2024\/01\/Logo-Bio.jpg","datePublished":"2024-01-08T15:46:58+00:00","dateModified":"2024-01-11T09:09:21+00:00","breadcrumb":{"@id":"https:\/\/www.iemj.org\/es\/ilana-cravitz\/#breadcrumb"},"inLanguage":"es","potentialAction":[{"@type":"ReadAction","target":["https:\/\/www.iemj.org\/es\/ilana-cravitz\/"]}]},{"@type":"ImageObject","inLanguage":"es","@id":"https:\/\/www.iemj.org\/es\/ilana-cravitz\/#primaryimage","url":"https:\/\/www.iemj.org\/wp-content\/uploads\/2024\/01\/Logo-Bio.jpg","contentUrl":"https:\/\/www.iemj.org\/wp-content\/uploads\/2024\/01\/Logo-Bio.jpg","width":218,"height":218},{"@type":"BreadcrumbList","@id":"https:\/\/www.iemj.org\/es\/ilana-cravitz\/#breadcrumb","itemListElement":[{"@type":"ListItem","position":1,"name":"Accueil","item":"https:\/\/www.iemj.org\/es\/"},{"@type":"ListItem","position":2,"name":"Cravitz, Ilana"}]},{"@type":"WebSite","@id":"https:\/\/www.iemj.org\/es\/#website","url":"https:\/\/www.iemj.org\/es\/","name":"Institut Europ\u00e9en des Musiques Juives","description":"Des traditions musicales \u00e0 la port\u00e9e de tous","publisher":{"@id":"https:\/\/www.iemj.org\/es\/#organization"},"potentialAction":[{"@type":"SearchAction","target":{"@type":"EntryPoint","urlTemplate":"https:\/\/www.iemj.org\/es\/?s={search_term_string}"},"query-input":{"@type":"PropertyValueSpecification","valueRequired":true,"valueName":"search_term_string"}}],"inLanguage":"es"},{"@type":"Organization","@id":"https:\/\/www.iemj.org\/es\/#organization","name":"Institut Europ\u00e9en des Musiques Juives","url":"https:\/\/www.iemj.org\/es\/","logo":{"@type":"ImageObject","inLanguage":"es","@id":"https:\/\/www.iemj.org\/es\/#\/schema\/logo\/image\/","url":"https:\/\/www.iemj.org\/wp-content\/uploads\/2021\/09\/Logo-IEMJ-Paypal.jpg","contentUrl":"https:\/\/www.iemj.org\/wp-content\/uploads\/2021\/09\/Logo-IEMJ-Paypal.jpg","width":150,"height":50,"caption":"Institut Europ\u00e9en des Musiques Juives"},"image":{"@id":"https:\/\/www.iemj.org\/es\/#\/schema\/logo\/image\/"},"sameAs":["https:\/\/www.facebook.com\/MusiquesJuives\/","https:\/\/www.instagram.com\/musiquesjuives\/","https:\/\/www.youtube.com\/user\/musiquesjuives"]},{"@type":"Person","@id":"https:\/\/www.iemj.org\/es\/#\/schema\/person\/358e26c18aca017fcc4cc15437f7279c","name":"Jacqueline ROTEN","image":{"@type":"ImageObject","inLanguage":"es","@id":"https:\/\/secure.gravatar.com\/avatar\/5964256d6c6957de3a3505278957e0fb2a35119ac47ea41827a65301213c810b?s=96&d=mm&r=g","url":"https:\/\/secure.gravatar.com\/avatar\/5964256d6c6957de3a3505278957e0fb2a35119ac47ea41827a65301213c810b?s=96&d=mm&r=g","contentUrl":"https:\/\/secure.gravatar.com\/avatar\/5964256d6c6957de3a3505278957e0fb2a35119ac47ea41827a65301213c810b?s=96&d=mm&r=g","caption":"Jacqueline ROTEN"}}]}},"_links":{"self":[{"href":"https:\/\/www.iemj.org\/es\/wp-json\/wp\/v2\/posts\/107106","targetHints":{"allow":["GET"]}}],"collection":[{"href":"https:\/\/www.iemj.org\/es\/wp-json\/wp\/v2\/posts"}],"about":[{"href":"https:\/\/www.iemj.org\/es\/wp-json\/wp\/v2\/types\/post"}],"author":[{"embeddable":true,"href":"https:\/\/www.iemj.org\/es\/wp-json\/wp\/v2\/users\/5"}],"replies":[{"embeddable":true,"href":"https:\/\/www.iemj.org\/es\/wp-json\/wp\/v2\/comments?post=107106"}],"version-history":[{"count":0,"href":"https:\/\/www.iemj.org\/es\/wp-json\/wp\/v2\/posts\/107106\/revisions"}],"wp:featuredmedia":[{"embeddable":true,"href":"https:\/\/www.iemj.org\/es\/wp-json\/wp\/v2\/media\/107099"}],"wp:attachment":[{"href":"https:\/\/www.iemj.org\/es\/wp-json\/wp\/v2\/media?parent=107106"}],"wp:term":[{"taxonomy":"category","embeddable":true,"href":"https:\/\/www.iemj.org\/es\/wp-json\/wp\/v2\/categories?post=107106"},{"taxonomy":"post_tag","embeddable":true,"href":"https:\/\/www.iemj.org\/es\/wp-json\/wp\/v2\/tags?post=107106"},{"taxonomy":"technique","embeddable":true,"href":"https:\/\/www.iemj.org\/es\/wp-json\/wp\/v2\/technique?post=107106"},{"taxonomy":"squelettes","embeddable":true,"href":"https:\/\/www.iemj.org\/es\/wp-json\/wp\/v2\/squelettes?post=107106"},{"taxonomy":"sujet","embeddable":true,"href":"https:\/\/www.iemj.org\/es\/wp-json\/wp\/v2\/sujet?post=107106"},{"taxonomy":"formation","embeddable":true,"href":"https:\/\/www.iemj.org\/es\/wp-json\/wp\/v2\/formation?post=107106"},{"taxonomy":"genre","embeddable":true,"href":"https:\/\/www.iemj.org\/es\/wp-json\/wp\/v2\/genre?post=107106"},{"taxonomy":"fonds","embeddable":true,"href":"https:\/\/www.iemj.org\/es\/wp-json\/wp\/v2\/fonds?post=107106"},{"taxonomy":"tradition","embeddable":true,"href":"https:\/\/www.iemj.org\/es\/wp-json\/wp\/v2\/tradition?post=107106"},{"taxonomy":"type-de-contenu","embeddable":true,"href":"https:\/\/www.iemj.org\/es\/wp-json\/wp\/v2\/type-de-contenu?post=107106"},{"taxonomy":"interprete-compositeur","embeddable":true,"href":"https:\/\/www.iemj.org\/es\/wp-json\/wp\/v2\/interprete-compositeur?post=107106"},{"taxonomy":"frise","embeddable":true,"href":"https:\/\/www.iemj.org\/es\/wp-json\/wp\/v2\/frise?post=107106"},{"taxonomy":"type-devenement","embeddable":true,"href":"https:\/\/www.iemj.org\/es\/wp-json\/wp\/v2\/type-devenement?post=107106"},{"taxonomy":"tableaux-liens-externes","embeddable":true,"href":"https:\/\/www.iemj.org\/es\/wp-json\/wp\/v2\/tableaux-liens-externes?post=107106"}],"curies":[{"name":"wp","href":"https:\/\/api.w.org\/{rel}","templated":true}]}}