{"id":107516,"date":"2014-06-04T17:06:59","date_gmt":"2014-06-04T15:06:59","guid":{"rendered":"https:\/\/www.iemj.org\/conference-le-chant-damour-dans-la-tradition-juive\/"},"modified":"2024-01-11T11:27:56","modified_gmt":"2024-01-11T10:27:56","slug":"conference-le-chant-damour-dans-la-tradition-juive","status":"publish","type":"post","link":"https:\/\/www.iemj.org\/es\/conference-le-chant-damour-dans-la-tradition-juive\/","title":{"rendered":"Conferencia \u00abLa canci\u00f3n del amor en la tradici\u00f3n jud\u00eda\u00bb"},"content":{"rendered":"<p class=\"post_excerpt\">Jueves 12 de junio, 18.15 h &#8211; Reserva obligatoria<\/p>\n<p><!--more--><br \/>\nEl <strong>Cantar de los Cantares<\/strong>, conferencia musical a dos voces a cargo de <strong>Jacques Arnold<\/strong>, cantor y rabino honorario, y <strong>Herv\u00e9 Roten<\/strong>, music\u00f3logo y director del Instituto Europeo de las M\u00fasicas Jud\u00edas.<\/p>\n<p>Esta charla, ilustrada con numerosos ejemplos de audio y v\u00eddeo, explorar\u00e1 el significado de este texto y su resonancia en diferentes tradiciones musicales jud\u00edas, tanto religiosas como profanas. Un viaje musical entre el amor terrenal y el amor divino&#8230;<\/p>\n<p>El Cantar de los Cantares, en hebreo \u00ab<em>chir hachirim<\/em>\u00ab, es uno de los libros de la Biblia. Seg\u00fan la tradici\u00f3n jud\u00eda, se lee al final del S\u00e9der ceremonial de la noche de Pascua y el s\u00e1bado de media Pascua. Este poema l\u00edrico se canta con acentos melodiosos desde las profundidades del tiempo. Este canto de amor ocupa el lugar de una obra singular en el canon b\u00edblico. Se trata, en efecto, de un relato rom\u00e1ntico-er\u00f3tico de amor entre dos amantes que viven en Jerusal\u00e9n, un romance conmovedor sobre la dolorosa separaci\u00f3n y el reencuentro de dos personas que se aman, \u00bfo es, como dicen algunos, un sue\u00f1o puro y simple? Pero entonces, \u00bfpor qu\u00e9 se incluye entre los libros de inspiraci\u00f3n sagrada? \u00bfPor qu\u00e9 leerlo en P\u00e9saj, ese preciso momento de la historia en el que los Hijos de Israel pasan del estado de servidumbre en el que est\u00e1n sumidos en Egipto, al de un pueblo liberado, elevado al plano espiritual? Rab\u00ed Akiba, uno de los fundadores del juda\u00edsmo rab\u00ednico y famoso por su conocimiento de los misterios de la Tor\u00e1, cree que el Cantar de los Cantares es una declaraci\u00f3n simb\u00f3lica del amor entre Dios y el pueblo de Israel. Todos los escritos son sagrados, y el Cantar de los Cantares es el Santo de los Santos\u00bb, afirma, sugiriendo que este enigm\u00e1tico libro, el m\u00e1s po\u00e9tico de la Biblia, oculta ense\u00f1anzas aleg\u00f3ricas del m\u00e1s alto valor. \u00bfHemos perdido la llave? Tal vez no.<\/p>\n<div style=\"float: right;\">\n<div style=\"margin: 8px 0px 4px;\"><strong>Consultar la revista del festival:<\/strong><\/div>\n<p><iframe style=\"margin: 0 auto;\" src=\"\/\/v.calameo.com\/?bkcode=00005717924b73c6d1ff2\" width=\"300\" height=\"194\" frameborder=\"0\" scrolling=\"no\" allowfullscreen=\"allowfullscreen\"><\/iframe><\/p>\n<div style=\"margin: 4px 0px 8px;\"><\/div>\n<\/div>\n<p><span style=\"color: ff6600;\"><b>Programa propuesto por el Instituto Europeo de las M\u00fasicas Jud\u00edas.<\/b><\/span><\/p>\n<p><span style=\"color: ff6600;\"><b>Jueves 12 de junio, 18.15 h<br \/>\nBiblioth\u00e8que historique de la Ville de Paris<\/b><\/span><br \/>\n24, rue Pav\u00e9e, Paris 4e<br \/>\n5 \u20ac \/\/ Informaci\u00f3n: 01 42 17 10 70<br \/>\n<strong>RESERVA OBLIGATORIA<\/strong>: www.festivaldesculturesjuives.org<\/p>\n<p><img fetchpriority=\"high\" decoding=\"async\" class=\"wp-image-7007 alignnone\" src=\"https:\/\/www.iemj.org\/wp-content\/uploads\/2014\/06\/fcj2014.jpg\" alt=\"fcj2014.jpg\" width=\"459\" height=\"586\" align=\"left\" srcset=\"https:\/\/www.iemj.org\/wp-content\/uploads\/2014\/06\/fcj2014.jpg 1133w, https:\/\/www.iemj.org\/wp-content\/uploads\/2014\/06\/fcj2014-235x300.jpg 235w, https:\/\/www.iemj.org\/wp-content\/uploads\/2014\/06\/fcj2014-802x1024.jpg 802w, https:\/\/www.iemj.org\/wp-content\/uploads\/2014\/06\/fcj2014-768x981.jpg 768w, https:\/\/www.iemj.org\/wp-content\/uploads\/2014\/06\/fcj2014-600x766.jpg 600w\" sizes=\"(max-width: 459px) 100vw, 459px\" \/><\/p>\n","protected":false},"excerpt":{"rendered":"<p>Jueves 12 de junio, 18.15 h &#8211; Reserva obligatoria<\/p>\n","protected":false},"author":1050,"featured_media":107517,"comment_status":"closed","ping_status":"open","sticky":false,"template":"","format":"standard","meta":{"_acf_changed":false,"footnotes":""},"categories":[1384,1372],"tags":[],"technique":[],"squelettes":[],"sujet":[],"formation":[],"genre":[],"fonds":[],"tradition":[],"type-de-contenu":[],"interprete-compositeur":[],"frise":[],"type-devenement":[],"tableaux-liens-externes":[],"class_list":["post-107516","post","type-post","status-publish","format-standard","has-post-thumbnail","hentry","category-clases-conferencias-es","category-manifestaciones-es"],"acf":[],"yoast_head":"<!-- This site is optimized with the Yoast SEO plugin v27.3 - https:\/\/yoast.com\/product\/yoast-seo-wordpress\/ -->\n<title>Conferencia &quot;La canci\u00f3n del amor en la tradici\u00f3n jud\u00eda&quot; - Institut Europ\u00e9en des Musiques Juives<\/title>\n<meta name=\"robots\" content=\"index, follow, max-snippet:-1, max-image-preview:large, max-video-preview:-1\" \/>\n<link rel=\"canonical\" href=\"https:\/\/www.iemj.org\/es\/conference-le-chant-damour-dans-la-tradition-juive\/\" \/>\n<meta property=\"og:locale\" content=\"es_ES\" \/>\n<meta property=\"og:type\" content=\"article\" \/>\n<meta property=\"og:title\" content=\"Conferencia &quot;La canci\u00f3n del amor en la tradici\u00f3n jud\u00eda&quot; - Institut Europ\u00e9en des Musiques Juives\" \/>\n<meta property=\"og:description\" content=\"Jueves 12 de junio, 18.15 h &#8211; Reserva obligatoria\" \/>\n<meta property=\"og:url\" content=\"https:\/\/www.iemj.org\/es\/conference-le-chant-damour-dans-la-tradition-juive\/\" \/>\n<meta property=\"og:site_name\" content=\"Institut Europ\u00e9en des Musiques Juives\" \/>\n<meta property=\"article:publisher\" content=\"https:\/\/www.facebook.com\/MusiquesJuives\/\" \/>\n<meta property=\"article:published_time\" content=\"2014-06-04T15:06:59+00:00\" \/>\n<meta property=\"article:modified_time\" content=\"2024-01-11T10:27:56+00:00\" \/>\n<meta property=\"og:image\" content=\"https:\/\/www.iemj.org\/wp-content\/uploads\/2014\/06\/arton889-e1620115091390.jpg\" \/>\n\t<meta property=\"og:image:width\" content=\"350\" \/>\n\t<meta property=\"og:image:height\" content=\"418\" \/>\n\t<meta property=\"og:image:type\" content=\"image\/jpeg\" \/>\n<meta name=\"author\" content=\"ncochin\" \/>\n<meta name=\"twitter:card\" content=\"summary_large_image\" \/>\n<meta name=\"twitter:label1\" content=\"Escrito por\" \/>\n\t<meta name=\"twitter:data1\" content=\"ncochin\" \/>\n\t<meta name=\"twitter:label2\" content=\"Tiempo de lectura\" \/>\n\t<meta name=\"twitter:data2\" content=\"3 minutos\" \/>\n<script type=\"application\/ld+json\" class=\"yoast-schema-graph\">{\"@context\":\"https:\\\/\\\/schema.org\",\"@graph\":[{\"@type\":\"Article\",\"@id\":\"https:\\\/\\\/www.iemj.org\\\/es\\\/conference-le-chant-damour-dans-la-tradition-juive\\\/#article\",\"isPartOf\":{\"@id\":\"https:\\\/\\\/www.iemj.org\\\/es\\\/conference-le-chant-damour-dans-la-tradition-juive\\\/\"},\"author\":{\"name\":\"ncochin\",\"@id\":\"https:\\\/\\\/www.iemj.org\\\/es\\\/#\\\/schema\\\/person\\\/f826ad11b0cd58dd99babe0a3fbcb86e\"},\"headline\":\"Conferencia \u00abLa canci\u00f3n del amor en la tradici\u00f3n jud\u00eda\u00bb\",\"datePublished\":\"2014-06-04T15:06:59+00:00\",\"dateModified\":\"2024-01-11T10:27:56+00:00\",\"mainEntityOfPage\":{\"@id\":\"https:\\\/\\\/www.iemj.org\\\/es\\\/conference-le-chant-damour-dans-la-tradition-juive\\\/\"},\"wordCount\":405,\"publisher\":{\"@id\":\"https:\\\/\\\/www.iemj.org\\\/es\\\/#organization\"},\"image\":{\"@id\":\"https:\\\/\\\/www.iemj.org\\\/es\\\/conference-le-chant-damour-dans-la-tradition-juive\\\/#primaryimage\"},\"thumbnailUrl\":\"https:\\\/\\\/www.iemj.org\\\/wp-content\\\/uploads\\\/2014\\\/06\\\/arton889-e1620115091390.jpg\",\"articleSection\":[\"Clases \\\/ Conferencias\",\"Manifestaciones\"],\"inLanguage\":\"es\"},{\"@type\":\"WebPage\",\"@id\":\"https:\\\/\\\/www.iemj.org\\\/es\\\/conference-le-chant-damour-dans-la-tradition-juive\\\/\",\"url\":\"https:\\\/\\\/www.iemj.org\\\/es\\\/conference-le-chant-damour-dans-la-tradition-juive\\\/\",\"name\":\"Conferencia \\\"La canci\u00f3n del amor en la tradici\u00f3n jud\u00eda\\\" - Institut Europ\u00e9en des Musiques Juives\",\"isPartOf\":{\"@id\":\"https:\\\/\\\/www.iemj.org\\\/es\\\/#website\"},\"primaryImageOfPage\":{\"@id\":\"https:\\\/\\\/www.iemj.org\\\/es\\\/conference-le-chant-damour-dans-la-tradition-juive\\\/#primaryimage\"},\"image\":{\"@id\":\"https:\\\/\\\/www.iemj.org\\\/es\\\/conference-le-chant-damour-dans-la-tradition-juive\\\/#primaryimage\"},\"thumbnailUrl\":\"https:\\\/\\\/www.iemj.org\\\/wp-content\\\/uploads\\\/2014\\\/06\\\/arton889-e1620115091390.jpg\",\"datePublished\":\"2014-06-04T15:06:59+00:00\",\"dateModified\":\"2024-01-11T10:27:56+00:00\",\"breadcrumb\":{\"@id\":\"https:\\\/\\\/www.iemj.org\\\/es\\\/conference-le-chant-damour-dans-la-tradition-juive\\\/#breadcrumb\"},\"inLanguage\":\"es\",\"potentialAction\":[{\"@type\":\"ReadAction\",\"target\":[\"https:\\\/\\\/www.iemj.org\\\/es\\\/conference-le-chant-damour-dans-la-tradition-juive\\\/\"]}]},{\"@type\":\"ImageObject\",\"inLanguage\":\"es\",\"@id\":\"https:\\\/\\\/www.iemj.org\\\/es\\\/conference-le-chant-damour-dans-la-tradition-juive\\\/#primaryimage\",\"url\":\"https:\\\/\\\/www.iemj.org\\\/wp-content\\\/uploads\\\/2014\\\/06\\\/arton889-e1620115091390.jpg\",\"contentUrl\":\"https:\\\/\\\/www.iemj.org\\\/wp-content\\\/uploads\\\/2014\\\/06\\\/arton889-e1620115091390.jpg\",\"width\":350,\"height\":418},{\"@type\":\"BreadcrumbList\",\"@id\":\"https:\\\/\\\/www.iemj.org\\\/es\\\/conference-le-chant-damour-dans-la-tradition-juive\\\/#breadcrumb\",\"itemListElement\":[{\"@type\":\"ListItem\",\"position\":1,\"name\":\"Accueil\",\"item\":\"https:\\\/\\\/www.iemj.org\\\/es\\\/\"},{\"@type\":\"ListItem\",\"position\":2,\"name\":\"Conferencia \u00ab\u00a0La canci\u00f3n del amor en la tradici\u00f3n jud\u00eda\u00a0\u00bb\"}]},{\"@type\":\"WebSite\",\"@id\":\"https:\\\/\\\/www.iemj.org\\\/es\\\/#website\",\"url\":\"https:\\\/\\\/www.iemj.org\\\/es\\\/\",\"name\":\"Institut Europ\u00e9en des Musiques Juives\",\"description\":\"Des traditions musicales \u00e0 la port\u00e9e de tous\",\"publisher\":{\"@id\":\"https:\\\/\\\/www.iemj.org\\\/es\\\/#organization\"},\"potentialAction\":[{\"@type\":\"SearchAction\",\"target\":{\"@type\":\"EntryPoint\",\"urlTemplate\":\"https:\\\/\\\/www.iemj.org\\\/es\\\/?s={search_term_string}\"},\"query-input\":{\"@type\":\"PropertyValueSpecification\",\"valueRequired\":true,\"valueName\":\"search_term_string\"}}],\"inLanguage\":\"es\"},{\"@type\":\"Organization\",\"@id\":\"https:\\\/\\\/www.iemj.org\\\/es\\\/#organization\",\"name\":\"Institut Europ\u00e9en des Musiques Juives\",\"url\":\"https:\\\/\\\/www.iemj.org\\\/es\\\/\",\"logo\":{\"@type\":\"ImageObject\",\"inLanguage\":\"es\",\"@id\":\"https:\\\/\\\/www.iemj.org\\\/es\\\/#\\\/schema\\\/logo\\\/image\\\/\",\"url\":\"https:\\\/\\\/www.iemj.org\\\/wp-content\\\/uploads\\\/2021\\\/09\\\/Logo-IEMJ-Paypal.jpg\",\"contentUrl\":\"https:\\\/\\\/www.iemj.org\\\/wp-content\\\/uploads\\\/2021\\\/09\\\/Logo-IEMJ-Paypal.jpg\",\"width\":150,\"height\":50,\"caption\":\"Institut Europ\u00e9en des Musiques Juives\"},\"image\":{\"@id\":\"https:\\\/\\\/www.iemj.org\\\/es\\\/#\\\/schema\\\/logo\\\/image\\\/\"},\"sameAs\":[\"https:\\\/\\\/www.facebook.com\\\/MusiquesJuives\\\/\",\"https:\\\/\\\/www.instagram.com\\\/musiquesjuives\\\/\",\"https:\\\/\\\/www.youtube.com\\\/user\\\/musiquesjuives\"]},{\"@type\":\"Person\",\"@id\":\"https:\\\/\\\/www.iemj.org\\\/es\\\/#\\\/schema\\\/person\\\/f826ad11b0cd58dd99babe0a3fbcb86e\",\"name\":\"ncochin\",\"image\":{\"@type\":\"ImageObject\",\"inLanguage\":\"es\",\"@id\":\"https:\\\/\\\/secure.gravatar.com\\\/avatar\\\/4499f551e6a9b8c28bd3132f28d79657b2cb55ff363257726f67e89c95e2a33c?s=96&d=mm&r=g\",\"url\":\"https:\\\/\\\/secure.gravatar.com\\\/avatar\\\/4499f551e6a9b8c28bd3132f28d79657b2cb55ff363257726f67e89c95e2a33c?s=96&d=mm&r=g\",\"contentUrl\":\"https:\\\/\\\/secure.gravatar.com\\\/avatar\\\/4499f551e6a9b8c28bd3132f28d79657b2cb55ff363257726f67e89c95e2a33c?s=96&d=mm&r=g\",\"caption\":\"ncochin\"}}]}<\/script>\n<!-- \/ Yoast SEO plugin. -->","yoast_head_json":{"title":"Conferencia \"La canci\u00f3n del amor en la tradici\u00f3n jud\u00eda\" - Institut Europ\u00e9en des Musiques Juives","robots":{"index":"index","follow":"follow","max-snippet":"max-snippet:-1","max-image-preview":"max-image-preview:large","max-video-preview":"max-video-preview:-1"},"canonical":"https:\/\/www.iemj.org\/es\/conference-le-chant-damour-dans-la-tradition-juive\/","og_locale":"es_ES","og_type":"article","og_title":"Conferencia \"La canci\u00f3n del amor en la tradici\u00f3n jud\u00eda\" - Institut Europ\u00e9en des Musiques Juives","og_description":"Jueves 12 de junio, 18.15 h &#8211; Reserva obligatoria","og_url":"https:\/\/www.iemj.org\/es\/conference-le-chant-damour-dans-la-tradition-juive\/","og_site_name":"Institut Europ\u00e9en des Musiques Juives","article_publisher":"https:\/\/www.facebook.com\/MusiquesJuives\/","article_published_time":"2014-06-04T15:06:59+00:00","article_modified_time":"2024-01-11T10:27:56+00:00","og_image":[{"width":350,"height":418,"url":"https:\/\/www.iemj.org\/wp-content\/uploads\/2014\/06\/arton889-e1620115091390.jpg","type":"image\/jpeg"}],"author":"ncochin","twitter_card":"summary_large_image","twitter_misc":{"Escrito por":"ncochin","Tiempo de lectura":"3 minutos"},"schema":{"@context":"https:\/\/schema.org","@graph":[{"@type":"Article","@id":"https:\/\/www.iemj.org\/es\/conference-le-chant-damour-dans-la-tradition-juive\/#article","isPartOf":{"@id":"https:\/\/www.iemj.org\/es\/conference-le-chant-damour-dans-la-tradition-juive\/"},"author":{"name":"ncochin","@id":"https:\/\/www.iemj.org\/es\/#\/schema\/person\/f826ad11b0cd58dd99babe0a3fbcb86e"},"headline":"Conferencia \u00abLa canci\u00f3n del amor en la tradici\u00f3n jud\u00eda\u00bb","datePublished":"2014-06-04T15:06:59+00:00","dateModified":"2024-01-11T10:27:56+00:00","mainEntityOfPage":{"@id":"https:\/\/www.iemj.org\/es\/conference-le-chant-damour-dans-la-tradition-juive\/"},"wordCount":405,"publisher":{"@id":"https:\/\/www.iemj.org\/es\/#organization"},"image":{"@id":"https:\/\/www.iemj.org\/es\/conference-le-chant-damour-dans-la-tradition-juive\/#primaryimage"},"thumbnailUrl":"https:\/\/www.iemj.org\/wp-content\/uploads\/2014\/06\/arton889-e1620115091390.jpg","articleSection":["Clases \/ Conferencias","Manifestaciones"],"inLanguage":"es"},{"@type":"WebPage","@id":"https:\/\/www.iemj.org\/es\/conference-le-chant-damour-dans-la-tradition-juive\/","url":"https:\/\/www.iemj.org\/es\/conference-le-chant-damour-dans-la-tradition-juive\/","name":"Conferencia \"La canci\u00f3n del amor en la tradici\u00f3n jud\u00eda\" - Institut Europ\u00e9en des Musiques Juives","isPartOf":{"@id":"https:\/\/www.iemj.org\/es\/#website"},"primaryImageOfPage":{"@id":"https:\/\/www.iemj.org\/es\/conference-le-chant-damour-dans-la-tradition-juive\/#primaryimage"},"image":{"@id":"https:\/\/www.iemj.org\/es\/conference-le-chant-damour-dans-la-tradition-juive\/#primaryimage"},"thumbnailUrl":"https:\/\/www.iemj.org\/wp-content\/uploads\/2014\/06\/arton889-e1620115091390.jpg","datePublished":"2014-06-04T15:06:59+00:00","dateModified":"2024-01-11T10:27:56+00:00","breadcrumb":{"@id":"https:\/\/www.iemj.org\/es\/conference-le-chant-damour-dans-la-tradition-juive\/#breadcrumb"},"inLanguage":"es","potentialAction":[{"@type":"ReadAction","target":["https:\/\/www.iemj.org\/es\/conference-le-chant-damour-dans-la-tradition-juive\/"]}]},{"@type":"ImageObject","inLanguage":"es","@id":"https:\/\/www.iemj.org\/es\/conference-le-chant-damour-dans-la-tradition-juive\/#primaryimage","url":"https:\/\/www.iemj.org\/wp-content\/uploads\/2014\/06\/arton889-e1620115091390.jpg","contentUrl":"https:\/\/www.iemj.org\/wp-content\/uploads\/2014\/06\/arton889-e1620115091390.jpg","width":350,"height":418},{"@type":"BreadcrumbList","@id":"https:\/\/www.iemj.org\/es\/conference-le-chant-damour-dans-la-tradition-juive\/#breadcrumb","itemListElement":[{"@type":"ListItem","position":1,"name":"Accueil","item":"https:\/\/www.iemj.org\/es\/"},{"@type":"ListItem","position":2,"name":"Conferencia \u00ab\u00a0La canci\u00f3n del amor en la tradici\u00f3n jud\u00eda\u00a0\u00bb"}]},{"@type":"WebSite","@id":"https:\/\/www.iemj.org\/es\/#website","url":"https:\/\/www.iemj.org\/es\/","name":"Institut Europ\u00e9en des Musiques Juives","description":"Des traditions musicales \u00e0 la port\u00e9e de tous","publisher":{"@id":"https:\/\/www.iemj.org\/es\/#organization"},"potentialAction":[{"@type":"SearchAction","target":{"@type":"EntryPoint","urlTemplate":"https:\/\/www.iemj.org\/es\/?s={search_term_string}"},"query-input":{"@type":"PropertyValueSpecification","valueRequired":true,"valueName":"search_term_string"}}],"inLanguage":"es"},{"@type":"Organization","@id":"https:\/\/www.iemj.org\/es\/#organization","name":"Institut Europ\u00e9en des Musiques Juives","url":"https:\/\/www.iemj.org\/es\/","logo":{"@type":"ImageObject","inLanguage":"es","@id":"https:\/\/www.iemj.org\/es\/#\/schema\/logo\/image\/","url":"https:\/\/www.iemj.org\/wp-content\/uploads\/2021\/09\/Logo-IEMJ-Paypal.jpg","contentUrl":"https:\/\/www.iemj.org\/wp-content\/uploads\/2021\/09\/Logo-IEMJ-Paypal.jpg","width":150,"height":50,"caption":"Institut Europ\u00e9en des Musiques Juives"},"image":{"@id":"https:\/\/www.iemj.org\/es\/#\/schema\/logo\/image\/"},"sameAs":["https:\/\/www.facebook.com\/MusiquesJuives\/","https:\/\/www.instagram.com\/musiquesjuives\/","https:\/\/www.youtube.com\/user\/musiquesjuives"]},{"@type":"Person","@id":"https:\/\/www.iemj.org\/es\/#\/schema\/person\/f826ad11b0cd58dd99babe0a3fbcb86e","name":"ncochin","image":{"@type":"ImageObject","inLanguage":"es","@id":"https:\/\/secure.gravatar.com\/avatar\/4499f551e6a9b8c28bd3132f28d79657b2cb55ff363257726f67e89c95e2a33c?s=96&d=mm&r=g","url":"https:\/\/secure.gravatar.com\/avatar\/4499f551e6a9b8c28bd3132f28d79657b2cb55ff363257726f67e89c95e2a33c?s=96&d=mm&r=g","contentUrl":"https:\/\/secure.gravatar.com\/avatar\/4499f551e6a9b8c28bd3132f28d79657b2cb55ff363257726f67e89c95e2a33c?s=96&d=mm&r=g","caption":"ncochin"}}]}},"_links":{"self":[{"href":"https:\/\/www.iemj.org\/es\/wp-json\/wp\/v2\/posts\/107516","targetHints":{"allow":["GET"]}}],"collection":[{"href":"https:\/\/www.iemj.org\/es\/wp-json\/wp\/v2\/posts"}],"about":[{"href":"https:\/\/www.iemj.org\/es\/wp-json\/wp\/v2\/types\/post"}],"author":[{"embeddable":true,"href":"https:\/\/www.iemj.org\/es\/wp-json\/wp\/v2\/users\/1050"}],"replies":[{"embeddable":true,"href":"https:\/\/www.iemj.org\/es\/wp-json\/wp\/v2\/comments?post=107516"}],"version-history":[{"count":0,"href":"https:\/\/www.iemj.org\/es\/wp-json\/wp\/v2\/posts\/107516\/revisions"}],"wp:featuredmedia":[{"embeddable":true,"href":"https:\/\/www.iemj.org\/es\/wp-json\/wp\/v2\/media\/107517"}],"wp:attachment":[{"href":"https:\/\/www.iemj.org\/es\/wp-json\/wp\/v2\/media?parent=107516"}],"wp:term":[{"taxonomy":"category","embeddable":true,"href":"https:\/\/www.iemj.org\/es\/wp-json\/wp\/v2\/categories?post=107516"},{"taxonomy":"post_tag","embeddable":true,"href":"https:\/\/www.iemj.org\/es\/wp-json\/wp\/v2\/tags?post=107516"},{"taxonomy":"technique","embeddable":true,"href":"https:\/\/www.iemj.org\/es\/wp-json\/wp\/v2\/technique?post=107516"},{"taxonomy":"squelettes","embeddable":true,"href":"https:\/\/www.iemj.org\/es\/wp-json\/wp\/v2\/squelettes?post=107516"},{"taxonomy":"sujet","embeddable":true,"href":"https:\/\/www.iemj.org\/es\/wp-json\/wp\/v2\/sujet?post=107516"},{"taxonomy":"formation","embeddable":true,"href":"https:\/\/www.iemj.org\/es\/wp-json\/wp\/v2\/formation?post=107516"},{"taxonomy":"genre","embeddable":true,"href":"https:\/\/www.iemj.org\/es\/wp-json\/wp\/v2\/genre?post=107516"},{"taxonomy":"fonds","embeddable":true,"href":"https:\/\/www.iemj.org\/es\/wp-json\/wp\/v2\/fonds?post=107516"},{"taxonomy":"tradition","embeddable":true,"href":"https:\/\/www.iemj.org\/es\/wp-json\/wp\/v2\/tradition?post=107516"},{"taxonomy":"type-de-contenu","embeddable":true,"href":"https:\/\/www.iemj.org\/es\/wp-json\/wp\/v2\/type-de-contenu?post=107516"},{"taxonomy":"interprete-compositeur","embeddable":true,"href":"https:\/\/www.iemj.org\/es\/wp-json\/wp\/v2\/interprete-compositeur?post=107516"},{"taxonomy":"frise","embeddable":true,"href":"https:\/\/www.iemj.org\/es\/wp-json\/wp\/v2\/frise?post=107516"},{"taxonomy":"type-devenement","embeddable":true,"href":"https:\/\/www.iemj.org\/es\/wp-json\/wp\/v2\/type-devenement?post=107516"},{"taxonomy":"tableaux-liens-externes","embeddable":true,"href":"https:\/\/www.iemj.org\/es\/wp-json\/wp\/v2\/tableaux-liens-externes?post=107516"}],"curies":[{"name":"wp","href":"https:\/\/api.w.org\/{rel}","templated":true}]}}