{"id":107639,"date":"2017-05-30T16:38:30","date_gmt":"2017-05-30T14:38:30","guid":{"rendered":"https:\/\/www.iemj.org\/la-synagogue-de-la-victoire-150-ans-du-judaisme-francais\/"},"modified":"2024-01-16T15:01:22","modified_gmt":"2024-01-16T14:01:22","slug":"la-synagogue-de-la-victoire-150-ans-du-judaisme-francais","status":"publish","type":"post","link":"https:\/\/www.iemj.org\/es\/la-synagogue-de-la-victoire-150-ans-du-judaisme-francais\/","title":{"rendered":"La synagogue de la Victoire, 150 ans du juda\u00efsme fran\u00e7ais"},"content":{"rendered":"<p><em>La synagogue de la Victoire, 150 ans du Juda\u00efsme fran\u00e7ais<\/em>, (La Sinagoga de la Victoire, 150 a\u00f1os de juda\u00edsmo franc\u00e9s) publicado en mayo de 2017, es una obra colectiva coeditada por Jacques Canet, presidente de La Victoire, y Claude Nataf, historiador y vicepresidente de la Comisi\u00f3n de Archivos Jud\u00edos de Francia.<\/p>\n<p>Escrito con la colaboraci\u00f3n de Martine Cohen, Mo\u00efse Cohen, Ariel Danan, Cyril Grange, Laura Hobson Faure, Ha\u00efm Korsia, Jean-Claude Kuperminc, Philippe Landau, F\u00e9lix Loeb, Stanislas Mah\u00e9, Ariel Messas, Martin Messika, B\u00e9atrice Philippe, Catherine Poujol, Herv\u00e9 Roten, Nelly Singer y Jean-Claude Werba, y con la participaci\u00f3n de numerosos fieles y testigos.<\/p>\n<h4>Retrospectiva y testimonios sobre un modelo de integraci\u00f3n<\/h4>\n<p><img fetchpriority=\"high\" decoding=\"async\" class=\" alignright  wp-image-14272\" src=\"https:\/\/www.iemj.org\/wp-content\/uploads\/2017\/05\/photo_2.jpg\" alt=\"photo_2.jpg\" width=\"261\" height=\"195\" align=\"right\" \/>Los autores ofrecen una visi\u00f3n pertinente y a\u00fan de actualidad de la gesti\u00f3n de la religi\u00f3n por parte de la Rep\u00fablica Francesa.<\/p>\n<p>\u00bfDe qu\u00e9 manera particip\u00f3 activamente la sinagoga de la Victoire en las distintas luchas de la Rep\u00fablica, a trav\u00e9s del papel desempe\u00f1ado por los rabinos y dirigentes que la dirig\u00edan y las personalidades que la frecuentaban?<br \/>\u00bfC\u00f3mo se expresa este modelo, impregnado de universalismo jud\u00edo y franc\u00e9s, en el modelo republicano de Francia? \u00bfCu\u00e1l es el presente y cu\u00e1l el futuro de este modelo de integraci\u00f3n?<\/p>\n<p><img decoding=\"async\" class=\" alignleft  wp-image-14278\" src=\"https:\/\/www.iemj.org\/wp-content\/uploads\/2017\/05\/photo_c.jpg\" alt=\"photo_c.jpg\" width=\"229\" height=\"171\" align=\"left\" \/><\/p>\n<p>Lugar de vida, de culto, de cultura y de ceremonias oficiales, la Sinagoga de la Victoire se presta a una reflexi\u00f3n multidisciplinar. A trav\u00e9s de p\u00e1ginas magn\u00edficamente ilustradas, el lector se sumerge en 150 a\u00f1os de historia, acontecimientos religiosos, momentos pol\u00edticos, m\u00fasica y arquitectura, as\u00ed como en las historias personales, pasadas y presentes, que han conformado o siguen conformando la influencia de la Gran Sinagoga de Par\u00eds.<\/p>\n<p><em>Este libro incluye un estudio de Herv\u00e9 Roten sobre el patrimonio musical de la Gran Sinagoga de la Victoria, que el autor ha reconstruido pacientemente investigando en los archivos del consistorio.<\/em><\/p>\n<p><a href=\"https:\/\/www.iemj.org\/la-victoire-en-chantant\/\" target=\"_blank\" rel=\"noopener\">Escuchar el programa de radio del IEMJ sobre la publicaci\u00f3n del libro<\/a><br \/><a href=\"https:\/\/www.iemj.org\/es\/musiques-liturgiques-de-la-synagogue-de-la-victoire\/\" target=\"_blank\" rel=\"noopener\">Escuchar la lista de reproducci\u00f3n de las melod\u00edas m\u00e1s bellas de la sinagoga de la Victoire<\/a><\/p>\n\n\n<figure class=\"wp-block-video\"><video height=\"576\" style=\"aspect-ratio: 720 \/ 576;\" width=\"720\" controls poster=\"https:\/\/www.iemj.org\/wp-content\/uploads\/2017\/05\/Capture.png\" src=\"https:\/\/www.iemj.org\/wp-content\/uploads\/2019\/03\/montage_sdv_les_150_ans_de_la_victoire.mp4\"><\/video><figcaption class=\"wp-element-caption\"><strong>Ver la presentaci\u00f3n del libro <em>La synagogue de la Victoire, 150 ans du juda\u00efsme fran\u00e7ais<\/em> por Jacques Canet, Presidente de la Sinagoga de la Victoire &#8211; Extracto del programa La Source de Vie, dirigido por Josy Eisenberg<\/strong><\/figcaption><\/figure>\n\n\n\n<p><\/p>\n","protected":false},"excerpt":{"rendered":"<p>La synagogue de la Victoire, 150 ans du Juda\u00efsme fran\u00e7ais, (La Sinagoga de la Victoire, 150 a\u00f1os de juda\u00edsmo franc\u00e9s) publicado en mayo de 2017, es una obra colectiva coeditada<\/p>\n","protected":false},"author":5,"featured_media":107635,"comment_status":"closed","ping_status":"open","sticky":false,"template":"","format":"standard","meta":{"_acf_changed":false,"footnotes":""},"categories":[1577,1565],"tags":[],"technique":[],"squelettes":[],"sujet":[2110],"formation":[],"genre":[],"fonds":[],"tradition":[],"type-de-contenu":[],"interprete-compositeur":[],"frise":[],"type-devenement":[],"tableaux-liens-externes":[],"class_list":["post-107639","post","type-post","status-publish","format-standard","has-post-thumbnail","hentry","category-libros-articulos-es","category-ultimas-adquisiciones-es","sujet-musica-de-la-sinagoga-es"],"acf":[],"yoast_head":"<!-- This site is optimized with the Yoast SEO plugin v27.3 - https:\/\/yoast.com\/product\/yoast-seo-wordpress\/ -->\n<title>La synagogue de la Victoire, 150 ans du juda\u00efsme fran\u00e7ais - Institut Europ\u00e9en des Musiques Juives<\/title>\n<meta name=\"robots\" content=\"index, follow, max-snippet:-1, max-image-preview:large, max-video-preview:-1\" \/>\n<link rel=\"canonical\" href=\"https:\/\/www.iemj.org\/es\/la-synagogue-de-la-victoire-150-ans-du-judaisme-francais\/\" \/>\n<meta property=\"og:locale\" content=\"es_ES\" \/>\n<meta property=\"og:type\" content=\"article\" \/>\n<meta property=\"og:title\" content=\"La synagogue de la Victoire, 150 ans du juda\u00efsme fran\u00e7ais - Institut Europ\u00e9en des Musiques Juives\" \/>\n<meta property=\"og:description\" content=\"La synagogue de la Victoire, 150 ans du Juda\u00efsme fran\u00e7ais, (La Sinagoga de la Victoire, 150 a\u00f1os de juda\u00edsmo franc\u00e9s) publicado en mayo de 2017, es una obra colectiva coeditada\" \/>\n<meta property=\"og:url\" content=\"https:\/\/www.iemj.org\/es\/la-synagogue-de-la-victoire-150-ans-du-judaisme-francais\/\" \/>\n<meta property=\"og:site_name\" content=\"Institut Europ\u00e9en des Musiques Juives\" \/>\n<meta property=\"article:publisher\" content=\"https:\/\/www.facebook.com\/MusiquesJuives\/\" \/>\n<meta property=\"article:published_time\" content=\"2017-05-30T14:38:30+00:00\" \/>\n<meta property=\"article:modified_time\" content=\"2024-01-16T14:01:22+00:00\" \/>\n<meta property=\"og:image\" content=\"https:\/\/www.iemj.org\/wp-content\/uploads\/2017\/05\/arton2332-e1619202342562.jpg\" \/>\n\t<meta property=\"og:image:width\" content=\"350\" \/>\n\t<meta property=\"og:image:height\" content=\"256\" \/>\n\t<meta property=\"og:image:type\" content=\"image\/jpeg\" \/>\n<meta name=\"author\" content=\"Jacqueline ROTEN\" \/>\n<meta name=\"twitter:card\" content=\"summary_large_image\" \/>\n<meta name=\"twitter:label1\" content=\"Escrito por\" \/>\n\t<meta name=\"twitter:data1\" content=\"Jacqueline ROTEN\" \/>\n\t<meta name=\"twitter:label2\" content=\"Tiempo de lectura\" \/>\n\t<meta name=\"twitter:data2\" content=\"3 minutos\" \/>\n<script type=\"application\/ld+json\" class=\"yoast-schema-graph\">{\"@context\":\"https:\\\/\\\/schema.org\",\"@graph\":[{\"@type\":\"Article\",\"@id\":\"https:\\\/\\\/www.iemj.org\\\/es\\\/la-synagogue-de-la-victoire-150-ans-du-judaisme-francais\\\/#article\",\"isPartOf\":{\"@id\":\"https:\\\/\\\/www.iemj.org\\\/es\\\/la-synagogue-de-la-victoire-150-ans-du-judaisme-francais\\\/\"},\"author\":{\"name\":\"Jacqueline ROTEN\",\"@id\":\"https:\\\/\\\/www.iemj.org\\\/es\\\/#\\\/schema\\\/person\\\/358e26c18aca017fcc4cc15437f7279c\"},\"headline\":\"La synagogue de la Victoire, 150 ans du juda\u00efsme fran\u00e7ais\",\"datePublished\":\"2017-05-30T14:38:30+00:00\",\"dateModified\":\"2024-01-16T14:01:22+00:00\",\"mainEntityOfPage\":{\"@id\":\"https:\\\/\\\/www.iemj.org\\\/es\\\/la-synagogue-de-la-victoire-150-ans-du-judaisme-francais\\\/\"},\"wordCount\":410,\"publisher\":{\"@id\":\"https:\\\/\\\/www.iemj.org\\\/es\\\/#organization\"},\"image\":{\"@id\":\"https:\\\/\\\/www.iemj.org\\\/es\\\/la-synagogue-de-la-victoire-150-ans-du-judaisme-francais\\\/#primaryimage\"},\"thumbnailUrl\":\"https:\\\/\\\/www.iemj.org\\\/wp-content\\\/uploads\\\/2017\\\/05\\\/arton2332-e1619202342562.jpg\",\"articleSection\":[\"Libros, art\u00edculos\",\"\u00daltimas adquisiciones\"],\"inLanguage\":\"es\"},{\"@type\":\"WebPage\",\"@id\":\"https:\\\/\\\/www.iemj.org\\\/es\\\/la-synagogue-de-la-victoire-150-ans-du-judaisme-francais\\\/\",\"url\":\"https:\\\/\\\/www.iemj.org\\\/es\\\/la-synagogue-de-la-victoire-150-ans-du-judaisme-francais\\\/\",\"name\":\"La synagogue de la Victoire, 150 ans du juda\u00efsme fran\u00e7ais - Institut Europ\u00e9en des Musiques Juives\",\"isPartOf\":{\"@id\":\"https:\\\/\\\/www.iemj.org\\\/es\\\/#website\"},\"primaryImageOfPage\":{\"@id\":\"https:\\\/\\\/www.iemj.org\\\/es\\\/la-synagogue-de-la-victoire-150-ans-du-judaisme-francais\\\/#primaryimage\"},\"image\":{\"@id\":\"https:\\\/\\\/www.iemj.org\\\/es\\\/la-synagogue-de-la-victoire-150-ans-du-judaisme-francais\\\/#primaryimage\"},\"thumbnailUrl\":\"https:\\\/\\\/www.iemj.org\\\/wp-content\\\/uploads\\\/2017\\\/05\\\/arton2332-e1619202342562.jpg\",\"datePublished\":\"2017-05-30T14:38:30+00:00\",\"dateModified\":\"2024-01-16T14:01:22+00:00\",\"breadcrumb\":{\"@id\":\"https:\\\/\\\/www.iemj.org\\\/es\\\/la-synagogue-de-la-victoire-150-ans-du-judaisme-francais\\\/#breadcrumb\"},\"inLanguage\":\"es\",\"potentialAction\":[{\"@type\":\"ReadAction\",\"target\":[\"https:\\\/\\\/www.iemj.org\\\/es\\\/la-synagogue-de-la-victoire-150-ans-du-judaisme-francais\\\/\"]}]},{\"@type\":\"ImageObject\",\"inLanguage\":\"es\",\"@id\":\"https:\\\/\\\/www.iemj.org\\\/es\\\/la-synagogue-de-la-victoire-150-ans-du-judaisme-francais\\\/#primaryimage\",\"url\":\"https:\\\/\\\/www.iemj.org\\\/wp-content\\\/uploads\\\/2017\\\/05\\\/arton2332-e1619202342562.jpg\",\"contentUrl\":\"https:\\\/\\\/www.iemj.org\\\/wp-content\\\/uploads\\\/2017\\\/05\\\/arton2332-e1619202342562.jpg\",\"width\":350,\"height\":256},{\"@type\":\"BreadcrumbList\",\"@id\":\"https:\\\/\\\/www.iemj.org\\\/es\\\/la-synagogue-de-la-victoire-150-ans-du-judaisme-francais\\\/#breadcrumb\",\"itemListElement\":[{\"@type\":\"ListItem\",\"position\":1,\"name\":\"Accueil\",\"item\":\"https:\\\/\\\/www.iemj.org\\\/es\\\/\"},{\"@type\":\"ListItem\",\"position\":2,\"name\":\"La synagogue de la Victoire, 150 ans du juda\u00efsme fran\u00e7ais\"}]},{\"@type\":\"WebSite\",\"@id\":\"https:\\\/\\\/www.iemj.org\\\/es\\\/#website\",\"url\":\"https:\\\/\\\/www.iemj.org\\\/es\\\/\",\"name\":\"Institut Europ\u00e9en des Musiques Juives\",\"description\":\"Des traditions musicales \u00e0 la port\u00e9e de tous\",\"publisher\":{\"@id\":\"https:\\\/\\\/www.iemj.org\\\/es\\\/#organization\"},\"potentialAction\":[{\"@type\":\"SearchAction\",\"target\":{\"@type\":\"EntryPoint\",\"urlTemplate\":\"https:\\\/\\\/www.iemj.org\\\/es\\\/?s={search_term_string}\"},\"query-input\":{\"@type\":\"PropertyValueSpecification\",\"valueRequired\":true,\"valueName\":\"search_term_string\"}}],\"inLanguage\":\"es\"},{\"@type\":\"Organization\",\"@id\":\"https:\\\/\\\/www.iemj.org\\\/es\\\/#organization\",\"name\":\"Institut Europ\u00e9en des Musiques Juives\",\"url\":\"https:\\\/\\\/www.iemj.org\\\/es\\\/\",\"logo\":{\"@type\":\"ImageObject\",\"inLanguage\":\"es\",\"@id\":\"https:\\\/\\\/www.iemj.org\\\/es\\\/#\\\/schema\\\/logo\\\/image\\\/\",\"url\":\"https:\\\/\\\/www.iemj.org\\\/wp-content\\\/uploads\\\/2021\\\/09\\\/Logo-IEMJ-Paypal.jpg\",\"contentUrl\":\"https:\\\/\\\/www.iemj.org\\\/wp-content\\\/uploads\\\/2021\\\/09\\\/Logo-IEMJ-Paypal.jpg\",\"width\":150,\"height\":50,\"caption\":\"Institut Europ\u00e9en des Musiques Juives\"},\"image\":{\"@id\":\"https:\\\/\\\/www.iemj.org\\\/es\\\/#\\\/schema\\\/logo\\\/image\\\/\"},\"sameAs\":[\"https:\\\/\\\/www.facebook.com\\\/MusiquesJuives\\\/\",\"https:\\\/\\\/www.instagram.com\\\/musiquesjuives\\\/\",\"https:\\\/\\\/www.youtube.com\\\/user\\\/musiquesjuives\"]},{\"@type\":\"Person\",\"@id\":\"https:\\\/\\\/www.iemj.org\\\/es\\\/#\\\/schema\\\/person\\\/358e26c18aca017fcc4cc15437f7279c\",\"name\":\"Jacqueline ROTEN\",\"image\":{\"@type\":\"ImageObject\",\"inLanguage\":\"es\",\"@id\":\"https:\\\/\\\/secure.gravatar.com\\\/avatar\\\/5964256d6c6957de3a3505278957e0fb2a35119ac47ea41827a65301213c810b?s=96&d=mm&r=g\",\"url\":\"https:\\\/\\\/secure.gravatar.com\\\/avatar\\\/5964256d6c6957de3a3505278957e0fb2a35119ac47ea41827a65301213c810b?s=96&d=mm&r=g\",\"contentUrl\":\"https:\\\/\\\/secure.gravatar.com\\\/avatar\\\/5964256d6c6957de3a3505278957e0fb2a35119ac47ea41827a65301213c810b?s=96&d=mm&r=g\",\"caption\":\"Jacqueline ROTEN\"}}]}<\/script>\n<!-- \/ Yoast SEO plugin. -->","yoast_head_json":{"title":"La synagogue de la Victoire, 150 ans du juda\u00efsme fran\u00e7ais - Institut Europ\u00e9en des Musiques Juives","robots":{"index":"index","follow":"follow","max-snippet":"max-snippet:-1","max-image-preview":"max-image-preview:large","max-video-preview":"max-video-preview:-1"},"canonical":"https:\/\/www.iemj.org\/es\/la-synagogue-de-la-victoire-150-ans-du-judaisme-francais\/","og_locale":"es_ES","og_type":"article","og_title":"La synagogue de la Victoire, 150 ans du juda\u00efsme fran\u00e7ais - Institut Europ\u00e9en des Musiques Juives","og_description":"La synagogue de la Victoire, 150 ans du Juda\u00efsme fran\u00e7ais, (La Sinagoga de la Victoire, 150 a\u00f1os de juda\u00edsmo franc\u00e9s) publicado en mayo de 2017, es una obra colectiva coeditada","og_url":"https:\/\/www.iemj.org\/es\/la-synagogue-de-la-victoire-150-ans-du-judaisme-francais\/","og_site_name":"Institut Europ\u00e9en des Musiques Juives","article_publisher":"https:\/\/www.facebook.com\/MusiquesJuives\/","article_published_time":"2017-05-30T14:38:30+00:00","article_modified_time":"2024-01-16T14:01:22+00:00","og_image":[{"width":350,"height":256,"url":"https:\/\/www.iemj.org\/wp-content\/uploads\/2017\/05\/arton2332-e1619202342562.jpg","type":"image\/jpeg"}],"author":"Jacqueline ROTEN","twitter_card":"summary_large_image","twitter_misc":{"Escrito por":"Jacqueline ROTEN","Tiempo de lectura":"3 minutos"},"schema":{"@context":"https:\/\/schema.org","@graph":[{"@type":"Article","@id":"https:\/\/www.iemj.org\/es\/la-synagogue-de-la-victoire-150-ans-du-judaisme-francais\/#article","isPartOf":{"@id":"https:\/\/www.iemj.org\/es\/la-synagogue-de-la-victoire-150-ans-du-judaisme-francais\/"},"author":{"name":"Jacqueline ROTEN","@id":"https:\/\/www.iemj.org\/es\/#\/schema\/person\/358e26c18aca017fcc4cc15437f7279c"},"headline":"La synagogue de la Victoire, 150 ans du juda\u00efsme fran\u00e7ais","datePublished":"2017-05-30T14:38:30+00:00","dateModified":"2024-01-16T14:01:22+00:00","mainEntityOfPage":{"@id":"https:\/\/www.iemj.org\/es\/la-synagogue-de-la-victoire-150-ans-du-judaisme-francais\/"},"wordCount":410,"publisher":{"@id":"https:\/\/www.iemj.org\/es\/#organization"},"image":{"@id":"https:\/\/www.iemj.org\/es\/la-synagogue-de-la-victoire-150-ans-du-judaisme-francais\/#primaryimage"},"thumbnailUrl":"https:\/\/www.iemj.org\/wp-content\/uploads\/2017\/05\/arton2332-e1619202342562.jpg","articleSection":["Libros, art\u00edculos","\u00daltimas adquisiciones"],"inLanguage":"es"},{"@type":"WebPage","@id":"https:\/\/www.iemj.org\/es\/la-synagogue-de-la-victoire-150-ans-du-judaisme-francais\/","url":"https:\/\/www.iemj.org\/es\/la-synagogue-de-la-victoire-150-ans-du-judaisme-francais\/","name":"La synagogue de la Victoire, 150 ans du juda\u00efsme fran\u00e7ais - Institut Europ\u00e9en des Musiques Juives","isPartOf":{"@id":"https:\/\/www.iemj.org\/es\/#website"},"primaryImageOfPage":{"@id":"https:\/\/www.iemj.org\/es\/la-synagogue-de-la-victoire-150-ans-du-judaisme-francais\/#primaryimage"},"image":{"@id":"https:\/\/www.iemj.org\/es\/la-synagogue-de-la-victoire-150-ans-du-judaisme-francais\/#primaryimage"},"thumbnailUrl":"https:\/\/www.iemj.org\/wp-content\/uploads\/2017\/05\/arton2332-e1619202342562.jpg","datePublished":"2017-05-30T14:38:30+00:00","dateModified":"2024-01-16T14:01:22+00:00","breadcrumb":{"@id":"https:\/\/www.iemj.org\/es\/la-synagogue-de-la-victoire-150-ans-du-judaisme-francais\/#breadcrumb"},"inLanguage":"es","potentialAction":[{"@type":"ReadAction","target":["https:\/\/www.iemj.org\/es\/la-synagogue-de-la-victoire-150-ans-du-judaisme-francais\/"]}]},{"@type":"ImageObject","inLanguage":"es","@id":"https:\/\/www.iemj.org\/es\/la-synagogue-de-la-victoire-150-ans-du-judaisme-francais\/#primaryimage","url":"https:\/\/www.iemj.org\/wp-content\/uploads\/2017\/05\/arton2332-e1619202342562.jpg","contentUrl":"https:\/\/www.iemj.org\/wp-content\/uploads\/2017\/05\/arton2332-e1619202342562.jpg","width":350,"height":256},{"@type":"BreadcrumbList","@id":"https:\/\/www.iemj.org\/es\/la-synagogue-de-la-victoire-150-ans-du-judaisme-francais\/#breadcrumb","itemListElement":[{"@type":"ListItem","position":1,"name":"Accueil","item":"https:\/\/www.iemj.org\/es\/"},{"@type":"ListItem","position":2,"name":"La synagogue de la Victoire, 150 ans du juda\u00efsme fran\u00e7ais"}]},{"@type":"WebSite","@id":"https:\/\/www.iemj.org\/es\/#website","url":"https:\/\/www.iemj.org\/es\/","name":"Institut Europ\u00e9en des Musiques Juives","description":"Des traditions musicales \u00e0 la port\u00e9e de tous","publisher":{"@id":"https:\/\/www.iemj.org\/es\/#organization"},"potentialAction":[{"@type":"SearchAction","target":{"@type":"EntryPoint","urlTemplate":"https:\/\/www.iemj.org\/es\/?s={search_term_string}"},"query-input":{"@type":"PropertyValueSpecification","valueRequired":true,"valueName":"search_term_string"}}],"inLanguage":"es"},{"@type":"Organization","@id":"https:\/\/www.iemj.org\/es\/#organization","name":"Institut Europ\u00e9en des Musiques Juives","url":"https:\/\/www.iemj.org\/es\/","logo":{"@type":"ImageObject","inLanguage":"es","@id":"https:\/\/www.iemj.org\/es\/#\/schema\/logo\/image\/","url":"https:\/\/www.iemj.org\/wp-content\/uploads\/2021\/09\/Logo-IEMJ-Paypal.jpg","contentUrl":"https:\/\/www.iemj.org\/wp-content\/uploads\/2021\/09\/Logo-IEMJ-Paypal.jpg","width":150,"height":50,"caption":"Institut Europ\u00e9en des Musiques Juives"},"image":{"@id":"https:\/\/www.iemj.org\/es\/#\/schema\/logo\/image\/"},"sameAs":["https:\/\/www.facebook.com\/MusiquesJuives\/","https:\/\/www.instagram.com\/musiquesjuives\/","https:\/\/www.youtube.com\/user\/musiquesjuives"]},{"@type":"Person","@id":"https:\/\/www.iemj.org\/es\/#\/schema\/person\/358e26c18aca017fcc4cc15437f7279c","name":"Jacqueline ROTEN","image":{"@type":"ImageObject","inLanguage":"es","@id":"https:\/\/secure.gravatar.com\/avatar\/5964256d6c6957de3a3505278957e0fb2a35119ac47ea41827a65301213c810b?s=96&d=mm&r=g","url":"https:\/\/secure.gravatar.com\/avatar\/5964256d6c6957de3a3505278957e0fb2a35119ac47ea41827a65301213c810b?s=96&d=mm&r=g","contentUrl":"https:\/\/secure.gravatar.com\/avatar\/5964256d6c6957de3a3505278957e0fb2a35119ac47ea41827a65301213c810b?s=96&d=mm&r=g","caption":"Jacqueline ROTEN"}}]}},"_links":{"self":[{"href":"https:\/\/www.iemj.org\/es\/wp-json\/wp\/v2\/posts\/107639","targetHints":{"allow":["GET"]}}],"collection":[{"href":"https:\/\/www.iemj.org\/es\/wp-json\/wp\/v2\/posts"}],"about":[{"href":"https:\/\/www.iemj.org\/es\/wp-json\/wp\/v2\/types\/post"}],"author":[{"embeddable":true,"href":"https:\/\/www.iemj.org\/es\/wp-json\/wp\/v2\/users\/5"}],"replies":[{"embeddable":true,"href":"https:\/\/www.iemj.org\/es\/wp-json\/wp\/v2\/comments?post=107639"}],"version-history":[{"count":0,"href":"https:\/\/www.iemj.org\/es\/wp-json\/wp\/v2\/posts\/107639\/revisions"}],"wp:featuredmedia":[{"embeddable":true,"href":"https:\/\/www.iemj.org\/es\/wp-json\/wp\/v2\/media\/107635"}],"wp:attachment":[{"href":"https:\/\/www.iemj.org\/es\/wp-json\/wp\/v2\/media?parent=107639"}],"wp:term":[{"taxonomy":"category","embeddable":true,"href":"https:\/\/www.iemj.org\/es\/wp-json\/wp\/v2\/categories?post=107639"},{"taxonomy":"post_tag","embeddable":true,"href":"https:\/\/www.iemj.org\/es\/wp-json\/wp\/v2\/tags?post=107639"},{"taxonomy":"technique","embeddable":true,"href":"https:\/\/www.iemj.org\/es\/wp-json\/wp\/v2\/technique?post=107639"},{"taxonomy":"squelettes","embeddable":true,"href":"https:\/\/www.iemj.org\/es\/wp-json\/wp\/v2\/squelettes?post=107639"},{"taxonomy":"sujet","embeddable":true,"href":"https:\/\/www.iemj.org\/es\/wp-json\/wp\/v2\/sujet?post=107639"},{"taxonomy":"formation","embeddable":true,"href":"https:\/\/www.iemj.org\/es\/wp-json\/wp\/v2\/formation?post=107639"},{"taxonomy":"genre","embeddable":true,"href":"https:\/\/www.iemj.org\/es\/wp-json\/wp\/v2\/genre?post=107639"},{"taxonomy":"fonds","embeddable":true,"href":"https:\/\/www.iemj.org\/es\/wp-json\/wp\/v2\/fonds?post=107639"},{"taxonomy":"tradition","embeddable":true,"href":"https:\/\/www.iemj.org\/es\/wp-json\/wp\/v2\/tradition?post=107639"},{"taxonomy":"type-de-contenu","embeddable":true,"href":"https:\/\/www.iemj.org\/es\/wp-json\/wp\/v2\/type-de-contenu?post=107639"},{"taxonomy":"interprete-compositeur","embeddable":true,"href":"https:\/\/www.iemj.org\/es\/wp-json\/wp\/v2\/interprete-compositeur?post=107639"},{"taxonomy":"frise","embeddable":true,"href":"https:\/\/www.iemj.org\/es\/wp-json\/wp\/v2\/frise?post=107639"},{"taxonomy":"type-devenement","embeddable":true,"href":"https:\/\/www.iemj.org\/es\/wp-json\/wp\/v2\/type-devenement?post=107639"},{"taxonomy":"tableaux-liens-externes","embeddable":true,"href":"https:\/\/www.iemj.org\/es\/wp-json\/wp\/v2\/tableaux-liens-externes?post=107639"}],"curies":[{"name":"wp","href":"https:\/\/api.w.org\/{rel}","templated":true}]}}