{"id":107652,"date":"2017-02-01T11:56:24","date_gmt":"2017-02-01T10:56:24","guid":{"rendered":"https:\/\/www.iemj.org\/oy-oy-oy-gevalt-jews-and-punk\/"},"modified":"2024-01-16T16:09:22","modified_gmt":"2024-01-16T15:09:22","slug":"oy-oy-oy-gevalt-jews-and-punk","status":"publish","type":"post","link":"https:\/\/www.iemj.org\/es\/oy-oy-oy-gevalt-jews-and-punk\/","title":{"rendered":"Oy oy oy gevalt ! Jews and punk"},"content":{"rendered":"<p>Libro en ingl\u00e9s<\/p>\n<p><!--more-->Jud\u00edo y punk. Dos palabras que pueden parecer antin\u00f3micas, y sin embargo&#8230;<\/p>\n<p>En el prefacio de su libro <em>\u00a1Oy oy oy gevalt! Jews and Punk<\/em>, <strong>Michael Croland<\/strong> muestra las similitudes entre estos dos mundos a trav\u00e9s de la sencilla palabrita \u00aboy\/o\u00ef\u00bb. El primer \u00aboy\u00bb es una palabra muy utilizada en yiddish que podr\u00eda traducirse como \u00aboh\u00bb y que puede expresar toda una serie de emociones: sorpresa, incredulidad (a veces ir\u00f3nica), tristeza, dolor&#8230; Puede utilizarse sola o en expresiones como \u00ab<em>oy vey<\/em>\u00ab, \u00ab<em>oy gevalt<\/em>\u00ab, \u00aboy oy oy\u00bb, etc. El segundo \u00abo\u00ef\u00bb es un grito de guerra punk que se origin\u00f3 en la clase obrera inglesa y puede o\u00edrse en los partidos de f\u00fatbol del Reino Unido. Se ha asociado a los grupos de m\u00fasica skinhead de los a\u00f1os 70 y 80, que a veces hac\u00edan comentarios racistas y antisemitas.<\/p>\n<p>La m\u00fasica \u00a1O\u00ef! se ha convertido en un subg\u00e9nero de la m\u00fasica punk, con estribillos que a menudo rezan \u00ab<em>\u00a1O\u00ef! \u00a1O\u00ef! O\u00ef!<\/em>\u00ab, y hoy puede escucharse en muchos conciertos punk, ya sean racistas o antifascistas.<\/p>\n<p>Tras haber indagado en numerosos art\u00edculos, p\u00e1ginas web y viejas cintas de audio, Michael Croland ha elaborado este asombroso y fascinante estudio etnogr\u00e1fico sobre los jud\u00edos en la m\u00fasica punk-rock, o los jud\u00edos que expresan una actitud punk (es decir, poco convencional, rebelde, al margen&#8230;) a trav\u00e9s de su arte (m\u00fasica, fanzine, v\u00eddeo&#8230;). Michael Croland retrata a estos artistas que reivindican una doble identidad, jud\u00eda y punk: desde el grupo pionero <strong>The Ramones<\/strong> -formado por dos jud\u00edos y dos no jud\u00edos, y cuya primera canci\u00f3n del \u00e1lbum se titula \u00abBlitzkrieg Bop\u00bb- hasta <strong>Moshiach Oi!<\/strong>, <strong>Daniel Kahn<\/strong>, The Dictators, <strong>The Clash<\/strong>, <strong>NOFX<\/strong>, <strong>Schmeckel<\/strong>, <strong>Yidcore<\/strong>, <strong>Golem<\/strong>, sin olvidar a <strong>Steve Lieberman<\/strong>, m\u00e1s conocido como \u00ab<strong>Gangsta Rabbi<\/strong>\u00ab.<\/p>\n<p>Yishai Romanoff, el cantante jud\u00edo ortodoxo de la banda punk <strong>Moshiach Oi!<\/strong> explica, por ejemplo, que su canci\u00f3n <em>\u00abAbraham was a Punk Rocker\u00bb puede ser un himno para el punk jud\u00edo: \u00abNacido en una sociedad de mentiras, a una edad muy temprana se dio cuenta de que todo lo que le rodeaba no era m\u00e1s que vanidad, Abraham fue el primero en liberarse, Abraham fue un Punk Rocker, destruyendo todos los \u00eddolos, s\u00ed, no pudo ser conquistado, arrojado al fuego por atreverse a resistir, d\u00e1ndonos una raz\u00f3n para existir&#8230;\u00bb.<\/em><\/p>\n<p>A trav\u00e9s de numerosas an\u00e9cdotas y entrevistas, los adeptos de esta extra\u00f1a secta nos muestran que han encontrado un entorno agradable, donde se sienten como en casa, tras sentirse excluidos o marginados de sus comunidades, ya sean jud\u00edas o punk.<\/p>\n<p><a href=\"https:\/\/michaelcroland.com\/oy-oy-oy-gevalt\/\" target=\"_blank\" rel=\"noopener\">M\u00e1s informaciones en el sitio web del autor (en ingl\u00e9s)<\/a><br \/><a href=\"https:\/\/www.amazon.fr\/Oy-Gevalt-Jews-Punk\/dp\/1440832196\">Commander le livre<\/a><\/p>\n\n\n<figure class=\"wp-block-embed is-type-video is-provider-youtube wp-block-embed-youtube wp-embed-aspect-4-3 wp-has-aspect-ratio\"><div class=\"wp-block-embed__wrapper\">\n<iframe title=\"Moshiach Oi! - Avraham Was A Punk Rocker\" width=\"640\" height=\"480\" src=\"https:\/\/www.youtube.com\/embed\/VLPgW1qXY-c?feature=oembed\" frameborder=\"0\" allow=\"accelerometer; autoplay; clipboard-write; encrypted-media; gyroscope; picture-in-picture; web-share\" referrerpolicy=\"strict-origin-when-cross-origin\" allowfullscreen><\/iframe>\n<\/div><\/figure>\n","protected":false},"excerpt":{"rendered":"<p>Libro en ingl\u00e9s<\/p>\n","protected":false},"author":1048,"featured_media":107653,"comment_status":"closed","ping_status":"open","sticky":false,"template":"","format":"standard","meta":{"_acf_changed":false,"footnotes":""},"categories":[1577,1565],"tags":[],"technique":[],"squelettes":[],"sujet":[],"formation":[],"genre":[],"fonds":[],"tradition":[],"type-de-contenu":[],"interprete-compositeur":[],"frise":[],"type-devenement":[],"tableaux-liens-externes":[],"class_list":["post-107652","post","type-post","status-publish","format-standard","has-post-thumbnail","hentry","category-libros-articulos-es","category-ultimas-adquisiciones-es"],"acf":[],"yoast_head":"<!-- This site is optimized with the Yoast SEO plugin v27.3 - https:\/\/yoast.com\/product\/yoast-seo-wordpress\/ -->\n<title>Oy oy oy gevalt ! Jews and punk - Institut Europ\u00e9en des Musiques Juives<\/title>\n<meta name=\"robots\" content=\"index, follow, max-snippet:-1, max-image-preview:large, max-video-preview:-1\" \/>\n<link rel=\"canonical\" href=\"https:\/\/www.iemj.org\/es\/oy-oy-oy-gevalt-jews-and-punk\/\" \/>\n<meta property=\"og:locale\" content=\"es_ES\" \/>\n<meta property=\"og:type\" content=\"article\" \/>\n<meta property=\"og:title\" content=\"Oy oy oy gevalt ! Jews and punk - Institut Europ\u00e9en des Musiques Juives\" \/>\n<meta property=\"og:description\" content=\"Libro en ingl\u00e9s\" \/>\n<meta property=\"og:url\" content=\"https:\/\/www.iemj.org\/es\/oy-oy-oy-gevalt-jews-and-punk\/\" \/>\n<meta property=\"og:site_name\" content=\"Institut Europ\u00e9en des Musiques Juives\" \/>\n<meta property=\"article:publisher\" content=\"https:\/\/www.facebook.com\/MusiquesJuives\/\" \/>\n<meta property=\"article:published_time\" content=\"2017-02-01T10:56:24+00:00\" \/>\n<meta property=\"article:modified_time\" content=\"2024-01-16T15:09:22+00:00\" \/>\n<meta property=\"og:image\" content=\"https:\/\/www.iemj.org\/wp-content\/uploads\/2017\/02\/arton2071-scaled-e1619344738255.jpg\" \/>\n\t<meta property=\"og:image:width\" content=\"350\" \/>\n\t<meta property=\"og:image:height\" content=\"524\" \/>\n\t<meta property=\"og:image:type\" content=\"image\/jpeg\" \/>\n<meta name=\"author\" content=\"Jean-Gabriel Davis\" \/>\n<meta name=\"twitter:card\" content=\"summary_large_image\" \/>\n<meta name=\"twitter:label1\" content=\"Escrito por\" \/>\n\t<meta name=\"twitter:data1\" content=\"Jean-Gabriel Davis\" \/>\n\t<meta name=\"twitter:label2\" content=\"Tiempo de lectura\" \/>\n\t<meta name=\"twitter:data2\" content=\"3 minutos\" \/>\n<script type=\"application\/ld+json\" class=\"yoast-schema-graph\">{\"@context\":\"https:\\\/\\\/schema.org\",\"@graph\":[{\"@type\":\"Article\",\"@id\":\"https:\\\/\\\/www.iemj.org\\\/es\\\/oy-oy-oy-gevalt-jews-and-punk\\\/#article\",\"isPartOf\":{\"@id\":\"https:\\\/\\\/www.iemj.org\\\/es\\\/oy-oy-oy-gevalt-jews-and-punk\\\/\"},\"author\":{\"name\":\"Jean-Gabriel Davis\",\"@id\":\"https:\\\/\\\/www.iemj.org\\\/es\\\/#\\\/schema\\\/person\\\/c9bc1c386a3749579a2d675e72a18666\"},\"headline\":\"Oy oy oy gevalt ! Jews and punk\",\"datePublished\":\"2017-02-01T10:56:24+00:00\",\"dateModified\":\"2024-01-16T15:09:22+00:00\",\"mainEntityOfPage\":{\"@id\":\"https:\\\/\\\/www.iemj.org\\\/es\\\/oy-oy-oy-gevalt-jews-and-punk\\\/\"},\"wordCount\":484,\"publisher\":{\"@id\":\"https:\\\/\\\/www.iemj.org\\\/es\\\/#organization\"},\"image\":{\"@id\":\"https:\\\/\\\/www.iemj.org\\\/es\\\/oy-oy-oy-gevalt-jews-and-punk\\\/#primaryimage\"},\"thumbnailUrl\":\"https:\\\/\\\/www.iemj.org\\\/wp-content\\\/uploads\\\/2017\\\/02\\\/arton2071-scaled-e1619344738255.jpg\",\"articleSection\":[\"Libros, art\u00edculos\",\"\u00daltimas adquisiciones\"],\"inLanguage\":\"es\"},{\"@type\":\"WebPage\",\"@id\":\"https:\\\/\\\/www.iemj.org\\\/es\\\/oy-oy-oy-gevalt-jews-and-punk\\\/\",\"url\":\"https:\\\/\\\/www.iemj.org\\\/es\\\/oy-oy-oy-gevalt-jews-and-punk\\\/\",\"name\":\"Oy oy oy gevalt ! Jews and punk - Institut Europ\u00e9en des Musiques Juives\",\"isPartOf\":{\"@id\":\"https:\\\/\\\/www.iemj.org\\\/es\\\/#website\"},\"primaryImageOfPage\":{\"@id\":\"https:\\\/\\\/www.iemj.org\\\/es\\\/oy-oy-oy-gevalt-jews-and-punk\\\/#primaryimage\"},\"image\":{\"@id\":\"https:\\\/\\\/www.iemj.org\\\/es\\\/oy-oy-oy-gevalt-jews-and-punk\\\/#primaryimage\"},\"thumbnailUrl\":\"https:\\\/\\\/www.iemj.org\\\/wp-content\\\/uploads\\\/2017\\\/02\\\/arton2071-scaled-e1619344738255.jpg\",\"datePublished\":\"2017-02-01T10:56:24+00:00\",\"dateModified\":\"2024-01-16T15:09:22+00:00\",\"breadcrumb\":{\"@id\":\"https:\\\/\\\/www.iemj.org\\\/es\\\/oy-oy-oy-gevalt-jews-and-punk\\\/#breadcrumb\"},\"inLanguage\":\"es\",\"potentialAction\":[{\"@type\":\"ReadAction\",\"target\":[\"https:\\\/\\\/www.iemj.org\\\/es\\\/oy-oy-oy-gevalt-jews-and-punk\\\/\"]}]},{\"@type\":\"ImageObject\",\"inLanguage\":\"es\",\"@id\":\"https:\\\/\\\/www.iemj.org\\\/es\\\/oy-oy-oy-gevalt-jews-and-punk\\\/#primaryimage\",\"url\":\"https:\\\/\\\/www.iemj.org\\\/wp-content\\\/uploads\\\/2017\\\/02\\\/arton2071-scaled-e1619344738255.jpg\",\"contentUrl\":\"https:\\\/\\\/www.iemj.org\\\/wp-content\\\/uploads\\\/2017\\\/02\\\/arton2071-scaled-e1619344738255.jpg\",\"width\":350,\"height\":524},{\"@type\":\"BreadcrumbList\",\"@id\":\"https:\\\/\\\/www.iemj.org\\\/es\\\/oy-oy-oy-gevalt-jews-and-punk\\\/#breadcrumb\",\"itemListElement\":[{\"@type\":\"ListItem\",\"position\":1,\"name\":\"Accueil\",\"item\":\"https:\\\/\\\/www.iemj.org\\\/es\\\/\"},{\"@type\":\"ListItem\",\"position\":2,\"name\":\"Oy oy oy gevalt ! Jews and punk\"}]},{\"@type\":\"WebSite\",\"@id\":\"https:\\\/\\\/www.iemj.org\\\/es\\\/#website\",\"url\":\"https:\\\/\\\/www.iemj.org\\\/es\\\/\",\"name\":\"Institut Europ\u00e9en des Musiques Juives\",\"description\":\"Des traditions musicales \u00e0 la port\u00e9e de tous\",\"publisher\":{\"@id\":\"https:\\\/\\\/www.iemj.org\\\/es\\\/#organization\"},\"potentialAction\":[{\"@type\":\"SearchAction\",\"target\":{\"@type\":\"EntryPoint\",\"urlTemplate\":\"https:\\\/\\\/www.iemj.org\\\/es\\\/?s={search_term_string}\"},\"query-input\":{\"@type\":\"PropertyValueSpecification\",\"valueRequired\":true,\"valueName\":\"search_term_string\"}}],\"inLanguage\":\"es\"},{\"@type\":\"Organization\",\"@id\":\"https:\\\/\\\/www.iemj.org\\\/es\\\/#organization\",\"name\":\"Institut Europ\u00e9en des Musiques Juives\",\"url\":\"https:\\\/\\\/www.iemj.org\\\/es\\\/\",\"logo\":{\"@type\":\"ImageObject\",\"inLanguage\":\"es\",\"@id\":\"https:\\\/\\\/www.iemj.org\\\/es\\\/#\\\/schema\\\/logo\\\/image\\\/\",\"url\":\"https:\\\/\\\/www.iemj.org\\\/wp-content\\\/uploads\\\/2021\\\/09\\\/Logo-IEMJ-Paypal.jpg\",\"contentUrl\":\"https:\\\/\\\/www.iemj.org\\\/wp-content\\\/uploads\\\/2021\\\/09\\\/Logo-IEMJ-Paypal.jpg\",\"width\":150,\"height\":50,\"caption\":\"Institut Europ\u00e9en des Musiques Juives\"},\"image\":{\"@id\":\"https:\\\/\\\/www.iemj.org\\\/es\\\/#\\\/schema\\\/logo\\\/image\\\/\"},\"sameAs\":[\"https:\\\/\\\/www.facebook.com\\\/MusiquesJuives\\\/\",\"https:\\\/\\\/www.instagram.com\\\/musiquesjuives\\\/\",\"https:\\\/\\\/www.youtube.com\\\/user\\\/musiquesjuives\"]},{\"@type\":\"Person\",\"@id\":\"https:\\\/\\\/www.iemj.org\\\/es\\\/#\\\/schema\\\/person\\\/c9bc1c386a3749579a2d675e72a18666\",\"name\":\"Jean-Gabriel Davis\",\"image\":{\"@type\":\"ImageObject\",\"inLanguage\":\"es\",\"@id\":\"https:\\\/\\\/secure.gravatar.com\\\/avatar\\\/2b90d67bdf392c9b3a21fab87c0fa7edaf1fb3a058172a1ffd61033fcec7aec1?s=96&d=mm&r=g\",\"url\":\"https:\\\/\\\/secure.gravatar.com\\\/avatar\\\/2b90d67bdf392c9b3a21fab87c0fa7edaf1fb3a058172a1ffd61033fcec7aec1?s=96&d=mm&r=g\",\"contentUrl\":\"https:\\\/\\\/secure.gravatar.com\\\/avatar\\\/2b90d67bdf392c9b3a21fab87c0fa7edaf1fb3a058172a1ffd61033fcec7aec1?s=96&d=mm&r=g\",\"caption\":\"Jean-Gabriel Davis\"}}]}<\/script>\n<!-- \/ Yoast SEO plugin. -->","yoast_head_json":{"title":"Oy oy oy gevalt ! Jews and punk - Institut Europ\u00e9en des Musiques Juives","robots":{"index":"index","follow":"follow","max-snippet":"max-snippet:-1","max-image-preview":"max-image-preview:large","max-video-preview":"max-video-preview:-1"},"canonical":"https:\/\/www.iemj.org\/es\/oy-oy-oy-gevalt-jews-and-punk\/","og_locale":"es_ES","og_type":"article","og_title":"Oy oy oy gevalt ! Jews and punk - Institut Europ\u00e9en des Musiques Juives","og_description":"Libro en ingl\u00e9s","og_url":"https:\/\/www.iemj.org\/es\/oy-oy-oy-gevalt-jews-and-punk\/","og_site_name":"Institut Europ\u00e9en des Musiques Juives","article_publisher":"https:\/\/www.facebook.com\/MusiquesJuives\/","article_published_time":"2017-02-01T10:56:24+00:00","article_modified_time":"2024-01-16T15:09:22+00:00","og_image":[{"width":350,"height":524,"url":"https:\/\/www.iemj.org\/wp-content\/uploads\/2017\/02\/arton2071-scaled-e1619344738255.jpg","type":"image\/jpeg"}],"author":"Jean-Gabriel Davis","twitter_card":"summary_large_image","twitter_misc":{"Escrito por":"Jean-Gabriel Davis","Tiempo de lectura":"3 minutos"},"schema":{"@context":"https:\/\/schema.org","@graph":[{"@type":"Article","@id":"https:\/\/www.iemj.org\/es\/oy-oy-oy-gevalt-jews-and-punk\/#article","isPartOf":{"@id":"https:\/\/www.iemj.org\/es\/oy-oy-oy-gevalt-jews-and-punk\/"},"author":{"name":"Jean-Gabriel Davis","@id":"https:\/\/www.iemj.org\/es\/#\/schema\/person\/c9bc1c386a3749579a2d675e72a18666"},"headline":"Oy oy oy gevalt ! Jews and punk","datePublished":"2017-02-01T10:56:24+00:00","dateModified":"2024-01-16T15:09:22+00:00","mainEntityOfPage":{"@id":"https:\/\/www.iemj.org\/es\/oy-oy-oy-gevalt-jews-and-punk\/"},"wordCount":484,"publisher":{"@id":"https:\/\/www.iemj.org\/es\/#organization"},"image":{"@id":"https:\/\/www.iemj.org\/es\/oy-oy-oy-gevalt-jews-and-punk\/#primaryimage"},"thumbnailUrl":"https:\/\/www.iemj.org\/wp-content\/uploads\/2017\/02\/arton2071-scaled-e1619344738255.jpg","articleSection":["Libros, art\u00edculos","\u00daltimas adquisiciones"],"inLanguage":"es"},{"@type":"WebPage","@id":"https:\/\/www.iemj.org\/es\/oy-oy-oy-gevalt-jews-and-punk\/","url":"https:\/\/www.iemj.org\/es\/oy-oy-oy-gevalt-jews-and-punk\/","name":"Oy oy oy gevalt ! Jews and punk - Institut Europ\u00e9en des Musiques Juives","isPartOf":{"@id":"https:\/\/www.iemj.org\/es\/#website"},"primaryImageOfPage":{"@id":"https:\/\/www.iemj.org\/es\/oy-oy-oy-gevalt-jews-and-punk\/#primaryimage"},"image":{"@id":"https:\/\/www.iemj.org\/es\/oy-oy-oy-gevalt-jews-and-punk\/#primaryimage"},"thumbnailUrl":"https:\/\/www.iemj.org\/wp-content\/uploads\/2017\/02\/arton2071-scaled-e1619344738255.jpg","datePublished":"2017-02-01T10:56:24+00:00","dateModified":"2024-01-16T15:09:22+00:00","breadcrumb":{"@id":"https:\/\/www.iemj.org\/es\/oy-oy-oy-gevalt-jews-and-punk\/#breadcrumb"},"inLanguage":"es","potentialAction":[{"@type":"ReadAction","target":["https:\/\/www.iemj.org\/es\/oy-oy-oy-gevalt-jews-and-punk\/"]}]},{"@type":"ImageObject","inLanguage":"es","@id":"https:\/\/www.iemj.org\/es\/oy-oy-oy-gevalt-jews-and-punk\/#primaryimage","url":"https:\/\/www.iemj.org\/wp-content\/uploads\/2017\/02\/arton2071-scaled-e1619344738255.jpg","contentUrl":"https:\/\/www.iemj.org\/wp-content\/uploads\/2017\/02\/arton2071-scaled-e1619344738255.jpg","width":350,"height":524},{"@type":"BreadcrumbList","@id":"https:\/\/www.iemj.org\/es\/oy-oy-oy-gevalt-jews-and-punk\/#breadcrumb","itemListElement":[{"@type":"ListItem","position":1,"name":"Accueil","item":"https:\/\/www.iemj.org\/es\/"},{"@type":"ListItem","position":2,"name":"Oy oy oy gevalt ! Jews and punk"}]},{"@type":"WebSite","@id":"https:\/\/www.iemj.org\/es\/#website","url":"https:\/\/www.iemj.org\/es\/","name":"Institut Europ\u00e9en des Musiques Juives","description":"Des traditions musicales \u00e0 la port\u00e9e de tous","publisher":{"@id":"https:\/\/www.iemj.org\/es\/#organization"},"potentialAction":[{"@type":"SearchAction","target":{"@type":"EntryPoint","urlTemplate":"https:\/\/www.iemj.org\/es\/?s={search_term_string}"},"query-input":{"@type":"PropertyValueSpecification","valueRequired":true,"valueName":"search_term_string"}}],"inLanguage":"es"},{"@type":"Organization","@id":"https:\/\/www.iemj.org\/es\/#organization","name":"Institut Europ\u00e9en des Musiques Juives","url":"https:\/\/www.iemj.org\/es\/","logo":{"@type":"ImageObject","inLanguage":"es","@id":"https:\/\/www.iemj.org\/es\/#\/schema\/logo\/image\/","url":"https:\/\/www.iemj.org\/wp-content\/uploads\/2021\/09\/Logo-IEMJ-Paypal.jpg","contentUrl":"https:\/\/www.iemj.org\/wp-content\/uploads\/2021\/09\/Logo-IEMJ-Paypal.jpg","width":150,"height":50,"caption":"Institut Europ\u00e9en des Musiques Juives"},"image":{"@id":"https:\/\/www.iemj.org\/es\/#\/schema\/logo\/image\/"},"sameAs":["https:\/\/www.facebook.com\/MusiquesJuives\/","https:\/\/www.instagram.com\/musiquesjuives\/","https:\/\/www.youtube.com\/user\/musiquesjuives"]},{"@type":"Person","@id":"https:\/\/www.iemj.org\/es\/#\/schema\/person\/c9bc1c386a3749579a2d675e72a18666","name":"Jean-Gabriel Davis","image":{"@type":"ImageObject","inLanguage":"es","@id":"https:\/\/secure.gravatar.com\/avatar\/2b90d67bdf392c9b3a21fab87c0fa7edaf1fb3a058172a1ffd61033fcec7aec1?s=96&d=mm&r=g","url":"https:\/\/secure.gravatar.com\/avatar\/2b90d67bdf392c9b3a21fab87c0fa7edaf1fb3a058172a1ffd61033fcec7aec1?s=96&d=mm&r=g","contentUrl":"https:\/\/secure.gravatar.com\/avatar\/2b90d67bdf392c9b3a21fab87c0fa7edaf1fb3a058172a1ffd61033fcec7aec1?s=96&d=mm&r=g","caption":"Jean-Gabriel Davis"}}]}},"_links":{"self":[{"href":"https:\/\/www.iemj.org\/es\/wp-json\/wp\/v2\/posts\/107652","targetHints":{"allow":["GET"]}}],"collection":[{"href":"https:\/\/www.iemj.org\/es\/wp-json\/wp\/v2\/posts"}],"about":[{"href":"https:\/\/www.iemj.org\/es\/wp-json\/wp\/v2\/types\/post"}],"author":[{"embeddable":true,"href":"https:\/\/www.iemj.org\/es\/wp-json\/wp\/v2\/users\/1048"}],"replies":[{"embeddable":true,"href":"https:\/\/www.iemj.org\/es\/wp-json\/wp\/v2\/comments?post=107652"}],"version-history":[{"count":0,"href":"https:\/\/www.iemj.org\/es\/wp-json\/wp\/v2\/posts\/107652\/revisions"}],"wp:featuredmedia":[{"embeddable":true,"href":"https:\/\/www.iemj.org\/es\/wp-json\/wp\/v2\/media\/107653"}],"wp:attachment":[{"href":"https:\/\/www.iemj.org\/es\/wp-json\/wp\/v2\/media?parent=107652"}],"wp:term":[{"taxonomy":"category","embeddable":true,"href":"https:\/\/www.iemj.org\/es\/wp-json\/wp\/v2\/categories?post=107652"},{"taxonomy":"post_tag","embeddable":true,"href":"https:\/\/www.iemj.org\/es\/wp-json\/wp\/v2\/tags?post=107652"},{"taxonomy":"technique","embeddable":true,"href":"https:\/\/www.iemj.org\/es\/wp-json\/wp\/v2\/technique?post=107652"},{"taxonomy":"squelettes","embeddable":true,"href":"https:\/\/www.iemj.org\/es\/wp-json\/wp\/v2\/squelettes?post=107652"},{"taxonomy":"sujet","embeddable":true,"href":"https:\/\/www.iemj.org\/es\/wp-json\/wp\/v2\/sujet?post=107652"},{"taxonomy":"formation","embeddable":true,"href":"https:\/\/www.iemj.org\/es\/wp-json\/wp\/v2\/formation?post=107652"},{"taxonomy":"genre","embeddable":true,"href":"https:\/\/www.iemj.org\/es\/wp-json\/wp\/v2\/genre?post=107652"},{"taxonomy":"fonds","embeddable":true,"href":"https:\/\/www.iemj.org\/es\/wp-json\/wp\/v2\/fonds?post=107652"},{"taxonomy":"tradition","embeddable":true,"href":"https:\/\/www.iemj.org\/es\/wp-json\/wp\/v2\/tradition?post=107652"},{"taxonomy":"type-de-contenu","embeddable":true,"href":"https:\/\/www.iemj.org\/es\/wp-json\/wp\/v2\/type-de-contenu?post=107652"},{"taxonomy":"interprete-compositeur","embeddable":true,"href":"https:\/\/www.iemj.org\/es\/wp-json\/wp\/v2\/interprete-compositeur?post=107652"},{"taxonomy":"frise","embeddable":true,"href":"https:\/\/www.iemj.org\/es\/wp-json\/wp\/v2\/frise?post=107652"},{"taxonomy":"type-devenement","embeddable":true,"href":"https:\/\/www.iemj.org\/es\/wp-json\/wp\/v2\/type-devenement?post=107652"},{"taxonomy":"tableaux-liens-externes","embeddable":true,"href":"https:\/\/www.iemj.org\/es\/wp-json\/wp\/v2\/tableaux-liens-externes?post=107652"}],"curies":[{"name":"wp","href":"https:\/\/api.w.org\/{rel}","templated":true}]}}