{"id":107805,"date":"2024-01-17T17:24:41","date_gmt":"2024-01-17T16:24:41","guid":{"rendered":"https:\/\/www.iemj.org\/sefarad-in-the-piano-toni-costa\/"},"modified":"2025-10-19T17:25:05","modified_gmt":"2025-10-19T15:25:05","slug":"sefarad-in-the-piano-toni-costa","status":"publish","type":"post","link":"https:\/\/www.iemj.org\/es\/sefarad-in-the-piano-toni-costa\/","title":{"rendered":"Sefarad in the piano &#8211; Toni Costa"},"content":{"rendered":"<p>Inspirado en la poes\u00eda popular judeo-espa\u00f1ola, el jazz, la m\u00fasica antigua y los ritmos populares del flamenco, este \u00e1lbum original presenta 10 melod\u00edas judeo-espa\u00f1olas revisitadas por el pianista Toni Costa.<\/p>\n<p>Nacido en Barcelona, Toni Costa es un pianista-improvisador de alto nivel que actualmente reside en Suiza, donde trabaja como acompa\u00f1ante de danza contempor\u00e1nea para el Ballet du Grand Th\u00e9\u00e2tre de Gen\u00e8ve.<\/p>\n<p>Fascinado por la historia de los jud\u00edos de Espa\u00f1a, Tony Costa ha centrado su atenci\u00f3n en la vida y obra de do\u00f1a Gracia Nasi (hacia 1510 &#8211; 1569), una rica marrana que se code\u00f3 con los m\u00e1s grandes de la sociedad y dedic\u00f3 su vida a ayudar a los jud\u00edos perseguidos. Esposa de Joseph Francesco Mendes Nasi, fallecido prematuramente en 1536, Gracia Nasi viaj\u00f3 por toda Europa, de Lisboa a Amberes, Londres, Venecia y Ferrara, antes de establecerse en Estambul en 1553, donde desarroll\u00f3 sus actividades comerciales y desempe\u00f1\u00f3 un papel diplom\u00e1tico de importancia internacional al servicio del sult\u00e1n Solim\u00e1n el Magn\u00edfico.<\/p>\n<p>De vuelta al juda\u00edsmo, foment\u00f3 la cultura jud\u00eda, construy\u00f3 sinagogas, yeshivot y bibliotecas y contribuy\u00f3 a la publicaci\u00f3n de libros, sobre todo en judeo-espa\u00f1ol, para que sus correligionarios pudieran redescubrir su fe y su cultura. En 1558, se traslad\u00f3 a la regi\u00f3n de Tiber\u00edades para reconstruir un hogar para los jud\u00edos que deseaban establecerse all\u00ed. Desgraciadamente, esta iniciativa no tuvo el \u00e9xito esperado, y Gracia Nasi muri\u00f3 el 3 de noviembre de 1569 en Estambul (?) a la edad de 59 a\u00f1os.<\/p>\n<p><img fetchpriority=\"high\" decoding=\"async\" class=\"size-medium wp-image-107744 alignright\" src=\"https:\/\/www.iemj.org\/wp-content\/uploads\/2024\/01\/Toni-Costa-au-piano-300x200.jpg\" alt=\"\" width=\"300\" height=\"200\" srcset=\"https:\/\/www.iemj.org\/wp-content\/uploads\/2024\/01\/Toni-Costa-au-piano-300x200.jpg 300w, https:\/\/www.iemj.org\/wp-content\/uploads\/2024\/01\/Toni-Costa-au-piano.jpg 500w\" sizes=\"(max-width: 300px) 100vw, 300px\" \/>Cada canci\u00f3n del disco de <strong>Toni Costa<\/strong> ilustra una faceta o momento clave en la vida de Do\u00f1a Gracia Nasi, desde su boda (con el tema <em>La novia ya salio del mar<\/em>) hasta el nacimiento de su hija (<em>A la una yo naci<\/em>) o las nanas que le cantaba (<em>Durme, durme<\/em>).<\/p>\n<p>La m\u00fasica de este \u00e1lbum se basa en canciones populares sefard\u00edes revisitadas a la luz de m\u00fasicas que van desde el siglo XV hasta nuestros d\u00edas, pasando por la polifon\u00eda barroca, el flamenco y el jazz. El pianista Toni Costa ha conseguido esta original mezcla con brillantez, trasladando al piano las t\u00e9cnicas de la guitarra espa\u00f1ola.<\/p>\n<p>\u00a1Un maravilloso descubrimiento!<\/p>\n<h2><a href=\"https:\/\/www.iemj.org\/es\/produit\/sefarad-in-the-piano\/\" target=\"_blank\" rel=\"noopener\">Pedir el CD (f\u00edsico o digital) en la tienda en l\u00ednea del IEMJ<\/a><\/h2>\n<p><a href=\"https:\/\/www.youtube.com\/@tonicosta5266\" target=\"_blank\" rel=\"noopener\">Ir al canal YouTube de Toni Costa<\/a><\/p>\n\n\n<div class=\"wp-block-columns is-layout-flex wp-container-core-columns-is-layout-9d6595d7 wp-block-columns-is-layout-flex\">\n<div class=\"wp-block-column is-layout-flow wp-block-column-is-layout-flow\">\n<figure class=\"wp-block-embed is-type-video is-provider-youtube wp-block-embed-youtube wp-embed-aspect-16-9 wp-has-aspect-ratio\"><div class=\"wp-block-embed__wrapper\">\n<iframe title=\"Ra\u00edces, from \u2018SEFARAD IN THE PIANO\u2019. Toni Costa, piano solo. (Kondja mia cover)\" width=\"640\" height=\"360\" src=\"https:\/\/www.youtube.com\/embed\/Ikey3XKjUak?feature=oembed\" frameborder=\"0\" allow=\"accelerometer; autoplay; clipboard-write; encrypted-media; gyroscope; picture-in-picture; web-share\" referrerpolicy=\"strict-origin-when-cross-origin\" allowfullscreen><\/iframe>\n<\/div><\/figure>\n<\/div>\n\n\n\n<div class=\"wp-block-column is-layout-flow wp-block-column-is-layout-flow\">\n<figure class=\"wp-block-embed is-type-video is-provider-youtube wp-block-embed-youtube wp-embed-aspect-16-9 wp-has-aspect-ratio\"><div class=\"wp-block-embed__wrapper\">\n<iframe title=\"\u2018SEFARAD AL PIANO&#039;. Reinventing the songs of Jewish-Spanish heritage. Toni Costa, piano solo\" width=\"640\" height=\"360\" src=\"https:\/\/www.youtube.com\/embed\/HC3Xl9bsZ_8?feature=oembed\" frameborder=\"0\" allow=\"accelerometer; autoplay; clipboard-write; encrypted-media; gyroscope; picture-in-picture; web-share\" referrerpolicy=\"strict-origin-when-cross-origin\" allowfullscreen><\/iframe>\n<\/div><\/figure>\n<\/div>\n<\/div>\n\n\n<div class=\"wp-block-image\">\n<figure class=\"aligncenter size-large\"><img decoding=\"async\" width=\"1024\" height=\"133\" src=\"https:\/\/www.iemj.org\/wp-content\/uploads\/2024\/03\/AUDIO-PLAYER-1024x133.png\" alt=\"\" class=\"wp-image-110610\" srcset=\"https:\/\/www.iemj.org\/wp-content\/uploads\/2024\/03\/AUDIO-PLAYER-1024x133.png 1024w, https:\/\/www.iemj.org\/wp-content\/uploads\/2024\/03\/AUDIO-PLAYER-300x39.png 300w, https:\/\/www.iemj.org\/wp-content\/uploads\/2024\/03\/AUDIO-PLAYER-768x100.png 768w, https:\/\/www.iemj.org\/wp-content\/uploads\/2024\/03\/AUDIO-PLAYER-600x78.png 600w, https:\/\/www.iemj.org\/wp-content\/uploads\/2024\/03\/AUDIO-PLAYER.png 1210w\" sizes=\"(max-width: 1024px) 100vw, 1024px\" \/><\/figure>\n<\/div>","protected":false},"excerpt":{"rendered":"<p>Inspirado en la poes\u00eda popular judeo-espa\u00f1ola, el jazz, la m\u00fasica antigua y los ritmos populares del flamenco, este \u00e1lbum original presenta 10 melod\u00edas judeo-espa\u00f1olas revisitadas por el pianista Toni Costa.<\/p>\n","protected":false},"author":5,"featured_media":107743,"comment_status":"closed","ping_status":"closed","sticky":false,"template":"","format":"standard","meta":{"_acf_changed":false,"footnotes":""},"categories":[1568,1565],"tags":[],"technique":[],"squelettes":[],"sujet":[],"formation":[],"genre":[1889],"fonds":[],"tradition":[],"type-de-contenu":[],"interprete-compositeur":[],"frise":[],"type-devenement":[],"tableaux-liens-externes":[],"class_list":["post-107805","post","type-post","status-publish","format-standard","has-post-thumbnail","hentry","category-cd-es","category-ultimas-adquisiciones-es","genre-judeo-espanol-es"],"acf":[],"yoast_head":"<!-- This site is optimized with the Yoast SEO plugin v27.3 - https:\/\/yoast.com\/product\/yoast-seo-wordpress\/ -->\n<title>Sefarad in the piano - Toni Costa - Institut Europ\u00e9en des Musiques Juives<\/title>\n<meta name=\"robots\" content=\"index, follow, max-snippet:-1, max-image-preview:large, max-video-preview:-1\" \/>\n<link rel=\"canonical\" href=\"https:\/\/www.iemj.org\/es\/sefarad-in-the-piano-toni-costa\/\" \/>\n<meta property=\"og:locale\" content=\"es_ES\" \/>\n<meta property=\"og:type\" content=\"article\" \/>\n<meta property=\"og:title\" content=\"Sefarad in the piano - Toni Costa - Institut Europ\u00e9en des Musiques Juives\" \/>\n<meta property=\"og:description\" content=\"Inspirado en la poes\u00eda popular judeo-espa\u00f1ola, el jazz, la m\u00fasica antigua y los ritmos populares del flamenco, este \u00e1lbum original presenta 10 melod\u00edas judeo-espa\u00f1olas revisitadas por el pianista Toni Costa.\" \/>\n<meta property=\"og:url\" content=\"https:\/\/www.iemj.org\/es\/sefarad-in-the-piano-toni-costa\/\" \/>\n<meta property=\"og:site_name\" content=\"Institut Europ\u00e9en des Musiques Juives\" \/>\n<meta property=\"article:publisher\" content=\"https:\/\/www.facebook.com\/MusiquesJuives\/\" \/>\n<meta property=\"article:published_time\" content=\"2024-01-17T16:24:41+00:00\" \/>\n<meta property=\"article:modified_time\" content=\"2025-10-19T15:25:05+00:00\" \/>\n<meta property=\"og:image\" content=\"https:\/\/www.iemj.org\/wp-content\/uploads\/2024\/01\/COUV-Toni-Costa_350x314-px.jpg\" \/>\n\t<meta property=\"og:image:width\" content=\"350\" \/>\n\t<meta property=\"og:image:height\" content=\"314\" \/>\n\t<meta property=\"og:image:type\" content=\"image\/jpeg\" \/>\n<meta name=\"author\" content=\"Jacqueline ROTEN\" \/>\n<meta name=\"twitter:card\" content=\"summary_large_image\" \/>\n<meta name=\"twitter:label1\" content=\"Escrito por\" \/>\n\t<meta name=\"twitter:data1\" content=\"Jacqueline ROTEN\" \/>\n\t<meta name=\"twitter:label2\" content=\"Tiempo de lectura\" \/>\n\t<meta name=\"twitter:data2\" content=\"3 minutos\" \/>\n<script type=\"application\/ld+json\" class=\"yoast-schema-graph\">{\"@context\":\"https:\\\/\\\/schema.org\",\"@graph\":[{\"@type\":\"Article\",\"@id\":\"https:\\\/\\\/www.iemj.org\\\/es\\\/sefarad-in-the-piano-toni-costa\\\/#article\",\"isPartOf\":{\"@id\":\"https:\\\/\\\/www.iemj.org\\\/es\\\/sefarad-in-the-piano-toni-costa\\\/\"},\"author\":{\"name\":\"Jacqueline ROTEN\",\"@id\":\"https:\\\/\\\/www.iemj.org\\\/es\\\/#\\\/schema\\\/person\\\/358e26c18aca017fcc4cc15437f7279c\"},\"headline\":\"Sefarad in the piano &#8211; Toni Costa\",\"datePublished\":\"2024-01-17T16:24:41+00:00\",\"dateModified\":\"2025-10-19T15:25:05+00:00\",\"mainEntityOfPage\":{\"@id\":\"https:\\\/\\\/www.iemj.org\\\/es\\\/sefarad-in-the-piano-toni-costa\\\/\"},\"wordCount\":427,\"publisher\":{\"@id\":\"https:\\\/\\\/www.iemj.org\\\/es\\\/#organization\"},\"image\":{\"@id\":\"https:\\\/\\\/www.iemj.org\\\/es\\\/sefarad-in-the-piano-toni-costa\\\/#primaryimage\"},\"thumbnailUrl\":\"https:\\\/\\\/www.iemj.org\\\/wp-content\\\/uploads\\\/2024\\\/01\\\/COUV-Toni-Costa_350x314-px.jpg\",\"articleSection\":[\"CD\",\"\u00daltimas adquisiciones\"],\"inLanguage\":\"es\"},{\"@type\":\"WebPage\",\"@id\":\"https:\\\/\\\/www.iemj.org\\\/es\\\/sefarad-in-the-piano-toni-costa\\\/\",\"url\":\"https:\\\/\\\/www.iemj.org\\\/es\\\/sefarad-in-the-piano-toni-costa\\\/\",\"name\":\"Sefarad in the piano - Toni Costa - Institut Europ\u00e9en des Musiques Juives\",\"isPartOf\":{\"@id\":\"https:\\\/\\\/www.iemj.org\\\/es\\\/#website\"},\"primaryImageOfPage\":{\"@id\":\"https:\\\/\\\/www.iemj.org\\\/es\\\/sefarad-in-the-piano-toni-costa\\\/#primaryimage\"},\"image\":{\"@id\":\"https:\\\/\\\/www.iemj.org\\\/es\\\/sefarad-in-the-piano-toni-costa\\\/#primaryimage\"},\"thumbnailUrl\":\"https:\\\/\\\/www.iemj.org\\\/wp-content\\\/uploads\\\/2024\\\/01\\\/COUV-Toni-Costa_350x314-px.jpg\",\"datePublished\":\"2024-01-17T16:24:41+00:00\",\"dateModified\":\"2025-10-19T15:25:05+00:00\",\"breadcrumb\":{\"@id\":\"https:\\\/\\\/www.iemj.org\\\/es\\\/sefarad-in-the-piano-toni-costa\\\/#breadcrumb\"},\"inLanguage\":\"es\",\"potentialAction\":[{\"@type\":\"ReadAction\",\"target\":[\"https:\\\/\\\/www.iemj.org\\\/es\\\/sefarad-in-the-piano-toni-costa\\\/\"]}]},{\"@type\":\"ImageObject\",\"inLanguage\":\"es\",\"@id\":\"https:\\\/\\\/www.iemj.org\\\/es\\\/sefarad-in-the-piano-toni-costa\\\/#primaryimage\",\"url\":\"https:\\\/\\\/www.iemj.org\\\/wp-content\\\/uploads\\\/2024\\\/01\\\/COUV-Toni-Costa_350x314-px.jpg\",\"contentUrl\":\"https:\\\/\\\/www.iemj.org\\\/wp-content\\\/uploads\\\/2024\\\/01\\\/COUV-Toni-Costa_350x314-px.jpg\",\"width\":350,\"height\":314},{\"@type\":\"BreadcrumbList\",\"@id\":\"https:\\\/\\\/www.iemj.org\\\/es\\\/sefarad-in-the-piano-toni-costa\\\/#breadcrumb\",\"itemListElement\":[{\"@type\":\"ListItem\",\"position\":1,\"name\":\"Accueil\",\"item\":\"https:\\\/\\\/www.iemj.org\\\/es\\\/\"},{\"@type\":\"ListItem\",\"position\":2,\"name\":\"Sefarad in the piano &#8211; Toni Costa\"}]},{\"@type\":\"WebSite\",\"@id\":\"https:\\\/\\\/www.iemj.org\\\/es\\\/#website\",\"url\":\"https:\\\/\\\/www.iemj.org\\\/es\\\/\",\"name\":\"Institut Europ\u00e9en des Musiques Juives\",\"description\":\"Des traditions musicales \u00e0 la port\u00e9e de tous\",\"publisher\":{\"@id\":\"https:\\\/\\\/www.iemj.org\\\/es\\\/#organization\"},\"potentialAction\":[{\"@type\":\"SearchAction\",\"target\":{\"@type\":\"EntryPoint\",\"urlTemplate\":\"https:\\\/\\\/www.iemj.org\\\/es\\\/?s={search_term_string}\"},\"query-input\":{\"@type\":\"PropertyValueSpecification\",\"valueRequired\":true,\"valueName\":\"search_term_string\"}}],\"inLanguage\":\"es\"},{\"@type\":\"Organization\",\"@id\":\"https:\\\/\\\/www.iemj.org\\\/es\\\/#organization\",\"name\":\"Institut Europ\u00e9en des Musiques Juives\",\"url\":\"https:\\\/\\\/www.iemj.org\\\/es\\\/\",\"logo\":{\"@type\":\"ImageObject\",\"inLanguage\":\"es\",\"@id\":\"https:\\\/\\\/www.iemj.org\\\/es\\\/#\\\/schema\\\/logo\\\/image\\\/\",\"url\":\"https:\\\/\\\/www.iemj.org\\\/wp-content\\\/uploads\\\/2021\\\/09\\\/Logo-IEMJ-Paypal.jpg\",\"contentUrl\":\"https:\\\/\\\/www.iemj.org\\\/wp-content\\\/uploads\\\/2021\\\/09\\\/Logo-IEMJ-Paypal.jpg\",\"width\":150,\"height\":50,\"caption\":\"Institut Europ\u00e9en des Musiques Juives\"},\"image\":{\"@id\":\"https:\\\/\\\/www.iemj.org\\\/es\\\/#\\\/schema\\\/logo\\\/image\\\/\"},\"sameAs\":[\"https:\\\/\\\/www.facebook.com\\\/MusiquesJuives\\\/\",\"https:\\\/\\\/www.instagram.com\\\/musiquesjuives\\\/\",\"https:\\\/\\\/www.youtube.com\\\/user\\\/musiquesjuives\"]},{\"@type\":\"Person\",\"@id\":\"https:\\\/\\\/www.iemj.org\\\/es\\\/#\\\/schema\\\/person\\\/358e26c18aca017fcc4cc15437f7279c\",\"name\":\"Jacqueline ROTEN\",\"image\":{\"@type\":\"ImageObject\",\"inLanguage\":\"es\",\"@id\":\"https:\\\/\\\/secure.gravatar.com\\\/avatar\\\/5964256d6c6957de3a3505278957e0fb2a35119ac47ea41827a65301213c810b?s=96&d=mm&r=g\",\"url\":\"https:\\\/\\\/secure.gravatar.com\\\/avatar\\\/5964256d6c6957de3a3505278957e0fb2a35119ac47ea41827a65301213c810b?s=96&d=mm&r=g\",\"contentUrl\":\"https:\\\/\\\/secure.gravatar.com\\\/avatar\\\/5964256d6c6957de3a3505278957e0fb2a35119ac47ea41827a65301213c810b?s=96&d=mm&r=g\",\"caption\":\"Jacqueline ROTEN\"}}]}<\/script>\n<!-- \/ Yoast SEO plugin. -->","yoast_head_json":{"title":"Sefarad in the piano - Toni Costa - Institut Europ\u00e9en des Musiques Juives","robots":{"index":"index","follow":"follow","max-snippet":"max-snippet:-1","max-image-preview":"max-image-preview:large","max-video-preview":"max-video-preview:-1"},"canonical":"https:\/\/www.iemj.org\/es\/sefarad-in-the-piano-toni-costa\/","og_locale":"es_ES","og_type":"article","og_title":"Sefarad in the piano - Toni Costa - Institut Europ\u00e9en des Musiques Juives","og_description":"Inspirado en la poes\u00eda popular judeo-espa\u00f1ola, el jazz, la m\u00fasica antigua y los ritmos populares del flamenco, este \u00e1lbum original presenta 10 melod\u00edas judeo-espa\u00f1olas revisitadas por el pianista Toni Costa.","og_url":"https:\/\/www.iemj.org\/es\/sefarad-in-the-piano-toni-costa\/","og_site_name":"Institut Europ\u00e9en des Musiques Juives","article_publisher":"https:\/\/www.facebook.com\/MusiquesJuives\/","article_published_time":"2024-01-17T16:24:41+00:00","article_modified_time":"2025-10-19T15:25:05+00:00","og_image":[{"width":350,"height":314,"url":"https:\/\/www.iemj.org\/wp-content\/uploads\/2024\/01\/COUV-Toni-Costa_350x314-px.jpg","type":"image\/jpeg"}],"author":"Jacqueline ROTEN","twitter_card":"summary_large_image","twitter_misc":{"Escrito por":"Jacqueline ROTEN","Tiempo de lectura":"3 minutos"},"schema":{"@context":"https:\/\/schema.org","@graph":[{"@type":"Article","@id":"https:\/\/www.iemj.org\/es\/sefarad-in-the-piano-toni-costa\/#article","isPartOf":{"@id":"https:\/\/www.iemj.org\/es\/sefarad-in-the-piano-toni-costa\/"},"author":{"name":"Jacqueline ROTEN","@id":"https:\/\/www.iemj.org\/es\/#\/schema\/person\/358e26c18aca017fcc4cc15437f7279c"},"headline":"Sefarad in the piano &#8211; Toni Costa","datePublished":"2024-01-17T16:24:41+00:00","dateModified":"2025-10-19T15:25:05+00:00","mainEntityOfPage":{"@id":"https:\/\/www.iemj.org\/es\/sefarad-in-the-piano-toni-costa\/"},"wordCount":427,"publisher":{"@id":"https:\/\/www.iemj.org\/es\/#organization"},"image":{"@id":"https:\/\/www.iemj.org\/es\/sefarad-in-the-piano-toni-costa\/#primaryimage"},"thumbnailUrl":"https:\/\/www.iemj.org\/wp-content\/uploads\/2024\/01\/COUV-Toni-Costa_350x314-px.jpg","articleSection":["CD","\u00daltimas adquisiciones"],"inLanguage":"es"},{"@type":"WebPage","@id":"https:\/\/www.iemj.org\/es\/sefarad-in-the-piano-toni-costa\/","url":"https:\/\/www.iemj.org\/es\/sefarad-in-the-piano-toni-costa\/","name":"Sefarad in the piano - Toni Costa - Institut Europ\u00e9en des Musiques Juives","isPartOf":{"@id":"https:\/\/www.iemj.org\/es\/#website"},"primaryImageOfPage":{"@id":"https:\/\/www.iemj.org\/es\/sefarad-in-the-piano-toni-costa\/#primaryimage"},"image":{"@id":"https:\/\/www.iemj.org\/es\/sefarad-in-the-piano-toni-costa\/#primaryimage"},"thumbnailUrl":"https:\/\/www.iemj.org\/wp-content\/uploads\/2024\/01\/COUV-Toni-Costa_350x314-px.jpg","datePublished":"2024-01-17T16:24:41+00:00","dateModified":"2025-10-19T15:25:05+00:00","breadcrumb":{"@id":"https:\/\/www.iemj.org\/es\/sefarad-in-the-piano-toni-costa\/#breadcrumb"},"inLanguage":"es","potentialAction":[{"@type":"ReadAction","target":["https:\/\/www.iemj.org\/es\/sefarad-in-the-piano-toni-costa\/"]}]},{"@type":"ImageObject","inLanguage":"es","@id":"https:\/\/www.iemj.org\/es\/sefarad-in-the-piano-toni-costa\/#primaryimage","url":"https:\/\/www.iemj.org\/wp-content\/uploads\/2024\/01\/COUV-Toni-Costa_350x314-px.jpg","contentUrl":"https:\/\/www.iemj.org\/wp-content\/uploads\/2024\/01\/COUV-Toni-Costa_350x314-px.jpg","width":350,"height":314},{"@type":"BreadcrumbList","@id":"https:\/\/www.iemj.org\/es\/sefarad-in-the-piano-toni-costa\/#breadcrumb","itemListElement":[{"@type":"ListItem","position":1,"name":"Accueil","item":"https:\/\/www.iemj.org\/es\/"},{"@type":"ListItem","position":2,"name":"Sefarad in the piano &#8211; Toni Costa"}]},{"@type":"WebSite","@id":"https:\/\/www.iemj.org\/es\/#website","url":"https:\/\/www.iemj.org\/es\/","name":"Institut Europ\u00e9en des Musiques Juives","description":"Des traditions musicales \u00e0 la port\u00e9e de tous","publisher":{"@id":"https:\/\/www.iemj.org\/es\/#organization"},"potentialAction":[{"@type":"SearchAction","target":{"@type":"EntryPoint","urlTemplate":"https:\/\/www.iemj.org\/es\/?s={search_term_string}"},"query-input":{"@type":"PropertyValueSpecification","valueRequired":true,"valueName":"search_term_string"}}],"inLanguage":"es"},{"@type":"Organization","@id":"https:\/\/www.iemj.org\/es\/#organization","name":"Institut Europ\u00e9en des Musiques Juives","url":"https:\/\/www.iemj.org\/es\/","logo":{"@type":"ImageObject","inLanguage":"es","@id":"https:\/\/www.iemj.org\/es\/#\/schema\/logo\/image\/","url":"https:\/\/www.iemj.org\/wp-content\/uploads\/2021\/09\/Logo-IEMJ-Paypal.jpg","contentUrl":"https:\/\/www.iemj.org\/wp-content\/uploads\/2021\/09\/Logo-IEMJ-Paypal.jpg","width":150,"height":50,"caption":"Institut Europ\u00e9en des Musiques Juives"},"image":{"@id":"https:\/\/www.iemj.org\/es\/#\/schema\/logo\/image\/"},"sameAs":["https:\/\/www.facebook.com\/MusiquesJuives\/","https:\/\/www.instagram.com\/musiquesjuives\/","https:\/\/www.youtube.com\/user\/musiquesjuives"]},{"@type":"Person","@id":"https:\/\/www.iemj.org\/es\/#\/schema\/person\/358e26c18aca017fcc4cc15437f7279c","name":"Jacqueline ROTEN","image":{"@type":"ImageObject","inLanguage":"es","@id":"https:\/\/secure.gravatar.com\/avatar\/5964256d6c6957de3a3505278957e0fb2a35119ac47ea41827a65301213c810b?s=96&d=mm&r=g","url":"https:\/\/secure.gravatar.com\/avatar\/5964256d6c6957de3a3505278957e0fb2a35119ac47ea41827a65301213c810b?s=96&d=mm&r=g","contentUrl":"https:\/\/secure.gravatar.com\/avatar\/5964256d6c6957de3a3505278957e0fb2a35119ac47ea41827a65301213c810b?s=96&d=mm&r=g","caption":"Jacqueline ROTEN"}}]}},"_links":{"self":[{"href":"https:\/\/www.iemj.org\/es\/wp-json\/wp\/v2\/posts\/107805","targetHints":{"allow":["GET"]}}],"collection":[{"href":"https:\/\/www.iemj.org\/es\/wp-json\/wp\/v2\/posts"}],"about":[{"href":"https:\/\/www.iemj.org\/es\/wp-json\/wp\/v2\/types\/post"}],"author":[{"embeddable":true,"href":"https:\/\/www.iemj.org\/es\/wp-json\/wp\/v2\/users\/5"}],"replies":[{"embeddable":true,"href":"https:\/\/www.iemj.org\/es\/wp-json\/wp\/v2\/comments?post=107805"}],"version-history":[{"count":2,"href":"https:\/\/www.iemj.org\/es\/wp-json\/wp\/v2\/posts\/107805\/revisions"}],"predecessor-version":[{"id":127160,"href":"https:\/\/www.iemj.org\/es\/wp-json\/wp\/v2\/posts\/107805\/revisions\/127160"}],"wp:featuredmedia":[{"embeddable":true,"href":"https:\/\/www.iemj.org\/es\/wp-json\/wp\/v2\/media\/107743"}],"wp:attachment":[{"href":"https:\/\/www.iemj.org\/es\/wp-json\/wp\/v2\/media?parent=107805"}],"wp:term":[{"taxonomy":"category","embeddable":true,"href":"https:\/\/www.iemj.org\/es\/wp-json\/wp\/v2\/categories?post=107805"},{"taxonomy":"post_tag","embeddable":true,"href":"https:\/\/www.iemj.org\/es\/wp-json\/wp\/v2\/tags?post=107805"},{"taxonomy":"technique","embeddable":true,"href":"https:\/\/www.iemj.org\/es\/wp-json\/wp\/v2\/technique?post=107805"},{"taxonomy":"squelettes","embeddable":true,"href":"https:\/\/www.iemj.org\/es\/wp-json\/wp\/v2\/squelettes?post=107805"},{"taxonomy":"sujet","embeddable":true,"href":"https:\/\/www.iemj.org\/es\/wp-json\/wp\/v2\/sujet?post=107805"},{"taxonomy":"formation","embeddable":true,"href":"https:\/\/www.iemj.org\/es\/wp-json\/wp\/v2\/formation?post=107805"},{"taxonomy":"genre","embeddable":true,"href":"https:\/\/www.iemj.org\/es\/wp-json\/wp\/v2\/genre?post=107805"},{"taxonomy":"fonds","embeddable":true,"href":"https:\/\/www.iemj.org\/es\/wp-json\/wp\/v2\/fonds?post=107805"},{"taxonomy":"tradition","embeddable":true,"href":"https:\/\/www.iemj.org\/es\/wp-json\/wp\/v2\/tradition?post=107805"},{"taxonomy":"type-de-contenu","embeddable":true,"href":"https:\/\/www.iemj.org\/es\/wp-json\/wp\/v2\/type-de-contenu?post=107805"},{"taxonomy":"interprete-compositeur","embeddable":true,"href":"https:\/\/www.iemj.org\/es\/wp-json\/wp\/v2\/interprete-compositeur?post=107805"},{"taxonomy":"frise","embeddable":true,"href":"https:\/\/www.iemj.org\/es\/wp-json\/wp\/v2\/frise?post=107805"},{"taxonomy":"type-devenement","embeddable":true,"href":"https:\/\/www.iemj.org\/es\/wp-json\/wp\/v2\/type-devenement?post=107805"},{"taxonomy":"tableaux-liens-externes","embeddable":true,"href":"https:\/\/www.iemj.org\/es\/wp-json\/wp\/v2\/tableaux-liens-externes?post=107805"}],"curies":[{"name":"wp","href":"https:\/\/api.w.org\/{rel}","templated":true}]}}