{"id":107848,"date":"2016-05-16T17:05:08","date_gmt":"2016-05-16T15:05:08","guid":{"rendered":"https:\/\/www.iemj.org\/le-silence-sessouffle-mort-deuil-et-memoire-chez-les-compositeurs-ashkenazes\/"},"modified":"2024-01-18T16:54:22","modified_gmt":"2024-01-18T15:54:22","slug":"le-silence-sessouffle-mort-deuil-et-memoire-chez-les-compositeurs-ashkenazes","status":"publish","type":"post","link":"https:\/\/www.iemj.org\/es\/le-silence-sessouffle-mort-deuil-et-memoire-chez-les-compositeurs-ashkenazes\/","title":{"rendered":"\u00abLe silence s&#8217;essouffle\u00bb &#8211; Mort, deuil et m\u00e9moire chez les compositeurs ashk\u00e9nazes"},"content":{"rendered":"<div class=\"detailsSummary\">\n<div id=\"markerPublisher\" class=\"corefield\"><span class=\"DetailLabelText\">Presses universitaires de Nancy &#8211; Editions Universitaires de Lorraine, 2016, <\/span>472 p.<\/div>\n<\/div>\n<p><!--more--><\/p>\n<p>En los siglos XIX y XX, las poblaciones jud\u00edas europeas se vieron muy afectadas por los cambios pol\u00edticos y econ\u00f3micos, por la violencia de los pogromos y, por supuesto, por el cataclismo genocida, por las migraciones transatl\u00e1nticas y por la adaptaci\u00f3n a nuevos marcos sociales, lejos de poder reducirse \u00fanicamente a las normas religiosas. Marcadas por las diversas formas de la modernidad (ideol\u00f3gica, intelectual, art\u00edstica, t\u00e9cnica), estas comunidades se enfrentaron a una crisis de su sentido de pertenencia. En un contexto de profunda agitaci\u00f3n -y a menudo de desaparici\u00f3n- de la sociabilidad jud\u00eda tradicional en Europa Central y Oriental, la cuesti\u00f3n de los criterios que sustentan lo que el music\u00f3logo Amnon Shiloah (1928-2014) llamaba un \u00abtecho com\u00fan\u00bb puede considerarse a trav\u00e9s de todos los matices del duelo y la expresi\u00f3n de temas funerarios y conmemorativos.<\/p>\n<p>Las trayectorias de los m\u00fasicos emigrantes (compositores en particular) y la circulaci\u00f3n de sus producciones permiten redefinir una territorialidad transatl\u00e1ntica del duelo asquenaz\u00ed. En el marco de una \u00abhistoria social de lo cultural\u00bb, este libro se propone comprender la evoluci\u00f3n de los marcos rituales y de las redes sociales en las que operan los compositores, as\u00ed como las condiciones y las limitaciones materiales espec\u00edficas del trabajo de escribir m\u00fasica sobre temas funerarios. Mediante el an\u00e1lisis de repertorios tanto eruditos (lit\u00fargicos y profanos) como populares (canciones folcl\u00f3ricas, arias de teatro yiddish de la Segunda Avenida, as\u00ed como canciones de los guetos y de los campos), este estudio abarca un periodo de tiempo relativamente largo (desde la d\u00e9cada de 1880 hasta la de 1980) en un intento de comprender -a pesar de la pluralidad de voces y de la impermanencia de las estructuras sociales- el modo en que la m\u00fasica sigui\u00f3 permitiendo que los muertos descansaran y que los que hab\u00edan (sobre)vivido volvieran a la vida.<\/p>\n<p><a href=\"http:\/\/www.lcdpu.fr\/livre\/?GCOI=27000100868090\" target=\"_blank\" rel=\"noopener\">M\u00e1s informaci\u00f3n y pedir el libro<\/a><\/p>\n","protected":false},"excerpt":{"rendered":"<p>Presses universitaires de Nancy &#8211; Editions Universitaires de Lorraine, 2016, 472 p.<\/p>\n","protected":false},"author":1048,"featured_media":107849,"comment_status":"closed","ping_status":"open","sticky":false,"template":"","format":"standard","meta":{"_acf_changed":false,"footnotes":""},"categories":[1577,1565],"tags":[],"technique":[],"squelettes":[],"sujet":[],"formation":[],"genre":[],"fonds":[],"tradition":[],"type-de-contenu":[],"interprete-compositeur":[],"frise":[],"type-devenement":[],"tableaux-liens-externes":[],"class_list":["post-107848","post","type-post","status-publish","format-standard","has-post-thumbnail","hentry","category-libros-articulos-es","category-ultimas-adquisiciones-es"],"acf":[],"yoast_head":"<!-- This site is optimized with the Yoast SEO plugin v27.3 - https:\/\/yoast.com\/product\/yoast-seo-wordpress\/ -->\n<title>&quot;Le silence s&#039;essouffle&quot; - Mort, deuil et m\u00e9moire chez les compositeurs ashk\u00e9nazes - Institut Europ\u00e9en des Musiques Juives<\/title>\n<meta name=\"robots\" content=\"index, follow, max-snippet:-1, max-image-preview:large, max-video-preview:-1\" \/>\n<link rel=\"canonical\" href=\"https:\/\/www.iemj.org\/es\/le-silence-sessouffle-mort-deuil-et-memoire-chez-les-compositeurs-ashkenazes\/\" \/>\n<meta property=\"og:locale\" content=\"es_ES\" \/>\n<meta property=\"og:type\" content=\"article\" \/>\n<meta property=\"og:title\" content=\"&quot;Le silence s&#039;essouffle&quot; - Mort, deuil et m\u00e9moire chez les compositeurs ashk\u00e9nazes - Institut Europ\u00e9en des Musiques Juives\" \/>\n<meta property=\"og:description\" content=\"Presses universitaires de Nancy &#8211; Editions Universitaires de Lorraine, 2016, 472 p.\" \/>\n<meta property=\"og:url\" content=\"https:\/\/www.iemj.org\/es\/le-silence-sessouffle-mort-deuil-et-memoire-chez-les-compositeurs-ashkenazes\/\" \/>\n<meta property=\"og:site_name\" content=\"Institut Europ\u00e9en des Musiques Juives\" \/>\n<meta property=\"article:publisher\" content=\"https:\/\/www.facebook.com\/MusiquesJuives\/\" \/>\n<meta property=\"article:published_time\" content=\"2016-05-16T15:05:08+00:00\" \/>\n<meta property=\"article:modified_time\" content=\"2024-01-18T15:54:22+00:00\" \/>\n<meta property=\"og:image\" content=\"https:\/\/www.iemj.org\/wp-content\/uploads\/2016\/05\/arton1692.jpg\" \/>\n\t<meta property=\"og:image:width\" content=\"319\" \/>\n\t<meta property=\"og:image:height\" content=\"475\" \/>\n\t<meta property=\"og:image:type\" content=\"image\/jpeg\" \/>\n<meta name=\"author\" content=\"Jean-Gabriel Davis\" \/>\n<meta name=\"twitter:card\" content=\"summary_large_image\" \/>\n<meta name=\"twitter:label1\" content=\"Escrito por\" \/>\n\t<meta name=\"twitter:data1\" content=\"Jean-Gabriel Davis\" \/>\n\t<meta name=\"twitter:label2\" content=\"Tiempo de lectura\" \/>\n\t<meta name=\"twitter:data2\" content=\"2 minutos\" \/>\n<script type=\"application\/ld+json\" class=\"yoast-schema-graph\">{\"@context\":\"https:\\\/\\\/schema.org\",\"@graph\":[{\"@type\":\"Article\",\"@id\":\"https:\\\/\\\/www.iemj.org\\\/es\\\/le-silence-sessouffle-mort-deuil-et-memoire-chez-les-compositeurs-ashkenazes\\\/#article\",\"isPartOf\":{\"@id\":\"https:\\\/\\\/www.iemj.org\\\/es\\\/le-silence-sessouffle-mort-deuil-et-memoire-chez-les-compositeurs-ashkenazes\\\/\"},\"author\":{\"name\":\"Jean-Gabriel Davis\",\"@id\":\"https:\\\/\\\/www.iemj.org\\\/es\\\/#\\\/schema\\\/person\\\/c9bc1c386a3749579a2d675e72a18666\"},\"headline\":\"\u00abLe silence s&#8217;essouffle\u00bb &#8211; Mort, deuil et m\u00e9moire chez les compositeurs ashk\u00e9nazes\",\"datePublished\":\"2016-05-16T15:05:08+00:00\",\"dateModified\":\"2024-01-18T15:54:22+00:00\",\"mainEntityOfPage\":{\"@id\":\"https:\\\/\\\/www.iemj.org\\\/es\\\/le-silence-sessouffle-mort-deuil-et-memoire-chez-les-compositeurs-ashkenazes\\\/\"},\"wordCount\":359,\"publisher\":{\"@id\":\"https:\\\/\\\/www.iemj.org\\\/es\\\/#organization\"},\"image\":{\"@id\":\"https:\\\/\\\/www.iemj.org\\\/es\\\/le-silence-sessouffle-mort-deuil-et-memoire-chez-les-compositeurs-ashkenazes\\\/#primaryimage\"},\"thumbnailUrl\":\"https:\\\/\\\/www.iemj.org\\\/wp-content\\\/uploads\\\/2016\\\/05\\\/arton1692.jpg\",\"articleSection\":[\"Libros, art\u00edculos\",\"\u00daltimas adquisiciones\"],\"inLanguage\":\"es\"},{\"@type\":\"WebPage\",\"@id\":\"https:\\\/\\\/www.iemj.org\\\/es\\\/le-silence-sessouffle-mort-deuil-et-memoire-chez-les-compositeurs-ashkenazes\\\/\",\"url\":\"https:\\\/\\\/www.iemj.org\\\/es\\\/le-silence-sessouffle-mort-deuil-et-memoire-chez-les-compositeurs-ashkenazes\\\/\",\"name\":\"\\\"Le silence s'essouffle\\\" - Mort, deuil et m\u00e9moire chez les compositeurs ashk\u00e9nazes - Institut Europ\u00e9en des Musiques Juives\",\"isPartOf\":{\"@id\":\"https:\\\/\\\/www.iemj.org\\\/es\\\/#website\"},\"primaryImageOfPage\":{\"@id\":\"https:\\\/\\\/www.iemj.org\\\/es\\\/le-silence-sessouffle-mort-deuil-et-memoire-chez-les-compositeurs-ashkenazes\\\/#primaryimage\"},\"image\":{\"@id\":\"https:\\\/\\\/www.iemj.org\\\/es\\\/le-silence-sessouffle-mort-deuil-et-memoire-chez-les-compositeurs-ashkenazes\\\/#primaryimage\"},\"thumbnailUrl\":\"https:\\\/\\\/www.iemj.org\\\/wp-content\\\/uploads\\\/2016\\\/05\\\/arton1692.jpg\",\"datePublished\":\"2016-05-16T15:05:08+00:00\",\"dateModified\":\"2024-01-18T15:54:22+00:00\",\"breadcrumb\":{\"@id\":\"https:\\\/\\\/www.iemj.org\\\/es\\\/le-silence-sessouffle-mort-deuil-et-memoire-chez-les-compositeurs-ashkenazes\\\/#breadcrumb\"},\"inLanguage\":\"es\",\"potentialAction\":[{\"@type\":\"ReadAction\",\"target\":[\"https:\\\/\\\/www.iemj.org\\\/es\\\/le-silence-sessouffle-mort-deuil-et-memoire-chez-les-compositeurs-ashkenazes\\\/\"]}]},{\"@type\":\"ImageObject\",\"inLanguage\":\"es\",\"@id\":\"https:\\\/\\\/www.iemj.org\\\/es\\\/le-silence-sessouffle-mort-deuil-et-memoire-chez-les-compositeurs-ashkenazes\\\/#primaryimage\",\"url\":\"https:\\\/\\\/www.iemj.org\\\/wp-content\\\/uploads\\\/2016\\\/05\\\/arton1692.jpg\",\"contentUrl\":\"https:\\\/\\\/www.iemj.org\\\/wp-content\\\/uploads\\\/2016\\\/05\\\/arton1692.jpg\",\"width\":319,\"height\":475},{\"@type\":\"BreadcrumbList\",\"@id\":\"https:\\\/\\\/www.iemj.org\\\/es\\\/le-silence-sessouffle-mort-deuil-et-memoire-chez-les-compositeurs-ashkenazes\\\/#breadcrumb\",\"itemListElement\":[{\"@type\":\"ListItem\",\"position\":1,\"name\":\"Accueil\",\"item\":\"https:\\\/\\\/www.iemj.org\\\/es\\\/\"},{\"@type\":\"ListItem\",\"position\":2,\"name\":\"\u00ab\u00a0Le silence s&rsquo;essouffle\u00a0\u00bb &#8211; Mort, deuil et m\u00e9moire chez les compositeurs ashk\u00e9nazes\"}]},{\"@type\":\"WebSite\",\"@id\":\"https:\\\/\\\/www.iemj.org\\\/es\\\/#website\",\"url\":\"https:\\\/\\\/www.iemj.org\\\/es\\\/\",\"name\":\"Institut Europ\u00e9en des Musiques Juives\",\"description\":\"Des traditions musicales \u00e0 la port\u00e9e de tous\",\"publisher\":{\"@id\":\"https:\\\/\\\/www.iemj.org\\\/es\\\/#organization\"},\"potentialAction\":[{\"@type\":\"SearchAction\",\"target\":{\"@type\":\"EntryPoint\",\"urlTemplate\":\"https:\\\/\\\/www.iemj.org\\\/es\\\/?s={search_term_string}\"},\"query-input\":{\"@type\":\"PropertyValueSpecification\",\"valueRequired\":true,\"valueName\":\"search_term_string\"}}],\"inLanguage\":\"es\"},{\"@type\":\"Organization\",\"@id\":\"https:\\\/\\\/www.iemj.org\\\/es\\\/#organization\",\"name\":\"Institut Europ\u00e9en des Musiques Juives\",\"url\":\"https:\\\/\\\/www.iemj.org\\\/es\\\/\",\"logo\":{\"@type\":\"ImageObject\",\"inLanguage\":\"es\",\"@id\":\"https:\\\/\\\/www.iemj.org\\\/es\\\/#\\\/schema\\\/logo\\\/image\\\/\",\"url\":\"https:\\\/\\\/www.iemj.org\\\/wp-content\\\/uploads\\\/2021\\\/09\\\/Logo-IEMJ-Paypal.jpg\",\"contentUrl\":\"https:\\\/\\\/www.iemj.org\\\/wp-content\\\/uploads\\\/2021\\\/09\\\/Logo-IEMJ-Paypal.jpg\",\"width\":150,\"height\":50,\"caption\":\"Institut Europ\u00e9en des Musiques Juives\"},\"image\":{\"@id\":\"https:\\\/\\\/www.iemj.org\\\/es\\\/#\\\/schema\\\/logo\\\/image\\\/\"},\"sameAs\":[\"https:\\\/\\\/www.facebook.com\\\/MusiquesJuives\\\/\",\"https:\\\/\\\/www.instagram.com\\\/musiquesjuives\\\/\",\"https:\\\/\\\/www.youtube.com\\\/user\\\/musiquesjuives\"]},{\"@type\":\"Person\",\"@id\":\"https:\\\/\\\/www.iemj.org\\\/es\\\/#\\\/schema\\\/person\\\/c9bc1c386a3749579a2d675e72a18666\",\"name\":\"Jean-Gabriel Davis\",\"image\":{\"@type\":\"ImageObject\",\"inLanguage\":\"es\",\"@id\":\"https:\\\/\\\/secure.gravatar.com\\\/avatar\\\/2b90d67bdf392c9b3a21fab87c0fa7edaf1fb3a058172a1ffd61033fcec7aec1?s=96&d=mm&r=g\",\"url\":\"https:\\\/\\\/secure.gravatar.com\\\/avatar\\\/2b90d67bdf392c9b3a21fab87c0fa7edaf1fb3a058172a1ffd61033fcec7aec1?s=96&d=mm&r=g\",\"contentUrl\":\"https:\\\/\\\/secure.gravatar.com\\\/avatar\\\/2b90d67bdf392c9b3a21fab87c0fa7edaf1fb3a058172a1ffd61033fcec7aec1?s=96&d=mm&r=g\",\"caption\":\"Jean-Gabriel Davis\"}}]}<\/script>\n<!-- \/ Yoast SEO plugin. -->","yoast_head_json":{"title":"\"Le silence s'essouffle\" - Mort, deuil et m\u00e9moire chez les compositeurs ashk\u00e9nazes - Institut Europ\u00e9en des Musiques Juives","robots":{"index":"index","follow":"follow","max-snippet":"max-snippet:-1","max-image-preview":"max-image-preview:large","max-video-preview":"max-video-preview:-1"},"canonical":"https:\/\/www.iemj.org\/es\/le-silence-sessouffle-mort-deuil-et-memoire-chez-les-compositeurs-ashkenazes\/","og_locale":"es_ES","og_type":"article","og_title":"\"Le silence s'essouffle\" - Mort, deuil et m\u00e9moire chez les compositeurs ashk\u00e9nazes - Institut Europ\u00e9en des Musiques Juives","og_description":"Presses universitaires de Nancy &#8211; Editions Universitaires de Lorraine, 2016, 472 p.","og_url":"https:\/\/www.iemj.org\/es\/le-silence-sessouffle-mort-deuil-et-memoire-chez-les-compositeurs-ashkenazes\/","og_site_name":"Institut Europ\u00e9en des Musiques Juives","article_publisher":"https:\/\/www.facebook.com\/MusiquesJuives\/","article_published_time":"2016-05-16T15:05:08+00:00","article_modified_time":"2024-01-18T15:54:22+00:00","og_image":[{"width":319,"height":475,"url":"https:\/\/www.iemj.org\/wp-content\/uploads\/2016\/05\/arton1692.jpg","type":"image\/jpeg"}],"author":"Jean-Gabriel Davis","twitter_card":"summary_large_image","twitter_misc":{"Escrito por":"Jean-Gabriel Davis","Tiempo de lectura":"2 minutos"},"schema":{"@context":"https:\/\/schema.org","@graph":[{"@type":"Article","@id":"https:\/\/www.iemj.org\/es\/le-silence-sessouffle-mort-deuil-et-memoire-chez-les-compositeurs-ashkenazes\/#article","isPartOf":{"@id":"https:\/\/www.iemj.org\/es\/le-silence-sessouffle-mort-deuil-et-memoire-chez-les-compositeurs-ashkenazes\/"},"author":{"name":"Jean-Gabriel Davis","@id":"https:\/\/www.iemj.org\/es\/#\/schema\/person\/c9bc1c386a3749579a2d675e72a18666"},"headline":"\u00abLe silence s&#8217;essouffle\u00bb &#8211; Mort, deuil et m\u00e9moire chez les compositeurs ashk\u00e9nazes","datePublished":"2016-05-16T15:05:08+00:00","dateModified":"2024-01-18T15:54:22+00:00","mainEntityOfPage":{"@id":"https:\/\/www.iemj.org\/es\/le-silence-sessouffle-mort-deuil-et-memoire-chez-les-compositeurs-ashkenazes\/"},"wordCount":359,"publisher":{"@id":"https:\/\/www.iemj.org\/es\/#organization"},"image":{"@id":"https:\/\/www.iemj.org\/es\/le-silence-sessouffle-mort-deuil-et-memoire-chez-les-compositeurs-ashkenazes\/#primaryimage"},"thumbnailUrl":"https:\/\/www.iemj.org\/wp-content\/uploads\/2016\/05\/arton1692.jpg","articleSection":["Libros, art\u00edculos","\u00daltimas adquisiciones"],"inLanguage":"es"},{"@type":"WebPage","@id":"https:\/\/www.iemj.org\/es\/le-silence-sessouffle-mort-deuil-et-memoire-chez-les-compositeurs-ashkenazes\/","url":"https:\/\/www.iemj.org\/es\/le-silence-sessouffle-mort-deuil-et-memoire-chez-les-compositeurs-ashkenazes\/","name":"\"Le silence s'essouffle\" - Mort, deuil et m\u00e9moire chez les compositeurs ashk\u00e9nazes - Institut Europ\u00e9en des Musiques Juives","isPartOf":{"@id":"https:\/\/www.iemj.org\/es\/#website"},"primaryImageOfPage":{"@id":"https:\/\/www.iemj.org\/es\/le-silence-sessouffle-mort-deuil-et-memoire-chez-les-compositeurs-ashkenazes\/#primaryimage"},"image":{"@id":"https:\/\/www.iemj.org\/es\/le-silence-sessouffle-mort-deuil-et-memoire-chez-les-compositeurs-ashkenazes\/#primaryimage"},"thumbnailUrl":"https:\/\/www.iemj.org\/wp-content\/uploads\/2016\/05\/arton1692.jpg","datePublished":"2016-05-16T15:05:08+00:00","dateModified":"2024-01-18T15:54:22+00:00","breadcrumb":{"@id":"https:\/\/www.iemj.org\/es\/le-silence-sessouffle-mort-deuil-et-memoire-chez-les-compositeurs-ashkenazes\/#breadcrumb"},"inLanguage":"es","potentialAction":[{"@type":"ReadAction","target":["https:\/\/www.iemj.org\/es\/le-silence-sessouffle-mort-deuil-et-memoire-chez-les-compositeurs-ashkenazes\/"]}]},{"@type":"ImageObject","inLanguage":"es","@id":"https:\/\/www.iemj.org\/es\/le-silence-sessouffle-mort-deuil-et-memoire-chez-les-compositeurs-ashkenazes\/#primaryimage","url":"https:\/\/www.iemj.org\/wp-content\/uploads\/2016\/05\/arton1692.jpg","contentUrl":"https:\/\/www.iemj.org\/wp-content\/uploads\/2016\/05\/arton1692.jpg","width":319,"height":475},{"@type":"BreadcrumbList","@id":"https:\/\/www.iemj.org\/es\/le-silence-sessouffle-mort-deuil-et-memoire-chez-les-compositeurs-ashkenazes\/#breadcrumb","itemListElement":[{"@type":"ListItem","position":1,"name":"Accueil","item":"https:\/\/www.iemj.org\/es\/"},{"@type":"ListItem","position":2,"name":"\u00ab\u00a0Le silence s&rsquo;essouffle\u00a0\u00bb &#8211; Mort, deuil et m\u00e9moire chez les compositeurs ashk\u00e9nazes"}]},{"@type":"WebSite","@id":"https:\/\/www.iemj.org\/es\/#website","url":"https:\/\/www.iemj.org\/es\/","name":"Institut Europ\u00e9en des Musiques Juives","description":"Des traditions musicales \u00e0 la port\u00e9e de tous","publisher":{"@id":"https:\/\/www.iemj.org\/es\/#organization"},"potentialAction":[{"@type":"SearchAction","target":{"@type":"EntryPoint","urlTemplate":"https:\/\/www.iemj.org\/es\/?s={search_term_string}"},"query-input":{"@type":"PropertyValueSpecification","valueRequired":true,"valueName":"search_term_string"}}],"inLanguage":"es"},{"@type":"Organization","@id":"https:\/\/www.iemj.org\/es\/#organization","name":"Institut Europ\u00e9en des Musiques Juives","url":"https:\/\/www.iemj.org\/es\/","logo":{"@type":"ImageObject","inLanguage":"es","@id":"https:\/\/www.iemj.org\/es\/#\/schema\/logo\/image\/","url":"https:\/\/www.iemj.org\/wp-content\/uploads\/2021\/09\/Logo-IEMJ-Paypal.jpg","contentUrl":"https:\/\/www.iemj.org\/wp-content\/uploads\/2021\/09\/Logo-IEMJ-Paypal.jpg","width":150,"height":50,"caption":"Institut Europ\u00e9en des Musiques Juives"},"image":{"@id":"https:\/\/www.iemj.org\/es\/#\/schema\/logo\/image\/"},"sameAs":["https:\/\/www.facebook.com\/MusiquesJuives\/","https:\/\/www.instagram.com\/musiquesjuives\/","https:\/\/www.youtube.com\/user\/musiquesjuives"]},{"@type":"Person","@id":"https:\/\/www.iemj.org\/es\/#\/schema\/person\/c9bc1c386a3749579a2d675e72a18666","name":"Jean-Gabriel Davis","image":{"@type":"ImageObject","inLanguage":"es","@id":"https:\/\/secure.gravatar.com\/avatar\/2b90d67bdf392c9b3a21fab87c0fa7edaf1fb3a058172a1ffd61033fcec7aec1?s=96&d=mm&r=g","url":"https:\/\/secure.gravatar.com\/avatar\/2b90d67bdf392c9b3a21fab87c0fa7edaf1fb3a058172a1ffd61033fcec7aec1?s=96&d=mm&r=g","contentUrl":"https:\/\/secure.gravatar.com\/avatar\/2b90d67bdf392c9b3a21fab87c0fa7edaf1fb3a058172a1ffd61033fcec7aec1?s=96&d=mm&r=g","caption":"Jean-Gabriel Davis"}}]}},"_links":{"self":[{"href":"https:\/\/www.iemj.org\/es\/wp-json\/wp\/v2\/posts\/107848","targetHints":{"allow":["GET"]}}],"collection":[{"href":"https:\/\/www.iemj.org\/es\/wp-json\/wp\/v2\/posts"}],"about":[{"href":"https:\/\/www.iemj.org\/es\/wp-json\/wp\/v2\/types\/post"}],"author":[{"embeddable":true,"href":"https:\/\/www.iemj.org\/es\/wp-json\/wp\/v2\/users\/1048"}],"replies":[{"embeddable":true,"href":"https:\/\/www.iemj.org\/es\/wp-json\/wp\/v2\/comments?post=107848"}],"version-history":[{"count":0,"href":"https:\/\/www.iemj.org\/es\/wp-json\/wp\/v2\/posts\/107848\/revisions"}],"wp:featuredmedia":[{"embeddable":true,"href":"https:\/\/www.iemj.org\/es\/wp-json\/wp\/v2\/media\/107849"}],"wp:attachment":[{"href":"https:\/\/www.iemj.org\/es\/wp-json\/wp\/v2\/media?parent=107848"}],"wp:term":[{"taxonomy":"category","embeddable":true,"href":"https:\/\/www.iemj.org\/es\/wp-json\/wp\/v2\/categories?post=107848"},{"taxonomy":"post_tag","embeddable":true,"href":"https:\/\/www.iemj.org\/es\/wp-json\/wp\/v2\/tags?post=107848"},{"taxonomy":"technique","embeddable":true,"href":"https:\/\/www.iemj.org\/es\/wp-json\/wp\/v2\/technique?post=107848"},{"taxonomy":"squelettes","embeddable":true,"href":"https:\/\/www.iemj.org\/es\/wp-json\/wp\/v2\/squelettes?post=107848"},{"taxonomy":"sujet","embeddable":true,"href":"https:\/\/www.iemj.org\/es\/wp-json\/wp\/v2\/sujet?post=107848"},{"taxonomy":"formation","embeddable":true,"href":"https:\/\/www.iemj.org\/es\/wp-json\/wp\/v2\/formation?post=107848"},{"taxonomy":"genre","embeddable":true,"href":"https:\/\/www.iemj.org\/es\/wp-json\/wp\/v2\/genre?post=107848"},{"taxonomy":"fonds","embeddable":true,"href":"https:\/\/www.iemj.org\/es\/wp-json\/wp\/v2\/fonds?post=107848"},{"taxonomy":"tradition","embeddable":true,"href":"https:\/\/www.iemj.org\/es\/wp-json\/wp\/v2\/tradition?post=107848"},{"taxonomy":"type-de-contenu","embeddable":true,"href":"https:\/\/www.iemj.org\/es\/wp-json\/wp\/v2\/type-de-contenu?post=107848"},{"taxonomy":"interprete-compositeur","embeddable":true,"href":"https:\/\/www.iemj.org\/es\/wp-json\/wp\/v2\/interprete-compositeur?post=107848"},{"taxonomy":"frise","embeddable":true,"href":"https:\/\/www.iemj.org\/es\/wp-json\/wp\/v2\/frise?post=107848"},{"taxonomy":"type-devenement","embeddable":true,"href":"https:\/\/www.iemj.org\/es\/wp-json\/wp\/v2\/type-devenement?post=107848"},{"taxonomy":"tableaux-liens-externes","embeddable":true,"href":"https:\/\/www.iemj.org\/es\/wp-json\/wp\/v2\/tableaux-liens-externes?post=107848"}],"curies":[{"name":"wp","href":"https:\/\/api.w.org\/{rel}","templated":true}]}}