{"id":107873,"date":"2016-03-29T17:02:49","date_gmt":"2016-03-29T15:02:49","guid":{"rendered":"https:\/\/www.iemj.org\/les-publications-de-la-societe-armin-berg\/"},"modified":"2026-01-06T10:05:03","modified_gmt":"2026-01-06T09:05:03","slug":"les-publications-de-la-societe-armin-berg","status":"publish","type":"post","link":"https:\/\/www.iemj.org\/es\/les-publications-de-la-societe-armin-berg\/","title":{"rendered":"Las publicaciones de la empresa Armin Berg"},"content":{"rendered":"<p>Fundada en 2003 y con sede en Viena (Austria), el objetivo de la Sociedad Armin Berg es investigar el entretenimiento jud\u00edo de preguerra y su restituci\u00f3n a trav\u00e9s de actuaciones en directo.<\/p>\n<p>Esta investigaci\u00f3n ha dado lugar a la publicaci\u00f3n de varios libros, as\u00ed como a representaciones teatrales. De hecho, hasta 1938, el entretenimiento jud\u00edo era floreciente -en Austria en particular- y no estaba reservado \u00fanicamente a un peque\u00f1o medio, sino que estaba abierto a un p\u00fablico m\u00e1s amplio.<\/p>\n<p>Al reanimar estos espect\u00e1culos, la Sociedad Armin Berg resucita un estilo de teatro y entretenimiento pr\u00e1cticamente olvidado. Antes de la guerra, multitud de peque\u00f1os teatros de los pa\u00edses de habla alemana depend\u00edan de estos artistas, m\u00fasicos, autores y compositores jud\u00edos.<\/p>\n<p><img fetchpriority=\"high\" decoding=\"async\" class=\"alignright wp-image-9864\" src=\"https:\/\/www.iemj.org\/wp-content\/uploads\/2016\/03\/budap3-2.jpg\" alt=\"budap3-2.jpg\" width=\"194\" height=\"271\" align=\"right\" srcset=\"https:\/\/www.iemj.org\/wp-content\/uploads\/2016\/03\/budap3-2.jpg 340w, https:\/\/www.iemj.org\/wp-content\/uploads\/2016\/03\/budap3-2-215x300.jpg 215w\" sizes=\"(max-width: 194px) 100vw, 194px\" \/><img decoding=\"async\" class=\"alignleft wp-image-9866\" src=\"https:\/\/www.iemj.org\/wp-content\/uploads\/2016\/03\/lachen3.jpg\" alt=\"lachen3.jpg\" width=\"194\" height=\"271\" align=\"middle\" srcset=\"https:\/\/www.iemj.org\/wp-content\/uploads\/2016\/03\/lachen3.jpg 316w, https:\/\/www.iemj.org\/wp-content\/uploads\/2016\/03\/lachen3-214x300.jpg 214w\" sizes=\"(max-width: 194px) 100vw, 194px\" \/><\/p>\n<p>Numerosos textos, composiciones y piezas han sobrevivido en archivos, museos, librer\u00edas y colecciones privadas.<\/p>\n<p>Las melod\u00edas de algunos artistas, como Walter Jurman, permanecen en la memoria colectiva, pero sus vidas siguen siendo poco conocidas. El trabajo de investigaci\u00f3n realizado por la Sociedad Armin Berg permite, pues, situar la obra de estos artistas jud\u00edos en el contexto m\u00e1s amplio de la producci\u00f3n art\u00edstica de la \u00e9poca.<\/p>\n<p>Fundada en 2009, la editorial Armin Berg ha publicado varios libros sobre el tema en alem\u00e1n, que ahora forman parte de las colecciones del IEMJ, entre ellos :<\/p>\n<p><strong><img decoding=\"async\" class=\"  alignright wp-image-9860\" src=\"https:\/\/www.iemj.org\/wp-content\/uploads\/2016\/03\/judisches_kabaret2_couv.jpg\" alt=\"judisches_kabaret2_couv.jpg\" width=\"167\" height=\"251\" align=\"right\" srcset=\"https:\/\/www.iemj.org\/wp-content\/uploads\/2016\/03\/judisches_kabaret2_couv.jpg 262w, https:\/\/www.iemj.org\/wp-content\/uploads\/2016\/03\/judisches_kabaret2_couv-199x300.jpg 199w\" sizes=\"(max-width: 167px) 100vw, 167px\" \/>J\u00fcdisches Kabarett in Wien 1889 &#8211; 2009<\/strong><br \/>(Cabarets jud\u00edos en Viena 1889 &#8211; 2009)<\/p>\n<p>En Viena, los jud\u00edos, presa de un antisemitismo latente, hab\u00edan encontrado en el cabaret un lugar de libertad donde expresar su creatividad. Artistas e intelectuales jud\u00edos y no jud\u00edos se reun\u00edan para disfrutar de espect\u00e1culos de gran calidad.<\/p>\n<p>Esta obra colectiva est\u00e1 dedicada a la historia de estos cabarets jud\u00edos de Viena: desde el anfitri\u00f3n hasta las biograf\u00edas de los artistas, pasando por las historias de ciertos establecimientos, as\u00ed como el \u00abcabaret del exilio\u00bb&#8230;<\/p>\n<p><strong><img loading=\"lazy\" decoding=\"async\" class=\" alignleft  wp-image-9858\" src=\"https:\/\/www.iemj.org\/wp-content\/uploads\/2016\/03\/ich_glaub.jpg\" alt=\"ich_glaub.jpg\" width=\"216\" height=\"301\" align=\"left\" srcset=\"https:\/\/www.iemj.org\/wp-content\/uploads\/2016\/03\/ich_glaub.jpg 321w, https:\/\/www.iemj.org\/wp-content\/uploads\/2016\/03\/ich_glaub-215x300.jpg 215w\" sizes=\"(max-width: 216px) 100vw, 216px\" \/>\u00abIch glaub&#8217; ich bin nicht ganz normal\u00bb<\/strong><br \/>(\u00abNo creo que sea completamente normal\u00bb)<\/p>\n<p>Armin Berg, el legendario animador austriaco, actu\u00f3 en los famosos cabarets y espect\u00e1culos de Viena de 1900 a 1938. Era c\u00f3mico, cantante y actor de cine. Su estilo combinaba viejas canciones populares vienesas con humor jud\u00edo, en textos c\u00f3mico-grotescos que reflejaban los lados buenos y malos de su \u00e9poca. Algunas de sus canciones siguen siendo muy conocidas entre los austriacos.<br \/>Tras una meticulosa investigaci\u00f3n, el autor Simon Usaty ha encontrado numerosas an\u00e9cdotas sobre la agitada vida de Armin Berg (1883-1956). Describe la notable carrera de este artista que fue adorado por el p\u00fablico vien\u00e9s durante 30 a\u00f1os, antes de exiliarse a Nueva York en 1938.<\/p>\n<p><strong><img loading=\"lazy\" decoding=\"async\" class=\"wp-image-9862 alignright\" src=\"https:\/\/www.iemj.org\/wp-content\/uploads\/2016\/03\/cover_swing.jpg\" alt=\"cover_swing.jpg\" width=\"151\" height=\"274\" align=\"left\" srcset=\"https:\/\/www.iemj.org\/wp-content\/uploads\/2016\/03\/cover_swing.jpg 247w, https:\/\/www.iemj.org\/wp-content\/uploads\/2016\/03\/cover_swing-165x300.jpg 165w\" sizes=\"(max-width: 151px) 100vw, 151px\" \/>Swing tanzen verboten<\/strong><br \/>(Bailes de swing prohibidos)<\/p>\n<p>M\u00fasica de entretenimiento despu\u00e9s de 1933, entre resistencia, propaganda y deportaci\u00f3n.<br \/>Cantantes, actores, escritores y compositores de Viena y Berl\u00edn eran muy populares y c\u00e9lebres. Se influyeron mutuamente, lo que dio lugar a la creaci\u00f3n de obras notables (canciones, letras, operetas&#8230;) a menudo melanc\u00f3licas, pero siempre divertidas.<br \/>Este libro est\u00e1 dedicado a la memoria de estos artistas, muchos de los cuales fueron aniquilados por los nazis.<\/p>\n<p><a href=\"https:\/\/arminberg.at\/\" target=\"_blank\" rel=\"noopener\">M\u00e1s informaci\u00f3n<\/a><\/p>\n<p><a href=\"https:\/\/arminberg.at\/verlag\/\" target=\"_blank\" rel=\"noopener\">Pedir los libros<\/a><\/p>\n<p><img loading=\"lazy\" decoding=\"async\" class=\"wp-image-110610 aligncenter\" src=\"https:\/\/www.iemj.org\/wp-content\/uploads\/2024\/03\/AUDIO-PLAYER-300x39.png\" alt=\"\" width=\"900\" height=\"117\" srcset=\"https:\/\/www.iemj.org\/wp-content\/uploads\/2024\/03\/AUDIO-PLAYER-300x39.png 300w, https:\/\/www.iemj.org\/wp-content\/uploads\/2024\/03\/AUDIO-PLAYER-1024x133.png 1024w, https:\/\/www.iemj.org\/wp-content\/uploads\/2024\/03\/AUDIO-PLAYER-768x100.png 768w, https:\/\/www.iemj.org\/wp-content\/uploads\/2024\/03\/AUDIO-PLAYER-600x78.png 600w, https:\/\/www.iemj.org\/wp-content\/uploads\/2024\/03\/AUDIO-PLAYER.png 1210w\" sizes=\"(max-width: 900px) 100vw, 900px\" \/><\/p>\n<h4>Escuche al final de la p\u00e1gina dos canciones interpretadas por Armin Berg, extra\u00eddas de un disco de 78 rpm de las colecciones del IEMJ.<\/h4>\n\n\n<div class=\"wp-block-file\"><a id=\"wp-block-file--media-34bceafc-238f-4ad8-b631-8c7af3110c0d\" href=\"https:\/\/www.iemj.org\/wp-content\/uploads\/2016\/03\/armin_berg_1.mp3\">Wie gef\u00e4llt Ihnen das?<\/a><\/div>\n\n\n\n<div class=\"wp-block-file\"><a id=\"wp-block-file--media-60cd1c6d-3f11-41d5-8480-6dcc9a6b3f79\" href=\"https:\/\/www.iemj.org\/wp-content\/uploads\/2016\/03\/armin_berg_2.mp3\">Und wenn schon, was geht mich das an<\/a><\/div>\n","protected":false},"excerpt":{"rendered":"<p>Fundada en 2003 y con sede en Viena (Austria), el objetivo de la Sociedad Armin Berg es investigar el entretenimiento jud\u00edo de preguerra y su restituci\u00f3n a trav\u00e9s de actuaciones<\/p>\n","protected":false},"author":1048,"featured_media":107874,"comment_status":"closed","ping_status":"closed","sticky":false,"template":"","format":"standard","meta":{"_acf_changed":false,"footnotes":""},"categories":[1577,1565],"tags":[],"technique":[],"squelettes":[],"sujet":[],"formation":[],"genre":[],"fonds":[],"tradition":[],"type-de-contenu":[],"interprete-compositeur":[],"frise":[],"type-devenement":[],"tableaux-liens-externes":[],"class_list":["post-107873","post","type-post","status-publish","format-standard","has-post-thumbnail","hentry","category-libros-articulos-es","category-ultimas-adquisiciones-es"],"acf":[],"yoast_head":"<!-- This site is optimized with the Yoast SEO plugin v27.3 - https:\/\/yoast.com\/product\/yoast-seo-wordpress\/ -->\n<title>Las publicaciones de la empresa Armin Berg - Institut Europ\u00e9en des Musiques Juives<\/title>\n<meta name=\"robots\" content=\"index, follow, max-snippet:-1, max-image-preview:large, max-video-preview:-1\" \/>\n<link rel=\"canonical\" href=\"https:\/\/www.iemj.org\/es\/les-publications-de-la-societe-armin-berg\/\" \/>\n<meta property=\"og:locale\" content=\"es_ES\" \/>\n<meta property=\"og:type\" content=\"article\" \/>\n<meta property=\"og:title\" content=\"Las publicaciones de la empresa Armin Berg - Institut Europ\u00e9en des Musiques Juives\" \/>\n<meta property=\"og:description\" content=\"Fundada en 2003 y con sede en Viena (Austria), el objetivo de la Sociedad Armin Berg es investigar el entretenimiento jud\u00edo de preguerra y su restituci\u00f3n a trav\u00e9s de actuaciones\" \/>\n<meta property=\"og:url\" content=\"https:\/\/www.iemj.org\/es\/les-publications-de-la-societe-armin-berg\/\" \/>\n<meta property=\"og:site_name\" content=\"Institut Europ\u00e9en des Musiques Juives\" \/>\n<meta property=\"article:publisher\" content=\"https:\/\/www.facebook.com\/MusiquesJuives\/\" \/>\n<meta property=\"article:published_time\" content=\"2016-03-29T15:02:49+00:00\" \/>\n<meta property=\"article:modified_time\" content=\"2026-01-06T09:05:03+00:00\" \/>\n<meta property=\"og:image\" content=\"https:\/\/www.iemj.org\/wp-content\/uploads\/2016\/03\/arton1557.jpg\" \/>\n\t<meta property=\"og:image:width\" content=\"300\" \/>\n\t<meta property=\"og:image:height\" content=\"300\" \/>\n\t<meta property=\"og:image:type\" content=\"image\/jpeg\" \/>\n<meta name=\"author\" content=\"Jean-Gabriel Davis\" \/>\n<meta name=\"twitter:card\" content=\"summary_large_image\" \/>\n<meta name=\"twitter:label1\" content=\"Escrito por\" \/>\n\t<meta name=\"twitter:data1\" content=\"Jean-Gabriel Davis\" \/>\n\t<meta name=\"twitter:label2\" content=\"Tiempo de lectura\" \/>\n\t<meta name=\"twitter:data2\" content=\"5 minutos\" \/>\n<script type=\"application\/ld+json\" class=\"yoast-schema-graph\">{\"@context\":\"https:\\\/\\\/schema.org\",\"@graph\":[{\"@type\":\"Article\",\"@id\":\"https:\\\/\\\/www.iemj.org\\\/es\\\/les-publications-de-la-societe-armin-berg\\\/#article\",\"isPartOf\":{\"@id\":\"https:\\\/\\\/www.iemj.org\\\/es\\\/les-publications-de-la-societe-armin-berg\\\/\"},\"author\":{\"name\":\"Jean-Gabriel Davis\",\"@id\":\"https:\\\/\\\/www.iemj.org\\\/es\\\/#\\\/schema\\\/person\\\/c9bc1c386a3749579a2d675e72a18666\"},\"headline\":\"Las publicaciones de la empresa Armin Berg\",\"datePublished\":\"2016-03-29T15:02:49+00:00\",\"dateModified\":\"2026-01-06T09:05:03+00:00\",\"mainEntityOfPage\":{\"@id\":\"https:\\\/\\\/www.iemj.org\\\/es\\\/les-publications-de-la-societe-armin-berg\\\/\"},\"wordCount\":581,\"publisher\":{\"@id\":\"https:\\\/\\\/www.iemj.org\\\/es\\\/#organization\"},\"image\":{\"@id\":\"https:\\\/\\\/www.iemj.org\\\/es\\\/les-publications-de-la-societe-armin-berg\\\/#primaryimage\"},\"thumbnailUrl\":\"https:\\\/\\\/www.iemj.org\\\/wp-content\\\/uploads\\\/2016\\\/03\\\/arton1557.jpg\",\"articleSection\":[\"Libros, art\u00edculos\",\"\u00daltimas adquisiciones\"],\"inLanguage\":\"es\"},{\"@type\":\"WebPage\",\"@id\":\"https:\\\/\\\/www.iemj.org\\\/es\\\/les-publications-de-la-societe-armin-berg\\\/\",\"url\":\"https:\\\/\\\/www.iemj.org\\\/es\\\/les-publications-de-la-societe-armin-berg\\\/\",\"name\":\"Las publicaciones de la empresa Armin Berg - Institut Europ\u00e9en des Musiques Juives\",\"isPartOf\":{\"@id\":\"https:\\\/\\\/www.iemj.org\\\/es\\\/#website\"},\"primaryImageOfPage\":{\"@id\":\"https:\\\/\\\/www.iemj.org\\\/es\\\/les-publications-de-la-societe-armin-berg\\\/#primaryimage\"},\"image\":{\"@id\":\"https:\\\/\\\/www.iemj.org\\\/es\\\/les-publications-de-la-societe-armin-berg\\\/#primaryimage\"},\"thumbnailUrl\":\"https:\\\/\\\/www.iemj.org\\\/wp-content\\\/uploads\\\/2016\\\/03\\\/arton1557.jpg\",\"datePublished\":\"2016-03-29T15:02:49+00:00\",\"dateModified\":\"2026-01-06T09:05:03+00:00\",\"breadcrumb\":{\"@id\":\"https:\\\/\\\/www.iemj.org\\\/es\\\/les-publications-de-la-societe-armin-berg\\\/#breadcrumb\"},\"inLanguage\":\"es\",\"potentialAction\":[{\"@type\":\"ReadAction\",\"target\":[\"https:\\\/\\\/www.iemj.org\\\/es\\\/les-publications-de-la-societe-armin-berg\\\/\"]}]},{\"@type\":\"ImageObject\",\"inLanguage\":\"es\",\"@id\":\"https:\\\/\\\/www.iemj.org\\\/es\\\/les-publications-de-la-societe-armin-berg\\\/#primaryimage\",\"url\":\"https:\\\/\\\/www.iemj.org\\\/wp-content\\\/uploads\\\/2016\\\/03\\\/arton1557.jpg\",\"contentUrl\":\"https:\\\/\\\/www.iemj.org\\\/wp-content\\\/uploads\\\/2016\\\/03\\\/arton1557.jpg\",\"width\":300,\"height\":300},{\"@type\":\"BreadcrumbList\",\"@id\":\"https:\\\/\\\/www.iemj.org\\\/es\\\/les-publications-de-la-societe-armin-berg\\\/#breadcrumb\",\"itemListElement\":[{\"@type\":\"ListItem\",\"position\":1,\"name\":\"Accueil\",\"item\":\"https:\\\/\\\/www.iemj.org\\\/es\\\/\"},{\"@type\":\"ListItem\",\"position\":2,\"name\":\"Las publicaciones de la empresa Armin Berg\"}]},{\"@type\":\"WebSite\",\"@id\":\"https:\\\/\\\/www.iemj.org\\\/es\\\/#website\",\"url\":\"https:\\\/\\\/www.iemj.org\\\/es\\\/\",\"name\":\"Institut Europ\u00e9en des Musiques Juives\",\"description\":\"Des traditions musicales \u00e0 la port\u00e9e de tous\",\"publisher\":{\"@id\":\"https:\\\/\\\/www.iemj.org\\\/es\\\/#organization\"},\"potentialAction\":[{\"@type\":\"SearchAction\",\"target\":{\"@type\":\"EntryPoint\",\"urlTemplate\":\"https:\\\/\\\/www.iemj.org\\\/es\\\/?s={search_term_string}\"},\"query-input\":{\"@type\":\"PropertyValueSpecification\",\"valueRequired\":true,\"valueName\":\"search_term_string\"}}],\"inLanguage\":\"es\"},{\"@type\":\"Organization\",\"@id\":\"https:\\\/\\\/www.iemj.org\\\/es\\\/#organization\",\"name\":\"Institut Europ\u00e9en des Musiques Juives\",\"url\":\"https:\\\/\\\/www.iemj.org\\\/es\\\/\",\"logo\":{\"@type\":\"ImageObject\",\"inLanguage\":\"es\",\"@id\":\"https:\\\/\\\/www.iemj.org\\\/es\\\/#\\\/schema\\\/logo\\\/image\\\/\",\"url\":\"https:\\\/\\\/www.iemj.org\\\/wp-content\\\/uploads\\\/2021\\\/09\\\/Logo-IEMJ-Paypal.jpg\",\"contentUrl\":\"https:\\\/\\\/www.iemj.org\\\/wp-content\\\/uploads\\\/2021\\\/09\\\/Logo-IEMJ-Paypal.jpg\",\"width\":150,\"height\":50,\"caption\":\"Institut Europ\u00e9en des Musiques Juives\"},\"image\":{\"@id\":\"https:\\\/\\\/www.iemj.org\\\/es\\\/#\\\/schema\\\/logo\\\/image\\\/\"},\"sameAs\":[\"https:\\\/\\\/www.facebook.com\\\/MusiquesJuives\\\/\",\"https:\\\/\\\/www.instagram.com\\\/musiquesjuives\\\/\",\"https:\\\/\\\/www.youtube.com\\\/user\\\/musiquesjuives\"]},{\"@type\":\"Person\",\"@id\":\"https:\\\/\\\/www.iemj.org\\\/es\\\/#\\\/schema\\\/person\\\/c9bc1c386a3749579a2d675e72a18666\",\"name\":\"Jean-Gabriel Davis\",\"image\":{\"@type\":\"ImageObject\",\"inLanguage\":\"es\",\"@id\":\"https:\\\/\\\/secure.gravatar.com\\\/avatar\\\/2b90d67bdf392c9b3a21fab87c0fa7edaf1fb3a058172a1ffd61033fcec7aec1?s=96&d=mm&r=g\",\"url\":\"https:\\\/\\\/secure.gravatar.com\\\/avatar\\\/2b90d67bdf392c9b3a21fab87c0fa7edaf1fb3a058172a1ffd61033fcec7aec1?s=96&d=mm&r=g\",\"contentUrl\":\"https:\\\/\\\/secure.gravatar.com\\\/avatar\\\/2b90d67bdf392c9b3a21fab87c0fa7edaf1fb3a058172a1ffd61033fcec7aec1?s=96&d=mm&r=g\",\"caption\":\"Jean-Gabriel Davis\"}}]}<\/script>\n<!-- \/ Yoast SEO plugin. -->","yoast_head_json":{"title":"Las publicaciones de la empresa Armin Berg - Institut Europ\u00e9en des Musiques Juives","robots":{"index":"index","follow":"follow","max-snippet":"max-snippet:-1","max-image-preview":"max-image-preview:large","max-video-preview":"max-video-preview:-1"},"canonical":"https:\/\/www.iemj.org\/es\/les-publications-de-la-societe-armin-berg\/","og_locale":"es_ES","og_type":"article","og_title":"Las publicaciones de la empresa Armin Berg - Institut Europ\u00e9en des Musiques Juives","og_description":"Fundada en 2003 y con sede en Viena (Austria), el objetivo de la Sociedad Armin Berg es investigar el entretenimiento jud\u00edo de preguerra y su restituci\u00f3n a trav\u00e9s de actuaciones","og_url":"https:\/\/www.iemj.org\/es\/les-publications-de-la-societe-armin-berg\/","og_site_name":"Institut Europ\u00e9en des Musiques Juives","article_publisher":"https:\/\/www.facebook.com\/MusiquesJuives\/","article_published_time":"2016-03-29T15:02:49+00:00","article_modified_time":"2026-01-06T09:05:03+00:00","og_image":[{"width":300,"height":300,"url":"https:\/\/www.iemj.org\/wp-content\/uploads\/2016\/03\/arton1557.jpg","type":"image\/jpeg"}],"author":"Jean-Gabriel Davis","twitter_card":"summary_large_image","twitter_misc":{"Escrito por":"Jean-Gabriel Davis","Tiempo de lectura":"5 minutos"},"schema":{"@context":"https:\/\/schema.org","@graph":[{"@type":"Article","@id":"https:\/\/www.iemj.org\/es\/les-publications-de-la-societe-armin-berg\/#article","isPartOf":{"@id":"https:\/\/www.iemj.org\/es\/les-publications-de-la-societe-armin-berg\/"},"author":{"name":"Jean-Gabriel Davis","@id":"https:\/\/www.iemj.org\/es\/#\/schema\/person\/c9bc1c386a3749579a2d675e72a18666"},"headline":"Las publicaciones de la empresa Armin Berg","datePublished":"2016-03-29T15:02:49+00:00","dateModified":"2026-01-06T09:05:03+00:00","mainEntityOfPage":{"@id":"https:\/\/www.iemj.org\/es\/les-publications-de-la-societe-armin-berg\/"},"wordCount":581,"publisher":{"@id":"https:\/\/www.iemj.org\/es\/#organization"},"image":{"@id":"https:\/\/www.iemj.org\/es\/les-publications-de-la-societe-armin-berg\/#primaryimage"},"thumbnailUrl":"https:\/\/www.iemj.org\/wp-content\/uploads\/2016\/03\/arton1557.jpg","articleSection":["Libros, art\u00edculos","\u00daltimas adquisiciones"],"inLanguage":"es"},{"@type":"WebPage","@id":"https:\/\/www.iemj.org\/es\/les-publications-de-la-societe-armin-berg\/","url":"https:\/\/www.iemj.org\/es\/les-publications-de-la-societe-armin-berg\/","name":"Las publicaciones de la empresa Armin Berg - Institut Europ\u00e9en des Musiques Juives","isPartOf":{"@id":"https:\/\/www.iemj.org\/es\/#website"},"primaryImageOfPage":{"@id":"https:\/\/www.iemj.org\/es\/les-publications-de-la-societe-armin-berg\/#primaryimage"},"image":{"@id":"https:\/\/www.iemj.org\/es\/les-publications-de-la-societe-armin-berg\/#primaryimage"},"thumbnailUrl":"https:\/\/www.iemj.org\/wp-content\/uploads\/2016\/03\/arton1557.jpg","datePublished":"2016-03-29T15:02:49+00:00","dateModified":"2026-01-06T09:05:03+00:00","breadcrumb":{"@id":"https:\/\/www.iemj.org\/es\/les-publications-de-la-societe-armin-berg\/#breadcrumb"},"inLanguage":"es","potentialAction":[{"@type":"ReadAction","target":["https:\/\/www.iemj.org\/es\/les-publications-de-la-societe-armin-berg\/"]}]},{"@type":"ImageObject","inLanguage":"es","@id":"https:\/\/www.iemj.org\/es\/les-publications-de-la-societe-armin-berg\/#primaryimage","url":"https:\/\/www.iemj.org\/wp-content\/uploads\/2016\/03\/arton1557.jpg","contentUrl":"https:\/\/www.iemj.org\/wp-content\/uploads\/2016\/03\/arton1557.jpg","width":300,"height":300},{"@type":"BreadcrumbList","@id":"https:\/\/www.iemj.org\/es\/les-publications-de-la-societe-armin-berg\/#breadcrumb","itemListElement":[{"@type":"ListItem","position":1,"name":"Accueil","item":"https:\/\/www.iemj.org\/es\/"},{"@type":"ListItem","position":2,"name":"Las publicaciones de la empresa Armin Berg"}]},{"@type":"WebSite","@id":"https:\/\/www.iemj.org\/es\/#website","url":"https:\/\/www.iemj.org\/es\/","name":"Institut Europ\u00e9en des Musiques Juives","description":"Des traditions musicales \u00e0 la port\u00e9e de tous","publisher":{"@id":"https:\/\/www.iemj.org\/es\/#organization"},"potentialAction":[{"@type":"SearchAction","target":{"@type":"EntryPoint","urlTemplate":"https:\/\/www.iemj.org\/es\/?s={search_term_string}"},"query-input":{"@type":"PropertyValueSpecification","valueRequired":true,"valueName":"search_term_string"}}],"inLanguage":"es"},{"@type":"Organization","@id":"https:\/\/www.iemj.org\/es\/#organization","name":"Institut Europ\u00e9en des Musiques Juives","url":"https:\/\/www.iemj.org\/es\/","logo":{"@type":"ImageObject","inLanguage":"es","@id":"https:\/\/www.iemj.org\/es\/#\/schema\/logo\/image\/","url":"https:\/\/www.iemj.org\/wp-content\/uploads\/2021\/09\/Logo-IEMJ-Paypal.jpg","contentUrl":"https:\/\/www.iemj.org\/wp-content\/uploads\/2021\/09\/Logo-IEMJ-Paypal.jpg","width":150,"height":50,"caption":"Institut Europ\u00e9en des Musiques Juives"},"image":{"@id":"https:\/\/www.iemj.org\/es\/#\/schema\/logo\/image\/"},"sameAs":["https:\/\/www.facebook.com\/MusiquesJuives\/","https:\/\/www.instagram.com\/musiquesjuives\/","https:\/\/www.youtube.com\/user\/musiquesjuives"]},{"@type":"Person","@id":"https:\/\/www.iemj.org\/es\/#\/schema\/person\/c9bc1c386a3749579a2d675e72a18666","name":"Jean-Gabriel Davis","image":{"@type":"ImageObject","inLanguage":"es","@id":"https:\/\/secure.gravatar.com\/avatar\/2b90d67bdf392c9b3a21fab87c0fa7edaf1fb3a058172a1ffd61033fcec7aec1?s=96&d=mm&r=g","url":"https:\/\/secure.gravatar.com\/avatar\/2b90d67bdf392c9b3a21fab87c0fa7edaf1fb3a058172a1ffd61033fcec7aec1?s=96&d=mm&r=g","contentUrl":"https:\/\/secure.gravatar.com\/avatar\/2b90d67bdf392c9b3a21fab87c0fa7edaf1fb3a058172a1ffd61033fcec7aec1?s=96&d=mm&r=g","caption":"Jean-Gabriel Davis"}}]}},"_links":{"self":[{"href":"https:\/\/www.iemj.org\/es\/wp-json\/wp\/v2\/posts\/107873","targetHints":{"allow":["GET"]}}],"collection":[{"href":"https:\/\/www.iemj.org\/es\/wp-json\/wp\/v2\/posts"}],"about":[{"href":"https:\/\/www.iemj.org\/es\/wp-json\/wp\/v2\/types\/post"}],"author":[{"embeddable":true,"href":"https:\/\/www.iemj.org\/es\/wp-json\/wp\/v2\/users\/1048"}],"replies":[{"embeddable":true,"href":"https:\/\/www.iemj.org\/es\/wp-json\/wp\/v2\/comments?post=107873"}],"version-history":[{"count":2,"href":"https:\/\/www.iemj.org\/es\/wp-json\/wp\/v2\/posts\/107873\/revisions"}],"predecessor-version":[{"id":128654,"href":"https:\/\/www.iemj.org\/es\/wp-json\/wp\/v2\/posts\/107873\/revisions\/128654"}],"wp:featuredmedia":[{"embeddable":true,"href":"https:\/\/www.iemj.org\/es\/wp-json\/wp\/v2\/media\/107874"}],"wp:attachment":[{"href":"https:\/\/www.iemj.org\/es\/wp-json\/wp\/v2\/media?parent=107873"}],"wp:term":[{"taxonomy":"category","embeddable":true,"href":"https:\/\/www.iemj.org\/es\/wp-json\/wp\/v2\/categories?post=107873"},{"taxonomy":"post_tag","embeddable":true,"href":"https:\/\/www.iemj.org\/es\/wp-json\/wp\/v2\/tags?post=107873"},{"taxonomy":"technique","embeddable":true,"href":"https:\/\/www.iemj.org\/es\/wp-json\/wp\/v2\/technique?post=107873"},{"taxonomy":"squelettes","embeddable":true,"href":"https:\/\/www.iemj.org\/es\/wp-json\/wp\/v2\/squelettes?post=107873"},{"taxonomy":"sujet","embeddable":true,"href":"https:\/\/www.iemj.org\/es\/wp-json\/wp\/v2\/sujet?post=107873"},{"taxonomy":"formation","embeddable":true,"href":"https:\/\/www.iemj.org\/es\/wp-json\/wp\/v2\/formation?post=107873"},{"taxonomy":"genre","embeddable":true,"href":"https:\/\/www.iemj.org\/es\/wp-json\/wp\/v2\/genre?post=107873"},{"taxonomy":"fonds","embeddable":true,"href":"https:\/\/www.iemj.org\/es\/wp-json\/wp\/v2\/fonds?post=107873"},{"taxonomy":"tradition","embeddable":true,"href":"https:\/\/www.iemj.org\/es\/wp-json\/wp\/v2\/tradition?post=107873"},{"taxonomy":"type-de-contenu","embeddable":true,"href":"https:\/\/www.iemj.org\/es\/wp-json\/wp\/v2\/type-de-contenu?post=107873"},{"taxonomy":"interprete-compositeur","embeddable":true,"href":"https:\/\/www.iemj.org\/es\/wp-json\/wp\/v2\/interprete-compositeur?post=107873"},{"taxonomy":"frise","embeddable":true,"href":"https:\/\/www.iemj.org\/es\/wp-json\/wp\/v2\/frise?post=107873"},{"taxonomy":"type-devenement","embeddable":true,"href":"https:\/\/www.iemj.org\/es\/wp-json\/wp\/v2\/type-devenement?post=107873"},{"taxonomy":"tableaux-liens-externes","embeddable":true,"href":"https:\/\/www.iemj.org\/es\/wp-json\/wp\/v2\/tableaux-liens-externes?post=107873"}],"curies":[{"name":"wp","href":"https:\/\/api.w.org\/{rel}","templated":true}]}}