{"id":107889,"date":"2015-12-21T10:00:00","date_gmt":"2015-12-21T09:00:00","guid":{"rendered":"https:\/\/www.iemj.org\/klezmers-afterlife-an-ethnography-of-the-jewish-music-revival-in-poland-and-germany\/"},"modified":"2024-01-21T17:29:16","modified_gmt":"2024-01-21T16:29:16","slug":"klezmers-afterlife-an-ethnography-of-the-jewish-music-revival-in-poland-and-germany","status":"publish","type":"post","link":"https:\/\/www.iemj.org\/es\/klezmers-afterlife-an-ethnography-of-the-jewish-music-revival-in-poland-and-germany\/","title":{"rendered":"Klezmer&#8217;s Afterlife: An Ethnography of the Jewish Music Revival in Poland and Germany"},"content":{"rendered":"<p>Oxford University Press, 17-10-2013, 320 p.<\/p>\n<p><!--more-->La m\u00fasica klezmer siempre ha sido objeto de controversia desde que la m\u00fasica tradicional jud\u00eda para bodas lleg\u00f3 a las salas de conciertos y discotecas de Berl\u00edn, Breslavia, Budapest y Praga. Tocada principalmente por y para no jud\u00edos, ha sido descrita como \u00abfaux-lklore\u00bb, (\u00abfalso-klore) \u00abDisneylandia jud\u00eda\u00bb e incluso \u00abnecrofilia cultural\u00bb.<\/p>\n<p>Klezmer&#8217;s Afterlife (\u00abLa otra vida del klezmer \u00ab) es el primer libro que examina esta fascinante escena musical en Europa Central, dando voz a los m\u00fasicos, productores y consumidores de esta m\u00fasica klezmer resucitada. Desafiando las suposiciones comunes de que el renacimiento del klezmer en Alemania y Polonia es simplemente el resultado de un sentimiento de culpa surgido en los a\u00f1os posteriores a la Shoah, la autora Magdalena Waligorska investiga las consecuencias del auge del klezmer en estos lugares.<\/p>\n<p>Adem\u00e1s de documentar el renacimiento del klezmer en dos de las principales ciudades europeas, Cracovia y Berl\u00edn, y de analizar las relaciones entre jud\u00edos y no jud\u00edos que genera, Waligorska demuestra c\u00f3mo el renacimiento del klezmer duplica y reinventa la imagen del jud\u00edo en la cultura popular polaca y alemana, c\u00f3mo esta m\u00fasica acaba convirti\u00e9ndose en una original banda sonora de las conmemoraciones de la Shoah y c\u00f3mo se utiliza como brillante ejemplo del \u00e9xito de la pol\u00edtica cultural local. Abarcando un amplio abanico de temas que incluyen la musicolog\u00eda, la etnomusicolog\u00eda, la historia y la sociolog\u00eda, Klezmer&#8217;s Afterlife atraer\u00e1 el inter\u00e9s de muchos estudiosos de la cultura jud\u00eda y las relaciones culturales en la Europa Central posterior a la Shoah, as\u00ed como de lectores interesados de forma m\u00e1s general en la m\u00fasica klezmer y los renacimientos musicales.<\/p>\n<p><a href=\"https:\/\/global.oup.com\/academic\/product\/klezmers-afterlife-9780199314744?cc=fr&amp;lang=en&amp;#\" target=\"_blank\" rel=\"noopener\">M\u00e1s informaci\u00f3n<\/a><br \/>\n<a href=\"http:\/\/www.amazon.fr\/Klezmers-Afterlife-Ethnography-Revival-Germany\/dp\/0199314748\/ref=sr_1_1?s=english-books&amp;ie=UTF8&amp;qid=1450099488&amp;sr=1-1&amp;keywords=klezmer+afterlife\" target=\"_blank\" rel=\"noopener\">Pedir el libro<\/a><\/p>\n","protected":false},"excerpt":{"rendered":"<p>Oxford University Press, 17-10-2013, 320 p.<\/p>\n","protected":false},"author":1048,"featured_media":107890,"comment_status":"closed","ping_status":"open","sticky":false,"template":"","format":"standard","meta":{"_acf_changed":false,"footnotes":""},"categories":[1577,1565],"tags":[],"technique":[],"squelettes":[],"sujet":[],"formation":[],"genre":[1876],"fonds":[],"tradition":[],"type-de-contenu":[],"interprete-compositeur":[],"frise":[],"type-devenement":[],"tableaux-liens-externes":[],"class_list":["post-107889","post","type-post","status-publish","format-standard","has-post-thumbnail","hentry","category-libros-articulos-es","category-ultimas-adquisiciones-es","genre-klezmer-es"],"acf":[],"yoast_head":"<!-- This site is optimized with the Yoast SEO plugin v27.3 - https:\/\/yoast.com\/product\/yoast-seo-wordpress\/ -->\n<title>Klezmer&#039;s Afterlife: An Ethnography of the Jewish Music Revival in Poland and Germany - Institut Europ\u00e9en des Musiques Juives<\/title>\n<meta name=\"robots\" content=\"index, follow, max-snippet:-1, max-image-preview:large, max-video-preview:-1\" \/>\n<link rel=\"canonical\" href=\"https:\/\/www.iemj.org\/es\/klezmers-afterlife-an-ethnography-of-the-jewish-music-revival-in-poland-and-germany\/\" \/>\n<meta property=\"og:locale\" content=\"es_ES\" \/>\n<meta property=\"og:type\" content=\"article\" \/>\n<meta property=\"og:title\" content=\"Klezmer&#039;s Afterlife: An Ethnography of the Jewish Music Revival in Poland and Germany - Institut Europ\u00e9en des Musiques Juives\" \/>\n<meta property=\"og:description\" content=\"Oxford University Press, 17-10-2013, 320 p.\" \/>\n<meta property=\"og:url\" content=\"https:\/\/www.iemj.org\/es\/klezmers-afterlife-an-ethnography-of-the-jewish-music-revival-in-poland-and-germany\/\" \/>\n<meta property=\"og:site_name\" content=\"Institut Europ\u00e9en des Musiques Juives\" \/>\n<meta property=\"article:publisher\" content=\"https:\/\/www.facebook.com\/MusiquesJuives\/\" \/>\n<meta property=\"article:published_time\" content=\"2015-12-21T09:00:00+00:00\" \/>\n<meta property=\"article:modified_time\" content=\"2024-01-21T16:29:16+00:00\" \/>\n<meta property=\"og:image\" content=\"https:\/\/www.iemj.org\/wp-content\/uploads\/2015\/12\/arton1309-e1619442117247.jpg\" \/>\n\t<meta property=\"og:image:width\" content=\"350\" \/>\n\t<meta property=\"og:image:height\" content=\"529\" \/>\n\t<meta property=\"og:image:type\" content=\"image\/jpeg\" \/>\n<meta name=\"author\" content=\"Jean-Gabriel Davis\" \/>\n<meta name=\"twitter:card\" content=\"summary_large_image\" \/>\n<meta name=\"twitter:label1\" content=\"Escrito por\" \/>\n\t<meta name=\"twitter:data1\" content=\"Jean-Gabriel Davis\" \/>\n\t<meta name=\"twitter:label2\" content=\"Tiempo de lectura\" \/>\n\t<meta name=\"twitter:data2\" content=\"2 minutos\" \/>\n<script type=\"application\/ld+json\" class=\"yoast-schema-graph\">{\"@context\":\"https:\\\/\\\/schema.org\",\"@graph\":[{\"@type\":\"Article\",\"@id\":\"https:\\\/\\\/www.iemj.org\\\/es\\\/klezmers-afterlife-an-ethnography-of-the-jewish-music-revival-in-poland-and-germany\\\/#article\",\"isPartOf\":{\"@id\":\"https:\\\/\\\/www.iemj.org\\\/es\\\/klezmers-afterlife-an-ethnography-of-the-jewish-music-revival-in-poland-and-germany\\\/\"},\"author\":{\"name\":\"Jean-Gabriel Davis\",\"@id\":\"https:\\\/\\\/www.iemj.org\\\/es\\\/#\\\/schema\\\/person\\\/c9bc1c386a3749579a2d675e72a18666\"},\"headline\":\"Klezmer&#8217;s Afterlife: An Ethnography of the Jewish Music Revival in Poland and Germany\",\"datePublished\":\"2015-12-21T09:00:00+00:00\",\"dateModified\":\"2024-01-21T16:29:16+00:00\",\"mainEntityOfPage\":{\"@id\":\"https:\\\/\\\/www.iemj.org\\\/es\\\/klezmers-afterlife-an-ethnography-of-the-jewish-music-revival-in-poland-and-germany\\\/\"},\"wordCount\":322,\"publisher\":{\"@id\":\"https:\\\/\\\/www.iemj.org\\\/es\\\/#organization\"},\"image\":{\"@id\":\"https:\\\/\\\/www.iemj.org\\\/es\\\/klezmers-afterlife-an-ethnography-of-the-jewish-music-revival-in-poland-and-germany\\\/#primaryimage\"},\"thumbnailUrl\":\"https:\\\/\\\/www.iemj.org\\\/wp-content\\\/uploads\\\/2015\\\/12\\\/arton1309-e1619442117247.jpg\",\"articleSection\":[\"Libros, art\u00edculos\",\"\u00daltimas adquisiciones\"],\"inLanguage\":\"es\"},{\"@type\":\"WebPage\",\"@id\":\"https:\\\/\\\/www.iemj.org\\\/es\\\/klezmers-afterlife-an-ethnography-of-the-jewish-music-revival-in-poland-and-germany\\\/\",\"url\":\"https:\\\/\\\/www.iemj.org\\\/es\\\/klezmers-afterlife-an-ethnography-of-the-jewish-music-revival-in-poland-and-germany\\\/\",\"name\":\"Klezmer's Afterlife: An Ethnography of the Jewish Music Revival in Poland and Germany - Institut Europ\u00e9en des Musiques Juives\",\"isPartOf\":{\"@id\":\"https:\\\/\\\/www.iemj.org\\\/es\\\/#website\"},\"primaryImageOfPage\":{\"@id\":\"https:\\\/\\\/www.iemj.org\\\/es\\\/klezmers-afterlife-an-ethnography-of-the-jewish-music-revival-in-poland-and-germany\\\/#primaryimage\"},\"image\":{\"@id\":\"https:\\\/\\\/www.iemj.org\\\/es\\\/klezmers-afterlife-an-ethnography-of-the-jewish-music-revival-in-poland-and-germany\\\/#primaryimage\"},\"thumbnailUrl\":\"https:\\\/\\\/www.iemj.org\\\/wp-content\\\/uploads\\\/2015\\\/12\\\/arton1309-e1619442117247.jpg\",\"datePublished\":\"2015-12-21T09:00:00+00:00\",\"dateModified\":\"2024-01-21T16:29:16+00:00\",\"breadcrumb\":{\"@id\":\"https:\\\/\\\/www.iemj.org\\\/es\\\/klezmers-afterlife-an-ethnography-of-the-jewish-music-revival-in-poland-and-germany\\\/#breadcrumb\"},\"inLanguage\":\"es\",\"potentialAction\":[{\"@type\":\"ReadAction\",\"target\":[\"https:\\\/\\\/www.iemj.org\\\/es\\\/klezmers-afterlife-an-ethnography-of-the-jewish-music-revival-in-poland-and-germany\\\/\"]}]},{\"@type\":\"ImageObject\",\"inLanguage\":\"es\",\"@id\":\"https:\\\/\\\/www.iemj.org\\\/es\\\/klezmers-afterlife-an-ethnography-of-the-jewish-music-revival-in-poland-and-germany\\\/#primaryimage\",\"url\":\"https:\\\/\\\/www.iemj.org\\\/wp-content\\\/uploads\\\/2015\\\/12\\\/arton1309-e1619442117247.jpg\",\"contentUrl\":\"https:\\\/\\\/www.iemj.org\\\/wp-content\\\/uploads\\\/2015\\\/12\\\/arton1309-e1619442117247.jpg\",\"width\":350,\"height\":529},{\"@type\":\"BreadcrumbList\",\"@id\":\"https:\\\/\\\/www.iemj.org\\\/es\\\/klezmers-afterlife-an-ethnography-of-the-jewish-music-revival-in-poland-and-germany\\\/#breadcrumb\",\"itemListElement\":[{\"@type\":\"ListItem\",\"position\":1,\"name\":\"Accueil\",\"item\":\"https:\\\/\\\/www.iemj.org\\\/es\\\/\"},{\"@type\":\"ListItem\",\"position\":2,\"name\":\"Klezmer&#8217;s Afterlife: An Ethnography of the Jewish Music Revival in Poland and Germany\"}]},{\"@type\":\"WebSite\",\"@id\":\"https:\\\/\\\/www.iemj.org\\\/es\\\/#website\",\"url\":\"https:\\\/\\\/www.iemj.org\\\/es\\\/\",\"name\":\"Institut Europ\u00e9en des Musiques Juives\",\"description\":\"Des traditions musicales \u00e0 la port\u00e9e de tous\",\"publisher\":{\"@id\":\"https:\\\/\\\/www.iemj.org\\\/es\\\/#organization\"},\"potentialAction\":[{\"@type\":\"SearchAction\",\"target\":{\"@type\":\"EntryPoint\",\"urlTemplate\":\"https:\\\/\\\/www.iemj.org\\\/es\\\/?s={search_term_string}\"},\"query-input\":{\"@type\":\"PropertyValueSpecification\",\"valueRequired\":true,\"valueName\":\"search_term_string\"}}],\"inLanguage\":\"es\"},{\"@type\":\"Organization\",\"@id\":\"https:\\\/\\\/www.iemj.org\\\/es\\\/#organization\",\"name\":\"Institut Europ\u00e9en des Musiques Juives\",\"url\":\"https:\\\/\\\/www.iemj.org\\\/es\\\/\",\"logo\":{\"@type\":\"ImageObject\",\"inLanguage\":\"es\",\"@id\":\"https:\\\/\\\/www.iemj.org\\\/es\\\/#\\\/schema\\\/logo\\\/image\\\/\",\"url\":\"https:\\\/\\\/www.iemj.org\\\/wp-content\\\/uploads\\\/2021\\\/09\\\/Logo-IEMJ-Paypal.jpg\",\"contentUrl\":\"https:\\\/\\\/www.iemj.org\\\/wp-content\\\/uploads\\\/2021\\\/09\\\/Logo-IEMJ-Paypal.jpg\",\"width\":150,\"height\":50,\"caption\":\"Institut Europ\u00e9en des Musiques Juives\"},\"image\":{\"@id\":\"https:\\\/\\\/www.iemj.org\\\/es\\\/#\\\/schema\\\/logo\\\/image\\\/\"},\"sameAs\":[\"https:\\\/\\\/www.facebook.com\\\/MusiquesJuives\\\/\",\"https:\\\/\\\/www.instagram.com\\\/musiquesjuives\\\/\",\"https:\\\/\\\/www.youtube.com\\\/user\\\/musiquesjuives\"]},{\"@type\":\"Person\",\"@id\":\"https:\\\/\\\/www.iemj.org\\\/es\\\/#\\\/schema\\\/person\\\/c9bc1c386a3749579a2d675e72a18666\",\"name\":\"Jean-Gabriel Davis\",\"image\":{\"@type\":\"ImageObject\",\"inLanguage\":\"es\",\"@id\":\"https:\\\/\\\/secure.gravatar.com\\\/avatar\\\/2b90d67bdf392c9b3a21fab87c0fa7edaf1fb3a058172a1ffd61033fcec7aec1?s=96&d=mm&r=g\",\"url\":\"https:\\\/\\\/secure.gravatar.com\\\/avatar\\\/2b90d67bdf392c9b3a21fab87c0fa7edaf1fb3a058172a1ffd61033fcec7aec1?s=96&d=mm&r=g\",\"contentUrl\":\"https:\\\/\\\/secure.gravatar.com\\\/avatar\\\/2b90d67bdf392c9b3a21fab87c0fa7edaf1fb3a058172a1ffd61033fcec7aec1?s=96&d=mm&r=g\",\"caption\":\"Jean-Gabriel Davis\"}}]}<\/script>\n<!-- \/ Yoast SEO plugin. -->","yoast_head_json":{"title":"Klezmer's Afterlife: An Ethnography of the Jewish Music Revival in Poland and Germany - Institut Europ\u00e9en des Musiques Juives","robots":{"index":"index","follow":"follow","max-snippet":"max-snippet:-1","max-image-preview":"max-image-preview:large","max-video-preview":"max-video-preview:-1"},"canonical":"https:\/\/www.iemj.org\/es\/klezmers-afterlife-an-ethnography-of-the-jewish-music-revival-in-poland-and-germany\/","og_locale":"es_ES","og_type":"article","og_title":"Klezmer's Afterlife: An Ethnography of the Jewish Music Revival in Poland and Germany - Institut Europ\u00e9en des Musiques Juives","og_description":"Oxford University Press, 17-10-2013, 320 p.","og_url":"https:\/\/www.iemj.org\/es\/klezmers-afterlife-an-ethnography-of-the-jewish-music-revival-in-poland-and-germany\/","og_site_name":"Institut Europ\u00e9en des Musiques Juives","article_publisher":"https:\/\/www.facebook.com\/MusiquesJuives\/","article_published_time":"2015-12-21T09:00:00+00:00","article_modified_time":"2024-01-21T16:29:16+00:00","og_image":[{"width":350,"height":529,"url":"https:\/\/www.iemj.org\/wp-content\/uploads\/2015\/12\/arton1309-e1619442117247.jpg","type":"image\/jpeg"}],"author":"Jean-Gabriel Davis","twitter_card":"summary_large_image","twitter_misc":{"Escrito por":"Jean-Gabriel Davis","Tiempo de lectura":"2 minutos"},"schema":{"@context":"https:\/\/schema.org","@graph":[{"@type":"Article","@id":"https:\/\/www.iemj.org\/es\/klezmers-afterlife-an-ethnography-of-the-jewish-music-revival-in-poland-and-germany\/#article","isPartOf":{"@id":"https:\/\/www.iemj.org\/es\/klezmers-afterlife-an-ethnography-of-the-jewish-music-revival-in-poland-and-germany\/"},"author":{"name":"Jean-Gabriel Davis","@id":"https:\/\/www.iemj.org\/es\/#\/schema\/person\/c9bc1c386a3749579a2d675e72a18666"},"headline":"Klezmer&#8217;s Afterlife: An Ethnography of the Jewish Music Revival in Poland and Germany","datePublished":"2015-12-21T09:00:00+00:00","dateModified":"2024-01-21T16:29:16+00:00","mainEntityOfPage":{"@id":"https:\/\/www.iemj.org\/es\/klezmers-afterlife-an-ethnography-of-the-jewish-music-revival-in-poland-and-germany\/"},"wordCount":322,"publisher":{"@id":"https:\/\/www.iemj.org\/es\/#organization"},"image":{"@id":"https:\/\/www.iemj.org\/es\/klezmers-afterlife-an-ethnography-of-the-jewish-music-revival-in-poland-and-germany\/#primaryimage"},"thumbnailUrl":"https:\/\/www.iemj.org\/wp-content\/uploads\/2015\/12\/arton1309-e1619442117247.jpg","articleSection":["Libros, art\u00edculos","\u00daltimas adquisiciones"],"inLanguage":"es"},{"@type":"WebPage","@id":"https:\/\/www.iemj.org\/es\/klezmers-afterlife-an-ethnography-of-the-jewish-music-revival-in-poland-and-germany\/","url":"https:\/\/www.iemj.org\/es\/klezmers-afterlife-an-ethnography-of-the-jewish-music-revival-in-poland-and-germany\/","name":"Klezmer's Afterlife: An Ethnography of the Jewish Music Revival in Poland and Germany - Institut Europ\u00e9en des Musiques Juives","isPartOf":{"@id":"https:\/\/www.iemj.org\/es\/#website"},"primaryImageOfPage":{"@id":"https:\/\/www.iemj.org\/es\/klezmers-afterlife-an-ethnography-of-the-jewish-music-revival-in-poland-and-germany\/#primaryimage"},"image":{"@id":"https:\/\/www.iemj.org\/es\/klezmers-afterlife-an-ethnography-of-the-jewish-music-revival-in-poland-and-germany\/#primaryimage"},"thumbnailUrl":"https:\/\/www.iemj.org\/wp-content\/uploads\/2015\/12\/arton1309-e1619442117247.jpg","datePublished":"2015-12-21T09:00:00+00:00","dateModified":"2024-01-21T16:29:16+00:00","breadcrumb":{"@id":"https:\/\/www.iemj.org\/es\/klezmers-afterlife-an-ethnography-of-the-jewish-music-revival-in-poland-and-germany\/#breadcrumb"},"inLanguage":"es","potentialAction":[{"@type":"ReadAction","target":["https:\/\/www.iemj.org\/es\/klezmers-afterlife-an-ethnography-of-the-jewish-music-revival-in-poland-and-germany\/"]}]},{"@type":"ImageObject","inLanguage":"es","@id":"https:\/\/www.iemj.org\/es\/klezmers-afterlife-an-ethnography-of-the-jewish-music-revival-in-poland-and-germany\/#primaryimage","url":"https:\/\/www.iemj.org\/wp-content\/uploads\/2015\/12\/arton1309-e1619442117247.jpg","contentUrl":"https:\/\/www.iemj.org\/wp-content\/uploads\/2015\/12\/arton1309-e1619442117247.jpg","width":350,"height":529},{"@type":"BreadcrumbList","@id":"https:\/\/www.iemj.org\/es\/klezmers-afterlife-an-ethnography-of-the-jewish-music-revival-in-poland-and-germany\/#breadcrumb","itemListElement":[{"@type":"ListItem","position":1,"name":"Accueil","item":"https:\/\/www.iemj.org\/es\/"},{"@type":"ListItem","position":2,"name":"Klezmer&#8217;s Afterlife: An Ethnography of the Jewish Music Revival in Poland and Germany"}]},{"@type":"WebSite","@id":"https:\/\/www.iemj.org\/es\/#website","url":"https:\/\/www.iemj.org\/es\/","name":"Institut Europ\u00e9en des Musiques Juives","description":"Des traditions musicales \u00e0 la port\u00e9e de tous","publisher":{"@id":"https:\/\/www.iemj.org\/es\/#organization"},"potentialAction":[{"@type":"SearchAction","target":{"@type":"EntryPoint","urlTemplate":"https:\/\/www.iemj.org\/es\/?s={search_term_string}"},"query-input":{"@type":"PropertyValueSpecification","valueRequired":true,"valueName":"search_term_string"}}],"inLanguage":"es"},{"@type":"Organization","@id":"https:\/\/www.iemj.org\/es\/#organization","name":"Institut Europ\u00e9en des Musiques Juives","url":"https:\/\/www.iemj.org\/es\/","logo":{"@type":"ImageObject","inLanguage":"es","@id":"https:\/\/www.iemj.org\/es\/#\/schema\/logo\/image\/","url":"https:\/\/www.iemj.org\/wp-content\/uploads\/2021\/09\/Logo-IEMJ-Paypal.jpg","contentUrl":"https:\/\/www.iemj.org\/wp-content\/uploads\/2021\/09\/Logo-IEMJ-Paypal.jpg","width":150,"height":50,"caption":"Institut Europ\u00e9en des Musiques Juives"},"image":{"@id":"https:\/\/www.iemj.org\/es\/#\/schema\/logo\/image\/"},"sameAs":["https:\/\/www.facebook.com\/MusiquesJuives\/","https:\/\/www.instagram.com\/musiquesjuives\/","https:\/\/www.youtube.com\/user\/musiquesjuives"]},{"@type":"Person","@id":"https:\/\/www.iemj.org\/es\/#\/schema\/person\/c9bc1c386a3749579a2d675e72a18666","name":"Jean-Gabriel Davis","image":{"@type":"ImageObject","inLanguage":"es","@id":"https:\/\/secure.gravatar.com\/avatar\/2b90d67bdf392c9b3a21fab87c0fa7edaf1fb3a058172a1ffd61033fcec7aec1?s=96&d=mm&r=g","url":"https:\/\/secure.gravatar.com\/avatar\/2b90d67bdf392c9b3a21fab87c0fa7edaf1fb3a058172a1ffd61033fcec7aec1?s=96&d=mm&r=g","contentUrl":"https:\/\/secure.gravatar.com\/avatar\/2b90d67bdf392c9b3a21fab87c0fa7edaf1fb3a058172a1ffd61033fcec7aec1?s=96&d=mm&r=g","caption":"Jean-Gabriel Davis"}}]}},"_links":{"self":[{"href":"https:\/\/www.iemj.org\/es\/wp-json\/wp\/v2\/posts\/107889","targetHints":{"allow":["GET"]}}],"collection":[{"href":"https:\/\/www.iemj.org\/es\/wp-json\/wp\/v2\/posts"}],"about":[{"href":"https:\/\/www.iemj.org\/es\/wp-json\/wp\/v2\/types\/post"}],"author":[{"embeddable":true,"href":"https:\/\/www.iemj.org\/es\/wp-json\/wp\/v2\/users\/1048"}],"replies":[{"embeddable":true,"href":"https:\/\/www.iemj.org\/es\/wp-json\/wp\/v2\/comments?post=107889"}],"version-history":[{"count":0,"href":"https:\/\/www.iemj.org\/es\/wp-json\/wp\/v2\/posts\/107889\/revisions"}],"wp:featuredmedia":[{"embeddable":true,"href":"https:\/\/www.iemj.org\/es\/wp-json\/wp\/v2\/media\/107890"}],"wp:attachment":[{"href":"https:\/\/www.iemj.org\/es\/wp-json\/wp\/v2\/media?parent=107889"}],"wp:term":[{"taxonomy":"category","embeddable":true,"href":"https:\/\/www.iemj.org\/es\/wp-json\/wp\/v2\/categories?post=107889"},{"taxonomy":"post_tag","embeddable":true,"href":"https:\/\/www.iemj.org\/es\/wp-json\/wp\/v2\/tags?post=107889"},{"taxonomy":"technique","embeddable":true,"href":"https:\/\/www.iemj.org\/es\/wp-json\/wp\/v2\/technique?post=107889"},{"taxonomy":"squelettes","embeddable":true,"href":"https:\/\/www.iemj.org\/es\/wp-json\/wp\/v2\/squelettes?post=107889"},{"taxonomy":"sujet","embeddable":true,"href":"https:\/\/www.iemj.org\/es\/wp-json\/wp\/v2\/sujet?post=107889"},{"taxonomy":"formation","embeddable":true,"href":"https:\/\/www.iemj.org\/es\/wp-json\/wp\/v2\/formation?post=107889"},{"taxonomy":"genre","embeddable":true,"href":"https:\/\/www.iemj.org\/es\/wp-json\/wp\/v2\/genre?post=107889"},{"taxonomy":"fonds","embeddable":true,"href":"https:\/\/www.iemj.org\/es\/wp-json\/wp\/v2\/fonds?post=107889"},{"taxonomy":"tradition","embeddable":true,"href":"https:\/\/www.iemj.org\/es\/wp-json\/wp\/v2\/tradition?post=107889"},{"taxonomy":"type-de-contenu","embeddable":true,"href":"https:\/\/www.iemj.org\/es\/wp-json\/wp\/v2\/type-de-contenu?post=107889"},{"taxonomy":"interprete-compositeur","embeddable":true,"href":"https:\/\/www.iemj.org\/es\/wp-json\/wp\/v2\/interprete-compositeur?post=107889"},{"taxonomy":"frise","embeddable":true,"href":"https:\/\/www.iemj.org\/es\/wp-json\/wp\/v2\/frise?post=107889"},{"taxonomy":"type-devenement","embeddable":true,"href":"https:\/\/www.iemj.org\/es\/wp-json\/wp\/v2\/type-devenement?post=107889"},{"taxonomy":"tableaux-liens-externes","embeddable":true,"href":"https:\/\/www.iemj.org\/es\/wp-json\/wp\/v2\/tableaux-liens-externes?post=107889"}],"curies":[{"name":"wp","href":"https:\/\/api.w.org\/{rel}","templated":true}]}}