{"id":107968,"date":"2015-07-29T16:49:07","date_gmt":"2015-07-29T14:49:07","guid":{"rendered":"https:\/\/www.iemj.org\/le-systeme-cantilatoire-de-la-bible-et-son-expression-musicale-dans-les-traditions-juives-des-communautes-mediterraneennes\/"},"modified":"2024-01-22T15:09:33","modified_gmt":"2024-01-22T14:09:33","slug":"le-systeme-cantilatoire-de-la-bible-et-son-expression-musicale-dans-les-traditions-juives-des-communautes-mediterraneennes","status":"publish","type":"post","link":"https:\/\/www.iemj.org\/es\/le-systeme-cantilatoire-de-la-bible-et-son-expression-musicale-dans-les-traditions-juives-des-communautes-mediterraneennes\/","title":{"rendered":"Le syst\u00e8me cantilatoire de la Bible et son expression musicale dans les traditions juives des communaut\u00e9s m\u00e9diterran\u00e9ennes"},"content":{"rendered":"<p class=\"post_excerpt\">Doctorado bajo la supervisi\u00f3n del profesor Ha\u00efm Zafrani<\/p>\n<p class=\"post_excerpt\">Ann\u00e9e 1986 \u2013 1987<\/p>\n<p><!--more-->Despu\u00e9s de casarse con el cantor Joseph Tayar y pasar d\u00e9cadas al servicio de la monodia hebrea, Mag Tayar, organista de la Gran Sinagoga de Marsella y doctora en Musicolog\u00eda, dedic\u00f3 su tesis doctoral al sistema cantilatorio de la Biblia en las tradiciones jud\u00edas de las comunidades mediterr\u00e1neas.<\/p>\n<p>Para cumplir este objetivo, ha grabado y transcrito a decenas de cantantes de Mequinez, T\u00e1nger, Casablanca, Burdeos, Marsella, Constantina, Argel, Oujda, Tetu\u00e1n, Mogador, M\u00e1scara, B\u00e9ni Ounif, T\u00fanez y El Cairo.<\/p>\n<p>Su an\u00e1lisis musical, especialmente t\u00e9cnico, hace referencia a los conceptos de la ac\u00fastica.<\/p>\n","protected":false},"excerpt":{"rendered":"<p>Doctorado bajo la supervisi\u00f3n del profesor Ha\u00efm Zafrani Ann\u00e9e 1986 \u2013 1987<\/p>\n","protected":false},"author":1045,"featured_media":107969,"comment_status":"closed","ping_status":"open","sticky":false,"template":"","format":"standard","meta":{"_acf_changed":false,"footnotes":""},"categories":[1577,1565],"tags":[],"technique":[],"squelettes":[],"sujet":[2094],"formation":[],"genre":[1890],"fonds":[],"tradition":[],"type-de-contenu":[],"interprete-compositeur":[],"frise":[],"type-devenement":[],"tableaux-liens-externes":[],"class_list":["post-107968","post","type-post","status-publish","format-standard","has-post-thumbnail","hentry","category-libros-articulos-es","category-ultimas-adquisiciones-es","sujet-acentos-biblicos-teamim-es","genre-liturgia-es"],"acf":[],"yoast_head":"<!-- This site is optimized with the Yoast SEO plugin v27.3 - https:\/\/yoast.com\/product\/yoast-seo-wordpress\/ -->\n<title>Le syst\u00e8me cantilatoire de la Bible et son expression musicale dans les traditions juives des communaut\u00e9s m\u00e9diterran\u00e9ennes - Institut Europ\u00e9en des Musiques Juives<\/title>\n<meta name=\"robots\" content=\"index, follow, max-snippet:-1, max-image-preview:large, max-video-preview:-1\" \/>\n<link rel=\"canonical\" href=\"https:\/\/www.iemj.org\/es\/le-systeme-cantilatoire-de-la-bible-et-son-expression-musicale-dans-les-traditions-juives-des-communautes-mediterraneennes\/\" \/>\n<meta property=\"og:locale\" content=\"es_ES\" \/>\n<meta property=\"og:type\" content=\"article\" \/>\n<meta property=\"og:title\" content=\"Le syst\u00e8me cantilatoire de la Bible et son expression musicale dans les traditions juives des communaut\u00e9s m\u00e9diterran\u00e9ennes - Institut Europ\u00e9en des Musiques Juives\" \/>\n<meta property=\"og:description\" content=\"Doctorado bajo la supervisi\u00f3n del profesor Ha\u00efm Zafrani Ann\u00e9e 1986 \u2013 1987\" \/>\n<meta property=\"og:url\" content=\"https:\/\/www.iemj.org\/es\/le-systeme-cantilatoire-de-la-bible-et-son-expression-musicale-dans-les-traditions-juives-des-communautes-mediterraneennes\/\" \/>\n<meta property=\"og:site_name\" content=\"Institut Europ\u00e9en des Musiques Juives\" \/>\n<meta property=\"article:publisher\" content=\"https:\/\/www.facebook.com\/MusiquesJuives\/\" \/>\n<meta property=\"article:published_time\" content=\"2015-07-29T14:49:07+00:00\" \/>\n<meta property=\"article:modified_time\" content=\"2024-01-22T14:09:33+00:00\" \/>\n<meta property=\"og:image\" content=\"https:\/\/www.iemj.org\/wp-content\/uploads\/2015\/07\/arton1064.jpg\" \/>\n\t<meta property=\"og:image:width\" content=\"350\" \/>\n\t<meta property=\"og:image:height\" content=\"500\" \/>\n\t<meta property=\"og:image:type\" content=\"image\/jpeg\" \/>\n<meta name=\"author\" content=\"Herv\u00e9 Roten\" \/>\n<meta name=\"twitter:card\" content=\"summary_large_image\" \/>\n<meta name=\"twitter:label1\" content=\"Escrito por\" \/>\n\t<meta name=\"twitter:data1\" content=\"Herv\u00e9 Roten\" \/>\n\t<meta name=\"twitter:label2\" content=\"Tiempo de lectura\" \/>\n\t<meta name=\"twitter:data2\" content=\"1 minuto\" \/>\n<script type=\"application\/ld+json\" class=\"yoast-schema-graph\">{\"@context\":\"https:\\\/\\\/schema.org\",\"@graph\":[{\"@type\":\"Article\",\"@id\":\"https:\\\/\\\/www.iemj.org\\\/es\\\/le-systeme-cantilatoire-de-la-bible-et-son-expression-musicale-dans-les-traditions-juives-des-communautes-mediterraneennes\\\/#article\",\"isPartOf\":{\"@id\":\"https:\\\/\\\/www.iemj.org\\\/es\\\/le-systeme-cantilatoire-de-la-bible-et-son-expression-musicale-dans-les-traditions-juives-des-communautes-mediterraneennes\\\/\"},\"author\":{\"name\":\"Herv\u00e9 Roten\",\"@id\":\"https:\\\/\\\/www.iemj.org\\\/es\\\/#\\\/schema\\\/person\\\/906134402c29d5c76e7b726261dd4bbd\"},\"headline\":\"Le syst\u00e8me cantilatoire de la Bible et son expression musicale dans les traditions juives des communaut\u00e9s m\u00e9diterran\u00e9ennes\",\"datePublished\":\"2015-07-29T14:49:07+00:00\",\"dateModified\":\"2024-01-22T14:09:33+00:00\",\"mainEntityOfPage\":{\"@id\":\"https:\\\/\\\/www.iemj.org\\\/es\\\/le-systeme-cantilatoire-de-la-bible-et-son-expression-musicale-dans-les-traditions-juives-des-communautes-mediterraneennes\\\/\"},\"wordCount\":137,\"publisher\":{\"@id\":\"https:\\\/\\\/www.iemj.org\\\/es\\\/#organization\"},\"image\":{\"@id\":\"https:\\\/\\\/www.iemj.org\\\/es\\\/le-systeme-cantilatoire-de-la-bible-et-son-expression-musicale-dans-les-traditions-juives-des-communautes-mediterraneennes\\\/#primaryimage\"},\"thumbnailUrl\":\"https:\\\/\\\/www.iemj.org\\\/wp-content\\\/uploads\\\/2015\\\/07\\\/arton1064.jpg\",\"articleSection\":[\"Libros, art\u00edculos\",\"\u00daltimas adquisiciones\"],\"inLanguage\":\"es\"},{\"@type\":\"WebPage\",\"@id\":\"https:\\\/\\\/www.iemj.org\\\/es\\\/le-systeme-cantilatoire-de-la-bible-et-son-expression-musicale-dans-les-traditions-juives-des-communautes-mediterraneennes\\\/\",\"url\":\"https:\\\/\\\/www.iemj.org\\\/es\\\/le-systeme-cantilatoire-de-la-bible-et-son-expression-musicale-dans-les-traditions-juives-des-communautes-mediterraneennes\\\/\",\"name\":\"Le syst\u00e8me cantilatoire de la Bible et son expression musicale dans les traditions juives des communaut\u00e9s m\u00e9diterran\u00e9ennes - Institut Europ\u00e9en des Musiques Juives\",\"isPartOf\":{\"@id\":\"https:\\\/\\\/www.iemj.org\\\/es\\\/#website\"},\"primaryImageOfPage\":{\"@id\":\"https:\\\/\\\/www.iemj.org\\\/es\\\/le-systeme-cantilatoire-de-la-bible-et-son-expression-musicale-dans-les-traditions-juives-des-communautes-mediterraneennes\\\/#primaryimage\"},\"image\":{\"@id\":\"https:\\\/\\\/www.iemj.org\\\/es\\\/le-systeme-cantilatoire-de-la-bible-et-son-expression-musicale-dans-les-traditions-juives-des-communautes-mediterraneennes\\\/#primaryimage\"},\"thumbnailUrl\":\"https:\\\/\\\/www.iemj.org\\\/wp-content\\\/uploads\\\/2015\\\/07\\\/arton1064.jpg\",\"datePublished\":\"2015-07-29T14:49:07+00:00\",\"dateModified\":\"2024-01-22T14:09:33+00:00\",\"breadcrumb\":{\"@id\":\"https:\\\/\\\/www.iemj.org\\\/es\\\/le-systeme-cantilatoire-de-la-bible-et-son-expression-musicale-dans-les-traditions-juives-des-communautes-mediterraneennes\\\/#breadcrumb\"},\"inLanguage\":\"es\",\"potentialAction\":[{\"@type\":\"ReadAction\",\"target\":[\"https:\\\/\\\/www.iemj.org\\\/es\\\/le-systeme-cantilatoire-de-la-bible-et-son-expression-musicale-dans-les-traditions-juives-des-communautes-mediterraneennes\\\/\"]}]},{\"@type\":\"ImageObject\",\"inLanguage\":\"es\",\"@id\":\"https:\\\/\\\/www.iemj.org\\\/es\\\/le-systeme-cantilatoire-de-la-bible-et-son-expression-musicale-dans-les-traditions-juives-des-communautes-mediterraneennes\\\/#primaryimage\",\"url\":\"https:\\\/\\\/www.iemj.org\\\/wp-content\\\/uploads\\\/2015\\\/07\\\/arton1064.jpg\",\"contentUrl\":\"https:\\\/\\\/www.iemj.org\\\/wp-content\\\/uploads\\\/2015\\\/07\\\/arton1064.jpg\",\"width\":350,\"height\":500},{\"@type\":\"BreadcrumbList\",\"@id\":\"https:\\\/\\\/www.iemj.org\\\/es\\\/le-systeme-cantilatoire-de-la-bible-et-son-expression-musicale-dans-les-traditions-juives-des-communautes-mediterraneennes\\\/#breadcrumb\",\"itemListElement\":[{\"@type\":\"ListItem\",\"position\":1,\"name\":\"Accueil\",\"item\":\"https:\\\/\\\/www.iemj.org\\\/es\\\/\"},{\"@type\":\"ListItem\",\"position\":2,\"name\":\"Le syst\u00e8me cantilatoire de la Bible et son expression musicale dans les traditions juives des communaut\u00e9s m\u00e9diterran\u00e9ennes\"}]},{\"@type\":\"WebSite\",\"@id\":\"https:\\\/\\\/www.iemj.org\\\/es\\\/#website\",\"url\":\"https:\\\/\\\/www.iemj.org\\\/es\\\/\",\"name\":\"Institut Europ\u00e9en des Musiques Juives\",\"description\":\"Des traditions musicales \u00e0 la port\u00e9e de tous\",\"publisher\":{\"@id\":\"https:\\\/\\\/www.iemj.org\\\/es\\\/#organization\"},\"potentialAction\":[{\"@type\":\"SearchAction\",\"target\":{\"@type\":\"EntryPoint\",\"urlTemplate\":\"https:\\\/\\\/www.iemj.org\\\/es\\\/?s={search_term_string}\"},\"query-input\":{\"@type\":\"PropertyValueSpecification\",\"valueRequired\":true,\"valueName\":\"search_term_string\"}}],\"inLanguage\":\"es\"},{\"@type\":\"Organization\",\"@id\":\"https:\\\/\\\/www.iemj.org\\\/es\\\/#organization\",\"name\":\"Institut Europ\u00e9en des Musiques Juives\",\"url\":\"https:\\\/\\\/www.iemj.org\\\/es\\\/\",\"logo\":{\"@type\":\"ImageObject\",\"inLanguage\":\"es\",\"@id\":\"https:\\\/\\\/www.iemj.org\\\/es\\\/#\\\/schema\\\/logo\\\/image\\\/\",\"url\":\"https:\\\/\\\/www.iemj.org\\\/wp-content\\\/uploads\\\/2021\\\/09\\\/Logo-IEMJ-Paypal.jpg\",\"contentUrl\":\"https:\\\/\\\/www.iemj.org\\\/wp-content\\\/uploads\\\/2021\\\/09\\\/Logo-IEMJ-Paypal.jpg\",\"width\":150,\"height\":50,\"caption\":\"Institut Europ\u00e9en des Musiques Juives\"},\"image\":{\"@id\":\"https:\\\/\\\/www.iemj.org\\\/es\\\/#\\\/schema\\\/logo\\\/image\\\/\"},\"sameAs\":[\"https:\\\/\\\/www.facebook.com\\\/MusiquesJuives\\\/\",\"https:\\\/\\\/www.instagram.com\\\/musiquesjuives\\\/\",\"https:\\\/\\\/www.youtube.com\\\/user\\\/musiquesjuives\"]},{\"@type\":\"Person\",\"@id\":\"https:\\\/\\\/www.iemj.org\\\/es\\\/#\\\/schema\\\/person\\\/906134402c29d5c76e7b726261dd4bbd\",\"name\":\"Herv\u00e9 Roten\",\"image\":{\"@type\":\"ImageObject\",\"inLanguage\":\"es\",\"@id\":\"https:\\\/\\\/secure.gravatar.com\\\/avatar\\\/f96ad2db538a26481f18384936b5cd0610c92d390c4dc382209216d455f685ff?s=96&d=mm&r=g\",\"url\":\"https:\\\/\\\/secure.gravatar.com\\\/avatar\\\/f96ad2db538a26481f18384936b5cd0610c92d390c4dc382209216d455f685ff?s=96&d=mm&r=g\",\"contentUrl\":\"https:\\\/\\\/secure.gravatar.com\\\/avatar\\\/f96ad2db538a26481f18384936b5cd0610c92d390c4dc382209216d455f685ff?s=96&d=mm&r=g\",\"caption\":\"Herv\u00e9 Roten\"}}]}<\/script>\n<!-- \/ Yoast SEO plugin. -->","yoast_head_json":{"title":"Le syst\u00e8me cantilatoire de la Bible et son expression musicale dans les traditions juives des communaut\u00e9s m\u00e9diterran\u00e9ennes - Institut Europ\u00e9en des Musiques Juives","robots":{"index":"index","follow":"follow","max-snippet":"max-snippet:-1","max-image-preview":"max-image-preview:large","max-video-preview":"max-video-preview:-1"},"canonical":"https:\/\/www.iemj.org\/es\/le-systeme-cantilatoire-de-la-bible-et-son-expression-musicale-dans-les-traditions-juives-des-communautes-mediterraneennes\/","og_locale":"es_ES","og_type":"article","og_title":"Le syst\u00e8me cantilatoire de la Bible et son expression musicale dans les traditions juives des communaut\u00e9s m\u00e9diterran\u00e9ennes - Institut Europ\u00e9en des Musiques Juives","og_description":"Doctorado bajo la supervisi\u00f3n del profesor Ha\u00efm Zafrani Ann\u00e9e 1986 \u2013 1987","og_url":"https:\/\/www.iemj.org\/es\/le-systeme-cantilatoire-de-la-bible-et-son-expression-musicale-dans-les-traditions-juives-des-communautes-mediterraneennes\/","og_site_name":"Institut Europ\u00e9en des Musiques Juives","article_publisher":"https:\/\/www.facebook.com\/MusiquesJuives\/","article_published_time":"2015-07-29T14:49:07+00:00","article_modified_time":"2024-01-22T14:09:33+00:00","og_image":[{"width":350,"height":500,"url":"https:\/\/www.iemj.org\/wp-content\/uploads\/2015\/07\/arton1064.jpg","type":"image\/jpeg"}],"author":"Herv\u00e9 Roten","twitter_card":"summary_large_image","twitter_misc":{"Escrito por":"Herv\u00e9 Roten","Tiempo de lectura":"1 minuto"},"schema":{"@context":"https:\/\/schema.org","@graph":[{"@type":"Article","@id":"https:\/\/www.iemj.org\/es\/le-systeme-cantilatoire-de-la-bible-et-son-expression-musicale-dans-les-traditions-juives-des-communautes-mediterraneennes\/#article","isPartOf":{"@id":"https:\/\/www.iemj.org\/es\/le-systeme-cantilatoire-de-la-bible-et-son-expression-musicale-dans-les-traditions-juives-des-communautes-mediterraneennes\/"},"author":{"name":"Herv\u00e9 Roten","@id":"https:\/\/www.iemj.org\/es\/#\/schema\/person\/906134402c29d5c76e7b726261dd4bbd"},"headline":"Le syst\u00e8me cantilatoire de la Bible et son expression musicale dans les traditions juives des communaut\u00e9s m\u00e9diterran\u00e9ennes","datePublished":"2015-07-29T14:49:07+00:00","dateModified":"2024-01-22T14:09:33+00:00","mainEntityOfPage":{"@id":"https:\/\/www.iemj.org\/es\/le-systeme-cantilatoire-de-la-bible-et-son-expression-musicale-dans-les-traditions-juives-des-communautes-mediterraneennes\/"},"wordCount":137,"publisher":{"@id":"https:\/\/www.iemj.org\/es\/#organization"},"image":{"@id":"https:\/\/www.iemj.org\/es\/le-systeme-cantilatoire-de-la-bible-et-son-expression-musicale-dans-les-traditions-juives-des-communautes-mediterraneennes\/#primaryimage"},"thumbnailUrl":"https:\/\/www.iemj.org\/wp-content\/uploads\/2015\/07\/arton1064.jpg","articleSection":["Libros, art\u00edculos","\u00daltimas adquisiciones"],"inLanguage":"es"},{"@type":"WebPage","@id":"https:\/\/www.iemj.org\/es\/le-systeme-cantilatoire-de-la-bible-et-son-expression-musicale-dans-les-traditions-juives-des-communautes-mediterraneennes\/","url":"https:\/\/www.iemj.org\/es\/le-systeme-cantilatoire-de-la-bible-et-son-expression-musicale-dans-les-traditions-juives-des-communautes-mediterraneennes\/","name":"Le syst\u00e8me cantilatoire de la Bible et son expression musicale dans les traditions juives des communaut\u00e9s m\u00e9diterran\u00e9ennes - Institut Europ\u00e9en des Musiques Juives","isPartOf":{"@id":"https:\/\/www.iemj.org\/es\/#website"},"primaryImageOfPage":{"@id":"https:\/\/www.iemj.org\/es\/le-systeme-cantilatoire-de-la-bible-et-son-expression-musicale-dans-les-traditions-juives-des-communautes-mediterraneennes\/#primaryimage"},"image":{"@id":"https:\/\/www.iemj.org\/es\/le-systeme-cantilatoire-de-la-bible-et-son-expression-musicale-dans-les-traditions-juives-des-communautes-mediterraneennes\/#primaryimage"},"thumbnailUrl":"https:\/\/www.iemj.org\/wp-content\/uploads\/2015\/07\/arton1064.jpg","datePublished":"2015-07-29T14:49:07+00:00","dateModified":"2024-01-22T14:09:33+00:00","breadcrumb":{"@id":"https:\/\/www.iemj.org\/es\/le-systeme-cantilatoire-de-la-bible-et-son-expression-musicale-dans-les-traditions-juives-des-communautes-mediterraneennes\/#breadcrumb"},"inLanguage":"es","potentialAction":[{"@type":"ReadAction","target":["https:\/\/www.iemj.org\/es\/le-systeme-cantilatoire-de-la-bible-et-son-expression-musicale-dans-les-traditions-juives-des-communautes-mediterraneennes\/"]}]},{"@type":"ImageObject","inLanguage":"es","@id":"https:\/\/www.iemj.org\/es\/le-systeme-cantilatoire-de-la-bible-et-son-expression-musicale-dans-les-traditions-juives-des-communautes-mediterraneennes\/#primaryimage","url":"https:\/\/www.iemj.org\/wp-content\/uploads\/2015\/07\/arton1064.jpg","contentUrl":"https:\/\/www.iemj.org\/wp-content\/uploads\/2015\/07\/arton1064.jpg","width":350,"height":500},{"@type":"BreadcrumbList","@id":"https:\/\/www.iemj.org\/es\/le-systeme-cantilatoire-de-la-bible-et-son-expression-musicale-dans-les-traditions-juives-des-communautes-mediterraneennes\/#breadcrumb","itemListElement":[{"@type":"ListItem","position":1,"name":"Accueil","item":"https:\/\/www.iemj.org\/es\/"},{"@type":"ListItem","position":2,"name":"Le syst\u00e8me cantilatoire de la Bible et son expression musicale dans les traditions juives des communaut\u00e9s m\u00e9diterran\u00e9ennes"}]},{"@type":"WebSite","@id":"https:\/\/www.iemj.org\/es\/#website","url":"https:\/\/www.iemj.org\/es\/","name":"Institut Europ\u00e9en des Musiques Juives","description":"Des traditions musicales \u00e0 la port\u00e9e de tous","publisher":{"@id":"https:\/\/www.iemj.org\/es\/#organization"},"potentialAction":[{"@type":"SearchAction","target":{"@type":"EntryPoint","urlTemplate":"https:\/\/www.iemj.org\/es\/?s={search_term_string}"},"query-input":{"@type":"PropertyValueSpecification","valueRequired":true,"valueName":"search_term_string"}}],"inLanguage":"es"},{"@type":"Organization","@id":"https:\/\/www.iemj.org\/es\/#organization","name":"Institut Europ\u00e9en des Musiques Juives","url":"https:\/\/www.iemj.org\/es\/","logo":{"@type":"ImageObject","inLanguage":"es","@id":"https:\/\/www.iemj.org\/es\/#\/schema\/logo\/image\/","url":"https:\/\/www.iemj.org\/wp-content\/uploads\/2021\/09\/Logo-IEMJ-Paypal.jpg","contentUrl":"https:\/\/www.iemj.org\/wp-content\/uploads\/2021\/09\/Logo-IEMJ-Paypal.jpg","width":150,"height":50,"caption":"Institut Europ\u00e9en des Musiques Juives"},"image":{"@id":"https:\/\/www.iemj.org\/es\/#\/schema\/logo\/image\/"},"sameAs":["https:\/\/www.facebook.com\/MusiquesJuives\/","https:\/\/www.instagram.com\/musiquesjuives\/","https:\/\/www.youtube.com\/user\/musiquesjuives"]},{"@type":"Person","@id":"https:\/\/www.iemj.org\/es\/#\/schema\/person\/906134402c29d5c76e7b726261dd4bbd","name":"Herv\u00e9 Roten","image":{"@type":"ImageObject","inLanguage":"es","@id":"https:\/\/secure.gravatar.com\/avatar\/f96ad2db538a26481f18384936b5cd0610c92d390c4dc382209216d455f685ff?s=96&d=mm&r=g","url":"https:\/\/secure.gravatar.com\/avatar\/f96ad2db538a26481f18384936b5cd0610c92d390c4dc382209216d455f685ff?s=96&d=mm&r=g","contentUrl":"https:\/\/secure.gravatar.com\/avatar\/f96ad2db538a26481f18384936b5cd0610c92d390c4dc382209216d455f685ff?s=96&d=mm&r=g","caption":"Herv\u00e9 Roten"}}]}},"_links":{"self":[{"href":"https:\/\/www.iemj.org\/es\/wp-json\/wp\/v2\/posts\/107968","targetHints":{"allow":["GET"]}}],"collection":[{"href":"https:\/\/www.iemj.org\/es\/wp-json\/wp\/v2\/posts"}],"about":[{"href":"https:\/\/www.iemj.org\/es\/wp-json\/wp\/v2\/types\/post"}],"author":[{"embeddable":true,"href":"https:\/\/www.iemj.org\/es\/wp-json\/wp\/v2\/users\/1045"}],"replies":[{"embeddable":true,"href":"https:\/\/www.iemj.org\/es\/wp-json\/wp\/v2\/comments?post=107968"}],"version-history":[{"count":0,"href":"https:\/\/www.iemj.org\/es\/wp-json\/wp\/v2\/posts\/107968\/revisions"}],"wp:featuredmedia":[{"embeddable":true,"href":"https:\/\/www.iemj.org\/es\/wp-json\/wp\/v2\/media\/107969"}],"wp:attachment":[{"href":"https:\/\/www.iemj.org\/es\/wp-json\/wp\/v2\/media?parent=107968"}],"wp:term":[{"taxonomy":"category","embeddable":true,"href":"https:\/\/www.iemj.org\/es\/wp-json\/wp\/v2\/categories?post=107968"},{"taxonomy":"post_tag","embeddable":true,"href":"https:\/\/www.iemj.org\/es\/wp-json\/wp\/v2\/tags?post=107968"},{"taxonomy":"technique","embeddable":true,"href":"https:\/\/www.iemj.org\/es\/wp-json\/wp\/v2\/technique?post=107968"},{"taxonomy":"squelettes","embeddable":true,"href":"https:\/\/www.iemj.org\/es\/wp-json\/wp\/v2\/squelettes?post=107968"},{"taxonomy":"sujet","embeddable":true,"href":"https:\/\/www.iemj.org\/es\/wp-json\/wp\/v2\/sujet?post=107968"},{"taxonomy":"formation","embeddable":true,"href":"https:\/\/www.iemj.org\/es\/wp-json\/wp\/v2\/formation?post=107968"},{"taxonomy":"genre","embeddable":true,"href":"https:\/\/www.iemj.org\/es\/wp-json\/wp\/v2\/genre?post=107968"},{"taxonomy":"fonds","embeddable":true,"href":"https:\/\/www.iemj.org\/es\/wp-json\/wp\/v2\/fonds?post=107968"},{"taxonomy":"tradition","embeddable":true,"href":"https:\/\/www.iemj.org\/es\/wp-json\/wp\/v2\/tradition?post=107968"},{"taxonomy":"type-de-contenu","embeddable":true,"href":"https:\/\/www.iemj.org\/es\/wp-json\/wp\/v2\/type-de-contenu?post=107968"},{"taxonomy":"interprete-compositeur","embeddable":true,"href":"https:\/\/www.iemj.org\/es\/wp-json\/wp\/v2\/interprete-compositeur?post=107968"},{"taxonomy":"frise","embeddable":true,"href":"https:\/\/www.iemj.org\/es\/wp-json\/wp\/v2\/frise?post=107968"},{"taxonomy":"type-devenement","embeddable":true,"href":"https:\/\/www.iemj.org\/es\/wp-json\/wp\/v2\/type-devenement?post=107968"},{"taxonomy":"tableaux-liens-externes","embeddable":true,"href":"https:\/\/www.iemj.org\/es\/wp-json\/wp\/v2\/tableaux-liens-externes?post=107968"}],"curies":[{"name":"wp","href":"https:\/\/api.w.org\/{rel}","templated":true}]}}