{"id":108069,"date":"2013-05-19T09:56:40","date_gmt":"2013-05-19T07:56:40","guid":{"rendered":"https:\/\/www.iemj.org\/le-passant-du-pont-de-leurope-charles-valentin-alkan-entre-tradition-et-modernite\/"},"modified":"2024-01-23T11:57:56","modified_gmt":"2024-01-23T10:57:56","slug":"le-passant-du-pont-de-leurope-charles-valentin-alkan-entre-tradition-et-modernite","status":"publish","type":"post","link":"https:\/\/www.iemj.org\/es\/le-passant-du-pont-de-leurope-charles-valentin-alkan-entre-tradition-et-modernite\/","title":{"rendered":"Le Passant du pont de l&#8217;Europe : Charles-Valentin Alkan, entre tradition et modernit\u00e9"},"content":{"rendered":"<p class=\"post_excerpt\">Editions Massoreth, 2013, 356 p.<\/p>\n<p><!--more--><\/p>\n<p>En abril de 1844, al d\u00eda siguiente de un recital muy aplaudido en el que \u00abentre todas las palmas, destacaban George Sand, Alexandre Dumas, Liszt, Chopin&#8230;\u00bb, La France musicale no ocultaba su entusiasmo: \u00abEl talento de Alkan ha explotado&#8230;. Alkan es nada menos que un artista genial\u00bb.<br \/>\nEn el festival Musica Intima de Lieja en 2012, el \u00fanico compositor del siglo XIX invitado a actuar junto a Cowell, Nancarrow y Cage, Alkan fue visto como &#8216;el primer \u00abmachinique\u00bb, el primer posmoderno&#8217;. Busoni lo consideraba, junto con Chopin, Schumann, Liszt y Brahms, uno de los cinco m\u00e1s grandes compositores para piano desde Beethoven.<\/p>\n<p>Charles Valentin Alkan (1813-1888), compositor, virtuoso y profesor, construy\u00f3 un mundo interior de lecturas cl\u00e1sicas, traducciones y estudio en profundidad de la Biblia, pues el texto b\u00edblico ten\u00eda para \u00e9l una importancia fundamental. Algunas de sus obras, vinculadas a su tradici\u00f3n jud\u00eda, parecen revelar un aut\u00e9ntico enfoque exeg\u00e9tico -similar al de Johann Sebastian Bach- que ofrece varios niveles de desciframiento. En el siglo XIX, cuando la idea de progreso, incluso en el \u00e1mbito religioso, habr\u00eda dejado obsoleto el mensaje transmitido por la tradici\u00f3n, Alkan eligi\u00f3 el \u00abcamino recto, sin flaquezas ni fracasos\u00bb, convirti\u00e9ndose, seg\u00fan Le Menestrel (abril de 1888), en \u00abun ejemplo y un modelo para todos aquellos que, como \u00e9l, sienten culto por lo bello, lo verdadero y lo bueno\u00bb. Al perseverar en su ser espiritual, permaneciendo al mismo tiempo abierto a las innovaciones de su \u00e9poca e incluso precedi\u00e9ndolas en el plano pian\u00edstico, Alkan est\u00e1 de actualidad, record\u00e1ndonos la importancia de transmitir los valores humanistas de una generaci\u00f3n a otra.<\/p>\n<p>(Extracto del libro de Anny Kessous Dreyfuss)<\/p>\n<p><a href=\"https:\/\/www.lalibrairie.com\/livres\/le-passant-du-pont-de-l-europe--charles-valentin-alkan--entre-tradition-et-modernite_0-1699715_9782911942174.html\" target=\"_blank\" rel=\"noopener\">Pedir el libro<\/a><br \/>\n<a href=\"https:\/\/www.iemj.org\/es\/alkan-charles-valentin-1813-1888\/\" target=\"_blank\" rel=\"noopener\">M\u00e1s informaci\u00f3n sobre Alkan<\/a><\/p>\n","protected":false},"excerpt":{"rendered":"<p>Editions Massoreth, 2013, 356 p.<\/p>\n","protected":false},"author":1045,"featured_media":108070,"comment_status":"closed","ping_status":"open","sticky":false,"template":"","format":"standard","meta":{"_acf_changed":false,"footnotes":""},"categories":[1577,1565],"tags":[],"technique":[],"squelettes":[],"sujet":[],"formation":[],"genre":[],"fonds":[],"tradition":[],"type-de-contenu":[],"interprete-compositeur":[3113],"frise":[],"type-devenement":[],"tableaux-liens-externes":[],"class_list":["post-108069","post","type-post","status-publish","format-standard","has-post-thumbnail","hentry","category-libros-articulos-es","category-ultimas-adquisiciones-es","interprete-compositeur-charles-valentin-alkan-es"],"acf":[],"yoast_head":"<!-- This site is optimized with the Yoast SEO plugin v27.3 - https:\/\/yoast.com\/product\/yoast-seo-wordpress\/ -->\n<title>Le Passant du pont de l&#039;Europe : Charles-Valentin Alkan, entre tradition et modernit\u00e9 - Institut Europ\u00e9en des Musiques Juives<\/title>\n<meta name=\"robots\" content=\"index, follow, max-snippet:-1, max-image-preview:large, max-video-preview:-1\" \/>\n<link rel=\"canonical\" href=\"https:\/\/www.iemj.org\/es\/le-passant-du-pont-de-leurope-charles-valentin-alkan-entre-tradition-et-modernite\/\" \/>\n<meta property=\"og:locale\" content=\"es_ES\" \/>\n<meta property=\"og:type\" content=\"article\" \/>\n<meta property=\"og:title\" content=\"Le Passant du pont de l&#039;Europe : Charles-Valentin Alkan, entre tradition et modernit\u00e9 - Institut Europ\u00e9en des Musiques Juives\" \/>\n<meta property=\"og:description\" content=\"Editions Massoreth, 2013, 356 p.\" \/>\n<meta property=\"og:url\" content=\"https:\/\/www.iemj.org\/es\/le-passant-du-pont-de-leurope-charles-valentin-alkan-entre-tradition-et-modernite\/\" \/>\n<meta property=\"og:site_name\" content=\"Institut Europ\u00e9en des Musiques Juives\" \/>\n<meta property=\"article:publisher\" content=\"https:\/\/www.facebook.com\/MusiquesJuives\/\" \/>\n<meta property=\"article:published_time\" content=\"2013-05-19T07:56:40+00:00\" \/>\n<meta property=\"article:modified_time\" content=\"2024-01-23T10:57:56+00:00\" \/>\n<meta property=\"og:image\" content=\"https:\/\/www.iemj.org\/wp-content\/uploads\/2013\/05\/arton697-e1619627048818.jpg\" \/>\n\t<meta property=\"og:image:width\" content=\"350\" \/>\n\t<meta property=\"og:image:height\" content=\"464\" \/>\n\t<meta property=\"og:image:type\" content=\"image\/jpeg\" \/>\n<meta name=\"author\" content=\"Herv\u00e9 Roten\" \/>\n<meta name=\"twitter:card\" content=\"summary_large_image\" \/>\n<meta name=\"twitter:label1\" content=\"Escrito por\" \/>\n\t<meta name=\"twitter:data1\" content=\"Herv\u00e9 Roten\" \/>\n\t<meta name=\"twitter:label2\" content=\"Tiempo de lectura\" \/>\n\t<meta name=\"twitter:data2\" content=\"2 minutos\" \/>\n<script type=\"application\/ld+json\" class=\"yoast-schema-graph\">{\"@context\":\"https:\\\/\\\/schema.org\",\"@graph\":[{\"@type\":\"Article\",\"@id\":\"https:\\\/\\\/www.iemj.org\\\/es\\\/le-passant-du-pont-de-leurope-charles-valentin-alkan-entre-tradition-et-modernite\\\/#article\",\"isPartOf\":{\"@id\":\"https:\\\/\\\/www.iemj.org\\\/es\\\/le-passant-du-pont-de-leurope-charles-valentin-alkan-entre-tradition-et-modernite\\\/\"},\"author\":{\"name\":\"Herv\u00e9 Roten\",\"@id\":\"https:\\\/\\\/www.iemj.org\\\/es\\\/#\\\/schema\\\/person\\\/906134402c29d5c76e7b726261dd4bbd\"},\"headline\":\"Le Passant du pont de l&#8217;Europe : Charles-Valentin Alkan, entre tradition et modernit\u00e9\",\"datePublished\":\"2013-05-19T07:56:40+00:00\",\"dateModified\":\"2024-01-23T10:57:56+00:00\",\"mainEntityOfPage\":{\"@id\":\"https:\\\/\\\/www.iemj.org\\\/es\\\/le-passant-du-pont-de-leurope-charles-valentin-alkan-entre-tradition-et-modernite\\\/\"},\"wordCount\":310,\"publisher\":{\"@id\":\"https:\\\/\\\/www.iemj.org\\\/es\\\/#organization\"},\"image\":{\"@id\":\"https:\\\/\\\/www.iemj.org\\\/es\\\/le-passant-du-pont-de-leurope-charles-valentin-alkan-entre-tradition-et-modernite\\\/#primaryimage\"},\"thumbnailUrl\":\"https:\\\/\\\/www.iemj.org\\\/wp-content\\\/uploads\\\/2013\\\/05\\\/arton697-e1619627048818.jpg\",\"articleSection\":[\"Libros, art\u00edculos\",\"\u00daltimas adquisiciones\"],\"inLanguage\":\"es\"},{\"@type\":\"WebPage\",\"@id\":\"https:\\\/\\\/www.iemj.org\\\/es\\\/le-passant-du-pont-de-leurope-charles-valentin-alkan-entre-tradition-et-modernite\\\/\",\"url\":\"https:\\\/\\\/www.iemj.org\\\/es\\\/le-passant-du-pont-de-leurope-charles-valentin-alkan-entre-tradition-et-modernite\\\/\",\"name\":\"Le Passant du pont de l'Europe : Charles-Valentin Alkan, entre tradition et modernit\u00e9 - Institut Europ\u00e9en des Musiques Juives\",\"isPartOf\":{\"@id\":\"https:\\\/\\\/www.iemj.org\\\/es\\\/#website\"},\"primaryImageOfPage\":{\"@id\":\"https:\\\/\\\/www.iemj.org\\\/es\\\/le-passant-du-pont-de-leurope-charles-valentin-alkan-entre-tradition-et-modernite\\\/#primaryimage\"},\"image\":{\"@id\":\"https:\\\/\\\/www.iemj.org\\\/es\\\/le-passant-du-pont-de-leurope-charles-valentin-alkan-entre-tradition-et-modernite\\\/#primaryimage\"},\"thumbnailUrl\":\"https:\\\/\\\/www.iemj.org\\\/wp-content\\\/uploads\\\/2013\\\/05\\\/arton697-e1619627048818.jpg\",\"datePublished\":\"2013-05-19T07:56:40+00:00\",\"dateModified\":\"2024-01-23T10:57:56+00:00\",\"breadcrumb\":{\"@id\":\"https:\\\/\\\/www.iemj.org\\\/es\\\/le-passant-du-pont-de-leurope-charles-valentin-alkan-entre-tradition-et-modernite\\\/#breadcrumb\"},\"inLanguage\":\"es\",\"potentialAction\":[{\"@type\":\"ReadAction\",\"target\":[\"https:\\\/\\\/www.iemj.org\\\/es\\\/le-passant-du-pont-de-leurope-charles-valentin-alkan-entre-tradition-et-modernite\\\/\"]}]},{\"@type\":\"ImageObject\",\"inLanguage\":\"es\",\"@id\":\"https:\\\/\\\/www.iemj.org\\\/es\\\/le-passant-du-pont-de-leurope-charles-valentin-alkan-entre-tradition-et-modernite\\\/#primaryimage\",\"url\":\"https:\\\/\\\/www.iemj.org\\\/wp-content\\\/uploads\\\/2013\\\/05\\\/arton697-e1619627048818.jpg\",\"contentUrl\":\"https:\\\/\\\/www.iemj.org\\\/wp-content\\\/uploads\\\/2013\\\/05\\\/arton697-e1619627048818.jpg\",\"width\":350,\"height\":464},{\"@type\":\"BreadcrumbList\",\"@id\":\"https:\\\/\\\/www.iemj.org\\\/es\\\/le-passant-du-pont-de-leurope-charles-valentin-alkan-entre-tradition-et-modernite\\\/#breadcrumb\",\"itemListElement\":[{\"@type\":\"ListItem\",\"position\":1,\"name\":\"Accueil\",\"item\":\"https:\\\/\\\/www.iemj.org\\\/es\\\/\"},{\"@type\":\"ListItem\",\"position\":2,\"name\":\"Le Passant du pont de l&rsquo;Europe : Charles-Valentin Alkan, entre tradition et modernit\u00e9\"}]},{\"@type\":\"WebSite\",\"@id\":\"https:\\\/\\\/www.iemj.org\\\/es\\\/#website\",\"url\":\"https:\\\/\\\/www.iemj.org\\\/es\\\/\",\"name\":\"Institut Europ\u00e9en des Musiques Juives\",\"description\":\"Des traditions musicales \u00e0 la port\u00e9e de tous\",\"publisher\":{\"@id\":\"https:\\\/\\\/www.iemj.org\\\/es\\\/#organization\"},\"potentialAction\":[{\"@type\":\"SearchAction\",\"target\":{\"@type\":\"EntryPoint\",\"urlTemplate\":\"https:\\\/\\\/www.iemj.org\\\/es\\\/?s={search_term_string}\"},\"query-input\":{\"@type\":\"PropertyValueSpecification\",\"valueRequired\":true,\"valueName\":\"search_term_string\"}}],\"inLanguage\":\"es\"},{\"@type\":\"Organization\",\"@id\":\"https:\\\/\\\/www.iemj.org\\\/es\\\/#organization\",\"name\":\"Institut Europ\u00e9en des Musiques Juives\",\"url\":\"https:\\\/\\\/www.iemj.org\\\/es\\\/\",\"logo\":{\"@type\":\"ImageObject\",\"inLanguage\":\"es\",\"@id\":\"https:\\\/\\\/www.iemj.org\\\/es\\\/#\\\/schema\\\/logo\\\/image\\\/\",\"url\":\"https:\\\/\\\/www.iemj.org\\\/wp-content\\\/uploads\\\/2021\\\/09\\\/Logo-IEMJ-Paypal.jpg\",\"contentUrl\":\"https:\\\/\\\/www.iemj.org\\\/wp-content\\\/uploads\\\/2021\\\/09\\\/Logo-IEMJ-Paypal.jpg\",\"width\":150,\"height\":50,\"caption\":\"Institut Europ\u00e9en des Musiques Juives\"},\"image\":{\"@id\":\"https:\\\/\\\/www.iemj.org\\\/es\\\/#\\\/schema\\\/logo\\\/image\\\/\"},\"sameAs\":[\"https:\\\/\\\/www.facebook.com\\\/MusiquesJuives\\\/\",\"https:\\\/\\\/www.instagram.com\\\/musiquesjuives\\\/\",\"https:\\\/\\\/www.youtube.com\\\/user\\\/musiquesjuives\"]},{\"@type\":\"Person\",\"@id\":\"https:\\\/\\\/www.iemj.org\\\/es\\\/#\\\/schema\\\/person\\\/906134402c29d5c76e7b726261dd4bbd\",\"name\":\"Herv\u00e9 Roten\",\"image\":{\"@type\":\"ImageObject\",\"inLanguage\":\"es\",\"@id\":\"https:\\\/\\\/secure.gravatar.com\\\/avatar\\\/f96ad2db538a26481f18384936b5cd0610c92d390c4dc382209216d455f685ff?s=96&d=mm&r=g\",\"url\":\"https:\\\/\\\/secure.gravatar.com\\\/avatar\\\/f96ad2db538a26481f18384936b5cd0610c92d390c4dc382209216d455f685ff?s=96&d=mm&r=g\",\"contentUrl\":\"https:\\\/\\\/secure.gravatar.com\\\/avatar\\\/f96ad2db538a26481f18384936b5cd0610c92d390c4dc382209216d455f685ff?s=96&d=mm&r=g\",\"caption\":\"Herv\u00e9 Roten\"}}]}<\/script>\n<!-- \/ Yoast SEO plugin. -->","yoast_head_json":{"title":"Le Passant du pont de l'Europe : Charles-Valentin Alkan, entre tradition et modernit\u00e9 - Institut Europ\u00e9en des Musiques Juives","robots":{"index":"index","follow":"follow","max-snippet":"max-snippet:-1","max-image-preview":"max-image-preview:large","max-video-preview":"max-video-preview:-1"},"canonical":"https:\/\/www.iemj.org\/es\/le-passant-du-pont-de-leurope-charles-valentin-alkan-entre-tradition-et-modernite\/","og_locale":"es_ES","og_type":"article","og_title":"Le Passant du pont de l'Europe : Charles-Valentin Alkan, entre tradition et modernit\u00e9 - Institut Europ\u00e9en des Musiques Juives","og_description":"Editions Massoreth, 2013, 356 p.","og_url":"https:\/\/www.iemj.org\/es\/le-passant-du-pont-de-leurope-charles-valentin-alkan-entre-tradition-et-modernite\/","og_site_name":"Institut Europ\u00e9en des Musiques Juives","article_publisher":"https:\/\/www.facebook.com\/MusiquesJuives\/","article_published_time":"2013-05-19T07:56:40+00:00","article_modified_time":"2024-01-23T10:57:56+00:00","og_image":[{"width":350,"height":464,"url":"https:\/\/www.iemj.org\/wp-content\/uploads\/2013\/05\/arton697-e1619627048818.jpg","type":"image\/jpeg"}],"author":"Herv\u00e9 Roten","twitter_card":"summary_large_image","twitter_misc":{"Escrito por":"Herv\u00e9 Roten","Tiempo de lectura":"2 minutos"},"schema":{"@context":"https:\/\/schema.org","@graph":[{"@type":"Article","@id":"https:\/\/www.iemj.org\/es\/le-passant-du-pont-de-leurope-charles-valentin-alkan-entre-tradition-et-modernite\/#article","isPartOf":{"@id":"https:\/\/www.iemj.org\/es\/le-passant-du-pont-de-leurope-charles-valentin-alkan-entre-tradition-et-modernite\/"},"author":{"name":"Herv\u00e9 Roten","@id":"https:\/\/www.iemj.org\/es\/#\/schema\/person\/906134402c29d5c76e7b726261dd4bbd"},"headline":"Le Passant du pont de l&#8217;Europe : Charles-Valentin Alkan, entre tradition et modernit\u00e9","datePublished":"2013-05-19T07:56:40+00:00","dateModified":"2024-01-23T10:57:56+00:00","mainEntityOfPage":{"@id":"https:\/\/www.iemj.org\/es\/le-passant-du-pont-de-leurope-charles-valentin-alkan-entre-tradition-et-modernite\/"},"wordCount":310,"publisher":{"@id":"https:\/\/www.iemj.org\/es\/#organization"},"image":{"@id":"https:\/\/www.iemj.org\/es\/le-passant-du-pont-de-leurope-charles-valentin-alkan-entre-tradition-et-modernite\/#primaryimage"},"thumbnailUrl":"https:\/\/www.iemj.org\/wp-content\/uploads\/2013\/05\/arton697-e1619627048818.jpg","articleSection":["Libros, art\u00edculos","\u00daltimas adquisiciones"],"inLanguage":"es"},{"@type":"WebPage","@id":"https:\/\/www.iemj.org\/es\/le-passant-du-pont-de-leurope-charles-valentin-alkan-entre-tradition-et-modernite\/","url":"https:\/\/www.iemj.org\/es\/le-passant-du-pont-de-leurope-charles-valentin-alkan-entre-tradition-et-modernite\/","name":"Le Passant du pont de l'Europe : Charles-Valentin Alkan, entre tradition et modernit\u00e9 - Institut Europ\u00e9en des Musiques Juives","isPartOf":{"@id":"https:\/\/www.iemj.org\/es\/#website"},"primaryImageOfPage":{"@id":"https:\/\/www.iemj.org\/es\/le-passant-du-pont-de-leurope-charles-valentin-alkan-entre-tradition-et-modernite\/#primaryimage"},"image":{"@id":"https:\/\/www.iemj.org\/es\/le-passant-du-pont-de-leurope-charles-valentin-alkan-entre-tradition-et-modernite\/#primaryimage"},"thumbnailUrl":"https:\/\/www.iemj.org\/wp-content\/uploads\/2013\/05\/arton697-e1619627048818.jpg","datePublished":"2013-05-19T07:56:40+00:00","dateModified":"2024-01-23T10:57:56+00:00","breadcrumb":{"@id":"https:\/\/www.iemj.org\/es\/le-passant-du-pont-de-leurope-charles-valentin-alkan-entre-tradition-et-modernite\/#breadcrumb"},"inLanguage":"es","potentialAction":[{"@type":"ReadAction","target":["https:\/\/www.iemj.org\/es\/le-passant-du-pont-de-leurope-charles-valentin-alkan-entre-tradition-et-modernite\/"]}]},{"@type":"ImageObject","inLanguage":"es","@id":"https:\/\/www.iemj.org\/es\/le-passant-du-pont-de-leurope-charles-valentin-alkan-entre-tradition-et-modernite\/#primaryimage","url":"https:\/\/www.iemj.org\/wp-content\/uploads\/2013\/05\/arton697-e1619627048818.jpg","contentUrl":"https:\/\/www.iemj.org\/wp-content\/uploads\/2013\/05\/arton697-e1619627048818.jpg","width":350,"height":464},{"@type":"BreadcrumbList","@id":"https:\/\/www.iemj.org\/es\/le-passant-du-pont-de-leurope-charles-valentin-alkan-entre-tradition-et-modernite\/#breadcrumb","itemListElement":[{"@type":"ListItem","position":1,"name":"Accueil","item":"https:\/\/www.iemj.org\/es\/"},{"@type":"ListItem","position":2,"name":"Le Passant du pont de l&rsquo;Europe : Charles-Valentin Alkan, entre tradition et modernit\u00e9"}]},{"@type":"WebSite","@id":"https:\/\/www.iemj.org\/es\/#website","url":"https:\/\/www.iemj.org\/es\/","name":"Institut Europ\u00e9en des Musiques Juives","description":"Des traditions musicales \u00e0 la port\u00e9e de tous","publisher":{"@id":"https:\/\/www.iemj.org\/es\/#organization"},"potentialAction":[{"@type":"SearchAction","target":{"@type":"EntryPoint","urlTemplate":"https:\/\/www.iemj.org\/es\/?s={search_term_string}"},"query-input":{"@type":"PropertyValueSpecification","valueRequired":true,"valueName":"search_term_string"}}],"inLanguage":"es"},{"@type":"Organization","@id":"https:\/\/www.iemj.org\/es\/#organization","name":"Institut Europ\u00e9en des Musiques Juives","url":"https:\/\/www.iemj.org\/es\/","logo":{"@type":"ImageObject","inLanguage":"es","@id":"https:\/\/www.iemj.org\/es\/#\/schema\/logo\/image\/","url":"https:\/\/www.iemj.org\/wp-content\/uploads\/2021\/09\/Logo-IEMJ-Paypal.jpg","contentUrl":"https:\/\/www.iemj.org\/wp-content\/uploads\/2021\/09\/Logo-IEMJ-Paypal.jpg","width":150,"height":50,"caption":"Institut Europ\u00e9en des Musiques Juives"},"image":{"@id":"https:\/\/www.iemj.org\/es\/#\/schema\/logo\/image\/"},"sameAs":["https:\/\/www.facebook.com\/MusiquesJuives\/","https:\/\/www.instagram.com\/musiquesjuives\/","https:\/\/www.youtube.com\/user\/musiquesjuives"]},{"@type":"Person","@id":"https:\/\/www.iemj.org\/es\/#\/schema\/person\/906134402c29d5c76e7b726261dd4bbd","name":"Herv\u00e9 Roten","image":{"@type":"ImageObject","inLanguage":"es","@id":"https:\/\/secure.gravatar.com\/avatar\/f96ad2db538a26481f18384936b5cd0610c92d390c4dc382209216d455f685ff?s=96&d=mm&r=g","url":"https:\/\/secure.gravatar.com\/avatar\/f96ad2db538a26481f18384936b5cd0610c92d390c4dc382209216d455f685ff?s=96&d=mm&r=g","contentUrl":"https:\/\/secure.gravatar.com\/avatar\/f96ad2db538a26481f18384936b5cd0610c92d390c4dc382209216d455f685ff?s=96&d=mm&r=g","caption":"Herv\u00e9 Roten"}}]}},"_links":{"self":[{"href":"https:\/\/www.iemj.org\/es\/wp-json\/wp\/v2\/posts\/108069","targetHints":{"allow":["GET"]}}],"collection":[{"href":"https:\/\/www.iemj.org\/es\/wp-json\/wp\/v2\/posts"}],"about":[{"href":"https:\/\/www.iemj.org\/es\/wp-json\/wp\/v2\/types\/post"}],"author":[{"embeddable":true,"href":"https:\/\/www.iemj.org\/es\/wp-json\/wp\/v2\/users\/1045"}],"replies":[{"embeddable":true,"href":"https:\/\/www.iemj.org\/es\/wp-json\/wp\/v2\/comments?post=108069"}],"version-history":[{"count":0,"href":"https:\/\/www.iemj.org\/es\/wp-json\/wp\/v2\/posts\/108069\/revisions"}],"wp:featuredmedia":[{"embeddable":true,"href":"https:\/\/www.iemj.org\/es\/wp-json\/wp\/v2\/media\/108070"}],"wp:attachment":[{"href":"https:\/\/www.iemj.org\/es\/wp-json\/wp\/v2\/media?parent=108069"}],"wp:term":[{"taxonomy":"category","embeddable":true,"href":"https:\/\/www.iemj.org\/es\/wp-json\/wp\/v2\/categories?post=108069"},{"taxonomy":"post_tag","embeddable":true,"href":"https:\/\/www.iemj.org\/es\/wp-json\/wp\/v2\/tags?post=108069"},{"taxonomy":"technique","embeddable":true,"href":"https:\/\/www.iemj.org\/es\/wp-json\/wp\/v2\/technique?post=108069"},{"taxonomy":"squelettes","embeddable":true,"href":"https:\/\/www.iemj.org\/es\/wp-json\/wp\/v2\/squelettes?post=108069"},{"taxonomy":"sujet","embeddable":true,"href":"https:\/\/www.iemj.org\/es\/wp-json\/wp\/v2\/sujet?post=108069"},{"taxonomy":"formation","embeddable":true,"href":"https:\/\/www.iemj.org\/es\/wp-json\/wp\/v2\/formation?post=108069"},{"taxonomy":"genre","embeddable":true,"href":"https:\/\/www.iemj.org\/es\/wp-json\/wp\/v2\/genre?post=108069"},{"taxonomy":"fonds","embeddable":true,"href":"https:\/\/www.iemj.org\/es\/wp-json\/wp\/v2\/fonds?post=108069"},{"taxonomy":"tradition","embeddable":true,"href":"https:\/\/www.iemj.org\/es\/wp-json\/wp\/v2\/tradition?post=108069"},{"taxonomy":"type-de-contenu","embeddable":true,"href":"https:\/\/www.iemj.org\/es\/wp-json\/wp\/v2\/type-de-contenu?post=108069"},{"taxonomy":"interprete-compositeur","embeddable":true,"href":"https:\/\/www.iemj.org\/es\/wp-json\/wp\/v2\/interprete-compositeur?post=108069"},{"taxonomy":"frise","embeddable":true,"href":"https:\/\/www.iemj.org\/es\/wp-json\/wp\/v2\/frise?post=108069"},{"taxonomy":"type-devenement","embeddable":true,"href":"https:\/\/www.iemj.org\/es\/wp-json\/wp\/v2\/type-devenement?post=108069"},{"taxonomy":"tableaux-liens-externes","embeddable":true,"href":"https:\/\/www.iemj.org\/es\/wp-json\/wp\/v2\/tableaux-liens-externes?post=108069"}],"curies":[{"name":"wp","href":"https:\/\/api.w.org\/{rel}","templated":true}]}}