{"id":108092,"date":"2012-11-27T15:13:03","date_gmt":"2012-11-27T14:13:03","guid":{"rendered":"https:\/\/www.iemj.org\/les-juifs-diran-a-travers-leurs-musiciens\/"},"modified":"2024-01-23T12:41:26","modified_gmt":"2024-01-23T11:41:26","slug":"les-juifs-diran-a-travers-leurs-musiciens","status":"publish","type":"post","link":"https:\/\/www.iemj.org\/es\/les-juifs-diran-a-travers-leurs-musiciens\/","title":{"rendered":"Les Juifs d&#8217;Iran \u00e0 travers leurs musiciens"},"content":{"rendered":"<p class=\"post_excerpt\"><strong>Editions l&#8217;Harmattan, 2012, 370 p.<\/strong><\/p>\n<p><!--more--><\/p>\n<p>En Ir\u00e1n, los jud\u00edos han tenido un destino especial, una larga historia que ha durado m\u00e1s de 2.700 a\u00f1os en este pa\u00eds. Han vivido tiempos dif\u00edciles y sufrido persecuciones. Las dificultades a las que se enfrentaron los jud\u00edos tardar\u00edan mucho tiempo en desaparecer. Hubo que esperar a la ayuda de los dirigentes europeos y a la apertura de las escuelas de la Alliance Isra\u00e9lite Universelle en 1898 para que la persecuci\u00f3n remitiera lentamente.<\/p>\n<p>A pesar de todo, los jud\u00edos vivieron momentos de angustia y preocupaci\u00f3n, y su destino podr\u00eda haber cambiado con la Segunda Guerra Mundial y la amenaza del nazismo. Afortunadamente para ellos, el ej\u00e9rcito alem\u00e1n no lleg\u00f3 a Ir\u00e1n. La creaci\u00f3n del Estado de Israel provoc\u00f3 una violenta reacci\u00f3n de hostilidad en el mundo \u00e1rabe. Por otra parte, el Estado iran\u00ed y el joven Estado hebreo sellaron una alianza militar y pol\u00edtico-econ\u00f3mica tras su proclamaci\u00f3n en 1948.<\/p>\n<p>Y a partir de los a\u00f1os sesenta, las relaciones que Mohammad Rez\u00e2 Sh\u00e2h hab\u00eda establecido con Occidente aportaron dinamismo econ\u00f3mico a Ir\u00e1n. La Revoluci\u00f3n Isl\u00e1mica de 1979 supuso una ruptura total con la pol\u00edtica anterior. El Ir\u00e1n isl\u00e1mico rompi\u00f3 bruscamente todo contacto con el \u00abEstado sionista\u00bb y no le concedi\u00f3 ninguna legitimidad pol\u00edtica. Sin embargo, lo m\u00e1s importante es recordar que, al parecer, en Ir\u00e1n los jud\u00edos se sienten ante todo iran\u00edes y afirman su apego a la cultura iran\u00ed.<\/p>\n<p>Son iran\u00edes e Ir\u00e1n es su patria. Pero saben que viven en un pa\u00eds musulm\u00e1n, que la Constituci\u00f3n iran\u00ed los reconoce oficialmente como a las dem\u00e1s minor\u00edas desde 1906, que pueden practicar su religi\u00f3n libremente, pero que no deben transgredir las normas que se les imponen. Son iran\u00edes y obedecen las leyes del pa\u00eds. Todo esto significa que Ir\u00e1n cuenta con la mayor comunidad jud\u00eda de Oriente Pr\u00f3ximo.<\/p>\n<p>Los jud\u00edos iran\u00edes amaban y tocaban la misma m\u00fasica que los dem\u00e1s iran\u00edes, y con el mismo placer. Adoptaban los modos de la m\u00fasica persa en sus cantos religiosos. Existen pocos documentos escritos sobre la historia de los jud\u00edos de Ir\u00e1n. Se sabe poco sobre su comunidad y sus condiciones de vida cotidianas. Esta investigaci\u00f3n ha intentado aportar algunas pistas sobre este mundo poco conocido.<\/p>\n<p><a href=\"https:\/\/www.editions-harmattan.fr\/index.asp?navig=auteurs&amp;obj=artiste&amp;no=12635\" target=\"_blank\" rel=\"noopener\">Alain Chaoulli<\/a> est l&#8217;un des principaux sp\u00e9cialistes de la culture juive en monde iranien. Il est titulaire d&#8217;un dipl\u00f4me de l&#8217;Ecole des Hautes Etudes en Sciences Sociales et d&#8217;un dipl\u00f4me de docteur de l&#8217;Universit\u00e9 de la Sorbonne nouvelle. Il est l&#8217;auteur de plusieurs publications sur l&#8217;histoire des Juifs en Iran, dont <em>La Deuxi\u00e8me Guerre mondiale et la communaut\u00e9 juive en Iran face au nazisme<\/em>, <em>Les traditions musicales juives<\/em>, <em>Les tapis persans et les Juifs<\/em> et <em>Les musiciens juifs en Iran aux XIXe et XXe si\u00e8cles<\/em> (L&#8217;Harmattan).<\/p>\n<p><a href=\"https:\/\/www.editions-harmattan.fr\/index.asp?navig=auteurs&amp;obj=artiste&amp;no=12635\" target=\"_blank\" rel=\"noopener\">Alain Chaoulli<\/a> es uno de los principales especialistas en cultura jud\u00eda del mundo iran\u00ed. Es licenciado por la Escuela de Altos Estudios en Ciencias Sociales y doctor por la Universidad de la Sorbona Nueva. Es autor de varias publicaciones sobre la historia de los jud\u00edos en Ir\u00e1n, entre ellas <em>La Deuxi\u00e8me Guerre mondiale et la communaut\u00e9 juive en Iran face au nazisme<\/em>, <em>Les traditions musicales juives<\/em>, <em>Les tapis persans et les Juifs<\/em> y <em>Les musiciens juifs en Iran aux XIXe et XXe si\u00e8cles<\/em> (L&#8217;Harmattan).<\/p>\n<p><a href=\"https:\/\/www.iemj.org\/wp-content\/uploads\/2012\/11\/couverture-juifs_d_iran-.pdf\" target=\"_blank\" rel=\"noopener\">Portada y 4\u00aa portada del libro de Alain Chaoulli<\/a><\/p>\n<p><a href=\"https:\/\/www.editions-harmattan.fr\/index.asp?navig=catalogue&amp;obj=livre&amp;no=37036\" target=\"_blank\" rel=\"noopener\">Pedir el libro<\/a><\/p>\n","protected":false},"excerpt":{"rendered":"<p>Editions l&#8217;Harmattan, 2012, 370 p.<\/p>\n","protected":false},"author":1045,"featured_media":38810,"comment_status":"closed","ping_status":"open","sticky":false,"template":"","format":"standard","meta":{"_acf_changed":false,"footnotes":""},"categories":[1577,1565],"tags":[],"technique":[],"squelettes":[],"sujet":[],"formation":[],"genre":[],"fonds":[],"tradition":[],"type-de-contenu":[],"interprete-compositeur":[],"frise":[],"type-devenement":[],"tableaux-liens-externes":[],"class_list":["post-108092","post","type-post","status-publish","format-standard","has-post-thumbnail","hentry","category-libros-articulos-es","category-ultimas-adquisiciones-es"],"acf":[],"yoast_head":"<!-- This site is optimized with the Yoast SEO plugin v27.3 - https:\/\/yoast.com\/product\/yoast-seo-wordpress\/ -->\n<title>Les Juifs d&#039;Iran \u00e0 travers leurs musiciens - Institut Europ\u00e9en des Musiques Juives<\/title>\n<meta name=\"robots\" content=\"index, follow, max-snippet:-1, max-image-preview:large, max-video-preview:-1\" \/>\n<link rel=\"canonical\" href=\"https:\/\/www.iemj.org\/es\/les-juifs-diran-a-travers-leurs-musiciens\/\" \/>\n<meta property=\"og:locale\" content=\"es_ES\" \/>\n<meta property=\"og:type\" content=\"article\" \/>\n<meta property=\"og:title\" content=\"Les Juifs d&#039;Iran \u00e0 travers leurs musiciens - Institut Europ\u00e9en des Musiques Juives\" \/>\n<meta property=\"og:description\" content=\"Editions l&#8217;Harmattan, 2012, 370 p.\" \/>\n<meta property=\"og:url\" content=\"https:\/\/www.iemj.org\/es\/les-juifs-diran-a-travers-leurs-musiciens\/\" \/>\n<meta property=\"og:site_name\" content=\"Institut Europ\u00e9en des Musiques Juives\" \/>\n<meta property=\"article:publisher\" content=\"https:\/\/www.facebook.com\/MusiquesJuives\/\" \/>\n<meta property=\"article:published_time\" content=\"2012-11-27T14:13:03+00:00\" \/>\n<meta property=\"article:modified_time\" content=\"2024-01-23T11:41:26+00:00\" \/>\n<meta property=\"og:image\" content=\"https:\/\/www.iemj.org\/wp-content\/uploads\/2012\/11\/Les-juifs-dIran_Chaoulli_COUV-e1619716300391.jpg\" \/>\n\t<meta property=\"og:image:width\" content=\"1249\" \/>\n\t<meta property=\"og:image:height\" content=\"1864\" \/>\n\t<meta property=\"og:image:type\" content=\"image\/jpeg\" \/>\n<meta name=\"author\" content=\"Herv\u00e9 Roten\" \/>\n<meta name=\"twitter:card\" content=\"summary_large_image\" \/>\n<meta name=\"twitter:label1\" content=\"Escrito por\" \/>\n\t<meta name=\"twitter:data1\" content=\"Herv\u00e9 Roten\" \/>\n\t<meta name=\"twitter:label2\" content=\"Tiempo de lectura\" \/>\n\t<meta name=\"twitter:data2\" content=\"4 minutos\" \/>\n<script type=\"application\/ld+json\" class=\"yoast-schema-graph\">{\"@context\":\"https:\\\/\\\/schema.org\",\"@graph\":[{\"@type\":\"Article\",\"@id\":\"https:\\\/\\\/www.iemj.org\\\/es\\\/les-juifs-diran-a-travers-leurs-musiciens\\\/#article\",\"isPartOf\":{\"@id\":\"https:\\\/\\\/www.iemj.org\\\/es\\\/les-juifs-diran-a-travers-leurs-musiciens\\\/\"},\"author\":{\"name\":\"Herv\u00e9 Roten\",\"@id\":\"https:\\\/\\\/www.iemj.org\\\/es\\\/#\\\/schema\\\/person\\\/906134402c29d5c76e7b726261dd4bbd\"},\"headline\":\"Les Juifs d&#8217;Iran \u00e0 travers leurs musiciens\",\"datePublished\":\"2012-11-27T14:13:03+00:00\",\"dateModified\":\"2024-01-23T11:41:26+00:00\",\"mainEntityOfPage\":{\"@id\":\"https:\\\/\\\/www.iemj.org\\\/es\\\/les-juifs-diran-a-travers-leurs-musiciens\\\/\"},\"wordCount\":626,\"publisher\":{\"@id\":\"https:\\\/\\\/www.iemj.org\\\/es\\\/#organization\"},\"image\":{\"@id\":\"https:\\\/\\\/www.iemj.org\\\/es\\\/les-juifs-diran-a-travers-leurs-musiciens\\\/#primaryimage\"},\"thumbnailUrl\":\"https:\\\/\\\/www.iemj.org\\\/wp-content\\\/uploads\\\/2012\\\/11\\\/Les-juifs-dIran_Chaoulli_COUV-e1619716300391.jpg\",\"articleSection\":[\"Libros, art\u00edculos\",\"\u00daltimas adquisiciones\"],\"inLanguage\":\"es\"},{\"@type\":\"WebPage\",\"@id\":\"https:\\\/\\\/www.iemj.org\\\/es\\\/les-juifs-diran-a-travers-leurs-musiciens\\\/\",\"url\":\"https:\\\/\\\/www.iemj.org\\\/es\\\/les-juifs-diran-a-travers-leurs-musiciens\\\/\",\"name\":\"Les Juifs d'Iran \u00e0 travers leurs musiciens - Institut Europ\u00e9en des Musiques Juives\",\"isPartOf\":{\"@id\":\"https:\\\/\\\/www.iemj.org\\\/es\\\/#website\"},\"primaryImageOfPage\":{\"@id\":\"https:\\\/\\\/www.iemj.org\\\/es\\\/les-juifs-diran-a-travers-leurs-musiciens\\\/#primaryimage\"},\"image\":{\"@id\":\"https:\\\/\\\/www.iemj.org\\\/es\\\/les-juifs-diran-a-travers-leurs-musiciens\\\/#primaryimage\"},\"thumbnailUrl\":\"https:\\\/\\\/www.iemj.org\\\/wp-content\\\/uploads\\\/2012\\\/11\\\/Les-juifs-dIran_Chaoulli_COUV-e1619716300391.jpg\",\"datePublished\":\"2012-11-27T14:13:03+00:00\",\"dateModified\":\"2024-01-23T11:41:26+00:00\",\"breadcrumb\":{\"@id\":\"https:\\\/\\\/www.iemj.org\\\/es\\\/les-juifs-diran-a-travers-leurs-musiciens\\\/#breadcrumb\"},\"inLanguage\":\"es\",\"potentialAction\":[{\"@type\":\"ReadAction\",\"target\":[\"https:\\\/\\\/www.iemj.org\\\/es\\\/les-juifs-diran-a-travers-leurs-musiciens\\\/\"]}]},{\"@type\":\"ImageObject\",\"inLanguage\":\"es\",\"@id\":\"https:\\\/\\\/www.iemj.org\\\/es\\\/les-juifs-diran-a-travers-leurs-musiciens\\\/#primaryimage\",\"url\":\"https:\\\/\\\/www.iemj.org\\\/wp-content\\\/uploads\\\/2012\\\/11\\\/Les-juifs-dIran_Chaoulli_COUV-e1619716300391.jpg\",\"contentUrl\":\"https:\\\/\\\/www.iemj.org\\\/wp-content\\\/uploads\\\/2012\\\/11\\\/Les-juifs-dIran_Chaoulli_COUV-e1619716300391.jpg\",\"width\":1249,\"height\":1864},{\"@type\":\"BreadcrumbList\",\"@id\":\"https:\\\/\\\/www.iemj.org\\\/es\\\/les-juifs-diran-a-travers-leurs-musiciens\\\/#breadcrumb\",\"itemListElement\":[{\"@type\":\"ListItem\",\"position\":1,\"name\":\"Accueil\",\"item\":\"https:\\\/\\\/www.iemj.org\\\/es\\\/\"},{\"@type\":\"ListItem\",\"position\":2,\"name\":\"Les Juifs d&rsquo;Iran \u00e0 travers leurs musiciens\"}]},{\"@type\":\"WebSite\",\"@id\":\"https:\\\/\\\/www.iemj.org\\\/es\\\/#website\",\"url\":\"https:\\\/\\\/www.iemj.org\\\/es\\\/\",\"name\":\"Institut Europ\u00e9en des Musiques Juives\",\"description\":\"Des traditions musicales \u00e0 la port\u00e9e de tous\",\"publisher\":{\"@id\":\"https:\\\/\\\/www.iemj.org\\\/es\\\/#organization\"},\"potentialAction\":[{\"@type\":\"SearchAction\",\"target\":{\"@type\":\"EntryPoint\",\"urlTemplate\":\"https:\\\/\\\/www.iemj.org\\\/es\\\/?s={search_term_string}\"},\"query-input\":{\"@type\":\"PropertyValueSpecification\",\"valueRequired\":true,\"valueName\":\"search_term_string\"}}],\"inLanguage\":\"es\"},{\"@type\":\"Organization\",\"@id\":\"https:\\\/\\\/www.iemj.org\\\/es\\\/#organization\",\"name\":\"Institut Europ\u00e9en des Musiques Juives\",\"url\":\"https:\\\/\\\/www.iemj.org\\\/es\\\/\",\"logo\":{\"@type\":\"ImageObject\",\"inLanguage\":\"es\",\"@id\":\"https:\\\/\\\/www.iemj.org\\\/es\\\/#\\\/schema\\\/logo\\\/image\\\/\",\"url\":\"https:\\\/\\\/www.iemj.org\\\/wp-content\\\/uploads\\\/2021\\\/09\\\/Logo-IEMJ-Paypal.jpg\",\"contentUrl\":\"https:\\\/\\\/www.iemj.org\\\/wp-content\\\/uploads\\\/2021\\\/09\\\/Logo-IEMJ-Paypal.jpg\",\"width\":150,\"height\":50,\"caption\":\"Institut Europ\u00e9en des Musiques Juives\"},\"image\":{\"@id\":\"https:\\\/\\\/www.iemj.org\\\/es\\\/#\\\/schema\\\/logo\\\/image\\\/\"},\"sameAs\":[\"https:\\\/\\\/www.facebook.com\\\/MusiquesJuives\\\/\",\"https:\\\/\\\/www.instagram.com\\\/musiquesjuives\\\/\",\"https:\\\/\\\/www.youtube.com\\\/user\\\/musiquesjuives\"]},{\"@type\":\"Person\",\"@id\":\"https:\\\/\\\/www.iemj.org\\\/es\\\/#\\\/schema\\\/person\\\/906134402c29d5c76e7b726261dd4bbd\",\"name\":\"Herv\u00e9 Roten\",\"image\":{\"@type\":\"ImageObject\",\"inLanguage\":\"es\",\"@id\":\"https:\\\/\\\/secure.gravatar.com\\\/avatar\\\/f96ad2db538a26481f18384936b5cd0610c92d390c4dc382209216d455f685ff?s=96&d=mm&r=g\",\"url\":\"https:\\\/\\\/secure.gravatar.com\\\/avatar\\\/f96ad2db538a26481f18384936b5cd0610c92d390c4dc382209216d455f685ff?s=96&d=mm&r=g\",\"contentUrl\":\"https:\\\/\\\/secure.gravatar.com\\\/avatar\\\/f96ad2db538a26481f18384936b5cd0610c92d390c4dc382209216d455f685ff?s=96&d=mm&r=g\",\"caption\":\"Herv\u00e9 Roten\"}}]}<\/script>\n<!-- \/ Yoast SEO plugin. -->","yoast_head_json":{"title":"Les Juifs d'Iran \u00e0 travers leurs musiciens - Institut Europ\u00e9en des Musiques Juives","robots":{"index":"index","follow":"follow","max-snippet":"max-snippet:-1","max-image-preview":"max-image-preview:large","max-video-preview":"max-video-preview:-1"},"canonical":"https:\/\/www.iemj.org\/es\/les-juifs-diran-a-travers-leurs-musiciens\/","og_locale":"es_ES","og_type":"article","og_title":"Les Juifs d'Iran \u00e0 travers leurs musiciens - Institut Europ\u00e9en des Musiques Juives","og_description":"Editions l&#8217;Harmattan, 2012, 370 p.","og_url":"https:\/\/www.iemj.org\/es\/les-juifs-diran-a-travers-leurs-musiciens\/","og_site_name":"Institut Europ\u00e9en des Musiques Juives","article_publisher":"https:\/\/www.facebook.com\/MusiquesJuives\/","article_published_time":"2012-11-27T14:13:03+00:00","article_modified_time":"2024-01-23T11:41:26+00:00","og_image":[{"width":1249,"height":1864,"url":"https:\/\/www.iemj.org\/wp-content\/uploads\/2012\/11\/Les-juifs-dIran_Chaoulli_COUV-e1619716300391.jpg","type":"image\/jpeg"}],"author":"Herv\u00e9 Roten","twitter_card":"summary_large_image","twitter_misc":{"Escrito por":"Herv\u00e9 Roten","Tiempo de lectura":"4 minutos"},"schema":{"@context":"https:\/\/schema.org","@graph":[{"@type":"Article","@id":"https:\/\/www.iemj.org\/es\/les-juifs-diran-a-travers-leurs-musiciens\/#article","isPartOf":{"@id":"https:\/\/www.iemj.org\/es\/les-juifs-diran-a-travers-leurs-musiciens\/"},"author":{"name":"Herv\u00e9 Roten","@id":"https:\/\/www.iemj.org\/es\/#\/schema\/person\/906134402c29d5c76e7b726261dd4bbd"},"headline":"Les Juifs d&#8217;Iran \u00e0 travers leurs musiciens","datePublished":"2012-11-27T14:13:03+00:00","dateModified":"2024-01-23T11:41:26+00:00","mainEntityOfPage":{"@id":"https:\/\/www.iemj.org\/es\/les-juifs-diran-a-travers-leurs-musiciens\/"},"wordCount":626,"publisher":{"@id":"https:\/\/www.iemj.org\/es\/#organization"},"image":{"@id":"https:\/\/www.iemj.org\/es\/les-juifs-diran-a-travers-leurs-musiciens\/#primaryimage"},"thumbnailUrl":"https:\/\/www.iemj.org\/wp-content\/uploads\/2012\/11\/Les-juifs-dIran_Chaoulli_COUV-e1619716300391.jpg","articleSection":["Libros, art\u00edculos","\u00daltimas adquisiciones"],"inLanguage":"es"},{"@type":"WebPage","@id":"https:\/\/www.iemj.org\/es\/les-juifs-diran-a-travers-leurs-musiciens\/","url":"https:\/\/www.iemj.org\/es\/les-juifs-diran-a-travers-leurs-musiciens\/","name":"Les Juifs d'Iran \u00e0 travers leurs musiciens - Institut Europ\u00e9en des Musiques Juives","isPartOf":{"@id":"https:\/\/www.iemj.org\/es\/#website"},"primaryImageOfPage":{"@id":"https:\/\/www.iemj.org\/es\/les-juifs-diran-a-travers-leurs-musiciens\/#primaryimage"},"image":{"@id":"https:\/\/www.iemj.org\/es\/les-juifs-diran-a-travers-leurs-musiciens\/#primaryimage"},"thumbnailUrl":"https:\/\/www.iemj.org\/wp-content\/uploads\/2012\/11\/Les-juifs-dIran_Chaoulli_COUV-e1619716300391.jpg","datePublished":"2012-11-27T14:13:03+00:00","dateModified":"2024-01-23T11:41:26+00:00","breadcrumb":{"@id":"https:\/\/www.iemj.org\/es\/les-juifs-diran-a-travers-leurs-musiciens\/#breadcrumb"},"inLanguage":"es","potentialAction":[{"@type":"ReadAction","target":["https:\/\/www.iemj.org\/es\/les-juifs-diran-a-travers-leurs-musiciens\/"]}]},{"@type":"ImageObject","inLanguage":"es","@id":"https:\/\/www.iemj.org\/es\/les-juifs-diran-a-travers-leurs-musiciens\/#primaryimage","url":"https:\/\/www.iemj.org\/wp-content\/uploads\/2012\/11\/Les-juifs-dIran_Chaoulli_COUV-e1619716300391.jpg","contentUrl":"https:\/\/www.iemj.org\/wp-content\/uploads\/2012\/11\/Les-juifs-dIran_Chaoulli_COUV-e1619716300391.jpg","width":1249,"height":1864},{"@type":"BreadcrumbList","@id":"https:\/\/www.iemj.org\/es\/les-juifs-diran-a-travers-leurs-musiciens\/#breadcrumb","itemListElement":[{"@type":"ListItem","position":1,"name":"Accueil","item":"https:\/\/www.iemj.org\/es\/"},{"@type":"ListItem","position":2,"name":"Les Juifs d&rsquo;Iran \u00e0 travers leurs musiciens"}]},{"@type":"WebSite","@id":"https:\/\/www.iemj.org\/es\/#website","url":"https:\/\/www.iemj.org\/es\/","name":"Institut Europ\u00e9en des Musiques Juives","description":"Des traditions musicales \u00e0 la port\u00e9e de tous","publisher":{"@id":"https:\/\/www.iemj.org\/es\/#organization"},"potentialAction":[{"@type":"SearchAction","target":{"@type":"EntryPoint","urlTemplate":"https:\/\/www.iemj.org\/es\/?s={search_term_string}"},"query-input":{"@type":"PropertyValueSpecification","valueRequired":true,"valueName":"search_term_string"}}],"inLanguage":"es"},{"@type":"Organization","@id":"https:\/\/www.iemj.org\/es\/#organization","name":"Institut Europ\u00e9en des Musiques Juives","url":"https:\/\/www.iemj.org\/es\/","logo":{"@type":"ImageObject","inLanguage":"es","@id":"https:\/\/www.iemj.org\/es\/#\/schema\/logo\/image\/","url":"https:\/\/www.iemj.org\/wp-content\/uploads\/2021\/09\/Logo-IEMJ-Paypal.jpg","contentUrl":"https:\/\/www.iemj.org\/wp-content\/uploads\/2021\/09\/Logo-IEMJ-Paypal.jpg","width":150,"height":50,"caption":"Institut Europ\u00e9en des Musiques Juives"},"image":{"@id":"https:\/\/www.iemj.org\/es\/#\/schema\/logo\/image\/"},"sameAs":["https:\/\/www.facebook.com\/MusiquesJuives\/","https:\/\/www.instagram.com\/musiquesjuives\/","https:\/\/www.youtube.com\/user\/musiquesjuives"]},{"@type":"Person","@id":"https:\/\/www.iemj.org\/es\/#\/schema\/person\/906134402c29d5c76e7b726261dd4bbd","name":"Herv\u00e9 Roten","image":{"@type":"ImageObject","inLanguage":"es","@id":"https:\/\/secure.gravatar.com\/avatar\/f96ad2db538a26481f18384936b5cd0610c92d390c4dc382209216d455f685ff?s=96&d=mm&r=g","url":"https:\/\/secure.gravatar.com\/avatar\/f96ad2db538a26481f18384936b5cd0610c92d390c4dc382209216d455f685ff?s=96&d=mm&r=g","contentUrl":"https:\/\/secure.gravatar.com\/avatar\/f96ad2db538a26481f18384936b5cd0610c92d390c4dc382209216d455f685ff?s=96&d=mm&r=g","caption":"Herv\u00e9 Roten"}}]}},"_links":{"self":[{"href":"https:\/\/www.iemj.org\/es\/wp-json\/wp\/v2\/posts\/108092","targetHints":{"allow":["GET"]}}],"collection":[{"href":"https:\/\/www.iemj.org\/es\/wp-json\/wp\/v2\/posts"}],"about":[{"href":"https:\/\/www.iemj.org\/es\/wp-json\/wp\/v2\/types\/post"}],"author":[{"embeddable":true,"href":"https:\/\/www.iemj.org\/es\/wp-json\/wp\/v2\/users\/1045"}],"replies":[{"embeddable":true,"href":"https:\/\/www.iemj.org\/es\/wp-json\/wp\/v2\/comments?post=108092"}],"version-history":[{"count":0,"href":"https:\/\/www.iemj.org\/es\/wp-json\/wp\/v2\/posts\/108092\/revisions"}],"wp:featuredmedia":[{"embeddable":true,"href":"https:\/\/www.iemj.org\/es\/wp-json\/wp\/v2\/media\/38810"}],"wp:attachment":[{"href":"https:\/\/www.iemj.org\/es\/wp-json\/wp\/v2\/media?parent=108092"}],"wp:term":[{"taxonomy":"category","embeddable":true,"href":"https:\/\/www.iemj.org\/es\/wp-json\/wp\/v2\/categories?post=108092"},{"taxonomy":"post_tag","embeddable":true,"href":"https:\/\/www.iemj.org\/es\/wp-json\/wp\/v2\/tags?post=108092"},{"taxonomy":"technique","embeddable":true,"href":"https:\/\/www.iemj.org\/es\/wp-json\/wp\/v2\/technique?post=108092"},{"taxonomy":"squelettes","embeddable":true,"href":"https:\/\/www.iemj.org\/es\/wp-json\/wp\/v2\/squelettes?post=108092"},{"taxonomy":"sujet","embeddable":true,"href":"https:\/\/www.iemj.org\/es\/wp-json\/wp\/v2\/sujet?post=108092"},{"taxonomy":"formation","embeddable":true,"href":"https:\/\/www.iemj.org\/es\/wp-json\/wp\/v2\/formation?post=108092"},{"taxonomy":"genre","embeddable":true,"href":"https:\/\/www.iemj.org\/es\/wp-json\/wp\/v2\/genre?post=108092"},{"taxonomy":"fonds","embeddable":true,"href":"https:\/\/www.iemj.org\/es\/wp-json\/wp\/v2\/fonds?post=108092"},{"taxonomy":"tradition","embeddable":true,"href":"https:\/\/www.iemj.org\/es\/wp-json\/wp\/v2\/tradition?post=108092"},{"taxonomy":"type-de-contenu","embeddable":true,"href":"https:\/\/www.iemj.org\/es\/wp-json\/wp\/v2\/type-de-contenu?post=108092"},{"taxonomy":"interprete-compositeur","embeddable":true,"href":"https:\/\/www.iemj.org\/es\/wp-json\/wp\/v2\/interprete-compositeur?post=108092"},{"taxonomy":"frise","embeddable":true,"href":"https:\/\/www.iemj.org\/es\/wp-json\/wp\/v2\/frise?post=108092"},{"taxonomy":"type-devenement","embeddable":true,"href":"https:\/\/www.iemj.org\/es\/wp-json\/wp\/v2\/type-devenement?post=108092"},{"taxonomy":"tableaux-liens-externes","embeddable":true,"href":"https:\/\/www.iemj.org\/es\/wp-json\/wp\/v2\/tableaux-liens-externes?post=108092"}],"curies":[{"name":"wp","href":"https:\/\/api.w.org\/{rel}","templated":true}]}}