{"id":108119,"date":"2011-10-29T09:17:41","date_gmt":"2011-10-29T07:17:41","guid":{"rendered":"https:\/\/www.iemj.org\/survivre-et-mourir-en-musique-dans-les-camps-nazis\/"},"modified":"2024-01-23T16:31:35","modified_gmt":"2024-01-23T15:31:35","slug":"survivre-et-mourir-en-musique-dans-les-camps-nazis","status":"publish","type":"post","link":"https:\/\/www.iemj.org\/es\/survivre-et-mourir-en-musique-dans-les-camps-nazis\/","title":{"rendered":"Survivre et mourir en musique dans les camps nazis"},"content":{"rendered":"<p class=\"post_excerpt\">Berg International \u00e9diteur, 2011, 192 p.<\/p>\n<p><!--more--><\/p>\n<p>Desde los primeros campos de punitivos del Tercer Reich hasta las f\u00e1bricas de la muerte de Treblinka y Birkenau, pasando por los campos de prisioneros de guerra, el autor relata las actividades musicales de los campos de concentraci\u00f3n. Ha trabajado con diversos archivos y se ha entrevistado con antiguos m\u00fasicos deportados.<\/p>\n<p>Desde el principio, la m\u00fasica se utiliz\u00f3 con fines represivos: tranquilizaba a los reci\u00e9n llegados a los campos de concentraci\u00f3n, serv\u00eda de propaganda y acompa\u00f1aba los trabajos forzados. \u00abCuando estalla esta m\u00fasica, sabemos que nuestros camaradas, afuera en la niebla, se ponen en marcha como aut\u00f3matas; sus almas est\u00e1n muertas y es la m\u00fasica la que los empuja adelante, como el viento empuja las hojas secas, y toma el lugar de su voluntad\u00bb escribi\u00f3 Primo Levi.<\/p>\n<p>En los campos de exterminio de Aktion Reinhard, al igual que en Auschwitz-Birkenau, las notas de la m\u00fasica se elevaban en el aire al mismo tiempo que el humo de los crematorios; tambi\u00e9n ahogaban los gritos de sufrimiento y el estruendo de las ejecuciones sumarias.<\/p>\n<p>En los campos de prisioneros de guerra se compon\u00eda m\u00fasica. Aunque Olivier Messiaen es sin duda el m\u00fasico m\u00e1s famoso de los campos (compuso su Cuarteto para el fin de los tiempos en el Stalag de G\u00f6rlitz), muchos compositores, directores de orquesta e instrumentistas tambi\u00e9n estuvieron recluidos en Stalags y Oflags alemanes.<\/p>\n<p>A veces clandestina, pero m\u00e1s a menudo \u00aboficial\u00bb, la m\u00fasica era parte integrante del sistema de los campos de concentraci\u00f3n.<\/p>\n<p><em><a href=\"https:\/\/fr.wikipedia.org\/wiki\/Bruno_Giner\" target=\"_blank\" rel=\"noopener\"><span class=\"scayt-misspell\" data-scaytid=\"17\" data-scayt_word=\"Bruno\">Bruno<\/span> <span class=\"scayt-misspell\" data-scaytid=\"19\" data-scayt_word=\"Giner\">Giner<\/span><\/a> es compositor. Ganador del Prix Herv\u00e9 Dugardin (concedido por la SACEM en 1998), ha escrito unas cincuenta obras instrumentales y vocales para diversos conjuntos de c\u00e1mara, corales y orquestales. Ha publicado ya: <\/em>Musique contemporaine\u00a0: le second vingti\u00e8me si\u00e8cle<em> (Paris, <span class=\"scayt-misspell\" data-scaytid=\"29\" data-scayt_word=\"Durand\">Durand<\/span>, 2000); <\/em><span class=\"scayt-misspell\" data-scaytid=\"31\" data-scayt_word=\"Weimar\">Weimar<\/span> 1933, la musique aussi br\u00fble en exil<em> (Paris, Le Temps des cerises, 2001); Toute la musique ? (Paris, Autrement Junior, 2003); <\/em>De <span class=\"scayt-misspell\" data-scaytid=\"33\" data-scayt_word=\"Weimar\">Weimar<\/span> \u00e0 <span class=\"scayt-misspell\" data-scaytid=\"35\" data-scayt_word=\"T\u00e9r\u00e9zine\">T\u00e9r\u00e9zine<\/span> 1933-1945\u00a0: l\u2019\u00e9puration musicale<em> (Paris, Van de <span class=\"scayt-misspell\" data-scaytid=\"37\" data-scayt_word=\"Velde\">Velde<\/span>, 2006).<\/em><\/p>\n<p><a href=\"https:\/\/books.google.fr\/books\/about\/Survivre_et_mourir_en_musique_dans_les_c.html?id=VyhiBAAAQBAJ&amp;printsec=frontcover&amp;source=kp_read_button&amp;redir_esc=y#v=onepage&amp;q&amp;f=false\" target=\"_blank\" rel=\"noopener noreferrer\" data-cke-saved-href=\"\\\\&quot;http:\/\/www.berg-international.fr\/listeauteur.php?recordID=404\\\\&quot;\">M\u00e1s informaci\u00f3n\/pedir el libro<\/a><\/p>\n<p><a href=\"https:\/\/www.iemj.org\/survivre-et-mourir-en-musique-dans-les-camps-nazis-2\/\" target=\"_blank\" rel=\"noopener\">Escuchar el programa de radio del IEMJ Sobrevivir y morir con la m\u00fasica en los campos nazis (en franc\u00e9s)<\/a><\/p>\n","protected":false},"excerpt":{"rendered":"<p>Berg International \u00e9diteur, 2011, 192 p.<\/p>\n","protected":false},"author":1045,"featured_media":108120,"comment_status":"closed","ping_status":"closed","sticky":false,"template":"","format":"standard","meta":{"_acf_changed":false,"footnotes":""},"categories":[1577,1565],"tags":[],"technique":[],"squelettes":[],"sujet":[],"formation":[],"genre":[],"fonds":[],"tradition":[],"type-de-contenu":[],"interprete-compositeur":[],"frise":[],"type-devenement":[],"tableaux-liens-externes":[],"class_list":["post-108119","post","type-post","status-publish","format-standard","has-post-thumbnail","hentry","category-libros-articulos-es","category-ultimas-adquisiciones-es"],"acf":[],"yoast_head":"<!-- This site is optimized with the Yoast SEO plugin v27.3 - https:\/\/yoast.com\/product\/yoast-seo-wordpress\/ -->\n<title>Survivre et mourir en musique dans les camps nazis - Institut Europ\u00e9en des Musiques Juives<\/title>\n<meta name=\"robots\" content=\"index, follow, max-snippet:-1, max-image-preview:large, max-video-preview:-1\" \/>\n<link rel=\"canonical\" href=\"https:\/\/www.iemj.org\/es\/survivre-et-mourir-en-musique-dans-les-camps-nazis\/\" \/>\n<meta property=\"og:locale\" content=\"es_ES\" \/>\n<meta property=\"og:type\" content=\"article\" \/>\n<meta property=\"og:title\" content=\"Survivre et mourir en musique dans les camps nazis - Institut Europ\u00e9en des Musiques Juives\" \/>\n<meta property=\"og:description\" content=\"Berg International \u00e9diteur, 2011, 192 p.\" \/>\n<meta property=\"og:url\" content=\"https:\/\/www.iemj.org\/es\/survivre-et-mourir-en-musique-dans-les-camps-nazis\/\" \/>\n<meta property=\"og:site_name\" content=\"Institut Europ\u00e9en des Musiques Juives\" \/>\n<meta property=\"article:publisher\" content=\"https:\/\/www.facebook.com\/MusiquesJuives\/\" \/>\n<meta property=\"article:published_time\" content=\"2011-10-29T07:17:41+00:00\" \/>\n<meta property=\"article:modified_time\" content=\"2024-01-23T15:31:35+00:00\" \/>\n<meta property=\"og:image\" content=\"https:\/\/www.iemj.org\/wp-content\/uploads\/2011\/10\/arton327-e1619771571298.jpg\" \/>\n\t<meta property=\"og:image:width\" content=\"350\" \/>\n\t<meta property=\"og:image:height\" content=\"556\" \/>\n\t<meta property=\"og:image:type\" content=\"image\/jpeg\" \/>\n<meta name=\"author\" content=\"Herv\u00e9 Roten\" \/>\n<meta name=\"twitter:card\" content=\"summary_large_image\" \/>\n<meta name=\"twitter:label1\" content=\"Escrito por\" \/>\n\t<meta name=\"twitter:data1\" content=\"Herv\u00e9 Roten\" \/>\n\t<meta name=\"twitter:label2\" content=\"Tiempo de lectura\" \/>\n\t<meta name=\"twitter:data2\" content=\"2 minutos\" \/>\n<script type=\"application\/ld+json\" class=\"yoast-schema-graph\">{\"@context\":\"https:\\\/\\\/schema.org\",\"@graph\":[{\"@type\":\"Article\",\"@id\":\"https:\\\/\\\/www.iemj.org\\\/es\\\/survivre-et-mourir-en-musique-dans-les-camps-nazis\\\/#article\",\"isPartOf\":{\"@id\":\"https:\\\/\\\/www.iemj.org\\\/es\\\/survivre-et-mourir-en-musique-dans-les-camps-nazis\\\/\"},\"author\":{\"name\":\"Herv\u00e9 Roten\",\"@id\":\"https:\\\/\\\/www.iemj.org\\\/es\\\/#\\\/schema\\\/person\\\/906134402c29d5c76e7b726261dd4bbd\"},\"headline\":\"Survivre et mourir en musique dans les camps nazis\",\"datePublished\":\"2011-10-29T07:17:41+00:00\",\"dateModified\":\"2024-01-23T15:31:35+00:00\",\"mainEntityOfPage\":{\"@id\":\"https:\\\/\\\/www.iemj.org\\\/es\\\/survivre-et-mourir-en-musique-dans-les-camps-nazis\\\/\"},\"wordCount\":384,\"publisher\":{\"@id\":\"https:\\\/\\\/www.iemj.org\\\/es\\\/#organization\"},\"image\":{\"@id\":\"https:\\\/\\\/www.iemj.org\\\/es\\\/survivre-et-mourir-en-musique-dans-les-camps-nazis\\\/#primaryimage\"},\"thumbnailUrl\":\"https:\\\/\\\/www.iemj.org\\\/wp-content\\\/uploads\\\/2011\\\/10\\\/arton327-e1619771571298.jpg\",\"articleSection\":[\"Libros, art\u00edculos\",\"\u00daltimas adquisiciones\"],\"inLanguage\":\"es\"},{\"@type\":\"WebPage\",\"@id\":\"https:\\\/\\\/www.iemj.org\\\/es\\\/survivre-et-mourir-en-musique-dans-les-camps-nazis\\\/\",\"url\":\"https:\\\/\\\/www.iemj.org\\\/es\\\/survivre-et-mourir-en-musique-dans-les-camps-nazis\\\/\",\"name\":\"Survivre et mourir en musique dans les camps nazis - Institut Europ\u00e9en des Musiques Juives\",\"isPartOf\":{\"@id\":\"https:\\\/\\\/www.iemj.org\\\/es\\\/#website\"},\"primaryImageOfPage\":{\"@id\":\"https:\\\/\\\/www.iemj.org\\\/es\\\/survivre-et-mourir-en-musique-dans-les-camps-nazis\\\/#primaryimage\"},\"image\":{\"@id\":\"https:\\\/\\\/www.iemj.org\\\/es\\\/survivre-et-mourir-en-musique-dans-les-camps-nazis\\\/#primaryimage\"},\"thumbnailUrl\":\"https:\\\/\\\/www.iemj.org\\\/wp-content\\\/uploads\\\/2011\\\/10\\\/arton327-e1619771571298.jpg\",\"datePublished\":\"2011-10-29T07:17:41+00:00\",\"dateModified\":\"2024-01-23T15:31:35+00:00\",\"breadcrumb\":{\"@id\":\"https:\\\/\\\/www.iemj.org\\\/es\\\/survivre-et-mourir-en-musique-dans-les-camps-nazis\\\/#breadcrumb\"},\"inLanguage\":\"es\",\"potentialAction\":[{\"@type\":\"ReadAction\",\"target\":[\"https:\\\/\\\/www.iemj.org\\\/es\\\/survivre-et-mourir-en-musique-dans-les-camps-nazis\\\/\"]}]},{\"@type\":\"ImageObject\",\"inLanguage\":\"es\",\"@id\":\"https:\\\/\\\/www.iemj.org\\\/es\\\/survivre-et-mourir-en-musique-dans-les-camps-nazis\\\/#primaryimage\",\"url\":\"https:\\\/\\\/www.iemj.org\\\/wp-content\\\/uploads\\\/2011\\\/10\\\/arton327-e1619771571298.jpg\",\"contentUrl\":\"https:\\\/\\\/www.iemj.org\\\/wp-content\\\/uploads\\\/2011\\\/10\\\/arton327-e1619771571298.jpg\",\"width\":350,\"height\":556},{\"@type\":\"BreadcrumbList\",\"@id\":\"https:\\\/\\\/www.iemj.org\\\/es\\\/survivre-et-mourir-en-musique-dans-les-camps-nazis\\\/#breadcrumb\",\"itemListElement\":[{\"@type\":\"ListItem\",\"position\":1,\"name\":\"Accueil\",\"item\":\"https:\\\/\\\/www.iemj.org\\\/es\\\/\"},{\"@type\":\"ListItem\",\"position\":2,\"name\":\"Survivre et mourir en musique dans les camps nazis\"}]},{\"@type\":\"WebSite\",\"@id\":\"https:\\\/\\\/www.iemj.org\\\/es\\\/#website\",\"url\":\"https:\\\/\\\/www.iemj.org\\\/es\\\/\",\"name\":\"Institut Europ\u00e9en des Musiques Juives\",\"description\":\"Des traditions musicales \u00e0 la port\u00e9e de tous\",\"publisher\":{\"@id\":\"https:\\\/\\\/www.iemj.org\\\/es\\\/#organization\"},\"potentialAction\":[{\"@type\":\"SearchAction\",\"target\":{\"@type\":\"EntryPoint\",\"urlTemplate\":\"https:\\\/\\\/www.iemj.org\\\/es\\\/?s={search_term_string}\"},\"query-input\":{\"@type\":\"PropertyValueSpecification\",\"valueRequired\":true,\"valueName\":\"search_term_string\"}}],\"inLanguage\":\"es\"},{\"@type\":\"Organization\",\"@id\":\"https:\\\/\\\/www.iemj.org\\\/es\\\/#organization\",\"name\":\"Institut Europ\u00e9en des Musiques Juives\",\"url\":\"https:\\\/\\\/www.iemj.org\\\/es\\\/\",\"logo\":{\"@type\":\"ImageObject\",\"inLanguage\":\"es\",\"@id\":\"https:\\\/\\\/www.iemj.org\\\/es\\\/#\\\/schema\\\/logo\\\/image\\\/\",\"url\":\"https:\\\/\\\/www.iemj.org\\\/wp-content\\\/uploads\\\/2021\\\/09\\\/Logo-IEMJ-Paypal.jpg\",\"contentUrl\":\"https:\\\/\\\/www.iemj.org\\\/wp-content\\\/uploads\\\/2021\\\/09\\\/Logo-IEMJ-Paypal.jpg\",\"width\":150,\"height\":50,\"caption\":\"Institut Europ\u00e9en des Musiques Juives\"},\"image\":{\"@id\":\"https:\\\/\\\/www.iemj.org\\\/es\\\/#\\\/schema\\\/logo\\\/image\\\/\"},\"sameAs\":[\"https:\\\/\\\/www.facebook.com\\\/MusiquesJuives\\\/\",\"https:\\\/\\\/www.instagram.com\\\/musiquesjuives\\\/\",\"https:\\\/\\\/www.youtube.com\\\/user\\\/musiquesjuives\"]},{\"@type\":\"Person\",\"@id\":\"https:\\\/\\\/www.iemj.org\\\/es\\\/#\\\/schema\\\/person\\\/906134402c29d5c76e7b726261dd4bbd\",\"name\":\"Herv\u00e9 Roten\",\"image\":{\"@type\":\"ImageObject\",\"inLanguage\":\"es\",\"@id\":\"https:\\\/\\\/secure.gravatar.com\\\/avatar\\\/f96ad2db538a26481f18384936b5cd0610c92d390c4dc382209216d455f685ff?s=96&d=mm&r=g\",\"url\":\"https:\\\/\\\/secure.gravatar.com\\\/avatar\\\/f96ad2db538a26481f18384936b5cd0610c92d390c4dc382209216d455f685ff?s=96&d=mm&r=g\",\"contentUrl\":\"https:\\\/\\\/secure.gravatar.com\\\/avatar\\\/f96ad2db538a26481f18384936b5cd0610c92d390c4dc382209216d455f685ff?s=96&d=mm&r=g\",\"caption\":\"Herv\u00e9 Roten\"}}]}<\/script>\n<!-- \/ Yoast SEO plugin. -->","yoast_head_json":{"title":"Survivre et mourir en musique dans les camps nazis - Institut Europ\u00e9en des Musiques Juives","robots":{"index":"index","follow":"follow","max-snippet":"max-snippet:-1","max-image-preview":"max-image-preview:large","max-video-preview":"max-video-preview:-1"},"canonical":"https:\/\/www.iemj.org\/es\/survivre-et-mourir-en-musique-dans-les-camps-nazis\/","og_locale":"es_ES","og_type":"article","og_title":"Survivre et mourir en musique dans les camps nazis - Institut Europ\u00e9en des Musiques Juives","og_description":"Berg International \u00e9diteur, 2011, 192 p.","og_url":"https:\/\/www.iemj.org\/es\/survivre-et-mourir-en-musique-dans-les-camps-nazis\/","og_site_name":"Institut Europ\u00e9en des Musiques Juives","article_publisher":"https:\/\/www.facebook.com\/MusiquesJuives\/","article_published_time":"2011-10-29T07:17:41+00:00","article_modified_time":"2024-01-23T15:31:35+00:00","og_image":[{"width":350,"height":556,"url":"https:\/\/www.iemj.org\/wp-content\/uploads\/2011\/10\/arton327-e1619771571298.jpg","type":"image\/jpeg"}],"author":"Herv\u00e9 Roten","twitter_card":"summary_large_image","twitter_misc":{"Escrito por":"Herv\u00e9 Roten","Tiempo de lectura":"2 minutos"},"schema":{"@context":"https:\/\/schema.org","@graph":[{"@type":"Article","@id":"https:\/\/www.iemj.org\/es\/survivre-et-mourir-en-musique-dans-les-camps-nazis\/#article","isPartOf":{"@id":"https:\/\/www.iemj.org\/es\/survivre-et-mourir-en-musique-dans-les-camps-nazis\/"},"author":{"name":"Herv\u00e9 Roten","@id":"https:\/\/www.iemj.org\/es\/#\/schema\/person\/906134402c29d5c76e7b726261dd4bbd"},"headline":"Survivre et mourir en musique dans les camps nazis","datePublished":"2011-10-29T07:17:41+00:00","dateModified":"2024-01-23T15:31:35+00:00","mainEntityOfPage":{"@id":"https:\/\/www.iemj.org\/es\/survivre-et-mourir-en-musique-dans-les-camps-nazis\/"},"wordCount":384,"publisher":{"@id":"https:\/\/www.iemj.org\/es\/#organization"},"image":{"@id":"https:\/\/www.iemj.org\/es\/survivre-et-mourir-en-musique-dans-les-camps-nazis\/#primaryimage"},"thumbnailUrl":"https:\/\/www.iemj.org\/wp-content\/uploads\/2011\/10\/arton327-e1619771571298.jpg","articleSection":["Libros, art\u00edculos","\u00daltimas adquisiciones"],"inLanguage":"es"},{"@type":"WebPage","@id":"https:\/\/www.iemj.org\/es\/survivre-et-mourir-en-musique-dans-les-camps-nazis\/","url":"https:\/\/www.iemj.org\/es\/survivre-et-mourir-en-musique-dans-les-camps-nazis\/","name":"Survivre et mourir en musique dans les camps nazis - Institut Europ\u00e9en des Musiques Juives","isPartOf":{"@id":"https:\/\/www.iemj.org\/es\/#website"},"primaryImageOfPage":{"@id":"https:\/\/www.iemj.org\/es\/survivre-et-mourir-en-musique-dans-les-camps-nazis\/#primaryimage"},"image":{"@id":"https:\/\/www.iemj.org\/es\/survivre-et-mourir-en-musique-dans-les-camps-nazis\/#primaryimage"},"thumbnailUrl":"https:\/\/www.iemj.org\/wp-content\/uploads\/2011\/10\/arton327-e1619771571298.jpg","datePublished":"2011-10-29T07:17:41+00:00","dateModified":"2024-01-23T15:31:35+00:00","breadcrumb":{"@id":"https:\/\/www.iemj.org\/es\/survivre-et-mourir-en-musique-dans-les-camps-nazis\/#breadcrumb"},"inLanguage":"es","potentialAction":[{"@type":"ReadAction","target":["https:\/\/www.iemj.org\/es\/survivre-et-mourir-en-musique-dans-les-camps-nazis\/"]}]},{"@type":"ImageObject","inLanguage":"es","@id":"https:\/\/www.iemj.org\/es\/survivre-et-mourir-en-musique-dans-les-camps-nazis\/#primaryimage","url":"https:\/\/www.iemj.org\/wp-content\/uploads\/2011\/10\/arton327-e1619771571298.jpg","contentUrl":"https:\/\/www.iemj.org\/wp-content\/uploads\/2011\/10\/arton327-e1619771571298.jpg","width":350,"height":556},{"@type":"BreadcrumbList","@id":"https:\/\/www.iemj.org\/es\/survivre-et-mourir-en-musique-dans-les-camps-nazis\/#breadcrumb","itemListElement":[{"@type":"ListItem","position":1,"name":"Accueil","item":"https:\/\/www.iemj.org\/es\/"},{"@type":"ListItem","position":2,"name":"Survivre et mourir en musique dans les camps nazis"}]},{"@type":"WebSite","@id":"https:\/\/www.iemj.org\/es\/#website","url":"https:\/\/www.iemj.org\/es\/","name":"Institut Europ\u00e9en des Musiques Juives","description":"Des traditions musicales \u00e0 la port\u00e9e de tous","publisher":{"@id":"https:\/\/www.iemj.org\/es\/#organization"},"potentialAction":[{"@type":"SearchAction","target":{"@type":"EntryPoint","urlTemplate":"https:\/\/www.iemj.org\/es\/?s={search_term_string}"},"query-input":{"@type":"PropertyValueSpecification","valueRequired":true,"valueName":"search_term_string"}}],"inLanguage":"es"},{"@type":"Organization","@id":"https:\/\/www.iemj.org\/es\/#organization","name":"Institut Europ\u00e9en des Musiques Juives","url":"https:\/\/www.iemj.org\/es\/","logo":{"@type":"ImageObject","inLanguage":"es","@id":"https:\/\/www.iemj.org\/es\/#\/schema\/logo\/image\/","url":"https:\/\/www.iemj.org\/wp-content\/uploads\/2021\/09\/Logo-IEMJ-Paypal.jpg","contentUrl":"https:\/\/www.iemj.org\/wp-content\/uploads\/2021\/09\/Logo-IEMJ-Paypal.jpg","width":150,"height":50,"caption":"Institut Europ\u00e9en des Musiques Juives"},"image":{"@id":"https:\/\/www.iemj.org\/es\/#\/schema\/logo\/image\/"},"sameAs":["https:\/\/www.facebook.com\/MusiquesJuives\/","https:\/\/www.instagram.com\/musiquesjuives\/","https:\/\/www.youtube.com\/user\/musiquesjuives"]},{"@type":"Person","@id":"https:\/\/www.iemj.org\/es\/#\/schema\/person\/906134402c29d5c76e7b726261dd4bbd","name":"Herv\u00e9 Roten","image":{"@type":"ImageObject","inLanguage":"es","@id":"https:\/\/secure.gravatar.com\/avatar\/f96ad2db538a26481f18384936b5cd0610c92d390c4dc382209216d455f685ff?s=96&d=mm&r=g","url":"https:\/\/secure.gravatar.com\/avatar\/f96ad2db538a26481f18384936b5cd0610c92d390c4dc382209216d455f685ff?s=96&d=mm&r=g","contentUrl":"https:\/\/secure.gravatar.com\/avatar\/f96ad2db538a26481f18384936b5cd0610c92d390c4dc382209216d455f685ff?s=96&d=mm&r=g","caption":"Herv\u00e9 Roten"}}]}},"_links":{"self":[{"href":"https:\/\/www.iemj.org\/es\/wp-json\/wp\/v2\/posts\/108119","targetHints":{"allow":["GET"]}}],"collection":[{"href":"https:\/\/www.iemj.org\/es\/wp-json\/wp\/v2\/posts"}],"about":[{"href":"https:\/\/www.iemj.org\/es\/wp-json\/wp\/v2\/types\/post"}],"author":[{"embeddable":true,"href":"https:\/\/www.iemj.org\/es\/wp-json\/wp\/v2\/users\/1045"}],"replies":[{"embeddable":true,"href":"https:\/\/www.iemj.org\/es\/wp-json\/wp\/v2\/comments?post=108119"}],"version-history":[{"count":0,"href":"https:\/\/www.iemj.org\/es\/wp-json\/wp\/v2\/posts\/108119\/revisions"}],"wp:featuredmedia":[{"embeddable":true,"href":"https:\/\/www.iemj.org\/es\/wp-json\/wp\/v2\/media\/108120"}],"wp:attachment":[{"href":"https:\/\/www.iemj.org\/es\/wp-json\/wp\/v2\/media?parent=108119"}],"wp:term":[{"taxonomy":"category","embeddable":true,"href":"https:\/\/www.iemj.org\/es\/wp-json\/wp\/v2\/categories?post=108119"},{"taxonomy":"post_tag","embeddable":true,"href":"https:\/\/www.iemj.org\/es\/wp-json\/wp\/v2\/tags?post=108119"},{"taxonomy":"technique","embeddable":true,"href":"https:\/\/www.iemj.org\/es\/wp-json\/wp\/v2\/technique?post=108119"},{"taxonomy":"squelettes","embeddable":true,"href":"https:\/\/www.iemj.org\/es\/wp-json\/wp\/v2\/squelettes?post=108119"},{"taxonomy":"sujet","embeddable":true,"href":"https:\/\/www.iemj.org\/es\/wp-json\/wp\/v2\/sujet?post=108119"},{"taxonomy":"formation","embeddable":true,"href":"https:\/\/www.iemj.org\/es\/wp-json\/wp\/v2\/formation?post=108119"},{"taxonomy":"genre","embeddable":true,"href":"https:\/\/www.iemj.org\/es\/wp-json\/wp\/v2\/genre?post=108119"},{"taxonomy":"fonds","embeddable":true,"href":"https:\/\/www.iemj.org\/es\/wp-json\/wp\/v2\/fonds?post=108119"},{"taxonomy":"tradition","embeddable":true,"href":"https:\/\/www.iemj.org\/es\/wp-json\/wp\/v2\/tradition?post=108119"},{"taxonomy":"type-de-contenu","embeddable":true,"href":"https:\/\/www.iemj.org\/es\/wp-json\/wp\/v2\/type-de-contenu?post=108119"},{"taxonomy":"interprete-compositeur","embeddable":true,"href":"https:\/\/www.iemj.org\/es\/wp-json\/wp\/v2\/interprete-compositeur?post=108119"},{"taxonomy":"frise","embeddable":true,"href":"https:\/\/www.iemj.org\/es\/wp-json\/wp\/v2\/frise?post=108119"},{"taxonomy":"type-devenement","embeddable":true,"href":"https:\/\/www.iemj.org\/es\/wp-json\/wp\/v2\/type-devenement?post=108119"},{"taxonomy":"tableaux-liens-externes","embeddable":true,"href":"https:\/\/www.iemj.org\/es\/wp-json\/wp\/v2\/tableaux-liens-externes?post=108119"}],"curies":[{"name":"wp","href":"https:\/\/api.w.org\/{rel}","templated":true}]}}