{"id":108382,"date":"2013-09-18T13:48:53","date_gmt":"2013-09-18T11:48:53","guid":{"rendered":"https:\/\/www.iemj.org\/le-chant-mystique-dans-la-tradition-juive\/"},"modified":"2024-01-29T16:35:59","modified_gmt":"2024-01-29T15:35:59","slug":"le-chant-mystique-dans-la-tradition-juive","status":"publish","type":"post","link":"https:\/\/www.iemj.org\/es\/le-chant-mystique-dans-la-tradition-juive\/","title":{"rendered":"El canto m\u00edstico en la tradici\u00f3n jud\u00eda"},"content":{"rendered":"<p class=\"post_excerpt\"><strong>Coloquio, talleres y conciertos sobre el canto ext\u00e1tico en las tres religiones reveladas<\/strong><\/p>\n<p><!--more--><br \/>\nEn septiembre de 2012, en Saint-Amand-Montrond, el primer simposio Vox Aurea-Via Sacra se propuso debatir sobre una serie de itinerarios relacionados con la voz, en la encrucijada de caminos tan diversos como las ciencias humanas, el arte, la espiritualidad y las pr\u00e1cticas contemplativas en diferentes partes del mundo&#8230; Reuni\u00f3 a una serie de artistas de renombre internacional.<\/p>\n<p>Profundizando en su investigaci\u00f3n sobre la relaci\u00f3n entre la voz y lo sagrado, Vox Aurea-Via Sacra 2013 aborda el estudio de las pr\u00e1cticas ext\u00e1ticas sostenidas por el canto como medio propio de la m\u00edstica, expresado en la modelaci\u00f3n vocal de un texto o en estallidos de voz sin palabras encarnadas&#8230;<br \/>\nLa atenci\u00f3n se centra en las tres religiones reveladas: el juda\u00edsmo, el cristianismo (romano y bizantino) y el islam cofrade con sus m\u00edsticos suf\u00edes.<\/p>\n<p>Herv\u00e9 Roten presentar\u00e1 una ponencia sobre el <strong>canto m\u00edstico en la tradici\u00f3n jud\u00eda<\/strong>.<\/p>\n<p>Para m\u00e1s informaci\u00f3n:<\/p>\n<p>Vox Aurea Via Sacra &#8211; Congreso 2013 &#8211; <a href=\"www.voxaurea-viasacra.com\">www.voxaurea-viasacra.com<\/a><br \/>\nContacto: Claudette Gaudin al 02 48 63 83 11 &#8211; <a href=\"contact@voxaurea-viasacra.com\">contact@voxaurea-viasacra.com<\/a><br \/>\nH\u00f4tel de Ville, 2 rue Philibert-Audebrand, BP 196, 18206 Saint-Amand-Montrond Cedex<\/p>\n<p><a href=\"https:\/\/www.iemj.org\/wp-content\/uploads\/2013\/09\/colloque.pdf\" target=\"_blank\" rel=\"noopener\">Programa del congreso Vox aurea &#8211; Via sacra<\/a><br \/>\n<a href=\"https:\/\/www.iemj.org\/wp-content\/uploads\/2013\/09\/vavs_13_dossier_presse.pdf\" target=\"_blank\" rel=\"noopener\">Dossier de prensa Vox Aurea 2013<\/a><br \/>\n<a href=\"https:\/\/www.iemj.org\/wp-content\/uploads\/2013\/09\/vavs_-_echo_du_berry_semaine_37-2013.pdf\" target=\"_blank\" rel=\"noopener\">Art\u00edculo en el Echo du Berry<\/a><\/p>\n","protected":false},"excerpt":{"rendered":"<p>Coloquio, talleres y conciertos sobre el canto ext\u00e1tico en las tres religiones reveladas<\/p>\n","protected":false},"author":1045,"featured_media":108383,"comment_status":"closed","ping_status":"open","sticky":false,"template":"","format":"standard","meta":{"_acf_changed":false,"footnotes":""},"categories":[1384,1372],"tags":[],"technique":[],"squelettes":[],"sujet":[],"formation":[],"genre":[1890],"fonds":[],"tradition":[],"type-de-contenu":[],"interprete-compositeur":[],"frise":[],"type-devenement":[],"tableaux-liens-externes":[],"class_list":["post-108382","post","type-post","status-publish","format-standard","has-post-thumbnail","hentry","category-clases-conferencias-es","category-manifestaciones-es","genre-liturgia-es"],"acf":[],"yoast_head":"<!-- This site is optimized with the Yoast SEO plugin v27.3 - https:\/\/yoast.com\/product\/yoast-seo-wordpress\/ -->\n<title>El canto m\u00edstico en la tradici\u00f3n jud\u00eda - Institut Europ\u00e9en des Musiques Juives<\/title>\n<meta name=\"robots\" content=\"index, follow, max-snippet:-1, max-image-preview:large, max-video-preview:-1\" \/>\n<link rel=\"canonical\" href=\"https:\/\/www.iemj.org\/es\/le-chant-mystique-dans-la-tradition-juive\/\" \/>\n<meta property=\"og:locale\" content=\"es_ES\" \/>\n<meta property=\"og:type\" content=\"article\" \/>\n<meta property=\"og:title\" content=\"El canto m\u00edstico en la tradici\u00f3n jud\u00eda - Institut Europ\u00e9en des Musiques Juives\" \/>\n<meta property=\"og:description\" content=\"Coloquio, talleres y conciertos sobre el canto ext\u00e1tico en las tres religiones reveladas\" \/>\n<meta property=\"og:url\" content=\"https:\/\/www.iemj.org\/es\/le-chant-mystique-dans-la-tradition-juive\/\" \/>\n<meta property=\"og:site_name\" content=\"Institut Europ\u00e9en des Musiques Juives\" \/>\n<meta property=\"article:publisher\" content=\"https:\/\/www.facebook.com\/MusiquesJuives\/\" \/>\n<meta property=\"article:published_time\" content=\"2013-09-18T11:48:53+00:00\" \/>\n<meta property=\"article:modified_time\" content=\"2024-01-29T15:35:59+00:00\" \/>\n<meta property=\"og:image\" content=\"https:\/\/www.iemj.org\/wp-content\/uploads\/2013\/09\/arton747.jpg\" \/>\n\t<meta property=\"og:image:width\" content=\"251\" \/>\n\t<meta property=\"og:image:height\" content=\"400\" \/>\n\t<meta property=\"og:image:type\" content=\"image\/jpeg\" \/>\n<meta name=\"author\" content=\"Herv\u00e9 Roten\" \/>\n<meta name=\"twitter:card\" content=\"summary_large_image\" \/>\n<meta name=\"twitter:label1\" content=\"Escrito por\" \/>\n\t<meta name=\"twitter:data1\" content=\"Herv\u00e9 Roten\" \/>\n\t<meta name=\"twitter:label2\" content=\"Tiempo de lectura\" \/>\n\t<meta name=\"twitter:data2\" content=\"2 minutos\" \/>\n<script type=\"application\/ld+json\" class=\"yoast-schema-graph\">{\"@context\":\"https:\\\/\\\/schema.org\",\"@graph\":[{\"@type\":\"Article\",\"@id\":\"https:\\\/\\\/www.iemj.org\\\/es\\\/le-chant-mystique-dans-la-tradition-juive\\\/#article\",\"isPartOf\":{\"@id\":\"https:\\\/\\\/www.iemj.org\\\/es\\\/le-chant-mystique-dans-la-tradition-juive\\\/\"},\"author\":{\"name\":\"Herv\u00e9 Roten\",\"@id\":\"https:\\\/\\\/www.iemj.org\\\/es\\\/#\\\/schema\\\/person\\\/906134402c29d5c76e7b726261dd4bbd\"},\"headline\":\"El canto m\u00edstico en la tradici\u00f3n jud\u00eda\",\"datePublished\":\"2013-09-18T11:48:53+00:00\",\"dateModified\":\"2024-01-29T15:35:59+00:00\",\"mainEntityOfPage\":{\"@id\":\"https:\\\/\\\/www.iemj.org\\\/es\\\/le-chant-mystique-dans-la-tradition-juive\\\/\"},\"wordCount\":232,\"publisher\":{\"@id\":\"https:\\\/\\\/www.iemj.org\\\/es\\\/#organization\"},\"image\":{\"@id\":\"https:\\\/\\\/www.iemj.org\\\/es\\\/le-chant-mystique-dans-la-tradition-juive\\\/#primaryimage\"},\"thumbnailUrl\":\"https:\\\/\\\/www.iemj.org\\\/wp-content\\\/uploads\\\/2013\\\/09\\\/arton747.jpg\",\"articleSection\":[\"Clases \\\/ Conferencias\",\"Manifestaciones\"],\"inLanguage\":\"es\"},{\"@type\":\"WebPage\",\"@id\":\"https:\\\/\\\/www.iemj.org\\\/es\\\/le-chant-mystique-dans-la-tradition-juive\\\/\",\"url\":\"https:\\\/\\\/www.iemj.org\\\/es\\\/le-chant-mystique-dans-la-tradition-juive\\\/\",\"name\":\"El canto m\u00edstico en la tradici\u00f3n jud\u00eda - Institut Europ\u00e9en des Musiques Juives\",\"isPartOf\":{\"@id\":\"https:\\\/\\\/www.iemj.org\\\/es\\\/#website\"},\"primaryImageOfPage\":{\"@id\":\"https:\\\/\\\/www.iemj.org\\\/es\\\/le-chant-mystique-dans-la-tradition-juive\\\/#primaryimage\"},\"image\":{\"@id\":\"https:\\\/\\\/www.iemj.org\\\/es\\\/le-chant-mystique-dans-la-tradition-juive\\\/#primaryimage\"},\"thumbnailUrl\":\"https:\\\/\\\/www.iemj.org\\\/wp-content\\\/uploads\\\/2013\\\/09\\\/arton747.jpg\",\"datePublished\":\"2013-09-18T11:48:53+00:00\",\"dateModified\":\"2024-01-29T15:35:59+00:00\",\"breadcrumb\":{\"@id\":\"https:\\\/\\\/www.iemj.org\\\/es\\\/le-chant-mystique-dans-la-tradition-juive\\\/#breadcrumb\"},\"inLanguage\":\"es\",\"potentialAction\":[{\"@type\":\"ReadAction\",\"target\":[\"https:\\\/\\\/www.iemj.org\\\/es\\\/le-chant-mystique-dans-la-tradition-juive\\\/\"]}]},{\"@type\":\"ImageObject\",\"inLanguage\":\"es\",\"@id\":\"https:\\\/\\\/www.iemj.org\\\/es\\\/le-chant-mystique-dans-la-tradition-juive\\\/#primaryimage\",\"url\":\"https:\\\/\\\/www.iemj.org\\\/wp-content\\\/uploads\\\/2013\\\/09\\\/arton747.jpg\",\"contentUrl\":\"https:\\\/\\\/www.iemj.org\\\/wp-content\\\/uploads\\\/2013\\\/09\\\/arton747.jpg\",\"width\":251,\"height\":400},{\"@type\":\"BreadcrumbList\",\"@id\":\"https:\\\/\\\/www.iemj.org\\\/es\\\/le-chant-mystique-dans-la-tradition-juive\\\/#breadcrumb\",\"itemListElement\":[{\"@type\":\"ListItem\",\"position\":1,\"name\":\"Accueil\",\"item\":\"https:\\\/\\\/www.iemj.org\\\/es\\\/\"},{\"@type\":\"ListItem\",\"position\":2,\"name\":\"El canto m\u00edstico en la tradici\u00f3n jud\u00eda\"}]},{\"@type\":\"WebSite\",\"@id\":\"https:\\\/\\\/www.iemj.org\\\/es\\\/#website\",\"url\":\"https:\\\/\\\/www.iemj.org\\\/es\\\/\",\"name\":\"Institut Europ\u00e9en des Musiques Juives\",\"description\":\"Des traditions musicales \u00e0 la port\u00e9e de tous\",\"publisher\":{\"@id\":\"https:\\\/\\\/www.iemj.org\\\/es\\\/#organization\"},\"potentialAction\":[{\"@type\":\"SearchAction\",\"target\":{\"@type\":\"EntryPoint\",\"urlTemplate\":\"https:\\\/\\\/www.iemj.org\\\/es\\\/?s={search_term_string}\"},\"query-input\":{\"@type\":\"PropertyValueSpecification\",\"valueRequired\":true,\"valueName\":\"search_term_string\"}}],\"inLanguage\":\"es\"},{\"@type\":\"Organization\",\"@id\":\"https:\\\/\\\/www.iemj.org\\\/es\\\/#organization\",\"name\":\"Institut Europ\u00e9en des Musiques Juives\",\"url\":\"https:\\\/\\\/www.iemj.org\\\/es\\\/\",\"logo\":{\"@type\":\"ImageObject\",\"inLanguage\":\"es\",\"@id\":\"https:\\\/\\\/www.iemj.org\\\/es\\\/#\\\/schema\\\/logo\\\/image\\\/\",\"url\":\"https:\\\/\\\/www.iemj.org\\\/wp-content\\\/uploads\\\/2021\\\/09\\\/Logo-IEMJ-Paypal.jpg\",\"contentUrl\":\"https:\\\/\\\/www.iemj.org\\\/wp-content\\\/uploads\\\/2021\\\/09\\\/Logo-IEMJ-Paypal.jpg\",\"width\":150,\"height\":50,\"caption\":\"Institut Europ\u00e9en des Musiques Juives\"},\"image\":{\"@id\":\"https:\\\/\\\/www.iemj.org\\\/es\\\/#\\\/schema\\\/logo\\\/image\\\/\"},\"sameAs\":[\"https:\\\/\\\/www.facebook.com\\\/MusiquesJuives\\\/\",\"https:\\\/\\\/www.instagram.com\\\/musiquesjuives\\\/\",\"https:\\\/\\\/www.youtube.com\\\/user\\\/musiquesjuives\"]},{\"@type\":\"Person\",\"@id\":\"https:\\\/\\\/www.iemj.org\\\/es\\\/#\\\/schema\\\/person\\\/906134402c29d5c76e7b726261dd4bbd\",\"name\":\"Herv\u00e9 Roten\",\"image\":{\"@type\":\"ImageObject\",\"inLanguage\":\"es\",\"@id\":\"https:\\\/\\\/secure.gravatar.com\\\/avatar\\\/f96ad2db538a26481f18384936b5cd0610c92d390c4dc382209216d455f685ff?s=96&d=mm&r=g\",\"url\":\"https:\\\/\\\/secure.gravatar.com\\\/avatar\\\/f96ad2db538a26481f18384936b5cd0610c92d390c4dc382209216d455f685ff?s=96&d=mm&r=g\",\"contentUrl\":\"https:\\\/\\\/secure.gravatar.com\\\/avatar\\\/f96ad2db538a26481f18384936b5cd0610c92d390c4dc382209216d455f685ff?s=96&d=mm&r=g\",\"caption\":\"Herv\u00e9 Roten\"}}]}<\/script>\n<!-- \/ Yoast SEO plugin. -->","yoast_head_json":{"title":"El canto m\u00edstico en la tradici\u00f3n jud\u00eda - Institut Europ\u00e9en des Musiques Juives","robots":{"index":"index","follow":"follow","max-snippet":"max-snippet:-1","max-image-preview":"max-image-preview:large","max-video-preview":"max-video-preview:-1"},"canonical":"https:\/\/www.iemj.org\/es\/le-chant-mystique-dans-la-tradition-juive\/","og_locale":"es_ES","og_type":"article","og_title":"El canto m\u00edstico en la tradici\u00f3n jud\u00eda - Institut Europ\u00e9en des Musiques Juives","og_description":"Coloquio, talleres y conciertos sobre el canto ext\u00e1tico en las tres religiones reveladas","og_url":"https:\/\/www.iemj.org\/es\/le-chant-mystique-dans-la-tradition-juive\/","og_site_name":"Institut Europ\u00e9en des Musiques Juives","article_publisher":"https:\/\/www.facebook.com\/MusiquesJuives\/","article_published_time":"2013-09-18T11:48:53+00:00","article_modified_time":"2024-01-29T15:35:59+00:00","og_image":[{"width":251,"height":400,"url":"https:\/\/www.iemj.org\/wp-content\/uploads\/2013\/09\/arton747.jpg","type":"image\/jpeg"}],"author":"Herv\u00e9 Roten","twitter_card":"summary_large_image","twitter_misc":{"Escrito por":"Herv\u00e9 Roten","Tiempo de lectura":"2 minutos"},"schema":{"@context":"https:\/\/schema.org","@graph":[{"@type":"Article","@id":"https:\/\/www.iemj.org\/es\/le-chant-mystique-dans-la-tradition-juive\/#article","isPartOf":{"@id":"https:\/\/www.iemj.org\/es\/le-chant-mystique-dans-la-tradition-juive\/"},"author":{"name":"Herv\u00e9 Roten","@id":"https:\/\/www.iemj.org\/es\/#\/schema\/person\/906134402c29d5c76e7b726261dd4bbd"},"headline":"El canto m\u00edstico en la tradici\u00f3n jud\u00eda","datePublished":"2013-09-18T11:48:53+00:00","dateModified":"2024-01-29T15:35:59+00:00","mainEntityOfPage":{"@id":"https:\/\/www.iemj.org\/es\/le-chant-mystique-dans-la-tradition-juive\/"},"wordCount":232,"publisher":{"@id":"https:\/\/www.iemj.org\/es\/#organization"},"image":{"@id":"https:\/\/www.iemj.org\/es\/le-chant-mystique-dans-la-tradition-juive\/#primaryimage"},"thumbnailUrl":"https:\/\/www.iemj.org\/wp-content\/uploads\/2013\/09\/arton747.jpg","articleSection":["Clases \/ Conferencias","Manifestaciones"],"inLanguage":"es"},{"@type":"WebPage","@id":"https:\/\/www.iemj.org\/es\/le-chant-mystique-dans-la-tradition-juive\/","url":"https:\/\/www.iemj.org\/es\/le-chant-mystique-dans-la-tradition-juive\/","name":"El canto m\u00edstico en la tradici\u00f3n jud\u00eda - Institut Europ\u00e9en des Musiques Juives","isPartOf":{"@id":"https:\/\/www.iemj.org\/es\/#website"},"primaryImageOfPage":{"@id":"https:\/\/www.iemj.org\/es\/le-chant-mystique-dans-la-tradition-juive\/#primaryimage"},"image":{"@id":"https:\/\/www.iemj.org\/es\/le-chant-mystique-dans-la-tradition-juive\/#primaryimage"},"thumbnailUrl":"https:\/\/www.iemj.org\/wp-content\/uploads\/2013\/09\/arton747.jpg","datePublished":"2013-09-18T11:48:53+00:00","dateModified":"2024-01-29T15:35:59+00:00","breadcrumb":{"@id":"https:\/\/www.iemj.org\/es\/le-chant-mystique-dans-la-tradition-juive\/#breadcrumb"},"inLanguage":"es","potentialAction":[{"@type":"ReadAction","target":["https:\/\/www.iemj.org\/es\/le-chant-mystique-dans-la-tradition-juive\/"]}]},{"@type":"ImageObject","inLanguage":"es","@id":"https:\/\/www.iemj.org\/es\/le-chant-mystique-dans-la-tradition-juive\/#primaryimage","url":"https:\/\/www.iemj.org\/wp-content\/uploads\/2013\/09\/arton747.jpg","contentUrl":"https:\/\/www.iemj.org\/wp-content\/uploads\/2013\/09\/arton747.jpg","width":251,"height":400},{"@type":"BreadcrumbList","@id":"https:\/\/www.iemj.org\/es\/le-chant-mystique-dans-la-tradition-juive\/#breadcrumb","itemListElement":[{"@type":"ListItem","position":1,"name":"Accueil","item":"https:\/\/www.iemj.org\/es\/"},{"@type":"ListItem","position":2,"name":"El canto m\u00edstico en la tradici\u00f3n jud\u00eda"}]},{"@type":"WebSite","@id":"https:\/\/www.iemj.org\/es\/#website","url":"https:\/\/www.iemj.org\/es\/","name":"Institut Europ\u00e9en des Musiques Juives","description":"Des traditions musicales \u00e0 la port\u00e9e de tous","publisher":{"@id":"https:\/\/www.iemj.org\/es\/#organization"},"potentialAction":[{"@type":"SearchAction","target":{"@type":"EntryPoint","urlTemplate":"https:\/\/www.iemj.org\/es\/?s={search_term_string}"},"query-input":{"@type":"PropertyValueSpecification","valueRequired":true,"valueName":"search_term_string"}}],"inLanguage":"es"},{"@type":"Organization","@id":"https:\/\/www.iemj.org\/es\/#organization","name":"Institut Europ\u00e9en des Musiques Juives","url":"https:\/\/www.iemj.org\/es\/","logo":{"@type":"ImageObject","inLanguage":"es","@id":"https:\/\/www.iemj.org\/es\/#\/schema\/logo\/image\/","url":"https:\/\/www.iemj.org\/wp-content\/uploads\/2021\/09\/Logo-IEMJ-Paypal.jpg","contentUrl":"https:\/\/www.iemj.org\/wp-content\/uploads\/2021\/09\/Logo-IEMJ-Paypal.jpg","width":150,"height":50,"caption":"Institut Europ\u00e9en des Musiques Juives"},"image":{"@id":"https:\/\/www.iemj.org\/es\/#\/schema\/logo\/image\/"},"sameAs":["https:\/\/www.facebook.com\/MusiquesJuives\/","https:\/\/www.instagram.com\/musiquesjuives\/","https:\/\/www.youtube.com\/user\/musiquesjuives"]},{"@type":"Person","@id":"https:\/\/www.iemj.org\/es\/#\/schema\/person\/906134402c29d5c76e7b726261dd4bbd","name":"Herv\u00e9 Roten","image":{"@type":"ImageObject","inLanguage":"es","@id":"https:\/\/secure.gravatar.com\/avatar\/f96ad2db538a26481f18384936b5cd0610c92d390c4dc382209216d455f685ff?s=96&d=mm&r=g","url":"https:\/\/secure.gravatar.com\/avatar\/f96ad2db538a26481f18384936b5cd0610c92d390c4dc382209216d455f685ff?s=96&d=mm&r=g","contentUrl":"https:\/\/secure.gravatar.com\/avatar\/f96ad2db538a26481f18384936b5cd0610c92d390c4dc382209216d455f685ff?s=96&d=mm&r=g","caption":"Herv\u00e9 Roten"}}]}},"_links":{"self":[{"href":"https:\/\/www.iemj.org\/es\/wp-json\/wp\/v2\/posts\/108382","targetHints":{"allow":["GET"]}}],"collection":[{"href":"https:\/\/www.iemj.org\/es\/wp-json\/wp\/v2\/posts"}],"about":[{"href":"https:\/\/www.iemj.org\/es\/wp-json\/wp\/v2\/types\/post"}],"author":[{"embeddable":true,"href":"https:\/\/www.iemj.org\/es\/wp-json\/wp\/v2\/users\/1045"}],"replies":[{"embeddable":true,"href":"https:\/\/www.iemj.org\/es\/wp-json\/wp\/v2\/comments?post=108382"}],"version-history":[{"count":0,"href":"https:\/\/www.iemj.org\/es\/wp-json\/wp\/v2\/posts\/108382\/revisions"}],"wp:featuredmedia":[{"embeddable":true,"href":"https:\/\/www.iemj.org\/es\/wp-json\/wp\/v2\/media\/108383"}],"wp:attachment":[{"href":"https:\/\/www.iemj.org\/es\/wp-json\/wp\/v2\/media?parent=108382"}],"wp:term":[{"taxonomy":"category","embeddable":true,"href":"https:\/\/www.iemj.org\/es\/wp-json\/wp\/v2\/categories?post=108382"},{"taxonomy":"post_tag","embeddable":true,"href":"https:\/\/www.iemj.org\/es\/wp-json\/wp\/v2\/tags?post=108382"},{"taxonomy":"technique","embeddable":true,"href":"https:\/\/www.iemj.org\/es\/wp-json\/wp\/v2\/technique?post=108382"},{"taxonomy":"squelettes","embeddable":true,"href":"https:\/\/www.iemj.org\/es\/wp-json\/wp\/v2\/squelettes?post=108382"},{"taxonomy":"sujet","embeddable":true,"href":"https:\/\/www.iemj.org\/es\/wp-json\/wp\/v2\/sujet?post=108382"},{"taxonomy":"formation","embeddable":true,"href":"https:\/\/www.iemj.org\/es\/wp-json\/wp\/v2\/formation?post=108382"},{"taxonomy":"genre","embeddable":true,"href":"https:\/\/www.iemj.org\/es\/wp-json\/wp\/v2\/genre?post=108382"},{"taxonomy":"fonds","embeddable":true,"href":"https:\/\/www.iemj.org\/es\/wp-json\/wp\/v2\/fonds?post=108382"},{"taxonomy":"tradition","embeddable":true,"href":"https:\/\/www.iemj.org\/es\/wp-json\/wp\/v2\/tradition?post=108382"},{"taxonomy":"type-de-contenu","embeddable":true,"href":"https:\/\/www.iemj.org\/es\/wp-json\/wp\/v2\/type-de-contenu?post=108382"},{"taxonomy":"interprete-compositeur","embeddable":true,"href":"https:\/\/www.iemj.org\/es\/wp-json\/wp\/v2\/interprete-compositeur?post=108382"},{"taxonomy":"frise","embeddable":true,"href":"https:\/\/www.iemj.org\/es\/wp-json\/wp\/v2\/frise?post=108382"},{"taxonomy":"type-devenement","embeddable":true,"href":"https:\/\/www.iemj.org\/es\/wp-json\/wp\/v2\/type-devenement?post=108382"},{"taxonomy":"tableaux-liens-externes","embeddable":true,"href":"https:\/\/www.iemj.org\/es\/wp-json\/wp\/v2\/tableaux-liens-externes?post=108382"}],"curies":[{"name":"wp","href":"https:\/\/api.w.org\/{rel}","templated":true}]}}