{"id":108422,"date":"2012-11-26T10:13:21","date_gmt":"2012-11-26T09:13:21","guid":{"rendered":"https:\/\/www.iemj.org\/musiques-traditionnelles-et-liturgiques-des-juifs-dalgerie\/"},"modified":"2024-01-29T17:08:54","modified_gmt":"2024-01-29T16:08:54","slug":"musiques-traditionnelles-et-liturgiques-des-juifs-dalgerie","status":"publish","type":"post","link":"https:\/\/www.iemj.org\/es\/musiques-traditionnelles-et-liturgiques-des-juifs-dalgerie\/","title":{"rendered":"M\u00fasicas tradicionales y lit\u00fargicas de los jud\u00edos argelinos"},"content":{"rendered":"<p class=\"post_excerpt\"><strong>DOMINGO 9 DE DICIEMBRE DE 2012, 15.00 y 17.00 horas<\/strong><\/p>\n<p><strong>Concierto y conferencia en el Museo de Arte e Historia del Juda\u00edsmo &#8211; 71 rue du Temple, 75003 Par\u00eds<\/strong><\/p>\n<p><!--more--><br \/>\nEn el marco de la exposici\u00f3n <em>Juifs d&#8217;Alg\u00e9rie<\/em> (28 de septiembre de 2012 &#8211; 27 de enero de 2013), el Mus\u00e9e d&#8217;Art et d&#8217;Histoire du Juda\u00efsme y el Institut Europ\u00e9en des Musiques Juives organizan un concierto excepcional de m\u00fasica tradicional y lit\u00fargica jud\u00eda argelina.<\/p>\n<p>Los cantores Philippe Darmon, Yohan Bismuth, Ylane Zerbib y el cantante y pianista Paul Sultan, acompa\u00f1ados por un conjunto instrumental tradicional, interpretar\u00e1n las grandes melod\u00edas de las comunidades jud\u00edas de Argel, Constantina y Or\u00e1n&#8230;<\/p>\n<p>El concierto, que empezar\u00e1 a las 17.00 horas, ir\u00e1 precedido de una conferencia sobre las m\u00fasicas de los jud\u00edos de Argelia a cargo de Herv\u00e9 Roten, Director del Institut Europ\u00e9en des Musiques Juives. Ilustrada por varios extractos sonoros, esta conferencia ofrecer\u00e1 un amplio panorama de las m\u00fasicas lit\u00fargicas, eruditas y populares de los jud\u00edos de Argelia, del rito de Tlemc\u00e9nien al malouf constantiniano, de las canciones franco-\u00e1rabes a los cabarets de m\u00fasica oriental.<\/p>\n<p>En esta ocasi\u00f3n, Herve Roten presentar\u00e1 el \u00faltimo CD de la colecci\u00f3n <em>Patrimoines Musicaux des Juifs de France<\/em>, titulado <em>Les psaumes des Juifs de Constantine<\/em>. Este CD se vender\u00e1 como anticipo en la biblioteca del MAHJ y estar\u00e1 firmado por los artistas que han colaborado en \u00e9l.<\/p>\n<p>Se recomienda encarecidamente reservar en el Mus\u00e9e d&#8217;Art et d&#8217;Histoire du Juda\u00efsme &#8211; H\u00f4tel de Saint-Aignan, 71, rue du Temple, 75003 Par\u00eds<br \/>\ntel.: 01 53 01 86 53<\/p>\n<p>Precios: concierto: 15 \u20ac; conferencia: 5 \u20ac, conferencia y concierto: 18 \u20ac<br \/>\n<strong>Tarifa especial para miembros del IEMJ: conferencia y concierto (previa presentaci\u00f3n del carn\u00e9): 15 \u20ac<\/strong><\/p>\n<figure id=\"attachment_5149\" aria-describedby=\"caption-attachment-5149\" style=\"width: 640px\" class=\"wp-caption aligncenter\"><img fetchpriority=\"high\" decoding=\"async\" class=\" aligncenter size-full wp-image-5149\" title=\"Soci\u00e9t\u00e9 de Charit\u00e9 (Constantine)\" src=\"https:\/\/www.iemj.org\/wp-content\/uploads\/2012\/11\/a_ssara_batlanim_avec_rebbi_reoubene_guedj_recadre_site.jpg\" alt=\"Soci\u00e9t\u00e9 de Charit\u00e9 (Constantine)\" width=\"640\" height=\"480\" align=\"center\" srcset=\"https:\/\/www.iemj.org\/wp-content\/uploads\/2012\/11\/a_ssara_batlanim_avec_rebbi_reoubene_guedj_recadre_site.jpg 640w, https:\/\/www.iemj.org\/wp-content\/uploads\/2012\/11\/a_ssara_batlanim_avec_rebbi_reoubene_guedj_recadre_site-300x225.jpg 300w, https:\/\/www.iemj.org\/wp-content\/uploads\/2012\/11\/a_ssara_batlanim_avec_rebbi_reoubene_guedj_recadre_site-600x450.jpg 600w\" sizes=\"(max-width: 640px) 100vw, 640px\" \/><figcaption id=\"caption-attachment-5149\" class=\"wp-caption-text\">Soci\u00e9t\u00e9 de Charit\u00e9 (Constantine)<\/figcaption><\/figure>\n","protected":false},"excerpt":{"rendered":"<p>DOMINGO 9 DE DICIEMBRE DE 2012, 15.00 y 17.00 horas Concierto y conferencia en el Museo de Arte e Historia del Juda\u00edsmo &#8211; 71 rue du Temple, 75003 Par\u00eds<\/p>\n","protected":false},"author":1045,"featured_media":39580,"comment_status":"closed","ping_status":"open","sticky":false,"template":"","format":"standard","meta":{"_acf_changed":false,"footnotes":""},"categories":[1380,1372],"tags":[],"technique":[],"squelettes":[],"sujet":[],"formation":[],"genre":[],"fonds":[],"tradition":[],"type-de-contenu":[],"interprete-compositeur":[],"frise":[],"type-devenement":[],"tableaux-liens-externes":[],"class_list":["post-108422","post","type-post","status-publish","format-standard","has-post-thumbnail","hentry","category-conciertos-manifestaciones-es","category-manifestaciones-es"],"acf":[],"yoast_head":"<!-- This site is optimized with the Yoast SEO plugin v27.3 - https:\/\/yoast.com\/product\/yoast-seo-wordpress\/ -->\n<title>M\u00fasicas tradicionales y lit\u00fargicas de los jud\u00edos argelinos - Institut Europ\u00e9en des Musiques Juives<\/title>\n<meta name=\"robots\" content=\"index, follow, max-snippet:-1, max-image-preview:large, max-video-preview:-1\" \/>\n<link rel=\"canonical\" href=\"https:\/\/www.iemj.org\/es\/musiques-traditionnelles-et-liturgiques-des-juifs-dalgerie\/\" \/>\n<meta property=\"og:locale\" content=\"es_ES\" \/>\n<meta property=\"og:type\" content=\"article\" \/>\n<meta property=\"og:title\" content=\"M\u00fasicas tradicionales y lit\u00fargicas de los jud\u00edos argelinos - Institut Europ\u00e9en des Musiques Juives\" \/>\n<meta property=\"og:description\" content=\"DOMINGO 9 DE DICIEMBRE DE 2012, 15.00 y 17.00 horas Concierto y conferencia en el Museo de Arte e Historia del Juda\u00edsmo &#8211; 71 rue du Temple, 75003 Par\u00eds\" \/>\n<meta property=\"og:url\" content=\"https:\/\/www.iemj.org\/es\/musiques-traditionnelles-et-liturgiques-des-juifs-dalgerie\/\" \/>\n<meta property=\"og:site_name\" content=\"Institut Europ\u00e9en des Musiques Juives\" \/>\n<meta property=\"article:publisher\" content=\"https:\/\/www.facebook.com\/MusiquesJuives\/\" \/>\n<meta property=\"article:published_time\" content=\"2012-11-26T09:13:21+00:00\" \/>\n<meta property=\"article:modified_time\" content=\"2024-01-29T16:08:54+00:00\" \/>\n<meta property=\"og:image\" content=\"https:\/\/www.iemj.org\/wp-content\/uploads\/2012\/11\/arton584-e1620117941777.jpg\" \/>\n\t<meta property=\"og:image:width\" content=\"350\" \/>\n\t<meta property=\"og:image:height\" content=\"319\" \/>\n\t<meta property=\"og:image:type\" content=\"image\/jpeg\" \/>\n<meta name=\"author\" content=\"Herv\u00e9 Roten\" \/>\n<meta name=\"twitter:card\" content=\"summary_large_image\" \/>\n<meta name=\"twitter:label1\" content=\"Escrito por\" \/>\n\t<meta name=\"twitter:data1\" content=\"Herv\u00e9 Roten\" \/>\n\t<meta name=\"twitter:label2\" content=\"Tiempo de lectura\" \/>\n\t<meta name=\"twitter:data2\" content=\"2 minutos\" \/>\n<script type=\"application\/ld+json\" class=\"yoast-schema-graph\">{\"@context\":\"https:\\\/\\\/schema.org\",\"@graph\":[{\"@type\":\"Article\",\"@id\":\"https:\\\/\\\/www.iemj.org\\\/es\\\/musiques-traditionnelles-et-liturgiques-des-juifs-dalgerie\\\/#article\",\"isPartOf\":{\"@id\":\"https:\\\/\\\/www.iemj.org\\\/es\\\/musiques-traditionnelles-et-liturgiques-des-juifs-dalgerie\\\/\"},\"author\":{\"name\":\"Herv\u00e9 Roten\",\"@id\":\"https:\\\/\\\/www.iemj.org\\\/es\\\/#\\\/schema\\\/person\\\/906134402c29d5c76e7b726261dd4bbd\"},\"headline\":\"M\u00fasicas tradicionales y lit\u00fargicas de los jud\u00edos argelinos\",\"datePublished\":\"2012-11-26T09:13:21+00:00\",\"dateModified\":\"2024-01-29T16:08:54+00:00\",\"mainEntityOfPage\":{\"@id\":\"https:\\\/\\\/www.iemj.org\\\/es\\\/musiques-traditionnelles-et-liturgiques-des-juifs-dalgerie\\\/\"},\"wordCount\":315,\"publisher\":{\"@id\":\"https:\\\/\\\/www.iemj.org\\\/es\\\/#organization\"},\"image\":{\"@id\":\"https:\\\/\\\/www.iemj.org\\\/es\\\/musiques-traditionnelles-et-liturgiques-des-juifs-dalgerie\\\/#primaryimage\"},\"thumbnailUrl\":\"https:\\\/\\\/www.iemj.org\\\/wp-content\\\/uploads\\\/2012\\\/11\\\/arton584-e1620117941777.jpg\",\"articleSection\":[\"Conciertos\",\"Manifestaciones\"],\"inLanguage\":\"es\"},{\"@type\":\"WebPage\",\"@id\":\"https:\\\/\\\/www.iemj.org\\\/es\\\/musiques-traditionnelles-et-liturgiques-des-juifs-dalgerie\\\/\",\"url\":\"https:\\\/\\\/www.iemj.org\\\/es\\\/musiques-traditionnelles-et-liturgiques-des-juifs-dalgerie\\\/\",\"name\":\"M\u00fasicas tradicionales y lit\u00fargicas de los jud\u00edos argelinos - Institut Europ\u00e9en des Musiques Juives\",\"isPartOf\":{\"@id\":\"https:\\\/\\\/www.iemj.org\\\/es\\\/#website\"},\"primaryImageOfPage\":{\"@id\":\"https:\\\/\\\/www.iemj.org\\\/es\\\/musiques-traditionnelles-et-liturgiques-des-juifs-dalgerie\\\/#primaryimage\"},\"image\":{\"@id\":\"https:\\\/\\\/www.iemj.org\\\/es\\\/musiques-traditionnelles-et-liturgiques-des-juifs-dalgerie\\\/#primaryimage\"},\"thumbnailUrl\":\"https:\\\/\\\/www.iemj.org\\\/wp-content\\\/uploads\\\/2012\\\/11\\\/arton584-e1620117941777.jpg\",\"datePublished\":\"2012-11-26T09:13:21+00:00\",\"dateModified\":\"2024-01-29T16:08:54+00:00\",\"breadcrumb\":{\"@id\":\"https:\\\/\\\/www.iemj.org\\\/es\\\/musiques-traditionnelles-et-liturgiques-des-juifs-dalgerie\\\/#breadcrumb\"},\"inLanguage\":\"es\",\"potentialAction\":[{\"@type\":\"ReadAction\",\"target\":[\"https:\\\/\\\/www.iemj.org\\\/es\\\/musiques-traditionnelles-et-liturgiques-des-juifs-dalgerie\\\/\"]}]},{\"@type\":\"ImageObject\",\"inLanguage\":\"es\",\"@id\":\"https:\\\/\\\/www.iemj.org\\\/es\\\/musiques-traditionnelles-et-liturgiques-des-juifs-dalgerie\\\/#primaryimage\",\"url\":\"https:\\\/\\\/www.iemj.org\\\/wp-content\\\/uploads\\\/2012\\\/11\\\/arton584-e1620117941777.jpg\",\"contentUrl\":\"https:\\\/\\\/www.iemj.org\\\/wp-content\\\/uploads\\\/2012\\\/11\\\/arton584-e1620117941777.jpg\",\"width\":350,\"height\":319},{\"@type\":\"BreadcrumbList\",\"@id\":\"https:\\\/\\\/www.iemj.org\\\/es\\\/musiques-traditionnelles-et-liturgiques-des-juifs-dalgerie\\\/#breadcrumb\",\"itemListElement\":[{\"@type\":\"ListItem\",\"position\":1,\"name\":\"Accueil\",\"item\":\"https:\\\/\\\/www.iemj.org\\\/es\\\/\"},{\"@type\":\"ListItem\",\"position\":2,\"name\":\"M\u00fasicas tradicionales y lit\u00fargicas de los jud\u00edos argelinos\"}]},{\"@type\":\"WebSite\",\"@id\":\"https:\\\/\\\/www.iemj.org\\\/es\\\/#website\",\"url\":\"https:\\\/\\\/www.iemj.org\\\/es\\\/\",\"name\":\"Institut Europ\u00e9en des Musiques Juives\",\"description\":\"Des traditions musicales \u00e0 la port\u00e9e de tous\",\"publisher\":{\"@id\":\"https:\\\/\\\/www.iemj.org\\\/es\\\/#organization\"},\"potentialAction\":[{\"@type\":\"SearchAction\",\"target\":{\"@type\":\"EntryPoint\",\"urlTemplate\":\"https:\\\/\\\/www.iemj.org\\\/es\\\/?s={search_term_string}\"},\"query-input\":{\"@type\":\"PropertyValueSpecification\",\"valueRequired\":true,\"valueName\":\"search_term_string\"}}],\"inLanguage\":\"es\"},{\"@type\":\"Organization\",\"@id\":\"https:\\\/\\\/www.iemj.org\\\/es\\\/#organization\",\"name\":\"Institut Europ\u00e9en des Musiques Juives\",\"url\":\"https:\\\/\\\/www.iemj.org\\\/es\\\/\",\"logo\":{\"@type\":\"ImageObject\",\"inLanguage\":\"es\",\"@id\":\"https:\\\/\\\/www.iemj.org\\\/es\\\/#\\\/schema\\\/logo\\\/image\\\/\",\"url\":\"https:\\\/\\\/www.iemj.org\\\/wp-content\\\/uploads\\\/2021\\\/09\\\/Logo-IEMJ-Paypal.jpg\",\"contentUrl\":\"https:\\\/\\\/www.iemj.org\\\/wp-content\\\/uploads\\\/2021\\\/09\\\/Logo-IEMJ-Paypal.jpg\",\"width\":150,\"height\":50,\"caption\":\"Institut Europ\u00e9en des Musiques Juives\"},\"image\":{\"@id\":\"https:\\\/\\\/www.iemj.org\\\/es\\\/#\\\/schema\\\/logo\\\/image\\\/\"},\"sameAs\":[\"https:\\\/\\\/www.facebook.com\\\/MusiquesJuives\\\/\",\"https:\\\/\\\/www.instagram.com\\\/musiquesjuives\\\/\",\"https:\\\/\\\/www.youtube.com\\\/user\\\/musiquesjuives\"]},{\"@type\":\"Person\",\"@id\":\"https:\\\/\\\/www.iemj.org\\\/es\\\/#\\\/schema\\\/person\\\/906134402c29d5c76e7b726261dd4bbd\",\"name\":\"Herv\u00e9 Roten\",\"image\":{\"@type\":\"ImageObject\",\"inLanguage\":\"es\",\"@id\":\"https:\\\/\\\/secure.gravatar.com\\\/avatar\\\/f96ad2db538a26481f18384936b5cd0610c92d390c4dc382209216d455f685ff?s=96&d=mm&r=g\",\"url\":\"https:\\\/\\\/secure.gravatar.com\\\/avatar\\\/f96ad2db538a26481f18384936b5cd0610c92d390c4dc382209216d455f685ff?s=96&d=mm&r=g\",\"contentUrl\":\"https:\\\/\\\/secure.gravatar.com\\\/avatar\\\/f96ad2db538a26481f18384936b5cd0610c92d390c4dc382209216d455f685ff?s=96&d=mm&r=g\",\"caption\":\"Herv\u00e9 Roten\"}}]}<\/script>\n<!-- \/ Yoast SEO plugin. -->","yoast_head_json":{"title":"M\u00fasicas tradicionales y lit\u00fargicas de los jud\u00edos argelinos - Institut Europ\u00e9en des Musiques Juives","robots":{"index":"index","follow":"follow","max-snippet":"max-snippet:-1","max-image-preview":"max-image-preview:large","max-video-preview":"max-video-preview:-1"},"canonical":"https:\/\/www.iemj.org\/es\/musiques-traditionnelles-et-liturgiques-des-juifs-dalgerie\/","og_locale":"es_ES","og_type":"article","og_title":"M\u00fasicas tradicionales y lit\u00fargicas de los jud\u00edos argelinos - Institut Europ\u00e9en des Musiques Juives","og_description":"DOMINGO 9 DE DICIEMBRE DE 2012, 15.00 y 17.00 horas Concierto y conferencia en el Museo de Arte e Historia del Juda\u00edsmo &#8211; 71 rue du Temple, 75003 Par\u00eds","og_url":"https:\/\/www.iemj.org\/es\/musiques-traditionnelles-et-liturgiques-des-juifs-dalgerie\/","og_site_name":"Institut Europ\u00e9en des Musiques Juives","article_publisher":"https:\/\/www.facebook.com\/MusiquesJuives\/","article_published_time":"2012-11-26T09:13:21+00:00","article_modified_time":"2024-01-29T16:08:54+00:00","og_image":[{"width":350,"height":319,"url":"https:\/\/www.iemj.org\/wp-content\/uploads\/2012\/11\/arton584-e1620117941777.jpg","type":"image\/jpeg"}],"author":"Herv\u00e9 Roten","twitter_card":"summary_large_image","twitter_misc":{"Escrito por":"Herv\u00e9 Roten","Tiempo de lectura":"2 minutos"},"schema":{"@context":"https:\/\/schema.org","@graph":[{"@type":"Article","@id":"https:\/\/www.iemj.org\/es\/musiques-traditionnelles-et-liturgiques-des-juifs-dalgerie\/#article","isPartOf":{"@id":"https:\/\/www.iemj.org\/es\/musiques-traditionnelles-et-liturgiques-des-juifs-dalgerie\/"},"author":{"name":"Herv\u00e9 Roten","@id":"https:\/\/www.iemj.org\/es\/#\/schema\/person\/906134402c29d5c76e7b726261dd4bbd"},"headline":"M\u00fasicas tradicionales y lit\u00fargicas de los jud\u00edos argelinos","datePublished":"2012-11-26T09:13:21+00:00","dateModified":"2024-01-29T16:08:54+00:00","mainEntityOfPage":{"@id":"https:\/\/www.iemj.org\/es\/musiques-traditionnelles-et-liturgiques-des-juifs-dalgerie\/"},"wordCount":315,"publisher":{"@id":"https:\/\/www.iemj.org\/es\/#organization"},"image":{"@id":"https:\/\/www.iemj.org\/es\/musiques-traditionnelles-et-liturgiques-des-juifs-dalgerie\/#primaryimage"},"thumbnailUrl":"https:\/\/www.iemj.org\/wp-content\/uploads\/2012\/11\/arton584-e1620117941777.jpg","articleSection":["Conciertos","Manifestaciones"],"inLanguage":"es"},{"@type":"WebPage","@id":"https:\/\/www.iemj.org\/es\/musiques-traditionnelles-et-liturgiques-des-juifs-dalgerie\/","url":"https:\/\/www.iemj.org\/es\/musiques-traditionnelles-et-liturgiques-des-juifs-dalgerie\/","name":"M\u00fasicas tradicionales y lit\u00fargicas de los jud\u00edos argelinos - Institut Europ\u00e9en des Musiques Juives","isPartOf":{"@id":"https:\/\/www.iemj.org\/es\/#website"},"primaryImageOfPage":{"@id":"https:\/\/www.iemj.org\/es\/musiques-traditionnelles-et-liturgiques-des-juifs-dalgerie\/#primaryimage"},"image":{"@id":"https:\/\/www.iemj.org\/es\/musiques-traditionnelles-et-liturgiques-des-juifs-dalgerie\/#primaryimage"},"thumbnailUrl":"https:\/\/www.iemj.org\/wp-content\/uploads\/2012\/11\/arton584-e1620117941777.jpg","datePublished":"2012-11-26T09:13:21+00:00","dateModified":"2024-01-29T16:08:54+00:00","breadcrumb":{"@id":"https:\/\/www.iemj.org\/es\/musiques-traditionnelles-et-liturgiques-des-juifs-dalgerie\/#breadcrumb"},"inLanguage":"es","potentialAction":[{"@type":"ReadAction","target":["https:\/\/www.iemj.org\/es\/musiques-traditionnelles-et-liturgiques-des-juifs-dalgerie\/"]}]},{"@type":"ImageObject","inLanguage":"es","@id":"https:\/\/www.iemj.org\/es\/musiques-traditionnelles-et-liturgiques-des-juifs-dalgerie\/#primaryimage","url":"https:\/\/www.iemj.org\/wp-content\/uploads\/2012\/11\/arton584-e1620117941777.jpg","contentUrl":"https:\/\/www.iemj.org\/wp-content\/uploads\/2012\/11\/arton584-e1620117941777.jpg","width":350,"height":319},{"@type":"BreadcrumbList","@id":"https:\/\/www.iemj.org\/es\/musiques-traditionnelles-et-liturgiques-des-juifs-dalgerie\/#breadcrumb","itemListElement":[{"@type":"ListItem","position":1,"name":"Accueil","item":"https:\/\/www.iemj.org\/es\/"},{"@type":"ListItem","position":2,"name":"M\u00fasicas tradicionales y lit\u00fargicas de los jud\u00edos argelinos"}]},{"@type":"WebSite","@id":"https:\/\/www.iemj.org\/es\/#website","url":"https:\/\/www.iemj.org\/es\/","name":"Institut Europ\u00e9en des Musiques Juives","description":"Des traditions musicales \u00e0 la port\u00e9e de tous","publisher":{"@id":"https:\/\/www.iemj.org\/es\/#organization"},"potentialAction":[{"@type":"SearchAction","target":{"@type":"EntryPoint","urlTemplate":"https:\/\/www.iemj.org\/es\/?s={search_term_string}"},"query-input":{"@type":"PropertyValueSpecification","valueRequired":true,"valueName":"search_term_string"}}],"inLanguage":"es"},{"@type":"Organization","@id":"https:\/\/www.iemj.org\/es\/#organization","name":"Institut Europ\u00e9en des Musiques Juives","url":"https:\/\/www.iemj.org\/es\/","logo":{"@type":"ImageObject","inLanguage":"es","@id":"https:\/\/www.iemj.org\/es\/#\/schema\/logo\/image\/","url":"https:\/\/www.iemj.org\/wp-content\/uploads\/2021\/09\/Logo-IEMJ-Paypal.jpg","contentUrl":"https:\/\/www.iemj.org\/wp-content\/uploads\/2021\/09\/Logo-IEMJ-Paypal.jpg","width":150,"height":50,"caption":"Institut Europ\u00e9en des Musiques Juives"},"image":{"@id":"https:\/\/www.iemj.org\/es\/#\/schema\/logo\/image\/"},"sameAs":["https:\/\/www.facebook.com\/MusiquesJuives\/","https:\/\/www.instagram.com\/musiquesjuives\/","https:\/\/www.youtube.com\/user\/musiquesjuives"]},{"@type":"Person","@id":"https:\/\/www.iemj.org\/es\/#\/schema\/person\/906134402c29d5c76e7b726261dd4bbd","name":"Herv\u00e9 Roten","image":{"@type":"ImageObject","inLanguage":"es","@id":"https:\/\/secure.gravatar.com\/avatar\/f96ad2db538a26481f18384936b5cd0610c92d390c4dc382209216d455f685ff?s=96&d=mm&r=g","url":"https:\/\/secure.gravatar.com\/avatar\/f96ad2db538a26481f18384936b5cd0610c92d390c4dc382209216d455f685ff?s=96&d=mm&r=g","contentUrl":"https:\/\/secure.gravatar.com\/avatar\/f96ad2db538a26481f18384936b5cd0610c92d390c4dc382209216d455f685ff?s=96&d=mm&r=g","caption":"Herv\u00e9 Roten"}}]}},"_links":{"self":[{"href":"https:\/\/www.iemj.org\/es\/wp-json\/wp\/v2\/posts\/108422","targetHints":{"allow":["GET"]}}],"collection":[{"href":"https:\/\/www.iemj.org\/es\/wp-json\/wp\/v2\/posts"}],"about":[{"href":"https:\/\/www.iemj.org\/es\/wp-json\/wp\/v2\/types\/post"}],"author":[{"embeddable":true,"href":"https:\/\/www.iemj.org\/es\/wp-json\/wp\/v2\/users\/1045"}],"replies":[{"embeddable":true,"href":"https:\/\/www.iemj.org\/es\/wp-json\/wp\/v2\/comments?post=108422"}],"version-history":[{"count":0,"href":"https:\/\/www.iemj.org\/es\/wp-json\/wp\/v2\/posts\/108422\/revisions"}],"wp:featuredmedia":[{"embeddable":true,"href":"https:\/\/www.iemj.org\/es\/wp-json\/wp\/v2\/media\/39580"}],"wp:attachment":[{"href":"https:\/\/www.iemj.org\/es\/wp-json\/wp\/v2\/media?parent=108422"}],"wp:term":[{"taxonomy":"category","embeddable":true,"href":"https:\/\/www.iemj.org\/es\/wp-json\/wp\/v2\/categories?post=108422"},{"taxonomy":"post_tag","embeddable":true,"href":"https:\/\/www.iemj.org\/es\/wp-json\/wp\/v2\/tags?post=108422"},{"taxonomy":"technique","embeddable":true,"href":"https:\/\/www.iemj.org\/es\/wp-json\/wp\/v2\/technique?post=108422"},{"taxonomy":"squelettes","embeddable":true,"href":"https:\/\/www.iemj.org\/es\/wp-json\/wp\/v2\/squelettes?post=108422"},{"taxonomy":"sujet","embeddable":true,"href":"https:\/\/www.iemj.org\/es\/wp-json\/wp\/v2\/sujet?post=108422"},{"taxonomy":"formation","embeddable":true,"href":"https:\/\/www.iemj.org\/es\/wp-json\/wp\/v2\/formation?post=108422"},{"taxonomy":"genre","embeddable":true,"href":"https:\/\/www.iemj.org\/es\/wp-json\/wp\/v2\/genre?post=108422"},{"taxonomy":"fonds","embeddable":true,"href":"https:\/\/www.iemj.org\/es\/wp-json\/wp\/v2\/fonds?post=108422"},{"taxonomy":"tradition","embeddable":true,"href":"https:\/\/www.iemj.org\/es\/wp-json\/wp\/v2\/tradition?post=108422"},{"taxonomy":"type-de-contenu","embeddable":true,"href":"https:\/\/www.iemj.org\/es\/wp-json\/wp\/v2\/type-de-contenu?post=108422"},{"taxonomy":"interprete-compositeur","embeddable":true,"href":"https:\/\/www.iemj.org\/es\/wp-json\/wp\/v2\/interprete-compositeur?post=108422"},{"taxonomy":"frise","embeddable":true,"href":"https:\/\/www.iemj.org\/es\/wp-json\/wp\/v2\/frise?post=108422"},{"taxonomy":"type-devenement","embeddable":true,"href":"https:\/\/www.iemj.org\/es\/wp-json\/wp\/v2\/type-devenement?post=108422"},{"taxonomy":"tableaux-liens-externes","embeddable":true,"href":"https:\/\/www.iemj.org\/es\/wp-json\/wp\/v2\/tableaux-liens-externes?post=108422"}],"curies":[{"name":"wp","href":"https:\/\/api.w.org\/{rel}","templated":true}]}}