{"id":108479,"date":"2012-06-09T11:25:00","date_gmt":"2012-06-09T09:25:00","guid":{"rendered":"https:\/\/www.iemj.org\/viie-universite-dete-de-linstitut-maimonide-montpellier\/"},"modified":"2024-01-30T10:57:49","modified_gmt":"2024-01-30T09:57:49","slug":"viie-universite-dete-de-linstitut-maimonide-montpellier","status":"publish","type":"post","link":"https:\/\/www.iemj.org\/es\/viie-universite-dete-de-linstitut-maimonide-montpellier\/","title":{"rendered":"7\u00aa Universidad de Verano del Institut Ma\u00efmonide &#8211; Montpellier"},"content":{"rendered":"<p class=\"post_excerpt\">DEL 5 AL 12 DE JULIO DE 2012 &#8211; ESPACE CULTUEL HEBRAIQUE MEDIEVAL DE L&#8217;INSTITUT MAIMONIDE<\/p>\n<p><!--more--><br \/>\n<strong>PROGRAMA<\/strong><\/p>\n<p><strong>Jueves 5 de julio de 2012, 20:00 h<\/strong><br \/>\nSalle Don Profiat &#8211; Espace cultuel h\u00e9bra\u00efque m\u00e9di\u00e9val &#8211; Institut Ma\u00efmonide<br \/>\n<strong>\u00abM\u00fasica jud\u00eda y liturgia &#8211; de los salmos de David al servicio sagrado de Darius Milhaud\u00bb.<\/strong><br \/>\npor Herv\u00e9 ROTEN, etnomusic\u00f3logo, Director del Centre Fran\u00e7ais des Musiques Juives<\/p>\n<p><strong>Lunes 9 de julio de 2012, 20:00 h<\/strong><br \/>\nMikv\u00e9 medieval &#8211; Espacio de culto hebreo medieval &#8211; Institut Ma\u00efmonide<br \/>\n<strong>\u00abLa itinerancia sefard\u00ed\u00bb<\/strong><br \/>\npor Suzana AZQUINEZER, cuentacuentos<\/p>\n<p><strong>Jueves 12 de julio de 2012, 18.30 h<\/strong><br \/>\nSalle Don Profiat &#8211; Espace cultuel h\u00e9bra\u00efque m\u00e9di\u00e9val &#8211; Institut Ma\u00efmonide<br \/>\n<strong>\u00abSoy un franc\u00e9s de Provenza de fe jud\u00eda&#8230;<\/strong><br \/>\n<strong>Darius Milhaud, compositor franc\u00e9s del siglo XX\u00bb.<\/strong><br \/>\npor Micha\u00ebl IANCU, historiador<\/p>\n<p>seguido de un <strong>CONCIERTO DE M\u00daSICAS JUD\u00cdAS <\/strong>a cargo de Sarah IANCU, violonchelista<\/p>\n<p><a href=\"https:\/\/www.iemj.org\/wp-content\/uploads\/2012\/06\/maimonide_programme_universite_d_ete.pdf\" target=\"_blank\" rel=\"noopener\">Programa Maim\u00f3nides Universidad de Verano 2012<\/a><\/p>\n","protected":false},"excerpt":{"rendered":"<p>DEL 5 AL 12 DE JULIO DE 2012 &#8211; ESPACE CULTUEL HEBRAIQUE MEDIEVAL DE L&#8217;INSTITUT MAIMONIDE<\/p>\n","protected":false},"author":1045,"featured_media":108480,"comment_status":"closed","ping_status":"open","sticky":false,"template":"","format":"standard","meta":{"_acf_changed":false,"footnotes":""},"categories":[1384,1372],"tags":[],"technique":[],"squelettes":[],"sujet":[],"formation":[],"genre":[],"fonds":[],"tradition":[],"type-de-contenu":[],"interprete-compositeur":[],"frise":[],"type-devenement":[],"tableaux-liens-externes":[],"class_list":["post-108479","post","type-post","status-publish","format-standard","has-post-thumbnail","hentry","category-clases-conferencias-es","category-manifestaciones-es"],"acf":[],"yoast_head":"<!-- This site is optimized with the Yoast SEO plugin v27.3 - https:\/\/yoast.com\/product\/yoast-seo-wordpress\/ -->\n<title>7\u00aa Universidad de Verano del Institut Ma\u00efmonide - Montpellier - Institut Europ\u00e9en des Musiques Juives<\/title>\n<meta name=\"robots\" content=\"index, follow, max-snippet:-1, max-image-preview:large, max-video-preview:-1\" \/>\n<link rel=\"canonical\" href=\"https:\/\/www.iemj.org\/es\/viie-universite-dete-de-linstitut-maimonide-montpellier\/\" \/>\n<meta property=\"og:locale\" content=\"es_ES\" \/>\n<meta property=\"og:type\" content=\"article\" \/>\n<meta property=\"og:title\" content=\"7\u00aa Universidad de Verano del Institut Ma\u00efmonide - Montpellier - Institut Europ\u00e9en des Musiques Juives\" \/>\n<meta property=\"og:description\" content=\"DEL 5 AL 12 DE JULIO DE 2012 &#8211; ESPACE CULTUEL HEBRAIQUE MEDIEVAL DE L&#8217;INSTITUT MAIMONIDE\" \/>\n<meta property=\"og:url\" content=\"https:\/\/www.iemj.org\/es\/viie-universite-dete-de-linstitut-maimonide-montpellier\/\" \/>\n<meta property=\"og:site_name\" content=\"Institut Europ\u00e9en des Musiques Juives\" \/>\n<meta property=\"article:publisher\" content=\"https:\/\/www.facebook.com\/MusiquesJuives\/\" \/>\n<meta property=\"article:published_time\" content=\"2012-06-09T09:25:00+00:00\" \/>\n<meta property=\"article:modified_time\" content=\"2024-01-30T09:57:49+00:00\" \/>\n<meta property=\"og:image\" content=\"https:\/\/www.iemj.org\/wp-content\/uploads\/2012\/06\/arton503.jpg\" \/>\n\t<meta property=\"og:image:width\" content=\"185\" \/>\n\t<meta property=\"og:image:height\" content=\"250\" \/>\n\t<meta property=\"og:image:type\" content=\"image\/jpeg\" \/>\n<meta name=\"author\" content=\"Herv\u00e9 Roten\" \/>\n<meta name=\"twitter:card\" content=\"summary_large_image\" \/>\n<meta name=\"twitter:label1\" content=\"Escrito por\" \/>\n\t<meta name=\"twitter:data1\" content=\"Herv\u00e9 Roten\" \/>\n\t<meta name=\"twitter:label2\" content=\"Tiempo de lectura\" \/>\n\t<meta name=\"twitter:data2\" content=\"1 minuto\" \/>\n<script type=\"application\/ld+json\" class=\"yoast-schema-graph\">{\"@context\":\"https:\\\/\\\/schema.org\",\"@graph\":[{\"@type\":\"Article\",\"@id\":\"https:\\\/\\\/www.iemj.org\\\/es\\\/viie-universite-dete-de-linstitut-maimonide-montpellier\\\/#article\",\"isPartOf\":{\"@id\":\"https:\\\/\\\/www.iemj.org\\\/es\\\/viie-universite-dete-de-linstitut-maimonide-montpellier\\\/\"},\"author\":{\"name\":\"Herv\u00e9 Roten\",\"@id\":\"https:\\\/\\\/www.iemj.org\\\/es\\\/#\\\/schema\\\/person\\\/906134402c29d5c76e7b726261dd4bbd\"},\"headline\":\"7\u00aa Universidad de Verano del Institut Ma\u00efmonide &#8211; Montpellier\",\"datePublished\":\"2012-06-09T09:25:00+00:00\",\"dateModified\":\"2024-01-30T09:57:49+00:00\",\"mainEntityOfPage\":{\"@id\":\"https:\\\/\\\/www.iemj.org\\\/es\\\/viie-universite-dete-de-linstitut-maimonide-montpellier\\\/\"},\"wordCount\":165,\"publisher\":{\"@id\":\"https:\\\/\\\/www.iemj.org\\\/es\\\/#organization\"},\"image\":{\"@id\":\"https:\\\/\\\/www.iemj.org\\\/es\\\/viie-universite-dete-de-linstitut-maimonide-montpellier\\\/#primaryimage\"},\"thumbnailUrl\":\"https:\\\/\\\/www.iemj.org\\\/wp-content\\\/uploads\\\/2012\\\/06\\\/arton503.jpg\",\"articleSection\":[\"Clases \\\/ Conferencias\",\"Manifestaciones\"],\"inLanguage\":\"es\"},{\"@type\":\"WebPage\",\"@id\":\"https:\\\/\\\/www.iemj.org\\\/es\\\/viie-universite-dete-de-linstitut-maimonide-montpellier\\\/\",\"url\":\"https:\\\/\\\/www.iemj.org\\\/es\\\/viie-universite-dete-de-linstitut-maimonide-montpellier\\\/\",\"name\":\"7\u00aa Universidad de Verano del Institut Ma\u00efmonide - Montpellier - Institut Europ\u00e9en des Musiques Juives\",\"isPartOf\":{\"@id\":\"https:\\\/\\\/www.iemj.org\\\/es\\\/#website\"},\"primaryImageOfPage\":{\"@id\":\"https:\\\/\\\/www.iemj.org\\\/es\\\/viie-universite-dete-de-linstitut-maimonide-montpellier\\\/#primaryimage\"},\"image\":{\"@id\":\"https:\\\/\\\/www.iemj.org\\\/es\\\/viie-universite-dete-de-linstitut-maimonide-montpellier\\\/#primaryimage\"},\"thumbnailUrl\":\"https:\\\/\\\/www.iemj.org\\\/wp-content\\\/uploads\\\/2012\\\/06\\\/arton503.jpg\",\"datePublished\":\"2012-06-09T09:25:00+00:00\",\"dateModified\":\"2024-01-30T09:57:49+00:00\",\"breadcrumb\":{\"@id\":\"https:\\\/\\\/www.iemj.org\\\/es\\\/viie-universite-dete-de-linstitut-maimonide-montpellier\\\/#breadcrumb\"},\"inLanguage\":\"es\",\"potentialAction\":[{\"@type\":\"ReadAction\",\"target\":[\"https:\\\/\\\/www.iemj.org\\\/es\\\/viie-universite-dete-de-linstitut-maimonide-montpellier\\\/\"]}]},{\"@type\":\"ImageObject\",\"inLanguage\":\"es\",\"@id\":\"https:\\\/\\\/www.iemj.org\\\/es\\\/viie-universite-dete-de-linstitut-maimonide-montpellier\\\/#primaryimage\",\"url\":\"https:\\\/\\\/www.iemj.org\\\/wp-content\\\/uploads\\\/2012\\\/06\\\/arton503.jpg\",\"contentUrl\":\"https:\\\/\\\/www.iemj.org\\\/wp-content\\\/uploads\\\/2012\\\/06\\\/arton503.jpg\",\"width\":185,\"height\":250},{\"@type\":\"BreadcrumbList\",\"@id\":\"https:\\\/\\\/www.iemj.org\\\/es\\\/viie-universite-dete-de-linstitut-maimonide-montpellier\\\/#breadcrumb\",\"itemListElement\":[{\"@type\":\"ListItem\",\"position\":1,\"name\":\"Accueil\",\"item\":\"https:\\\/\\\/www.iemj.org\\\/es\\\/\"},{\"@type\":\"ListItem\",\"position\":2,\"name\":\"7\u00aa Universidad de Verano del Institut Ma\u00efmonide &#8211; Montpellier\"}]},{\"@type\":\"WebSite\",\"@id\":\"https:\\\/\\\/www.iemj.org\\\/es\\\/#website\",\"url\":\"https:\\\/\\\/www.iemj.org\\\/es\\\/\",\"name\":\"Institut Europ\u00e9en des Musiques Juives\",\"description\":\"Des traditions musicales \u00e0 la port\u00e9e de tous\",\"publisher\":{\"@id\":\"https:\\\/\\\/www.iemj.org\\\/es\\\/#organization\"},\"potentialAction\":[{\"@type\":\"SearchAction\",\"target\":{\"@type\":\"EntryPoint\",\"urlTemplate\":\"https:\\\/\\\/www.iemj.org\\\/es\\\/?s={search_term_string}\"},\"query-input\":{\"@type\":\"PropertyValueSpecification\",\"valueRequired\":true,\"valueName\":\"search_term_string\"}}],\"inLanguage\":\"es\"},{\"@type\":\"Organization\",\"@id\":\"https:\\\/\\\/www.iemj.org\\\/es\\\/#organization\",\"name\":\"Institut Europ\u00e9en des Musiques Juives\",\"url\":\"https:\\\/\\\/www.iemj.org\\\/es\\\/\",\"logo\":{\"@type\":\"ImageObject\",\"inLanguage\":\"es\",\"@id\":\"https:\\\/\\\/www.iemj.org\\\/es\\\/#\\\/schema\\\/logo\\\/image\\\/\",\"url\":\"https:\\\/\\\/www.iemj.org\\\/wp-content\\\/uploads\\\/2021\\\/09\\\/Logo-IEMJ-Paypal.jpg\",\"contentUrl\":\"https:\\\/\\\/www.iemj.org\\\/wp-content\\\/uploads\\\/2021\\\/09\\\/Logo-IEMJ-Paypal.jpg\",\"width\":150,\"height\":50,\"caption\":\"Institut Europ\u00e9en des Musiques Juives\"},\"image\":{\"@id\":\"https:\\\/\\\/www.iemj.org\\\/es\\\/#\\\/schema\\\/logo\\\/image\\\/\"},\"sameAs\":[\"https:\\\/\\\/www.facebook.com\\\/MusiquesJuives\\\/\",\"https:\\\/\\\/www.instagram.com\\\/musiquesjuives\\\/\",\"https:\\\/\\\/www.youtube.com\\\/user\\\/musiquesjuives\"]},{\"@type\":\"Person\",\"@id\":\"https:\\\/\\\/www.iemj.org\\\/es\\\/#\\\/schema\\\/person\\\/906134402c29d5c76e7b726261dd4bbd\",\"name\":\"Herv\u00e9 Roten\",\"image\":{\"@type\":\"ImageObject\",\"inLanguage\":\"es\",\"@id\":\"https:\\\/\\\/secure.gravatar.com\\\/avatar\\\/f96ad2db538a26481f18384936b5cd0610c92d390c4dc382209216d455f685ff?s=96&d=mm&r=g\",\"url\":\"https:\\\/\\\/secure.gravatar.com\\\/avatar\\\/f96ad2db538a26481f18384936b5cd0610c92d390c4dc382209216d455f685ff?s=96&d=mm&r=g\",\"contentUrl\":\"https:\\\/\\\/secure.gravatar.com\\\/avatar\\\/f96ad2db538a26481f18384936b5cd0610c92d390c4dc382209216d455f685ff?s=96&d=mm&r=g\",\"caption\":\"Herv\u00e9 Roten\"}}]}<\/script>\n<!-- \/ Yoast SEO plugin. -->","yoast_head_json":{"title":"7\u00aa Universidad de Verano del Institut Ma\u00efmonide - Montpellier - Institut Europ\u00e9en des Musiques Juives","robots":{"index":"index","follow":"follow","max-snippet":"max-snippet:-1","max-image-preview":"max-image-preview:large","max-video-preview":"max-video-preview:-1"},"canonical":"https:\/\/www.iemj.org\/es\/viie-universite-dete-de-linstitut-maimonide-montpellier\/","og_locale":"es_ES","og_type":"article","og_title":"7\u00aa Universidad de Verano del Institut Ma\u00efmonide - Montpellier - Institut Europ\u00e9en des Musiques Juives","og_description":"DEL 5 AL 12 DE JULIO DE 2012 &#8211; ESPACE CULTUEL HEBRAIQUE MEDIEVAL DE L&#8217;INSTITUT MAIMONIDE","og_url":"https:\/\/www.iemj.org\/es\/viie-universite-dete-de-linstitut-maimonide-montpellier\/","og_site_name":"Institut Europ\u00e9en des Musiques Juives","article_publisher":"https:\/\/www.facebook.com\/MusiquesJuives\/","article_published_time":"2012-06-09T09:25:00+00:00","article_modified_time":"2024-01-30T09:57:49+00:00","og_image":[{"width":185,"height":250,"url":"https:\/\/www.iemj.org\/wp-content\/uploads\/2012\/06\/arton503.jpg","type":"image\/jpeg"}],"author":"Herv\u00e9 Roten","twitter_card":"summary_large_image","twitter_misc":{"Escrito por":"Herv\u00e9 Roten","Tiempo de lectura":"1 minuto"},"schema":{"@context":"https:\/\/schema.org","@graph":[{"@type":"Article","@id":"https:\/\/www.iemj.org\/es\/viie-universite-dete-de-linstitut-maimonide-montpellier\/#article","isPartOf":{"@id":"https:\/\/www.iemj.org\/es\/viie-universite-dete-de-linstitut-maimonide-montpellier\/"},"author":{"name":"Herv\u00e9 Roten","@id":"https:\/\/www.iemj.org\/es\/#\/schema\/person\/906134402c29d5c76e7b726261dd4bbd"},"headline":"7\u00aa Universidad de Verano del Institut Ma\u00efmonide &#8211; Montpellier","datePublished":"2012-06-09T09:25:00+00:00","dateModified":"2024-01-30T09:57:49+00:00","mainEntityOfPage":{"@id":"https:\/\/www.iemj.org\/es\/viie-universite-dete-de-linstitut-maimonide-montpellier\/"},"wordCount":165,"publisher":{"@id":"https:\/\/www.iemj.org\/es\/#organization"},"image":{"@id":"https:\/\/www.iemj.org\/es\/viie-universite-dete-de-linstitut-maimonide-montpellier\/#primaryimage"},"thumbnailUrl":"https:\/\/www.iemj.org\/wp-content\/uploads\/2012\/06\/arton503.jpg","articleSection":["Clases \/ Conferencias","Manifestaciones"],"inLanguage":"es"},{"@type":"WebPage","@id":"https:\/\/www.iemj.org\/es\/viie-universite-dete-de-linstitut-maimonide-montpellier\/","url":"https:\/\/www.iemj.org\/es\/viie-universite-dete-de-linstitut-maimonide-montpellier\/","name":"7\u00aa Universidad de Verano del Institut Ma\u00efmonide - Montpellier - Institut Europ\u00e9en des Musiques Juives","isPartOf":{"@id":"https:\/\/www.iemj.org\/es\/#website"},"primaryImageOfPage":{"@id":"https:\/\/www.iemj.org\/es\/viie-universite-dete-de-linstitut-maimonide-montpellier\/#primaryimage"},"image":{"@id":"https:\/\/www.iemj.org\/es\/viie-universite-dete-de-linstitut-maimonide-montpellier\/#primaryimage"},"thumbnailUrl":"https:\/\/www.iemj.org\/wp-content\/uploads\/2012\/06\/arton503.jpg","datePublished":"2012-06-09T09:25:00+00:00","dateModified":"2024-01-30T09:57:49+00:00","breadcrumb":{"@id":"https:\/\/www.iemj.org\/es\/viie-universite-dete-de-linstitut-maimonide-montpellier\/#breadcrumb"},"inLanguage":"es","potentialAction":[{"@type":"ReadAction","target":["https:\/\/www.iemj.org\/es\/viie-universite-dete-de-linstitut-maimonide-montpellier\/"]}]},{"@type":"ImageObject","inLanguage":"es","@id":"https:\/\/www.iemj.org\/es\/viie-universite-dete-de-linstitut-maimonide-montpellier\/#primaryimage","url":"https:\/\/www.iemj.org\/wp-content\/uploads\/2012\/06\/arton503.jpg","contentUrl":"https:\/\/www.iemj.org\/wp-content\/uploads\/2012\/06\/arton503.jpg","width":185,"height":250},{"@type":"BreadcrumbList","@id":"https:\/\/www.iemj.org\/es\/viie-universite-dete-de-linstitut-maimonide-montpellier\/#breadcrumb","itemListElement":[{"@type":"ListItem","position":1,"name":"Accueil","item":"https:\/\/www.iemj.org\/es\/"},{"@type":"ListItem","position":2,"name":"7\u00aa Universidad de Verano del Institut Ma\u00efmonide &#8211; Montpellier"}]},{"@type":"WebSite","@id":"https:\/\/www.iemj.org\/es\/#website","url":"https:\/\/www.iemj.org\/es\/","name":"Institut Europ\u00e9en des Musiques Juives","description":"Des traditions musicales \u00e0 la port\u00e9e de tous","publisher":{"@id":"https:\/\/www.iemj.org\/es\/#organization"},"potentialAction":[{"@type":"SearchAction","target":{"@type":"EntryPoint","urlTemplate":"https:\/\/www.iemj.org\/es\/?s={search_term_string}"},"query-input":{"@type":"PropertyValueSpecification","valueRequired":true,"valueName":"search_term_string"}}],"inLanguage":"es"},{"@type":"Organization","@id":"https:\/\/www.iemj.org\/es\/#organization","name":"Institut Europ\u00e9en des Musiques Juives","url":"https:\/\/www.iemj.org\/es\/","logo":{"@type":"ImageObject","inLanguage":"es","@id":"https:\/\/www.iemj.org\/es\/#\/schema\/logo\/image\/","url":"https:\/\/www.iemj.org\/wp-content\/uploads\/2021\/09\/Logo-IEMJ-Paypal.jpg","contentUrl":"https:\/\/www.iemj.org\/wp-content\/uploads\/2021\/09\/Logo-IEMJ-Paypal.jpg","width":150,"height":50,"caption":"Institut Europ\u00e9en des Musiques Juives"},"image":{"@id":"https:\/\/www.iemj.org\/es\/#\/schema\/logo\/image\/"},"sameAs":["https:\/\/www.facebook.com\/MusiquesJuives\/","https:\/\/www.instagram.com\/musiquesjuives\/","https:\/\/www.youtube.com\/user\/musiquesjuives"]},{"@type":"Person","@id":"https:\/\/www.iemj.org\/es\/#\/schema\/person\/906134402c29d5c76e7b726261dd4bbd","name":"Herv\u00e9 Roten","image":{"@type":"ImageObject","inLanguage":"es","@id":"https:\/\/secure.gravatar.com\/avatar\/f96ad2db538a26481f18384936b5cd0610c92d390c4dc382209216d455f685ff?s=96&d=mm&r=g","url":"https:\/\/secure.gravatar.com\/avatar\/f96ad2db538a26481f18384936b5cd0610c92d390c4dc382209216d455f685ff?s=96&d=mm&r=g","contentUrl":"https:\/\/secure.gravatar.com\/avatar\/f96ad2db538a26481f18384936b5cd0610c92d390c4dc382209216d455f685ff?s=96&d=mm&r=g","caption":"Herv\u00e9 Roten"}}]}},"_links":{"self":[{"href":"https:\/\/www.iemj.org\/es\/wp-json\/wp\/v2\/posts\/108479","targetHints":{"allow":["GET"]}}],"collection":[{"href":"https:\/\/www.iemj.org\/es\/wp-json\/wp\/v2\/posts"}],"about":[{"href":"https:\/\/www.iemj.org\/es\/wp-json\/wp\/v2\/types\/post"}],"author":[{"embeddable":true,"href":"https:\/\/www.iemj.org\/es\/wp-json\/wp\/v2\/users\/1045"}],"replies":[{"embeddable":true,"href":"https:\/\/www.iemj.org\/es\/wp-json\/wp\/v2\/comments?post=108479"}],"version-history":[{"count":0,"href":"https:\/\/www.iemj.org\/es\/wp-json\/wp\/v2\/posts\/108479\/revisions"}],"wp:featuredmedia":[{"embeddable":true,"href":"https:\/\/www.iemj.org\/es\/wp-json\/wp\/v2\/media\/108480"}],"wp:attachment":[{"href":"https:\/\/www.iemj.org\/es\/wp-json\/wp\/v2\/media?parent=108479"}],"wp:term":[{"taxonomy":"category","embeddable":true,"href":"https:\/\/www.iemj.org\/es\/wp-json\/wp\/v2\/categories?post=108479"},{"taxonomy":"post_tag","embeddable":true,"href":"https:\/\/www.iemj.org\/es\/wp-json\/wp\/v2\/tags?post=108479"},{"taxonomy":"technique","embeddable":true,"href":"https:\/\/www.iemj.org\/es\/wp-json\/wp\/v2\/technique?post=108479"},{"taxonomy":"squelettes","embeddable":true,"href":"https:\/\/www.iemj.org\/es\/wp-json\/wp\/v2\/squelettes?post=108479"},{"taxonomy":"sujet","embeddable":true,"href":"https:\/\/www.iemj.org\/es\/wp-json\/wp\/v2\/sujet?post=108479"},{"taxonomy":"formation","embeddable":true,"href":"https:\/\/www.iemj.org\/es\/wp-json\/wp\/v2\/formation?post=108479"},{"taxonomy":"genre","embeddable":true,"href":"https:\/\/www.iemj.org\/es\/wp-json\/wp\/v2\/genre?post=108479"},{"taxonomy":"fonds","embeddable":true,"href":"https:\/\/www.iemj.org\/es\/wp-json\/wp\/v2\/fonds?post=108479"},{"taxonomy":"tradition","embeddable":true,"href":"https:\/\/www.iemj.org\/es\/wp-json\/wp\/v2\/tradition?post=108479"},{"taxonomy":"type-de-contenu","embeddable":true,"href":"https:\/\/www.iemj.org\/es\/wp-json\/wp\/v2\/type-de-contenu?post=108479"},{"taxonomy":"interprete-compositeur","embeddable":true,"href":"https:\/\/www.iemj.org\/es\/wp-json\/wp\/v2\/interprete-compositeur?post=108479"},{"taxonomy":"frise","embeddable":true,"href":"https:\/\/www.iemj.org\/es\/wp-json\/wp\/v2\/frise?post=108479"},{"taxonomy":"type-devenement","embeddable":true,"href":"https:\/\/www.iemj.org\/es\/wp-json\/wp\/v2\/type-devenement?post=108479"},{"taxonomy":"tableaux-liens-externes","embeddable":true,"href":"https:\/\/www.iemj.org\/es\/wp-json\/wp\/v2\/tableaux-liens-externes?post=108479"}],"curies":[{"name":"wp","href":"https:\/\/api.w.org\/{rel}","templated":true}]}}