{"id":108494,"date":"2012-06-07T18:19:37","date_gmt":"2012-06-07T16:19:37","guid":{"rendered":"https:\/\/www.iemj.org\/norbert-glanzberg-son-manege-a-lui\/"},"modified":"2024-01-30T11:39:44","modified_gmt":"2024-01-30T10:39:44","slug":"norbert-glanzberg-son-manege-a-lui","status":"publish","type":"post","link":"https:\/\/www.iemj.org\/es\/norbert-glanzberg-son-manege-a-lui\/","title":{"rendered":"Norbert Glanzberg, su propio carrusel"},"content":{"rendered":"<p class=\"post_excerpt\"><strong>MI\u00c9RCOLES 13 DE JUNIO DE 2012, 15h00 &#8211; MAIRIE DU 4e &#8211; 2, PLACE BAUDOYER- 75004 PAR\u00cdS<\/strong><\/p>\n<p><!--more--><br \/>\n<strong>En el marco del Festival de las Culturas Jud\u00edas, el CFMJ y el FSJU se complacen en invitarle a la conferencia musical de Serge Glanzberg:<\/strong><\/p>\n<p><strong>NORBERT GLANZBERG, SU PROPIO CARRUSEL<\/strong><\/p>\n<p style=\"text-align: left;\">Compositor y m\u00fasico jud\u00edo nacido en Galicia, Norbert Glanzberg huy\u00f3 de la Alemania nazi en 1933 para refugiarse en Francia. Acompa\u00f1ante al piano de estrellas del pop, se hizo famoso por sus partituras de pel\u00edculas y canciones populares, cantadas por Edith Piaf (Padam Padam, Padam, Mon man\u00e8ge \u00e0 moi), Yves Montand (Moi j&#8217;m&#8217;en fous, Les grands boulevards), Henri Salvador y Ren\u00e9e Lebas&#8230;.<\/p>\n<figure id=\"attachment_4836\" aria-describedby=\"caption-attachment-4836\" style=\"width: 200px\" class=\"wp-caption alignright\"><img fetchpriority=\"high\" decoding=\"async\" class=\"wp-image-4836 size-full\" title=\"Norbert Glanzberg\" src=\"https:\/\/www.iemj.org\/wp-content\/uploads\/2012\/06\/norbert_glanzberg_02.jpg\" alt=\"Norbert Glanzberg\" width=\"200\" height=\"300\" align=\"left\" \/><figcaption id=\"caption-attachment-4836\" class=\"wp-caption-text\">Norbert Glanzberg<\/figcaption><\/figure>\n<p style=\"text-align: left;\">M\u00e1s de diez a\u00f1os despu\u00e9s de su muerte, las canciones de Glanzberg siguen en boca de todos. Menos conocida es su obra cl\u00e1sica escrita a partir de los a\u00f1os 80, como la Suite Yiddish, Holocaust Songs y los Holocaust Lieders.<\/p>\n<p>Ilustrada con v\u00eddeos poco comunes y abundante m\u00fasica, esta conferencia revelar\u00e1 las m\u00faltiples facetas de un compositor, melodista y pianista virtuoso cuya obra y vida estuvieron marcadas por el tr\u00e1gico destino del pueblo jud\u00edo durante los oscuros a\u00f1os del nazismo.<\/p>\n<p>Una historia fascinante contada con im\u00e1genes y m\u00fasica por Serge Glanzberg, hijo de Norbert Glanzberg.<\/p>\n<p><strong>Precio: 5 \u20ac; miembros del CFMJ: invitaci\u00f3n previa reserva en el 09 77 71 96 57<\/strong><\/p>\n<p><a href=\"https:\/\/www.iemj.org\/wp-content\/uploads\/2012\/06\/magazine_festival_2012_webmail_ok.pdf\" target=\"_blank\" rel=\"noopener\">Revista del Festival de las Culturas Jud\u00edas 2012<\/a><\/p>\n","protected":false},"excerpt":{"rendered":"<p>MI\u00c9RCOLES 13 DE JUNIO DE 2012, 15h00 &#8211; MAIRIE DU 4e &#8211; 2, PLACE BAUDOYER- 75004 PAR\u00cdS<\/p>\n","protected":false},"author":1045,"featured_media":108495,"comment_status":"closed","ping_status":"open","sticky":false,"template":"","format":"standard","meta":{"_acf_changed":false,"footnotes":""},"categories":[1384,1372],"tags":[3422],"technique":[],"squelettes":[],"sujet":[],"formation":[],"genre":[],"fonds":[],"tradition":[],"type-de-contenu":[],"interprete-compositeur":[],"frise":[],"type-devenement":[],"tableaux-liens-externes":[],"class_list":["post-108494","post","type-post","status-publish","format-standard","has-post-thumbnail","hentry","category-clases-conferencias-es","category-manifestaciones-es","tag-eventos-asociados-es"],"acf":[],"yoast_head":"<!-- This site is optimized with the Yoast SEO plugin v27.3 - https:\/\/yoast.com\/product\/yoast-seo-wordpress\/ -->\n<title>Norbert Glanzberg, su propio carrusel - Institut Europ\u00e9en des Musiques Juives<\/title>\n<meta name=\"robots\" content=\"index, follow, max-snippet:-1, max-image-preview:large, max-video-preview:-1\" \/>\n<link rel=\"canonical\" href=\"https:\/\/www.iemj.org\/es\/norbert-glanzberg-son-manege-a-lui\/\" \/>\n<meta property=\"og:locale\" content=\"es_ES\" \/>\n<meta property=\"og:type\" content=\"article\" \/>\n<meta property=\"og:title\" content=\"Norbert Glanzberg, su propio carrusel - Institut Europ\u00e9en des Musiques Juives\" \/>\n<meta property=\"og:description\" content=\"MI\u00c9RCOLES 13 DE JUNIO DE 2012, 15h00 &#8211; MAIRIE DU 4e &#8211; 2, PLACE BAUDOYER- 75004 PAR\u00cdS\" \/>\n<meta property=\"og:url\" content=\"https:\/\/www.iemj.org\/es\/norbert-glanzberg-son-manege-a-lui\/\" \/>\n<meta property=\"og:site_name\" content=\"Institut Europ\u00e9en des Musiques Juives\" \/>\n<meta property=\"article:publisher\" content=\"https:\/\/www.facebook.com\/MusiquesJuives\/\" \/>\n<meta property=\"article:published_time\" content=\"2012-06-07T16:19:37+00:00\" \/>\n<meta property=\"article:modified_time\" content=\"2024-01-30T10:39:44+00:00\" \/>\n<meta property=\"og:image\" content=\"https:\/\/www.iemj.org\/wp-content\/uploads\/2012\/06\/arton500-e1620118355690.jpg\" \/>\n\t<meta property=\"og:image:width\" content=\"350\" \/>\n\t<meta property=\"og:image:height\" content=\"515\" \/>\n\t<meta property=\"og:image:type\" content=\"image\/jpeg\" \/>\n<meta name=\"author\" content=\"Herv\u00e9 Roten\" \/>\n<meta name=\"twitter:card\" content=\"summary_large_image\" \/>\n<meta name=\"twitter:label1\" content=\"Escrito por\" \/>\n\t<meta name=\"twitter:data1\" content=\"Herv\u00e9 Roten\" \/>\n\t<meta name=\"twitter:label2\" content=\"Tiempo de lectura\" \/>\n\t<meta name=\"twitter:data2\" content=\"2 minutos\" \/>\n<script type=\"application\/ld+json\" class=\"yoast-schema-graph\">{\"@context\":\"https:\\\/\\\/schema.org\",\"@graph\":[{\"@type\":\"Article\",\"@id\":\"https:\\\/\\\/www.iemj.org\\\/es\\\/norbert-glanzberg-son-manege-a-lui\\\/#article\",\"isPartOf\":{\"@id\":\"https:\\\/\\\/www.iemj.org\\\/es\\\/norbert-glanzberg-son-manege-a-lui\\\/\"},\"author\":{\"name\":\"Herv\u00e9 Roten\",\"@id\":\"https:\\\/\\\/www.iemj.org\\\/es\\\/#\\\/schema\\\/person\\\/906134402c29d5c76e7b726261dd4bbd\"},\"headline\":\"Norbert Glanzberg, su propio carrusel\",\"datePublished\":\"2012-06-07T16:19:37+00:00\",\"dateModified\":\"2024-01-30T10:39:44+00:00\",\"mainEntityOfPage\":{\"@id\":\"https:\\\/\\\/www.iemj.org\\\/es\\\/norbert-glanzberg-son-manege-a-lui\\\/\"},\"wordCount\":253,\"publisher\":{\"@id\":\"https:\\\/\\\/www.iemj.org\\\/es\\\/#organization\"},\"image\":{\"@id\":\"https:\\\/\\\/www.iemj.org\\\/es\\\/norbert-glanzberg-son-manege-a-lui\\\/#primaryimage\"},\"thumbnailUrl\":\"https:\\\/\\\/www.iemj.org\\\/wp-content\\\/uploads\\\/2012\\\/06\\\/arton500-e1620118355690.jpg\",\"keywords\":[\"Eventos asociados\"],\"articleSection\":[\"Clases \\\/ Conferencias\",\"Manifestaciones\"],\"inLanguage\":\"es\"},{\"@type\":\"WebPage\",\"@id\":\"https:\\\/\\\/www.iemj.org\\\/es\\\/norbert-glanzberg-son-manege-a-lui\\\/\",\"url\":\"https:\\\/\\\/www.iemj.org\\\/es\\\/norbert-glanzberg-son-manege-a-lui\\\/\",\"name\":\"Norbert Glanzberg, su propio carrusel - Institut Europ\u00e9en des Musiques Juives\",\"isPartOf\":{\"@id\":\"https:\\\/\\\/www.iemj.org\\\/es\\\/#website\"},\"primaryImageOfPage\":{\"@id\":\"https:\\\/\\\/www.iemj.org\\\/es\\\/norbert-glanzberg-son-manege-a-lui\\\/#primaryimage\"},\"image\":{\"@id\":\"https:\\\/\\\/www.iemj.org\\\/es\\\/norbert-glanzberg-son-manege-a-lui\\\/#primaryimage\"},\"thumbnailUrl\":\"https:\\\/\\\/www.iemj.org\\\/wp-content\\\/uploads\\\/2012\\\/06\\\/arton500-e1620118355690.jpg\",\"datePublished\":\"2012-06-07T16:19:37+00:00\",\"dateModified\":\"2024-01-30T10:39:44+00:00\",\"breadcrumb\":{\"@id\":\"https:\\\/\\\/www.iemj.org\\\/es\\\/norbert-glanzberg-son-manege-a-lui\\\/#breadcrumb\"},\"inLanguage\":\"es\",\"potentialAction\":[{\"@type\":\"ReadAction\",\"target\":[\"https:\\\/\\\/www.iemj.org\\\/es\\\/norbert-glanzberg-son-manege-a-lui\\\/\"]}]},{\"@type\":\"ImageObject\",\"inLanguage\":\"es\",\"@id\":\"https:\\\/\\\/www.iemj.org\\\/es\\\/norbert-glanzberg-son-manege-a-lui\\\/#primaryimage\",\"url\":\"https:\\\/\\\/www.iemj.org\\\/wp-content\\\/uploads\\\/2012\\\/06\\\/arton500-e1620118355690.jpg\",\"contentUrl\":\"https:\\\/\\\/www.iemj.org\\\/wp-content\\\/uploads\\\/2012\\\/06\\\/arton500-e1620118355690.jpg\",\"width\":350,\"height\":515},{\"@type\":\"BreadcrumbList\",\"@id\":\"https:\\\/\\\/www.iemj.org\\\/es\\\/norbert-glanzberg-son-manege-a-lui\\\/#breadcrumb\",\"itemListElement\":[{\"@type\":\"ListItem\",\"position\":1,\"name\":\"Accueil\",\"item\":\"https:\\\/\\\/www.iemj.org\\\/es\\\/\"},{\"@type\":\"ListItem\",\"position\":2,\"name\":\"Norbert Glanzberg, su propio carrusel\"}]},{\"@type\":\"WebSite\",\"@id\":\"https:\\\/\\\/www.iemj.org\\\/es\\\/#website\",\"url\":\"https:\\\/\\\/www.iemj.org\\\/es\\\/\",\"name\":\"Institut Europ\u00e9en des Musiques Juives\",\"description\":\"Des traditions musicales \u00e0 la port\u00e9e de tous\",\"publisher\":{\"@id\":\"https:\\\/\\\/www.iemj.org\\\/es\\\/#organization\"},\"potentialAction\":[{\"@type\":\"SearchAction\",\"target\":{\"@type\":\"EntryPoint\",\"urlTemplate\":\"https:\\\/\\\/www.iemj.org\\\/es\\\/?s={search_term_string}\"},\"query-input\":{\"@type\":\"PropertyValueSpecification\",\"valueRequired\":true,\"valueName\":\"search_term_string\"}}],\"inLanguage\":\"es\"},{\"@type\":\"Organization\",\"@id\":\"https:\\\/\\\/www.iemj.org\\\/es\\\/#organization\",\"name\":\"Institut Europ\u00e9en des Musiques Juives\",\"url\":\"https:\\\/\\\/www.iemj.org\\\/es\\\/\",\"logo\":{\"@type\":\"ImageObject\",\"inLanguage\":\"es\",\"@id\":\"https:\\\/\\\/www.iemj.org\\\/es\\\/#\\\/schema\\\/logo\\\/image\\\/\",\"url\":\"https:\\\/\\\/www.iemj.org\\\/wp-content\\\/uploads\\\/2021\\\/09\\\/Logo-IEMJ-Paypal.jpg\",\"contentUrl\":\"https:\\\/\\\/www.iemj.org\\\/wp-content\\\/uploads\\\/2021\\\/09\\\/Logo-IEMJ-Paypal.jpg\",\"width\":150,\"height\":50,\"caption\":\"Institut Europ\u00e9en des Musiques Juives\"},\"image\":{\"@id\":\"https:\\\/\\\/www.iemj.org\\\/es\\\/#\\\/schema\\\/logo\\\/image\\\/\"},\"sameAs\":[\"https:\\\/\\\/www.facebook.com\\\/MusiquesJuives\\\/\",\"https:\\\/\\\/www.instagram.com\\\/musiquesjuives\\\/\",\"https:\\\/\\\/www.youtube.com\\\/user\\\/musiquesjuives\"]},{\"@type\":\"Person\",\"@id\":\"https:\\\/\\\/www.iemj.org\\\/es\\\/#\\\/schema\\\/person\\\/906134402c29d5c76e7b726261dd4bbd\",\"name\":\"Herv\u00e9 Roten\",\"image\":{\"@type\":\"ImageObject\",\"inLanguage\":\"es\",\"@id\":\"https:\\\/\\\/secure.gravatar.com\\\/avatar\\\/f96ad2db538a26481f18384936b5cd0610c92d390c4dc382209216d455f685ff?s=96&d=mm&r=g\",\"url\":\"https:\\\/\\\/secure.gravatar.com\\\/avatar\\\/f96ad2db538a26481f18384936b5cd0610c92d390c4dc382209216d455f685ff?s=96&d=mm&r=g\",\"contentUrl\":\"https:\\\/\\\/secure.gravatar.com\\\/avatar\\\/f96ad2db538a26481f18384936b5cd0610c92d390c4dc382209216d455f685ff?s=96&d=mm&r=g\",\"caption\":\"Herv\u00e9 Roten\"}}]}<\/script>\n<!-- \/ Yoast SEO plugin. -->","yoast_head_json":{"title":"Norbert Glanzberg, su propio carrusel - Institut Europ\u00e9en des Musiques Juives","robots":{"index":"index","follow":"follow","max-snippet":"max-snippet:-1","max-image-preview":"max-image-preview:large","max-video-preview":"max-video-preview:-1"},"canonical":"https:\/\/www.iemj.org\/es\/norbert-glanzberg-son-manege-a-lui\/","og_locale":"es_ES","og_type":"article","og_title":"Norbert Glanzberg, su propio carrusel - Institut Europ\u00e9en des Musiques Juives","og_description":"MI\u00c9RCOLES 13 DE JUNIO DE 2012, 15h00 &#8211; MAIRIE DU 4e &#8211; 2, PLACE BAUDOYER- 75004 PAR\u00cdS","og_url":"https:\/\/www.iemj.org\/es\/norbert-glanzberg-son-manege-a-lui\/","og_site_name":"Institut Europ\u00e9en des Musiques Juives","article_publisher":"https:\/\/www.facebook.com\/MusiquesJuives\/","article_published_time":"2012-06-07T16:19:37+00:00","article_modified_time":"2024-01-30T10:39:44+00:00","og_image":[{"width":350,"height":515,"url":"https:\/\/www.iemj.org\/wp-content\/uploads\/2012\/06\/arton500-e1620118355690.jpg","type":"image\/jpeg"}],"author":"Herv\u00e9 Roten","twitter_card":"summary_large_image","twitter_misc":{"Escrito por":"Herv\u00e9 Roten","Tiempo de lectura":"2 minutos"},"schema":{"@context":"https:\/\/schema.org","@graph":[{"@type":"Article","@id":"https:\/\/www.iemj.org\/es\/norbert-glanzberg-son-manege-a-lui\/#article","isPartOf":{"@id":"https:\/\/www.iemj.org\/es\/norbert-glanzberg-son-manege-a-lui\/"},"author":{"name":"Herv\u00e9 Roten","@id":"https:\/\/www.iemj.org\/es\/#\/schema\/person\/906134402c29d5c76e7b726261dd4bbd"},"headline":"Norbert Glanzberg, su propio carrusel","datePublished":"2012-06-07T16:19:37+00:00","dateModified":"2024-01-30T10:39:44+00:00","mainEntityOfPage":{"@id":"https:\/\/www.iemj.org\/es\/norbert-glanzberg-son-manege-a-lui\/"},"wordCount":253,"publisher":{"@id":"https:\/\/www.iemj.org\/es\/#organization"},"image":{"@id":"https:\/\/www.iemj.org\/es\/norbert-glanzberg-son-manege-a-lui\/#primaryimage"},"thumbnailUrl":"https:\/\/www.iemj.org\/wp-content\/uploads\/2012\/06\/arton500-e1620118355690.jpg","keywords":["Eventos asociados"],"articleSection":["Clases \/ Conferencias","Manifestaciones"],"inLanguage":"es"},{"@type":"WebPage","@id":"https:\/\/www.iemj.org\/es\/norbert-glanzberg-son-manege-a-lui\/","url":"https:\/\/www.iemj.org\/es\/norbert-glanzberg-son-manege-a-lui\/","name":"Norbert Glanzberg, su propio carrusel - Institut Europ\u00e9en des Musiques Juives","isPartOf":{"@id":"https:\/\/www.iemj.org\/es\/#website"},"primaryImageOfPage":{"@id":"https:\/\/www.iemj.org\/es\/norbert-glanzberg-son-manege-a-lui\/#primaryimage"},"image":{"@id":"https:\/\/www.iemj.org\/es\/norbert-glanzberg-son-manege-a-lui\/#primaryimage"},"thumbnailUrl":"https:\/\/www.iemj.org\/wp-content\/uploads\/2012\/06\/arton500-e1620118355690.jpg","datePublished":"2012-06-07T16:19:37+00:00","dateModified":"2024-01-30T10:39:44+00:00","breadcrumb":{"@id":"https:\/\/www.iemj.org\/es\/norbert-glanzberg-son-manege-a-lui\/#breadcrumb"},"inLanguage":"es","potentialAction":[{"@type":"ReadAction","target":["https:\/\/www.iemj.org\/es\/norbert-glanzberg-son-manege-a-lui\/"]}]},{"@type":"ImageObject","inLanguage":"es","@id":"https:\/\/www.iemj.org\/es\/norbert-glanzberg-son-manege-a-lui\/#primaryimage","url":"https:\/\/www.iemj.org\/wp-content\/uploads\/2012\/06\/arton500-e1620118355690.jpg","contentUrl":"https:\/\/www.iemj.org\/wp-content\/uploads\/2012\/06\/arton500-e1620118355690.jpg","width":350,"height":515},{"@type":"BreadcrumbList","@id":"https:\/\/www.iemj.org\/es\/norbert-glanzberg-son-manege-a-lui\/#breadcrumb","itemListElement":[{"@type":"ListItem","position":1,"name":"Accueil","item":"https:\/\/www.iemj.org\/es\/"},{"@type":"ListItem","position":2,"name":"Norbert Glanzberg, su propio carrusel"}]},{"@type":"WebSite","@id":"https:\/\/www.iemj.org\/es\/#website","url":"https:\/\/www.iemj.org\/es\/","name":"Institut Europ\u00e9en des Musiques Juives","description":"Des traditions musicales \u00e0 la port\u00e9e de tous","publisher":{"@id":"https:\/\/www.iemj.org\/es\/#organization"},"potentialAction":[{"@type":"SearchAction","target":{"@type":"EntryPoint","urlTemplate":"https:\/\/www.iemj.org\/es\/?s={search_term_string}"},"query-input":{"@type":"PropertyValueSpecification","valueRequired":true,"valueName":"search_term_string"}}],"inLanguage":"es"},{"@type":"Organization","@id":"https:\/\/www.iemj.org\/es\/#organization","name":"Institut Europ\u00e9en des Musiques Juives","url":"https:\/\/www.iemj.org\/es\/","logo":{"@type":"ImageObject","inLanguage":"es","@id":"https:\/\/www.iemj.org\/es\/#\/schema\/logo\/image\/","url":"https:\/\/www.iemj.org\/wp-content\/uploads\/2021\/09\/Logo-IEMJ-Paypal.jpg","contentUrl":"https:\/\/www.iemj.org\/wp-content\/uploads\/2021\/09\/Logo-IEMJ-Paypal.jpg","width":150,"height":50,"caption":"Institut Europ\u00e9en des Musiques Juives"},"image":{"@id":"https:\/\/www.iemj.org\/es\/#\/schema\/logo\/image\/"},"sameAs":["https:\/\/www.facebook.com\/MusiquesJuives\/","https:\/\/www.instagram.com\/musiquesjuives\/","https:\/\/www.youtube.com\/user\/musiquesjuives"]},{"@type":"Person","@id":"https:\/\/www.iemj.org\/es\/#\/schema\/person\/906134402c29d5c76e7b726261dd4bbd","name":"Herv\u00e9 Roten","image":{"@type":"ImageObject","inLanguage":"es","@id":"https:\/\/secure.gravatar.com\/avatar\/f96ad2db538a26481f18384936b5cd0610c92d390c4dc382209216d455f685ff?s=96&d=mm&r=g","url":"https:\/\/secure.gravatar.com\/avatar\/f96ad2db538a26481f18384936b5cd0610c92d390c4dc382209216d455f685ff?s=96&d=mm&r=g","contentUrl":"https:\/\/secure.gravatar.com\/avatar\/f96ad2db538a26481f18384936b5cd0610c92d390c4dc382209216d455f685ff?s=96&d=mm&r=g","caption":"Herv\u00e9 Roten"}}]}},"_links":{"self":[{"href":"https:\/\/www.iemj.org\/es\/wp-json\/wp\/v2\/posts\/108494","targetHints":{"allow":["GET"]}}],"collection":[{"href":"https:\/\/www.iemj.org\/es\/wp-json\/wp\/v2\/posts"}],"about":[{"href":"https:\/\/www.iemj.org\/es\/wp-json\/wp\/v2\/types\/post"}],"author":[{"embeddable":true,"href":"https:\/\/www.iemj.org\/es\/wp-json\/wp\/v2\/users\/1045"}],"replies":[{"embeddable":true,"href":"https:\/\/www.iemj.org\/es\/wp-json\/wp\/v2\/comments?post=108494"}],"version-history":[{"count":0,"href":"https:\/\/www.iemj.org\/es\/wp-json\/wp\/v2\/posts\/108494\/revisions"}],"wp:featuredmedia":[{"embeddable":true,"href":"https:\/\/www.iemj.org\/es\/wp-json\/wp\/v2\/media\/108495"}],"wp:attachment":[{"href":"https:\/\/www.iemj.org\/es\/wp-json\/wp\/v2\/media?parent=108494"}],"wp:term":[{"taxonomy":"category","embeddable":true,"href":"https:\/\/www.iemj.org\/es\/wp-json\/wp\/v2\/categories?post=108494"},{"taxonomy":"post_tag","embeddable":true,"href":"https:\/\/www.iemj.org\/es\/wp-json\/wp\/v2\/tags?post=108494"},{"taxonomy":"technique","embeddable":true,"href":"https:\/\/www.iemj.org\/es\/wp-json\/wp\/v2\/technique?post=108494"},{"taxonomy":"squelettes","embeddable":true,"href":"https:\/\/www.iemj.org\/es\/wp-json\/wp\/v2\/squelettes?post=108494"},{"taxonomy":"sujet","embeddable":true,"href":"https:\/\/www.iemj.org\/es\/wp-json\/wp\/v2\/sujet?post=108494"},{"taxonomy":"formation","embeddable":true,"href":"https:\/\/www.iemj.org\/es\/wp-json\/wp\/v2\/formation?post=108494"},{"taxonomy":"genre","embeddable":true,"href":"https:\/\/www.iemj.org\/es\/wp-json\/wp\/v2\/genre?post=108494"},{"taxonomy":"fonds","embeddable":true,"href":"https:\/\/www.iemj.org\/es\/wp-json\/wp\/v2\/fonds?post=108494"},{"taxonomy":"tradition","embeddable":true,"href":"https:\/\/www.iemj.org\/es\/wp-json\/wp\/v2\/tradition?post=108494"},{"taxonomy":"type-de-contenu","embeddable":true,"href":"https:\/\/www.iemj.org\/es\/wp-json\/wp\/v2\/type-de-contenu?post=108494"},{"taxonomy":"interprete-compositeur","embeddable":true,"href":"https:\/\/www.iemj.org\/es\/wp-json\/wp\/v2\/interprete-compositeur?post=108494"},{"taxonomy":"frise","embeddable":true,"href":"https:\/\/www.iemj.org\/es\/wp-json\/wp\/v2\/frise?post=108494"},{"taxonomy":"type-devenement","embeddable":true,"href":"https:\/\/www.iemj.org\/es\/wp-json\/wp\/v2\/type-devenement?post=108494"},{"taxonomy":"tableaux-liens-externes","embeddable":true,"href":"https:\/\/www.iemj.org\/es\/wp-json\/wp\/v2\/tableaux-liens-externes?post=108494"}],"curies":[{"name":"wp","href":"https:\/\/api.w.org\/{rel}","templated":true}]}}