{"id":108511,"date":"2012-02-07T18:36:00","date_gmt":"2012-02-07T17:36:00","guid":{"rendered":"https:\/\/www.iemj.org\/chants-judeo-comtadins-pardes\/"},"modified":"2024-01-30T12:27:16","modified_gmt":"2024-01-30T11:27:16","slug":"chants-judeo-comtadins-pardes","status":"publish","type":"post","link":"https:\/\/www.iemj.org\/es\/chants-judeo-comtadins-pardes\/","title":{"rendered":"Cantos judeo-comtadianos pardes (del para\u00edso)"},"content":{"rendered":"<p class=\"post_excerpt\"><strong>S\u00c1BADO 18 DE FEBRERO DE 2012 a las 20.45 horas<\/strong><br \/>\n<strong>y DOMINGO 19 DE FEBRERO DE 2012 a las 16.00 horas<\/strong><\/p>\n<p><strong>Espace Rachi &#8211; 39, rue Broca 75005 PAR\u00cdS<\/strong><\/p>\n<p><!--more--><\/p>\n<p>A lo largo de los siglos de su presencia en el Sur de Francia, desde los tiempos m\u00e1s remotos, las antiguas comunidades jud\u00edas de Provenza, en simbiosis con su entorno, desarrollaron una cultura y un arte de vivir de los que quedan muchas huellas, sobre todo en su m\u00fasica.<br \/>\nEs una m\u00fasica de fiestas y reuniones, una m\u00fasica soleada, como el pa\u00eds de acogida, en la que se encuentra la noche oriental.<br \/>\nLa m\u00fasica judeo-provenzal, nacida en la encrucijada de Espa\u00f1a, Italia y el norte de Europa, arrastra las influencias m\u00e1s contrastadas. Los sonidos de la Andaluc\u00eda de las tres culturas, el Barroco italiano y la Edad Media francesa, todos bajo el paraguas occitano, se encuentran aqu\u00ed con gran placer y sutileza&#8230;<br \/>\nNekouda devuelve a la luz este repertorio in\u00e9dito del patrimonio musical de la di\u00e1spora provenzal, que ha ca\u00eddo en el olvido.<\/p>\n<p>Corinne Drai: voz &#8211; Alain Huet: voz, oud, clarinete &#8211; Ga\u00ebl Ascaso: galoubet y pandereta &#8211; Pierre-Laurent Bertolino: zanfona &#8211; Thomas Bourgeois: percusi\u00f3n<\/p>\n<p>Reservas en el 01 43 31 93 60 o en http:\/\/www.culture-juive.fr\/<\/p>\n<p><strong>Concierto en colaboraci\u00f3n con el Centre Fran\u00e7ais des Musiques Juives.<\/strong><br \/>\n<strong>Precio completo: 20 \u20ac &#8211; Precio reducido (incluidos los miembros del CFMJ): 15 \u20ac.<\/strong><\/p>\n<p><a href=\"https:\/\/www.iemj.org\/es\/nekouda-musique-judeo-provencale\/\" target=\"_blank\" rel=\"noopener\">Escuchar extractos del CD Musique jud\u00e9o-proven\u00e7ale del Ensemble Nekouda<\/a><\/p>\n<p><a href=\"https:\/\/www.iemj.org\/wp-content\/uploads\/2012\/02\/flyer_nekouda.pdf\" target=\"_blank\" rel=\"noopener\">Flyer Concierto Nekouda 18 y 19 de febrero de 2012<\/a><\/p>\n","protected":false},"excerpt":{"rendered":"<p>S\u00c1BADO 18 DE FEBRERO DE 2012 a las 20.45 horas y DOMINGO 19 DE FEBRERO DE 2012 a las 16.00 horas Espace Rachi &#8211; 39, rue Broca 75005 PAR\u00cdS<\/p>\n","protected":false},"author":1045,"featured_media":108512,"comment_status":"closed","ping_status":"open","sticky":false,"template":"","format":"standard","meta":{"_acf_changed":false,"footnotes":""},"categories":[1380,1372],"tags":[3422],"technique":[],"squelettes":[],"sujet":[],"formation":[],"genre":[],"fonds":[],"tradition":[],"type-de-contenu":[],"interprete-compositeur":[],"frise":[],"type-devenement":[],"tableaux-liens-externes":[],"class_list":["post-108511","post","type-post","status-publish","format-standard","has-post-thumbnail","hentry","category-conciertos-manifestaciones-es","category-manifestaciones-es","tag-eventos-asociados-es"],"acf":[],"yoast_head":"<!-- This site is optimized with the Yoast SEO plugin v27.3 - https:\/\/yoast.com\/product\/yoast-seo-wordpress\/ -->\n<title>Cantos judeo-comtadianos pardes (del para\u00edso) - Institut Europ\u00e9en des Musiques Juives<\/title>\n<meta name=\"robots\" content=\"index, follow, max-snippet:-1, max-image-preview:large, max-video-preview:-1\" \/>\n<link rel=\"canonical\" href=\"https:\/\/www.iemj.org\/es\/chants-judeo-comtadins-pardes\/\" \/>\n<meta property=\"og:locale\" content=\"es_ES\" \/>\n<meta property=\"og:type\" content=\"article\" \/>\n<meta property=\"og:title\" content=\"Cantos judeo-comtadianos pardes (del para\u00edso) - Institut Europ\u00e9en des Musiques Juives\" \/>\n<meta property=\"og:description\" content=\"S\u00c1BADO 18 DE FEBRERO DE 2012 a las 20.45 horas y DOMINGO 19 DE FEBRERO DE 2012 a las 16.00 horas Espace Rachi &#8211; 39, rue Broca 75005 PAR\u00cdS\" \/>\n<meta property=\"og:url\" content=\"https:\/\/www.iemj.org\/es\/chants-judeo-comtadins-pardes\/\" \/>\n<meta property=\"og:site_name\" content=\"Institut Europ\u00e9en des Musiques Juives\" \/>\n<meta property=\"article:publisher\" content=\"https:\/\/www.facebook.com\/MusiquesJuives\/\" \/>\n<meta property=\"article:published_time\" content=\"2012-02-07T17:36:00+00:00\" \/>\n<meta property=\"article:modified_time\" content=\"2024-01-30T11:27:16+00:00\" \/>\n<meta property=\"og:image\" content=\"https:\/\/www.iemj.org\/wp-content\/uploads\/2012\/02\/arton409.jpg\" \/>\n\t<meta property=\"og:image:width\" content=\"300\" \/>\n\t<meta property=\"og:image:height\" content=\"412\" \/>\n\t<meta property=\"og:image:type\" content=\"image\/jpeg\" \/>\n<meta name=\"author\" content=\"Herv\u00e9 Roten\" \/>\n<meta name=\"twitter:card\" content=\"summary_large_image\" \/>\n<meta name=\"twitter:label1\" content=\"Escrito por\" \/>\n\t<meta name=\"twitter:data1\" content=\"Herv\u00e9 Roten\" \/>\n\t<meta name=\"twitter:label2\" content=\"Tiempo de lectura\" \/>\n\t<meta name=\"twitter:data2\" content=\"2 minutos\" \/>\n<script type=\"application\/ld+json\" class=\"yoast-schema-graph\">{\"@context\":\"https:\\\/\\\/schema.org\",\"@graph\":[{\"@type\":\"Article\",\"@id\":\"https:\\\/\\\/www.iemj.org\\\/es\\\/chants-judeo-comtadins-pardes\\\/#article\",\"isPartOf\":{\"@id\":\"https:\\\/\\\/www.iemj.org\\\/es\\\/chants-judeo-comtadins-pardes\\\/\"},\"author\":{\"name\":\"Herv\u00e9 Roten\",\"@id\":\"https:\\\/\\\/www.iemj.org\\\/es\\\/#\\\/schema\\\/person\\\/906134402c29d5c76e7b726261dd4bbd\"},\"headline\":\"Cantos judeo-comtadianos pardes (del para\u00edso)\",\"datePublished\":\"2012-02-07T17:36:00+00:00\",\"dateModified\":\"2024-01-30T11:27:16+00:00\",\"mainEntityOfPage\":{\"@id\":\"https:\\\/\\\/www.iemj.org\\\/es\\\/chants-judeo-comtadins-pardes\\\/\"},\"wordCount\":259,\"publisher\":{\"@id\":\"https:\\\/\\\/www.iemj.org\\\/es\\\/#organization\"},\"image\":{\"@id\":\"https:\\\/\\\/www.iemj.org\\\/es\\\/chants-judeo-comtadins-pardes\\\/#primaryimage\"},\"thumbnailUrl\":\"https:\\\/\\\/www.iemj.org\\\/wp-content\\\/uploads\\\/2012\\\/02\\\/arton409.jpg\",\"keywords\":[\"Eventos asociados\"],\"articleSection\":[\"Conciertos\",\"Manifestaciones\"],\"inLanguage\":\"es\"},{\"@type\":\"WebPage\",\"@id\":\"https:\\\/\\\/www.iemj.org\\\/es\\\/chants-judeo-comtadins-pardes\\\/\",\"url\":\"https:\\\/\\\/www.iemj.org\\\/es\\\/chants-judeo-comtadins-pardes\\\/\",\"name\":\"Cantos judeo-comtadianos pardes (del para\u00edso) - Institut Europ\u00e9en des Musiques Juives\",\"isPartOf\":{\"@id\":\"https:\\\/\\\/www.iemj.org\\\/es\\\/#website\"},\"primaryImageOfPage\":{\"@id\":\"https:\\\/\\\/www.iemj.org\\\/es\\\/chants-judeo-comtadins-pardes\\\/#primaryimage\"},\"image\":{\"@id\":\"https:\\\/\\\/www.iemj.org\\\/es\\\/chants-judeo-comtadins-pardes\\\/#primaryimage\"},\"thumbnailUrl\":\"https:\\\/\\\/www.iemj.org\\\/wp-content\\\/uploads\\\/2012\\\/02\\\/arton409.jpg\",\"datePublished\":\"2012-02-07T17:36:00+00:00\",\"dateModified\":\"2024-01-30T11:27:16+00:00\",\"breadcrumb\":{\"@id\":\"https:\\\/\\\/www.iemj.org\\\/es\\\/chants-judeo-comtadins-pardes\\\/#breadcrumb\"},\"inLanguage\":\"es\",\"potentialAction\":[{\"@type\":\"ReadAction\",\"target\":[\"https:\\\/\\\/www.iemj.org\\\/es\\\/chants-judeo-comtadins-pardes\\\/\"]}]},{\"@type\":\"ImageObject\",\"inLanguage\":\"es\",\"@id\":\"https:\\\/\\\/www.iemj.org\\\/es\\\/chants-judeo-comtadins-pardes\\\/#primaryimage\",\"url\":\"https:\\\/\\\/www.iemj.org\\\/wp-content\\\/uploads\\\/2012\\\/02\\\/arton409.jpg\",\"contentUrl\":\"https:\\\/\\\/www.iemj.org\\\/wp-content\\\/uploads\\\/2012\\\/02\\\/arton409.jpg\",\"width\":300,\"height\":412},{\"@type\":\"BreadcrumbList\",\"@id\":\"https:\\\/\\\/www.iemj.org\\\/es\\\/chants-judeo-comtadins-pardes\\\/#breadcrumb\",\"itemListElement\":[{\"@type\":\"ListItem\",\"position\":1,\"name\":\"Accueil\",\"item\":\"https:\\\/\\\/www.iemj.org\\\/es\\\/\"},{\"@type\":\"ListItem\",\"position\":2,\"name\":\"Cantos judeo-comtadianos pardes (del para\u00edso)\"}]},{\"@type\":\"WebSite\",\"@id\":\"https:\\\/\\\/www.iemj.org\\\/es\\\/#website\",\"url\":\"https:\\\/\\\/www.iemj.org\\\/es\\\/\",\"name\":\"Institut Europ\u00e9en des Musiques Juives\",\"description\":\"Des traditions musicales \u00e0 la port\u00e9e de tous\",\"publisher\":{\"@id\":\"https:\\\/\\\/www.iemj.org\\\/es\\\/#organization\"},\"potentialAction\":[{\"@type\":\"SearchAction\",\"target\":{\"@type\":\"EntryPoint\",\"urlTemplate\":\"https:\\\/\\\/www.iemj.org\\\/es\\\/?s={search_term_string}\"},\"query-input\":{\"@type\":\"PropertyValueSpecification\",\"valueRequired\":true,\"valueName\":\"search_term_string\"}}],\"inLanguage\":\"es\"},{\"@type\":\"Organization\",\"@id\":\"https:\\\/\\\/www.iemj.org\\\/es\\\/#organization\",\"name\":\"Institut Europ\u00e9en des Musiques Juives\",\"url\":\"https:\\\/\\\/www.iemj.org\\\/es\\\/\",\"logo\":{\"@type\":\"ImageObject\",\"inLanguage\":\"es\",\"@id\":\"https:\\\/\\\/www.iemj.org\\\/es\\\/#\\\/schema\\\/logo\\\/image\\\/\",\"url\":\"https:\\\/\\\/www.iemj.org\\\/wp-content\\\/uploads\\\/2021\\\/09\\\/Logo-IEMJ-Paypal.jpg\",\"contentUrl\":\"https:\\\/\\\/www.iemj.org\\\/wp-content\\\/uploads\\\/2021\\\/09\\\/Logo-IEMJ-Paypal.jpg\",\"width\":150,\"height\":50,\"caption\":\"Institut Europ\u00e9en des Musiques Juives\"},\"image\":{\"@id\":\"https:\\\/\\\/www.iemj.org\\\/es\\\/#\\\/schema\\\/logo\\\/image\\\/\"},\"sameAs\":[\"https:\\\/\\\/www.facebook.com\\\/MusiquesJuives\\\/\",\"https:\\\/\\\/www.instagram.com\\\/musiquesjuives\\\/\",\"https:\\\/\\\/www.youtube.com\\\/user\\\/musiquesjuives\"]},{\"@type\":\"Person\",\"@id\":\"https:\\\/\\\/www.iemj.org\\\/es\\\/#\\\/schema\\\/person\\\/906134402c29d5c76e7b726261dd4bbd\",\"name\":\"Herv\u00e9 Roten\",\"image\":{\"@type\":\"ImageObject\",\"inLanguage\":\"es\",\"@id\":\"https:\\\/\\\/secure.gravatar.com\\\/avatar\\\/f96ad2db538a26481f18384936b5cd0610c92d390c4dc382209216d455f685ff?s=96&d=mm&r=g\",\"url\":\"https:\\\/\\\/secure.gravatar.com\\\/avatar\\\/f96ad2db538a26481f18384936b5cd0610c92d390c4dc382209216d455f685ff?s=96&d=mm&r=g\",\"contentUrl\":\"https:\\\/\\\/secure.gravatar.com\\\/avatar\\\/f96ad2db538a26481f18384936b5cd0610c92d390c4dc382209216d455f685ff?s=96&d=mm&r=g\",\"caption\":\"Herv\u00e9 Roten\"}}]}<\/script>\n<!-- \/ Yoast SEO plugin. -->","yoast_head_json":{"title":"Cantos judeo-comtadianos pardes (del para\u00edso) - Institut Europ\u00e9en des Musiques Juives","robots":{"index":"index","follow":"follow","max-snippet":"max-snippet:-1","max-image-preview":"max-image-preview:large","max-video-preview":"max-video-preview:-1"},"canonical":"https:\/\/www.iemj.org\/es\/chants-judeo-comtadins-pardes\/","og_locale":"es_ES","og_type":"article","og_title":"Cantos judeo-comtadianos pardes (del para\u00edso) - Institut Europ\u00e9en des Musiques Juives","og_description":"S\u00c1BADO 18 DE FEBRERO DE 2012 a las 20.45 horas y DOMINGO 19 DE FEBRERO DE 2012 a las 16.00 horas Espace Rachi &#8211; 39, rue Broca 75005 PAR\u00cdS","og_url":"https:\/\/www.iemj.org\/es\/chants-judeo-comtadins-pardes\/","og_site_name":"Institut Europ\u00e9en des Musiques Juives","article_publisher":"https:\/\/www.facebook.com\/MusiquesJuives\/","article_published_time":"2012-02-07T17:36:00+00:00","article_modified_time":"2024-01-30T11:27:16+00:00","og_image":[{"width":300,"height":412,"url":"https:\/\/www.iemj.org\/wp-content\/uploads\/2012\/02\/arton409.jpg","type":"image\/jpeg"}],"author":"Herv\u00e9 Roten","twitter_card":"summary_large_image","twitter_misc":{"Escrito por":"Herv\u00e9 Roten","Tiempo de lectura":"2 minutos"},"schema":{"@context":"https:\/\/schema.org","@graph":[{"@type":"Article","@id":"https:\/\/www.iemj.org\/es\/chants-judeo-comtadins-pardes\/#article","isPartOf":{"@id":"https:\/\/www.iemj.org\/es\/chants-judeo-comtadins-pardes\/"},"author":{"name":"Herv\u00e9 Roten","@id":"https:\/\/www.iemj.org\/es\/#\/schema\/person\/906134402c29d5c76e7b726261dd4bbd"},"headline":"Cantos judeo-comtadianos pardes (del para\u00edso)","datePublished":"2012-02-07T17:36:00+00:00","dateModified":"2024-01-30T11:27:16+00:00","mainEntityOfPage":{"@id":"https:\/\/www.iemj.org\/es\/chants-judeo-comtadins-pardes\/"},"wordCount":259,"publisher":{"@id":"https:\/\/www.iemj.org\/es\/#organization"},"image":{"@id":"https:\/\/www.iemj.org\/es\/chants-judeo-comtadins-pardes\/#primaryimage"},"thumbnailUrl":"https:\/\/www.iemj.org\/wp-content\/uploads\/2012\/02\/arton409.jpg","keywords":["Eventos asociados"],"articleSection":["Conciertos","Manifestaciones"],"inLanguage":"es"},{"@type":"WebPage","@id":"https:\/\/www.iemj.org\/es\/chants-judeo-comtadins-pardes\/","url":"https:\/\/www.iemj.org\/es\/chants-judeo-comtadins-pardes\/","name":"Cantos judeo-comtadianos pardes (del para\u00edso) - Institut Europ\u00e9en des Musiques Juives","isPartOf":{"@id":"https:\/\/www.iemj.org\/es\/#website"},"primaryImageOfPage":{"@id":"https:\/\/www.iemj.org\/es\/chants-judeo-comtadins-pardes\/#primaryimage"},"image":{"@id":"https:\/\/www.iemj.org\/es\/chants-judeo-comtadins-pardes\/#primaryimage"},"thumbnailUrl":"https:\/\/www.iemj.org\/wp-content\/uploads\/2012\/02\/arton409.jpg","datePublished":"2012-02-07T17:36:00+00:00","dateModified":"2024-01-30T11:27:16+00:00","breadcrumb":{"@id":"https:\/\/www.iemj.org\/es\/chants-judeo-comtadins-pardes\/#breadcrumb"},"inLanguage":"es","potentialAction":[{"@type":"ReadAction","target":["https:\/\/www.iemj.org\/es\/chants-judeo-comtadins-pardes\/"]}]},{"@type":"ImageObject","inLanguage":"es","@id":"https:\/\/www.iemj.org\/es\/chants-judeo-comtadins-pardes\/#primaryimage","url":"https:\/\/www.iemj.org\/wp-content\/uploads\/2012\/02\/arton409.jpg","contentUrl":"https:\/\/www.iemj.org\/wp-content\/uploads\/2012\/02\/arton409.jpg","width":300,"height":412},{"@type":"BreadcrumbList","@id":"https:\/\/www.iemj.org\/es\/chants-judeo-comtadins-pardes\/#breadcrumb","itemListElement":[{"@type":"ListItem","position":1,"name":"Accueil","item":"https:\/\/www.iemj.org\/es\/"},{"@type":"ListItem","position":2,"name":"Cantos judeo-comtadianos pardes (del para\u00edso)"}]},{"@type":"WebSite","@id":"https:\/\/www.iemj.org\/es\/#website","url":"https:\/\/www.iemj.org\/es\/","name":"Institut Europ\u00e9en des Musiques Juives","description":"Des traditions musicales \u00e0 la port\u00e9e de tous","publisher":{"@id":"https:\/\/www.iemj.org\/es\/#organization"},"potentialAction":[{"@type":"SearchAction","target":{"@type":"EntryPoint","urlTemplate":"https:\/\/www.iemj.org\/es\/?s={search_term_string}"},"query-input":{"@type":"PropertyValueSpecification","valueRequired":true,"valueName":"search_term_string"}}],"inLanguage":"es"},{"@type":"Organization","@id":"https:\/\/www.iemj.org\/es\/#organization","name":"Institut Europ\u00e9en des Musiques Juives","url":"https:\/\/www.iemj.org\/es\/","logo":{"@type":"ImageObject","inLanguage":"es","@id":"https:\/\/www.iemj.org\/es\/#\/schema\/logo\/image\/","url":"https:\/\/www.iemj.org\/wp-content\/uploads\/2021\/09\/Logo-IEMJ-Paypal.jpg","contentUrl":"https:\/\/www.iemj.org\/wp-content\/uploads\/2021\/09\/Logo-IEMJ-Paypal.jpg","width":150,"height":50,"caption":"Institut Europ\u00e9en des Musiques Juives"},"image":{"@id":"https:\/\/www.iemj.org\/es\/#\/schema\/logo\/image\/"},"sameAs":["https:\/\/www.facebook.com\/MusiquesJuives\/","https:\/\/www.instagram.com\/musiquesjuives\/","https:\/\/www.youtube.com\/user\/musiquesjuives"]},{"@type":"Person","@id":"https:\/\/www.iemj.org\/es\/#\/schema\/person\/906134402c29d5c76e7b726261dd4bbd","name":"Herv\u00e9 Roten","image":{"@type":"ImageObject","inLanguage":"es","@id":"https:\/\/secure.gravatar.com\/avatar\/f96ad2db538a26481f18384936b5cd0610c92d390c4dc382209216d455f685ff?s=96&d=mm&r=g","url":"https:\/\/secure.gravatar.com\/avatar\/f96ad2db538a26481f18384936b5cd0610c92d390c4dc382209216d455f685ff?s=96&d=mm&r=g","contentUrl":"https:\/\/secure.gravatar.com\/avatar\/f96ad2db538a26481f18384936b5cd0610c92d390c4dc382209216d455f685ff?s=96&d=mm&r=g","caption":"Herv\u00e9 Roten"}}]}},"_links":{"self":[{"href":"https:\/\/www.iemj.org\/es\/wp-json\/wp\/v2\/posts\/108511","targetHints":{"allow":["GET"]}}],"collection":[{"href":"https:\/\/www.iemj.org\/es\/wp-json\/wp\/v2\/posts"}],"about":[{"href":"https:\/\/www.iemj.org\/es\/wp-json\/wp\/v2\/types\/post"}],"author":[{"embeddable":true,"href":"https:\/\/www.iemj.org\/es\/wp-json\/wp\/v2\/users\/1045"}],"replies":[{"embeddable":true,"href":"https:\/\/www.iemj.org\/es\/wp-json\/wp\/v2\/comments?post=108511"}],"version-history":[{"count":0,"href":"https:\/\/www.iemj.org\/es\/wp-json\/wp\/v2\/posts\/108511\/revisions"}],"wp:featuredmedia":[{"embeddable":true,"href":"https:\/\/www.iemj.org\/es\/wp-json\/wp\/v2\/media\/108512"}],"wp:attachment":[{"href":"https:\/\/www.iemj.org\/es\/wp-json\/wp\/v2\/media?parent=108511"}],"wp:term":[{"taxonomy":"category","embeddable":true,"href":"https:\/\/www.iemj.org\/es\/wp-json\/wp\/v2\/categories?post=108511"},{"taxonomy":"post_tag","embeddable":true,"href":"https:\/\/www.iemj.org\/es\/wp-json\/wp\/v2\/tags?post=108511"},{"taxonomy":"technique","embeddable":true,"href":"https:\/\/www.iemj.org\/es\/wp-json\/wp\/v2\/technique?post=108511"},{"taxonomy":"squelettes","embeddable":true,"href":"https:\/\/www.iemj.org\/es\/wp-json\/wp\/v2\/squelettes?post=108511"},{"taxonomy":"sujet","embeddable":true,"href":"https:\/\/www.iemj.org\/es\/wp-json\/wp\/v2\/sujet?post=108511"},{"taxonomy":"formation","embeddable":true,"href":"https:\/\/www.iemj.org\/es\/wp-json\/wp\/v2\/formation?post=108511"},{"taxonomy":"genre","embeddable":true,"href":"https:\/\/www.iemj.org\/es\/wp-json\/wp\/v2\/genre?post=108511"},{"taxonomy":"fonds","embeddable":true,"href":"https:\/\/www.iemj.org\/es\/wp-json\/wp\/v2\/fonds?post=108511"},{"taxonomy":"tradition","embeddable":true,"href":"https:\/\/www.iemj.org\/es\/wp-json\/wp\/v2\/tradition?post=108511"},{"taxonomy":"type-de-contenu","embeddable":true,"href":"https:\/\/www.iemj.org\/es\/wp-json\/wp\/v2\/type-de-contenu?post=108511"},{"taxonomy":"interprete-compositeur","embeddable":true,"href":"https:\/\/www.iemj.org\/es\/wp-json\/wp\/v2\/interprete-compositeur?post=108511"},{"taxonomy":"frise","embeddable":true,"href":"https:\/\/www.iemj.org\/es\/wp-json\/wp\/v2\/frise?post=108511"},{"taxonomy":"type-devenement","embeddable":true,"href":"https:\/\/www.iemj.org\/es\/wp-json\/wp\/v2\/type-devenement?post=108511"},{"taxonomy":"tableaux-liens-externes","embeddable":true,"href":"https:\/\/www.iemj.org\/es\/wp-json\/wp\/v2\/tableaux-liens-externes?post=108511"}],"curies":[{"name":"wp","href":"https:\/\/api.w.org\/{rel}","templated":true}]}}