{"id":108550,"date":"2009-11-10T13:46:00","date_gmt":"2009-11-10T12:46:00","guid":{"rendered":"https:\/\/www.iemj.org\/concert-et-conference-kol-nidre-paris\/"},"modified":"2024-01-30T15:45:35","modified_gmt":"2024-01-30T14:45:35","slug":"concert-et-conference-kol-nidre-paris","status":"publish","type":"post","link":"https:\/\/www.iemj.org\/es\/concert-et-conference-kol-nidre-paris\/","title":{"rendered":"Concierto y conferencia Kol Nidr\u00e9 (Par\u00eds)"},"content":{"rendered":"<p class=\"post_excerpt\">18 y 22 de noviembre de 2009<\/p>\n<p><!--more--><br \/>El Centre Fran\u00e7ais des Musiques Juives y las 4 comunidades liberales de Par\u00eds (ULIF, MJLF, CJL, KG) tienen el placer de invitarle a un concierto excepcional en torno al <strong>KOL NIDRE<\/strong>.<\/p>\n<p>En esta ocasi\u00f3n, se interpretar\u00e1n 8 versiones musicales de la famosa oraci\u00f3n de apertura de Yom Kippur, incluidos 3 estrenos mundiales:<\/p>\n<p>&#8211; El Kol Nidre tradicional en la notaci\u00f3n creada por Samuel David a finales del siglo XIX, con solista (bar\u00edtono), coro a 4 voces y \u00f3rgano.<\/p>\n<p>&#8211; Kol Nidr\u00e9 de Jean-Fran\u00e7ois Zygel, composici\u00f3n para violonchelo y piano<\/p>\n<p>&#8211; Kol Nidr\u00e9, adagio sobre temas hebreos de Max Bruch, famosa obra para violonchelo y piano<\/p>\n<p>&#8211; Kol Nidr\u00e9 de John Zorn, compositor probablemente m\u00e1s conocido como saxofonista de jazz, cuyo \u00abKol Nidr\u00e9\u00bb es un cuarteto de cuerda con resonancias suspendidas y misteriosas.<\/p>\n<p>&#8211; Sonata Kol Nidrei, op.76, de Nicolas Bacri, escrita en 2002, para viol\u00edn solo.<\/p>\n<p>Por \u00faltimo, tres obras de estreno mundial, encargadas por la ULIF a los compositores Ita\u00ef Daniel, Serge Kaufmann y Graciane Finzi. En estas 3 obras, el tema tradicional est\u00e1 presente, m\u00e1s o menos reconocible.<\/p>\n<p>&#8211; Kol Nidr\u00e9 de Ita\u00ef Daniel est\u00e1 escrita para tenor solista, coro a 4 voces, clarinete y cuarteto de cuerda.<\/p>\n<p>&#8211; El Kol Nidr\u00e9 de Serge Kaufmann utiliza la misma formaci\u00f3n, sin solista vocal, pero con el a\u00f1adido de un piano y un contrabajo.<\/p>\n<p>&#8211; La pieza de Graciane Finzi (Cr\u00e9puscule du Kol Nidr\u00e9) es un tema y variaciones para violonchelo solo.<\/p>\n<p><strong>Mi\u00e9rcoles 18 de noviembre de 2009<\/strong>: conferencia (19.30 h) y concierto (21.00 h)<br \/>El concierto ir\u00e1 precedido de una conferencia, en presencia de los compositores, moderada por el rabino Michael Williams (ULIF), durante la cual la rabina Delphine Horvilleur (MJLF), Herv\u00e9 Roten (CFMJ) y Bruno Fraitag (ULIF) presentar\u00e1n la oraci\u00f3n del Kol Nidr\u00e9 en sus dimensiones hist\u00f3rica, lit\u00fargica y musical.<\/p>\n<p><strong>Domingo 22 de noviembre de 2009<\/strong>: concierto (18.00 h)<\/p>\n<p><em><strong>Localizaci\u00f3n:<\/strong> <\/em> Union lib\u00e9rale isra\u00e9lite de France<br \/>24 rue Copernic \u2013 75116 Par\u00eds<br \/>M\u00e9tro : Boissi\u00e8re ou Victor Hugo<\/p>\n<p><strong><em>Precio de la entrada<\/em><\/strong>: 25 \u20ac; miembros de ULIF, MJLF, CJL, KG, CFMJ: 20 \u20ac.<\/p>\n<p>Entradas e informaci\u00f3n: ULIF en el 01 47 04 37 27 o MJLF en el 01 44 37 48 48<\/p>\n<p><strong><a href=\"https:\/\/www.iemj.org\/es\/kol-nidre\/\" target=\"_blank\" rel=\"noopener\">Ver parte de la conferencia filmada y un extracto del concierto <em>Kol Nidr\u00e9<\/em> de Max Bruch<\/a><\/strong><br \/><a href=\"https:\/\/www.iemj.org\/es\/kol-nidre\/\"><img decoding=\"async\" class=\" alignleft size-full wp-image-2949\" src=\"https:\/\/www.iemj.org\/wp-content\/uploads\/2010\/03\/logo_clap_video.jpg\" alt=\"logo_clap_video.jpg\" width=\"90\" height=\"93\" align=\"left\" \/><\/a><\/p>\n\n\n<p><\/p>\n\n\n\n<p><\/p>\n\n\n\n<p><\/p>\n\n\n\n<p><a href=\"https:\/\/www.iemj.org\/es\/produit\/kol-nidre-huit-visions\/\" target=\"_blank\" rel=\"noreferrer noopener\"><strong>Pedir el CD\u00a0<em>Kol Nidre huit visions<\/em>\u00a0en l\u00ednea en la tienda del IEMJ<\/strong><\/a><\/p>\n","protected":false},"excerpt":{"rendered":"<p>18 y 22 de noviembre de 2009<\/p>\n","protected":false},"author":1046,"featured_media":108551,"comment_status":"closed","ping_status":"open","sticky":false,"template":"","format":"standard","meta":{"_acf_changed":false,"footnotes":""},"categories":[1380,1372],"tags":[3422],"technique":[],"squelettes":[],"sujet":[1758],"formation":[],"genre":[],"fonds":[],"tradition":[],"type-de-contenu":[],"interprete-compositeur":[],"frise":[],"type-devenement":[],"tableaux-liens-externes":[],"class_list":["post-108550","post","type-post","status-publish","format-standard","has-post-thumbnail","hentry","category-conciertos-manifestaciones-es","category-manifestaciones-es","tag-eventos-asociados-es","sujet-yom-kippur-es"],"acf":[],"yoast_head":"<!-- This site is optimized with the Yoast SEO plugin v27.3 - https:\/\/yoast.com\/product\/yoast-seo-wordpress\/ -->\n<title>Concierto y conferencia Kol Nidr\u00e9 (Par\u00eds) - Institut Europ\u00e9en des Musiques Juives<\/title>\n<meta name=\"robots\" content=\"index, follow, max-snippet:-1, max-image-preview:large, max-video-preview:-1\" \/>\n<link rel=\"canonical\" href=\"https:\/\/www.iemj.org\/es\/concert-et-conference-kol-nidre-paris\/\" \/>\n<meta property=\"og:locale\" content=\"es_ES\" \/>\n<meta property=\"og:type\" content=\"article\" \/>\n<meta property=\"og:title\" content=\"Concierto y conferencia Kol Nidr\u00e9 (Par\u00eds) - Institut Europ\u00e9en des Musiques Juives\" \/>\n<meta property=\"og:description\" content=\"18 y 22 de noviembre de 2009\" \/>\n<meta property=\"og:url\" content=\"https:\/\/www.iemj.org\/es\/concert-et-conference-kol-nidre-paris\/\" \/>\n<meta property=\"og:site_name\" content=\"Institut Europ\u00e9en des Musiques Juives\" \/>\n<meta property=\"article:publisher\" content=\"https:\/\/www.facebook.com\/MusiquesJuives\/\" \/>\n<meta property=\"article:published_time\" content=\"2009-11-10T12:46:00+00:00\" \/>\n<meta property=\"article:modified_time\" content=\"2024-01-30T14:45:35+00:00\" \/>\n<meta property=\"og:image\" content=\"https:\/\/www.iemj.org\/wp-content\/uploads\/2009\/11\/arton42-e1620121668178.jpg\" \/>\n\t<meta property=\"og:image:width\" content=\"350\" \/>\n\t<meta property=\"og:image:height\" content=\"495\" \/>\n\t<meta property=\"og:image:type\" content=\"image\/jpeg\" \/>\n<meta name=\"author\" content=\"Isabelle Jouve\" \/>\n<meta name=\"twitter:card\" content=\"summary_large_image\" \/>\n<meta name=\"twitter:label1\" content=\"Escrito por\" \/>\n\t<meta name=\"twitter:data1\" content=\"Isabelle Jouve\" \/>\n\t<meta name=\"twitter:label2\" content=\"Tiempo de lectura\" \/>\n\t<meta name=\"twitter:data2\" content=\"3 minutos\" \/>\n<script type=\"application\/ld+json\" class=\"yoast-schema-graph\">{\"@context\":\"https:\\\/\\\/schema.org\",\"@graph\":[{\"@type\":\"Article\",\"@id\":\"https:\\\/\\\/www.iemj.org\\\/es\\\/concert-et-conference-kol-nidre-paris\\\/#article\",\"isPartOf\":{\"@id\":\"https:\\\/\\\/www.iemj.org\\\/es\\\/concert-et-conference-kol-nidre-paris\\\/\"},\"author\":{\"name\":\"Isabelle Jouve\",\"@id\":\"https:\\\/\\\/www.iemj.org\\\/es\\\/#\\\/schema\\\/person\\\/94283a7f5a8b28a85fdab0ae54777472\"},\"headline\":\"Concierto y conferencia Kol Nidr\u00e9 (Par\u00eds)\",\"datePublished\":\"2009-11-10T12:46:00+00:00\",\"dateModified\":\"2024-01-30T14:45:35+00:00\",\"mainEntityOfPage\":{\"@id\":\"https:\\\/\\\/www.iemj.org\\\/es\\\/concert-et-conference-kol-nidre-paris\\\/\"},\"wordCount\":400,\"publisher\":{\"@id\":\"https:\\\/\\\/www.iemj.org\\\/es\\\/#organization\"},\"image\":{\"@id\":\"https:\\\/\\\/www.iemj.org\\\/es\\\/concert-et-conference-kol-nidre-paris\\\/#primaryimage\"},\"thumbnailUrl\":\"https:\\\/\\\/www.iemj.org\\\/wp-content\\\/uploads\\\/2009\\\/11\\\/arton42-e1620121668178.jpg\",\"keywords\":[\"Eventos asociados\"],\"articleSection\":[\"Conciertos\",\"Manifestaciones\"],\"inLanguage\":\"es\"},{\"@type\":\"WebPage\",\"@id\":\"https:\\\/\\\/www.iemj.org\\\/es\\\/concert-et-conference-kol-nidre-paris\\\/\",\"url\":\"https:\\\/\\\/www.iemj.org\\\/es\\\/concert-et-conference-kol-nidre-paris\\\/\",\"name\":\"Concierto y conferencia Kol Nidr\u00e9 (Par\u00eds) - Institut Europ\u00e9en des Musiques Juives\",\"isPartOf\":{\"@id\":\"https:\\\/\\\/www.iemj.org\\\/es\\\/#website\"},\"primaryImageOfPage\":{\"@id\":\"https:\\\/\\\/www.iemj.org\\\/es\\\/concert-et-conference-kol-nidre-paris\\\/#primaryimage\"},\"image\":{\"@id\":\"https:\\\/\\\/www.iemj.org\\\/es\\\/concert-et-conference-kol-nidre-paris\\\/#primaryimage\"},\"thumbnailUrl\":\"https:\\\/\\\/www.iemj.org\\\/wp-content\\\/uploads\\\/2009\\\/11\\\/arton42-e1620121668178.jpg\",\"datePublished\":\"2009-11-10T12:46:00+00:00\",\"dateModified\":\"2024-01-30T14:45:35+00:00\",\"breadcrumb\":{\"@id\":\"https:\\\/\\\/www.iemj.org\\\/es\\\/concert-et-conference-kol-nidre-paris\\\/#breadcrumb\"},\"inLanguage\":\"es\",\"potentialAction\":[{\"@type\":\"ReadAction\",\"target\":[\"https:\\\/\\\/www.iemj.org\\\/es\\\/concert-et-conference-kol-nidre-paris\\\/\"]}]},{\"@type\":\"ImageObject\",\"inLanguage\":\"es\",\"@id\":\"https:\\\/\\\/www.iemj.org\\\/es\\\/concert-et-conference-kol-nidre-paris\\\/#primaryimage\",\"url\":\"https:\\\/\\\/www.iemj.org\\\/wp-content\\\/uploads\\\/2009\\\/11\\\/arton42-e1620121668178.jpg\",\"contentUrl\":\"https:\\\/\\\/www.iemj.org\\\/wp-content\\\/uploads\\\/2009\\\/11\\\/arton42-e1620121668178.jpg\",\"width\":350,\"height\":495},{\"@type\":\"BreadcrumbList\",\"@id\":\"https:\\\/\\\/www.iemj.org\\\/es\\\/concert-et-conference-kol-nidre-paris\\\/#breadcrumb\",\"itemListElement\":[{\"@type\":\"ListItem\",\"position\":1,\"name\":\"Accueil\",\"item\":\"https:\\\/\\\/www.iemj.org\\\/es\\\/\"},{\"@type\":\"ListItem\",\"position\":2,\"name\":\"Concierto y conferencia Kol Nidr\u00e9 (Par\u00eds)\"}]},{\"@type\":\"WebSite\",\"@id\":\"https:\\\/\\\/www.iemj.org\\\/es\\\/#website\",\"url\":\"https:\\\/\\\/www.iemj.org\\\/es\\\/\",\"name\":\"Institut Europ\u00e9en des Musiques Juives\",\"description\":\"Des traditions musicales \u00e0 la port\u00e9e de tous\",\"publisher\":{\"@id\":\"https:\\\/\\\/www.iemj.org\\\/es\\\/#organization\"},\"potentialAction\":[{\"@type\":\"SearchAction\",\"target\":{\"@type\":\"EntryPoint\",\"urlTemplate\":\"https:\\\/\\\/www.iemj.org\\\/es\\\/?s={search_term_string}\"},\"query-input\":{\"@type\":\"PropertyValueSpecification\",\"valueRequired\":true,\"valueName\":\"search_term_string\"}}],\"inLanguage\":\"es\"},{\"@type\":\"Organization\",\"@id\":\"https:\\\/\\\/www.iemj.org\\\/es\\\/#organization\",\"name\":\"Institut Europ\u00e9en des Musiques Juives\",\"url\":\"https:\\\/\\\/www.iemj.org\\\/es\\\/\",\"logo\":{\"@type\":\"ImageObject\",\"inLanguage\":\"es\",\"@id\":\"https:\\\/\\\/www.iemj.org\\\/es\\\/#\\\/schema\\\/logo\\\/image\\\/\",\"url\":\"https:\\\/\\\/www.iemj.org\\\/wp-content\\\/uploads\\\/2021\\\/09\\\/Logo-IEMJ-Paypal.jpg\",\"contentUrl\":\"https:\\\/\\\/www.iemj.org\\\/wp-content\\\/uploads\\\/2021\\\/09\\\/Logo-IEMJ-Paypal.jpg\",\"width\":150,\"height\":50,\"caption\":\"Institut Europ\u00e9en des Musiques Juives\"},\"image\":{\"@id\":\"https:\\\/\\\/www.iemj.org\\\/es\\\/#\\\/schema\\\/logo\\\/image\\\/\"},\"sameAs\":[\"https:\\\/\\\/www.facebook.com\\\/MusiquesJuives\\\/\",\"https:\\\/\\\/www.instagram.com\\\/musiquesjuives\\\/\",\"https:\\\/\\\/www.youtube.com\\\/user\\\/musiquesjuives\"]},{\"@type\":\"Person\",\"@id\":\"https:\\\/\\\/www.iemj.org\\\/es\\\/#\\\/schema\\\/person\\\/94283a7f5a8b28a85fdab0ae54777472\",\"name\":\"Isabelle Jouve\",\"image\":{\"@type\":\"ImageObject\",\"inLanguage\":\"es\",\"@id\":\"https:\\\/\\\/secure.gravatar.com\\\/avatar\\\/bc547a31cb8a12b3ffc0f7fcf1f2dbd4fc06e95ad13a451095d8316a6d5a59a6?s=96&d=mm&r=g\",\"url\":\"https:\\\/\\\/secure.gravatar.com\\\/avatar\\\/bc547a31cb8a12b3ffc0f7fcf1f2dbd4fc06e95ad13a451095d8316a6d5a59a6?s=96&d=mm&r=g\",\"contentUrl\":\"https:\\\/\\\/secure.gravatar.com\\\/avatar\\\/bc547a31cb8a12b3ffc0f7fcf1f2dbd4fc06e95ad13a451095d8316a6d5a59a6?s=96&d=mm&r=g\",\"caption\":\"Isabelle Jouve\"}}]}<\/script>\n<!-- \/ Yoast SEO plugin. -->","yoast_head_json":{"title":"Concierto y conferencia Kol Nidr\u00e9 (Par\u00eds) - Institut Europ\u00e9en des Musiques Juives","robots":{"index":"index","follow":"follow","max-snippet":"max-snippet:-1","max-image-preview":"max-image-preview:large","max-video-preview":"max-video-preview:-1"},"canonical":"https:\/\/www.iemj.org\/es\/concert-et-conference-kol-nidre-paris\/","og_locale":"es_ES","og_type":"article","og_title":"Concierto y conferencia Kol Nidr\u00e9 (Par\u00eds) - Institut Europ\u00e9en des Musiques Juives","og_description":"18 y 22 de noviembre de 2009","og_url":"https:\/\/www.iemj.org\/es\/concert-et-conference-kol-nidre-paris\/","og_site_name":"Institut Europ\u00e9en des Musiques Juives","article_publisher":"https:\/\/www.facebook.com\/MusiquesJuives\/","article_published_time":"2009-11-10T12:46:00+00:00","article_modified_time":"2024-01-30T14:45:35+00:00","og_image":[{"width":350,"height":495,"url":"https:\/\/www.iemj.org\/wp-content\/uploads\/2009\/11\/arton42-e1620121668178.jpg","type":"image\/jpeg"}],"author":"Isabelle Jouve","twitter_card":"summary_large_image","twitter_misc":{"Escrito por":"Isabelle Jouve","Tiempo de lectura":"3 minutos"},"schema":{"@context":"https:\/\/schema.org","@graph":[{"@type":"Article","@id":"https:\/\/www.iemj.org\/es\/concert-et-conference-kol-nidre-paris\/#article","isPartOf":{"@id":"https:\/\/www.iemj.org\/es\/concert-et-conference-kol-nidre-paris\/"},"author":{"name":"Isabelle Jouve","@id":"https:\/\/www.iemj.org\/es\/#\/schema\/person\/94283a7f5a8b28a85fdab0ae54777472"},"headline":"Concierto y conferencia Kol Nidr\u00e9 (Par\u00eds)","datePublished":"2009-11-10T12:46:00+00:00","dateModified":"2024-01-30T14:45:35+00:00","mainEntityOfPage":{"@id":"https:\/\/www.iemj.org\/es\/concert-et-conference-kol-nidre-paris\/"},"wordCount":400,"publisher":{"@id":"https:\/\/www.iemj.org\/es\/#organization"},"image":{"@id":"https:\/\/www.iemj.org\/es\/concert-et-conference-kol-nidre-paris\/#primaryimage"},"thumbnailUrl":"https:\/\/www.iemj.org\/wp-content\/uploads\/2009\/11\/arton42-e1620121668178.jpg","keywords":["Eventos asociados"],"articleSection":["Conciertos","Manifestaciones"],"inLanguage":"es"},{"@type":"WebPage","@id":"https:\/\/www.iemj.org\/es\/concert-et-conference-kol-nidre-paris\/","url":"https:\/\/www.iemj.org\/es\/concert-et-conference-kol-nidre-paris\/","name":"Concierto y conferencia Kol Nidr\u00e9 (Par\u00eds) - Institut Europ\u00e9en des Musiques Juives","isPartOf":{"@id":"https:\/\/www.iemj.org\/es\/#website"},"primaryImageOfPage":{"@id":"https:\/\/www.iemj.org\/es\/concert-et-conference-kol-nidre-paris\/#primaryimage"},"image":{"@id":"https:\/\/www.iemj.org\/es\/concert-et-conference-kol-nidre-paris\/#primaryimage"},"thumbnailUrl":"https:\/\/www.iemj.org\/wp-content\/uploads\/2009\/11\/arton42-e1620121668178.jpg","datePublished":"2009-11-10T12:46:00+00:00","dateModified":"2024-01-30T14:45:35+00:00","breadcrumb":{"@id":"https:\/\/www.iemj.org\/es\/concert-et-conference-kol-nidre-paris\/#breadcrumb"},"inLanguage":"es","potentialAction":[{"@type":"ReadAction","target":["https:\/\/www.iemj.org\/es\/concert-et-conference-kol-nidre-paris\/"]}]},{"@type":"ImageObject","inLanguage":"es","@id":"https:\/\/www.iemj.org\/es\/concert-et-conference-kol-nidre-paris\/#primaryimage","url":"https:\/\/www.iemj.org\/wp-content\/uploads\/2009\/11\/arton42-e1620121668178.jpg","contentUrl":"https:\/\/www.iemj.org\/wp-content\/uploads\/2009\/11\/arton42-e1620121668178.jpg","width":350,"height":495},{"@type":"BreadcrumbList","@id":"https:\/\/www.iemj.org\/es\/concert-et-conference-kol-nidre-paris\/#breadcrumb","itemListElement":[{"@type":"ListItem","position":1,"name":"Accueil","item":"https:\/\/www.iemj.org\/es\/"},{"@type":"ListItem","position":2,"name":"Concierto y conferencia Kol Nidr\u00e9 (Par\u00eds)"}]},{"@type":"WebSite","@id":"https:\/\/www.iemj.org\/es\/#website","url":"https:\/\/www.iemj.org\/es\/","name":"Institut Europ\u00e9en des Musiques Juives","description":"Des traditions musicales \u00e0 la port\u00e9e de tous","publisher":{"@id":"https:\/\/www.iemj.org\/es\/#organization"},"potentialAction":[{"@type":"SearchAction","target":{"@type":"EntryPoint","urlTemplate":"https:\/\/www.iemj.org\/es\/?s={search_term_string}"},"query-input":{"@type":"PropertyValueSpecification","valueRequired":true,"valueName":"search_term_string"}}],"inLanguage":"es"},{"@type":"Organization","@id":"https:\/\/www.iemj.org\/es\/#organization","name":"Institut Europ\u00e9en des Musiques Juives","url":"https:\/\/www.iemj.org\/es\/","logo":{"@type":"ImageObject","inLanguage":"es","@id":"https:\/\/www.iemj.org\/es\/#\/schema\/logo\/image\/","url":"https:\/\/www.iemj.org\/wp-content\/uploads\/2021\/09\/Logo-IEMJ-Paypal.jpg","contentUrl":"https:\/\/www.iemj.org\/wp-content\/uploads\/2021\/09\/Logo-IEMJ-Paypal.jpg","width":150,"height":50,"caption":"Institut Europ\u00e9en des Musiques Juives"},"image":{"@id":"https:\/\/www.iemj.org\/es\/#\/schema\/logo\/image\/"},"sameAs":["https:\/\/www.facebook.com\/MusiquesJuives\/","https:\/\/www.instagram.com\/musiquesjuives\/","https:\/\/www.youtube.com\/user\/musiquesjuives"]},{"@type":"Person","@id":"https:\/\/www.iemj.org\/es\/#\/schema\/person\/94283a7f5a8b28a85fdab0ae54777472","name":"Isabelle Jouve","image":{"@type":"ImageObject","inLanguage":"es","@id":"https:\/\/secure.gravatar.com\/avatar\/bc547a31cb8a12b3ffc0f7fcf1f2dbd4fc06e95ad13a451095d8316a6d5a59a6?s=96&d=mm&r=g","url":"https:\/\/secure.gravatar.com\/avatar\/bc547a31cb8a12b3ffc0f7fcf1f2dbd4fc06e95ad13a451095d8316a6d5a59a6?s=96&d=mm&r=g","contentUrl":"https:\/\/secure.gravatar.com\/avatar\/bc547a31cb8a12b3ffc0f7fcf1f2dbd4fc06e95ad13a451095d8316a6d5a59a6?s=96&d=mm&r=g","caption":"Isabelle Jouve"}}]}},"_links":{"self":[{"href":"https:\/\/www.iemj.org\/es\/wp-json\/wp\/v2\/posts\/108550","targetHints":{"allow":["GET"]}}],"collection":[{"href":"https:\/\/www.iemj.org\/es\/wp-json\/wp\/v2\/posts"}],"about":[{"href":"https:\/\/www.iemj.org\/es\/wp-json\/wp\/v2\/types\/post"}],"author":[{"embeddable":true,"href":"https:\/\/www.iemj.org\/es\/wp-json\/wp\/v2\/users\/1046"}],"replies":[{"embeddable":true,"href":"https:\/\/www.iemj.org\/es\/wp-json\/wp\/v2\/comments?post=108550"}],"version-history":[{"count":0,"href":"https:\/\/www.iemj.org\/es\/wp-json\/wp\/v2\/posts\/108550\/revisions"}],"wp:featuredmedia":[{"embeddable":true,"href":"https:\/\/www.iemj.org\/es\/wp-json\/wp\/v2\/media\/108551"}],"wp:attachment":[{"href":"https:\/\/www.iemj.org\/es\/wp-json\/wp\/v2\/media?parent=108550"}],"wp:term":[{"taxonomy":"category","embeddable":true,"href":"https:\/\/www.iemj.org\/es\/wp-json\/wp\/v2\/categories?post=108550"},{"taxonomy":"post_tag","embeddable":true,"href":"https:\/\/www.iemj.org\/es\/wp-json\/wp\/v2\/tags?post=108550"},{"taxonomy":"technique","embeddable":true,"href":"https:\/\/www.iemj.org\/es\/wp-json\/wp\/v2\/technique?post=108550"},{"taxonomy":"squelettes","embeddable":true,"href":"https:\/\/www.iemj.org\/es\/wp-json\/wp\/v2\/squelettes?post=108550"},{"taxonomy":"sujet","embeddable":true,"href":"https:\/\/www.iemj.org\/es\/wp-json\/wp\/v2\/sujet?post=108550"},{"taxonomy":"formation","embeddable":true,"href":"https:\/\/www.iemj.org\/es\/wp-json\/wp\/v2\/formation?post=108550"},{"taxonomy":"genre","embeddable":true,"href":"https:\/\/www.iemj.org\/es\/wp-json\/wp\/v2\/genre?post=108550"},{"taxonomy":"fonds","embeddable":true,"href":"https:\/\/www.iemj.org\/es\/wp-json\/wp\/v2\/fonds?post=108550"},{"taxonomy":"tradition","embeddable":true,"href":"https:\/\/www.iemj.org\/es\/wp-json\/wp\/v2\/tradition?post=108550"},{"taxonomy":"type-de-contenu","embeddable":true,"href":"https:\/\/www.iemj.org\/es\/wp-json\/wp\/v2\/type-de-contenu?post=108550"},{"taxonomy":"interprete-compositeur","embeddable":true,"href":"https:\/\/www.iemj.org\/es\/wp-json\/wp\/v2\/interprete-compositeur?post=108550"},{"taxonomy":"frise","embeddable":true,"href":"https:\/\/www.iemj.org\/es\/wp-json\/wp\/v2\/frise?post=108550"},{"taxonomy":"type-devenement","embeddable":true,"href":"https:\/\/www.iemj.org\/es\/wp-json\/wp\/v2\/type-devenement?post=108550"},{"taxonomy":"tableaux-liens-externes","embeddable":true,"href":"https:\/\/www.iemj.org\/es\/wp-json\/wp\/v2\/tableaux-liens-externes?post=108550"}],"curies":[{"name":"wp","href":"https:\/\/api.w.org\/{rel}","templated":true}]}}