{"id":109261,"date":"2018-10-16T11:16:21","date_gmt":"2018-10-16T09:16:21","guid":{"rendered":"https:\/\/www.iemj.org\/journees-europeennes-de-la-culture-et-du-patrimoine-juifs-en-france-j-e-c-p-j-france\/"},"modified":"2024-02-13T15:27:37","modified_gmt":"2024-02-13T14:27:37","slug":"journees-europeennes-de-la-culture-et-du-patrimoine-juifs-en-france-j-e-c-p-j-france","status":"publish","type":"post","link":"https:\/\/www.iemj.org\/es\/journees-europeennes-de-la-culture-et-du-patrimoine-juifs-en-france-j-e-c-p-j-france\/","title":{"rendered":"Journ\u00e9es Europ\u00e9ennes de la Culture et du Patrimoine Juifs en France (J.E.C.P.J.-France)"},"content":{"rendered":"<p>Es miembro de la Asociaci\u00f3n Europea para la Preservaci\u00f3n y Promoci\u00f3n del Patrimonio y la Cultura Jud\u00edos y representa a Francia.<\/p>\n<p>Cuenta con un Colegio de Alcaldes de Francia, cuyo Presidente es estatutariamente Vicepresidente de J.E.C.P.J.-Francia.<\/p>\n<p>Coordina las Jornadas Europeas de la Cultura Jud\u00eda en Francia y se encarga de crear y gestionar la secci\u00f3n francesa del Itinerario Cultural del Patrimonio Jud\u00edo, creado bajo los auspicios de los Itinerarios Culturales del Consejo de Europa.<\/p>\n<p><strong>Datos de contacto:<\/strong><br \/>\nCOORDINACI\u00d3N FRANCIA<br \/>\nJECPJ Francia<br \/>\nAsociaci\u00f3n conforme a la ley de 1901<br \/>\nc\/o CBL &#8211; 10 rue Saint Claude &#8211; 75003 Par\u00eds<br \/>\nTel : 01 42 71 68 19<\/p>\n<p><a href=\"http:\/\/www.jecpj-france.com\/\" target=\"_blank\" rel=\"noopener\">Visitar el sitio web<\/a><\/p>\n","protected":false},"excerpt":{"rendered":"<p>Es miembro de la Asociaci\u00f3n Europea para la Preservaci\u00f3n y Promoci\u00f3n del Patrimonio y la Cultura Jud\u00edos y representa a Francia. Cuenta con un Colegio de Alcaldes de Francia, cuyo<\/p>\n","protected":false},"author":5,"featured_media":109262,"comment_status":"closed","ping_status":"open","sticky":false,"template":"","format":"standard","meta":{"_acf_changed":false,"footnotes":""},"categories":[1404,1424,2053],"tags":[],"technique":[],"squelettes":[],"sujet":[],"formation":[],"genre":[],"fonds":[],"tradition":[],"type-de-contenu":[],"interprete-compositeur":[],"frise":[],"type-devenement":[],"tableaux-liens-externes":[],"class_list":["post-109261","post","type-post","status-publish","format-standard","has-post-thumbnail","hentry","category-descubrir-es","category-enlaces-externos-es","category-recursos-en-linea-es"],"acf":[],"yoast_head":"<!-- This site is optimized with the Yoast SEO plugin v27.3 - https:\/\/yoast.com\/product\/yoast-seo-wordpress\/ -->\n<title>Journ\u00e9es Europ\u00e9ennes de la Culture et du Patrimoine Juifs en France (J.E.C.P.J.-France) - Institut Europ\u00e9en des Musiques Juives<\/title>\n<meta name=\"robots\" content=\"index, follow, max-snippet:-1, max-image-preview:large, max-video-preview:-1\" \/>\n<link rel=\"canonical\" href=\"https:\/\/www.iemj.org\/es\/journees-europeennes-de-la-culture-et-du-patrimoine-juifs-en-france-j-e-c-p-j-france\/\" \/>\n<meta property=\"og:locale\" content=\"es_ES\" \/>\n<meta property=\"og:type\" content=\"article\" \/>\n<meta property=\"og:title\" content=\"Journ\u00e9es Europ\u00e9ennes de la Culture et du Patrimoine Juifs en France (J.E.C.P.J.-France) - Institut Europ\u00e9en des Musiques Juives\" \/>\n<meta property=\"og:description\" content=\"Es miembro de la Asociaci\u00f3n Europea para la Preservaci\u00f3n y Promoci\u00f3n del Patrimonio y la Cultura Jud\u00edos y representa a Francia. Cuenta con un Colegio de Alcaldes de Francia, cuyo\" \/>\n<meta property=\"og:url\" content=\"https:\/\/www.iemj.org\/es\/journees-europeennes-de-la-culture-et-du-patrimoine-juifs-en-france-j-e-c-p-j-france\/\" \/>\n<meta property=\"og:site_name\" content=\"Institut Europ\u00e9en des Musiques Juives\" \/>\n<meta property=\"article:publisher\" content=\"https:\/\/www.facebook.com\/MusiquesJuives\/\" \/>\n<meta property=\"article:published_time\" content=\"2018-10-16T09:16:21+00:00\" \/>\n<meta property=\"article:modified_time\" content=\"2024-02-13T14:27:37+00:00\" \/>\n<meta property=\"og:image\" content=\"https:\/\/www.iemj.org\/wp-content\/uploads\/2018\/10\/arton3678.jpg\" \/>\n\t<meta property=\"og:image:width\" content=\"887\" \/>\n\t<meta property=\"og:image:height\" content=\"358\" \/>\n\t<meta property=\"og:image:type\" content=\"image\/jpeg\" \/>\n<meta name=\"author\" content=\"Jacqueline ROTEN\" \/>\n<meta name=\"twitter:card\" content=\"summary_large_image\" \/>\n<meta name=\"twitter:label1\" content=\"Escrito por\" \/>\n\t<meta name=\"twitter:data1\" content=\"Jacqueline ROTEN\" \/>\n\t<meta name=\"twitter:label2\" content=\"Tiempo de lectura\" \/>\n\t<meta name=\"twitter:data2\" content=\"1 minuto\" \/>\n<script type=\"application\/ld+json\" class=\"yoast-schema-graph\">{\"@context\":\"https:\\\/\\\/schema.org\",\"@graph\":[{\"@type\":\"Article\",\"@id\":\"https:\\\/\\\/www.iemj.org\\\/es\\\/journees-europeennes-de-la-culture-et-du-patrimoine-juifs-en-france-j-e-c-p-j-france\\\/#article\",\"isPartOf\":{\"@id\":\"https:\\\/\\\/www.iemj.org\\\/es\\\/journees-europeennes-de-la-culture-et-du-patrimoine-juifs-en-france-j-e-c-p-j-france\\\/\"},\"author\":{\"name\":\"Jacqueline ROTEN\",\"@id\":\"https:\\\/\\\/www.iemj.org\\\/es\\\/#\\\/schema\\\/person\\\/358e26c18aca017fcc4cc15437f7279c\"},\"headline\":\"Journ\u00e9es Europ\u00e9ennes de la Culture et du Patrimoine Juifs en France (J.E.C.P.J.-France)\",\"datePublished\":\"2018-10-16T09:16:21+00:00\",\"dateModified\":\"2024-02-13T14:27:37+00:00\",\"mainEntityOfPage\":{\"@id\":\"https:\\\/\\\/www.iemj.org\\\/es\\\/journees-europeennes-de-la-culture-et-du-patrimoine-juifs-en-france-j-e-c-p-j-france\\\/\"},\"wordCount\":135,\"publisher\":{\"@id\":\"https:\\\/\\\/www.iemj.org\\\/es\\\/#organization\"},\"image\":{\"@id\":\"https:\\\/\\\/www.iemj.org\\\/es\\\/journees-europeennes-de-la-culture-et-du-patrimoine-juifs-en-france-j-e-c-p-j-france\\\/#primaryimage\"},\"thumbnailUrl\":\"https:\\\/\\\/www.iemj.org\\\/wp-content\\\/uploads\\\/2018\\\/10\\\/arton3678.jpg\",\"articleSection\":[\"Descubrir\",\"Enlaces externos\",\"Recursos en l\u00ednea\"],\"inLanguage\":\"es\"},{\"@type\":\"WebPage\",\"@id\":\"https:\\\/\\\/www.iemj.org\\\/es\\\/journees-europeennes-de-la-culture-et-du-patrimoine-juifs-en-france-j-e-c-p-j-france\\\/\",\"url\":\"https:\\\/\\\/www.iemj.org\\\/es\\\/journees-europeennes-de-la-culture-et-du-patrimoine-juifs-en-france-j-e-c-p-j-france\\\/\",\"name\":\"Journ\u00e9es Europ\u00e9ennes de la Culture et du Patrimoine Juifs en France (J.E.C.P.J.-France) - Institut Europ\u00e9en des Musiques Juives\",\"isPartOf\":{\"@id\":\"https:\\\/\\\/www.iemj.org\\\/es\\\/#website\"},\"primaryImageOfPage\":{\"@id\":\"https:\\\/\\\/www.iemj.org\\\/es\\\/journees-europeennes-de-la-culture-et-du-patrimoine-juifs-en-france-j-e-c-p-j-france\\\/#primaryimage\"},\"image\":{\"@id\":\"https:\\\/\\\/www.iemj.org\\\/es\\\/journees-europeennes-de-la-culture-et-du-patrimoine-juifs-en-france-j-e-c-p-j-france\\\/#primaryimage\"},\"thumbnailUrl\":\"https:\\\/\\\/www.iemj.org\\\/wp-content\\\/uploads\\\/2018\\\/10\\\/arton3678.jpg\",\"datePublished\":\"2018-10-16T09:16:21+00:00\",\"dateModified\":\"2024-02-13T14:27:37+00:00\",\"breadcrumb\":{\"@id\":\"https:\\\/\\\/www.iemj.org\\\/es\\\/journees-europeennes-de-la-culture-et-du-patrimoine-juifs-en-france-j-e-c-p-j-france\\\/#breadcrumb\"},\"inLanguage\":\"es\",\"potentialAction\":[{\"@type\":\"ReadAction\",\"target\":[\"https:\\\/\\\/www.iemj.org\\\/es\\\/journees-europeennes-de-la-culture-et-du-patrimoine-juifs-en-france-j-e-c-p-j-france\\\/\"]}]},{\"@type\":\"ImageObject\",\"inLanguage\":\"es\",\"@id\":\"https:\\\/\\\/www.iemj.org\\\/es\\\/journees-europeennes-de-la-culture-et-du-patrimoine-juifs-en-france-j-e-c-p-j-france\\\/#primaryimage\",\"url\":\"https:\\\/\\\/www.iemj.org\\\/wp-content\\\/uploads\\\/2018\\\/10\\\/arton3678.jpg\",\"contentUrl\":\"https:\\\/\\\/www.iemj.org\\\/wp-content\\\/uploads\\\/2018\\\/10\\\/arton3678.jpg\",\"width\":887,\"height\":358},{\"@type\":\"BreadcrumbList\",\"@id\":\"https:\\\/\\\/www.iemj.org\\\/es\\\/journees-europeennes-de-la-culture-et-du-patrimoine-juifs-en-france-j-e-c-p-j-france\\\/#breadcrumb\",\"itemListElement\":[{\"@type\":\"ListItem\",\"position\":1,\"name\":\"Accueil\",\"item\":\"https:\\\/\\\/www.iemj.org\\\/es\\\/\"},{\"@type\":\"ListItem\",\"position\":2,\"name\":\"Journ\u00e9es Europ\u00e9ennes de la Culture et du Patrimoine Juifs en France (J.E.C.P.J.-France)\"}]},{\"@type\":\"WebSite\",\"@id\":\"https:\\\/\\\/www.iemj.org\\\/es\\\/#website\",\"url\":\"https:\\\/\\\/www.iemj.org\\\/es\\\/\",\"name\":\"Institut Europ\u00e9en des Musiques Juives\",\"description\":\"Des traditions musicales \u00e0 la port\u00e9e de tous\",\"publisher\":{\"@id\":\"https:\\\/\\\/www.iemj.org\\\/es\\\/#organization\"},\"potentialAction\":[{\"@type\":\"SearchAction\",\"target\":{\"@type\":\"EntryPoint\",\"urlTemplate\":\"https:\\\/\\\/www.iemj.org\\\/es\\\/?s={search_term_string}\"},\"query-input\":{\"@type\":\"PropertyValueSpecification\",\"valueRequired\":true,\"valueName\":\"search_term_string\"}}],\"inLanguage\":\"es\"},{\"@type\":\"Organization\",\"@id\":\"https:\\\/\\\/www.iemj.org\\\/es\\\/#organization\",\"name\":\"Institut Europ\u00e9en des Musiques Juives\",\"url\":\"https:\\\/\\\/www.iemj.org\\\/es\\\/\",\"logo\":{\"@type\":\"ImageObject\",\"inLanguage\":\"es\",\"@id\":\"https:\\\/\\\/www.iemj.org\\\/es\\\/#\\\/schema\\\/logo\\\/image\\\/\",\"url\":\"https:\\\/\\\/www.iemj.org\\\/wp-content\\\/uploads\\\/2021\\\/09\\\/Logo-IEMJ-Paypal.jpg\",\"contentUrl\":\"https:\\\/\\\/www.iemj.org\\\/wp-content\\\/uploads\\\/2021\\\/09\\\/Logo-IEMJ-Paypal.jpg\",\"width\":150,\"height\":50,\"caption\":\"Institut Europ\u00e9en des Musiques Juives\"},\"image\":{\"@id\":\"https:\\\/\\\/www.iemj.org\\\/es\\\/#\\\/schema\\\/logo\\\/image\\\/\"},\"sameAs\":[\"https:\\\/\\\/www.facebook.com\\\/MusiquesJuives\\\/\",\"https:\\\/\\\/www.instagram.com\\\/musiquesjuives\\\/\",\"https:\\\/\\\/www.youtube.com\\\/user\\\/musiquesjuives\"]},{\"@type\":\"Person\",\"@id\":\"https:\\\/\\\/www.iemj.org\\\/es\\\/#\\\/schema\\\/person\\\/358e26c18aca017fcc4cc15437f7279c\",\"name\":\"Jacqueline ROTEN\",\"image\":{\"@type\":\"ImageObject\",\"inLanguage\":\"es\",\"@id\":\"https:\\\/\\\/secure.gravatar.com\\\/avatar\\\/5964256d6c6957de3a3505278957e0fb2a35119ac47ea41827a65301213c810b?s=96&d=mm&r=g\",\"url\":\"https:\\\/\\\/secure.gravatar.com\\\/avatar\\\/5964256d6c6957de3a3505278957e0fb2a35119ac47ea41827a65301213c810b?s=96&d=mm&r=g\",\"contentUrl\":\"https:\\\/\\\/secure.gravatar.com\\\/avatar\\\/5964256d6c6957de3a3505278957e0fb2a35119ac47ea41827a65301213c810b?s=96&d=mm&r=g\",\"caption\":\"Jacqueline ROTEN\"}}]}<\/script>\n<!-- \/ Yoast SEO plugin. -->","yoast_head_json":{"title":"Journ\u00e9es Europ\u00e9ennes de la Culture et du Patrimoine Juifs en France (J.E.C.P.J.-France) - Institut Europ\u00e9en des Musiques Juives","robots":{"index":"index","follow":"follow","max-snippet":"max-snippet:-1","max-image-preview":"max-image-preview:large","max-video-preview":"max-video-preview:-1"},"canonical":"https:\/\/www.iemj.org\/es\/journees-europeennes-de-la-culture-et-du-patrimoine-juifs-en-france-j-e-c-p-j-france\/","og_locale":"es_ES","og_type":"article","og_title":"Journ\u00e9es Europ\u00e9ennes de la Culture et du Patrimoine Juifs en France (J.E.C.P.J.-France) - Institut Europ\u00e9en des Musiques Juives","og_description":"Es miembro de la Asociaci\u00f3n Europea para la Preservaci\u00f3n y Promoci\u00f3n del Patrimonio y la Cultura Jud\u00edos y representa a Francia. Cuenta con un Colegio de Alcaldes de Francia, cuyo","og_url":"https:\/\/www.iemj.org\/es\/journees-europeennes-de-la-culture-et-du-patrimoine-juifs-en-france-j-e-c-p-j-france\/","og_site_name":"Institut Europ\u00e9en des Musiques Juives","article_publisher":"https:\/\/www.facebook.com\/MusiquesJuives\/","article_published_time":"2018-10-16T09:16:21+00:00","article_modified_time":"2024-02-13T14:27:37+00:00","og_image":[{"width":887,"height":358,"url":"https:\/\/www.iemj.org\/wp-content\/uploads\/2018\/10\/arton3678.jpg","type":"image\/jpeg"}],"author":"Jacqueline ROTEN","twitter_card":"summary_large_image","twitter_misc":{"Escrito por":"Jacqueline ROTEN","Tiempo de lectura":"1 minuto"},"schema":{"@context":"https:\/\/schema.org","@graph":[{"@type":"Article","@id":"https:\/\/www.iemj.org\/es\/journees-europeennes-de-la-culture-et-du-patrimoine-juifs-en-france-j-e-c-p-j-france\/#article","isPartOf":{"@id":"https:\/\/www.iemj.org\/es\/journees-europeennes-de-la-culture-et-du-patrimoine-juifs-en-france-j-e-c-p-j-france\/"},"author":{"name":"Jacqueline ROTEN","@id":"https:\/\/www.iemj.org\/es\/#\/schema\/person\/358e26c18aca017fcc4cc15437f7279c"},"headline":"Journ\u00e9es Europ\u00e9ennes de la Culture et du Patrimoine Juifs en France (J.E.C.P.J.-France)","datePublished":"2018-10-16T09:16:21+00:00","dateModified":"2024-02-13T14:27:37+00:00","mainEntityOfPage":{"@id":"https:\/\/www.iemj.org\/es\/journees-europeennes-de-la-culture-et-du-patrimoine-juifs-en-france-j-e-c-p-j-france\/"},"wordCount":135,"publisher":{"@id":"https:\/\/www.iemj.org\/es\/#organization"},"image":{"@id":"https:\/\/www.iemj.org\/es\/journees-europeennes-de-la-culture-et-du-patrimoine-juifs-en-france-j-e-c-p-j-france\/#primaryimage"},"thumbnailUrl":"https:\/\/www.iemj.org\/wp-content\/uploads\/2018\/10\/arton3678.jpg","articleSection":["Descubrir","Enlaces externos","Recursos en l\u00ednea"],"inLanguage":"es"},{"@type":"WebPage","@id":"https:\/\/www.iemj.org\/es\/journees-europeennes-de-la-culture-et-du-patrimoine-juifs-en-france-j-e-c-p-j-france\/","url":"https:\/\/www.iemj.org\/es\/journees-europeennes-de-la-culture-et-du-patrimoine-juifs-en-france-j-e-c-p-j-france\/","name":"Journ\u00e9es Europ\u00e9ennes de la Culture et du Patrimoine Juifs en France (J.E.C.P.J.-France) - Institut Europ\u00e9en des Musiques Juives","isPartOf":{"@id":"https:\/\/www.iemj.org\/es\/#website"},"primaryImageOfPage":{"@id":"https:\/\/www.iemj.org\/es\/journees-europeennes-de-la-culture-et-du-patrimoine-juifs-en-france-j-e-c-p-j-france\/#primaryimage"},"image":{"@id":"https:\/\/www.iemj.org\/es\/journees-europeennes-de-la-culture-et-du-patrimoine-juifs-en-france-j-e-c-p-j-france\/#primaryimage"},"thumbnailUrl":"https:\/\/www.iemj.org\/wp-content\/uploads\/2018\/10\/arton3678.jpg","datePublished":"2018-10-16T09:16:21+00:00","dateModified":"2024-02-13T14:27:37+00:00","breadcrumb":{"@id":"https:\/\/www.iemj.org\/es\/journees-europeennes-de-la-culture-et-du-patrimoine-juifs-en-france-j-e-c-p-j-france\/#breadcrumb"},"inLanguage":"es","potentialAction":[{"@type":"ReadAction","target":["https:\/\/www.iemj.org\/es\/journees-europeennes-de-la-culture-et-du-patrimoine-juifs-en-france-j-e-c-p-j-france\/"]}]},{"@type":"ImageObject","inLanguage":"es","@id":"https:\/\/www.iemj.org\/es\/journees-europeennes-de-la-culture-et-du-patrimoine-juifs-en-france-j-e-c-p-j-france\/#primaryimage","url":"https:\/\/www.iemj.org\/wp-content\/uploads\/2018\/10\/arton3678.jpg","contentUrl":"https:\/\/www.iemj.org\/wp-content\/uploads\/2018\/10\/arton3678.jpg","width":887,"height":358},{"@type":"BreadcrumbList","@id":"https:\/\/www.iemj.org\/es\/journees-europeennes-de-la-culture-et-du-patrimoine-juifs-en-france-j-e-c-p-j-france\/#breadcrumb","itemListElement":[{"@type":"ListItem","position":1,"name":"Accueil","item":"https:\/\/www.iemj.org\/es\/"},{"@type":"ListItem","position":2,"name":"Journ\u00e9es Europ\u00e9ennes de la Culture et du Patrimoine Juifs en France (J.E.C.P.J.-France)"}]},{"@type":"WebSite","@id":"https:\/\/www.iemj.org\/es\/#website","url":"https:\/\/www.iemj.org\/es\/","name":"Institut Europ\u00e9en des Musiques Juives","description":"Des traditions musicales \u00e0 la port\u00e9e de tous","publisher":{"@id":"https:\/\/www.iemj.org\/es\/#organization"},"potentialAction":[{"@type":"SearchAction","target":{"@type":"EntryPoint","urlTemplate":"https:\/\/www.iemj.org\/es\/?s={search_term_string}"},"query-input":{"@type":"PropertyValueSpecification","valueRequired":true,"valueName":"search_term_string"}}],"inLanguage":"es"},{"@type":"Organization","@id":"https:\/\/www.iemj.org\/es\/#organization","name":"Institut Europ\u00e9en des Musiques Juives","url":"https:\/\/www.iemj.org\/es\/","logo":{"@type":"ImageObject","inLanguage":"es","@id":"https:\/\/www.iemj.org\/es\/#\/schema\/logo\/image\/","url":"https:\/\/www.iemj.org\/wp-content\/uploads\/2021\/09\/Logo-IEMJ-Paypal.jpg","contentUrl":"https:\/\/www.iemj.org\/wp-content\/uploads\/2021\/09\/Logo-IEMJ-Paypal.jpg","width":150,"height":50,"caption":"Institut Europ\u00e9en des Musiques Juives"},"image":{"@id":"https:\/\/www.iemj.org\/es\/#\/schema\/logo\/image\/"},"sameAs":["https:\/\/www.facebook.com\/MusiquesJuives\/","https:\/\/www.instagram.com\/musiquesjuives\/","https:\/\/www.youtube.com\/user\/musiquesjuives"]},{"@type":"Person","@id":"https:\/\/www.iemj.org\/es\/#\/schema\/person\/358e26c18aca017fcc4cc15437f7279c","name":"Jacqueline ROTEN","image":{"@type":"ImageObject","inLanguage":"es","@id":"https:\/\/secure.gravatar.com\/avatar\/5964256d6c6957de3a3505278957e0fb2a35119ac47ea41827a65301213c810b?s=96&d=mm&r=g","url":"https:\/\/secure.gravatar.com\/avatar\/5964256d6c6957de3a3505278957e0fb2a35119ac47ea41827a65301213c810b?s=96&d=mm&r=g","contentUrl":"https:\/\/secure.gravatar.com\/avatar\/5964256d6c6957de3a3505278957e0fb2a35119ac47ea41827a65301213c810b?s=96&d=mm&r=g","caption":"Jacqueline ROTEN"}}]}},"_links":{"self":[{"href":"https:\/\/www.iemj.org\/es\/wp-json\/wp\/v2\/posts\/109261","targetHints":{"allow":["GET"]}}],"collection":[{"href":"https:\/\/www.iemj.org\/es\/wp-json\/wp\/v2\/posts"}],"about":[{"href":"https:\/\/www.iemj.org\/es\/wp-json\/wp\/v2\/types\/post"}],"author":[{"embeddable":true,"href":"https:\/\/www.iemj.org\/es\/wp-json\/wp\/v2\/users\/5"}],"replies":[{"embeddable":true,"href":"https:\/\/www.iemj.org\/es\/wp-json\/wp\/v2\/comments?post=109261"}],"version-history":[{"count":0,"href":"https:\/\/www.iemj.org\/es\/wp-json\/wp\/v2\/posts\/109261\/revisions"}],"wp:featuredmedia":[{"embeddable":true,"href":"https:\/\/www.iemj.org\/es\/wp-json\/wp\/v2\/media\/109262"}],"wp:attachment":[{"href":"https:\/\/www.iemj.org\/es\/wp-json\/wp\/v2\/media?parent=109261"}],"wp:term":[{"taxonomy":"category","embeddable":true,"href":"https:\/\/www.iemj.org\/es\/wp-json\/wp\/v2\/categories?post=109261"},{"taxonomy":"post_tag","embeddable":true,"href":"https:\/\/www.iemj.org\/es\/wp-json\/wp\/v2\/tags?post=109261"},{"taxonomy":"technique","embeddable":true,"href":"https:\/\/www.iemj.org\/es\/wp-json\/wp\/v2\/technique?post=109261"},{"taxonomy":"squelettes","embeddable":true,"href":"https:\/\/www.iemj.org\/es\/wp-json\/wp\/v2\/squelettes?post=109261"},{"taxonomy":"sujet","embeddable":true,"href":"https:\/\/www.iemj.org\/es\/wp-json\/wp\/v2\/sujet?post=109261"},{"taxonomy":"formation","embeddable":true,"href":"https:\/\/www.iemj.org\/es\/wp-json\/wp\/v2\/formation?post=109261"},{"taxonomy":"genre","embeddable":true,"href":"https:\/\/www.iemj.org\/es\/wp-json\/wp\/v2\/genre?post=109261"},{"taxonomy":"fonds","embeddable":true,"href":"https:\/\/www.iemj.org\/es\/wp-json\/wp\/v2\/fonds?post=109261"},{"taxonomy":"tradition","embeddable":true,"href":"https:\/\/www.iemj.org\/es\/wp-json\/wp\/v2\/tradition?post=109261"},{"taxonomy":"type-de-contenu","embeddable":true,"href":"https:\/\/www.iemj.org\/es\/wp-json\/wp\/v2\/type-de-contenu?post=109261"},{"taxonomy":"interprete-compositeur","embeddable":true,"href":"https:\/\/www.iemj.org\/es\/wp-json\/wp\/v2\/interprete-compositeur?post=109261"},{"taxonomy":"frise","embeddable":true,"href":"https:\/\/www.iemj.org\/es\/wp-json\/wp\/v2\/frise?post=109261"},{"taxonomy":"type-devenement","embeddable":true,"href":"https:\/\/www.iemj.org\/es\/wp-json\/wp\/v2\/type-devenement?post=109261"},{"taxonomy":"tableaux-liens-externes","embeddable":true,"href":"https:\/\/www.iemj.org\/es\/wp-json\/wp\/v2\/tableaux-liens-externes?post=109261"}],"curies":[{"name":"wp","href":"https:\/\/api.w.org\/{rel}","templated":true}]}}