{"id":111130,"date":"2024-04-14T19:31:07","date_gmt":"2024-04-14T17:31:07","guid":{"rendered":"https:\/\/www.iemj.org\/le-seder-de-pessah-chez-les-juifs-du-maroc\/"},"modified":"2025-03-31T16:51:48","modified_gmt":"2025-03-31T14:51:48","slug":"le-seder-de-pessah-chez-les-juifs-du-maroc","status":"publish","type":"post","link":"https:\/\/www.iemj.org\/es\/le-seder-de-pessah-chez-les-juifs-du-maroc\/","title":{"rendered":"EL SEDER DE PESAJ DE LOS JUD\u00cdOS DE MARRUECOS"},"content":{"rendered":"<h3><\/h3>\n<p><!--more--><\/p>\n<p>Ejemplos sonoros cantados por Avner Azoulay<\/p>\n<p><!--more--><\/p>\n<h3>El Seder<\/h3>\n<p>La celebraci\u00f3n de las dos primeras <a href=\"https:\/\/www.iemj.org\/es\/pessah\/\" target=\"_blank\" rel=\"noopener\">noches de P\u00e9saj<\/a> ocupa un lugar muy especial entre las diversas fiestas del calendario hebreo. Para muchas personas, es un momento familiar especial y una oportunidad para redescubrir su herencia y la memoria.<\/p>\n<p>Celebraci\u00f3n eminentemente pedag\u00f3gica, el ritual del S\u00e9der pone en pr\u00e1ctica el mandato b\u00edblico: \u00abDile a tu hijo&#8230;\u00bb (\u00c9xodo 13:8) reconstruyendo, mediante textos y gestos, la liberaci\u00f3n de los hebreos del yugo de la esclavitud.<\/p>\n<p>Como ocurre a menudo, la m\u00fasica desempe\u00f1a aqu\u00ed su papel: acompa\u00f1a el texto de la <em>Hagad\u00e1\u00a0<\/em>y forja un recuerdo compartido entre invitados de distintas edades reunidos en torno a la misma mesa.<\/p>\n<h3>El lugar de los cantos<\/h3>\n<p>L<img fetchpriority=\"high\" decoding=\"async\" class=\" wp-image-111116 alignright\" src=\"https:\/\/www.iemj.org\/wp-content\/uploads\/2024\/04\/Hagada-de-Pessah-237x300.jpg\" alt=\"\" width=\"211\" height=\"267\" srcset=\"https:\/\/www.iemj.org\/wp-content\/uploads\/2024\/04\/Hagada-de-Pessah-237x300.jpg 237w, https:\/\/www.iemj.org\/wp-content\/uploads\/2024\/04\/Hagada-de-Pessah.jpg 285w\" sizes=\"(max-width: 211px) 100vw, 211px\" \/>a tradici\u00f3n ha marcado el ritual de esta noche con quince etapas. La primera se denomina <em>Kadech<\/em> -santificaci\u00f3n- y se refiere a la recitaci\u00f3n del <em>Kiddush<\/em>. Las etapas siguientes incluyen la <em>Matz\u00e1<\/em> -la ingesta de pan \u00e1cimo- y el <em>Maror<\/em> -la ingesta de hierbas amargas-. Pero la mejor parte est\u00e1 reservada para el <em>Maguid<\/em>: la historia de la salida de Egipto. Esta secci\u00f3n de la Hagad\u00e1 contiene muchas canciones, como <em>Ma nichtana<\/em> y <em>Dayenu<\/em>.<\/p>\n<p>Sin embargo, la <em>Hagad\u00e1<\/em> no termina con la finalizaci\u00f3n de la decimoquinta etapa. Varias p\u00e1ginas de canciones en hebreo, arameo, judeo-\u00e1rabe, judeo-espa\u00f1ola y otras lenguas adornan las distintas ediciones de la <em>Hagad\u00e1<\/em>. Estos textos incluyen canciones muy queridas, como la <a href=\"https:\/\/www.iemj.org\/es\/ehad-mi-yodea-une-chanson-de-pessah\/\" target=\"_blank\" rel=\"noopener\">Canci\u00f3n de los N\u00fameros (<em>E&#8217;had mi yodea<\/em>)<\/a> y la <a href=\"https:\/\/www.iemj.org\/es\/had-gadya-une-chanson-de-pessah\/\" target=\"_blank\" rel=\"noopener\">Canci\u00f3n del Cabrito (<em>&#8216;Had gadya<\/em>)<\/a>.<\/p>\n<p><strong>AUDIO 1 : El <em>Kiddush<\/em>\u00a0\u2013 Avner Azoulay<\/strong><\/p>\n<audio class=\"wp-audio-shortcode\" id=\"audio-111130-1\" preload=\"none\" style=\"width: 100%;\" controls=\"controls\"><source type=\"audio\/mpeg\" src=\"https:\/\/www.iemj.org\/wp-content\/uploads\/2024\/04\/Audio1_Le-Kiddouch-\u2013-Avner-Azoulay.mp3?_=1\" \/><a href=\"https:\/\/www.iemj.org\/wp-content\/uploads\/2024\/04\/Audio1_Le-Kiddouch-\u2013-Avner-Azoulay.mp3\">https:\/\/www.iemj.org\/wp-content\/uploads\/2024\/04\/Audio1_Le-Kiddouch-\u2013-Avner-Azoulay.mp3<\/a><\/audio>\n<p>Como toda comida festiva, las veladas del S\u00e9der comienzan con la recitaci\u00f3n del <em>Kiddush<\/em>. La copa de vino que se bebe al comienzo de la velada es la primera de las cuatro copas de vino que se consumen para simbolizar la libertad. Es tambi\u00e9n la primera de las quince etapas de la noche: el <em>Kadech<\/em>.<\/p>\n<p><em>Baroukh Ata Adona\u00ef, Eloh\u00e9nou M\u00e9l\u00e8kh haolam, bor\u00e9 peri hagafen<\/em>.<\/p>\n<p><strong>AUDIO 2 : <em>Bibilu<\/em> \u2013 Avner Azoulay<\/strong><\/p>\n<audio class=\"wp-audio-shortcode\" id=\"audio-111130-2\" preload=\"none\" style=\"width: 100%;\" controls=\"controls\"><source type=\"audio\/mpeg\" src=\"https:\/\/www.iemj.org\/wp-content\/uploads\/2024\/04\/Audio2_Bibilou-\u2013-Avner-Azoulay.mp3?_=2\" \/><a href=\"https:\/\/www.iemj.org\/wp-content\/uploads\/2024\/04\/Audio2_Bibilou-\u2013-Avner-Azoulay.mp3\">https:\/\/www.iemj.org\/wp-content\/uploads\/2024\/04\/Audio2_Bibilou-\u2013-Avner-Azoulay.mp3<\/a><\/audio>\n<p>Com\u00fanmente conocido como \u00abBibilu\u00bb, este pasaje, cantado con una melod\u00eda tradicional andaluza, marca el comienzo de la parte narrativa del S\u00e9der (el <em>Maguid<\/em>) en la tradici\u00f3n marroqu\u00ed. Durante la recitaci\u00f3n, que narra la precipitada salida de Egipto, es costumbre girar la bandeja que contiene el pan \u00e1zimo sobre las cabezas de los invitados.<\/p>\n<p><em>Bivhilou yatsanou mimitsrayim, ha la\u2019hma anya \u2026 b\u00e9n\u00e9 \u2018horine.<\/em><\/p>\n<p><strong>AUDIO 3 : <em>Ma nichtana<\/em> \u2013 Avner Azoulay<\/strong><\/p>\n<audio class=\"wp-audio-shortcode\" id=\"audio-111130-3\" preload=\"none\" style=\"width: 100%;\" controls=\"controls\"><source type=\"audio\/mpeg\" src=\"https:\/\/www.iemj.org\/wp-content\/uploads\/2024\/04\/Audio3_Ma-nichtana-\u2013-Avner-Azoulay.mp3?_=3\" \/><a href=\"https:\/\/www.iemj.org\/wp-content\/uploads\/2024\/04\/Audio3_Ma-nichtana-\u2013-Avner-Azoulay.mp3\">https:\/\/www.iemj.org\/wp-content\/uploads\/2024\/04\/Audio3_Ma-nichtana-\u2013-Avner-Azoulay.mp3<\/a><\/audio>\n<p>La historia de la salida de Egipto se presenta como respuesta a la curiosidad de los ni\u00f1os por las pr\u00e1cticas inusuales que observan en las noches del S\u00e9der. Los ni\u00f1os preguntan primero \u00abMa nichtana?\u00bb (\u00ab\u00bfEn qu\u00e9 se diferencia esta noche de las dem\u00e1s?\u00bb), y los adultos responden relatando la Hagad\u00e1.<\/p>\n<p>N\u00f3tese aqu\u00ed la uni\u00f3n de una melod\u00eda de origen askenaz\u00ed con la pr\u00e1ctica lit\u00fargica de ciertas familias jud\u00edas del Magreb.<\/p>\n<p><em>Ma nichtana hala\u00efla haz\u00e9 mikol hal\u00e9lot.<\/em><\/p>\n<p><strong>AUDIO 4 : <em>V\u00e9hi ch\u00e9amda<\/em> \u2013 Avner Azoulay<\/strong><\/p>\n<audio class=\"wp-audio-shortcode\" id=\"audio-111130-4\" preload=\"none\" style=\"width: 100%;\" controls=\"controls\"><source type=\"audio\/mpeg\" src=\"https:\/\/www.iemj.org\/wp-content\/uploads\/2024\/04\/Audio4_Vehi-cheamda-\u2013-Avner-Azoulay.mp3?_=4\" \/><a href=\"https:\/\/www.iemj.org\/wp-content\/uploads\/2024\/04\/Audio4_Vehi-cheamda-\u2013-Avner-Azoulay.mp3\">https:\/\/www.iemj.org\/wp-content\/uploads\/2024\/04\/Audio4_Vehi-cheamda-\u2013-Avner-Azoulay.mp3<\/a><\/audio>\n<p>El texto de la Hagad\u00e1 nos recuerda la dimensi\u00f3n intemporal de su historia: a lo largo de las generaciones, el pueblo jud\u00edo se ha enfrentado a menudo a amenazas existenciales, pero ha sido salvado por la mano de Dios, protector de Israel.<\/p>\n<p>N\u00f3tese aqu\u00ed la uni\u00f3n de una melod\u00eda de origen askenaz\u00ed con la pr\u00e1ctica lit\u00fargica de ciertas familias jud\u00edas del Magreb.<\/p>\n<p><em>V\u00e9hi ch\u00e9amda, laavot\u00e9nou velanou, ch\u00e9lo \u00e9\u2019had bilvad amad al\u00e9nou lekhalot\u00e9nou.<\/em><\/p>\n<p><strong>AUDIO 5 : Las Diez Plagas \u2013 Avner Azoulay<\/strong><\/p>\n<audio class=\"wp-audio-shortcode\" id=\"audio-111130-5\" preload=\"none\" style=\"width: 100%;\" controls=\"controls\"><source type=\"audio\/mpeg\" src=\"https:\/\/www.iemj.org\/wp-content\/uploads\/2024\/04\/Audio5_Les-dix-plaies-\u2013-Avner-Azoulay.mp3?_=5\" \/><a href=\"https:\/\/www.iemj.org\/wp-content\/uploads\/2024\/04\/Audio5_Les-dix-plaies-\u2013-Avner-Azoulay.mp3\">https:\/\/www.iemj.org\/wp-content\/uploads\/2024\/04\/Audio5_Les-dix-plaies-\u2013-Avner-Azoulay.mp3<\/a><\/audio>\n<p>Se recita la lista de las diez plagas que cayeron sobre los egipcios. A medida que se recita cada plaga, se vierte un poco de vino de la copa. Una vez vaciada la copa, se lavan las manos, s\u00edmbolo de la liberaci\u00f3n del mal y sus males.<\/p>\n<p><em>Dam, tzefard\u00e9a, kinim, arov, d\u00e9v\u00e8r, ch\u00e9\u2019hine, berade, arb\u00e9, \u2018hoch\u00e8kh, makat bekhorot.<\/em><\/p>\n<p><strong>AUDIO 6 : <em>Dayenu\u00a0<\/em>\u2013 Avner Azoulay<\/strong><\/p>\n<audio class=\"wp-audio-shortcode\" id=\"audio-111130-6\" preload=\"none\" style=\"width: 100%;\" controls=\"controls\"><source type=\"audio\/mpeg\" src=\"https:\/\/www.iemj.org\/wp-content\/uploads\/2024\/04\/Audio6_Dayenou-\u2013-Avner-Azoulay.mp3?_=6\" \/><a href=\"https:\/\/www.iemj.org\/wp-content\/uploads\/2024\/04\/Audio6_Dayenou-\u2013-Avner-Azoulay.mp3\">https:\/\/www.iemj.org\/wp-content\/uploads\/2024\/04\/Audio6_Dayenou-\u2013-Avner-Azoulay.mp3<\/a><\/audio>\n<p>Este texto detalla los numerosos actos de bondad divina de que fueron objeto los hebreos. Cada vers\u00edculo termina con la exclamaci\u00f3n entusiasta de los invitados: \u00ab<em>Dayenu<\/em>\u00bb (\u00bb Nos habr\u00eda bastado con eso\u00bb).<\/p>\n<p><em>Ilou hotsianou mimitsrayim v\u00e9lo assa bah\u00e8m chefatim \u2013 Day\u00e9nou ! <\/em><\/p>\n<p><strong>AUDIO 7 : <em>Pessa\u2019h, matsa, maror<\/em><\/strong> <strong>\u2013 Avner Azoulay<\/strong><\/p>\n<audio class=\"wp-audio-shortcode\" id=\"audio-111130-7\" preload=\"none\" style=\"width: 100%;\" controls=\"controls\"><source type=\"audio\/mpeg\" src=\"https:\/\/www.iemj.org\/wp-content\/uploads\/2024\/04\/Audio7_Pessah-matsa-maror-\u2013-Avner-Azoulay.mp3?_=7\" \/><a href=\"https:\/\/www.iemj.org\/wp-content\/uploads\/2024\/04\/Audio7_Pessah-matsa-maror-\u2013-Avner-Azoulay.mp3\">https:\/\/www.iemj.org\/wp-content\/uploads\/2024\/04\/Audio7_Pessah-matsa-maror-\u2013-Avner-Azoulay.mp3<\/a><\/audio>\n<p>Tres elementos son fundamentales en la pr\u00e1ctica de la Pascua: el cordero, el pan \u00e1zimo y las hierbas amargas. Los invitados recitan en voz alta las palabras hebreas correspondientes a estos tres elementos.<\/p>\n<p><em>Pessa\u2019h, matsa, maror.<\/em><\/p>\n<p><strong>AUDIO 8 : Fin de <em>Maguid<\/em> \u2013 Avner Azoulay<\/strong><\/p>\n<audio class=\"wp-audio-shortcode\" id=\"audio-111130-8\" preload=\"none\" style=\"width: 100%;\" controls=\"controls\"><source type=\"audio\/mpeg\" src=\"https:\/\/www.iemj.org\/wp-content\/uploads\/2024\/04\/Audio8_Fin-de-Maguid-\u2013-Avner-Azoulay.mp3?_=8\" \/><a href=\"https:\/\/www.iemj.org\/wp-content\/uploads\/2024\/04\/Audio8_Fin-de-Maguid-\u2013-Avner-Azoulay.mp3\">https:\/\/www.iemj.org\/wp-content\/uploads\/2024\/04\/Audio8_Fin-de-Maguid-\u2013-Avner-Azoulay.mp3<\/a><\/audio>\n<p>La primera parte de la velada, dedicada principalmente al relato (<em>Maguid<\/em>), termina con la recitaci\u00f3n de una bendici\u00f3n. La segunda copa de vino de la noche se consume inmediatamente despu\u00e9s.<\/p>\n<p><em>Baroukh Ata Adona\u00ef, gaal Isra\u00ebl. <\/em><\/p>\n<p><strong>AUDIO 9 : <em>\u2018Had gadya <\/em>\u2013 Avner Azoulay<\/strong><\/p>\n<audio class=\"wp-audio-shortcode\" id=\"audio-111130-9\" preload=\"none\" style=\"width: 100%;\" controls=\"controls\"><source type=\"audio\/mpeg\" src=\"https:\/\/www.iemj.org\/wp-content\/uploads\/2024\/04\/Audio9_\u2018Had-gadya-\u2013-Avner-Azoulay.mp3?_=9\" \/><a href=\"https:\/\/www.iemj.org\/wp-content\/uploads\/2024\/04\/Audio9_\u2018Had-gadya-\u2013-Avner-Azoulay.mp3\">https:\/\/www.iemj.org\/wp-content\/uploads\/2024\/04\/Audio9_\u2018Had-gadya-\u2013-Avner-Azoulay.mp3<\/a><\/audio>\n<p>Esta canci\u00f3n infantil aramea es una de las favoritas de la noche. Los invitados suelen repetir las palabras \u00ab<em>&#8216;Had gadya<\/em>\u00bb (\u00abUn cabrito&#8230;\u00bb) como estribillo.<\/p>\n<p>Esta canci\u00f3n tambi\u00e9n se canta a menudo en las judeo lenguas de las distintas tradiciones.<\/p>\n<p><em>\u2018Had gadia, \u2018had gadia, d\u00e9zabin aba bitr\u00e9 zouz\u00e9.<\/em><\/p>\n<p><strong>AUDIO 10 : <em>E\u2019had mi yod\u00e9a<\/em> \u2013 Avner Azoulay<\/strong><\/p>\n<audio class=\"wp-audio-shortcode\" id=\"audio-111130-10\" preload=\"none\" style=\"width: 100%;\" controls=\"controls\"><source type=\"audio\/mpeg\" src=\"https:\/\/www.iemj.org\/wp-content\/uploads\/2024\/04\/Audio10_Ehad-mi-yodea-\u2013-Avner-Azoulay.mp3?_=10\" \/><a href=\"https:\/\/www.iemj.org\/wp-content\/uploads\/2024\/04\/Audio10_Ehad-mi-yodea-\u2013-Avner-Azoulay.mp3\">https:\/\/www.iemj.org\/wp-content\/uploads\/2024\/04\/Audio10_Ehad-mi-yodea-\u2013-Avner-Azoulay.mp3<\/a><\/audio>\n<p>Recordando los fundamentos de la tradici\u00f3n jud\u00eda, los versos de este canto de recapitulaci\u00f3n terminan siempre con el n\u00famero uno, reafirmando la unidad divina.<\/p>\n<p>N\u00f3tese aqu\u00ed la uni\u00f3n de una melod\u00eda de origen askenaz\u00ed con la pr\u00e1ctica lit\u00fargica de ciertas familias jud\u00edas del Magreb.<\/p>\n<p><em>\u00c9\u2019had mi yodea, \u00e9\u2019had ani yod\u00e9a, \u00e9\u2019had \u00e9loh\u00e9nou ch\u00e9bachamayim ouvaarets.<\/em><\/p>\n<p>Puede consultar el texto completo de la Hagad\u00e1 en el siguiente enlace: <a href=\"https:\/\/www.consistoire.org\/pdf\/Haggadah_de_Pessah_5780.pdf\">Haggadah_de_Pessah_5780.pdf (consistoire.org)<\/a><\/p>\n<ul>\n<li><a href=\"https:\/\/www.iemj.org\/es\/pessah\/\" target=\"_blank\" rel=\"noopener\">M\u00e1s informaci\u00f3n sobre P\u00e9saj<\/a><\/li>\n<li><a href=\"https:\/\/www.iemj.org\/es\/trois-chansons-de-pessah-adir-hou-ehad-mi-yodea-et-had-gadya\/\" target=\"_blank\" rel=\"noopener\">Lea el art\u00edculo y escuche varias versiones de las tres canciones de P\u00e9saj: Adir hou, E&#8217;had mi yodea y &#8216;Had gadya<\/a><\/li>\n<li><a href=\"https:\/\/www.iemj.org\/es\/pessah-1ere-partie\/\" target=\"_blank\" rel=\"noopener\">Escuchar la lista de reproducci\u00f3n Canciones de P\u00e9saj &#8211; Parte 1<\/a><\/li>\n<li><a href=\"https:\/\/www.iemj.org\/es\/pessah-2eme-partie\/\" target=\"_blank\" rel=\"noopener\">Escuchar la lista de reproducci\u00f3n Canciones de P\u00e9saj &#8211; Parte 2<\/a><\/li>\n<li><a href=\"https:\/\/www.iemj.org\/es\/sujet\/pesaj-es\/\" target=\"_blank\" rel=\"noopener\">Leer otros art\u00edculos sobre P\u00e9saj<\/a><\/li>\n<\/ul>\n\n<div class=\"wp-block-image\">\n<figure class=\"aligncenter size-large\"><img decoding=\"async\" width=\"1024\" height=\"133\" src=\"https:\/\/www.iemj.org\/wp-content\/uploads\/2024\/03\/AUDIO-PLAYER-1024x133.png\" alt=\"\" class=\"wp-image-110610\" srcset=\"https:\/\/www.iemj.org\/wp-content\/uploads\/2024\/03\/AUDIO-PLAYER-1024x133.png 1024w, https:\/\/www.iemj.org\/wp-content\/uploads\/2024\/03\/AUDIO-PLAYER-300x39.png 300w, https:\/\/www.iemj.org\/wp-content\/uploads\/2024\/03\/AUDIO-PLAYER-768x100.png 768w, https:\/\/www.iemj.org\/wp-content\/uploads\/2024\/03\/AUDIO-PLAYER-600x78.png 600w, https:\/\/www.iemj.org\/wp-content\/uploads\/2024\/03\/AUDIO-PLAYER.png 1210w\" sizes=\"(max-width: 1024px) 100vw, 1024px\" \/><\/figure>\n<\/div>","protected":false},"excerpt":{"rendered":"","protected":false},"author":5,"featured_media":111064,"comment_status":"closed","ping_status":"closed","sticky":false,"template":"","format":"standard","meta":{"_acf_changed":false,"footnotes":""},"categories":[1408,1411],"tags":[],"technique":[],"squelettes":[],"sujet":[1826],"formation":[],"genre":[],"fonds":[],"tradition":[],"type-de-contenu":[],"interprete-compositeur":[],"frise":[],"type-devenement":[],"tableaux-liens-externes":[],"class_list":["post-111130","post","type-post","status-publish","format-standard","has-post-thumbnail","hentry","category-articulos-de-fondo-es","category-musica-liturgica-es","sujet-pesaj-es"],"acf":[],"yoast_head":"<!-- This site is optimized with the Yoast SEO plugin v27.3 - https:\/\/yoast.com\/product\/yoast-seo-wordpress\/ -->\n<title>EL SEDER DE PESAJ DE LOS JUD\u00cdOS DE MARRUECOS - Institut Europ\u00e9en des Musiques Juives<\/title>\n<meta name=\"robots\" content=\"index, follow, max-snippet:-1, max-image-preview:large, max-video-preview:-1\" \/>\n<link rel=\"canonical\" href=\"https:\/\/www.iemj.org\/es\/le-seder-de-pessah-chez-les-juifs-du-maroc\/\" \/>\n<meta property=\"og:locale\" content=\"es_ES\" \/>\n<meta property=\"og:type\" content=\"article\" \/>\n<meta property=\"og:title\" content=\"EL SEDER DE PESAJ DE LOS JUD\u00cdOS DE MARRUECOS - Institut Europ\u00e9en des Musiques Juives\" \/>\n<meta property=\"og:url\" content=\"https:\/\/www.iemj.org\/es\/le-seder-de-pessah-chez-les-juifs-du-maroc\/\" \/>\n<meta property=\"og:site_name\" content=\"Institut Europ\u00e9en des Musiques Juives\" \/>\n<meta property=\"article:publisher\" content=\"https:\/\/www.facebook.com\/MusiquesJuives\/\" \/>\n<meta property=\"article:published_time\" content=\"2024-04-14T17:31:07+00:00\" \/>\n<meta property=\"article:modified_time\" content=\"2025-03-31T14:51:48+00:00\" \/>\n<meta property=\"og:image\" content=\"https:\/\/www.iemj.org\/wp-content\/uploads\/2024\/04\/Logo-article-seder-Pessah-rite-Marocain.jpg\" \/>\n\t<meta property=\"og:image:width\" content=\"500\" \/>\n\t<meta property=\"og:image:height\" content=\"500\" \/>\n\t<meta property=\"og:image:type\" content=\"image\/jpeg\" \/>\n<meta name=\"author\" content=\"Jacqueline ROTEN\" \/>\n<meta name=\"twitter:card\" content=\"summary_large_image\" \/>\n<meta name=\"twitter:label1\" content=\"Escrito por\" \/>\n\t<meta name=\"twitter:data1\" content=\"Jacqueline ROTEN\" \/>\n\t<meta name=\"twitter:label2\" content=\"Tiempo de lectura\" \/>\n\t<meta name=\"twitter:data2\" content=\"6 minutos\" \/>\n<script type=\"application\/ld+json\" class=\"yoast-schema-graph\">{\"@context\":\"https:\\\/\\\/schema.org\",\"@graph\":[{\"@type\":\"Article\",\"@id\":\"https:\\\/\\\/www.iemj.org\\\/es\\\/le-seder-de-pessah-chez-les-juifs-du-maroc\\\/#article\",\"isPartOf\":{\"@id\":\"https:\\\/\\\/www.iemj.org\\\/es\\\/le-seder-de-pessah-chez-les-juifs-du-maroc\\\/\"},\"author\":{\"name\":\"Jacqueline ROTEN\",\"@id\":\"https:\\\/\\\/www.iemj.org\\\/es\\\/#\\\/schema\\\/person\\\/358e26c18aca017fcc4cc15437f7279c\"},\"headline\":\"EL SEDER DE PESAJ DE LOS JUD\u00cdOS DE MARRUECOS\",\"datePublished\":\"2024-04-14T17:31:07+00:00\",\"dateModified\":\"2025-03-31T14:51:48+00:00\",\"mainEntityOfPage\":{\"@id\":\"https:\\\/\\\/www.iemj.org\\\/es\\\/le-seder-de-pessah-chez-les-juifs-du-maroc\\\/\"},\"wordCount\":1164,\"publisher\":{\"@id\":\"https:\\\/\\\/www.iemj.org\\\/es\\\/#organization\"},\"image\":{\"@id\":\"https:\\\/\\\/www.iemj.org\\\/es\\\/le-seder-de-pessah-chez-les-juifs-du-maroc\\\/#primaryimage\"},\"thumbnailUrl\":\"https:\\\/\\\/www.iemj.org\\\/wp-content\\\/uploads\\\/2024\\\/04\\\/Logo-article-seder-Pessah-rite-Marocain.jpg\",\"articleSection\":[\"Art\u00edculos de fondo\",\"M\u00fasica lit\u00fargica\"],\"inLanguage\":\"es\"},{\"@type\":\"WebPage\",\"@id\":\"https:\\\/\\\/www.iemj.org\\\/es\\\/le-seder-de-pessah-chez-les-juifs-du-maroc\\\/\",\"url\":\"https:\\\/\\\/www.iemj.org\\\/es\\\/le-seder-de-pessah-chez-les-juifs-du-maroc\\\/\",\"name\":\"EL SEDER DE PESAJ DE LOS JUD\u00cdOS DE MARRUECOS - Institut Europ\u00e9en des Musiques Juives\",\"isPartOf\":{\"@id\":\"https:\\\/\\\/www.iemj.org\\\/es\\\/#website\"},\"primaryImageOfPage\":{\"@id\":\"https:\\\/\\\/www.iemj.org\\\/es\\\/le-seder-de-pessah-chez-les-juifs-du-maroc\\\/#primaryimage\"},\"image\":{\"@id\":\"https:\\\/\\\/www.iemj.org\\\/es\\\/le-seder-de-pessah-chez-les-juifs-du-maroc\\\/#primaryimage\"},\"thumbnailUrl\":\"https:\\\/\\\/www.iemj.org\\\/wp-content\\\/uploads\\\/2024\\\/04\\\/Logo-article-seder-Pessah-rite-Marocain.jpg\",\"datePublished\":\"2024-04-14T17:31:07+00:00\",\"dateModified\":\"2025-03-31T14:51:48+00:00\",\"breadcrumb\":{\"@id\":\"https:\\\/\\\/www.iemj.org\\\/es\\\/le-seder-de-pessah-chez-les-juifs-du-maroc\\\/#breadcrumb\"},\"inLanguage\":\"es\",\"potentialAction\":[{\"@type\":\"ReadAction\",\"target\":[\"https:\\\/\\\/www.iemj.org\\\/es\\\/le-seder-de-pessah-chez-les-juifs-du-maroc\\\/\"]}]},{\"@type\":\"ImageObject\",\"inLanguage\":\"es\",\"@id\":\"https:\\\/\\\/www.iemj.org\\\/es\\\/le-seder-de-pessah-chez-les-juifs-du-maroc\\\/#primaryimage\",\"url\":\"https:\\\/\\\/www.iemj.org\\\/wp-content\\\/uploads\\\/2024\\\/04\\\/Logo-article-seder-Pessah-rite-Marocain.jpg\",\"contentUrl\":\"https:\\\/\\\/www.iemj.org\\\/wp-content\\\/uploads\\\/2024\\\/04\\\/Logo-article-seder-Pessah-rite-Marocain.jpg\",\"width\":500,\"height\":500},{\"@type\":\"BreadcrumbList\",\"@id\":\"https:\\\/\\\/www.iemj.org\\\/es\\\/le-seder-de-pessah-chez-les-juifs-du-maroc\\\/#breadcrumb\",\"itemListElement\":[{\"@type\":\"ListItem\",\"position\":1,\"name\":\"Accueil\",\"item\":\"https:\\\/\\\/www.iemj.org\\\/es\\\/\"},{\"@type\":\"ListItem\",\"position\":2,\"name\":\"EL SEDER DE PESAJ DE LOS JUD\u00cdOS DE MARRUECOS\"}]},{\"@type\":\"WebSite\",\"@id\":\"https:\\\/\\\/www.iemj.org\\\/es\\\/#website\",\"url\":\"https:\\\/\\\/www.iemj.org\\\/es\\\/\",\"name\":\"Institut Europ\u00e9en des Musiques Juives\",\"description\":\"Des traditions musicales \u00e0 la port\u00e9e de tous\",\"publisher\":{\"@id\":\"https:\\\/\\\/www.iemj.org\\\/es\\\/#organization\"},\"potentialAction\":[{\"@type\":\"SearchAction\",\"target\":{\"@type\":\"EntryPoint\",\"urlTemplate\":\"https:\\\/\\\/www.iemj.org\\\/es\\\/?s={search_term_string}\"},\"query-input\":{\"@type\":\"PropertyValueSpecification\",\"valueRequired\":true,\"valueName\":\"search_term_string\"}}],\"inLanguage\":\"es\"},{\"@type\":\"Organization\",\"@id\":\"https:\\\/\\\/www.iemj.org\\\/es\\\/#organization\",\"name\":\"Institut Europ\u00e9en des Musiques Juives\",\"url\":\"https:\\\/\\\/www.iemj.org\\\/es\\\/\",\"logo\":{\"@type\":\"ImageObject\",\"inLanguage\":\"es\",\"@id\":\"https:\\\/\\\/www.iemj.org\\\/es\\\/#\\\/schema\\\/logo\\\/image\\\/\",\"url\":\"https:\\\/\\\/www.iemj.org\\\/wp-content\\\/uploads\\\/2021\\\/09\\\/Logo-IEMJ-Paypal.jpg\",\"contentUrl\":\"https:\\\/\\\/www.iemj.org\\\/wp-content\\\/uploads\\\/2021\\\/09\\\/Logo-IEMJ-Paypal.jpg\",\"width\":150,\"height\":50,\"caption\":\"Institut Europ\u00e9en des Musiques Juives\"},\"image\":{\"@id\":\"https:\\\/\\\/www.iemj.org\\\/es\\\/#\\\/schema\\\/logo\\\/image\\\/\"},\"sameAs\":[\"https:\\\/\\\/www.facebook.com\\\/MusiquesJuives\\\/\",\"https:\\\/\\\/www.instagram.com\\\/musiquesjuives\\\/\",\"https:\\\/\\\/www.youtube.com\\\/user\\\/musiquesjuives\"]},{\"@type\":\"Person\",\"@id\":\"https:\\\/\\\/www.iemj.org\\\/es\\\/#\\\/schema\\\/person\\\/358e26c18aca017fcc4cc15437f7279c\",\"name\":\"Jacqueline ROTEN\",\"image\":{\"@type\":\"ImageObject\",\"inLanguage\":\"es\",\"@id\":\"https:\\\/\\\/secure.gravatar.com\\\/avatar\\\/5964256d6c6957de3a3505278957e0fb2a35119ac47ea41827a65301213c810b?s=96&d=mm&r=g\",\"url\":\"https:\\\/\\\/secure.gravatar.com\\\/avatar\\\/5964256d6c6957de3a3505278957e0fb2a35119ac47ea41827a65301213c810b?s=96&d=mm&r=g\",\"contentUrl\":\"https:\\\/\\\/secure.gravatar.com\\\/avatar\\\/5964256d6c6957de3a3505278957e0fb2a35119ac47ea41827a65301213c810b?s=96&d=mm&r=g\",\"caption\":\"Jacqueline ROTEN\"}}]}<\/script>\n<!-- \/ Yoast SEO plugin. -->","yoast_head_json":{"title":"EL SEDER DE PESAJ DE LOS JUD\u00cdOS DE MARRUECOS - Institut Europ\u00e9en des Musiques Juives","robots":{"index":"index","follow":"follow","max-snippet":"max-snippet:-1","max-image-preview":"max-image-preview:large","max-video-preview":"max-video-preview:-1"},"canonical":"https:\/\/www.iemj.org\/es\/le-seder-de-pessah-chez-les-juifs-du-maroc\/","og_locale":"es_ES","og_type":"article","og_title":"EL SEDER DE PESAJ DE LOS JUD\u00cdOS DE MARRUECOS - Institut Europ\u00e9en des Musiques Juives","og_url":"https:\/\/www.iemj.org\/es\/le-seder-de-pessah-chez-les-juifs-du-maroc\/","og_site_name":"Institut Europ\u00e9en des Musiques Juives","article_publisher":"https:\/\/www.facebook.com\/MusiquesJuives\/","article_published_time":"2024-04-14T17:31:07+00:00","article_modified_time":"2025-03-31T14:51:48+00:00","og_image":[{"width":500,"height":500,"url":"https:\/\/www.iemj.org\/wp-content\/uploads\/2024\/04\/Logo-article-seder-Pessah-rite-Marocain.jpg","type":"image\/jpeg"}],"author":"Jacqueline ROTEN","twitter_card":"summary_large_image","twitter_misc":{"Escrito por":"Jacqueline ROTEN","Tiempo de lectura":"6 minutos"},"schema":{"@context":"https:\/\/schema.org","@graph":[{"@type":"Article","@id":"https:\/\/www.iemj.org\/es\/le-seder-de-pessah-chez-les-juifs-du-maroc\/#article","isPartOf":{"@id":"https:\/\/www.iemj.org\/es\/le-seder-de-pessah-chez-les-juifs-du-maroc\/"},"author":{"name":"Jacqueline ROTEN","@id":"https:\/\/www.iemj.org\/es\/#\/schema\/person\/358e26c18aca017fcc4cc15437f7279c"},"headline":"EL SEDER DE PESAJ DE LOS JUD\u00cdOS DE MARRUECOS","datePublished":"2024-04-14T17:31:07+00:00","dateModified":"2025-03-31T14:51:48+00:00","mainEntityOfPage":{"@id":"https:\/\/www.iemj.org\/es\/le-seder-de-pessah-chez-les-juifs-du-maroc\/"},"wordCount":1164,"publisher":{"@id":"https:\/\/www.iemj.org\/es\/#organization"},"image":{"@id":"https:\/\/www.iemj.org\/es\/le-seder-de-pessah-chez-les-juifs-du-maroc\/#primaryimage"},"thumbnailUrl":"https:\/\/www.iemj.org\/wp-content\/uploads\/2024\/04\/Logo-article-seder-Pessah-rite-Marocain.jpg","articleSection":["Art\u00edculos de fondo","M\u00fasica lit\u00fargica"],"inLanguage":"es"},{"@type":"WebPage","@id":"https:\/\/www.iemj.org\/es\/le-seder-de-pessah-chez-les-juifs-du-maroc\/","url":"https:\/\/www.iemj.org\/es\/le-seder-de-pessah-chez-les-juifs-du-maroc\/","name":"EL SEDER DE PESAJ DE LOS JUD\u00cdOS DE MARRUECOS - Institut Europ\u00e9en des Musiques Juives","isPartOf":{"@id":"https:\/\/www.iemj.org\/es\/#website"},"primaryImageOfPage":{"@id":"https:\/\/www.iemj.org\/es\/le-seder-de-pessah-chez-les-juifs-du-maroc\/#primaryimage"},"image":{"@id":"https:\/\/www.iemj.org\/es\/le-seder-de-pessah-chez-les-juifs-du-maroc\/#primaryimage"},"thumbnailUrl":"https:\/\/www.iemj.org\/wp-content\/uploads\/2024\/04\/Logo-article-seder-Pessah-rite-Marocain.jpg","datePublished":"2024-04-14T17:31:07+00:00","dateModified":"2025-03-31T14:51:48+00:00","breadcrumb":{"@id":"https:\/\/www.iemj.org\/es\/le-seder-de-pessah-chez-les-juifs-du-maroc\/#breadcrumb"},"inLanguage":"es","potentialAction":[{"@type":"ReadAction","target":["https:\/\/www.iemj.org\/es\/le-seder-de-pessah-chez-les-juifs-du-maroc\/"]}]},{"@type":"ImageObject","inLanguage":"es","@id":"https:\/\/www.iemj.org\/es\/le-seder-de-pessah-chez-les-juifs-du-maroc\/#primaryimage","url":"https:\/\/www.iemj.org\/wp-content\/uploads\/2024\/04\/Logo-article-seder-Pessah-rite-Marocain.jpg","contentUrl":"https:\/\/www.iemj.org\/wp-content\/uploads\/2024\/04\/Logo-article-seder-Pessah-rite-Marocain.jpg","width":500,"height":500},{"@type":"BreadcrumbList","@id":"https:\/\/www.iemj.org\/es\/le-seder-de-pessah-chez-les-juifs-du-maroc\/#breadcrumb","itemListElement":[{"@type":"ListItem","position":1,"name":"Accueil","item":"https:\/\/www.iemj.org\/es\/"},{"@type":"ListItem","position":2,"name":"EL SEDER DE PESAJ DE LOS JUD\u00cdOS DE MARRUECOS"}]},{"@type":"WebSite","@id":"https:\/\/www.iemj.org\/es\/#website","url":"https:\/\/www.iemj.org\/es\/","name":"Institut Europ\u00e9en des Musiques Juives","description":"Des traditions musicales \u00e0 la port\u00e9e de tous","publisher":{"@id":"https:\/\/www.iemj.org\/es\/#organization"},"potentialAction":[{"@type":"SearchAction","target":{"@type":"EntryPoint","urlTemplate":"https:\/\/www.iemj.org\/es\/?s={search_term_string}"},"query-input":{"@type":"PropertyValueSpecification","valueRequired":true,"valueName":"search_term_string"}}],"inLanguage":"es"},{"@type":"Organization","@id":"https:\/\/www.iemj.org\/es\/#organization","name":"Institut Europ\u00e9en des Musiques Juives","url":"https:\/\/www.iemj.org\/es\/","logo":{"@type":"ImageObject","inLanguage":"es","@id":"https:\/\/www.iemj.org\/es\/#\/schema\/logo\/image\/","url":"https:\/\/www.iemj.org\/wp-content\/uploads\/2021\/09\/Logo-IEMJ-Paypal.jpg","contentUrl":"https:\/\/www.iemj.org\/wp-content\/uploads\/2021\/09\/Logo-IEMJ-Paypal.jpg","width":150,"height":50,"caption":"Institut Europ\u00e9en des Musiques Juives"},"image":{"@id":"https:\/\/www.iemj.org\/es\/#\/schema\/logo\/image\/"},"sameAs":["https:\/\/www.facebook.com\/MusiquesJuives\/","https:\/\/www.instagram.com\/musiquesjuives\/","https:\/\/www.youtube.com\/user\/musiquesjuives"]},{"@type":"Person","@id":"https:\/\/www.iemj.org\/es\/#\/schema\/person\/358e26c18aca017fcc4cc15437f7279c","name":"Jacqueline ROTEN","image":{"@type":"ImageObject","inLanguage":"es","@id":"https:\/\/secure.gravatar.com\/avatar\/5964256d6c6957de3a3505278957e0fb2a35119ac47ea41827a65301213c810b?s=96&d=mm&r=g","url":"https:\/\/secure.gravatar.com\/avatar\/5964256d6c6957de3a3505278957e0fb2a35119ac47ea41827a65301213c810b?s=96&d=mm&r=g","contentUrl":"https:\/\/secure.gravatar.com\/avatar\/5964256d6c6957de3a3505278957e0fb2a35119ac47ea41827a65301213c810b?s=96&d=mm&r=g","caption":"Jacqueline ROTEN"}}]}},"_links":{"self":[{"href":"https:\/\/www.iemj.org\/es\/wp-json\/wp\/v2\/posts\/111130","targetHints":{"allow":["GET"]}}],"collection":[{"href":"https:\/\/www.iemj.org\/es\/wp-json\/wp\/v2\/posts"}],"about":[{"href":"https:\/\/www.iemj.org\/es\/wp-json\/wp\/v2\/types\/post"}],"author":[{"embeddable":true,"href":"https:\/\/www.iemj.org\/es\/wp-json\/wp\/v2\/users\/5"}],"replies":[{"embeddable":true,"href":"https:\/\/www.iemj.org\/es\/wp-json\/wp\/v2\/comments?post=111130"}],"version-history":[{"count":0,"href":"https:\/\/www.iemj.org\/es\/wp-json\/wp\/v2\/posts\/111130\/revisions"}],"wp:featuredmedia":[{"embeddable":true,"href":"https:\/\/www.iemj.org\/es\/wp-json\/wp\/v2\/media\/111064"}],"wp:attachment":[{"href":"https:\/\/www.iemj.org\/es\/wp-json\/wp\/v2\/media?parent=111130"}],"wp:term":[{"taxonomy":"category","embeddable":true,"href":"https:\/\/www.iemj.org\/es\/wp-json\/wp\/v2\/categories?post=111130"},{"taxonomy":"post_tag","embeddable":true,"href":"https:\/\/www.iemj.org\/es\/wp-json\/wp\/v2\/tags?post=111130"},{"taxonomy":"technique","embeddable":true,"href":"https:\/\/www.iemj.org\/es\/wp-json\/wp\/v2\/technique?post=111130"},{"taxonomy":"squelettes","embeddable":true,"href":"https:\/\/www.iemj.org\/es\/wp-json\/wp\/v2\/squelettes?post=111130"},{"taxonomy":"sujet","embeddable":true,"href":"https:\/\/www.iemj.org\/es\/wp-json\/wp\/v2\/sujet?post=111130"},{"taxonomy":"formation","embeddable":true,"href":"https:\/\/www.iemj.org\/es\/wp-json\/wp\/v2\/formation?post=111130"},{"taxonomy":"genre","embeddable":true,"href":"https:\/\/www.iemj.org\/es\/wp-json\/wp\/v2\/genre?post=111130"},{"taxonomy":"fonds","embeddable":true,"href":"https:\/\/www.iemj.org\/es\/wp-json\/wp\/v2\/fonds?post=111130"},{"taxonomy":"tradition","embeddable":true,"href":"https:\/\/www.iemj.org\/es\/wp-json\/wp\/v2\/tradition?post=111130"},{"taxonomy":"type-de-contenu","embeddable":true,"href":"https:\/\/www.iemj.org\/es\/wp-json\/wp\/v2\/type-de-contenu?post=111130"},{"taxonomy":"interprete-compositeur","embeddable":true,"href":"https:\/\/www.iemj.org\/es\/wp-json\/wp\/v2\/interprete-compositeur?post=111130"},{"taxonomy":"frise","embeddable":true,"href":"https:\/\/www.iemj.org\/es\/wp-json\/wp\/v2\/frise?post=111130"},{"taxonomy":"type-devenement","embeddable":true,"href":"https:\/\/www.iemj.org\/es\/wp-json\/wp\/v2\/type-devenement?post=111130"},{"taxonomy":"tableaux-liens-externes","embeddable":true,"href":"https:\/\/www.iemj.org\/es\/wp-json\/wp\/v2\/tableaux-liens-externes?post=111130"}],"curies":[{"name":"wp","href":"https:\/\/api.w.org\/{rel}","templated":true}]}}