{"id":111826,"date":"2024-05-14T17:13:28","date_gmt":"2024-05-14T15:13:28","guid":{"rendered":"https:\/\/www.iemj.org\/publication-de-4-nouvelles-partitions-chorales-et-instrumentales-du-compositeur-itai-daniel\/"},"modified":"2024-05-16T10:32:50","modified_gmt":"2024-05-16T08:32:50","slug":"publication-de-4-nouvelles-partitions-chorales-et-instrumentales-du-compositeur-itai-daniel","status":"publish","type":"post","link":"https:\/\/www.iemj.org\/es\/publication-de-4-nouvelles-partitions-chorales-et-instrumentales-du-compositeur-itai-daniel\/","title":{"rendered":"PUBLICACION DE 4 NUEVAS PARTITURAS CORALES E INSTRUMENTALES DEL COMPOSITOR ITAI DANIEL"},"content":{"rendered":"<p><strong>La obra de Ita\u00ef Daniel se inspira profundamente en el juda\u00edsmo y sus m\u00fasicas. Descubra cuatro nuevas partituras de este compositor: un popurr\u00ed de las principales melod\u00edas de Hanukkah, un Gran Kaddish, una cantata basada en el texto b\u00edblico de Ca\u00edn y Abel, y la inquietante sonata para flauta travesera.<\/strong><\/p>\n<p>Compositor, pianista y director de orquesta nacido en Israel, <a href=\"https:\/\/www.iemj.org\/es\/daniel-itai-1967\/\"><strong>Ita\u00ef Daniel<\/strong><\/a> se traslad\u00f3 a Francia en 2004. Director del Ensemble Choral Copernic desde 2009, ha compuesto numerosas piezas relacionadas con la liturgia jud\u00eda. Entre sus principales obras figuran tres grandes cantatas: <a href=\"https:\/\/www.iemj.org\/es\/itai-daniel-mahzor-hayim\/\">Machzor Chay\u00efm<\/a>, Shma Koleinu y B\u2019reish\u00eft ey numerosas piezas de m\u00fasica lit\u00fargica y popular jud\u00eda (Yotzer, <a href=\"https:\/\/www.iemj.org\/es\/produit\/daniel-hashkivenu-for-women-and-men-choir-and-piano-printed-score\/\">Haskivenu<\/a>,\u00a0<a href=\"https:\/\/www.iemj.org\/es\/produit\/daniel-shalom-rav-al-yisrael-amkha-for-choir-and-piano\/\">Shalom Rav<\/a>,\u00a0Grand Kaddish,\u00a0Oseh Shalom,\u00a0Adon Olam\u2026).<\/p>\n<p>Desde 2018, el IEMJ ha publicado m\u00e1s de treinta obras de Itai Daniel para diversas formaciones instrumentales: coro, voces solistas, piano, violonchelo, flauta, etc.<\/p>\n<p>En mayo de 2024, se a\u00f1adir\u00e1n cuatro nuevas partituras al cat\u00e1logo:<\/p>\n<h2><a href=\"https:\/\/www.iemj.org\/es\/produit\/daniel-khanuka-medley-n2-pour-choeur-et-piano\/\" target=\"_blank\" rel=\"noopener\">Khanuka Medley N\u00b02, para coro y piano<\/a><\/h2>\n<p><strong>Khanuka Medley 2 \u2013 MP3<\/strong><\/p>\n<audio class=\"wp-audio-shortcode\" id=\"audio-111826-1\" preload=\"none\" style=\"width: 100%;\" controls=\"controls\"><source type=\"audio\/mpeg\" src=\"https:\/\/www.iemj.org\/wp-content\/uploads\/2024\/05\/Khanuka-Medley-2_128-kbps.mp3?_=1\" \/><a href=\"https:\/\/www.iemj.org\/wp-content\/uploads\/2024\/05\/Khanuka-Medley-2_128-kbps.mp3\">https:\/\/www.iemj.org\/wp-content\/uploads\/2024\/05\/Khanuka-Medley-2_128-kbps.mp3<\/a><\/audio>\n<h2><a href=\"https:\/\/www.iemj.org\/es\/produit\/daniel-sonate-pour-flute-traversiere\/\" target=\"_blank\" rel=\"noopener\">Sonata para flauta travesera<\/a><\/h2>\n<p><strong>Sonata para flauta travesera \u2013 MP3 (Extracto)<\/strong><\/p>\n<audio class=\"wp-audio-shortcode\" id=\"audio-111826-2\" preload=\"none\" style=\"width: 100%;\" controls=\"controls\"><source type=\"audio\/mpeg\" src=\"https:\/\/www.iemj.org\/wp-content\/uploads\/2024\/05\/P_069_Sonate-flute-traversiere_EX-MP3.mp3?_=2\" \/><a href=\"https:\/\/www.iemj.org\/wp-content\/uploads\/2024\/05\/P_069_Sonate-flute-traversiere_EX-MP3.mp3\">https:\/\/www.iemj.org\/wp-content\/uploads\/2024\/05\/P_069_Sonate-flute-traversiere_EX-MP3.mp3<\/a><\/audio>\n<h2><a href=\"https:\/\/www.iemj.org\/es\/produit\/daniel-cain-abel-pour-choeur-hautbois-alto-et-basson\/\" target=\"_blank\" rel=\"noopener\">Ca\u00edn y Abel, para coro, oboe, viola y fagot<\/a><\/h2>\n<p><strong>Ca\u00edn y Abel, de Ita\u00ef Daniel \u2013 MP3 (Extracto)<\/strong><\/p>\n<audio class=\"wp-audio-shortcode\" id=\"audio-111826-3\" preload=\"none\" style=\"width: 100%;\" controls=\"controls\"><source type=\"audio\/mpeg\" src=\"https:\/\/www.iemj.org\/wp-content\/uploads\/2024\/05\/Cain-Abel-dItai-Daniel_extrait-192-kbps.mp3?_=3\" \/><a href=\"https:\/\/www.iemj.org\/wp-content\/uploads\/2024\/05\/Cain-Abel-dItai-Daniel_extrait-192-kbps.mp3\">https:\/\/www.iemj.org\/wp-content\/uploads\/2024\/05\/Cain-Abel-dItai-Daniel_extrait-192-kbps.mp3<\/a><\/audio>\n<h2><a href=\"https:\/\/www.iemj.org\/es\/produit\/daniel-grand-kaddish-pour-tenor-choeur-piano-a-quatre-mains\/\" target=\"_blank\" rel=\"noopener\">Grand Kaddish, para tenor, coro y piano a 4 manos<\/a><\/h2>\n<p><strong>Grand Kaddish \u2013 MP3 (Extracto)<\/strong><\/p>\n<audio class=\"wp-audio-shortcode\" id=\"audio-111826-4\" preload=\"none\" style=\"width: 100%;\" controls=\"controls\"><source type=\"audio\/mpeg\" src=\"https:\/\/www.iemj.org\/wp-content\/uploads\/2024\/05\/Itai-Daniel-Grand-Kaddish_Extrait-mp3-192-kbps.mp3?_=4\" \/><a href=\"https:\/\/www.iemj.org\/wp-content\/uploads\/2024\/05\/Itai-Daniel-Grand-Kaddish_Extrait-mp3-192-kbps.mp3\">https:\/\/www.iemj.org\/wp-content\/uploads\/2024\/05\/Itai-Daniel-Grand-Kaddish_Extrait-mp3-192-kbps.mp3<\/a><\/audio>\n<p><strong><em>Estas cuatro partituras est\u00e1n disponibles en nuestra tienda en l\u00ednea en formato f\u00edsico o digital. <span style=\"color: #ff0000;\">Para pedirlas, haga clic en el t\u00edtulo de arriba.<\/span><\/em><\/strong><\/p>\n<h4 style=\"text-align: center;\">Ver estas obras<\/h4>\n\n\n<div class=\"wp-block-columns is-layout-flex wp-container-core-columns-is-layout-9d6595d7 wp-block-columns-is-layout-flex\">\n<div class=\"wp-block-column is-vertically-aligned-top is-layout-flow wp-block-column-is-layout-flow\">\n<div class=\"wp-block-columns is-layout-flex wp-container-core-columns-is-layout-9d6595d7 wp-block-columns-is-layout-flex\">\n<div class=\"wp-block-column is-vertically-aligned-top is-layout-flow wp-block-column-is-layout-flow\">\n<figure class=\"wp-block-embed aligncenter is-type-video is-provider-youtube wp-block-embed-youtube wp-embed-aspect-16-9 wp-has-aspect-ratio\"><div class=\"wp-block-embed__wrapper\">\n<iframe title=\"Ita\u00ef Daniel : Sonata for solo flute\" width=\"640\" height=\"360\" src=\"https:\/\/www.youtube.com\/embed\/dBEs7oZWDTU?feature=oembed\" frameborder=\"0\" allow=\"accelerometer; autoplay; clipboard-write; encrypted-media; gyroscope; picture-in-picture; web-share\" referrerpolicy=\"strict-origin-when-cross-origin\" allowfullscreen><\/iframe>\n<\/div><\/figure>\n<\/div>\n<\/div>\n<\/div>\n\n\n\n<div class=\"wp-block-column is-vertically-aligned-top is-layout-flow wp-block-column-is-layout-flow\">\n<figure class=\"wp-block-embed is-type-video is-provider-youtube wp-block-embed-youtube wp-embed-aspect-16-9 wp-has-aspect-ratio\"><div class=\"wp-block-embed__wrapper\">\n<iframe title=\"Ca\u00efn &amp; Abel, d&#039;Ita\u00ef Daniel\" width=\"640\" height=\"360\" src=\"https:\/\/www.youtube.com\/embed\/iZ4oP2rHvKk?feature=oembed\" frameborder=\"0\" allow=\"accelerometer; autoplay; clipboard-write; encrypted-media; gyroscope; picture-in-picture; web-share\" referrerpolicy=\"strict-origin-when-cross-origin\" allowfullscreen><\/iframe>\n<\/div><\/figure>\n<\/div>\n\n\n\n<div class=\"wp-block-column is-vertically-aligned-top is-layout-flow wp-block-column-is-layout-flow\">\n<figure class=\"wp-block-embed is-type-video is-provider-youtube wp-block-embed-youtube wp-embed-aspect-16-9 wp-has-aspect-ratio\"><div class=\"wp-block-embed__wrapper\">\n<iframe title=\"Ita\u00ef Daniel : Grand Kaddish\" width=\"640\" height=\"360\" src=\"https:\/\/www.youtube.com\/embed\/C_iuUHYEUr4?feature=oembed\" frameborder=\"0\" allow=\"accelerometer; autoplay; clipboard-write; encrypted-media; gyroscope; picture-in-picture; web-share\" referrerpolicy=\"strict-origin-when-cross-origin\" allowfullscreen><\/iframe>\n<\/div><\/figure>\n<\/div>\n<\/div>\n\n\n\n<hr class=\"wp-block-separator has-alpha-channel-opacity\"\/>\n\n\n<h3>Ver todas las <a href=\"https:\/\/www.iemj.org\/es\/categorie-produit\/partituras-es\/compositores-es\/daniel-itai-es\/\" target=\"_blank\" rel=\"noopener\">partituras de Ita\u00ef Daniel en la tienda IEMJ<\/a><\/h3>\n\n\n<hr class=\"wp-block-separator has-alpha-channel-opacity\"\/>\n\n\n\n<div class=\"wp-block-columns is-layout-flex wp-container-core-columns-is-layout-9d6595d7 wp-block-columns-is-layout-flex\">\n<div class=\"wp-block-column is-layout-flow wp-block-column-is-layout-flow\" style=\"flex-basis:33.33%\"><div class=\"wp-block-image\">\n<figure class=\"aligncenter size-full is-resized\"><a href=\"https:\/\/www.iemj.org\/es\/produit\/itai-daniel-mahzor-hayim\/\" target=\"_blank\" rel=\"noreferrer noopener\"><img fetchpriority=\"high\" decoding=\"async\" width=\"350\" height=\"314\" src=\"https:\/\/www.iemj.org\/wp-content\/uploads\/2018\/10\/CDC5.jpg\" alt=\"\" class=\"wp-image-50686\" style=\"width:226px;height:193px\" srcset=\"https:\/\/www.iemj.org\/wp-content\/uploads\/2018\/10\/CDC5.jpg 350w, https:\/\/www.iemj.org\/wp-content\/uploads\/2018\/10\/CDC5-300x269.jpg 300w\" sizes=\"(max-width: 350px) 100vw, 350px\" \/><\/a><\/figure>\n<\/div><\/div>\n\n\n\n<div class=\"wp-block-column is-vertically-aligned-center is-layout-flow wp-block-column-is-layout-flow\" style=\"flex-basis:66.66%\">\n<div class=\"wp-block-buttons alignfull is-content-justification-center is-layout-flex wp-container-core-buttons-is-layout-16018d1d wp-block-buttons-is-layout-flex\">\n<div class=\"wp-block-button\"><a class=\"wp-block-button__link has-background wp-element-button\" href=\"https:\/\/www.iemj.org\/es\/produit\/itai-daniel-mahzor-hayim\/\" style=\"background-color:#e1645a\" target=\"_blank\" rel=\"noreferrer noopener\">Pedir el CD de Ita\u00ef Daniel, <strong>MAHZOR HAYIM<\/strong><\/a><\/div>\n<\/div>\n<\/div>\n<\/div>\n\n\n<h4 style=\"text-align: center;\">Extractos audio para cada partitura, como se indica a continuaci\u00f3n<\/h4>\n<p><img decoding=\"async\" class=\"wp-image-110608 aligncenter\" src=\"https:\/\/www.iemj.org\/wp-content\/uploads\/2024\/03\/AUDIO-PLAYER-300x39.png\" alt=\"\" width=\"1223\" height=\"159\" srcset=\"https:\/\/www.iemj.org\/wp-content\/uploads\/2024\/03\/AUDIO-PLAYER-300x39.png 300w, https:\/\/www.iemj.org\/wp-content\/uploads\/2024\/03\/AUDIO-PLAYER-1024x133.png 1024w, https:\/\/www.iemj.org\/wp-content\/uploads\/2024\/03\/AUDIO-PLAYER-768x100.png 768w, https:\/\/www.iemj.org\/wp-content\/uploads\/2024\/03\/AUDIO-PLAYER-600x78.png 600w, https:\/\/www.iemj.org\/wp-content\/uploads\/2024\/03\/AUDIO-PLAYER.png 1210w\" sizes=\"(max-width: 1223px) 100vw, 1223px\" \/><\/p>","protected":false},"excerpt":{"rendered":"<p>La obra de Ita\u00ef Daniel se inspira profundamente en el juda\u00edsmo y sus m\u00fasicas. Descubra cuatro nuevas partituras de este compositor: un popurr\u00ed de las principales melod\u00edas de Hanukkah, un<\/p>\n","protected":false},"author":5,"featured_media":111822,"comment_status":"closed","ping_status":"closed","sticky":false,"template":"","format":"standard","meta":{"_acf_changed":false,"footnotes":""},"categories":[1398,1391],"tags":[],"technique":[],"squelettes":[],"sujet":[],"formation":[],"genre":[],"fonds":[],"tradition":[],"type-de-contenu":[],"interprete-compositeur":[3183],"frise":[],"type-devenement":[],"tableaux-liens-externes":[],"class_list":["post-111826","post","type-post","status-publish","format-standard","has-post-thumbnail","hentry","category-partituras-iemj-es","category-publicaciones-es","interprete-compositeur-itai-daniel-es-2"],"acf":[],"yoast_head":"<!-- This site is optimized with the Yoast SEO plugin v27.3 - https:\/\/yoast.com\/product\/yoast-seo-wordpress\/ -->\n<title>PUBLICACION DE 4 NUEVAS PARTITURAS CORALES E INSTRUMENTALES DEL COMPOSITOR ITAI DANIEL - Institut Europ\u00e9en des Musiques Juives<\/title>\n<meta name=\"robots\" content=\"index, follow, max-snippet:-1, max-image-preview:large, max-video-preview:-1\" \/>\n<link rel=\"canonical\" href=\"https:\/\/www.iemj.org\/es\/publication-de-4-nouvelles-partitions-chorales-et-instrumentales-du-compositeur-itai-daniel\/\" \/>\n<meta property=\"og:locale\" content=\"es_ES\" \/>\n<meta property=\"og:type\" content=\"article\" \/>\n<meta property=\"og:title\" content=\"PUBLICACION DE 4 NUEVAS PARTITURAS CORALES E INSTRUMENTALES DEL COMPOSITOR ITAI DANIEL - Institut Europ\u00e9en des Musiques Juives\" \/>\n<meta property=\"og:description\" content=\"La obra de Ita\u00ef Daniel se inspira profundamente en el juda\u00edsmo y sus m\u00fasicas. Descubra cuatro nuevas partituras de este compositor: un popurr\u00ed de las principales melod\u00edas de Hanukkah, un\" \/>\n<meta property=\"og:url\" content=\"https:\/\/www.iemj.org\/es\/publication-de-4-nouvelles-partitions-chorales-et-instrumentales-du-compositeur-itai-daniel\/\" \/>\n<meta property=\"og:site_name\" content=\"Institut Europ\u00e9en des Musiques Juives\" \/>\n<meta property=\"article:publisher\" content=\"https:\/\/www.facebook.com\/MusiquesJuives\/\" \/>\n<meta property=\"article:published_time\" content=\"2024-05-14T15:13:28+00:00\" \/>\n<meta property=\"article:modified_time\" content=\"2024-05-16T08:32:50+00:00\" \/>\n<meta property=\"og:image\" content=\"https:\/\/www.iemj.org\/wp-content\/uploads\/2024\/05\/Logo-article.jpg\" \/>\n\t<meta property=\"og:image:width\" content=\"500\" \/>\n\t<meta property=\"og:image:height\" content=\"500\" \/>\n\t<meta property=\"og:image:type\" content=\"image\/jpeg\" \/>\n<meta name=\"author\" content=\"Jacqueline ROTEN\" \/>\n<meta name=\"twitter:card\" content=\"summary_large_image\" \/>\n<meta name=\"twitter:label1\" content=\"Escrito por\" \/>\n\t<meta name=\"twitter:data1\" content=\"Jacqueline ROTEN\" \/>\n\t<meta name=\"twitter:label2\" content=\"Tiempo de lectura\" \/>\n\t<meta name=\"twitter:data2\" content=\"2 minutos\" \/>\n<script type=\"application\/ld+json\" class=\"yoast-schema-graph\">{\"@context\":\"https:\\\/\\\/schema.org\",\"@graph\":[{\"@type\":\"Article\",\"@id\":\"https:\\\/\\\/www.iemj.org\\\/es\\\/publication-de-4-nouvelles-partitions-chorales-et-instrumentales-du-compositeur-itai-daniel\\\/#article\",\"isPartOf\":{\"@id\":\"https:\\\/\\\/www.iemj.org\\\/es\\\/publication-de-4-nouvelles-partitions-chorales-et-instrumentales-du-compositeur-itai-daniel\\\/\"},\"author\":{\"name\":\"Jacqueline ROTEN\",\"@id\":\"https:\\\/\\\/www.iemj.org\\\/es\\\/#\\\/schema\\\/person\\\/358e26c18aca017fcc4cc15437f7279c\"},\"headline\":\"PUBLICACION DE 4 NUEVAS PARTITURAS CORALES E INSTRUMENTALES DEL COMPOSITOR ITAI DANIEL\",\"datePublished\":\"2024-05-14T15:13:28+00:00\",\"dateModified\":\"2024-05-16T08:32:50+00:00\",\"mainEntityOfPage\":{\"@id\":\"https:\\\/\\\/www.iemj.org\\\/es\\\/publication-de-4-nouvelles-partitions-chorales-et-instrumentales-du-compositeur-itai-daniel\\\/\"},\"wordCount\":364,\"publisher\":{\"@id\":\"https:\\\/\\\/www.iemj.org\\\/es\\\/#organization\"},\"image\":{\"@id\":\"https:\\\/\\\/www.iemj.org\\\/es\\\/publication-de-4-nouvelles-partitions-chorales-et-instrumentales-du-compositeur-itai-daniel\\\/#primaryimage\"},\"thumbnailUrl\":\"https:\\\/\\\/www.iemj.org\\\/wp-content\\\/uploads\\\/2024\\\/05\\\/Logo-article.jpg\",\"articleSection\":[\"Partituras IEMJ\",\"Publicaciones\"],\"inLanguage\":\"es\"},{\"@type\":\"WebPage\",\"@id\":\"https:\\\/\\\/www.iemj.org\\\/es\\\/publication-de-4-nouvelles-partitions-chorales-et-instrumentales-du-compositeur-itai-daniel\\\/\",\"url\":\"https:\\\/\\\/www.iemj.org\\\/es\\\/publication-de-4-nouvelles-partitions-chorales-et-instrumentales-du-compositeur-itai-daniel\\\/\",\"name\":\"PUBLICACION DE 4 NUEVAS PARTITURAS CORALES E INSTRUMENTALES DEL COMPOSITOR ITAI DANIEL - Institut Europ\u00e9en des Musiques Juives\",\"isPartOf\":{\"@id\":\"https:\\\/\\\/www.iemj.org\\\/es\\\/#website\"},\"primaryImageOfPage\":{\"@id\":\"https:\\\/\\\/www.iemj.org\\\/es\\\/publication-de-4-nouvelles-partitions-chorales-et-instrumentales-du-compositeur-itai-daniel\\\/#primaryimage\"},\"image\":{\"@id\":\"https:\\\/\\\/www.iemj.org\\\/es\\\/publication-de-4-nouvelles-partitions-chorales-et-instrumentales-du-compositeur-itai-daniel\\\/#primaryimage\"},\"thumbnailUrl\":\"https:\\\/\\\/www.iemj.org\\\/wp-content\\\/uploads\\\/2024\\\/05\\\/Logo-article.jpg\",\"datePublished\":\"2024-05-14T15:13:28+00:00\",\"dateModified\":\"2024-05-16T08:32:50+00:00\",\"breadcrumb\":{\"@id\":\"https:\\\/\\\/www.iemj.org\\\/es\\\/publication-de-4-nouvelles-partitions-chorales-et-instrumentales-du-compositeur-itai-daniel\\\/#breadcrumb\"},\"inLanguage\":\"es\",\"potentialAction\":[{\"@type\":\"ReadAction\",\"target\":[\"https:\\\/\\\/www.iemj.org\\\/es\\\/publication-de-4-nouvelles-partitions-chorales-et-instrumentales-du-compositeur-itai-daniel\\\/\"]}]},{\"@type\":\"ImageObject\",\"inLanguage\":\"es\",\"@id\":\"https:\\\/\\\/www.iemj.org\\\/es\\\/publication-de-4-nouvelles-partitions-chorales-et-instrumentales-du-compositeur-itai-daniel\\\/#primaryimage\",\"url\":\"https:\\\/\\\/www.iemj.org\\\/wp-content\\\/uploads\\\/2024\\\/05\\\/Logo-article.jpg\",\"contentUrl\":\"https:\\\/\\\/www.iemj.org\\\/wp-content\\\/uploads\\\/2024\\\/05\\\/Logo-article.jpg\",\"width\":500,\"height\":500},{\"@type\":\"BreadcrumbList\",\"@id\":\"https:\\\/\\\/www.iemj.org\\\/es\\\/publication-de-4-nouvelles-partitions-chorales-et-instrumentales-du-compositeur-itai-daniel\\\/#breadcrumb\",\"itemListElement\":[{\"@type\":\"ListItem\",\"position\":1,\"name\":\"Accueil\",\"item\":\"https:\\\/\\\/www.iemj.org\\\/es\\\/\"},{\"@type\":\"ListItem\",\"position\":2,\"name\":\"PUBLICACION DE 4 NUEVAS PARTITURAS CORALES E INSTRUMENTALES DEL COMPOSITOR ITAI DANIEL\"}]},{\"@type\":\"WebSite\",\"@id\":\"https:\\\/\\\/www.iemj.org\\\/es\\\/#website\",\"url\":\"https:\\\/\\\/www.iemj.org\\\/es\\\/\",\"name\":\"Institut Europ\u00e9en des Musiques Juives\",\"description\":\"Des traditions musicales \u00e0 la port\u00e9e de tous\",\"publisher\":{\"@id\":\"https:\\\/\\\/www.iemj.org\\\/es\\\/#organization\"},\"potentialAction\":[{\"@type\":\"SearchAction\",\"target\":{\"@type\":\"EntryPoint\",\"urlTemplate\":\"https:\\\/\\\/www.iemj.org\\\/es\\\/?s={search_term_string}\"},\"query-input\":{\"@type\":\"PropertyValueSpecification\",\"valueRequired\":true,\"valueName\":\"search_term_string\"}}],\"inLanguage\":\"es\"},{\"@type\":\"Organization\",\"@id\":\"https:\\\/\\\/www.iemj.org\\\/es\\\/#organization\",\"name\":\"Institut Europ\u00e9en des Musiques Juives\",\"url\":\"https:\\\/\\\/www.iemj.org\\\/es\\\/\",\"logo\":{\"@type\":\"ImageObject\",\"inLanguage\":\"es\",\"@id\":\"https:\\\/\\\/www.iemj.org\\\/es\\\/#\\\/schema\\\/logo\\\/image\\\/\",\"url\":\"https:\\\/\\\/www.iemj.org\\\/wp-content\\\/uploads\\\/2021\\\/09\\\/Logo-IEMJ-Paypal.jpg\",\"contentUrl\":\"https:\\\/\\\/www.iemj.org\\\/wp-content\\\/uploads\\\/2021\\\/09\\\/Logo-IEMJ-Paypal.jpg\",\"width\":150,\"height\":50,\"caption\":\"Institut Europ\u00e9en des Musiques Juives\"},\"image\":{\"@id\":\"https:\\\/\\\/www.iemj.org\\\/es\\\/#\\\/schema\\\/logo\\\/image\\\/\"},\"sameAs\":[\"https:\\\/\\\/www.facebook.com\\\/MusiquesJuives\\\/\",\"https:\\\/\\\/www.instagram.com\\\/musiquesjuives\\\/\",\"https:\\\/\\\/www.youtube.com\\\/user\\\/musiquesjuives\"]},{\"@type\":\"Person\",\"@id\":\"https:\\\/\\\/www.iemj.org\\\/es\\\/#\\\/schema\\\/person\\\/358e26c18aca017fcc4cc15437f7279c\",\"name\":\"Jacqueline ROTEN\",\"image\":{\"@type\":\"ImageObject\",\"inLanguage\":\"es\",\"@id\":\"https:\\\/\\\/secure.gravatar.com\\\/avatar\\\/5964256d6c6957de3a3505278957e0fb2a35119ac47ea41827a65301213c810b?s=96&d=mm&r=g\",\"url\":\"https:\\\/\\\/secure.gravatar.com\\\/avatar\\\/5964256d6c6957de3a3505278957e0fb2a35119ac47ea41827a65301213c810b?s=96&d=mm&r=g\",\"contentUrl\":\"https:\\\/\\\/secure.gravatar.com\\\/avatar\\\/5964256d6c6957de3a3505278957e0fb2a35119ac47ea41827a65301213c810b?s=96&d=mm&r=g\",\"caption\":\"Jacqueline ROTEN\"}}]}<\/script>\n<!-- \/ Yoast SEO plugin. -->","yoast_head_json":{"title":"PUBLICACION DE 4 NUEVAS PARTITURAS CORALES E INSTRUMENTALES DEL COMPOSITOR ITAI DANIEL - Institut Europ\u00e9en des Musiques Juives","robots":{"index":"index","follow":"follow","max-snippet":"max-snippet:-1","max-image-preview":"max-image-preview:large","max-video-preview":"max-video-preview:-1"},"canonical":"https:\/\/www.iemj.org\/es\/publication-de-4-nouvelles-partitions-chorales-et-instrumentales-du-compositeur-itai-daniel\/","og_locale":"es_ES","og_type":"article","og_title":"PUBLICACION DE 4 NUEVAS PARTITURAS CORALES E INSTRUMENTALES DEL COMPOSITOR ITAI DANIEL - Institut Europ\u00e9en des Musiques Juives","og_description":"La obra de Ita\u00ef Daniel se inspira profundamente en el juda\u00edsmo y sus m\u00fasicas. Descubra cuatro nuevas partituras de este compositor: un popurr\u00ed de las principales melod\u00edas de Hanukkah, un","og_url":"https:\/\/www.iemj.org\/es\/publication-de-4-nouvelles-partitions-chorales-et-instrumentales-du-compositeur-itai-daniel\/","og_site_name":"Institut Europ\u00e9en des Musiques Juives","article_publisher":"https:\/\/www.facebook.com\/MusiquesJuives\/","article_published_time":"2024-05-14T15:13:28+00:00","article_modified_time":"2024-05-16T08:32:50+00:00","og_image":[{"width":500,"height":500,"url":"https:\/\/www.iemj.org\/wp-content\/uploads\/2024\/05\/Logo-article.jpg","type":"image\/jpeg"}],"author":"Jacqueline ROTEN","twitter_card":"summary_large_image","twitter_misc":{"Escrito por":"Jacqueline ROTEN","Tiempo de lectura":"2 minutos"},"schema":{"@context":"https:\/\/schema.org","@graph":[{"@type":"Article","@id":"https:\/\/www.iemj.org\/es\/publication-de-4-nouvelles-partitions-chorales-et-instrumentales-du-compositeur-itai-daniel\/#article","isPartOf":{"@id":"https:\/\/www.iemj.org\/es\/publication-de-4-nouvelles-partitions-chorales-et-instrumentales-du-compositeur-itai-daniel\/"},"author":{"name":"Jacqueline ROTEN","@id":"https:\/\/www.iemj.org\/es\/#\/schema\/person\/358e26c18aca017fcc4cc15437f7279c"},"headline":"PUBLICACION DE 4 NUEVAS PARTITURAS CORALES E INSTRUMENTALES DEL COMPOSITOR ITAI DANIEL","datePublished":"2024-05-14T15:13:28+00:00","dateModified":"2024-05-16T08:32:50+00:00","mainEntityOfPage":{"@id":"https:\/\/www.iemj.org\/es\/publication-de-4-nouvelles-partitions-chorales-et-instrumentales-du-compositeur-itai-daniel\/"},"wordCount":364,"publisher":{"@id":"https:\/\/www.iemj.org\/es\/#organization"},"image":{"@id":"https:\/\/www.iemj.org\/es\/publication-de-4-nouvelles-partitions-chorales-et-instrumentales-du-compositeur-itai-daniel\/#primaryimage"},"thumbnailUrl":"https:\/\/www.iemj.org\/wp-content\/uploads\/2024\/05\/Logo-article.jpg","articleSection":["Partituras IEMJ","Publicaciones"],"inLanguage":"es"},{"@type":"WebPage","@id":"https:\/\/www.iemj.org\/es\/publication-de-4-nouvelles-partitions-chorales-et-instrumentales-du-compositeur-itai-daniel\/","url":"https:\/\/www.iemj.org\/es\/publication-de-4-nouvelles-partitions-chorales-et-instrumentales-du-compositeur-itai-daniel\/","name":"PUBLICACION DE 4 NUEVAS PARTITURAS CORALES E INSTRUMENTALES DEL COMPOSITOR ITAI DANIEL - Institut Europ\u00e9en des Musiques Juives","isPartOf":{"@id":"https:\/\/www.iemj.org\/es\/#website"},"primaryImageOfPage":{"@id":"https:\/\/www.iemj.org\/es\/publication-de-4-nouvelles-partitions-chorales-et-instrumentales-du-compositeur-itai-daniel\/#primaryimage"},"image":{"@id":"https:\/\/www.iemj.org\/es\/publication-de-4-nouvelles-partitions-chorales-et-instrumentales-du-compositeur-itai-daniel\/#primaryimage"},"thumbnailUrl":"https:\/\/www.iemj.org\/wp-content\/uploads\/2024\/05\/Logo-article.jpg","datePublished":"2024-05-14T15:13:28+00:00","dateModified":"2024-05-16T08:32:50+00:00","breadcrumb":{"@id":"https:\/\/www.iemj.org\/es\/publication-de-4-nouvelles-partitions-chorales-et-instrumentales-du-compositeur-itai-daniel\/#breadcrumb"},"inLanguage":"es","potentialAction":[{"@type":"ReadAction","target":["https:\/\/www.iemj.org\/es\/publication-de-4-nouvelles-partitions-chorales-et-instrumentales-du-compositeur-itai-daniel\/"]}]},{"@type":"ImageObject","inLanguage":"es","@id":"https:\/\/www.iemj.org\/es\/publication-de-4-nouvelles-partitions-chorales-et-instrumentales-du-compositeur-itai-daniel\/#primaryimage","url":"https:\/\/www.iemj.org\/wp-content\/uploads\/2024\/05\/Logo-article.jpg","contentUrl":"https:\/\/www.iemj.org\/wp-content\/uploads\/2024\/05\/Logo-article.jpg","width":500,"height":500},{"@type":"BreadcrumbList","@id":"https:\/\/www.iemj.org\/es\/publication-de-4-nouvelles-partitions-chorales-et-instrumentales-du-compositeur-itai-daniel\/#breadcrumb","itemListElement":[{"@type":"ListItem","position":1,"name":"Accueil","item":"https:\/\/www.iemj.org\/es\/"},{"@type":"ListItem","position":2,"name":"PUBLICACION DE 4 NUEVAS PARTITURAS CORALES E INSTRUMENTALES DEL COMPOSITOR ITAI DANIEL"}]},{"@type":"WebSite","@id":"https:\/\/www.iemj.org\/es\/#website","url":"https:\/\/www.iemj.org\/es\/","name":"Institut Europ\u00e9en des Musiques Juives","description":"Des traditions musicales \u00e0 la port\u00e9e de tous","publisher":{"@id":"https:\/\/www.iemj.org\/es\/#organization"},"potentialAction":[{"@type":"SearchAction","target":{"@type":"EntryPoint","urlTemplate":"https:\/\/www.iemj.org\/es\/?s={search_term_string}"},"query-input":{"@type":"PropertyValueSpecification","valueRequired":true,"valueName":"search_term_string"}}],"inLanguage":"es"},{"@type":"Organization","@id":"https:\/\/www.iemj.org\/es\/#organization","name":"Institut Europ\u00e9en des Musiques Juives","url":"https:\/\/www.iemj.org\/es\/","logo":{"@type":"ImageObject","inLanguage":"es","@id":"https:\/\/www.iemj.org\/es\/#\/schema\/logo\/image\/","url":"https:\/\/www.iemj.org\/wp-content\/uploads\/2021\/09\/Logo-IEMJ-Paypal.jpg","contentUrl":"https:\/\/www.iemj.org\/wp-content\/uploads\/2021\/09\/Logo-IEMJ-Paypal.jpg","width":150,"height":50,"caption":"Institut Europ\u00e9en des Musiques Juives"},"image":{"@id":"https:\/\/www.iemj.org\/es\/#\/schema\/logo\/image\/"},"sameAs":["https:\/\/www.facebook.com\/MusiquesJuives\/","https:\/\/www.instagram.com\/musiquesjuives\/","https:\/\/www.youtube.com\/user\/musiquesjuives"]},{"@type":"Person","@id":"https:\/\/www.iemj.org\/es\/#\/schema\/person\/358e26c18aca017fcc4cc15437f7279c","name":"Jacqueline ROTEN","image":{"@type":"ImageObject","inLanguage":"es","@id":"https:\/\/secure.gravatar.com\/avatar\/5964256d6c6957de3a3505278957e0fb2a35119ac47ea41827a65301213c810b?s=96&d=mm&r=g","url":"https:\/\/secure.gravatar.com\/avatar\/5964256d6c6957de3a3505278957e0fb2a35119ac47ea41827a65301213c810b?s=96&d=mm&r=g","contentUrl":"https:\/\/secure.gravatar.com\/avatar\/5964256d6c6957de3a3505278957e0fb2a35119ac47ea41827a65301213c810b?s=96&d=mm&r=g","caption":"Jacqueline ROTEN"}}]}},"_links":{"self":[{"href":"https:\/\/www.iemj.org\/es\/wp-json\/wp\/v2\/posts\/111826","targetHints":{"allow":["GET"]}}],"collection":[{"href":"https:\/\/www.iemj.org\/es\/wp-json\/wp\/v2\/posts"}],"about":[{"href":"https:\/\/www.iemj.org\/es\/wp-json\/wp\/v2\/types\/post"}],"author":[{"embeddable":true,"href":"https:\/\/www.iemj.org\/es\/wp-json\/wp\/v2\/users\/5"}],"replies":[{"embeddable":true,"href":"https:\/\/www.iemj.org\/es\/wp-json\/wp\/v2\/comments?post=111826"}],"version-history":[{"count":0,"href":"https:\/\/www.iemj.org\/es\/wp-json\/wp\/v2\/posts\/111826\/revisions"}],"wp:featuredmedia":[{"embeddable":true,"href":"https:\/\/www.iemj.org\/es\/wp-json\/wp\/v2\/media\/111822"}],"wp:attachment":[{"href":"https:\/\/www.iemj.org\/es\/wp-json\/wp\/v2\/media?parent=111826"}],"wp:term":[{"taxonomy":"category","embeddable":true,"href":"https:\/\/www.iemj.org\/es\/wp-json\/wp\/v2\/categories?post=111826"},{"taxonomy":"post_tag","embeddable":true,"href":"https:\/\/www.iemj.org\/es\/wp-json\/wp\/v2\/tags?post=111826"},{"taxonomy":"technique","embeddable":true,"href":"https:\/\/www.iemj.org\/es\/wp-json\/wp\/v2\/technique?post=111826"},{"taxonomy":"squelettes","embeddable":true,"href":"https:\/\/www.iemj.org\/es\/wp-json\/wp\/v2\/squelettes?post=111826"},{"taxonomy":"sujet","embeddable":true,"href":"https:\/\/www.iemj.org\/es\/wp-json\/wp\/v2\/sujet?post=111826"},{"taxonomy":"formation","embeddable":true,"href":"https:\/\/www.iemj.org\/es\/wp-json\/wp\/v2\/formation?post=111826"},{"taxonomy":"genre","embeddable":true,"href":"https:\/\/www.iemj.org\/es\/wp-json\/wp\/v2\/genre?post=111826"},{"taxonomy":"fonds","embeddable":true,"href":"https:\/\/www.iemj.org\/es\/wp-json\/wp\/v2\/fonds?post=111826"},{"taxonomy":"tradition","embeddable":true,"href":"https:\/\/www.iemj.org\/es\/wp-json\/wp\/v2\/tradition?post=111826"},{"taxonomy":"type-de-contenu","embeddable":true,"href":"https:\/\/www.iemj.org\/es\/wp-json\/wp\/v2\/type-de-contenu?post=111826"},{"taxonomy":"interprete-compositeur","embeddable":true,"href":"https:\/\/www.iemj.org\/es\/wp-json\/wp\/v2\/interprete-compositeur?post=111826"},{"taxonomy":"frise","embeddable":true,"href":"https:\/\/www.iemj.org\/es\/wp-json\/wp\/v2\/frise?post=111826"},{"taxonomy":"type-devenement","embeddable":true,"href":"https:\/\/www.iemj.org\/es\/wp-json\/wp\/v2\/type-devenement?post=111826"},{"taxonomy":"tableaux-liens-externes","embeddable":true,"href":"https:\/\/www.iemj.org\/es\/wp-json\/wp\/v2\/tableaux-liens-externes?post=111826"}],"curies":[{"name":"wp","href":"https:\/\/api.w.org\/{rel}","templated":true}]}}