{"id":112103,"date":"2024-05-21T15:26:03","date_gmt":"2024-05-21T13:26:03","guid":{"rendered":"https:\/\/www.iemj.org\/?p=112103"},"modified":"2024-05-23T19:42:03","modified_gmt":"2024-05-23T17:42:03","slug":"shemer-naomi-1930-2004","status":"publish","type":"post","link":"https:\/\/www.iemj.org\/es\/shemer-naomi-1930-2004\/","title":{"rendered":"Shemer, Naomi (1930 &#8211; 2004)"},"content":{"rendered":"<p>Naomi Shemer, considerada un icono de la poes\u00eda y la canci\u00f3n israel\u00edes, naci\u00f3 el 13 de julio de 1930 en Kvutzat Kinneret, un kibbutz al sur del mar de Galilea. Dotada de un gran talento para la m\u00fasica, aprendi\u00f3 a tocar el piano a los seis a\u00f1os y particip\u00f3 en las actividades musicales de su kibbutz. Al terminar la ense\u00f1anza secundaria, pospuso el servicio militar para empezar a estudiar m\u00fasica, primero en el Conservatorio de Tel Aviv y luego en la Academia de M\u00fasica y Danza de Jerusal\u00e9n. Entre sus profesores se encontraban Paul Ben-Haim, Frank Pelleg, Abel Ehrlich, Ilona Vinze-Kraus y Josef Tal, este \u00faltimo considerado a menudo como uno de los padres fundadores de la m\u00fasica israel\u00ed.<\/p>\n<p>En 1951, Naomi Shemer se alist\u00f3 en las Fuerzas de Defensa Israel\u00edes y sirvi\u00f3 en el Nahal como pianista. Tras ser licenciada del ej\u00e9rcito, escribi\u00f3 canciones para el teatro, colaborando con el compositor Yochanan Zarai en el musical <em>Pshita Bakfar<\/em>, y m\u00e1s tarde con el actor y cantante Chaim Topol. Tambi\u00e9n ha compuesto canciones para los grupos musicales del ej\u00e9rcito israel\u00ed <img fetchpriority=\"high\" decoding=\"async\" class=\" wp-image-112126 alignright\" src=\"https:\/\/www.iemj.org\/wp-content\/uploads\/2024\/05\/Travel-of-Benjamin-The-Third_Lyrics-and-MMusic-by-Naomi-Shemer_D33-30_423_VIG-287x300.jpg\" alt=\"\" width=\"240\" height=\"251\" srcset=\"https:\/\/www.iemj.org\/wp-content\/uploads\/2024\/05\/Travel-of-Benjamin-The-Third_Lyrics-and-MMusic-by-Naomi-Shemer_D33-30_423_VIG-287x300.jpg 287w, https:\/\/www.iemj.org\/wp-content\/uploads\/2024\/05\/Travel-of-Benjamin-The-Third_Lyrics-and-MMusic-by-Naomi-Shemer_D33-30_423_VIG-600x627.jpg 600w, https:\/\/www.iemj.org\/wp-content\/uploads\/2024\/05\/Travel-of-Benjamin-The-Third_Lyrics-and-MMusic-by-Naomi-Shemer_D33-30_423_VIG.jpg 765w\" sizes=\"(max-width: 240px) 100vw, 240px\" \/>(<em>Chamsinim Bameshlat, Hakol Biglal Masmer<\/em>) y para el d\u00fao Dudaim (<em>Kibui Orot, Shayarat Harokvim<\/em>&#8230;).<\/p>\n<p>A finales de 1960, Naomi Shemer se embarc\u00f3 en una gira de nueve meses por Estados Unidos, y a su regreso a Israel sigui\u00f3 escribiendo canciones para diversos int\u00e9rpretes. En 1964, viaj\u00f3 a Par\u00eds con su hija, donde se sumergi\u00f3 en las canciones francesas de conocidos cantantes y les escribi\u00f3 nuevos textos en hebreo, como Shilgyia [Blancanieves] con la canci\u00f3n <em>Les souliers<\/em>, de Guy B\u00e9art, y <em>Ein Ahavot Smechot<\/em>, con la melod\u00eda de <em>Il n&#8217;y a pas d&#8217;amour heureux<\/em>, de Georges Brassens.<\/p>\n<p>En 1966, Naomi Shemer form\u00f3 un cuarteto femenino, The Shemer Sisters <span class=\"footnote_referrer\"><a role=\"button\" tabindex=\"0\" onclick=\"footnote_moveToReference_112103_1('footnote_plugin_reference_112103_1_1');\" onkeypress=\"footnote_moveToReference_112103_1('footnote_plugin_reference_112103_1_1');\" ><sup id=\"footnote_plugin_tooltip_112103_1_1\" class=\"footnote_plugin_tooltip_text\">[1]<\/sup><\/a><span id=\"footnote_plugin_tooltip_text_112103_1_1\" class=\"footnote_tooltip\">Compuesto por Dina Golan, Dalia Oren, Amna Goldstein y Ruthy Bikal<\/span><\/span><script type=\"text\/javascript\"> jQuery('#footnote_plugin_tooltip_112103_1_1').tooltip({ tip: '#footnote_plugin_tooltip_text_112103_1_1', tipClass: 'footnote_tooltip', effect: 'fade', predelay: 0, fadeInSpeed: 200, delay: 400, fadeOutSpeed: 200, position: 'top center', relative: true, offset: [-7, 0], });<\/script> que interpretaba sus canciones. Desgraciadamente, las dificultades econ\u00f3micas la llevaron a disolver el cuarteto.<\/p>\n<p>En 1967 compuso la canci\u00f3n <em>Yerushalayim shel zahav<\/em>, que la hizo famosa en todo el mundo y le vali\u00f3 el encargo de decenas de canciones a artistas de renombre como Chava Alberstein, Yehoram Gaon y Yossi Banai&#8230;<\/p>\n<p><img decoding=\"async\" class=\"wp-image-112093 alignleft\" src=\"https:\/\/www.iemj.org\/wp-content\/uploads\/2024\/05\/Naomi-Shemer-au-piano-195x300.jpg\" alt=\"\" width=\"160\" height=\"246\" srcset=\"https:\/\/www.iemj.org\/wp-content\/uploads\/2024\/05\/Naomi-Shemer-au-piano-195x300.jpg 195w, https:\/\/www.iemj.org\/wp-content\/uploads\/2024\/05\/Naomi-Shemer-au-piano-665x1024.jpg 665w, https:\/\/www.iemj.org\/wp-content\/uploads\/2024\/05\/Naomi-Shemer-au-piano-600x924.jpg 600w, https:\/\/www.iemj.org\/wp-content\/uploads\/2024\/05\/Naomi-Shemer-au-piano.jpg 750w\" sizes=\"(max-width: 160px) 100vw, 160px\" \/>En 1983, Naomi Shemer recibi\u00f3 el prestigioso Premio del estado de Israel. Pero durante la d\u00e9cada de 1990, su salud se deterior\u00f3 hasta el punto de afectar a su carrera. En 1994, la Universidad Hebrea de Jerusal\u00e9n le concedi\u00f3 el doctorado honoris causa, al igual que la Universidad de Tel Aviv en 2001. En 2000 fue nombrada miembro de la Academia de la Lengua Hebrea.<\/p>\n<p>Naomi Shemer muri\u00f3 de c\u00e1ncer el 26 de junio de 2004. Est\u00e1 enterrada en su lugar de nacimiento, el kibutz Kinneret, con vistas al lago sobre el que cantaba a menudo.<\/p>\n<p>A lo largo de su carrera escribi\u00f3 y public\u00f3 m\u00e1s de 200 canciones. De acuerdo con su petici\u00f3n, los asistentes a su funeral, retransmitido por la televisi\u00f3n nacional, no pronunciar\u00e1n un paneg\u00edrico; en su lugar se cantar\u00e1n tres de sus canciones. Con motivo de su muerte, el Primer Ministro israel\u00ed Ariel Sharon declar\u00f3: \u00abUtilizando palabras y melod\u00edas maravillosas, consigui\u00f3 conectarnos con nuestras ra\u00edces, con nuestros or\u00edgenes, con los inicios del sionismo. Hoy, al despedirnos de Naomi Shemer, inclinamos la cabeza con tristeza y agradecemos el maravilloso regalo que Naomi nos hizo\u00bb.<\/p>\n<p>Fuentes:<\/p>\n<ul>\n<li><a href=\"https:\/\/jwa.org\/encyclopedia\/article\/shemer-naomi#biblio\" target=\"_blank\" rel=\"noopener\">\u201cNaomi Shemer\u201d, The Shalvi\/Hyman Encyclopedia of Jewish Women<\/a><\/li>\n<li><a href=\"https:\/\/es.wikipedia.org\/wiki\/Naomi_Shemer\" target=\"_blank\" rel=\"noopener\">Wikipedia<\/a><\/li>\n<\/ul>\n<p><a href=\"https:\/\/www.iemj.org\/es\/yeroushalayim-shel-zahav-jerusalem-dor\/\" target=\"_blank\" rel=\"noopener\">Leer el art\u00edculo Jerusal\u00e9n de oro, una canci\u00f3n de Naomi Shemer<\/a><\/p>\n<p><a href=\"https:\/\/www.iemj.org\/es\/yerushalayim-shel-zahav-jerusalem-of-gold\/\" target=\"_blank\" rel=\"noopener\">Escuchar diferentes versiones de la canci\u00f3n Jerusal\u00e9n de Oro (Yeroushalayim shel Zahav)<\/a><\/p>\n<div class=\"speaker-mute footnotes_reference_container\"> <div class=\"footnote_container_prepare\"><p><span role=\"button\" tabindex=\"0\" class=\"footnote_reference_container_label pointer\" onclick=\"footnote_expand_collapse_reference_container_112103_1();\">&#x202F;<\/span><span role=\"button\" tabindex=\"0\" class=\"footnote_reference_container_collapse_button\" style=\"display: none;\" onclick=\"footnote_expand_collapse_reference_container_112103_1();\">[<a id=\"footnote_reference_container_collapse_button_112103_1\">+<\/a>]<\/span><\/p><\/div> <div id=\"footnote_references_container_112103_1\" style=\"\"><table class=\"footnotes_table footnote-reference-container\"><caption class=\"accessibility\">References<\/caption> <tbody> \r\n\r\n<tr class=\"footnotes_plugin_reference_row\"> <th scope=\"row\" class=\"footnote_plugin_index_combi pointer\"  onclick=\"footnote_moveToAnchor_112103_1('footnote_plugin_tooltip_112103_1_1');\"><a id=\"footnote_plugin_reference_112103_1_1\" class=\"footnote_backlink\">1<\/a><\/th> <td class=\"footnote_plugin_text\">Compuesto por Dina Golan, Dalia Oren, Amna Goldstein y Ruthy Bikal<\/td><\/tr>\r\n\r\n <\/tbody> <\/table> <\/div><\/div><script type=\"text\/javascript\"> function footnote_expand_reference_container_112103_1() { jQuery('#footnote_references_container_112103_1').show(); jQuery('#footnote_reference_container_collapse_button_112103_1').text('\u2212'); } function footnote_collapse_reference_container_112103_1() { jQuery('#footnote_references_container_112103_1').hide(); jQuery('#footnote_reference_container_collapse_button_112103_1').text('+'); } function footnote_expand_collapse_reference_container_112103_1() { if (jQuery('#footnote_references_container_112103_1').is(':hidden')) { footnote_expand_reference_container_112103_1(); } else { footnote_collapse_reference_container_112103_1(); } } function footnote_moveToReference_112103_1(p_str_TargetID) { footnote_expand_reference_container_112103_1(); var l_obj_Target = jQuery('#' + p_str_TargetID); if (l_obj_Target.length) { jQuery( 'html, body' ).delay( 0 ); jQuery('html, body').animate({ scrollTop: l_obj_Target.offset().top - window.innerHeight * 0.2 }, 380); } } function footnote_moveToAnchor_112103_1(p_str_TargetID) { footnote_expand_reference_container_112103_1(); var l_obj_Target = jQuery('#' + p_str_TargetID); if (l_obj_Target.length) { jQuery( 'html, body' ).delay( 0 ); jQuery('html, body').animate({ scrollTop: l_obj_Target.offset().top - window.innerHeight * 0.2 }, 380); } }<\/script>","protected":false},"excerpt":{"rendered":"<p>Naomi Shemer, considerada un icono de la poes\u00eda y la canci\u00f3n israel\u00edes, naci\u00f3 el 13 de julio de 1930 en Kvutzat Kinneret, un kibbutz al sur del mar de Galilea.<\/p>\n","protected":false},"author":5,"featured_media":112092,"comment_status":"closed","ping_status":"closed","sticky":false,"template":"","format":"standard","meta":{"_acf_changed":false,"footnotes":""},"categories":[1417],"tags":[],"technique":[],"squelettes":[],"sujet":[],"formation":[],"genre":[],"fonds":[],"tradition":[],"type-de-contenu":[],"interprete-compositeur":[],"frise":[],"type-devenement":[],"tableaux-liens-externes":[],"class_list":["post-112103","post","type-post","status-publish","format-standard","has-post-thumbnail","hentry","category-biografias-es"],"acf":[],"yoast_head":"<!-- This site is optimized with the Yoast SEO plugin v27.3 - https:\/\/yoast.com\/product\/yoast-seo-wordpress\/ -->\n<title>Shemer, Naomi (1930 - 2004) - Institut Europ\u00e9en des Musiques Juives<\/title>\n<meta name=\"robots\" content=\"index, follow, max-snippet:-1, max-image-preview:large, max-video-preview:-1\" \/>\n<link rel=\"canonical\" href=\"https:\/\/www.iemj.org\/es\/shemer-naomi-1930-2004\/\" \/>\n<meta property=\"og:locale\" content=\"es_ES\" \/>\n<meta property=\"og:type\" content=\"article\" \/>\n<meta property=\"og:title\" content=\"Shemer, Naomi (1930 - 2004) - Institut Europ\u00e9en des Musiques Juives\" \/>\n<meta property=\"og:description\" content=\"Naomi Shemer, considerada un icono de la poes\u00eda y la canci\u00f3n israel\u00edes, naci\u00f3 el 13 de julio de 1930 en Kvutzat Kinneret, un kibbutz al sur del mar de Galilea.\" \/>\n<meta property=\"og:url\" content=\"https:\/\/www.iemj.org\/es\/shemer-naomi-1930-2004\/\" \/>\n<meta property=\"og:site_name\" content=\"Institut Europ\u00e9en des Musiques Juives\" \/>\n<meta property=\"article:publisher\" content=\"https:\/\/www.facebook.com\/MusiquesJuives\/\" \/>\n<meta property=\"article:published_time\" content=\"2024-05-21T13:26:03+00:00\" \/>\n<meta property=\"article:modified_time\" content=\"2024-05-23T17:42:03+00:00\" \/>\n<meta property=\"og:image\" content=\"https:\/\/www.iemj.org\/wp-content\/uploads\/2024\/05\/Logo-Bio-Naomi-Shemer_redim-1.jpg\" \/>\n\t<meta property=\"og:image:width\" content=\"218\" \/>\n\t<meta property=\"og:image:height\" content=\"218\" \/>\n\t<meta property=\"og:image:type\" content=\"image\/jpeg\" \/>\n<meta name=\"author\" content=\"Jacqueline ROTEN\" \/>\n<meta name=\"twitter:card\" content=\"summary_large_image\" \/>\n<meta name=\"twitter:label1\" content=\"Escrito por\" \/>\n\t<meta name=\"twitter:data1\" content=\"Jacqueline ROTEN\" \/>\n\t<meta name=\"twitter:label2\" content=\"Tiempo de lectura\" \/>\n\t<meta name=\"twitter:data2\" content=\"4 minutos\" \/>\n<script type=\"application\/ld+json\" class=\"yoast-schema-graph\">{\"@context\":\"https:\\\/\\\/schema.org\",\"@graph\":[{\"@type\":\"Article\",\"@id\":\"https:\\\/\\\/www.iemj.org\\\/es\\\/shemer-naomi-1930-2004\\\/#article\",\"isPartOf\":{\"@id\":\"https:\\\/\\\/www.iemj.org\\\/es\\\/shemer-naomi-1930-2004\\\/\"},\"author\":{\"name\":\"Jacqueline ROTEN\",\"@id\":\"https:\\\/\\\/www.iemj.org\\\/es\\\/#\\\/schema\\\/person\\\/358e26c18aca017fcc4cc15437f7279c\"},\"headline\":\"Shemer, Naomi (1930 &#8211; 2004)\",\"datePublished\":\"2024-05-21T13:26:03+00:00\",\"dateModified\":\"2024-05-23T17:42:03+00:00\",\"mainEntityOfPage\":{\"@id\":\"https:\\\/\\\/www.iemj.org\\\/es\\\/shemer-naomi-1930-2004\\\/\"},\"wordCount\":600,\"publisher\":{\"@id\":\"https:\\\/\\\/www.iemj.org\\\/es\\\/#organization\"},\"image\":{\"@id\":\"https:\\\/\\\/www.iemj.org\\\/es\\\/shemer-naomi-1930-2004\\\/#primaryimage\"},\"thumbnailUrl\":\"https:\\\/\\\/www.iemj.org\\\/wp-content\\\/uploads\\\/2024\\\/05\\\/Logo-Bio-Naomi-Shemer_redim-1.jpg\",\"articleSection\":[\"Biograf\u00edas\"],\"inLanguage\":\"es\"},{\"@type\":\"WebPage\",\"@id\":\"https:\\\/\\\/www.iemj.org\\\/es\\\/shemer-naomi-1930-2004\\\/\",\"url\":\"https:\\\/\\\/www.iemj.org\\\/es\\\/shemer-naomi-1930-2004\\\/\",\"name\":\"Shemer, Naomi (1930 - 2004) - Institut Europ\u00e9en des Musiques Juives\",\"isPartOf\":{\"@id\":\"https:\\\/\\\/www.iemj.org\\\/es\\\/#website\"},\"primaryImageOfPage\":{\"@id\":\"https:\\\/\\\/www.iemj.org\\\/es\\\/shemer-naomi-1930-2004\\\/#primaryimage\"},\"image\":{\"@id\":\"https:\\\/\\\/www.iemj.org\\\/es\\\/shemer-naomi-1930-2004\\\/#primaryimage\"},\"thumbnailUrl\":\"https:\\\/\\\/www.iemj.org\\\/wp-content\\\/uploads\\\/2024\\\/05\\\/Logo-Bio-Naomi-Shemer_redim-1.jpg\",\"datePublished\":\"2024-05-21T13:26:03+00:00\",\"dateModified\":\"2024-05-23T17:42:03+00:00\",\"breadcrumb\":{\"@id\":\"https:\\\/\\\/www.iemj.org\\\/es\\\/shemer-naomi-1930-2004\\\/#breadcrumb\"},\"inLanguage\":\"es\",\"potentialAction\":[{\"@type\":\"ReadAction\",\"target\":[\"https:\\\/\\\/www.iemj.org\\\/es\\\/shemer-naomi-1930-2004\\\/\"]}]},{\"@type\":\"ImageObject\",\"inLanguage\":\"es\",\"@id\":\"https:\\\/\\\/www.iemj.org\\\/es\\\/shemer-naomi-1930-2004\\\/#primaryimage\",\"url\":\"https:\\\/\\\/www.iemj.org\\\/wp-content\\\/uploads\\\/2024\\\/05\\\/Logo-Bio-Naomi-Shemer_redim-1.jpg\",\"contentUrl\":\"https:\\\/\\\/www.iemj.org\\\/wp-content\\\/uploads\\\/2024\\\/05\\\/Logo-Bio-Naomi-Shemer_redim-1.jpg\",\"width\":218,\"height\":218},{\"@type\":\"BreadcrumbList\",\"@id\":\"https:\\\/\\\/www.iemj.org\\\/es\\\/shemer-naomi-1930-2004\\\/#breadcrumb\",\"itemListElement\":[{\"@type\":\"ListItem\",\"position\":1,\"name\":\"Accueil\",\"item\":\"https:\\\/\\\/www.iemj.org\\\/es\\\/\"},{\"@type\":\"ListItem\",\"position\":2,\"name\":\"Shemer, Naomi (1930 &#8211; 2004)\"}]},{\"@type\":\"WebSite\",\"@id\":\"https:\\\/\\\/www.iemj.org\\\/es\\\/#website\",\"url\":\"https:\\\/\\\/www.iemj.org\\\/es\\\/\",\"name\":\"Institut Europ\u00e9en des Musiques Juives\",\"description\":\"Des traditions musicales \u00e0 la port\u00e9e de tous\",\"publisher\":{\"@id\":\"https:\\\/\\\/www.iemj.org\\\/es\\\/#organization\"},\"potentialAction\":[{\"@type\":\"SearchAction\",\"target\":{\"@type\":\"EntryPoint\",\"urlTemplate\":\"https:\\\/\\\/www.iemj.org\\\/es\\\/?s={search_term_string}\"},\"query-input\":{\"@type\":\"PropertyValueSpecification\",\"valueRequired\":true,\"valueName\":\"search_term_string\"}}],\"inLanguage\":\"es\"},{\"@type\":\"Organization\",\"@id\":\"https:\\\/\\\/www.iemj.org\\\/es\\\/#organization\",\"name\":\"Institut Europ\u00e9en des Musiques Juives\",\"url\":\"https:\\\/\\\/www.iemj.org\\\/es\\\/\",\"logo\":{\"@type\":\"ImageObject\",\"inLanguage\":\"es\",\"@id\":\"https:\\\/\\\/www.iemj.org\\\/es\\\/#\\\/schema\\\/logo\\\/image\\\/\",\"url\":\"https:\\\/\\\/www.iemj.org\\\/wp-content\\\/uploads\\\/2021\\\/09\\\/Logo-IEMJ-Paypal.jpg\",\"contentUrl\":\"https:\\\/\\\/www.iemj.org\\\/wp-content\\\/uploads\\\/2021\\\/09\\\/Logo-IEMJ-Paypal.jpg\",\"width\":150,\"height\":50,\"caption\":\"Institut Europ\u00e9en des Musiques Juives\"},\"image\":{\"@id\":\"https:\\\/\\\/www.iemj.org\\\/es\\\/#\\\/schema\\\/logo\\\/image\\\/\"},\"sameAs\":[\"https:\\\/\\\/www.facebook.com\\\/MusiquesJuives\\\/\",\"https:\\\/\\\/www.instagram.com\\\/musiquesjuives\\\/\",\"https:\\\/\\\/www.youtube.com\\\/user\\\/musiquesjuives\"]},{\"@type\":\"Person\",\"@id\":\"https:\\\/\\\/www.iemj.org\\\/es\\\/#\\\/schema\\\/person\\\/358e26c18aca017fcc4cc15437f7279c\",\"name\":\"Jacqueline ROTEN\",\"image\":{\"@type\":\"ImageObject\",\"inLanguage\":\"es\",\"@id\":\"https:\\\/\\\/secure.gravatar.com\\\/avatar\\\/5964256d6c6957de3a3505278957e0fb2a35119ac47ea41827a65301213c810b?s=96&d=mm&r=g\",\"url\":\"https:\\\/\\\/secure.gravatar.com\\\/avatar\\\/5964256d6c6957de3a3505278957e0fb2a35119ac47ea41827a65301213c810b?s=96&d=mm&r=g\",\"contentUrl\":\"https:\\\/\\\/secure.gravatar.com\\\/avatar\\\/5964256d6c6957de3a3505278957e0fb2a35119ac47ea41827a65301213c810b?s=96&d=mm&r=g\",\"caption\":\"Jacqueline ROTEN\"}}]}<\/script>\n<!-- \/ Yoast SEO plugin. -->","yoast_head_json":{"title":"Shemer, Naomi (1930 - 2004) - Institut Europ\u00e9en des Musiques Juives","robots":{"index":"index","follow":"follow","max-snippet":"max-snippet:-1","max-image-preview":"max-image-preview:large","max-video-preview":"max-video-preview:-1"},"canonical":"https:\/\/www.iemj.org\/es\/shemer-naomi-1930-2004\/","og_locale":"es_ES","og_type":"article","og_title":"Shemer, Naomi (1930 - 2004) - Institut Europ\u00e9en des Musiques Juives","og_description":"Naomi Shemer, considerada un icono de la poes\u00eda y la canci\u00f3n israel\u00edes, naci\u00f3 el 13 de julio de 1930 en Kvutzat Kinneret, un kibbutz al sur del mar de Galilea.","og_url":"https:\/\/www.iemj.org\/es\/shemer-naomi-1930-2004\/","og_site_name":"Institut Europ\u00e9en des Musiques Juives","article_publisher":"https:\/\/www.facebook.com\/MusiquesJuives\/","article_published_time":"2024-05-21T13:26:03+00:00","article_modified_time":"2024-05-23T17:42:03+00:00","og_image":[{"width":218,"height":218,"url":"https:\/\/www.iemj.org\/wp-content\/uploads\/2024\/05\/Logo-Bio-Naomi-Shemer_redim-1.jpg","type":"image\/jpeg"}],"author":"Jacqueline ROTEN","twitter_card":"summary_large_image","twitter_misc":{"Escrito por":"Jacqueline ROTEN","Tiempo de lectura":"4 minutos"},"schema":{"@context":"https:\/\/schema.org","@graph":[{"@type":"Article","@id":"https:\/\/www.iemj.org\/es\/shemer-naomi-1930-2004\/#article","isPartOf":{"@id":"https:\/\/www.iemj.org\/es\/shemer-naomi-1930-2004\/"},"author":{"name":"Jacqueline ROTEN","@id":"https:\/\/www.iemj.org\/es\/#\/schema\/person\/358e26c18aca017fcc4cc15437f7279c"},"headline":"Shemer, Naomi (1930 &#8211; 2004)","datePublished":"2024-05-21T13:26:03+00:00","dateModified":"2024-05-23T17:42:03+00:00","mainEntityOfPage":{"@id":"https:\/\/www.iemj.org\/es\/shemer-naomi-1930-2004\/"},"wordCount":600,"publisher":{"@id":"https:\/\/www.iemj.org\/es\/#organization"},"image":{"@id":"https:\/\/www.iemj.org\/es\/shemer-naomi-1930-2004\/#primaryimage"},"thumbnailUrl":"https:\/\/www.iemj.org\/wp-content\/uploads\/2024\/05\/Logo-Bio-Naomi-Shemer_redim-1.jpg","articleSection":["Biograf\u00edas"],"inLanguage":"es"},{"@type":"WebPage","@id":"https:\/\/www.iemj.org\/es\/shemer-naomi-1930-2004\/","url":"https:\/\/www.iemj.org\/es\/shemer-naomi-1930-2004\/","name":"Shemer, Naomi (1930 - 2004) - Institut Europ\u00e9en des Musiques Juives","isPartOf":{"@id":"https:\/\/www.iemj.org\/es\/#website"},"primaryImageOfPage":{"@id":"https:\/\/www.iemj.org\/es\/shemer-naomi-1930-2004\/#primaryimage"},"image":{"@id":"https:\/\/www.iemj.org\/es\/shemer-naomi-1930-2004\/#primaryimage"},"thumbnailUrl":"https:\/\/www.iemj.org\/wp-content\/uploads\/2024\/05\/Logo-Bio-Naomi-Shemer_redim-1.jpg","datePublished":"2024-05-21T13:26:03+00:00","dateModified":"2024-05-23T17:42:03+00:00","breadcrumb":{"@id":"https:\/\/www.iemj.org\/es\/shemer-naomi-1930-2004\/#breadcrumb"},"inLanguage":"es","potentialAction":[{"@type":"ReadAction","target":["https:\/\/www.iemj.org\/es\/shemer-naomi-1930-2004\/"]}]},{"@type":"ImageObject","inLanguage":"es","@id":"https:\/\/www.iemj.org\/es\/shemer-naomi-1930-2004\/#primaryimage","url":"https:\/\/www.iemj.org\/wp-content\/uploads\/2024\/05\/Logo-Bio-Naomi-Shemer_redim-1.jpg","contentUrl":"https:\/\/www.iemj.org\/wp-content\/uploads\/2024\/05\/Logo-Bio-Naomi-Shemer_redim-1.jpg","width":218,"height":218},{"@type":"BreadcrumbList","@id":"https:\/\/www.iemj.org\/es\/shemer-naomi-1930-2004\/#breadcrumb","itemListElement":[{"@type":"ListItem","position":1,"name":"Accueil","item":"https:\/\/www.iemj.org\/es\/"},{"@type":"ListItem","position":2,"name":"Shemer, Naomi (1930 &#8211; 2004)"}]},{"@type":"WebSite","@id":"https:\/\/www.iemj.org\/es\/#website","url":"https:\/\/www.iemj.org\/es\/","name":"Institut Europ\u00e9en des Musiques Juives","description":"Des traditions musicales \u00e0 la port\u00e9e de tous","publisher":{"@id":"https:\/\/www.iemj.org\/es\/#organization"},"potentialAction":[{"@type":"SearchAction","target":{"@type":"EntryPoint","urlTemplate":"https:\/\/www.iemj.org\/es\/?s={search_term_string}"},"query-input":{"@type":"PropertyValueSpecification","valueRequired":true,"valueName":"search_term_string"}}],"inLanguage":"es"},{"@type":"Organization","@id":"https:\/\/www.iemj.org\/es\/#organization","name":"Institut Europ\u00e9en des Musiques Juives","url":"https:\/\/www.iemj.org\/es\/","logo":{"@type":"ImageObject","inLanguage":"es","@id":"https:\/\/www.iemj.org\/es\/#\/schema\/logo\/image\/","url":"https:\/\/www.iemj.org\/wp-content\/uploads\/2021\/09\/Logo-IEMJ-Paypal.jpg","contentUrl":"https:\/\/www.iemj.org\/wp-content\/uploads\/2021\/09\/Logo-IEMJ-Paypal.jpg","width":150,"height":50,"caption":"Institut Europ\u00e9en des Musiques Juives"},"image":{"@id":"https:\/\/www.iemj.org\/es\/#\/schema\/logo\/image\/"},"sameAs":["https:\/\/www.facebook.com\/MusiquesJuives\/","https:\/\/www.instagram.com\/musiquesjuives\/","https:\/\/www.youtube.com\/user\/musiquesjuives"]},{"@type":"Person","@id":"https:\/\/www.iemj.org\/es\/#\/schema\/person\/358e26c18aca017fcc4cc15437f7279c","name":"Jacqueline ROTEN","image":{"@type":"ImageObject","inLanguage":"es","@id":"https:\/\/secure.gravatar.com\/avatar\/5964256d6c6957de3a3505278957e0fb2a35119ac47ea41827a65301213c810b?s=96&d=mm&r=g","url":"https:\/\/secure.gravatar.com\/avatar\/5964256d6c6957de3a3505278957e0fb2a35119ac47ea41827a65301213c810b?s=96&d=mm&r=g","contentUrl":"https:\/\/secure.gravatar.com\/avatar\/5964256d6c6957de3a3505278957e0fb2a35119ac47ea41827a65301213c810b?s=96&d=mm&r=g","caption":"Jacqueline ROTEN"}}]}},"_links":{"self":[{"href":"https:\/\/www.iemj.org\/es\/wp-json\/wp\/v2\/posts\/112103","targetHints":{"allow":["GET"]}}],"collection":[{"href":"https:\/\/www.iemj.org\/es\/wp-json\/wp\/v2\/posts"}],"about":[{"href":"https:\/\/www.iemj.org\/es\/wp-json\/wp\/v2\/types\/post"}],"author":[{"embeddable":true,"href":"https:\/\/www.iemj.org\/es\/wp-json\/wp\/v2\/users\/5"}],"replies":[{"embeddable":true,"href":"https:\/\/www.iemj.org\/es\/wp-json\/wp\/v2\/comments?post=112103"}],"version-history":[{"count":0,"href":"https:\/\/www.iemj.org\/es\/wp-json\/wp\/v2\/posts\/112103\/revisions"}],"wp:featuredmedia":[{"embeddable":true,"href":"https:\/\/www.iemj.org\/es\/wp-json\/wp\/v2\/media\/112092"}],"wp:attachment":[{"href":"https:\/\/www.iemj.org\/es\/wp-json\/wp\/v2\/media?parent=112103"}],"wp:term":[{"taxonomy":"category","embeddable":true,"href":"https:\/\/www.iemj.org\/es\/wp-json\/wp\/v2\/categories?post=112103"},{"taxonomy":"post_tag","embeddable":true,"href":"https:\/\/www.iemj.org\/es\/wp-json\/wp\/v2\/tags?post=112103"},{"taxonomy":"technique","embeddable":true,"href":"https:\/\/www.iemj.org\/es\/wp-json\/wp\/v2\/technique?post=112103"},{"taxonomy":"squelettes","embeddable":true,"href":"https:\/\/www.iemj.org\/es\/wp-json\/wp\/v2\/squelettes?post=112103"},{"taxonomy":"sujet","embeddable":true,"href":"https:\/\/www.iemj.org\/es\/wp-json\/wp\/v2\/sujet?post=112103"},{"taxonomy":"formation","embeddable":true,"href":"https:\/\/www.iemj.org\/es\/wp-json\/wp\/v2\/formation?post=112103"},{"taxonomy":"genre","embeddable":true,"href":"https:\/\/www.iemj.org\/es\/wp-json\/wp\/v2\/genre?post=112103"},{"taxonomy":"fonds","embeddable":true,"href":"https:\/\/www.iemj.org\/es\/wp-json\/wp\/v2\/fonds?post=112103"},{"taxonomy":"tradition","embeddable":true,"href":"https:\/\/www.iemj.org\/es\/wp-json\/wp\/v2\/tradition?post=112103"},{"taxonomy":"type-de-contenu","embeddable":true,"href":"https:\/\/www.iemj.org\/es\/wp-json\/wp\/v2\/type-de-contenu?post=112103"},{"taxonomy":"interprete-compositeur","embeddable":true,"href":"https:\/\/www.iemj.org\/es\/wp-json\/wp\/v2\/interprete-compositeur?post=112103"},{"taxonomy":"frise","embeddable":true,"href":"https:\/\/www.iemj.org\/es\/wp-json\/wp\/v2\/frise?post=112103"},{"taxonomy":"type-devenement","embeddable":true,"href":"https:\/\/www.iemj.org\/es\/wp-json\/wp\/v2\/type-devenement?post=112103"},{"taxonomy":"tableaux-liens-externes","embeddable":true,"href":"https:\/\/www.iemj.org\/es\/wp-json\/wp\/v2\/tableaux-liens-externes?post=112103"}],"curies":[{"name":"wp","href":"https:\/\/api.w.org\/{rel}","templated":true}]}}