{"id":112477,"date":"2024-06-05T11:42:29","date_gmt":"2024-06-05T09:42:29","guid":{"rendered":"https:\/\/www.iemj.org\/atelier-bal-klezmer-par-le-groupe-kalarash\/"},"modified":"2024-06-05T18:50:16","modified_gmt":"2024-06-05T16:50:16","slug":"atelier-bal-klezmer-par-le-groupe-kalarash","status":"publish","type":"post","link":"https:\/\/www.iemj.org\/es\/atelier-bal-klezmer-par-le-groupe-kalarash\/","title":{"rendered":"Taller de baile klezmer con el grupo Kalarash"},"content":{"rendered":"<h1><strong>Propuesto por el IEMJ, el FSJU &amp; <\/strong><strong>Yiddish sans Fronti\u00e8re <\/strong>en el marco del FESTIVAL DES CULTURES JUIVES #19<\/h1>\n<p><!--more--><\/p>\n<h3 style=\"text-align: left; padding-left: 120px;\">16 de junio de 2024 &#8211; de 11.00 a 13.00 horas<\/h3>\n<h3 style=\"text-align: left; padding-left: 120px;\"><strong>Espace Rachi\u202f Guy de Rothschild<\/strong><\/h3>\n<h3 style=\"text-align: left; padding-left: 120px;\">39, rue Broca &#8211; 75005 Paris<\/h3>\n<p><!--more--><\/p>\n<p>\u00a1Un gran momento de convivencia y unidad!<\/p>\n<p>\u00a1Entre en la danza! Los m\u00fasicos del conjunto Kalarash animar\u00e1n una alegre danza klezmer.<\/p>\n<p>Durante todo el baile, la violinista Agathe se convierte en la directora de la danza, guiando los pasos de los bailarines <strong>para que todos puedan participar, j\u00f3venes y mayores, bailarines expertos y principiantes<\/strong>. David Lefebvre y Samuel Maquin marcan el ritmo de los bailarines, tocando incansablemente m\u00fasica klezmer en una variedad de tempos, puntuados por canciones yiddish.<\/p>\n<p><strong>Posibilidad de asistir:<\/strong><\/p>\n<ul>\n<li>s\u00f3lo al D\u00cdA DE LA ASOCIACI\u00d3N<\/li>\n<li>s\u00f3lo al concierto de Kalarash \u00abDe los C\u00e1rpatos a los Balcanes\u00bb,\u00a0<\/li>\n<li>\u00a1o a ambos con un precio especial!<\/li>\n<\/ul>\n<h3>PRECIOS<\/h3>\n<p>Categor\u00eda 1: 7,00<br \/>Categor\u00eda 2: 21,00<\/p>\n<p><strong><a href=\"https:\/\/www.festivaldesculturesjuives.org\/billetterie\/\" target=\"_blank\" rel=\"noopener\">Reserva en l\u00ednea<\/a><\/strong><\/p>\n<h2 id=\"5-eael-table-of-content\" class=\"eael-heading-content\" style=\"text-align: center;\">SOCIO(S) \/ ORGANIZADOR(ES)<\/h2>\n<p>\u00a0<\/p>\n\n\n<div class=\"wp-block-columns are-vertically-aligned-center is-layout-flex wp-container-core-columns-is-layout-9d6595d7 wp-block-columns-is-layout-flex\">\n<div class=\"wp-block-column is-vertically-aligned-center is-layout-flow wp-block-column-is-layout-flow\">\n<figure class=\"wp-block-image size-large\"><img decoding=\"async\" src=\"https:\/\/www.iemj.org\/wp-content\/uploads\/2024\/05\/IEMJ_LOGO_CMJN_HORIZONTAL_sans-fond-Copie-1.png\" alt=\"\"\/><\/figure>\n<\/div>\n\n\n\n<div class=\"wp-block-column is-vertically-aligned-center is-layout-flow wp-block-column-is-layout-flow\">\n<figure class=\"wp-block-image size-large\"><img decoding=\"async\" src=\"https:\/\/www.iemj.org\/wp-content\/uploads\/2024\/05\/LOGO-FSJU-sans-bl-1-3.jpg\" alt=\"\"\/><\/figure>\n<\/div>\n\n\n\n<div class=\"wp-block-column is-vertically-aligned-center is-layout-flow wp-block-column-is-layout-flow\"><div class=\"wp-block-image\">\n<figure class=\"aligncenter size-large is-resized\"><img decoding=\"async\" src=\"https:\/\/www.iemj.org\/wp-content\/uploads\/2024\/05\/YSF.jpg\" alt=\"\" style=\"width:132px;height:auto\"\/><\/figure>\n<\/div><\/div>\n<\/div>\n","protected":false},"excerpt":{"rendered":"<p>Propuesto por el IEMJ, el FSJU &amp; Yiddish sans Fronti\u00e8re en el marco del FESTIVAL DES CULTURES JUIVES #19<\/p>\n","protected":false},"author":5,"featured_media":112467,"comment_status":"closed","ping_status":"closed","sticky":false,"template":"","format":"standard","meta":{"_acf_changed":false,"footnotes":""},"categories":[1342,1372,1387],"tags":[],"technique":[],"squelettes":[],"sujet":[],"formation":[],"genre":[],"fonds":[],"tradition":[],"type-de-contenu":[],"interprete-compositeur":[],"frise":[],"type-devenement":[],"tableaux-liens-externes":[],"class_list":["post-112477","post","type-post","status-publish","format-standard","has-post-thumbnail","hentry","category-actualidades-es","category-manifestaciones-es","category-taller-de-musica-es"],"acf":[],"yoast_head":"<!-- This site is optimized with the Yoast SEO plugin v27.3 - https:\/\/yoast.com\/product\/yoast-seo-wordpress\/ -->\n<title>Taller de baile klezmer con el grupo Kalarash - Institut Europ\u00e9en des Musiques Juives<\/title>\n<meta name=\"robots\" content=\"index, follow, max-snippet:-1, max-image-preview:large, max-video-preview:-1\" \/>\n<link rel=\"canonical\" href=\"https:\/\/www.iemj.org\/es\/atelier-bal-klezmer-par-le-groupe-kalarash\/\" \/>\n<meta property=\"og:locale\" content=\"es_ES\" \/>\n<meta property=\"og:type\" content=\"article\" \/>\n<meta property=\"og:title\" content=\"Taller de baile klezmer con el grupo Kalarash - Institut Europ\u00e9en des Musiques Juives\" \/>\n<meta property=\"og:description\" content=\"Propuesto por el IEMJ, el FSJU &amp; Yiddish sans Fronti\u00e8re en el marco del FESTIVAL DES CULTURES JUIVES #19\" \/>\n<meta property=\"og:url\" content=\"https:\/\/www.iemj.org\/es\/atelier-bal-klezmer-par-le-groupe-kalarash\/\" \/>\n<meta property=\"og:site_name\" content=\"Institut Europ\u00e9en des Musiques Juives\" \/>\n<meta property=\"article:publisher\" content=\"https:\/\/www.facebook.com\/MusiquesJuives\/\" \/>\n<meta property=\"article:published_time\" content=\"2024-06-05T09:42:29+00:00\" \/>\n<meta property=\"article:modified_time\" content=\"2024-06-05T16:50:16+00:00\" \/>\n<meta property=\"og:image\" content=\"https:\/\/www.iemj.org\/wp-content\/uploads\/2024\/06\/Logo-Bal-K-2024.jpg\" \/>\n\t<meta property=\"og:image:width\" content=\"500\" \/>\n\t<meta property=\"og:image:height\" content=\"500\" \/>\n\t<meta property=\"og:image:type\" content=\"image\/jpeg\" \/>\n<meta name=\"author\" content=\"Jacqueline ROTEN\" \/>\n<meta name=\"twitter:card\" content=\"summary_large_image\" \/>\n<meta name=\"twitter:label1\" content=\"Escrito por\" \/>\n\t<meta name=\"twitter:data1\" content=\"Jacqueline ROTEN\" \/>\n\t<meta name=\"twitter:label2\" content=\"Tiempo de lectura\" \/>\n\t<meta name=\"twitter:data2\" content=\"2 minutos\" \/>\n<script type=\"application\/ld+json\" class=\"yoast-schema-graph\">{\"@context\":\"https:\\\/\\\/schema.org\",\"@graph\":[{\"@type\":\"Article\",\"@id\":\"https:\\\/\\\/www.iemj.org\\\/es\\\/atelier-bal-klezmer-par-le-groupe-kalarash\\\/#article\",\"isPartOf\":{\"@id\":\"https:\\\/\\\/www.iemj.org\\\/es\\\/atelier-bal-klezmer-par-le-groupe-kalarash\\\/\"},\"author\":{\"name\":\"Jacqueline ROTEN\",\"@id\":\"https:\\\/\\\/www.iemj.org\\\/es\\\/#\\\/schema\\\/person\\\/358e26c18aca017fcc4cc15437f7279c\"},\"headline\":\"Taller de baile klezmer con el grupo Kalarash\",\"datePublished\":\"2024-06-05T09:42:29+00:00\",\"dateModified\":\"2024-06-05T16:50:16+00:00\",\"mainEntityOfPage\":{\"@id\":\"https:\\\/\\\/www.iemj.org\\\/es\\\/atelier-bal-klezmer-par-le-groupe-kalarash\\\/\"},\"wordCount\":170,\"publisher\":{\"@id\":\"https:\\\/\\\/www.iemj.org\\\/es\\\/#organization\"},\"image\":{\"@id\":\"https:\\\/\\\/www.iemj.org\\\/es\\\/atelier-bal-klezmer-par-le-groupe-kalarash\\\/#primaryimage\"},\"thumbnailUrl\":\"https:\\\/\\\/www.iemj.org\\\/wp-content\\\/uploads\\\/2024\\\/06\\\/Logo-Bal-K-2024.jpg\",\"articleSection\":[\"Actualidades\",\"Manifestaciones\",\"Taller de m\u00fasica\"],\"inLanguage\":\"es\"},{\"@type\":\"WebPage\",\"@id\":\"https:\\\/\\\/www.iemj.org\\\/es\\\/atelier-bal-klezmer-par-le-groupe-kalarash\\\/\",\"url\":\"https:\\\/\\\/www.iemj.org\\\/es\\\/atelier-bal-klezmer-par-le-groupe-kalarash\\\/\",\"name\":\"Taller de baile klezmer con el grupo Kalarash - Institut Europ\u00e9en des Musiques Juives\",\"isPartOf\":{\"@id\":\"https:\\\/\\\/www.iemj.org\\\/es\\\/#website\"},\"primaryImageOfPage\":{\"@id\":\"https:\\\/\\\/www.iemj.org\\\/es\\\/atelier-bal-klezmer-par-le-groupe-kalarash\\\/#primaryimage\"},\"image\":{\"@id\":\"https:\\\/\\\/www.iemj.org\\\/es\\\/atelier-bal-klezmer-par-le-groupe-kalarash\\\/#primaryimage\"},\"thumbnailUrl\":\"https:\\\/\\\/www.iemj.org\\\/wp-content\\\/uploads\\\/2024\\\/06\\\/Logo-Bal-K-2024.jpg\",\"datePublished\":\"2024-06-05T09:42:29+00:00\",\"dateModified\":\"2024-06-05T16:50:16+00:00\",\"breadcrumb\":{\"@id\":\"https:\\\/\\\/www.iemj.org\\\/es\\\/atelier-bal-klezmer-par-le-groupe-kalarash\\\/#breadcrumb\"},\"inLanguage\":\"es\",\"potentialAction\":[{\"@type\":\"ReadAction\",\"target\":[\"https:\\\/\\\/www.iemj.org\\\/es\\\/atelier-bal-klezmer-par-le-groupe-kalarash\\\/\"]}]},{\"@type\":\"ImageObject\",\"inLanguage\":\"es\",\"@id\":\"https:\\\/\\\/www.iemj.org\\\/es\\\/atelier-bal-klezmer-par-le-groupe-kalarash\\\/#primaryimage\",\"url\":\"https:\\\/\\\/www.iemj.org\\\/wp-content\\\/uploads\\\/2024\\\/06\\\/Logo-Bal-K-2024.jpg\",\"contentUrl\":\"https:\\\/\\\/www.iemj.org\\\/wp-content\\\/uploads\\\/2024\\\/06\\\/Logo-Bal-K-2024.jpg\",\"width\":500,\"height\":500},{\"@type\":\"BreadcrumbList\",\"@id\":\"https:\\\/\\\/www.iemj.org\\\/es\\\/atelier-bal-klezmer-par-le-groupe-kalarash\\\/#breadcrumb\",\"itemListElement\":[{\"@type\":\"ListItem\",\"position\":1,\"name\":\"Accueil\",\"item\":\"https:\\\/\\\/www.iemj.org\\\/es\\\/\"},{\"@type\":\"ListItem\",\"position\":2,\"name\":\"Taller de baile klezmer con el grupo Kalarash\"}]},{\"@type\":\"WebSite\",\"@id\":\"https:\\\/\\\/www.iemj.org\\\/es\\\/#website\",\"url\":\"https:\\\/\\\/www.iemj.org\\\/es\\\/\",\"name\":\"Institut Europ\u00e9en des Musiques Juives\",\"description\":\"Des traditions musicales \u00e0 la port\u00e9e de tous\",\"publisher\":{\"@id\":\"https:\\\/\\\/www.iemj.org\\\/es\\\/#organization\"},\"potentialAction\":[{\"@type\":\"SearchAction\",\"target\":{\"@type\":\"EntryPoint\",\"urlTemplate\":\"https:\\\/\\\/www.iemj.org\\\/es\\\/?s={search_term_string}\"},\"query-input\":{\"@type\":\"PropertyValueSpecification\",\"valueRequired\":true,\"valueName\":\"search_term_string\"}}],\"inLanguage\":\"es\"},{\"@type\":\"Organization\",\"@id\":\"https:\\\/\\\/www.iemj.org\\\/es\\\/#organization\",\"name\":\"Institut Europ\u00e9en des Musiques Juives\",\"url\":\"https:\\\/\\\/www.iemj.org\\\/es\\\/\",\"logo\":{\"@type\":\"ImageObject\",\"inLanguage\":\"es\",\"@id\":\"https:\\\/\\\/www.iemj.org\\\/es\\\/#\\\/schema\\\/logo\\\/image\\\/\",\"url\":\"https:\\\/\\\/www.iemj.org\\\/wp-content\\\/uploads\\\/2021\\\/09\\\/Logo-IEMJ-Paypal.jpg\",\"contentUrl\":\"https:\\\/\\\/www.iemj.org\\\/wp-content\\\/uploads\\\/2021\\\/09\\\/Logo-IEMJ-Paypal.jpg\",\"width\":150,\"height\":50,\"caption\":\"Institut Europ\u00e9en des Musiques Juives\"},\"image\":{\"@id\":\"https:\\\/\\\/www.iemj.org\\\/es\\\/#\\\/schema\\\/logo\\\/image\\\/\"},\"sameAs\":[\"https:\\\/\\\/www.facebook.com\\\/MusiquesJuives\\\/\",\"https:\\\/\\\/www.instagram.com\\\/musiquesjuives\\\/\",\"https:\\\/\\\/www.youtube.com\\\/user\\\/musiquesjuives\"]},{\"@type\":\"Person\",\"@id\":\"https:\\\/\\\/www.iemj.org\\\/es\\\/#\\\/schema\\\/person\\\/358e26c18aca017fcc4cc15437f7279c\",\"name\":\"Jacqueline ROTEN\",\"image\":{\"@type\":\"ImageObject\",\"inLanguage\":\"es\",\"@id\":\"https:\\\/\\\/secure.gravatar.com\\\/avatar\\\/5964256d6c6957de3a3505278957e0fb2a35119ac47ea41827a65301213c810b?s=96&d=mm&r=g\",\"url\":\"https:\\\/\\\/secure.gravatar.com\\\/avatar\\\/5964256d6c6957de3a3505278957e0fb2a35119ac47ea41827a65301213c810b?s=96&d=mm&r=g\",\"contentUrl\":\"https:\\\/\\\/secure.gravatar.com\\\/avatar\\\/5964256d6c6957de3a3505278957e0fb2a35119ac47ea41827a65301213c810b?s=96&d=mm&r=g\",\"caption\":\"Jacqueline ROTEN\"}}]}<\/script>\n<!-- \/ Yoast SEO plugin. -->","yoast_head_json":{"title":"Taller de baile klezmer con el grupo Kalarash - Institut Europ\u00e9en des Musiques Juives","robots":{"index":"index","follow":"follow","max-snippet":"max-snippet:-1","max-image-preview":"max-image-preview:large","max-video-preview":"max-video-preview:-1"},"canonical":"https:\/\/www.iemj.org\/es\/atelier-bal-klezmer-par-le-groupe-kalarash\/","og_locale":"es_ES","og_type":"article","og_title":"Taller de baile klezmer con el grupo Kalarash - Institut Europ\u00e9en des Musiques Juives","og_description":"Propuesto por el IEMJ, el FSJU &amp; Yiddish sans Fronti\u00e8re en el marco del FESTIVAL DES CULTURES JUIVES #19","og_url":"https:\/\/www.iemj.org\/es\/atelier-bal-klezmer-par-le-groupe-kalarash\/","og_site_name":"Institut Europ\u00e9en des Musiques Juives","article_publisher":"https:\/\/www.facebook.com\/MusiquesJuives\/","article_published_time":"2024-06-05T09:42:29+00:00","article_modified_time":"2024-06-05T16:50:16+00:00","og_image":[{"width":500,"height":500,"url":"https:\/\/www.iemj.org\/wp-content\/uploads\/2024\/06\/Logo-Bal-K-2024.jpg","type":"image\/jpeg"}],"author":"Jacqueline ROTEN","twitter_card":"summary_large_image","twitter_misc":{"Escrito por":"Jacqueline ROTEN","Tiempo de lectura":"2 minutos"},"schema":{"@context":"https:\/\/schema.org","@graph":[{"@type":"Article","@id":"https:\/\/www.iemj.org\/es\/atelier-bal-klezmer-par-le-groupe-kalarash\/#article","isPartOf":{"@id":"https:\/\/www.iemj.org\/es\/atelier-bal-klezmer-par-le-groupe-kalarash\/"},"author":{"name":"Jacqueline ROTEN","@id":"https:\/\/www.iemj.org\/es\/#\/schema\/person\/358e26c18aca017fcc4cc15437f7279c"},"headline":"Taller de baile klezmer con el grupo Kalarash","datePublished":"2024-06-05T09:42:29+00:00","dateModified":"2024-06-05T16:50:16+00:00","mainEntityOfPage":{"@id":"https:\/\/www.iemj.org\/es\/atelier-bal-klezmer-par-le-groupe-kalarash\/"},"wordCount":170,"publisher":{"@id":"https:\/\/www.iemj.org\/es\/#organization"},"image":{"@id":"https:\/\/www.iemj.org\/es\/atelier-bal-klezmer-par-le-groupe-kalarash\/#primaryimage"},"thumbnailUrl":"https:\/\/www.iemj.org\/wp-content\/uploads\/2024\/06\/Logo-Bal-K-2024.jpg","articleSection":["Actualidades","Manifestaciones","Taller de m\u00fasica"],"inLanguage":"es"},{"@type":"WebPage","@id":"https:\/\/www.iemj.org\/es\/atelier-bal-klezmer-par-le-groupe-kalarash\/","url":"https:\/\/www.iemj.org\/es\/atelier-bal-klezmer-par-le-groupe-kalarash\/","name":"Taller de baile klezmer con el grupo Kalarash - Institut Europ\u00e9en des Musiques Juives","isPartOf":{"@id":"https:\/\/www.iemj.org\/es\/#website"},"primaryImageOfPage":{"@id":"https:\/\/www.iemj.org\/es\/atelier-bal-klezmer-par-le-groupe-kalarash\/#primaryimage"},"image":{"@id":"https:\/\/www.iemj.org\/es\/atelier-bal-klezmer-par-le-groupe-kalarash\/#primaryimage"},"thumbnailUrl":"https:\/\/www.iemj.org\/wp-content\/uploads\/2024\/06\/Logo-Bal-K-2024.jpg","datePublished":"2024-06-05T09:42:29+00:00","dateModified":"2024-06-05T16:50:16+00:00","breadcrumb":{"@id":"https:\/\/www.iemj.org\/es\/atelier-bal-klezmer-par-le-groupe-kalarash\/#breadcrumb"},"inLanguage":"es","potentialAction":[{"@type":"ReadAction","target":["https:\/\/www.iemj.org\/es\/atelier-bal-klezmer-par-le-groupe-kalarash\/"]}]},{"@type":"ImageObject","inLanguage":"es","@id":"https:\/\/www.iemj.org\/es\/atelier-bal-klezmer-par-le-groupe-kalarash\/#primaryimage","url":"https:\/\/www.iemj.org\/wp-content\/uploads\/2024\/06\/Logo-Bal-K-2024.jpg","contentUrl":"https:\/\/www.iemj.org\/wp-content\/uploads\/2024\/06\/Logo-Bal-K-2024.jpg","width":500,"height":500},{"@type":"BreadcrumbList","@id":"https:\/\/www.iemj.org\/es\/atelier-bal-klezmer-par-le-groupe-kalarash\/#breadcrumb","itemListElement":[{"@type":"ListItem","position":1,"name":"Accueil","item":"https:\/\/www.iemj.org\/es\/"},{"@type":"ListItem","position":2,"name":"Taller de baile klezmer con el grupo Kalarash"}]},{"@type":"WebSite","@id":"https:\/\/www.iemj.org\/es\/#website","url":"https:\/\/www.iemj.org\/es\/","name":"Institut Europ\u00e9en des Musiques Juives","description":"Des traditions musicales \u00e0 la port\u00e9e de tous","publisher":{"@id":"https:\/\/www.iemj.org\/es\/#organization"},"potentialAction":[{"@type":"SearchAction","target":{"@type":"EntryPoint","urlTemplate":"https:\/\/www.iemj.org\/es\/?s={search_term_string}"},"query-input":{"@type":"PropertyValueSpecification","valueRequired":true,"valueName":"search_term_string"}}],"inLanguage":"es"},{"@type":"Organization","@id":"https:\/\/www.iemj.org\/es\/#organization","name":"Institut Europ\u00e9en des Musiques Juives","url":"https:\/\/www.iemj.org\/es\/","logo":{"@type":"ImageObject","inLanguage":"es","@id":"https:\/\/www.iemj.org\/es\/#\/schema\/logo\/image\/","url":"https:\/\/www.iemj.org\/wp-content\/uploads\/2021\/09\/Logo-IEMJ-Paypal.jpg","contentUrl":"https:\/\/www.iemj.org\/wp-content\/uploads\/2021\/09\/Logo-IEMJ-Paypal.jpg","width":150,"height":50,"caption":"Institut Europ\u00e9en des Musiques Juives"},"image":{"@id":"https:\/\/www.iemj.org\/es\/#\/schema\/logo\/image\/"},"sameAs":["https:\/\/www.facebook.com\/MusiquesJuives\/","https:\/\/www.instagram.com\/musiquesjuives\/","https:\/\/www.youtube.com\/user\/musiquesjuives"]},{"@type":"Person","@id":"https:\/\/www.iemj.org\/es\/#\/schema\/person\/358e26c18aca017fcc4cc15437f7279c","name":"Jacqueline ROTEN","image":{"@type":"ImageObject","inLanguage":"es","@id":"https:\/\/secure.gravatar.com\/avatar\/5964256d6c6957de3a3505278957e0fb2a35119ac47ea41827a65301213c810b?s=96&d=mm&r=g","url":"https:\/\/secure.gravatar.com\/avatar\/5964256d6c6957de3a3505278957e0fb2a35119ac47ea41827a65301213c810b?s=96&d=mm&r=g","contentUrl":"https:\/\/secure.gravatar.com\/avatar\/5964256d6c6957de3a3505278957e0fb2a35119ac47ea41827a65301213c810b?s=96&d=mm&r=g","caption":"Jacqueline ROTEN"}}]}},"_links":{"self":[{"href":"https:\/\/www.iemj.org\/es\/wp-json\/wp\/v2\/posts\/112477","targetHints":{"allow":["GET"]}}],"collection":[{"href":"https:\/\/www.iemj.org\/es\/wp-json\/wp\/v2\/posts"}],"about":[{"href":"https:\/\/www.iemj.org\/es\/wp-json\/wp\/v2\/types\/post"}],"author":[{"embeddable":true,"href":"https:\/\/www.iemj.org\/es\/wp-json\/wp\/v2\/users\/5"}],"replies":[{"embeddable":true,"href":"https:\/\/www.iemj.org\/es\/wp-json\/wp\/v2\/comments?post=112477"}],"version-history":[{"count":0,"href":"https:\/\/www.iemj.org\/es\/wp-json\/wp\/v2\/posts\/112477\/revisions"}],"wp:featuredmedia":[{"embeddable":true,"href":"https:\/\/www.iemj.org\/es\/wp-json\/wp\/v2\/media\/112467"}],"wp:attachment":[{"href":"https:\/\/www.iemj.org\/es\/wp-json\/wp\/v2\/media?parent=112477"}],"wp:term":[{"taxonomy":"category","embeddable":true,"href":"https:\/\/www.iemj.org\/es\/wp-json\/wp\/v2\/categories?post=112477"},{"taxonomy":"post_tag","embeddable":true,"href":"https:\/\/www.iemj.org\/es\/wp-json\/wp\/v2\/tags?post=112477"},{"taxonomy":"technique","embeddable":true,"href":"https:\/\/www.iemj.org\/es\/wp-json\/wp\/v2\/technique?post=112477"},{"taxonomy":"squelettes","embeddable":true,"href":"https:\/\/www.iemj.org\/es\/wp-json\/wp\/v2\/squelettes?post=112477"},{"taxonomy":"sujet","embeddable":true,"href":"https:\/\/www.iemj.org\/es\/wp-json\/wp\/v2\/sujet?post=112477"},{"taxonomy":"formation","embeddable":true,"href":"https:\/\/www.iemj.org\/es\/wp-json\/wp\/v2\/formation?post=112477"},{"taxonomy":"genre","embeddable":true,"href":"https:\/\/www.iemj.org\/es\/wp-json\/wp\/v2\/genre?post=112477"},{"taxonomy":"fonds","embeddable":true,"href":"https:\/\/www.iemj.org\/es\/wp-json\/wp\/v2\/fonds?post=112477"},{"taxonomy":"tradition","embeddable":true,"href":"https:\/\/www.iemj.org\/es\/wp-json\/wp\/v2\/tradition?post=112477"},{"taxonomy":"type-de-contenu","embeddable":true,"href":"https:\/\/www.iemj.org\/es\/wp-json\/wp\/v2\/type-de-contenu?post=112477"},{"taxonomy":"interprete-compositeur","embeddable":true,"href":"https:\/\/www.iemj.org\/es\/wp-json\/wp\/v2\/interprete-compositeur?post=112477"},{"taxonomy":"frise","embeddable":true,"href":"https:\/\/www.iemj.org\/es\/wp-json\/wp\/v2\/frise?post=112477"},{"taxonomy":"type-devenement","embeddable":true,"href":"https:\/\/www.iemj.org\/es\/wp-json\/wp\/v2\/type-devenement?post=112477"},{"taxonomy":"tableaux-liens-externes","embeddable":true,"href":"https:\/\/www.iemj.org\/es\/wp-json\/wp\/v2\/tableaux-liens-externes?post=112477"}],"curies":[{"name":"wp","href":"https:\/\/api.w.org\/{rel}","templated":true}]}}