{"id":112640,"date":"2024-06-18T16:31:00","date_gmt":"2024-06-18T14:31:00","guid":{"rendered":"https:\/\/www.iemj.org\/le-triptyque-darius-milhaud\/"},"modified":"2024-06-24T14:19:47","modified_gmt":"2024-06-24T12:19:47","slug":"le-triptyque-darius-milhaud","status":"publish","type":"post","link":"https:\/\/www.iemj.org\/es\/le-triptyque-darius-milhaud\/","title":{"rendered":"El tr\u00edptico Darius Milhaud"},"content":{"rendered":"<div>\n<div>\n<p style=\"text-align: left;\"><strong>S\u00e1bado 29 de junio de 2024, 18.30 h<\/strong><br \/>\n<strong>Salle du Moulin Saint-Julien<\/strong><br \/>\n<strong>288, cours Gambetta &#8211; 84300 CAVAILLON<\/strong><\/p>\n<\/div>\n<div>\n<p>En el marco de las celebraciones del <strong>50 aniversario de la muerte del compositor Darius Milhaud<\/strong>, descendiente de jud\u00edos del Comtat Venaissin, la asociaci\u00f3n \u00ab<em>Les amis de la synagogue de Cavaillon<\/em>\u00bb organiza una velada en 3 partes:<\/p>\n<\/div>\n<div>\n<ul>\n<li><strong>una mesa redonda<\/strong> con music\u00f3logos especializados en Milhaud, entre ellos <strong>Herv\u00e9 Roten (IEMJ)<\/strong>, Katharina Galor (Brown University) y el music\u00f3logo alem\u00e1n Kai Hinrich M\u00fcller, que debatir\u00e1n sobre la importancia de su contribuci\u00f3n a la vida musical en Francia, Alemania y Estados Unidos, donde vivi\u00f3. (45 minutos)<\/li>\n<li>el estreno mundial de <strong>un cortometraje de animaci\u00f3n<\/strong>, \u00ab<em>Esther de Carpentras<\/em>\u00ab, creado especialmente para celebrar el 50 aniversario de la muerte de Darius Milhaud por el artista estadounidense Steven Subotnick. (15 minutos)<\/li>\n<li><strong>un concierto de m\u00fasica de c\u00e1mara<\/strong> dirigido por Michal Friedl\u00e4nder (piano), acompa\u00f1ado por la mezzosoprano Hagar Sharvit y Karl-Heinz Steffens, clarinetista de fama mundial. (60 minutos)<\/li>\n<\/ul>\n<\/div>\n<div>\n<p><strong>En el programa del concierto: :\u00a0<\/strong><\/p>\n<\/div>\n<div>\n<ul>\n<li><em>Duo Concertant, Op. 351, <\/em>para clarinete y piano<\/li>\n<\/ul>\n<\/div>\n<div>\n<ul>\n<li><em>Po\u00e8mes juifs, Op.34<\/em>, para mezzosoprano y piano<\/li>\n<\/ul>\n<\/div>\n<div>\n<ul>\n<li><em>Esther de Carpentras, <\/em>obertura y aria, para mezzosoprano y piano<\/li>\n<\/ul>\n<\/div>\n<div>\n<ul>\n<li><em style=\"font-size: revert; background-color: var(--bs-body-bg); color: var(--bs-body-color); font-family: var(--bs-body-font-family); font-weight: var(--bs-body-font-weight); text-align: var(--bs-body-text-align);\">Suadades do Brazil<\/em><span style=\"font-size: revert; background-color: var(--bs-body-bg); color: var(--bs-body-color); font-family: var(--bs-body-font-family); font-weight: var(--bs-body-font-weight); text-align: var(--bs-body-text-align);\">, <\/span>para piano Botafogo<\/li>\n<\/ul>\n<\/div>\n<\/div>\n<div>\n<ul>\n<li><em style=\"font-size: revert; background-color: var(--bs-body-bg); color: var(--bs-body-color); font-family: var(--bs-body-font-family); font-weight: var(--bs-body-font-weight); text-align: var(--bs-body-text-align);\">Scaramouche,<\/em> para clarinete y piano<\/li>\n<\/ul>\n<\/div>\n<div>\n<p>La misma velada se presentar\u00e1 tambi\u00e9n el 1 de julio de 2024 en el Piano Salon Christophori de Berl\u00edn (<em>Alemania<\/em>), el 22 de septiembre de 2024 en la Brown University de Providence (<em>EE.UU.<\/em>) y el 23 de septiembre en el Center for Jewish History de Nueva York (<em>EE.UU.<\/em>).<\/p>\n<\/div>\n<p><strong><a href=\"https:\/\/boutique.destinationluberon.com\/spectacles\/concert-festivals\/le-triptyque-darius-milhaud\" target=\"_blank\" rel=\"noopener\">M\u00e1s informaci\u00f3n y entradas<\/a><\/strong><\/p>\n","protected":false},"excerpt":{"rendered":"<p>S\u00e1bado 29 de junio de 2024, 18.30 h Salle du Moulin Saint-Julien 288, cours Gambetta &#8211; 84300 CAVAILLON En el marco de las celebraciones del 50 aniversario de la muerte<\/p>\n","protected":false},"author":5,"featured_media":112629,"comment_status":"closed","ping_status":"closed","sticky":false,"template":"","format":"standard","meta":{"_acf_changed":false,"footnotes":""},"categories":[1384,1380,1372],"tags":[],"technique":[],"squelettes":[],"sujet":[],"formation":[],"genre":[],"fonds":[],"tradition":[],"type-de-contenu":[],"interprete-compositeur":[3129],"frise":[],"type-devenement":[],"tableaux-liens-externes":[],"class_list":["post-112640","post","type-post","status-publish","format-standard","has-post-thumbnail","hentry","category-clases-conferencias-es","category-conciertos-manifestaciones-es","category-manifestaciones-es","interprete-compositeur-darius-milhaud-es"],"acf":[],"yoast_head":"<!-- This site is optimized with the Yoast SEO plugin v27.3 - https:\/\/yoast.com\/product\/yoast-seo-wordpress\/ -->\n<title>El tr\u00edptico Darius Milhaud - Institut Europ\u00e9en des Musiques Juives<\/title>\n<meta name=\"robots\" content=\"index, follow, max-snippet:-1, max-image-preview:large, max-video-preview:-1\" \/>\n<link rel=\"canonical\" href=\"https:\/\/www.iemj.org\/es\/le-triptyque-darius-milhaud\/\" \/>\n<meta property=\"og:locale\" content=\"es_ES\" \/>\n<meta property=\"og:type\" content=\"article\" \/>\n<meta property=\"og:title\" content=\"El tr\u00edptico Darius Milhaud - Institut Europ\u00e9en des Musiques Juives\" \/>\n<meta property=\"og:description\" content=\"S\u00e1bado 29 de junio de 2024, 18.30 h Salle du Moulin Saint-Julien 288, cours Gambetta &#8211; 84300 CAVAILLON En el marco de las celebraciones del 50 aniversario de la muerte\" \/>\n<meta property=\"og:url\" content=\"https:\/\/www.iemj.org\/es\/le-triptyque-darius-milhaud\/\" \/>\n<meta property=\"og:site_name\" content=\"Institut Europ\u00e9en des Musiques Juives\" \/>\n<meta property=\"article:publisher\" content=\"https:\/\/www.facebook.com\/MusiquesJuives\/\" \/>\n<meta property=\"article:published_time\" content=\"2024-06-18T14:31:00+00:00\" \/>\n<meta property=\"article:modified_time\" content=\"2024-06-24T12:19:47+00:00\" \/>\n<meta property=\"og:image\" content=\"https:\/\/www.iemj.org\/wp-content\/uploads\/2024\/06\/VisuelTriptyqueMilhaud.jpg\" \/>\n\t<meta property=\"og:image:width\" content=\"338\" \/>\n\t<meta property=\"og:image:height\" content=\"500\" \/>\n\t<meta property=\"og:image:type\" content=\"image\/jpeg\" \/>\n<meta name=\"author\" content=\"Jacqueline ROTEN\" \/>\n<meta name=\"twitter:card\" content=\"summary_large_image\" \/>\n<meta name=\"twitter:label1\" content=\"Escrito por\" \/>\n\t<meta name=\"twitter:data1\" content=\"Jacqueline ROTEN\" \/>\n\t<meta name=\"twitter:label2\" content=\"Tiempo de lectura\" \/>\n\t<meta name=\"twitter:data2\" content=\"2 minutos\" \/>\n<script type=\"application\/ld+json\" class=\"yoast-schema-graph\">{\"@context\":\"https:\\\/\\\/schema.org\",\"@graph\":[{\"@type\":\"Article\",\"@id\":\"https:\\\/\\\/www.iemj.org\\\/es\\\/le-triptyque-darius-milhaud\\\/#article\",\"isPartOf\":{\"@id\":\"https:\\\/\\\/www.iemj.org\\\/es\\\/le-triptyque-darius-milhaud\\\/\"},\"author\":{\"name\":\"Jacqueline ROTEN\",\"@id\":\"https:\\\/\\\/www.iemj.org\\\/es\\\/#\\\/schema\\\/person\\\/358e26c18aca017fcc4cc15437f7279c\"},\"headline\":\"El tr\u00edptico Darius Milhaud\",\"datePublished\":\"2024-06-18T14:31:00+00:00\",\"dateModified\":\"2024-06-24T12:19:47+00:00\",\"mainEntityOfPage\":{\"@id\":\"https:\\\/\\\/www.iemj.org\\\/es\\\/le-triptyque-darius-milhaud\\\/\"},\"wordCount\":261,\"publisher\":{\"@id\":\"https:\\\/\\\/www.iemj.org\\\/es\\\/#organization\"},\"image\":{\"@id\":\"https:\\\/\\\/www.iemj.org\\\/es\\\/le-triptyque-darius-milhaud\\\/#primaryimage\"},\"thumbnailUrl\":\"https:\\\/\\\/www.iemj.org\\\/wp-content\\\/uploads\\\/2024\\\/06\\\/VisuelTriptyqueMilhaud.jpg\",\"articleSection\":[\"Clases \\\/ Conferencias\",\"Conciertos\",\"Manifestaciones\"],\"inLanguage\":\"es\"},{\"@type\":\"WebPage\",\"@id\":\"https:\\\/\\\/www.iemj.org\\\/es\\\/le-triptyque-darius-milhaud\\\/\",\"url\":\"https:\\\/\\\/www.iemj.org\\\/es\\\/le-triptyque-darius-milhaud\\\/\",\"name\":\"El tr\u00edptico Darius Milhaud - Institut Europ\u00e9en des Musiques Juives\",\"isPartOf\":{\"@id\":\"https:\\\/\\\/www.iemj.org\\\/es\\\/#website\"},\"primaryImageOfPage\":{\"@id\":\"https:\\\/\\\/www.iemj.org\\\/es\\\/le-triptyque-darius-milhaud\\\/#primaryimage\"},\"image\":{\"@id\":\"https:\\\/\\\/www.iemj.org\\\/es\\\/le-triptyque-darius-milhaud\\\/#primaryimage\"},\"thumbnailUrl\":\"https:\\\/\\\/www.iemj.org\\\/wp-content\\\/uploads\\\/2024\\\/06\\\/VisuelTriptyqueMilhaud.jpg\",\"datePublished\":\"2024-06-18T14:31:00+00:00\",\"dateModified\":\"2024-06-24T12:19:47+00:00\",\"breadcrumb\":{\"@id\":\"https:\\\/\\\/www.iemj.org\\\/es\\\/le-triptyque-darius-milhaud\\\/#breadcrumb\"},\"inLanguage\":\"es\",\"potentialAction\":[{\"@type\":\"ReadAction\",\"target\":[\"https:\\\/\\\/www.iemj.org\\\/es\\\/le-triptyque-darius-milhaud\\\/\"]}]},{\"@type\":\"ImageObject\",\"inLanguage\":\"es\",\"@id\":\"https:\\\/\\\/www.iemj.org\\\/es\\\/le-triptyque-darius-milhaud\\\/#primaryimage\",\"url\":\"https:\\\/\\\/www.iemj.org\\\/wp-content\\\/uploads\\\/2024\\\/06\\\/VisuelTriptyqueMilhaud.jpg\",\"contentUrl\":\"https:\\\/\\\/www.iemj.org\\\/wp-content\\\/uploads\\\/2024\\\/06\\\/VisuelTriptyqueMilhaud.jpg\",\"width\":338,\"height\":500},{\"@type\":\"BreadcrumbList\",\"@id\":\"https:\\\/\\\/www.iemj.org\\\/es\\\/le-triptyque-darius-milhaud\\\/#breadcrumb\",\"itemListElement\":[{\"@type\":\"ListItem\",\"position\":1,\"name\":\"Accueil\",\"item\":\"https:\\\/\\\/www.iemj.org\\\/es\\\/\"},{\"@type\":\"ListItem\",\"position\":2,\"name\":\"El tr\u00edptico Darius Milhaud\"}]},{\"@type\":\"WebSite\",\"@id\":\"https:\\\/\\\/www.iemj.org\\\/es\\\/#website\",\"url\":\"https:\\\/\\\/www.iemj.org\\\/es\\\/\",\"name\":\"Institut Europ\u00e9en des Musiques Juives\",\"description\":\"Des traditions musicales \u00e0 la port\u00e9e de tous\",\"publisher\":{\"@id\":\"https:\\\/\\\/www.iemj.org\\\/es\\\/#organization\"},\"potentialAction\":[{\"@type\":\"SearchAction\",\"target\":{\"@type\":\"EntryPoint\",\"urlTemplate\":\"https:\\\/\\\/www.iemj.org\\\/es\\\/?s={search_term_string}\"},\"query-input\":{\"@type\":\"PropertyValueSpecification\",\"valueRequired\":true,\"valueName\":\"search_term_string\"}}],\"inLanguage\":\"es\"},{\"@type\":\"Organization\",\"@id\":\"https:\\\/\\\/www.iemj.org\\\/es\\\/#organization\",\"name\":\"Institut Europ\u00e9en des Musiques Juives\",\"url\":\"https:\\\/\\\/www.iemj.org\\\/es\\\/\",\"logo\":{\"@type\":\"ImageObject\",\"inLanguage\":\"es\",\"@id\":\"https:\\\/\\\/www.iemj.org\\\/es\\\/#\\\/schema\\\/logo\\\/image\\\/\",\"url\":\"https:\\\/\\\/www.iemj.org\\\/wp-content\\\/uploads\\\/2021\\\/09\\\/Logo-IEMJ-Paypal.jpg\",\"contentUrl\":\"https:\\\/\\\/www.iemj.org\\\/wp-content\\\/uploads\\\/2021\\\/09\\\/Logo-IEMJ-Paypal.jpg\",\"width\":150,\"height\":50,\"caption\":\"Institut Europ\u00e9en des Musiques Juives\"},\"image\":{\"@id\":\"https:\\\/\\\/www.iemj.org\\\/es\\\/#\\\/schema\\\/logo\\\/image\\\/\"},\"sameAs\":[\"https:\\\/\\\/www.facebook.com\\\/MusiquesJuives\\\/\",\"https:\\\/\\\/www.instagram.com\\\/musiquesjuives\\\/\",\"https:\\\/\\\/www.youtube.com\\\/user\\\/musiquesjuives\"]},{\"@type\":\"Person\",\"@id\":\"https:\\\/\\\/www.iemj.org\\\/es\\\/#\\\/schema\\\/person\\\/358e26c18aca017fcc4cc15437f7279c\",\"name\":\"Jacqueline ROTEN\",\"image\":{\"@type\":\"ImageObject\",\"inLanguage\":\"es\",\"@id\":\"https:\\\/\\\/secure.gravatar.com\\\/avatar\\\/5964256d6c6957de3a3505278957e0fb2a35119ac47ea41827a65301213c810b?s=96&d=mm&r=g\",\"url\":\"https:\\\/\\\/secure.gravatar.com\\\/avatar\\\/5964256d6c6957de3a3505278957e0fb2a35119ac47ea41827a65301213c810b?s=96&d=mm&r=g\",\"contentUrl\":\"https:\\\/\\\/secure.gravatar.com\\\/avatar\\\/5964256d6c6957de3a3505278957e0fb2a35119ac47ea41827a65301213c810b?s=96&d=mm&r=g\",\"caption\":\"Jacqueline ROTEN\"}}]}<\/script>\n<!-- \/ Yoast SEO plugin. -->","yoast_head_json":{"title":"El tr\u00edptico Darius Milhaud - Institut Europ\u00e9en des Musiques Juives","robots":{"index":"index","follow":"follow","max-snippet":"max-snippet:-1","max-image-preview":"max-image-preview:large","max-video-preview":"max-video-preview:-1"},"canonical":"https:\/\/www.iemj.org\/es\/le-triptyque-darius-milhaud\/","og_locale":"es_ES","og_type":"article","og_title":"El tr\u00edptico Darius Milhaud - Institut Europ\u00e9en des Musiques Juives","og_description":"S\u00e1bado 29 de junio de 2024, 18.30 h Salle du Moulin Saint-Julien 288, cours Gambetta &#8211; 84300 CAVAILLON En el marco de las celebraciones del 50 aniversario de la muerte","og_url":"https:\/\/www.iemj.org\/es\/le-triptyque-darius-milhaud\/","og_site_name":"Institut Europ\u00e9en des Musiques Juives","article_publisher":"https:\/\/www.facebook.com\/MusiquesJuives\/","article_published_time":"2024-06-18T14:31:00+00:00","article_modified_time":"2024-06-24T12:19:47+00:00","og_image":[{"width":338,"height":500,"url":"https:\/\/www.iemj.org\/wp-content\/uploads\/2024\/06\/VisuelTriptyqueMilhaud.jpg","type":"image\/jpeg"}],"author":"Jacqueline ROTEN","twitter_card":"summary_large_image","twitter_misc":{"Escrito por":"Jacqueline ROTEN","Tiempo de lectura":"2 minutos"},"schema":{"@context":"https:\/\/schema.org","@graph":[{"@type":"Article","@id":"https:\/\/www.iemj.org\/es\/le-triptyque-darius-milhaud\/#article","isPartOf":{"@id":"https:\/\/www.iemj.org\/es\/le-triptyque-darius-milhaud\/"},"author":{"name":"Jacqueline ROTEN","@id":"https:\/\/www.iemj.org\/es\/#\/schema\/person\/358e26c18aca017fcc4cc15437f7279c"},"headline":"El tr\u00edptico Darius Milhaud","datePublished":"2024-06-18T14:31:00+00:00","dateModified":"2024-06-24T12:19:47+00:00","mainEntityOfPage":{"@id":"https:\/\/www.iemj.org\/es\/le-triptyque-darius-milhaud\/"},"wordCount":261,"publisher":{"@id":"https:\/\/www.iemj.org\/es\/#organization"},"image":{"@id":"https:\/\/www.iemj.org\/es\/le-triptyque-darius-milhaud\/#primaryimage"},"thumbnailUrl":"https:\/\/www.iemj.org\/wp-content\/uploads\/2024\/06\/VisuelTriptyqueMilhaud.jpg","articleSection":["Clases \/ Conferencias","Conciertos","Manifestaciones"],"inLanguage":"es"},{"@type":"WebPage","@id":"https:\/\/www.iemj.org\/es\/le-triptyque-darius-milhaud\/","url":"https:\/\/www.iemj.org\/es\/le-triptyque-darius-milhaud\/","name":"El tr\u00edptico Darius Milhaud - Institut Europ\u00e9en des Musiques Juives","isPartOf":{"@id":"https:\/\/www.iemj.org\/es\/#website"},"primaryImageOfPage":{"@id":"https:\/\/www.iemj.org\/es\/le-triptyque-darius-milhaud\/#primaryimage"},"image":{"@id":"https:\/\/www.iemj.org\/es\/le-triptyque-darius-milhaud\/#primaryimage"},"thumbnailUrl":"https:\/\/www.iemj.org\/wp-content\/uploads\/2024\/06\/VisuelTriptyqueMilhaud.jpg","datePublished":"2024-06-18T14:31:00+00:00","dateModified":"2024-06-24T12:19:47+00:00","breadcrumb":{"@id":"https:\/\/www.iemj.org\/es\/le-triptyque-darius-milhaud\/#breadcrumb"},"inLanguage":"es","potentialAction":[{"@type":"ReadAction","target":["https:\/\/www.iemj.org\/es\/le-triptyque-darius-milhaud\/"]}]},{"@type":"ImageObject","inLanguage":"es","@id":"https:\/\/www.iemj.org\/es\/le-triptyque-darius-milhaud\/#primaryimage","url":"https:\/\/www.iemj.org\/wp-content\/uploads\/2024\/06\/VisuelTriptyqueMilhaud.jpg","contentUrl":"https:\/\/www.iemj.org\/wp-content\/uploads\/2024\/06\/VisuelTriptyqueMilhaud.jpg","width":338,"height":500},{"@type":"BreadcrumbList","@id":"https:\/\/www.iemj.org\/es\/le-triptyque-darius-milhaud\/#breadcrumb","itemListElement":[{"@type":"ListItem","position":1,"name":"Accueil","item":"https:\/\/www.iemj.org\/es\/"},{"@type":"ListItem","position":2,"name":"El tr\u00edptico Darius Milhaud"}]},{"@type":"WebSite","@id":"https:\/\/www.iemj.org\/es\/#website","url":"https:\/\/www.iemj.org\/es\/","name":"Institut Europ\u00e9en des Musiques Juives","description":"Des traditions musicales \u00e0 la port\u00e9e de tous","publisher":{"@id":"https:\/\/www.iemj.org\/es\/#organization"},"potentialAction":[{"@type":"SearchAction","target":{"@type":"EntryPoint","urlTemplate":"https:\/\/www.iemj.org\/es\/?s={search_term_string}"},"query-input":{"@type":"PropertyValueSpecification","valueRequired":true,"valueName":"search_term_string"}}],"inLanguage":"es"},{"@type":"Organization","@id":"https:\/\/www.iemj.org\/es\/#organization","name":"Institut Europ\u00e9en des Musiques Juives","url":"https:\/\/www.iemj.org\/es\/","logo":{"@type":"ImageObject","inLanguage":"es","@id":"https:\/\/www.iemj.org\/es\/#\/schema\/logo\/image\/","url":"https:\/\/www.iemj.org\/wp-content\/uploads\/2021\/09\/Logo-IEMJ-Paypal.jpg","contentUrl":"https:\/\/www.iemj.org\/wp-content\/uploads\/2021\/09\/Logo-IEMJ-Paypal.jpg","width":150,"height":50,"caption":"Institut Europ\u00e9en des Musiques Juives"},"image":{"@id":"https:\/\/www.iemj.org\/es\/#\/schema\/logo\/image\/"},"sameAs":["https:\/\/www.facebook.com\/MusiquesJuives\/","https:\/\/www.instagram.com\/musiquesjuives\/","https:\/\/www.youtube.com\/user\/musiquesjuives"]},{"@type":"Person","@id":"https:\/\/www.iemj.org\/es\/#\/schema\/person\/358e26c18aca017fcc4cc15437f7279c","name":"Jacqueline ROTEN","image":{"@type":"ImageObject","inLanguage":"es","@id":"https:\/\/secure.gravatar.com\/avatar\/5964256d6c6957de3a3505278957e0fb2a35119ac47ea41827a65301213c810b?s=96&d=mm&r=g","url":"https:\/\/secure.gravatar.com\/avatar\/5964256d6c6957de3a3505278957e0fb2a35119ac47ea41827a65301213c810b?s=96&d=mm&r=g","contentUrl":"https:\/\/secure.gravatar.com\/avatar\/5964256d6c6957de3a3505278957e0fb2a35119ac47ea41827a65301213c810b?s=96&d=mm&r=g","caption":"Jacqueline ROTEN"}}]}},"_links":{"self":[{"href":"https:\/\/www.iemj.org\/es\/wp-json\/wp\/v2\/posts\/112640","targetHints":{"allow":["GET"]}}],"collection":[{"href":"https:\/\/www.iemj.org\/es\/wp-json\/wp\/v2\/posts"}],"about":[{"href":"https:\/\/www.iemj.org\/es\/wp-json\/wp\/v2\/types\/post"}],"author":[{"embeddable":true,"href":"https:\/\/www.iemj.org\/es\/wp-json\/wp\/v2\/users\/5"}],"replies":[{"embeddable":true,"href":"https:\/\/www.iemj.org\/es\/wp-json\/wp\/v2\/comments?post=112640"}],"version-history":[{"count":0,"href":"https:\/\/www.iemj.org\/es\/wp-json\/wp\/v2\/posts\/112640\/revisions"}],"wp:featuredmedia":[{"embeddable":true,"href":"https:\/\/www.iemj.org\/es\/wp-json\/wp\/v2\/media\/112629"}],"wp:attachment":[{"href":"https:\/\/www.iemj.org\/es\/wp-json\/wp\/v2\/media?parent=112640"}],"wp:term":[{"taxonomy":"category","embeddable":true,"href":"https:\/\/www.iemj.org\/es\/wp-json\/wp\/v2\/categories?post=112640"},{"taxonomy":"post_tag","embeddable":true,"href":"https:\/\/www.iemj.org\/es\/wp-json\/wp\/v2\/tags?post=112640"},{"taxonomy":"technique","embeddable":true,"href":"https:\/\/www.iemj.org\/es\/wp-json\/wp\/v2\/technique?post=112640"},{"taxonomy":"squelettes","embeddable":true,"href":"https:\/\/www.iemj.org\/es\/wp-json\/wp\/v2\/squelettes?post=112640"},{"taxonomy":"sujet","embeddable":true,"href":"https:\/\/www.iemj.org\/es\/wp-json\/wp\/v2\/sujet?post=112640"},{"taxonomy":"formation","embeddable":true,"href":"https:\/\/www.iemj.org\/es\/wp-json\/wp\/v2\/formation?post=112640"},{"taxonomy":"genre","embeddable":true,"href":"https:\/\/www.iemj.org\/es\/wp-json\/wp\/v2\/genre?post=112640"},{"taxonomy":"fonds","embeddable":true,"href":"https:\/\/www.iemj.org\/es\/wp-json\/wp\/v2\/fonds?post=112640"},{"taxonomy":"tradition","embeddable":true,"href":"https:\/\/www.iemj.org\/es\/wp-json\/wp\/v2\/tradition?post=112640"},{"taxonomy":"type-de-contenu","embeddable":true,"href":"https:\/\/www.iemj.org\/es\/wp-json\/wp\/v2\/type-de-contenu?post=112640"},{"taxonomy":"interprete-compositeur","embeddable":true,"href":"https:\/\/www.iemj.org\/es\/wp-json\/wp\/v2\/interprete-compositeur?post=112640"},{"taxonomy":"frise","embeddable":true,"href":"https:\/\/www.iemj.org\/es\/wp-json\/wp\/v2\/frise?post=112640"},{"taxonomy":"type-devenement","embeddable":true,"href":"https:\/\/www.iemj.org\/es\/wp-json\/wp\/v2\/type-devenement?post=112640"},{"taxonomy":"tableaux-liens-externes","embeddable":true,"href":"https:\/\/www.iemj.org\/es\/wp-json\/wp\/v2\/tableaux-liens-externes?post=112640"}],"curies":[{"name":"wp","href":"https:\/\/api.w.org\/{rel}","templated":true}]}}