{"id":112838,"date":"2024-06-20T12:14:41","date_gmt":"2024-06-20T10:14:41","guid":{"rendered":"https:\/\/www.iemj.org\/darius-milhaud-et-ses-oeuvres-inspirees-de-la-tradition-juive\/"},"modified":"2024-06-20T15:19:08","modified_gmt":"2024-06-20T13:19:08","slug":"darius-milhaud-et-ses-oeuvres-inspirees-de-la-tradition-juive","status":"publish","type":"post","link":"https:\/\/www.iemj.org\/es\/darius-milhaud-et-ses-oeuvres-inspirees-de-la-tradition-juive\/","title":{"rendered":"Darius Milhaud y sus obras inspiradas en la tradici\u00f3n jud\u00eda"},"content":{"rendered":"<p>Nacido el 4 de septiembre de 1892 en Marsella, <a href=\"https:\/\/www.iemj.org\/es\/milhaud-darius-1892-1974\/\" target=\"_blank\" rel=\"noopener\">Darius Milhaud<\/a> proced\u00eda de una antigua familia jud\u00eda del Comtat Venaissin. Autor de una obra prol\u00edfica (\u00a1443 n\u00fameros de opus!), Darius Milhaud abarc\u00f3 todos los g\u00e9neros: \u00f3pera, m\u00fasica de c\u00e1mara, m\u00fasica sinf\u00f3nica, conciertos, ballets y m\u00fasica vocal. Su lenguaje musical est\u00e1 marcado por la politonalidad y la polirritmia. Se inspira tanto en el jazz como en la m\u00fasica brasile\u00f1a, africana y jud\u00eda provenzal. Se define como \u00abfranc\u00e9s de Provenza y de fe jud\u00eda\u00bb.<\/p>\n<p>Escritas entre 1916 y 1974, las obras de inspiraci\u00f3n jud\u00eda de Milhaud son principalmente vocales. Est\u00e1n enraizadas en las tradiciones judeo-comtadianas, como los <em>Po\u00e8mes juifs<\/em> (1916), la \u00f3pera <em>Esther <img fetchpriority=\"high\" decoding=\"async\" class=\"alignright wp-image-112770 size-medium\" src=\"https:\/\/www.iemj.org\/wp-content\/uploads\/2024\/06\/Couv-Trois-cantates-de-Darius-Milhaud-D33-30_1926_VIG-290x300.jpg\" alt=\"\" width=\"290\" height=\"300\" srcset=\"https:\/\/www.iemj.org\/wp-content\/uploads\/2024\/06\/Couv-Trois-cantates-de-Darius-Milhaud-D33-30_1926_VIG-290x300.jpg 290w, https:\/\/www.iemj.org\/wp-content\/uploads\/2024\/06\/Couv-Trois-cantates-de-Darius-Milhaud-D33-30_1926_VIG-768x795.jpg 768w, https:\/\/www.iemj.org\/wp-content\/uploads\/2024\/06\/Couv-Trois-cantates-de-Darius-Milhaud-D33-30_1926_VIG-600x621.jpg 600w, https:\/\/www.iemj.org\/wp-content\/uploads\/2024\/06\/Couv-Trois-cantates-de-Darius-Milhaud-D33-30_1926_VIG.jpg 773w\" sizes=\"(max-width: 290px) 100vw, 290px\" \/>de Carpentras<\/em> (1925-1927), los <em>Chants populaires h\u00e9bra\u00efques<\/em> (1925), <em>Pri\u00e8res journali\u00e8res \u00e0 l&#8217;usage des Juifs du Comtat Venaissin<\/em> (1927), <em>Liturgie comtadine<\/em> (1933), <em>Cantate nuptiale<\/em> (1937), <em>Couronne de gloire<\/em> (1940)&#8230; La Segunda Guerra Mundial y el exilio de Milhaud a los Estados Unidos en 1940 provocaron una mayor conciencia de su juda\u00edsmo, que se puede apreciar en sus obras posteriores: <em>Borechou-Schema Israel<\/em> (1944), <em>Kaddish<\/em> (1945), <em>Service sacr\u00e9 pour le samedi matin<\/em> (1947), <em>Lekha dodi<\/em> (1948), <em>Cantate des Proverbes<\/em> (1951), <a href=\"https:\/\/www.iemj.org\/es\/le-candelabre-a-sept-branches-1951-de-darius-milhaud\/\"><em>Le Cand\u00e9labre \u00e0 sept branches<\/em><\/a> (1951), el oratorio <em>David<\/em> compuesto en 1952-1953 para el tercer milenio de Jerusal\u00e9n en 1954, <em>Le Dibbouk<\/em> (1963) o la cantata <em>Ani Maamin<\/em> (1972) sobre un texto de Elie Wiesel, que relata los horrores cometidos en Auschwitz. Treblinka, Maidanek&#8230; lugares donde perecieron m\u00e1s de veinte primos del compositor.<\/p>\n<p><em>La lista de reproducci\u00f3n que figura a continuaci\u00f3n incluye extractos de varias de sus obras jud\u00edas emblem\u00e1ticas, como su Etude sur des th\u00e8mes liturgiques du Comtat Venaissin<\/em>, sus <em>Chants populaires h\u00e9bra\u00efques<\/em>, su <em>Cantate des proverbes<\/em>, <em>Couronne de gloire<\/em>, <em>Ani Maamin<\/em>, <em>Ca\u00efn et Abel<\/em>, y varias oraciones en hebreo (<em>Lekha dodi<\/em>, <em>Adon olam<\/em>\u2026)<\/p>\n<p><a href=\"https:\/\/www.iemj.org\/es\/milhaud-darius-1892-1974\/\" target=\"_blank\" rel=\"noopener\">Leer la biograf\u00eda de Darius Milhaud<\/a><\/p>\n<p><a href=\"https:\/\/www.iemj.org\/es\/le-candelabre-a-sept-branches-1951-de-darius-milhaud\/\" target=\"_blank\" rel=\"noopener\">Leer el art\u00edculo Le Cand\u00e9labre \u00e0 Sept branches de Darius Milhaud<\/a><\/p>\n\n\n<div class=\"wp-block-group\"><div class=\"wp-block-group__inner-container is-layout-constrained wp-block-group-is-layout-constrained\">\n<div class=\"wp-block-columns is-layout-flex wp-container-core-columns-is-layout-9d6595d7 wp-block-columns-is-layout-flex\">\n<div class=\"wp-block-column is-layout-flow wp-block-column-is-layout-flow\" style=\"flex-basis:100%\">\n<figure class=\"wp-block-gallery has-nested-images columns-default is-cropped wp-block-gallery-1 is-layout-flex wp-block-gallery-is-layout-flex\">\n<figure class=\"wp-block-image size-large\"><img decoding=\"async\" width=\"800\" height=\"778\" data-id=\"112692\" src=\"https:\/\/www.iemj.org\/wp-content\/uploads\/2024\/06\/Couv-Cantate-Ani-maamin-CD_493_VIG.jpg\" alt=\"\" class=\"wp-image-112692\" srcset=\"https:\/\/www.iemj.org\/wp-content\/uploads\/2024\/06\/Couv-Cantate-Ani-maamin-CD_493_VIG.jpg 800w, https:\/\/www.iemj.org\/wp-content\/uploads\/2024\/06\/Couv-Cantate-Ani-maamin-CD_493_VIG-300x292.jpg 300w, https:\/\/www.iemj.org\/wp-content\/uploads\/2024\/06\/Couv-Cantate-Ani-maamin-CD_493_VIG-768x747.jpg 768w, https:\/\/www.iemj.org\/wp-content\/uploads\/2024\/06\/Couv-Cantate-Ani-maamin-CD_493_VIG-600x584.jpg 600w\" sizes=\"(max-width: 800px) 100vw, 800px\" \/><\/figure>\n\n\n\n<figure class=\"wp-block-image size-large\"><img decoding=\"async\" width=\"772\" height=\"800\" data-id=\"112760\" src=\"https:\/\/www.iemj.org\/wp-content\/uploads\/2024\/06\/4e-de-couv-Darius-Milhaud-Trois-cantates-sacrees_D33-30_1926_VIG4.jpg\" alt=\"\" class=\"wp-image-112760\" srcset=\"https:\/\/www.iemj.org\/wp-content\/uploads\/2024\/06\/4e-de-couv-Darius-Milhaud-Trois-cantates-sacrees_D33-30_1926_VIG4.jpg 772w, https:\/\/www.iemj.org\/wp-content\/uploads\/2024\/06\/4e-de-couv-Darius-Milhaud-Trois-cantates-sacrees_D33-30_1926_VIG4-290x300.jpg 290w, https:\/\/www.iemj.org\/wp-content\/uploads\/2024\/06\/4e-de-couv-Darius-Milhaud-Trois-cantates-sacrees_D33-30_1926_VIG4-768x796.jpg 768w, https:\/\/www.iemj.org\/wp-content\/uploads\/2024\/06\/4e-de-couv-Darius-Milhaud-Trois-cantates-sacrees_D33-30_1926_VIG4-600x622.jpg 600w\" sizes=\"(max-width: 772px) 100vw, 772px\" \/><\/figure>\n\n\n\n<figure class=\"wp-block-image size-large\"><img loading=\"lazy\" decoding=\"async\" width=\"800\" height=\"797\" data-id=\"112765\" src=\"https:\/\/www.iemj.org\/wp-content\/uploads\/2024\/06\/Couv-CD-Service-sacre-Milken-Archives-CD_114_VIG.jpg\" alt=\"\" class=\"wp-image-112765\" srcset=\"https:\/\/www.iemj.org\/wp-content\/uploads\/2024\/06\/Couv-CD-Service-sacre-Milken-Archives-CD_114_VIG.jpg 800w, https:\/\/www.iemj.org\/wp-content\/uploads\/2024\/06\/Couv-CD-Service-sacre-Milken-Archives-CD_114_VIG-300x300.jpg 300w, https:\/\/www.iemj.org\/wp-content\/uploads\/2024\/06\/Couv-CD-Service-sacre-Milken-Archives-CD_114_VIG-150x150.jpg 150w, https:\/\/www.iemj.org\/wp-content\/uploads\/2024\/06\/Couv-CD-Service-sacre-Milken-Archives-CD_114_VIG-768x765.jpg 768w, https:\/\/www.iemj.org\/wp-content\/uploads\/2024\/06\/Couv-CD-Service-sacre-Milken-Archives-CD_114_VIG-600x598.jpg 600w, https:\/\/www.iemj.org\/wp-content\/uploads\/2024\/06\/Couv-CD-Service-sacre-Milken-Archives-CD_114_VIG-100x100.jpg 100w\" sizes=\"(max-width: 800px) 100vw, 800px\" \/><\/figure>\n<\/figure>\n\n\n\n<figure class=\"wp-block-image size-large is-resized\"><img loading=\"lazy\" decoding=\"async\" width=\"1024\" height=\"133\" src=\"https:\/\/www.iemj.org\/wp-content\/uploads\/2024\/03\/AUDIO-PLAYER-1024x133.png\" alt=\"\" class=\"wp-image-110608\" style=\"width:1206px;height:auto\" srcset=\"https:\/\/www.iemj.org\/wp-content\/uploads\/2024\/03\/AUDIO-PLAYER-1024x133.png 1024w, https:\/\/www.iemj.org\/wp-content\/uploads\/2024\/03\/AUDIO-PLAYER-300x39.png 300w, https:\/\/www.iemj.org\/wp-content\/uploads\/2024\/03\/AUDIO-PLAYER-768x100.png 768w, https:\/\/www.iemj.org\/wp-content\/uploads\/2024\/03\/AUDIO-PLAYER-600x78.png 600w, https:\/\/www.iemj.org\/wp-content\/uploads\/2024\/03\/AUDIO-PLAYER.png 1210w\" sizes=\"(max-width: 1024px) 100vw, 1024px\" \/><\/figure>\n<\/div>\n<\/div>\n<\/div><\/div>\n","protected":false},"excerpt":{"rendered":"<p>Nacido el 4 de septiembre de 1892 en Marsella, Darius Milhaud proced\u00eda de una antigua familia jud\u00eda del Comtat Venaissin. Autor de una obra prol\u00edfica (\u00a1443 n\u00fameros de opus!), Darius<\/p>\n","protected":false},"author":5,"featured_media":112739,"comment_status":"closed","ping_status":"closed","sticky":false,"template":"","format":"standard","meta":{"_acf_changed":false,"footnotes":""},"categories":[1535],"tags":[],"technique":[],"squelettes":[],"sujet":[],"formation":[],"genre":[],"fonds":[],"tradition":[],"type-de-contenu":[],"interprete-compositeur":[3129],"frise":[],"type-devenement":[],"tableaux-liens-externes":[],"class_list":["post-112838","post","type-post","status-publish","format-standard","has-post-thumbnail","hentry","category-listas-de-reproduccion-es","interprete-compositeur-darius-milhaud-es"],"acf":[],"yoast_head":"<!-- This site is optimized with the Yoast SEO plugin v27.3 - https:\/\/yoast.com\/product\/yoast-seo-wordpress\/ -->\n<title>Darius Milhaud y sus obras inspiradas en la tradici\u00f3n jud\u00eda - Institut Europ\u00e9en des Musiques Juives<\/title>\n<meta name=\"robots\" content=\"index, follow, max-snippet:-1, max-image-preview:large, max-video-preview:-1\" \/>\n<link rel=\"canonical\" href=\"https:\/\/www.iemj.org\/es\/darius-milhaud-et-ses-oeuvres-inspirees-de-la-tradition-juive\/\" \/>\n<meta property=\"og:locale\" content=\"es_ES\" \/>\n<meta property=\"og:type\" content=\"article\" \/>\n<meta property=\"og:title\" content=\"Darius Milhaud y sus obras inspiradas en la tradici\u00f3n jud\u00eda - Institut Europ\u00e9en des Musiques Juives\" \/>\n<meta property=\"og:description\" content=\"Nacido el 4 de septiembre de 1892 en Marsella, Darius Milhaud proced\u00eda de una antigua familia jud\u00eda del Comtat Venaissin. Autor de una obra prol\u00edfica (\u00a1443 n\u00fameros de opus!), Darius\" \/>\n<meta property=\"og:url\" content=\"https:\/\/www.iemj.org\/es\/darius-milhaud-et-ses-oeuvres-inspirees-de-la-tradition-juive\/\" \/>\n<meta property=\"og:site_name\" content=\"Institut Europ\u00e9en des Musiques Juives\" \/>\n<meta property=\"article:publisher\" content=\"https:\/\/www.facebook.com\/MusiquesJuives\/\" \/>\n<meta property=\"article:published_time\" content=\"2024-06-20T10:14:41+00:00\" \/>\n<meta property=\"article:modified_time\" content=\"2024-06-20T13:19:08+00:00\" \/>\n<meta property=\"og:image\" content=\"https:\/\/www.iemj.org\/wp-content\/uploads\/2024\/06\/Logo-Playlist-D.-Milhaud.jpg\" \/>\n\t<meta property=\"og:image:width\" content=\"500\" \/>\n\t<meta property=\"og:image:height\" content=\"500\" \/>\n\t<meta property=\"og:image:type\" content=\"image\/jpeg\" \/>\n<meta name=\"author\" content=\"Jacqueline ROTEN\" \/>\n<meta name=\"twitter:card\" content=\"summary_large_image\" \/>\n<meta name=\"twitter:label1\" content=\"Escrito por\" \/>\n\t<meta name=\"twitter:data1\" content=\"Jacqueline ROTEN\" \/>\n\t<meta name=\"twitter:label2\" content=\"Tiempo de lectura\" \/>\n\t<meta name=\"twitter:data2\" content=\"3 minutos\" \/>\n<script type=\"application\/ld+json\" class=\"yoast-schema-graph\">{\"@context\":\"https:\\\/\\\/schema.org\",\"@graph\":[{\"@type\":\"Article\",\"@id\":\"https:\\\/\\\/www.iemj.org\\\/es\\\/darius-milhaud-et-ses-oeuvres-inspirees-de-la-tradition-juive\\\/#article\",\"isPartOf\":{\"@id\":\"https:\\\/\\\/www.iemj.org\\\/es\\\/darius-milhaud-et-ses-oeuvres-inspirees-de-la-tradition-juive\\\/\"},\"author\":{\"name\":\"Jacqueline ROTEN\",\"@id\":\"https:\\\/\\\/www.iemj.org\\\/es\\\/#\\\/schema\\\/person\\\/358e26c18aca017fcc4cc15437f7279c\"},\"headline\":\"Darius Milhaud y sus obras inspiradas en la tradici\u00f3n jud\u00eda\",\"datePublished\":\"2024-06-20T10:14:41+00:00\",\"dateModified\":\"2024-06-20T13:19:08+00:00\",\"mainEntityOfPage\":{\"@id\":\"https:\\\/\\\/www.iemj.org\\\/es\\\/darius-milhaud-et-ses-oeuvres-inspirees-de-la-tradition-juive\\\/\"},\"wordCount\":337,\"publisher\":{\"@id\":\"https:\\\/\\\/www.iemj.org\\\/es\\\/#organization\"},\"image\":{\"@id\":\"https:\\\/\\\/www.iemj.org\\\/es\\\/darius-milhaud-et-ses-oeuvres-inspirees-de-la-tradition-juive\\\/#primaryimage\"},\"thumbnailUrl\":\"https:\\\/\\\/www.iemj.org\\\/wp-content\\\/uploads\\\/2024\\\/06\\\/Logo-Playlist-D.-Milhaud.jpg\",\"articleSection\":[\"Listas de reproducci\u00f3n\"],\"inLanguage\":\"es\"},{\"@type\":\"WebPage\",\"@id\":\"https:\\\/\\\/www.iemj.org\\\/es\\\/darius-milhaud-et-ses-oeuvres-inspirees-de-la-tradition-juive\\\/\",\"url\":\"https:\\\/\\\/www.iemj.org\\\/es\\\/darius-milhaud-et-ses-oeuvres-inspirees-de-la-tradition-juive\\\/\",\"name\":\"Darius Milhaud y sus obras inspiradas en la tradici\u00f3n jud\u00eda - Institut Europ\u00e9en des Musiques Juives\",\"isPartOf\":{\"@id\":\"https:\\\/\\\/www.iemj.org\\\/es\\\/#website\"},\"primaryImageOfPage\":{\"@id\":\"https:\\\/\\\/www.iemj.org\\\/es\\\/darius-milhaud-et-ses-oeuvres-inspirees-de-la-tradition-juive\\\/#primaryimage\"},\"image\":{\"@id\":\"https:\\\/\\\/www.iemj.org\\\/es\\\/darius-milhaud-et-ses-oeuvres-inspirees-de-la-tradition-juive\\\/#primaryimage\"},\"thumbnailUrl\":\"https:\\\/\\\/www.iemj.org\\\/wp-content\\\/uploads\\\/2024\\\/06\\\/Logo-Playlist-D.-Milhaud.jpg\",\"datePublished\":\"2024-06-20T10:14:41+00:00\",\"dateModified\":\"2024-06-20T13:19:08+00:00\",\"breadcrumb\":{\"@id\":\"https:\\\/\\\/www.iemj.org\\\/es\\\/darius-milhaud-et-ses-oeuvres-inspirees-de-la-tradition-juive\\\/#breadcrumb\"},\"inLanguage\":\"es\",\"potentialAction\":[{\"@type\":\"ReadAction\",\"target\":[\"https:\\\/\\\/www.iemj.org\\\/es\\\/darius-milhaud-et-ses-oeuvres-inspirees-de-la-tradition-juive\\\/\"]}]},{\"@type\":\"ImageObject\",\"inLanguage\":\"es\",\"@id\":\"https:\\\/\\\/www.iemj.org\\\/es\\\/darius-milhaud-et-ses-oeuvres-inspirees-de-la-tradition-juive\\\/#primaryimage\",\"url\":\"https:\\\/\\\/www.iemj.org\\\/wp-content\\\/uploads\\\/2024\\\/06\\\/Logo-Playlist-D.-Milhaud.jpg\",\"contentUrl\":\"https:\\\/\\\/www.iemj.org\\\/wp-content\\\/uploads\\\/2024\\\/06\\\/Logo-Playlist-D.-Milhaud.jpg\",\"width\":500,\"height\":500},{\"@type\":\"BreadcrumbList\",\"@id\":\"https:\\\/\\\/www.iemj.org\\\/es\\\/darius-milhaud-et-ses-oeuvres-inspirees-de-la-tradition-juive\\\/#breadcrumb\",\"itemListElement\":[{\"@type\":\"ListItem\",\"position\":1,\"name\":\"Accueil\",\"item\":\"https:\\\/\\\/www.iemj.org\\\/es\\\/\"},{\"@type\":\"ListItem\",\"position\":2,\"name\":\"Darius Milhaud y sus obras inspiradas en la tradici\u00f3n jud\u00eda\"}]},{\"@type\":\"WebSite\",\"@id\":\"https:\\\/\\\/www.iemj.org\\\/es\\\/#website\",\"url\":\"https:\\\/\\\/www.iemj.org\\\/es\\\/\",\"name\":\"Institut Europ\u00e9en des Musiques Juives\",\"description\":\"Des traditions musicales \u00e0 la port\u00e9e de tous\",\"publisher\":{\"@id\":\"https:\\\/\\\/www.iemj.org\\\/es\\\/#organization\"},\"potentialAction\":[{\"@type\":\"SearchAction\",\"target\":{\"@type\":\"EntryPoint\",\"urlTemplate\":\"https:\\\/\\\/www.iemj.org\\\/es\\\/?s={search_term_string}\"},\"query-input\":{\"@type\":\"PropertyValueSpecification\",\"valueRequired\":true,\"valueName\":\"search_term_string\"}}],\"inLanguage\":\"es\"},{\"@type\":\"Organization\",\"@id\":\"https:\\\/\\\/www.iemj.org\\\/es\\\/#organization\",\"name\":\"Institut Europ\u00e9en des Musiques Juives\",\"url\":\"https:\\\/\\\/www.iemj.org\\\/es\\\/\",\"logo\":{\"@type\":\"ImageObject\",\"inLanguage\":\"es\",\"@id\":\"https:\\\/\\\/www.iemj.org\\\/es\\\/#\\\/schema\\\/logo\\\/image\\\/\",\"url\":\"https:\\\/\\\/www.iemj.org\\\/wp-content\\\/uploads\\\/2021\\\/09\\\/Logo-IEMJ-Paypal.jpg\",\"contentUrl\":\"https:\\\/\\\/www.iemj.org\\\/wp-content\\\/uploads\\\/2021\\\/09\\\/Logo-IEMJ-Paypal.jpg\",\"width\":150,\"height\":50,\"caption\":\"Institut Europ\u00e9en des Musiques Juives\"},\"image\":{\"@id\":\"https:\\\/\\\/www.iemj.org\\\/es\\\/#\\\/schema\\\/logo\\\/image\\\/\"},\"sameAs\":[\"https:\\\/\\\/www.facebook.com\\\/MusiquesJuives\\\/\",\"https:\\\/\\\/www.instagram.com\\\/musiquesjuives\\\/\",\"https:\\\/\\\/www.youtube.com\\\/user\\\/musiquesjuives\"]},{\"@type\":\"Person\",\"@id\":\"https:\\\/\\\/www.iemj.org\\\/es\\\/#\\\/schema\\\/person\\\/358e26c18aca017fcc4cc15437f7279c\",\"name\":\"Jacqueline ROTEN\",\"image\":{\"@type\":\"ImageObject\",\"inLanguage\":\"es\",\"@id\":\"https:\\\/\\\/secure.gravatar.com\\\/avatar\\\/5964256d6c6957de3a3505278957e0fb2a35119ac47ea41827a65301213c810b?s=96&d=mm&r=g\",\"url\":\"https:\\\/\\\/secure.gravatar.com\\\/avatar\\\/5964256d6c6957de3a3505278957e0fb2a35119ac47ea41827a65301213c810b?s=96&d=mm&r=g\",\"contentUrl\":\"https:\\\/\\\/secure.gravatar.com\\\/avatar\\\/5964256d6c6957de3a3505278957e0fb2a35119ac47ea41827a65301213c810b?s=96&d=mm&r=g\",\"caption\":\"Jacqueline ROTEN\"}}]}<\/script>\n<!-- \/ Yoast SEO plugin. -->","yoast_head_json":{"title":"Darius Milhaud y sus obras inspiradas en la tradici\u00f3n jud\u00eda - Institut Europ\u00e9en des Musiques Juives","robots":{"index":"index","follow":"follow","max-snippet":"max-snippet:-1","max-image-preview":"max-image-preview:large","max-video-preview":"max-video-preview:-1"},"canonical":"https:\/\/www.iemj.org\/es\/darius-milhaud-et-ses-oeuvres-inspirees-de-la-tradition-juive\/","og_locale":"es_ES","og_type":"article","og_title":"Darius Milhaud y sus obras inspiradas en la tradici\u00f3n jud\u00eda - Institut Europ\u00e9en des Musiques Juives","og_description":"Nacido el 4 de septiembre de 1892 en Marsella, Darius Milhaud proced\u00eda de una antigua familia jud\u00eda del Comtat Venaissin. Autor de una obra prol\u00edfica (\u00a1443 n\u00fameros de opus!), Darius","og_url":"https:\/\/www.iemj.org\/es\/darius-milhaud-et-ses-oeuvres-inspirees-de-la-tradition-juive\/","og_site_name":"Institut Europ\u00e9en des Musiques Juives","article_publisher":"https:\/\/www.facebook.com\/MusiquesJuives\/","article_published_time":"2024-06-20T10:14:41+00:00","article_modified_time":"2024-06-20T13:19:08+00:00","og_image":[{"width":500,"height":500,"url":"https:\/\/www.iemj.org\/wp-content\/uploads\/2024\/06\/Logo-Playlist-D.-Milhaud.jpg","type":"image\/jpeg"}],"author":"Jacqueline ROTEN","twitter_card":"summary_large_image","twitter_misc":{"Escrito por":"Jacqueline ROTEN","Tiempo de lectura":"3 minutos"},"schema":{"@context":"https:\/\/schema.org","@graph":[{"@type":"Article","@id":"https:\/\/www.iemj.org\/es\/darius-milhaud-et-ses-oeuvres-inspirees-de-la-tradition-juive\/#article","isPartOf":{"@id":"https:\/\/www.iemj.org\/es\/darius-milhaud-et-ses-oeuvres-inspirees-de-la-tradition-juive\/"},"author":{"name":"Jacqueline ROTEN","@id":"https:\/\/www.iemj.org\/es\/#\/schema\/person\/358e26c18aca017fcc4cc15437f7279c"},"headline":"Darius Milhaud y sus obras inspiradas en la tradici\u00f3n jud\u00eda","datePublished":"2024-06-20T10:14:41+00:00","dateModified":"2024-06-20T13:19:08+00:00","mainEntityOfPage":{"@id":"https:\/\/www.iemj.org\/es\/darius-milhaud-et-ses-oeuvres-inspirees-de-la-tradition-juive\/"},"wordCount":337,"publisher":{"@id":"https:\/\/www.iemj.org\/es\/#organization"},"image":{"@id":"https:\/\/www.iemj.org\/es\/darius-milhaud-et-ses-oeuvres-inspirees-de-la-tradition-juive\/#primaryimage"},"thumbnailUrl":"https:\/\/www.iemj.org\/wp-content\/uploads\/2024\/06\/Logo-Playlist-D.-Milhaud.jpg","articleSection":["Listas de reproducci\u00f3n"],"inLanguage":"es"},{"@type":"WebPage","@id":"https:\/\/www.iemj.org\/es\/darius-milhaud-et-ses-oeuvres-inspirees-de-la-tradition-juive\/","url":"https:\/\/www.iemj.org\/es\/darius-milhaud-et-ses-oeuvres-inspirees-de-la-tradition-juive\/","name":"Darius Milhaud y sus obras inspiradas en la tradici\u00f3n jud\u00eda - Institut Europ\u00e9en des Musiques Juives","isPartOf":{"@id":"https:\/\/www.iemj.org\/es\/#website"},"primaryImageOfPage":{"@id":"https:\/\/www.iemj.org\/es\/darius-milhaud-et-ses-oeuvres-inspirees-de-la-tradition-juive\/#primaryimage"},"image":{"@id":"https:\/\/www.iemj.org\/es\/darius-milhaud-et-ses-oeuvres-inspirees-de-la-tradition-juive\/#primaryimage"},"thumbnailUrl":"https:\/\/www.iemj.org\/wp-content\/uploads\/2024\/06\/Logo-Playlist-D.-Milhaud.jpg","datePublished":"2024-06-20T10:14:41+00:00","dateModified":"2024-06-20T13:19:08+00:00","breadcrumb":{"@id":"https:\/\/www.iemj.org\/es\/darius-milhaud-et-ses-oeuvres-inspirees-de-la-tradition-juive\/#breadcrumb"},"inLanguage":"es","potentialAction":[{"@type":"ReadAction","target":["https:\/\/www.iemj.org\/es\/darius-milhaud-et-ses-oeuvres-inspirees-de-la-tradition-juive\/"]}]},{"@type":"ImageObject","inLanguage":"es","@id":"https:\/\/www.iemj.org\/es\/darius-milhaud-et-ses-oeuvres-inspirees-de-la-tradition-juive\/#primaryimage","url":"https:\/\/www.iemj.org\/wp-content\/uploads\/2024\/06\/Logo-Playlist-D.-Milhaud.jpg","contentUrl":"https:\/\/www.iemj.org\/wp-content\/uploads\/2024\/06\/Logo-Playlist-D.-Milhaud.jpg","width":500,"height":500},{"@type":"BreadcrumbList","@id":"https:\/\/www.iemj.org\/es\/darius-milhaud-et-ses-oeuvres-inspirees-de-la-tradition-juive\/#breadcrumb","itemListElement":[{"@type":"ListItem","position":1,"name":"Accueil","item":"https:\/\/www.iemj.org\/es\/"},{"@type":"ListItem","position":2,"name":"Darius Milhaud y sus obras inspiradas en la tradici\u00f3n jud\u00eda"}]},{"@type":"WebSite","@id":"https:\/\/www.iemj.org\/es\/#website","url":"https:\/\/www.iemj.org\/es\/","name":"Institut Europ\u00e9en des Musiques Juives","description":"Des traditions musicales \u00e0 la port\u00e9e de tous","publisher":{"@id":"https:\/\/www.iemj.org\/es\/#organization"},"potentialAction":[{"@type":"SearchAction","target":{"@type":"EntryPoint","urlTemplate":"https:\/\/www.iemj.org\/es\/?s={search_term_string}"},"query-input":{"@type":"PropertyValueSpecification","valueRequired":true,"valueName":"search_term_string"}}],"inLanguage":"es"},{"@type":"Organization","@id":"https:\/\/www.iemj.org\/es\/#organization","name":"Institut Europ\u00e9en des Musiques Juives","url":"https:\/\/www.iemj.org\/es\/","logo":{"@type":"ImageObject","inLanguage":"es","@id":"https:\/\/www.iemj.org\/es\/#\/schema\/logo\/image\/","url":"https:\/\/www.iemj.org\/wp-content\/uploads\/2021\/09\/Logo-IEMJ-Paypal.jpg","contentUrl":"https:\/\/www.iemj.org\/wp-content\/uploads\/2021\/09\/Logo-IEMJ-Paypal.jpg","width":150,"height":50,"caption":"Institut Europ\u00e9en des Musiques Juives"},"image":{"@id":"https:\/\/www.iemj.org\/es\/#\/schema\/logo\/image\/"},"sameAs":["https:\/\/www.facebook.com\/MusiquesJuives\/","https:\/\/www.instagram.com\/musiquesjuives\/","https:\/\/www.youtube.com\/user\/musiquesjuives"]},{"@type":"Person","@id":"https:\/\/www.iemj.org\/es\/#\/schema\/person\/358e26c18aca017fcc4cc15437f7279c","name":"Jacqueline ROTEN","image":{"@type":"ImageObject","inLanguage":"es","@id":"https:\/\/secure.gravatar.com\/avatar\/5964256d6c6957de3a3505278957e0fb2a35119ac47ea41827a65301213c810b?s=96&d=mm&r=g","url":"https:\/\/secure.gravatar.com\/avatar\/5964256d6c6957de3a3505278957e0fb2a35119ac47ea41827a65301213c810b?s=96&d=mm&r=g","contentUrl":"https:\/\/secure.gravatar.com\/avatar\/5964256d6c6957de3a3505278957e0fb2a35119ac47ea41827a65301213c810b?s=96&d=mm&r=g","caption":"Jacqueline ROTEN"}}]}},"_links":{"self":[{"href":"https:\/\/www.iemj.org\/es\/wp-json\/wp\/v2\/posts\/112838","targetHints":{"allow":["GET"]}}],"collection":[{"href":"https:\/\/www.iemj.org\/es\/wp-json\/wp\/v2\/posts"}],"about":[{"href":"https:\/\/www.iemj.org\/es\/wp-json\/wp\/v2\/types\/post"}],"author":[{"embeddable":true,"href":"https:\/\/www.iemj.org\/es\/wp-json\/wp\/v2\/users\/5"}],"replies":[{"embeddable":true,"href":"https:\/\/www.iemj.org\/es\/wp-json\/wp\/v2\/comments?post=112838"}],"version-history":[{"count":0,"href":"https:\/\/www.iemj.org\/es\/wp-json\/wp\/v2\/posts\/112838\/revisions"}],"wp:featuredmedia":[{"embeddable":true,"href":"https:\/\/www.iemj.org\/es\/wp-json\/wp\/v2\/media\/112739"}],"wp:attachment":[{"href":"https:\/\/www.iemj.org\/es\/wp-json\/wp\/v2\/media?parent=112838"}],"wp:term":[{"taxonomy":"category","embeddable":true,"href":"https:\/\/www.iemj.org\/es\/wp-json\/wp\/v2\/categories?post=112838"},{"taxonomy":"post_tag","embeddable":true,"href":"https:\/\/www.iemj.org\/es\/wp-json\/wp\/v2\/tags?post=112838"},{"taxonomy":"technique","embeddable":true,"href":"https:\/\/www.iemj.org\/es\/wp-json\/wp\/v2\/technique?post=112838"},{"taxonomy":"squelettes","embeddable":true,"href":"https:\/\/www.iemj.org\/es\/wp-json\/wp\/v2\/squelettes?post=112838"},{"taxonomy":"sujet","embeddable":true,"href":"https:\/\/www.iemj.org\/es\/wp-json\/wp\/v2\/sujet?post=112838"},{"taxonomy":"formation","embeddable":true,"href":"https:\/\/www.iemj.org\/es\/wp-json\/wp\/v2\/formation?post=112838"},{"taxonomy":"genre","embeddable":true,"href":"https:\/\/www.iemj.org\/es\/wp-json\/wp\/v2\/genre?post=112838"},{"taxonomy":"fonds","embeddable":true,"href":"https:\/\/www.iemj.org\/es\/wp-json\/wp\/v2\/fonds?post=112838"},{"taxonomy":"tradition","embeddable":true,"href":"https:\/\/www.iemj.org\/es\/wp-json\/wp\/v2\/tradition?post=112838"},{"taxonomy":"type-de-contenu","embeddable":true,"href":"https:\/\/www.iemj.org\/es\/wp-json\/wp\/v2\/type-de-contenu?post=112838"},{"taxonomy":"interprete-compositeur","embeddable":true,"href":"https:\/\/www.iemj.org\/es\/wp-json\/wp\/v2\/interprete-compositeur?post=112838"},{"taxonomy":"frise","embeddable":true,"href":"https:\/\/www.iemj.org\/es\/wp-json\/wp\/v2\/frise?post=112838"},{"taxonomy":"type-devenement","embeddable":true,"href":"https:\/\/www.iemj.org\/es\/wp-json\/wp\/v2\/type-devenement?post=112838"},{"taxonomy":"tableaux-liens-externes","embeddable":true,"href":"https:\/\/www.iemj.org\/es\/wp-json\/wp\/v2\/tableaux-liens-externes?post=112838"}],"curies":[{"name":"wp","href":"https:\/\/api.w.org\/{rel}","templated":true}]}}