{"id":113748,"date":"2023-11-26T13:15:05","date_gmt":"2023-11-26T12:15:05","guid":{"rendered":"https:\/\/www.iemj.org\/conference-la-place-de-lorgue-dans-la-tradition-juive-par-herve-roten\/"},"modified":"2024-09-16T16:31:07","modified_gmt":"2024-09-16T14:31:07","slug":"conference-la-place-de-lorgue-dans-la-tradition-juive-par-herve-roten","status":"publish","type":"post","link":"https:\/\/www.iemj.org\/es\/conference-la-place-de-lorgue-dans-la-tradition-juive-par-herve-roten\/","title":{"rendered":"CONFERENCIA \u00abEL PAPEL DEL \u00d3RGANO EN LA TRADICI\u00d3N JUD\u00cdA\u00bb, POR HERV\u00c9 ROTEN"},"content":{"rendered":"<h3 id=\"1-eael-table-of-content\" class=\"eael-heading-content\">Organizada por B&#8217;na\u00ef B&#8217;rith &#8211; Michel de Montaigne, en el marco de la inauguraci\u00f3n del \u00f3rgano de la Gran Sinagoga de Burdeos, el 10 de diciembre de 2023, a las 15.00 h<\/h3>\n<p>Aunque el \u00f3rgano se asocia tradicionalmente a la m\u00fasica lit\u00fargica cristiana, su uso fue aprobado en el siglo XIX por la Conferencia de Rabinos Jefes de Francia.<\/p>\n<p><img decoding=\"async\" class=\"size-full wp-image-105890 alignright\" src=\"https:\/\/www.iemj.org\/wp-content\/uploads\/2023\/11\/Instt.jpg\" alt=\"\" width=\"101\" height=\"136\" \/>Esta decisi\u00f3n fue objeto de controversia entre jud\u00edos ortodoxos y reformistas, aunque la m\u00fasica ya estaba presente en el templo de Jerusal\u00e9n, donde m\u00e1s de cien m\u00fasicos tocaban diversos instrumentos de cuerda y viento&#8230;<br \/>A lo largo de los siglos, el papel de la m\u00fasica sinagogal ha evolucionado bajo el impulso de los cantores, en funci\u00f3n del lugar que ocupaban los jud\u00edos en la ciudad y de la difusi\u00f3n de las ideas filos\u00f3ficas laicas, de Bagdad a Venecia, de Europa Occidental a Europa Oriental&#8230;<\/p>\n<p><img decoding=\"async\" class=\"wp-image-32118 alignright\" src=\"https:\/\/www.iemj.org\/wp-content\/uploads\/2021\/03\/Herve-Roten-223x300.jpg\" alt=\"\" width=\"100\" height=\"135\" srcset=\"https:\/\/www.iemj.org\/wp-content\/uploads\/2021\/03\/Herve-Roten-223x300.jpg 223w, https:\/\/www.iemj.org\/wp-content\/uploads\/2021\/03\/Herve-Roten-600x809.jpg 600w, https:\/\/www.iemj.org\/wp-content\/uploads\/2021\/03\/Herve-Roten.jpg 742w\" sizes=\"(max-width: 100px) 100vw, 100px\" \/>Con motivo de la inauguraci\u00f3n del \u00f3rgano de sinagoga, <strong>Herv\u00e9 Roten<\/strong>, etnomusic\u00f3logo y doctor en Musicolog\u00eda por la Universidad de Par\u00eds IV Sorbona, hablar\u00e1 del debate que precedi\u00f3 a la introducci\u00f3n del \u00f3rgano de tubos, especialmente en Par\u00eds, Burdeos y Mulhouse.<br \/>Su intervenci\u00f3n nos ayudar\u00e1 a comprender la evoluci\u00f3n del papel del \u00f3rgano de tubos en la liturgia.<\/p>\n<p><strong>Precio: 10 euros s\u00f3lo conferencia &#8211; 20 euros s\u00f3lo concierto &#8211; 25 euros combo conferencia + concierto<\/strong><\/p>\n<p>Una ayuda superior a 30 euros dar\u00e1 derecho a un CERFA y la diferencia se destinar\u00e1 \u00edntegramente a acciones sociales.<\/p>\n<h2 style=\"text-align: center;\"><span class=\"tribe-events-calendar-list__event-venue-title tribe-common-b2--bold\">Espace ERETS &#8211; <\/span><span class=\"tribe-events-calendar-list__event-venue-address\">36 cours Pasteur, 33000 Bordeaux<\/span><\/h2>\n<h2 style=\"text-align: center;\">a las 15.00 horas<\/h2>\n<p><strong>Reservas<\/strong> en el 05 56 91 79 39 o por correo electr\u00f3nico a <a href=\"mailto:contact@bbsudouest.org\" target=\"_blank\" rel=\"noopener\">contact@bbsudouest.org<\/a><\/p>\n\n\n<p><\/p>\n","protected":false},"excerpt":{"rendered":"<p>Organizada por B&#8217;na\u00ef B&#8217;rith &#8211; Michel de Montaigne, en el marco de la inauguraci\u00f3n del \u00f3rgano de la Gran Sinagoga de Burdeos, el 10 de diciembre de 2023, a las<\/p>\n","protected":false},"author":5,"featured_media":105881,"comment_status":"closed","ping_status":"closed","sticky":false,"template":"","format":"standard","meta":{"_acf_changed":false,"footnotes":""},"categories":[1384,1372],"tags":[],"technique":[],"squelettes":[],"sujet":[],"formation":[],"genre":[],"fonds":[],"tradition":[],"type-de-contenu":[],"interprete-compositeur":[],"frise":[],"type-devenement":[3800],"tableaux-liens-externes":[],"class_list":["post-113748","post","type-post","status-publish","format-standard","has-post-thumbnail","hentry","category-clases-conferencias-es","category-manifestaciones-es","type-devenement-evenements-partenaires"],"acf":[],"yoast_head":"<!-- This site is optimized with the Yoast SEO plugin v27.3 - https:\/\/yoast.com\/product\/yoast-seo-wordpress\/ -->\n<title>CONFERENCIA \u00abEL PAPEL DEL \u00d3RGANO EN LA TRADICI\u00d3N JUD\u00cdA\u00bb, POR HERV\u00c9 ROTEN - Institut Europ\u00e9en des Musiques Juives<\/title>\n<meta name=\"robots\" content=\"index, follow, max-snippet:-1, max-image-preview:large, max-video-preview:-1\" \/>\n<link rel=\"canonical\" href=\"https:\/\/www.iemj.org\/es\/conference-la-place-de-lorgue-dans-la-tradition-juive-par-herve-roten\/\" \/>\n<meta property=\"og:locale\" content=\"es_ES\" \/>\n<meta property=\"og:type\" content=\"article\" \/>\n<meta property=\"og:title\" content=\"CONFERENCIA \u00abEL PAPEL DEL \u00d3RGANO EN LA TRADICI\u00d3N JUD\u00cdA\u00bb, POR HERV\u00c9 ROTEN - Institut Europ\u00e9en des Musiques Juives\" \/>\n<meta property=\"og:description\" content=\"Organizada por B&#8217;na\u00ef B&#8217;rith &#8211; Michel de Montaigne, en el marco de la inauguraci\u00f3n del \u00f3rgano de la Gran Sinagoga de Burdeos, el 10 de diciembre de 2023, a las\" \/>\n<meta property=\"og:url\" content=\"https:\/\/www.iemj.org\/es\/conference-la-place-de-lorgue-dans-la-tradition-juive-par-herve-roten\/\" \/>\n<meta property=\"og:site_name\" content=\"Institut Europ\u00e9en des Musiques Juives\" \/>\n<meta property=\"article:publisher\" content=\"https:\/\/www.facebook.com\/MusiquesJuives\/\" \/>\n<meta property=\"article:published_time\" content=\"2023-11-26T12:15:05+00:00\" \/>\n<meta property=\"article:modified_time\" content=\"2024-09-16T14:31:07+00:00\" \/>\n<meta property=\"og:image\" content=\"https:\/\/www.iemj.org\/wp-content\/uploads\/2023\/11\/Conf.-Orgue-Bordeaux.jpg\" \/>\n\t<meta property=\"og:image:width\" content=\"452\" \/>\n\t<meta property=\"og:image:height\" content=\"313\" \/>\n\t<meta property=\"og:image:type\" content=\"image\/jpeg\" \/>\n<meta name=\"author\" content=\"Jacqueline ROTEN\" \/>\n<meta name=\"twitter:card\" content=\"summary_large_image\" \/>\n<meta name=\"twitter:label1\" content=\"Escrito por\" \/>\n\t<meta name=\"twitter:data1\" content=\"Jacqueline ROTEN\" \/>\n\t<meta name=\"twitter:label2\" content=\"Tiempo de lectura\" \/>\n\t<meta name=\"twitter:data2\" content=\"2 minutos\" \/>\n<script type=\"application\/ld+json\" class=\"yoast-schema-graph\">{\"@context\":\"https:\\\/\\\/schema.org\",\"@graph\":[{\"@type\":\"Article\",\"@id\":\"https:\\\/\\\/www.iemj.org\\\/es\\\/conference-la-place-de-lorgue-dans-la-tradition-juive-par-herve-roten\\\/#article\",\"isPartOf\":{\"@id\":\"https:\\\/\\\/www.iemj.org\\\/es\\\/conference-la-place-de-lorgue-dans-la-tradition-juive-par-herve-roten\\\/\"},\"author\":{\"name\":\"Jacqueline ROTEN\",\"@id\":\"https:\\\/\\\/www.iemj.org\\\/es\\\/#\\\/schema\\\/person\\\/358e26c18aca017fcc4cc15437f7279c\"},\"headline\":\"CONFERENCIA \u00abEL PAPEL DEL \u00d3RGANO EN LA TRADICI\u00d3N JUD\u00cdA\u00bb, POR HERV\u00c9 ROTEN\",\"datePublished\":\"2023-11-26T12:15:05+00:00\",\"dateModified\":\"2024-09-16T14:31:07+00:00\",\"mainEntityOfPage\":{\"@id\":\"https:\\\/\\\/www.iemj.org\\\/es\\\/conference-la-place-de-lorgue-dans-la-tradition-juive-par-herve-roten\\\/\"},\"wordCount\":291,\"publisher\":{\"@id\":\"https:\\\/\\\/www.iemj.org\\\/es\\\/#organization\"},\"image\":{\"@id\":\"https:\\\/\\\/www.iemj.org\\\/es\\\/conference-la-place-de-lorgue-dans-la-tradition-juive-par-herve-roten\\\/#primaryimage\"},\"thumbnailUrl\":\"https:\\\/\\\/www.iemj.org\\\/wp-content\\\/uploads\\\/2023\\\/11\\\/Conf.-Orgue-Bordeaux.jpg\",\"articleSection\":[\"Clases \\\/ Conferencias\",\"Manifestaciones\"],\"inLanguage\":\"es\"},{\"@type\":\"WebPage\",\"@id\":\"https:\\\/\\\/www.iemj.org\\\/es\\\/conference-la-place-de-lorgue-dans-la-tradition-juive-par-herve-roten\\\/\",\"url\":\"https:\\\/\\\/www.iemj.org\\\/es\\\/conference-la-place-de-lorgue-dans-la-tradition-juive-par-herve-roten\\\/\",\"name\":\"CONFERENCIA \u00abEL PAPEL DEL \u00d3RGANO EN LA TRADICI\u00d3N JUD\u00cdA\u00bb, POR HERV\u00c9 ROTEN - Institut Europ\u00e9en des Musiques Juives\",\"isPartOf\":{\"@id\":\"https:\\\/\\\/www.iemj.org\\\/es\\\/#website\"},\"primaryImageOfPage\":{\"@id\":\"https:\\\/\\\/www.iemj.org\\\/es\\\/conference-la-place-de-lorgue-dans-la-tradition-juive-par-herve-roten\\\/#primaryimage\"},\"image\":{\"@id\":\"https:\\\/\\\/www.iemj.org\\\/es\\\/conference-la-place-de-lorgue-dans-la-tradition-juive-par-herve-roten\\\/#primaryimage\"},\"thumbnailUrl\":\"https:\\\/\\\/www.iemj.org\\\/wp-content\\\/uploads\\\/2023\\\/11\\\/Conf.-Orgue-Bordeaux.jpg\",\"datePublished\":\"2023-11-26T12:15:05+00:00\",\"dateModified\":\"2024-09-16T14:31:07+00:00\",\"breadcrumb\":{\"@id\":\"https:\\\/\\\/www.iemj.org\\\/es\\\/conference-la-place-de-lorgue-dans-la-tradition-juive-par-herve-roten\\\/#breadcrumb\"},\"inLanguage\":\"es\",\"potentialAction\":[{\"@type\":\"ReadAction\",\"target\":[\"https:\\\/\\\/www.iemj.org\\\/es\\\/conference-la-place-de-lorgue-dans-la-tradition-juive-par-herve-roten\\\/\"]}]},{\"@type\":\"ImageObject\",\"inLanguage\":\"es\",\"@id\":\"https:\\\/\\\/www.iemj.org\\\/es\\\/conference-la-place-de-lorgue-dans-la-tradition-juive-par-herve-roten\\\/#primaryimage\",\"url\":\"https:\\\/\\\/www.iemj.org\\\/wp-content\\\/uploads\\\/2023\\\/11\\\/Conf.-Orgue-Bordeaux.jpg\",\"contentUrl\":\"https:\\\/\\\/www.iemj.org\\\/wp-content\\\/uploads\\\/2023\\\/11\\\/Conf.-Orgue-Bordeaux.jpg\",\"width\":452,\"height\":313},{\"@type\":\"BreadcrumbList\",\"@id\":\"https:\\\/\\\/www.iemj.org\\\/es\\\/conference-la-place-de-lorgue-dans-la-tradition-juive-par-herve-roten\\\/#breadcrumb\",\"itemListElement\":[{\"@type\":\"ListItem\",\"position\":1,\"name\":\"Accueil\",\"item\":\"https:\\\/\\\/www.iemj.org\\\/es\\\/\"},{\"@type\":\"ListItem\",\"position\":2,\"name\":\"CONFERENCIA \u00abEL PAPEL DEL \u00d3RGANO EN LA TRADICI\u00d3N JUD\u00cdA\u00bb, POR HERV\u00c9 ROTEN\"}]},{\"@type\":\"WebSite\",\"@id\":\"https:\\\/\\\/www.iemj.org\\\/es\\\/#website\",\"url\":\"https:\\\/\\\/www.iemj.org\\\/es\\\/\",\"name\":\"Institut Europ\u00e9en des Musiques Juives\",\"description\":\"Des traditions musicales \u00e0 la port\u00e9e de tous\",\"publisher\":{\"@id\":\"https:\\\/\\\/www.iemj.org\\\/es\\\/#organization\"},\"potentialAction\":[{\"@type\":\"SearchAction\",\"target\":{\"@type\":\"EntryPoint\",\"urlTemplate\":\"https:\\\/\\\/www.iemj.org\\\/es\\\/?s={search_term_string}\"},\"query-input\":{\"@type\":\"PropertyValueSpecification\",\"valueRequired\":true,\"valueName\":\"search_term_string\"}}],\"inLanguage\":\"es\"},{\"@type\":\"Organization\",\"@id\":\"https:\\\/\\\/www.iemj.org\\\/es\\\/#organization\",\"name\":\"Institut Europ\u00e9en des Musiques Juives\",\"url\":\"https:\\\/\\\/www.iemj.org\\\/es\\\/\",\"logo\":{\"@type\":\"ImageObject\",\"inLanguage\":\"es\",\"@id\":\"https:\\\/\\\/www.iemj.org\\\/es\\\/#\\\/schema\\\/logo\\\/image\\\/\",\"url\":\"https:\\\/\\\/www.iemj.org\\\/wp-content\\\/uploads\\\/2021\\\/09\\\/Logo-IEMJ-Paypal.jpg\",\"contentUrl\":\"https:\\\/\\\/www.iemj.org\\\/wp-content\\\/uploads\\\/2021\\\/09\\\/Logo-IEMJ-Paypal.jpg\",\"width\":150,\"height\":50,\"caption\":\"Institut Europ\u00e9en des Musiques Juives\"},\"image\":{\"@id\":\"https:\\\/\\\/www.iemj.org\\\/es\\\/#\\\/schema\\\/logo\\\/image\\\/\"},\"sameAs\":[\"https:\\\/\\\/www.facebook.com\\\/MusiquesJuives\\\/\",\"https:\\\/\\\/www.instagram.com\\\/musiquesjuives\\\/\",\"https:\\\/\\\/www.youtube.com\\\/user\\\/musiquesjuives\"]},{\"@type\":\"Person\",\"@id\":\"https:\\\/\\\/www.iemj.org\\\/es\\\/#\\\/schema\\\/person\\\/358e26c18aca017fcc4cc15437f7279c\",\"name\":\"Jacqueline ROTEN\",\"image\":{\"@type\":\"ImageObject\",\"inLanguage\":\"es\",\"@id\":\"https:\\\/\\\/secure.gravatar.com\\\/avatar\\\/5964256d6c6957de3a3505278957e0fb2a35119ac47ea41827a65301213c810b?s=96&d=mm&r=g\",\"url\":\"https:\\\/\\\/secure.gravatar.com\\\/avatar\\\/5964256d6c6957de3a3505278957e0fb2a35119ac47ea41827a65301213c810b?s=96&d=mm&r=g\",\"contentUrl\":\"https:\\\/\\\/secure.gravatar.com\\\/avatar\\\/5964256d6c6957de3a3505278957e0fb2a35119ac47ea41827a65301213c810b?s=96&d=mm&r=g\",\"caption\":\"Jacqueline ROTEN\"}}]}<\/script>\n<!-- \/ Yoast SEO plugin. -->","yoast_head_json":{"title":"CONFERENCIA \u00abEL PAPEL DEL \u00d3RGANO EN LA TRADICI\u00d3N JUD\u00cdA\u00bb, POR HERV\u00c9 ROTEN - Institut Europ\u00e9en des Musiques Juives","robots":{"index":"index","follow":"follow","max-snippet":"max-snippet:-1","max-image-preview":"max-image-preview:large","max-video-preview":"max-video-preview:-1"},"canonical":"https:\/\/www.iemj.org\/es\/conference-la-place-de-lorgue-dans-la-tradition-juive-par-herve-roten\/","og_locale":"es_ES","og_type":"article","og_title":"CONFERENCIA \u00abEL PAPEL DEL \u00d3RGANO EN LA TRADICI\u00d3N JUD\u00cdA\u00bb, POR HERV\u00c9 ROTEN - Institut Europ\u00e9en des Musiques Juives","og_description":"Organizada por B&#8217;na\u00ef B&#8217;rith &#8211; Michel de Montaigne, en el marco de la inauguraci\u00f3n del \u00f3rgano de la Gran Sinagoga de Burdeos, el 10 de diciembre de 2023, a las","og_url":"https:\/\/www.iemj.org\/es\/conference-la-place-de-lorgue-dans-la-tradition-juive-par-herve-roten\/","og_site_name":"Institut Europ\u00e9en des Musiques Juives","article_publisher":"https:\/\/www.facebook.com\/MusiquesJuives\/","article_published_time":"2023-11-26T12:15:05+00:00","article_modified_time":"2024-09-16T14:31:07+00:00","og_image":[{"width":452,"height":313,"url":"https:\/\/www.iemj.org\/wp-content\/uploads\/2023\/11\/Conf.-Orgue-Bordeaux.jpg","type":"image\/jpeg"}],"author":"Jacqueline ROTEN","twitter_card":"summary_large_image","twitter_misc":{"Escrito por":"Jacqueline ROTEN","Tiempo de lectura":"2 minutos"},"schema":{"@context":"https:\/\/schema.org","@graph":[{"@type":"Article","@id":"https:\/\/www.iemj.org\/es\/conference-la-place-de-lorgue-dans-la-tradition-juive-par-herve-roten\/#article","isPartOf":{"@id":"https:\/\/www.iemj.org\/es\/conference-la-place-de-lorgue-dans-la-tradition-juive-par-herve-roten\/"},"author":{"name":"Jacqueline ROTEN","@id":"https:\/\/www.iemj.org\/es\/#\/schema\/person\/358e26c18aca017fcc4cc15437f7279c"},"headline":"CONFERENCIA \u00abEL PAPEL DEL \u00d3RGANO EN LA TRADICI\u00d3N JUD\u00cdA\u00bb, POR HERV\u00c9 ROTEN","datePublished":"2023-11-26T12:15:05+00:00","dateModified":"2024-09-16T14:31:07+00:00","mainEntityOfPage":{"@id":"https:\/\/www.iemj.org\/es\/conference-la-place-de-lorgue-dans-la-tradition-juive-par-herve-roten\/"},"wordCount":291,"publisher":{"@id":"https:\/\/www.iemj.org\/es\/#organization"},"image":{"@id":"https:\/\/www.iemj.org\/es\/conference-la-place-de-lorgue-dans-la-tradition-juive-par-herve-roten\/#primaryimage"},"thumbnailUrl":"https:\/\/www.iemj.org\/wp-content\/uploads\/2023\/11\/Conf.-Orgue-Bordeaux.jpg","articleSection":["Clases \/ Conferencias","Manifestaciones"],"inLanguage":"es"},{"@type":"WebPage","@id":"https:\/\/www.iemj.org\/es\/conference-la-place-de-lorgue-dans-la-tradition-juive-par-herve-roten\/","url":"https:\/\/www.iemj.org\/es\/conference-la-place-de-lorgue-dans-la-tradition-juive-par-herve-roten\/","name":"CONFERENCIA \u00abEL PAPEL DEL \u00d3RGANO EN LA TRADICI\u00d3N JUD\u00cdA\u00bb, POR HERV\u00c9 ROTEN - Institut Europ\u00e9en des Musiques Juives","isPartOf":{"@id":"https:\/\/www.iemj.org\/es\/#website"},"primaryImageOfPage":{"@id":"https:\/\/www.iemj.org\/es\/conference-la-place-de-lorgue-dans-la-tradition-juive-par-herve-roten\/#primaryimage"},"image":{"@id":"https:\/\/www.iemj.org\/es\/conference-la-place-de-lorgue-dans-la-tradition-juive-par-herve-roten\/#primaryimage"},"thumbnailUrl":"https:\/\/www.iemj.org\/wp-content\/uploads\/2023\/11\/Conf.-Orgue-Bordeaux.jpg","datePublished":"2023-11-26T12:15:05+00:00","dateModified":"2024-09-16T14:31:07+00:00","breadcrumb":{"@id":"https:\/\/www.iemj.org\/es\/conference-la-place-de-lorgue-dans-la-tradition-juive-par-herve-roten\/#breadcrumb"},"inLanguage":"es","potentialAction":[{"@type":"ReadAction","target":["https:\/\/www.iemj.org\/es\/conference-la-place-de-lorgue-dans-la-tradition-juive-par-herve-roten\/"]}]},{"@type":"ImageObject","inLanguage":"es","@id":"https:\/\/www.iemj.org\/es\/conference-la-place-de-lorgue-dans-la-tradition-juive-par-herve-roten\/#primaryimage","url":"https:\/\/www.iemj.org\/wp-content\/uploads\/2023\/11\/Conf.-Orgue-Bordeaux.jpg","contentUrl":"https:\/\/www.iemj.org\/wp-content\/uploads\/2023\/11\/Conf.-Orgue-Bordeaux.jpg","width":452,"height":313},{"@type":"BreadcrumbList","@id":"https:\/\/www.iemj.org\/es\/conference-la-place-de-lorgue-dans-la-tradition-juive-par-herve-roten\/#breadcrumb","itemListElement":[{"@type":"ListItem","position":1,"name":"Accueil","item":"https:\/\/www.iemj.org\/es\/"},{"@type":"ListItem","position":2,"name":"CONFERENCIA \u00abEL PAPEL DEL \u00d3RGANO EN LA TRADICI\u00d3N JUD\u00cdA\u00bb, POR HERV\u00c9 ROTEN"}]},{"@type":"WebSite","@id":"https:\/\/www.iemj.org\/es\/#website","url":"https:\/\/www.iemj.org\/es\/","name":"Institut Europ\u00e9en des Musiques Juives","description":"Des traditions musicales \u00e0 la port\u00e9e de tous","publisher":{"@id":"https:\/\/www.iemj.org\/es\/#organization"},"potentialAction":[{"@type":"SearchAction","target":{"@type":"EntryPoint","urlTemplate":"https:\/\/www.iemj.org\/es\/?s={search_term_string}"},"query-input":{"@type":"PropertyValueSpecification","valueRequired":true,"valueName":"search_term_string"}}],"inLanguage":"es"},{"@type":"Organization","@id":"https:\/\/www.iemj.org\/es\/#organization","name":"Institut Europ\u00e9en des Musiques Juives","url":"https:\/\/www.iemj.org\/es\/","logo":{"@type":"ImageObject","inLanguage":"es","@id":"https:\/\/www.iemj.org\/es\/#\/schema\/logo\/image\/","url":"https:\/\/www.iemj.org\/wp-content\/uploads\/2021\/09\/Logo-IEMJ-Paypal.jpg","contentUrl":"https:\/\/www.iemj.org\/wp-content\/uploads\/2021\/09\/Logo-IEMJ-Paypal.jpg","width":150,"height":50,"caption":"Institut Europ\u00e9en des Musiques Juives"},"image":{"@id":"https:\/\/www.iemj.org\/es\/#\/schema\/logo\/image\/"},"sameAs":["https:\/\/www.facebook.com\/MusiquesJuives\/","https:\/\/www.instagram.com\/musiquesjuives\/","https:\/\/www.youtube.com\/user\/musiquesjuives"]},{"@type":"Person","@id":"https:\/\/www.iemj.org\/es\/#\/schema\/person\/358e26c18aca017fcc4cc15437f7279c","name":"Jacqueline ROTEN","image":{"@type":"ImageObject","inLanguage":"es","@id":"https:\/\/secure.gravatar.com\/avatar\/5964256d6c6957de3a3505278957e0fb2a35119ac47ea41827a65301213c810b?s=96&d=mm&r=g","url":"https:\/\/secure.gravatar.com\/avatar\/5964256d6c6957de3a3505278957e0fb2a35119ac47ea41827a65301213c810b?s=96&d=mm&r=g","contentUrl":"https:\/\/secure.gravatar.com\/avatar\/5964256d6c6957de3a3505278957e0fb2a35119ac47ea41827a65301213c810b?s=96&d=mm&r=g","caption":"Jacqueline ROTEN"}}]}},"_links":{"self":[{"href":"https:\/\/www.iemj.org\/es\/wp-json\/wp\/v2\/posts\/113748","targetHints":{"allow":["GET"]}}],"collection":[{"href":"https:\/\/www.iemj.org\/es\/wp-json\/wp\/v2\/posts"}],"about":[{"href":"https:\/\/www.iemj.org\/es\/wp-json\/wp\/v2\/types\/post"}],"author":[{"embeddable":true,"href":"https:\/\/www.iemj.org\/es\/wp-json\/wp\/v2\/users\/5"}],"replies":[{"embeddable":true,"href":"https:\/\/www.iemj.org\/es\/wp-json\/wp\/v2\/comments?post=113748"}],"version-history":[{"count":0,"href":"https:\/\/www.iemj.org\/es\/wp-json\/wp\/v2\/posts\/113748\/revisions"}],"wp:featuredmedia":[{"embeddable":true,"href":"https:\/\/www.iemj.org\/es\/wp-json\/wp\/v2\/media\/105881"}],"wp:attachment":[{"href":"https:\/\/www.iemj.org\/es\/wp-json\/wp\/v2\/media?parent=113748"}],"wp:term":[{"taxonomy":"category","embeddable":true,"href":"https:\/\/www.iemj.org\/es\/wp-json\/wp\/v2\/categories?post=113748"},{"taxonomy":"post_tag","embeddable":true,"href":"https:\/\/www.iemj.org\/es\/wp-json\/wp\/v2\/tags?post=113748"},{"taxonomy":"technique","embeddable":true,"href":"https:\/\/www.iemj.org\/es\/wp-json\/wp\/v2\/technique?post=113748"},{"taxonomy":"squelettes","embeddable":true,"href":"https:\/\/www.iemj.org\/es\/wp-json\/wp\/v2\/squelettes?post=113748"},{"taxonomy":"sujet","embeddable":true,"href":"https:\/\/www.iemj.org\/es\/wp-json\/wp\/v2\/sujet?post=113748"},{"taxonomy":"formation","embeddable":true,"href":"https:\/\/www.iemj.org\/es\/wp-json\/wp\/v2\/formation?post=113748"},{"taxonomy":"genre","embeddable":true,"href":"https:\/\/www.iemj.org\/es\/wp-json\/wp\/v2\/genre?post=113748"},{"taxonomy":"fonds","embeddable":true,"href":"https:\/\/www.iemj.org\/es\/wp-json\/wp\/v2\/fonds?post=113748"},{"taxonomy":"tradition","embeddable":true,"href":"https:\/\/www.iemj.org\/es\/wp-json\/wp\/v2\/tradition?post=113748"},{"taxonomy":"type-de-contenu","embeddable":true,"href":"https:\/\/www.iemj.org\/es\/wp-json\/wp\/v2\/type-de-contenu?post=113748"},{"taxonomy":"interprete-compositeur","embeddable":true,"href":"https:\/\/www.iemj.org\/es\/wp-json\/wp\/v2\/interprete-compositeur?post=113748"},{"taxonomy":"frise","embeddable":true,"href":"https:\/\/www.iemj.org\/es\/wp-json\/wp\/v2\/frise?post=113748"},{"taxonomy":"type-devenement","embeddable":true,"href":"https:\/\/www.iemj.org\/es\/wp-json\/wp\/v2\/type-devenement?post=113748"},{"taxonomy":"tableaux-liens-externes","embeddable":true,"href":"https:\/\/www.iemj.org\/es\/wp-json\/wp\/v2\/tableaux-liens-externes?post=113748"}],"curies":[{"name":"wp","href":"https:\/\/api.w.org\/{rel}","templated":true}]}}