{"id":114727,"date":"2024-11-07T17:15:04","date_gmt":"2024-11-07T16:15:04","guid":{"rendered":"https:\/\/www.iemj.org\/?p=114727"},"modified":"2024-11-12T15:34:56","modified_gmt":"2024-11-12T14:34:56","slug":"attia-adolphe-1937","status":"publish","type":"post","link":"https:\/\/www.iemj.org\/es\/attia-adolphe-1937\/","title":{"rendered":"Attia, Adolphe (1937)"},"content":{"rendered":"<p>Nacido el 23 de abril de 1937 en M&#8217;Sila (Argelia) en el seno de una familia modesta, Adolphe Attia fue criado por su t\u00eda en Bousaada, ya que su madre ten\u00eda seis hijos y su padre hab\u00eda fallecido antes de su nacimiento. En 1948, junto con su t\u00eda, se reuni\u00f3 con su madre en Niza, donde ella se hab\u00eda trasladado un a\u00f1o antes.<\/p>\n<p>Nada m\u00e1s llegar a Niza, asiste regularmente a los oficios de la sinagoga, donde adquiere conocimientos de liturgia. Los administradores de la sinagoga convencieron a su madre para que lo enviara al Seminario Israelita de Francia en Par\u00eds en 1952 y lo inscribiera en la escuela de Yavn\u00e9 para continuar sus estudios.<\/p>\n<figure id=\"attachment_114706\" aria-describedby=\"caption-attachment-114706\" style=\"width: 281px\" class=\"wp-caption alignright\"><img fetchpriority=\"high\" decoding=\"async\" class=\"wp-image-114706 size-medium\" src=\"https:\/\/www.iemj.org\/wp-content\/uploads\/2024\/11\/Adolphe-Attia_synagogue-de-Metz-281x300.jpg\" alt=\"\" width=\"281\" height=\"300\" srcset=\"https:\/\/www.iemj.org\/wp-content\/uploads\/2024\/11\/Adolphe-Attia_synagogue-de-Metz-281x300.jpg 281w, https:\/\/www.iemj.org\/wp-content\/uploads\/2024\/11\/Adolphe-Attia_synagogue-de-Metz.jpg 467w\" sizes=\"(max-width: 281px) 100vw, 281px\" \/><figcaption id=\"caption-attachment-114706\" class=\"wp-caption-text\"><strong>Adolphe Attia, synagogue Metz<\/strong><\/figcaption><\/figure>\n<p>En el seminario, el joven Adolphe, que ten\u00eda una excelente voz de tenor, estudi\u00f3 liturgia y arte cantorial (hazzanout) de 1952 a 1958. Tom\u00f3 clases de solfeo, piano y canto con <a href=\"https:\/\/www.iemj.org\/es\/algazi-leon-1890-1971\/\">L\u00e9on Algazi<\/a> (liturgia asquenaz\u00ed), el Gran Rabino Schilli (cantilaci\u00f3n y salmodia en el rito asquenaz\u00ed) y Roland Moss\u00e9, primer ministro-oficiante de la sinagoga de la rue Buffaut (liturgia portuguesa). Al final de sus estudios, tambi\u00e9n se benefici\u00f3 de las ense\u00f1anzas del compositor <a href=\"https:\/\/www.iemj.org\/es\/hemsi-alberto-1898-1975\/\">Alberto Hemsi<\/a>, que lleg\u00f3 a Francia tras la expulsi\u00f3n de los jud\u00edos de Egipto.<\/p>\n<p>El 30 de junio de 1958, obtiene el diploma de pedagog\u00eda y liturgia (ritos asquenaz\u00ed y portugu\u00e9s) y, a continuaci\u00f3n, es contratado como segundo ministro-oficial en la sinagoga Nazaret junto a <a href=\"https:\/\/www.iemj.org\/es\/chalude-jacques-dit-ben-baruch-1914-1997\/\">Jacques Chalude<\/a>, luego primer hazzan, y en 1961, segundo ministro-oficial en la Gran Sinagoga de la Victoire, junto a <a href=\"https:\/\/www.iemj.org\/es\/berlinski-shalom-1918-2008\/\">Shalom Berlinski<\/a>.<\/p>\n<p>El 23 de junio de 1965 se cas\u00f3 en el 9\u00b0 distrito de Par\u00eds con Guilah Houlou, que le dio dos hijos: Laurent (solista del grupo coral Les Chevatim) y Rapha\u00ebl.<\/p>\n<p>En 1968, se convirti\u00f3 oficialmente en el segundo ministro-oficiante de la Gran Sinagoga de la Victoire, despu\u00e9s, de 1969 a junio de 1973, ense\u00f1\u00f3 hazzanout en la \u00c9cole isra\u00e9lite de p\u00e9dagogie et de liturgie del S\u00e9minaire isra\u00e9lite de France hasta el cierre definitivo de esta secci\u00f3n cantoral.<\/p>\n<p>En 1979, sucedi\u00f3 a Shalom Berlinski como Primer Ministro- Oficiante de la Gran Sinagoga de la Victoria, cargo que ocup\u00f3 oficialmente hasta 2014, y que sigui\u00f3 ejerciendo varios a\u00f1os m\u00e1s como Primer Ministro-Oficiante Honorario.<\/p>\n<p><img decoding=\"async\" class=\" wp-image-114788 alignleft\" src=\"https:\/\/www.iemj.org\/wp-content\/uploads\/2024\/11\/CD-Attia-300x297.jpg\" alt=\"\" width=\"273\" height=\"270\" srcset=\"https:\/\/www.iemj.org\/wp-content\/uploads\/2024\/11\/CD-Attia-300x297.jpg 300w, https:\/\/www.iemj.org\/wp-content\/uploads\/2024\/11\/CD-Attia-100x100.jpg 100w, https:\/\/www.iemj.org\/wp-content\/uploads\/2024\/11\/CD-Attia.jpg 582w\" sizes=\"(max-width: 273px) 100vw, 273px\" \/>Adem\u00e1s de sus actividades ministeriales y docentes, Adolphe Attia act\u00faa desde hace varias d\u00e9cadas en la radio -en particular en el programa <em>Kol Isra\u00ebl<\/em> [La voz de Israel] de L\u00e9on Algazi, donde sucedi\u00f3 a Emile Ka\u00e7mann como solista- y en numerosos conciertos y festivales, tanto en Francia como en el extranjero (Alemania, Suiza, Espa\u00f1a, etc.).<\/p>\n<p>Adolphe Attia ha grabado varios CD, entre ellos tres para Harmonia Mundi entre 1994 y 2000 y dos para Buda Musique en 2002-2003 en la colecci\u00f3n Patrimoines Musicaux des Juifs de France. Tambi\u00e9n apareci\u00f3 en la pel\u00edcula de Bernard Cohn <em>Nathalia<\/em> (1989), protagonizada por Philippine Leroy-Beaulieu y Pierre Arditi.<\/p>\n<p>En 2014, \u00e9l y su esposa Guilah se trasladaron a Israel, primero a Jerusal\u00e9n y luego a Netanaya, donde disfruta de una merecida jubilaci\u00f3n. Durante m\u00e1s de 50 a\u00f1os (1961-2014), Adolphe Attia fue la memoria viva del canto lit\u00fargico asquenaz\u00ed en la Sinagoga de la Victoire, actuando en cientos de servicios, bodas, bar mitzvahs y funerales.<\/p>\n<ul>\n<li><a href=\"http:\/\/www.rachelnet.net\/F\/?func=find-c&amp;ccl_term=WAMS+%3D+Attia+ET+WTY+%3D+31+or+32+or+41+or+42+or+71+or+72+or+C1+or+C2+or+D1+or+D2+or+K1+or+K2+or+R1+or+R2+or+RB+or+SR&amp;local_base=iemcg\">Consulte las grabaciones de Adolphe Attia en nuestro cat\u00e1logo en l\u00edne<\/a><\/li>\n<li><a style=\"font-size: revert; background-color: var(--bs-body-bg); font-family: var(--bs-body-font-family); font-weight: var(--bs-body-font-weight); text-align: var(--bs-body-text-align);\" href=\"https:\/\/www.iemj.org\/es\/fonds-adolphe-attia\/\">Consultar el archivo Adolphe Attia<\/a><\/li>\n<li><a href=\"https:\/\/www.iemj.org\/es\/adolphe-attia-50-ans-de-hazanout-en-france\/\" target=\"_blank\" rel=\"noopener\">Ver el v\u00eddeo Adolphe Attia, 50 a\u00f1os de hazzanout en Francia<\/a><\/li>\n<\/ul>\n<h3>\u21d2 <a href=\"https:\/\/www.iemj.org\/es\/produit\/musiques-judeo-francaises-des-xviiie-et-xixe-siecles\/\">Encargar el CD M\u00fasica judeofrancesa de los siglos XXIII y XIX<\/a><\/h3>\n<h3>\u21d2 <a href=\"https:\/\/www.iemj.org\/es\/produit\/musiques-de-la-synagogue-de-bordeaux\/\">Encargar el CD M\u00fasica de la sinagoga de Burdeos &#8211; Rito portugu\u00e9s<\/a><\/h3>\n\n\n<div style=\"height:25px\" aria-hidden=\"true\" class=\"wp-block-spacer\"><\/div>\n\n\n\n<figure class=\"wp-block-video\"><video height=\"576\" style=\"aspect-ratio: 768 \/ 576;\" width=\"768\" controls poster=\"https:\/\/www.iemj.org\/wp-content\/uploads\/2024\/11\/Video-INA-Attia.jpg\" src=\"https:\/\/www.iemj.org\/wp-content\/uploads\/2024\/11\/Adolphe-ATTIA-Notre-Dieu-et-Dieu-de-nos-peres-INA.mp4\"><\/video><\/figure>\n\n\n\n<p><strong>Adolphe Attia cantando Ono tovo (Extracto del programa religioso de Josy Eisenberg, La source de vie, 24-09-1995, archivos del INA)<\/strong><\/p>\n\n\n\n<p><\/p>\n","protected":false},"excerpt":{"rendered":"<p>Nacido el 23 de abril de 1937 en M&#8217;Sila (Argelia) en el seno de una familia modesta, Adolphe Attia fue criado por su t\u00eda en Bousaada, ya que su madre<\/p>\n","protected":false},"author":5,"featured_media":114705,"comment_status":"closed","ping_status":"closed","sticky":false,"template":"","format":"standard","meta":{"_acf_changed":false,"footnotes":""},"categories":[1417],"tags":[],"technique":[],"squelettes":[],"sujet":[],"formation":[],"genre":[],"fonds":[],"tradition":[],"type-de-contenu":[],"interprete-compositeur":[],"frise":[],"type-devenement":[],"tableaux-liens-externes":[],"class_list":["post-114727","post","type-post","status-publish","format-standard","has-post-thumbnail","hentry","category-biografias-es"],"acf":[],"yoast_head":"<!-- This site is optimized with the Yoast SEO plugin v27.3 - https:\/\/yoast.com\/product\/yoast-seo-wordpress\/ -->\n<title>Attia, Adolphe (1937) - Institut Europ\u00e9en des Musiques Juives<\/title>\n<meta name=\"robots\" content=\"index, follow, max-snippet:-1, max-image-preview:large, max-video-preview:-1\" \/>\n<link rel=\"canonical\" href=\"https:\/\/www.iemj.org\/es\/attia-adolphe-1937\/\" \/>\n<meta property=\"og:locale\" content=\"es_ES\" \/>\n<meta property=\"og:type\" content=\"article\" \/>\n<meta property=\"og:title\" content=\"Attia, Adolphe (1937) - Institut Europ\u00e9en des Musiques Juives\" \/>\n<meta property=\"og:description\" content=\"Nacido el 23 de abril de 1937 en M&#8217;Sila (Argelia) en el seno de una familia modesta, Adolphe Attia fue criado por su t\u00eda en Bousaada, ya que su madre\" \/>\n<meta property=\"og:url\" content=\"https:\/\/www.iemj.org\/es\/attia-adolphe-1937\/\" \/>\n<meta property=\"og:site_name\" content=\"Institut Europ\u00e9en des Musiques Juives\" \/>\n<meta property=\"article:publisher\" content=\"https:\/\/www.facebook.com\/MusiquesJuives\/\" \/>\n<meta property=\"article:published_time\" content=\"2024-11-07T16:15:04+00:00\" \/>\n<meta property=\"article:modified_time\" content=\"2024-11-12T14:34:56+00:00\" \/>\n<meta property=\"og:image\" content=\"https:\/\/www.iemj.org\/wp-content\/uploads\/2024\/11\/Adolphe-Attia_Logo-Bio.jpg\" \/>\n\t<meta property=\"og:image:width\" content=\"164\" \/>\n\t<meta property=\"og:image:height\" content=\"218\" \/>\n\t<meta property=\"og:image:type\" content=\"image\/jpeg\" \/>\n<meta name=\"author\" content=\"Jacqueline ROTEN\" \/>\n<meta name=\"twitter:card\" content=\"summary_large_image\" \/>\n<meta name=\"twitter:label1\" content=\"Escrito por\" \/>\n\t<meta name=\"twitter:data1\" content=\"Jacqueline ROTEN\" \/>\n\t<meta name=\"twitter:label2\" content=\"Tiempo de lectura\" \/>\n\t<meta name=\"twitter:data2\" content=\"4 minutos\" \/>\n<script type=\"application\/ld+json\" class=\"yoast-schema-graph\">{\"@context\":\"https:\\\/\\\/schema.org\",\"@graph\":[{\"@type\":\"Article\",\"@id\":\"https:\\\/\\\/www.iemj.org\\\/es\\\/attia-adolphe-1937\\\/#article\",\"isPartOf\":{\"@id\":\"https:\\\/\\\/www.iemj.org\\\/es\\\/attia-adolphe-1937\\\/\"},\"author\":{\"name\":\"Jacqueline ROTEN\",\"@id\":\"https:\\\/\\\/www.iemj.org\\\/es\\\/#\\\/schema\\\/person\\\/358e26c18aca017fcc4cc15437f7279c\"},\"headline\":\"Attia, Adolphe (1937)\",\"datePublished\":\"2024-11-07T16:15:04+00:00\",\"dateModified\":\"2024-11-12T14:34:56+00:00\",\"mainEntityOfPage\":{\"@id\":\"https:\\\/\\\/www.iemj.org\\\/es\\\/attia-adolphe-1937\\\/\"},\"wordCount\":638,\"publisher\":{\"@id\":\"https:\\\/\\\/www.iemj.org\\\/es\\\/#organization\"},\"image\":{\"@id\":\"https:\\\/\\\/www.iemj.org\\\/es\\\/attia-adolphe-1937\\\/#primaryimage\"},\"thumbnailUrl\":\"https:\\\/\\\/www.iemj.org\\\/wp-content\\\/uploads\\\/2024\\\/11\\\/Adolphe-Attia_Logo-Bio.jpg\",\"articleSection\":[\"Biograf\u00edas\"],\"inLanguage\":\"es\"},{\"@type\":\"WebPage\",\"@id\":\"https:\\\/\\\/www.iemj.org\\\/es\\\/attia-adolphe-1937\\\/\",\"url\":\"https:\\\/\\\/www.iemj.org\\\/es\\\/attia-adolphe-1937\\\/\",\"name\":\"Attia, Adolphe (1937) - Institut Europ\u00e9en des Musiques Juives\",\"isPartOf\":{\"@id\":\"https:\\\/\\\/www.iemj.org\\\/es\\\/#website\"},\"primaryImageOfPage\":{\"@id\":\"https:\\\/\\\/www.iemj.org\\\/es\\\/attia-adolphe-1937\\\/#primaryimage\"},\"image\":{\"@id\":\"https:\\\/\\\/www.iemj.org\\\/es\\\/attia-adolphe-1937\\\/#primaryimage\"},\"thumbnailUrl\":\"https:\\\/\\\/www.iemj.org\\\/wp-content\\\/uploads\\\/2024\\\/11\\\/Adolphe-Attia_Logo-Bio.jpg\",\"datePublished\":\"2024-11-07T16:15:04+00:00\",\"dateModified\":\"2024-11-12T14:34:56+00:00\",\"breadcrumb\":{\"@id\":\"https:\\\/\\\/www.iemj.org\\\/es\\\/attia-adolphe-1937\\\/#breadcrumb\"},\"inLanguage\":\"es\",\"potentialAction\":[{\"@type\":\"ReadAction\",\"target\":[\"https:\\\/\\\/www.iemj.org\\\/es\\\/attia-adolphe-1937\\\/\"]}]},{\"@type\":\"ImageObject\",\"inLanguage\":\"es\",\"@id\":\"https:\\\/\\\/www.iemj.org\\\/es\\\/attia-adolphe-1937\\\/#primaryimage\",\"url\":\"https:\\\/\\\/www.iemj.org\\\/wp-content\\\/uploads\\\/2024\\\/11\\\/Adolphe-Attia_Logo-Bio.jpg\",\"contentUrl\":\"https:\\\/\\\/www.iemj.org\\\/wp-content\\\/uploads\\\/2024\\\/11\\\/Adolphe-Attia_Logo-Bio.jpg\",\"width\":164,\"height\":218},{\"@type\":\"BreadcrumbList\",\"@id\":\"https:\\\/\\\/www.iemj.org\\\/es\\\/attia-adolphe-1937\\\/#breadcrumb\",\"itemListElement\":[{\"@type\":\"ListItem\",\"position\":1,\"name\":\"Accueil\",\"item\":\"https:\\\/\\\/www.iemj.org\\\/es\\\/\"},{\"@type\":\"ListItem\",\"position\":2,\"name\":\"Attia, Adolphe (1937)\"}]},{\"@type\":\"WebSite\",\"@id\":\"https:\\\/\\\/www.iemj.org\\\/es\\\/#website\",\"url\":\"https:\\\/\\\/www.iemj.org\\\/es\\\/\",\"name\":\"Institut Europ\u00e9en des Musiques Juives\",\"description\":\"Des traditions musicales \u00e0 la port\u00e9e de tous\",\"publisher\":{\"@id\":\"https:\\\/\\\/www.iemj.org\\\/es\\\/#organization\"},\"potentialAction\":[{\"@type\":\"SearchAction\",\"target\":{\"@type\":\"EntryPoint\",\"urlTemplate\":\"https:\\\/\\\/www.iemj.org\\\/es\\\/?s={search_term_string}\"},\"query-input\":{\"@type\":\"PropertyValueSpecification\",\"valueRequired\":true,\"valueName\":\"search_term_string\"}}],\"inLanguage\":\"es\"},{\"@type\":\"Organization\",\"@id\":\"https:\\\/\\\/www.iemj.org\\\/es\\\/#organization\",\"name\":\"Institut Europ\u00e9en des Musiques Juives\",\"url\":\"https:\\\/\\\/www.iemj.org\\\/es\\\/\",\"logo\":{\"@type\":\"ImageObject\",\"inLanguage\":\"es\",\"@id\":\"https:\\\/\\\/www.iemj.org\\\/es\\\/#\\\/schema\\\/logo\\\/image\\\/\",\"url\":\"https:\\\/\\\/www.iemj.org\\\/wp-content\\\/uploads\\\/2021\\\/09\\\/Logo-IEMJ-Paypal.jpg\",\"contentUrl\":\"https:\\\/\\\/www.iemj.org\\\/wp-content\\\/uploads\\\/2021\\\/09\\\/Logo-IEMJ-Paypal.jpg\",\"width\":150,\"height\":50,\"caption\":\"Institut Europ\u00e9en des Musiques Juives\"},\"image\":{\"@id\":\"https:\\\/\\\/www.iemj.org\\\/es\\\/#\\\/schema\\\/logo\\\/image\\\/\"},\"sameAs\":[\"https:\\\/\\\/www.facebook.com\\\/MusiquesJuives\\\/\",\"https:\\\/\\\/www.instagram.com\\\/musiquesjuives\\\/\",\"https:\\\/\\\/www.youtube.com\\\/user\\\/musiquesjuives\"]},{\"@type\":\"Person\",\"@id\":\"https:\\\/\\\/www.iemj.org\\\/es\\\/#\\\/schema\\\/person\\\/358e26c18aca017fcc4cc15437f7279c\",\"name\":\"Jacqueline ROTEN\",\"image\":{\"@type\":\"ImageObject\",\"inLanguage\":\"es\",\"@id\":\"https:\\\/\\\/secure.gravatar.com\\\/avatar\\\/5964256d6c6957de3a3505278957e0fb2a35119ac47ea41827a65301213c810b?s=96&d=mm&r=g\",\"url\":\"https:\\\/\\\/secure.gravatar.com\\\/avatar\\\/5964256d6c6957de3a3505278957e0fb2a35119ac47ea41827a65301213c810b?s=96&d=mm&r=g\",\"contentUrl\":\"https:\\\/\\\/secure.gravatar.com\\\/avatar\\\/5964256d6c6957de3a3505278957e0fb2a35119ac47ea41827a65301213c810b?s=96&d=mm&r=g\",\"caption\":\"Jacqueline ROTEN\"}}]}<\/script>\n<!-- \/ Yoast SEO plugin. -->","yoast_head_json":{"title":"Attia, Adolphe (1937) - Institut Europ\u00e9en des Musiques Juives","robots":{"index":"index","follow":"follow","max-snippet":"max-snippet:-1","max-image-preview":"max-image-preview:large","max-video-preview":"max-video-preview:-1"},"canonical":"https:\/\/www.iemj.org\/es\/attia-adolphe-1937\/","og_locale":"es_ES","og_type":"article","og_title":"Attia, Adolphe (1937) - Institut Europ\u00e9en des Musiques Juives","og_description":"Nacido el 23 de abril de 1937 en M&#8217;Sila (Argelia) en el seno de una familia modesta, Adolphe Attia fue criado por su t\u00eda en Bousaada, ya que su madre","og_url":"https:\/\/www.iemj.org\/es\/attia-adolphe-1937\/","og_site_name":"Institut Europ\u00e9en des Musiques Juives","article_publisher":"https:\/\/www.facebook.com\/MusiquesJuives\/","article_published_time":"2024-11-07T16:15:04+00:00","article_modified_time":"2024-11-12T14:34:56+00:00","og_image":[{"width":164,"height":218,"url":"https:\/\/www.iemj.org\/wp-content\/uploads\/2024\/11\/Adolphe-Attia_Logo-Bio.jpg","type":"image\/jpeg"}],"author":"Jacqueline ROTEN","twitter_card":"summary_large_image","twitter_misc":{"Escrito por":"Jacqueline ROTEN","Tiempo de lectura":"4 minutos"},"schema":{"@context":"https:\/\/schema.org","@graph":[{"@type":"Article","@id":"https:\/\/www.iemj.org\/es\/attia-adolphe-1937\/#article","isPartOf":{"@id":"https:\/\/www.iemj.org\/es\/attia-adolphe-1937\/"},"author":{"name":"Jacqueline ROTEN","@id":"https:\/\/www.iemj.org\/es\/#\/schema\/person\/358e26c18aca017fcc4cc15437f7279c"},"headline":"Attia, Adolphe (1937)","datePublished":"2024-11-07T16:15:04+00:00","dateModified":"2024-11-12T14:34:56+00:00","mainEntityOfPage":{"@id":"https:\/\/www.iemj.org\/es\/attia-adolphe-1937\/"},"wordCount":638,"publisher":{"@id":"https:\/\/www.iemj.org\/es\/#organization"},"image":{"@id":"https:\/\/www.iemj.org\/es\/attia-adolphe-1937\/#primaryimage"},"thumbnailUrl":"https:\/\/www.iemj.org\/wp-content\/uploads\/2024\/11\/Adolphe-Attia_Logo-Bio.jpg","articleSection":["Biograf\u00edas"],"inLanguage":"es"},{"@type":"WebPage","@id":"https:\/\/www.iemj.org\/es\/attia-adolphe-1937\/","url":"https:\/\/www.iemj.org\/es\/attia-adolphe-1937\/","name":"Attia, Adolphe (1937) - Institut Europ\u00e9en des Musiques Juives","isPartOf":{"@id":"https:\/\/www.iemj.org\/es\/#website"},"primaryImageOfPage":{"@id":"https:\/\/www.iemj.org\/es\/attia-adolphe-1937\/#primaryimage"},"image":{"@id":"https:\/\/www.iemj.org\/es\/attia-adolphe-1937\/#primaryimage"},"thumbnailUrl":"https:\/\/www.iemj.org\/wp-content\/uploads\/2024\/11\/Adolphe-Attia_Logo-Bio.jpg","datePublished":"2024-11-07T16:15:04+00:00","dateModified":"2024-11-12T14:34:56+00:00","breadcrumb":{"@id":"https:\/\/www.iemj.org\/es\/attia-adolphe-1937\/#breadcrumb"},"inLanguage":"es","potentialAction":[{"@type":"ReadAction","target":["https:\/\/www.iemj.org\/es\/attia-adolphe-1937\/"]}]},{"@type":"ImageObject","inLanguage":"es","@id":"https:\/\/www.iemj.org\/es\/attia-adolphe-1937\/#primaryimage","url":"https:\/\/www.iemj.org\/wp-content\/uploads\/2024\/11\/Adolphe-Attia_Logo-Bio.jpg","contentUrl":"https:\/\/www.iemj.org\/wp-content\/uploads\/2024\/11\/Adolphe-Attia_Logo-Bio.jpg","width":164,"height":218},{"@type":"BreadcrumbList","@id":"https:\/\/www.iemj.org\/es\/attia-adolphe-1937\/#breadcrumb","itemListElement":[{"@type":"ListItem","position":1,"name":"Accueil","item":"https:\/\/www.iemj.org\/es\/"},{"@type":"ListItem","position":2,"name":"Attia, Adolphe (1937)"}]},{"@type":"WebSite","@id":"https:\/\/www.iemj.org\/es\/#website","url":"https:\/\/www.iemj.org\/es\/","name":"Institut Europ\u00e9en des Musiques Juives","description":"Des traditions musicales \u00e0 la port\u00e9e de tous","publisher":{"@id":"https:\/\/www.iemj.org\/es\/#organization"},"potentialAction":[{"@type":"SearchAction","target":{"@type":"EntryPoint","urlTemplate":"https:\/\/www.iemj.org\/es\/?s={search_term_string}"},"query-input":{"@type":"PropertyValueSpecification","valueRequired":true,"valueName":"search_term_string"}}],"inLanguage":"es"},{"@type":"Organization","@id":"https:\/\/www.iemj.org\/es\/#organization","name":"Institut Europ\u00e9en des Musiques Juives","url":"https:\/\/www.iemj.org\/es\/","logo":{"@type":"ImageObject","inLanguage":"es","@id":"https:\/\/www.iemj.org\/es\/#\/schema\/logo\/image\/","url":"https:\/\/www.iemj.org\/wp-content\/uploads\/2021\/09\/Logo-IEMJ-Paypal.jpg","contentUrl":"https:\/\/www.iemj.org\/wp-content\/uploads\/2021\/09\/Logo-IEMJ-Paypal.jpg","width":150,"height":50,"caption":"Institut Europ\u00e9en des Musiques Juives"},"image":{"@id":"https:\/\/www.iemj.org\/es\/#\/schema\/logo\/image\/"},"sameAs":["https:\/\/www.facebook.com\/MusiquesJuives\/","https:\/\/www.instagram.com\/musiquesjuives\/","https:\/\/www.youtube.com\/user\/musiquesjuives"]},{"@type":"Person","@id":"https:\/\/www.iemj.org\/es\/#\/schema\/person\/358e26c18aca017fcc4cc15437f7279c","name":"Jacqueline ROTEN","image":{"@type":"ImageObject","inLanguage":"es","@id":"https:\/\/secure.gravatar.com\/avatar\/5964256d6c6957de3a3505278957e0fb2a35119ac47ea41827a65301213c810b?s=96&d=mm&r=g","url":"https:\/\/secure.gravatar.com\/avatar\/5964256d6c6957de3a3505278957e0fb2a35119ac47ea41827a65301213c810b?s=96&d=mm&r=g","contentUrl":"https:\/\/secure.gravatar.com\/avatar\/5964256d6c6957de3a3505278957e0fb2a35119ac47ea41827a65301213c810b?s=96&d=mm&r=g","caption":"Jacqueline ROTEN"}}]}},"_links":{"self":[{"href":"https:\/\/www.iemj.org\/es\/wp-json\/wp\/v2\/posts\/114727","targetHints":{"allow":["GET"]}}],"collection":[{"href":"https:\/\/www.iemj.org\/es\/wp-json\/wp\/v2\/posts"}],"about":[{"href":"https:\/\/www.iemj.org\/es\/wp-json\/wp\/v2\/types\/post"}],"author":[{"embeddable":true,"href":"https:\/\/www.iemj.org\/es\/wp-json\/wp\/v2\/users\/5"}],"replies":[{"embeddable":true,"href":"https:\/\/www.iemj.org\/es\/wp-json\/wp\/v2\/comments?post=114727"}],"version-history":[{"count":0,"href":"https:\/\/www.iemj.org\/es\/wp-json\/wp\/v2\/posts\/114727\/revisions"}],"wp:featuredmedia":[{"embeddable":true,"href":"https:\/\/www.iemj.org\/es\/wp-json\/wp\/v2\/media\/114705"}],"wp:attachment":[{"href":"https:\/\/www.iemj.org\/es\/wp-json\/wp\/v2\/media?parent=114727"}],"wp:term":[{"taxonomy":"category","embeddable":true,"href":"https:\/\/www.iemj.org\/es\/wp-json\/wp\/v2\/categories?post=114727"},{"taxonomy":"post_tag","embeddable":true,"href":"https:\/\/www.iemj.org\/es\/wp-json\/wp\/v2\/tags?post=114727"},{"taxonomy":"technique","embeddable":true,"href":"https:\/\/www.iemj.org\/es\/wp-json\/wp\/v2\/technique?post=114727"},{"taxonomy":"squelettes","embeddable":true,"href":"https:\/\/www.iemj.org\/es\/wp-json\/wp\/v2\/squelettes?post=114727"},{"taxonomy":"sujet","embeddable":true,"href":"https:\/\/www.iemj.org\/es\/wp-json\/wp\/v2\/sujet?post=114727"},{"taxonomy":"formation","embeddable":true,"href":"https:\/\/www.iemj.org\/es\/wp-json\/wp\/v2\/formation?post=114727"},{"taxonomy":"genre","embeddable":true,"href":"https:\/\/www.iemj.org\/es\/wp-json\/wp\/v2\/genre?post=114727"},{"taxonomy":"fonds","embeddable":true,"href":"https:\/\/www.iemj.org\/es\/wp-json\/wp\/v2\/fonds?post=114727"},{"taxonomy":"tradition","embeddable":true,"href":"https:\/\/www.iemj.org\/es\/wp-json\/wp\/v2\/tradition?post=114727"},{"taxonomy":"type-de-contenu","embeddable":true,"href":"https:\/\/www.iemj.org\/es\/wp-json\/wp\/v2\/type-de-contenu?post=114727"},{"taxonomy":"interprete-compositeur","embeddable":true,"href":"https:\/\/www.iemj.org\/es\/wp-json\/wp\/v2\/interprete-compositeur?post=114727"},{"taxonomy":"frise","embeddable":true,"href":"https:\/\/www.iemj.org\/es\/wp-json\/wp\/v2\/frise?post=114727"},{"taxonomy":"type-devenement","embeddable":true,"href":"https:\/\/www.iemj.org\/es\/wp-json\/wp\/v2\/type-devenement?post=114727"},{"taxonomy":"tableaux-liens-externes","embeddable":true,"href":"https:\/\/www.iemj.org\/es\/wp-json\/wp\/v2\/tableaux-liens-externes?post=114727"}],"curies":[{"name":"wp","href":"https:\/\/api.w.org\/{rel}","templated":true}]}}