{"id":115940,"date":"2024-12-04T16:43:24","date_gmt":"2024-12-04T15:43:24","guid":{"rendered":"https:\/\/www.iemj.org\/publication-de-six-nouvelles-partitions-de-serge-kaufmann\/"},"modified":"2025-08-28T16:27:32","modified_gmt":"2025-08-28T14:27:32","slug":"publication-de-six-nouvelles-partitions-de-serge-kaufmann","status":"publish","type":"post","link":"https:\/\/www.iemj.org\/es\/publication-de-six-nouvelles-partitions-de-serge-kaufmann\/","title":{"rendered":"Publicaci\u00f3n de seis nuevas partituras de Serge Kaufmann"},"content":{"rendered":"<p>Naci\u00f3 en 1930, <a href=\"https:\/\/www.iemj.org\/es\/kaufmann-serge-1930\/\">Serge Kaufmann<\/a> sigui\u00f3 sus estudios cl\u00e1sicos al Coll\u00e8ge Calvin de Ginebra y sus estudios musicales en la Schola Cantorum de Par\u00eds, bajo la direcci\u00f3n principal de Daniel Lesur. Durante los a\u00f1os de posguerra, la visi\u00f3n de una foto \u2013 Le petit gar\u00e7on du Ghetto de Varsovie (El peque\u00f1o chico del Ghetto de Varsovia) \u2013 hace cambiar radicalmente sus certezas hacia un planteamiento de preguntas interiores cuya la voz se hace cada vez m\u00e1s impetuosa: \u201c\u00bfQu\u00e9 habr\u00eda sido de m\u00ed si, en lugar de nacer en Suiza, hubiera estado al otro lado de la frontera? \u00bfNo habr\u00eda compartido tambi\u00e9n el destino de esos miles de ni\u00f1os que no tuvieron la oportunidad de crecer simplemente por haber nacido de padres o abuelos jud\u00edos? \u201c.<\/p>\n<p>Llevado por esta revelaci\u00f3n, Serge Kaufmann ha estado enriqueciendo desde casi 25 a\u00f1os el \u00e1mbito de la m\u00fasica jud\u00eda componiendo obras con nombres evocadores: <em>Suite Yiddish<\/em>, <em>Petite suite klezmer<\/em>, <em>Le Maharam de Rothenbourg<\/em>, <em>Neshama<\/em>, <em>Kol nidr\u00e9<\/em>, <em>Yesod<\/em>\u2026 Y sus compositores, aunque nunca sean construidas sobre melodias exclusivamente tradicionales, \u00a1tocan innegablemente jud\u00edo!<\/p>\n<p>Las obras orquestales, vocales y de m\u00fasica de c\u00e1mara de Serge Kaufmann han sido el objeto de varios grabaciones. Serge Kaufmann es Caballero de las Artes y las Letras.<\/p>\n<p><strong>A punto de concluir 2024, el IEMJ publica seis nuevas partituras de Serge Kaufmann<\/strong>, en papel o en formato digital, para diversos conjuntos instrumentales y vocales.<\/p>\n<p><strong>Consultar y pedir estas partituras en la tienda del IEMJ<\/strong><\/p>\n<ul>\n<li>\n<h3><a href=\"https:\/\/www.iemj.org\/es\/produit\/kaufmann-aroa-trio-pour-violon-alto-et-violoncelle\/\" target=\"_blank\" rel=\"noopener\"><em>Aroa<\/em>, Trio pour violon, alto et violoncelle<\/a><\/h3>\n<\/li>\n<li>\n<h3><a href=\"https:\/\/www.iemj.org\/es\/produit\/kaufmann-aroa-trio-pour-violon-alto-et-violoncelle-copie\/\" target=\"_blank\" rel=\"noopener\"><em>Cantabile<\/em>, 3 chants pour violoncelle, quintette \u00e0 cordes et clavecin<\/a><\/h3>\n<\/li>\n<li>\n<h3><a href=\"https:\/\/www.iemj.org\/es\/produit\/kaufmann-capriccio-chant-pour-violoncelle-seul\/\" target=\"_blank\" rel=\"noopener\"><em>Capriccio<\/em>, Chant pour violoncelle seul<\/a><\/h3>\n<\/li>\n<li>\n<h3><a href=\"https:\/\/www.iemj.org\/es\/produit\/kaufmann-kaddish-pour-violoncelle-seul\/\" target=\"_blank\" rel=\"noopener\"><em>Kaddish<\/em>, pour violoncelle solo<\/a><\/h3>\n<\/li>\n<li>\n<h3><a href=\"https:\/\/www.iemj.org\/es\/produit\/kaufmann-le-temps-dechire-poeme-pour-mezzo-soprano-et-orchestre-a-cordes\/\" target=\"_blank\" rel=\"noopener\"><em>Le temps d\u00e9chir\u00e9<\/em>, Po\u00e8me pour mezzo-soprano et orchestre \u00e0 cordes<\/a><\/h3>\n<\/li>\n<li>\n<h3><a href=\"https:\/\/www.iemj.org\/es\/produit\/kaufmann-parade-klezmer-pour-orchestre-a-vent-percussions-et-contrebasse\/\" target=\"_blank\" rel=\"noopener\"><em>Parade Klezmer<\/em>, pour orchestre \u00e0 vent, percussions et contrebasse<\/a><\/h3>\n<\/li>\n<\/ul>\n<hr \/>\n<h2><strong>Escuchar extractos de audio de :<\/strong><\/h2>\n<p><strong>Cantabile, pour violoncelle, quintette \u00e0 cordes et clavecin &#8211; 1\u00aa canci\u00f3n (Extracto)<\/strong><\/p>\n<audio class=\"wp-audio-shortcode\" id=\"audio-115940-1\" preload=\"none\" style=\"width: 100%;\" controls=\"controls\"><source type=\"audio\/mpeg\" src=\"https:\/\/www.iemj.org\/wp-content\/uploads\/2024\/12\/Cantabile_S-Kaufmann_1er-chant-Extrait.mp3?_=1\" \/><a href=\"https:\/\/www.iemj.org\/wp-content\/uploads\/2024\/12\/Cantabile_S-Kaufmann_1er-chant-Extrait.mp3\">https:\/\/www.iemj.org\/wp-content\/uploads\/2024\/12\/Cantabile_S-Kaufmann_1er-chant-Extrait.mp3<\/a><\/audio>\n<p><strong>Kaddish, para violonchelo solo, interpretado por Martine Bailly en presencia del compositor, Serge Kaufmann, en 2022 (Extracto)<\/strong><\/p>\n<audio class=\"wp-audio-shortcode\" id=\"audio-115940-2\" preload=\"none\" style=\"width: 100%;\" controls=\"controls\"><source type=\"audio\/mpeg\" src=\"https:\/\/www.iemj.org\/wp-content\/uploads\/2024\/12\/Video-2022_S-Kaufmann-M-Bailly_Kaddish-Extrait_MP3-192kbs-pour-site-IEMJ.mp3?_=2\" \/><a href=\"https:\/\/www.iemj.org\/wp-content\/uploads\/2024\/12\/Video-2022_S-Kaufmann-M-Bailly_Kaddish-Extrait_MP3-192kbs-pour-site-IEMJ.mp3\">https:\/\/www.iemj.org\/wp-content\/uploads\/2024\/12\/Video-2022_S-Kaufmann-M-Bailly_Kaddish-Extrait_MP3-192kbs-pour-site-IEMJ.mp3<\/a><\/audio>\n<p><strong>Le temps d\u00e9chir\u00e9,\u00a0 Po\u00e8me pour mezzo-soprano et orchestre \u00e0 cordes <\/strong><strong>(Extracto)<\/strong><\/p>\n<audio class=\"wp-audio-shortcode\" id=\"audio-115940-3\" preload=\"none\" style=\"width: 100%;\" controls=\"controls\"><source type=\"audio\/mpeg\" src=\"https:\/\/www.iemj.org\/wp-content\/uploads\/2024\/12\/Le-temps-dechire_S-Kaufmann-Extrait.mp3?_=3\" \/><a href=\"https:\/\/www.iemj.org\/wp-content\/uploads\/2024\/12\/Le-temps-dechire_S-Kaufmann-Extrait.mp3\">https:\/\/www.iemj.org\/wp-content\/uploads\/2024\/12\/Le-temps-dechire_S-Kaufmann-Extrait.mp3<\/a><\/audio>\n\n\n<div style=\"height:12px\" aria-hidden=\"true\" class=\"wp-block-spacer\"><\/div>\n\n\n\n<div class=\"wp-block-buttons alignwide has-white-background-color has-background is-content-justification-center is-layout-flex wp-container-core-buttons-is-layout-5590e8cb wp-block-buttons-is-layout-flex\">\n<div class=\"wp-block-button\"><a class=\"wp-block-button__link has-white-color has-text-color has-background has-link-color wp-element-button\" href=\"https:\/\/www.iemj.org\/es\/categorie-produit\/partituras-es\/compositores-es\/kaufmann-serge-es\/\" style=\"background-color:#3c4b98\" target=\"_blank\" rel=\"noreferrer noopener\">Ver todas las <strong>partituras de Serge Kaufmann en la tienda IEMJ<\/strong><\/a><\/div>\n<\/div>\n\n\n\n<div style=\"height:12px\" aria-hidden=\"true\" class=\"wp-block-spacer\"><\/div>\n\n\n\n<div class=\"wp-block-columns is-layout-flex wp-container-core-columns-is-layout-9d6595d7 wp-block-columns-is-layout-flex\">\n<div class=\"wp-block-column is-layout-flow wp-block-column-is-layout-flow\">\n<div class=\"wp-block-columns is-layout-flex wp-container-core-columns-is-layout-9d6595d7 wp-block-columns-is-layout-flex\">\n<div class=\"wp-block-column is-layout-flow wp-block-column-is-layout-flow\"><div class=\"wp-block-image\">\n<figure class=\"alignright size-large is-resized\"><a href=\"https:\/\/www.iemj.org\/es\/produit\/serge-kaufmann-ima-ou-la-mere-depossedee\/\" target=\"_blank\" rel=\" noreferrer noopener\"><img decoding=\"async\" src=\"https:\/\/www.iemj.org\/wp-content\/uploads\/2011\/04\/arton181.jpg\" alt=\"\" style=\"width:300px;height:auto\"\/><\/a><\/figure>\n<\/div><\/div>\n<\/div>\n<\/div>\n\n\n\n<div class=\"wp-block-column is-vertically-aligned-center is-layout-flow wp-block-column-is-layout-flow\">\n<div class=\"wp-block-columns is-layout-flex wp-container-core-columns-is-layout-9d6595d7 wp-block-columns-is-layout-flex\">\n<div class=\"wp-block-column is-layout-flow wp-block-column-is-layout-flow\"><\/div>\n\n\n\n<div class=\"wp-block-column is-layout-flow wp-block-column-is-layout-flow\"><\/div>\n<\/div>\n\n\n\n<div class=\"wp-block-buttons is-layout-flex wp-block-buttons-is-layout-flex\">\n<div class=\"wp-block-button\"><a class=\"wp-block-button__link has-white-color has-text-color has-background has-link-color wp-element-button\" href=\"https:\/\/www.iemj.org\/es\/produit\/serge-kaufmann-ima-ou-la-mere-depossedee\/\" style=\"background-color:#3c4b98\" target=\"_blank\" rel=\"noreferrer noopener\">Pedir el CD (f\u00edsico o digital) de Serge Kaufmann,&nbsp;<strong>Ima ou la m\u00e8re&nbsp;d\u00e9poss\u00e9d\u00e9e<\/strong><\/a><\/div>\n<\/div>\n<\/div>\n<\/div>\n\n\n<div class=\"wp-block-image\">\n<figure class=\"aligncenter size-large\"><img fetchpriority=\"high\" decoding=\"async\" width=\"1024\" height=\"133\" src=\"https:\/\/www.iemj.org\/wp-content\/uploads\/2024\/03\/AUDIO-PLAYER-1024x133.png\" alt=\"\" class=\"wp-image-110610\" srcset=\"https:\/\/www.iemj.org\/wp-content\/uploads\/2024\/03\/AUDIO-PLAYER-1024x133.png 1024w, https:\/\/www.iemj.org\/wp-content\/uploads\/2024\/03\/AUDIO-PLAYER-300x39.png 300w, https:\/\/www.iemj.org\/wp-content\/uploads\/2024\/03\/AUDIO-PLAYER-768x100.png 768w, https:\/\/www.iemj.org\/wp-content\/uploads\/2024\/03\/AUDIO-PLAYER-600x78.png 600w, https:\/\/www.iemj.org\/wp-content\/uploads\/2024\/03\/AUDIO-PLAYER.png 1210w\" sizes=\"(max-width: 1024px) 100vw, 1024px\" \/><\/figure>\n<\/div>","protected":false},"excerpt":{"rendered":"<p>Naci\u00f3 en 1930, Serge Kaufmann sigui\u00f3 sus estudios cl\u00e1sicos al Coll\u00e8ge Calvin de Ginebra y sus estudios musicales en la Schola Cantorum de Par\u00eds, bajo la direcci\u00f3n principal de Daniel<\/p>\n","protected":false},"author":5,"featured_media":115558,"comment_status":"closed","ping_status":"closed","sticky":false,"template":"","format":"standard","meta":{"_acf_changed":false,"footnotes":""},"categories":[1398,1391],"tags":[],"technique":[],"squelettes":[],"sujet":[],"formation":[],"genre":[1899],"fonds":[],"tradition":[],"type-de-contenu":[],"interprete-compositeur":[3292],"frise":[],"type-devenement":[],"tableaux-liens-externes":[],"class_list":["post-115940","post","type-post","status-publish","format-standard","has-post-thumbnail","hentry","category-partituras-iemj-es","category-publicaciones-es","genre-musica-clasica-es","interprete-compositeur-serge-kaufmann-es"],"acf":[],"yoast_head":"<!-- This site is optimized with the Yoast SEO plugin v27.3 - https:\/\/yoast.com\/product\/yoast-seo-wordpress\/ -->\n<title>Publicaci\u00f3n de seis nuevas partituras de Serge Kaufmann - Institut Europ\u00e9en des Musiques Juives<\/title>\n<meta name=\"robots\" content=\"index, follow, max-snippet:-1, max-image-preview:large, max-video-preview:-1\" \/>\n<link rel=\"canonical\" href=\"https:\/\/www.iemj.org\/es\/publication-de-six-nouvelles-partitions-de-serge-kaufmann\/\" \/>\n<meta property=\"og:locale\" content=\"es_ES\" \/>\n<meta property=\"og:type\" content=\"article\" \/>\n<meta property=\"og:title\" content=\"Publicaci\u00f3n de seis nuevas partituras de Serge Kaufmann - Institut Europ\u00e9en des Musiques Juives\" \/>\n<meta property=\"og:description\" content=\"Naci\u00f3 en 1930, Serge Kaufmann sigui\u00f3 sus estudios cl\u00e1sicos al Coll\u00e8ge Calvin de Ginebra y sus estudios musicales en la Schola Cantorum de Par\u00eds, bajo la direcci\u00f3n principal de Daniel\" \/>\n<meta property=\"og:url\" content=\"https:\/\/www.iemj.org\/es\/publication-de-six-nouvelles-partitions-de-serge-kaufmann\/\" \/>\n<meta property=\"og:site_name\" content=\"Institut Europ\u00e9en des Musiques Juives\" \/>\n<meta property=\"article:publisher\" content=\"https:\/\/www.facebook.com\/MusiquesJuives\/\" \/>\n<meta property=\"article:published_time\" content=\"2024-12-04T15:43:24+00:00\" \/>\n<meta property=\"article:modified_time\" content=\"2025-08-28T14:27:32+00:00\" \/>\n<meta property=\"og:image\" content=\"https:\/\/www.iemj.org\/wp-content\/uploads\/2024\/12\/logo.jpg\" \/>\n\t<meta property=\"og:image:width\" content=\"500\" \/>\n\t<meta property=\"og:image:height\" content=\"500\" \/>\n\t<meta property=\"og:image:type\" content=\"image\/jpeg\" \/>\n<meta name=\"author\" content=\"Jacqueline ROTEN\" \/>\n<meta name=\"twitter:card\" content=\"summary_large_image\" \/>\n<meta name=\"twitter:label1\" content=\"Escrito por\" \/>\n\t<meta name=\"twitter:data1\" content=\"Jacqueline ROTEN\" \/>\n\t<meta name=\"twitter:label2\" content=\"Tiempo de lectura\" \/>\n\t<meta name=\"twitter:data2\" content=\"3 minutos\" \/>\n<script type=\"application\/ld+json\" class=\"yoast-schema-graph\">{\"@context\":\"https:\\\/\\\/schema.org\",\"@graph\":[{\"@type\":\"Article\",\"@id\":\"https:\\\/\\\/www.iemj.org\\\/es\\\/publication-de-six-nouvelles-partitions-de-serge-kaufmann\\\/#article\",\"isPartOf\":{\"@id\":\"https:\\\/\\\/www.iemj.org\\\/es\\\/publication-de-six-nouvelles-partitions-de-serge-kaufmann\\\/\"},\"author\":{\"name\":\"Jacqueline ROTEN\",\"@id\":\"https:\\\/\\\/www.iemj.org\\\/es\\\/#\\\/schema\\\/person\\\/358e26c18aca017fcc4cc15437f7279c\"},\"headline\":\"Publicaci\u00f3n de seis nuevas partituras de Serge Kaufmann\",\"datePublished\":\"2024-12-04T15:43:24+00:00\",\"dateModified\":\"2025-08-28T14:27:32+00:00\",\"mainEntityOfPage\":{\"@id\":\"https:\\\/\\\/www.iemj.org\\\/es\\\/publication-de-six-nouvelles-partitions-de-serge-kaufmann\\\/\"},\"wordCount\":425,\"publisher\":{\"@id\":\"https:\\\/\\\/www.iemj.org\\\/es\\\/#organization\"},\"image\":{\"@id\":\"https:\\\/\\\/www.iemj.org\\\/es\\\/publication-de-six-nouvelles-partitions-de-serge-kaufmann\\\/#primaryimage\"},\"thumbnailUrl\":\"https:\\\/\\\/www.iemj.org\\\/wp-content\\\/uploads\\\/2024\\\/12\\\/logo.jpg\",\"articleSection\":[\"Partituras IEMJ\",\"Publicaciones\"],\"inLanguage\":\"es\"},{\"@type\":\"WebPage\",\"@id\":\"https:\\\/\\\/www.iemj.org\\\/es\\\/publication-de-six-nouvelles-partitions-de-serge-kaufmann\\\/\",\"url\":\"https:\\\/\\\/www.iemj.org\\\/es\\\/publication-de-six-nouvelles-partitions-de-serge-kaufmann\\\/\",\"name\":\"Publicaci\u00f3n de seis nuevas partituras de Serge Kaufmann - Institut Europ\u00e9en des Musiques Juives\",\"isPartOf\":{\"@id\":\"https:\\\/\\\/www.iemj.org\\\/es\\\/#website\"},\"primaryImageOfPage\":{\"@id\":\"https:\\\/\\\/www.iemj.org\\\/es\\\/publication-de-six-nouvelles-partitions-de-serge-kaufmann\\\/#primaryimage\"},\"image\":{\"@id\":\"https:\\\/\\\/www.iemj.org\\\/es\\\/publication-de-six-nouvelles-partitions-de-serge-kaufmann\\\/#primaryimage\"},\"thumbnailUrl\":\"https:\\\/\\\/www.iemj.org\\\/wp-content\\\/uploads\\\/2024\\\/12\\\/logo.jpg\",\"datePublished\":\"2024-12-04T15:43:24+00:00\",\"dateModified\":\"2025-08-28T14:27:32+00:00\",\"breadcrumb\":{\"@id\":\"https:\\\/\\\/www.iemj.org\\\/es\\\/publication-de-six-nouvelles-partitions-de-serge-kaufmann\\\/#breadcrumb\"},\"inLanguage\":\"es\",\"potentialAction\":[{\"@type\":\"ReadAction\",\"target\":[\"https:\\\/\\\/www.iemj.org\\\/es\\\/publication-de-six-nouvelles-partitions-de-serge-kaufmann\\\/\"]}]},{\"@type\":\"ImageObject\",\"inLanguage\":\"es\",\"@id\":\"https:\\\/\\\/www.iemj.org\\\/es\\\/publication-de-six-nouvelles-partitions-de-serge-kaufmann\\\/#primaryimage\",\"url\":\"https:\\\/\\\/www.iemj.org\\\/wp-content\\\/uploads\\\/2024\\\/12\\\/logo.jpg\",\"contentUrl\":\"https:\\\/\\\/www.iemj.org\\\/wp-content\\\/uploads\\\/2024\\\/12\\\/logo.jpg\",\"width\":500,\"height\":500},{\"@type\":\"BreadcrumbList\",\"@id\":\"https:\\\/\\\/www.iemj.org\\\/es\\\/publication-de-six-nouvelles-partitions-de-serge-kaufmann\\\/#breadcrumb\",\"itemListElement\":[{\"@type\":\"ListItem\",\"position\":1,\"name\":\"Accueil\",\"item\":\"https:\\\/\\\/www.iemj.org\\\/es\\\/\"},{\"@type\":\"ListItem\",\"position\":2,\"name\":\"Publicaci\u00f3n de seis nuevas partituras de Serge Kaufmann\"}]},{\"@type\":\"WebSite\",\"@id\":\"https:\\\/\\\/www.iemj.org\\\/es\\\/#website\",\"url\":\"https:\\\/\\\/www.iemj.org\\\/es\\\/\",\"name\":\"Institut Europ\u00e9en des Musiques Juives\",\"description\":\"Des traditions musicales \u00e0 la port\u00e9e de tous\",\"publisher\":{\"@id\":\"https:\\\/\\\/www.iemj.org\\\/es\\\/#organization\"},\"potentialAction\":[{\"@type\":\"SearchAction\",\"target\":{\"@type\":\"EntryPoint\",\"urlTemplate\":\"https:\\\/\\\/www.iemj.org\\\/es\\\/?s={search_term_string}\"},\"query-input\":{\"@type\":\"PropertyValueSpecification\",\"valueRequired\":true,\"valueName\":\"search_term_string\"}}],\"inLanguage\":\"es\"},{\"@type\":\"Organization\",\"@id\":\"https:\\\/\\\/www.iemj.org\\\/es\\\/#organization\",\"name\":\"Institut Europ\u00e9en des Musiques Juives\",\"url\":\"https:\\\/\\\/www.iemj.org\\\/es\\\/\",\"logo\":{\"@type\":\"ImageObject\",\"inLanguage\":\"es\",\"@id\":\"https:\\\/\\\/www.iemj.org\\\/es\\\/#\\\/schema\\\/logo\\\/image\\\/\",\"url\":\"https:\\\/\\\/www.iemj.org\\\/wp-content\\\/uploads\\\/2021\\\/09\\\/Logo-IEMJ-Paypal.jpg\",\"contentUrl\":\"https:\\\/\\\/www.iemj.org\\\/wp-content\\\/uploads\\\/2021\\\/09\\\/Logo-IEMJ-Paypal.jpg\",\"width\":150,\"height\":50,\"caption\":\"Institut Europ\u00e9en des Musiques Juives\"},\"image\":{\"@id\":\"https:\\\/\\\/www.iemj.org\\\/es\\\/#\\\/schema\\\/logo\\\/image\\\/\"},\"sameAs\":[\"https:\\\/\\\/www.facebook.com\\\/MusiquesJuives\\\/\",\"https:\\\/\\\/www.instagram.com\\\/musiquesjuives\\\/\",\"https:\\\/\\\/www.youtube.com\\\/user\\\/musiquesjuives\"]},{\"@type\":\"Person\",\"@id\":\"https:\\\/\\\/www.iemj.org\\\/es\\\/#\\\/schema\\\/person\\\/358e26c18aca017fcc4cc15437f7279c\",\"name\":\"Jacqueline ROTEN\",\"image\":{\"@type\":\"ImageObject\",\"inLanguage\":\"es\",\"@id\":\"https:\\\/\\\/secure.gravatar.com\\\/avatar\\\/5964256d6c6957de3a3505278957e0fb2a35119ac47ea41827a65301213c810b?s=96&d=mm&r=g\",\"url\":\"https:\\\/\\\/secure.gravatar.com\\\/avatar\\\/5964256d6c6957de3a3505278957e0fb2a35119ac47ea41827a65301213c810b?s=96&d=mm&r=g\",\"contentUrl\":\"https:\\\/\\\/secure.gravatar.com\\\/avatar\\\/5964256d6c6957de3a3505278957e0fb2a35119ac47ea41827a65301213c810b?s=96&d=mm&r=g\",\"caption\":\"Jacqueline ROTEN\"}}]}<\/script>\n<!-- \/ Yoast SEO plugin. -->","yoast_head_json":{"title":"Publicaci\u00f3n de seis nuevas partituras de Serge Kaufmann - Institut Europ\u00e9en des Musiques Juives","robots":{"index":"index","follow":"follow","max-snippet":"max-snippet:-1","max-image-preview":"max-image-preview:large","max-video-preview":"max-video-preview:-1"},"canonical":"https:\/\/www.iemj.org\/es\/publication-de-six-nouvelles-partitions-de-serge-kaufmann\/","og_locale":"es_ES","og_type":"article","og_title":"Publicaci\u00f3n de seis nuevas partituras de Serge Kaufmann - Institut Europ\u00e9en des Musiques Juives","og_description":"Naci\u00f3 en 1930, Serge Kaufmann sigui\u00f3 sus estudios cl\u00e1sicos al Coll\u00e8ge Calvin de Ginebra y sus estudios musicales en la Schola Cantorum de Par\u00eds, bajo la direcci\u00f3n principal de Daniel","og_url":"https:\/\/www.iemj.org\/es\/publication-de-six-nouvelles-partitions-de-serge-kaufmann\/","og_site_name":"Institut Europ\u00e9en des Musiques Juives","article_publisher":"https:\/\/www.facebook.com\/MusiquesJuives\/","article_published_time":"2024-12-04T15:43:24+00:00","article_modified_time":"2025-08-28T14:27:32+00:00","og_image":[{"width":500,"height":500,"url":"https:\/\/www.iemj.org\/wp-content\/uploads\/2024\/12\/logo.jpg","type":"image\/jpeg"}],"author":"Jacqueline ROTEN","twitter_card":"summary_large_image","twitter_misc":{"Escrito por":"Jacqueline ROTEN","Tiempo de lectura":"3 minutos"},"schema":{"@context":"https:\/\/schema.org","@graph":[{"@type":"Article","@id":"https:\/\/www.iemj.org\/es\/publication-de-six-nouvelles-partitions-de-serge-kaufmann\/#article","isPartOf":{"@id":"https:\/\/www.iemj.org\/es\/publication-de-six-nouvelles-partitions-de-serge-kaufmann\/"},"author":{"name":"Jacqueline ROTEN","@id":"https:\/\/www.iemj.org\/es\/#\/schema\/person\/358e26c18aca017fcc4cc15437f7279c"},"headline":"Publicaci\u00f3n de seis nuevas partituras de Serge Kaufmann","datePublished":"2024-12-04T15:43:24+00:00","dateModified":"2025-08-28T14:27:32+00:00","mainEntityOfPage":{"@id":"https:\/\/www.iemj.org\/es\/publication-de-six-nouvelles-partitions-de-serge-kaufmann\/"},"wordCount":425,"publisher":{"@id":"https:\/\/www.iemj.org\/es\/#organization"},"image":{"@id":"https:\/\/www.iemj.org\/es\/publication-de-six-nouvelles-partitions-de-serge-kaufmann\/#primaryimage"},"thumbnailUrl":"https:\/\/www.iemj.org\/wp-content\/uploads\/2024\/12\/logo.jpg","articleSection":["Partituras IEMJ","Publicaciones"],"inLanguage":"es"},{"@type":"WebPage","@id":"https:\/\/www.iemj.org\/es\/publication-de-six-nouvelles-partitions-de-serge-kaufmann\/","url":"https:\/\/www.iemj.org\/es\/publication-de-six-nouvelles-partitions-de-serge-kaufmann\/","name":"Publicaci\u00f3n de seis nuevas partituras de Serge Kaufmann - Institut Europ\u00e9en des Musiques Juives","isPartOf":{"@id":"https:\/\/www.iemj.org\/es\/#website"},"primaryImageOfPage":{"@id":"https:\/\/www.iemj.org\/es\/publication-de-six-nouvelles-partitions-de-serge-kaufmann\/#primaryimage"},"image":{"@id":"https:\/\/www.iemj.org\/es\/publication-de-six-nouvelles-partitions-de-serge-kaufmann\/#primaryimage"},"thumbnailUrl":"https:\/\/www.iemj.org\/wp-content\/uploads\/2024\/12\/logo.jpg","datePublished":"2024-12-04T15:43:24+00:00","dateModified":"2025-08-28T14:27:32+00:00","breadcrumb":{"@id":"https:\/\/www.iemj.org\/es\/publication-de-six-nouvelles-partitions-de-serge-kaufmann\/#breadcrumb"},"inLanguage":"es","potentialAction":[{"@type":"ReadAction","target":["https:\/\/www.iemj.org\/es\/publication-de-six-nouvelles-partitions-de-serge-kaufmann\/"]}]},{"@type":"ImageObject","inLanguage":"es","@id":"https:\/\/www.iemj.org\/es\/publication-de-six-nouvelles-partitions-de-serge-kaufmann\/#primaryimage","url":"https:\/\/www.iemj.org\/wp-content\/uploads\/2024\/12\/logo.jpg","contentUrl":"https:\/\/www.iemj.org\/wp-content\/uploads\/2024\/12\/logo.jpg","width":500,"height":500},{"@type":"BreadcrumbList","@id":"https:\/\/www.iemj.org\/es\/publication-de-six-nouvelles-partitions-de-serge-kaufmann\/#breadcrumb","itemListElement":[{"@type":"ListItem","position":1,"name":"Accueil","item":"https:\/\/www.iemj.org\/es\/"},{"@type":"ListItem","position":2,"name":"Publicaci\u00f3n de seis nuevas partituras de Serge Kaufmann"}]},{"@type":"WebSite","@id":"https:\/\/www.iemj.org\/es\/#website","url":"https:\/\/www.iemj.org\/es\/","name":"Institut Europ\u00e9en des Musiques Juives","description":"Des traditions musicales \u00e0 la port\u00e9e de tous","publisher":{"@id":"https:\/\/www.iemj.org\/es\/#organization"},"potentialAction":[{"@type":"SearchAction","target":{"@type":"EntryPoint","urlTemplate":"https:\/\/www.iemj.org\/es\/?s={search_term_string}"},"query-input":{"@type":"PropertyValueSpecification","valueRequired":true,"valueName":"search_term_string"}}],"inLanguage":"es"},{"@type":"Organization","@id":"https:\/\/www.iemj.org\/es\/#organization","name":"Institut Europ\u00e9en des Musiques Juives","url":"https:\/\/www.iemj.org\/es\/","logo":{"@type":"ImageObject","inLanguage":"es","@id":"https:\/\/www.iemj.org\/es\/#\/schema\/logo\/image\/","url":"https:\/\/www.iemj.org\/wp-content\/uploads\/2021\/09\/Logo-IEMJ-Paypal.jpg","contentUrl":"https:\/\/www.iemj.org\/wp-content\/uploads\/2021\/09\/Logo-IEMJ-Paypal.jpg","width":150,"height":50,"caption":"Institut Europ\u00e9en des Musiques Juives"},"image":{"@id":"https:\/\/www.iemj.org\/es\/#\/schema\/logo\/image\/"},"sameAs":["https:\/\/www.facebook.com\/MusiquesJuives\/","https:\/\/www.instagram.com\/musiquesjuives\/","https:\/\/www.youtube.com\/user\/musiquesjuives"]},{"@type":"Person","@id":"https:\/\/www.iemj.org\/es\/#\/schema\/person\/358e26c18aca017fcc4cc15437f7279c","name":"Jacqueline ROTEN","image":{"@type":"ImageObject","inLanguage":"es","@id":"https:\/\/secure.gravatar.com\/avatar\/5964256d6c6957de3a3505278957e0fb2a35119ac47ea41827a65301213c810b?s=96&d=mm&r=g","url":"https:\/\/secure.gravatar.com\/avatar\/5964256d6c6957de3a3505278957e0fb2a35119ac47ea41827a65301213c810b?s=96&d=mm&r=g","contentUrl":"https:\/\/secure.gravatar.com\/avatar\/5964256d6c6957de3a3505278957e0fb2a35119ac47ea41827a65301213c810b?s=96&d=mm&r=g","caption":"Jacqueline ROTEN"}}]}},"_links":{"self":[{"href":"https:\/\/www.iemj.org\/es\/wp-json\/wp\/v2\/posts\/115940","targetHints":{"allow":["GET"]}}],"collection":[{"href":"https:\/\/www.iemj.org\/es\/wp-json\/wp\/v2\/posts"}],"about":[{"href":"https:\/\/www.iemj.org\/es\/wp-json\/wp\/v2\/types\/post"}],"author":[{"embeddable":true,"href":"https:\/\/www.iemj.org\/es\/wp-json\/wp\/v2\/users\/5"}],"replies":[{"embeddable":true,"href":"https:\/\/www.iemj.org\/es\/wp-json\/wp\/v2\/comments?post=115940"}],"version-history":[{"count":0,"href":"https:\/\/www.iemj.org\/es\/wp-json\/wp\/v2\/posts\/115940\/revisions"}],"wp:featuredmedia":[{"embeddable":true,"href":"https:\/\/www.iemj.org\/es\/wp-json\/wp\/v2\/media\/115558"}],"wp:attachment":[{"href":"https:\/\/www.iemj.org\/es\/wp-json\/wp\/v2\/media?parent=115940"}],"wp:term":[{"taxonomy":"category","embeddable":true,"href":"https:\/\/www.iemj.org\/es\/wp-json\/wp\/v2\/categories?post=115940"},{"taxonomy":"post_tag","embeddable":true,"href":"https:\/\/www.iemj.org\/es\/wp-json\/wp\/v2\/tags?post=115940"},{"taxonomy":"technique","embeddable":true,"href":"https:\/\/www.iemj.org\/es\/wp-json\/wp\/v2\/technique?post=115940"},{"taxonomy":"squelettes","embeddable":true,"href":"https:\/\/www.iemj.org\/es\/wp-json\/wp\/v2\/squelettes?post=115940"},{"taxonomy":"sujet","embeddable":true,"href":"https:\/\/www.iemj.org\/es\/wp-json\/wp\/v2\/sujet?post=115940"},{"taxonomy":"formation","embeddable":true,"href":"https:\/\/www.iemj.org\/es\/wp-json\/wp\/v2\/formation?post=115940"},{"taxonomy":"genre","embeddable":true,"href":"https:\/\/www.iemj.org\/es\/wp-json\/wp\/v2\/genre?post=115940"},{"taxonomy":"fonds","embeddable":true,"href":"https:\/\/www.iemj.org\/es\/wp-json\/wp\/v2\/fonds?post=115940"},{"taxonomy":"tradition","embeddable":true,"href":"https:\/\/www.iemj.org\/es\/wp-json\/wp\/v2\/tradition?post=115940"},{"taxonomy":"type-de-contenu","embeddable":true,"href":"https:\/\/www.iemj.org\/es\/wp-json\/wp\/v2\/type-de-contenu?post=115940"},{"taxonomy":"interprete-compositeur","embeddable":true,"href":"https:\/\/www.iemj.org\/es\/wp-json\/wp\/v2\/interprete-compositeur?post=115940"},{"taxonomy":"frise","embeddable":true,"href":"https:\/\/www.iemj.org\/es\/wp-json\/wp\/v2\/frise?post=115940"},{"taxonomy":"type-devenement","embeddable":true,"href":"https:\/\/www.iemj.org\/es\/wp-json\/wp\/v2\/type-devenement?post=115940"},{"taxonomy":"tableaux-liens-externes","embeddable":true,"href":"https:\/\/www.iemj.org\/es\/wp-json\/wp\/v2\/tableaux-liens-externes?post=115940"}],"curies":[{"name":"wp","href":"https:\/\/api.w.org\/{rel}","templated":true}]}}