{"id":115995,"date":"2024-12-05T11:41:11","date_gmt":"2024-12-05T10:41:11","guid":{"rendered":"https:\/\/www.iemj.org\/cantata-shma-kolenu-une-oeuvre-majeure-de-itai-daniel-enfin-disponible-sur-partition\/"},"modified":"2025-08-28T16:34:25","modified_gmt":"2025-08-28T14:34:25","slug":"cantata-shma-kolenu-une-oeuvre-majeure-de-itai-daniel-enfin-disponible-sur-partition","status":"publish","type":"post","link":"https:\/\/www.iemj.org\/es\/cantata-shma-kolenu-une-oeuvre-majeure-de-itai-daniel-enfin-disponible-sur-partition\/","title":{"rendered":"Cantata Shma Kolenu de Ita\u00ef Daniel, \u00a1por fin disponible en partituras!"},"content":{"rendered":"<p>El Instituto Europeo de las M\u00fasicas Jud\u00edas se complace en anunciar la publicaci\u00f3n de la <strong>Cantata Shma kolenu<\/strong>, una obra mayor de <a href=\"https:\/\/www.iemj.org\/es\/daniel-itai-1967\/\" target=\"_blank\" rel=\"noopener\">lta\u00ef Daniel<\/a>, para coro a 4 voces, bar\u00edtono solista, clarinete en La y tr\u00edo de cuerda.<\/p>\n<p>Nacido en Israel en 1967, Ita\u00ef Daniel, compositor, pianista y director de orquesta, estudi\u00f3 m\u00fasica en la Academia de M\u00fasica de la Universidad de Tel Aviv y despu\u00e9s en el Instituto de M\u00fasica de Cleveland, en Estados Unidos. Instalado en Par\u00eds desde 2004, Ita\u00ef Daniel decidi\u00f3 dedicarse a la composici\u00f3n. Director del <a href=\"https:\/\/www.iemj.org\/lensemble-choral-copernic-et-voci-copernic\/\" target=\"_blank\" rel=\"noopener\">Ensemble Choral Copernic<\/a> desde 2009, ha compuesto numerosas piezas de m\u00fasica lit\u00fargica y popular jud\u00eda para este conjunto.<\/p>\n<p>Sus principales obras de la tradici\u00f3n jud\u00eda incluyen tres grandes cantatas (<em>Mahzor Hayim<\/em>, <em>Shma Kolenu<\/em> et <em>B&#8217;resh\u00eft<\/em>) y numerosas composiciones, grandes y peque\u00f1as, basadas en las principales oraciones y textos jud\u00edos (<em>Kaddish<\/em>, <em>Oseh Shalom<\/em>, <em>Adon Olam, Kol Nidrei<\/em>, <em>Yotzer<\/em>, <em>Haskivenu<\/em>, <em>Shalom Rav<\/em> y muchas otras).<\/p>\n<p>Tras publicar la cantata <a href=\"https:\/\/www.iemj.org\/es\/itai-daniel-mahzor-hayim\/\" target=\"_blank\" rel=\"noopener\"><em>Mahzor Hayim<\/em><\/a> en CD en 2018, el Institut Europ\u00e9en des Musiques Juives publicar\u00e1 <em>Shma Kolenu<\/em>, una de las partituras m\u00e1s imponentes y l\u00edricas de Ita\u00ef Daniel, a finales de 2024.<\/p>\n<p>Desde 2018, el IEMJ ha publicado m\u00e1s de treinta obras de Itai Daniel. La <em>Cantata Shma Kolenu<\/em> se publica <strong>en formato impreso y digital<\/strong>:<\/p>\n<h2><strong>Escuchar extractos de audio de :<\/strong><\/h2>\n<p><strong>Cantata Shma Kolenu &#8211; Avinu Malkenu (2\u00ba Mvt) &#8211; Acompa\u00f1amiento de piano solo (Extracto)<\/strong><\/p>\n<audio class=\"wp-audio-shortcode\" id=\"audio-115995-1\" preload=\"none\" style=\"width: 100%;\" controls=\"controls\"><source type=\"audio\/mpeg\" src=\"https:\/\/www.iemj.org\/wp-content\/uploads\/2024\/12\/Cantata-Shma-Kolenu_Avinu-Malkenu-extract-mvt2_Accompaniment-with-piano-only.mp3?_=1\" \/><a href=\"https:\/\/www.iemj.org\/wp-content\/uploads\/2024\/12\/Cantata-Shma-Kolenu_Avinu-Malkenu-extract-mvt2_Accompaniment-with-piano-only.mp3\">https:\/\/www.iemj.org\/wp-content\/uploads\/2024\/12\/Cantata-Shma-Kolenu_Avinu-Malkenu-extract-mvt2_Accompaniment-with-piano-only.mp3<\/a><\/audio>\n<p><strong>Cantata Shma Kolenu &#8211; Slakh (3er Mvt) &#8211; Acompa\u00f1amiento de piano solo (Extracto)<\/strong><\/p>\n<audio class=\"wp-audio-shortcode\" id=\"audio-115995-2\" preload=\"none\" style=\"width: 100%;\" controls=\"controls\"><source type=\"audio\/mpeg\" src=\"https:\/\/www.iemj.org\/wp-content\/uploads\/2024\/12\/Cantata-Shma-Kolenu_Slakh-extract-mvt3_Accompaniment-with-piano-only.mp3?_=2\" \/><a href=\"https:\/\/www.iemj.org\/wp-content\/uploads\/2024\/12\/Cantata-Shma-Kolenu_Slakh-extract-mvt3_Accompaniment-with-piano-only.mp3\">https:\/\/www.iemj.org\/wp-content\/uploads\/2024\/12\/Cantata-Shma-Kolenu_Slakh-extract-mvt3_Accompaniment-with-piano-only.mp3<\/a><\/audio>\n\n\n<div class=\"wp-block-buttons is-content-justification-center is-layout-flex wp-container-core-buttons-is-layout-16018d1d wp-block-buttons-is-layout-flex\">\n<div class=\"wp-block-button\"><a class=\"wp-block-button__link has-white-color has-text-color has-background has-link-color wp-element-button\" href=\"https:\/\/www.iemj.org\/es\/produit\/daniel-cantata-shma-kolenu-for-choir-baritone-solo-clarinet-in-a-and-string-trio\/\" style=\"background-color:#3c4b98\" target=\"_blank\" rel=\"noreferrer noopener\">Pedir la <strong>Cantata Shma Kolenu<\/strong><\/a><\/div>\n<\/div>\n\n\n\n<div style=\"height:10px\" aria-hidden=\"true\" class=\"wp-block-spacer\"><\/div>\n\n\n\n<div class=\"wp-block-buttons alignwide has-white-background-color has-background is-content-justification-center is-layout-flex wp-container-core-buttons-is-layout-16018d1d wp-block-buttons-is-layout-flex\">\n<div class=\"wp-block-button\"><a class=\"wp-block-button__link has-white-color has-text-color has-background has-link-color wp-element-button\" href=\"https:\/\/www.iemj.org\/es\/categorie-produit\/partituras-es\/compositores-es\/daniel-itai-es\/\" style=\"background-color:#3c4b98\" target=\"_blank\" rel=\"noreferrer noopener\">Ver todas las partituras de <strong>Ita\u00ef Daniel en la tienda IEMJ<\/strong><\/a><\/div>\n<\/div>\n\n\n\n<div class=\"wp-block-columns alignwide are-vertically-aligned-center is-layout-flex wp-container-core-columns-is-layout-9d6595d7 wp-block-columns-is-layout-flex\">\n<div class=\"wp-block-column is-vertically-aligned-center is-layout-flow wp-block-column-is-layout-flow\" style=\"flex-basis:33.33%\"><div class=\"wp-block-image\">\n<figure class=\"alignright size-full is-resized\"><a href=\"https:\/\/www.iemj.org\/es\/produit\/itai-daniel-mahzor-hayim\/\" target=\"_blank\" rel=\" noreferrer noopener\"><img decoding=\"async\" width=\"223\" height=\"220\" src=\"https:\/\/www.iemj.org\/wp-content\/uploads\/2018\/11\/mahzor.jpg\" alt=\"mahzor.jpg\" class=\"wp-image-21886\" style=\"width:198px;height:auto\" srcset=\"https:\/\/www.iemj.org\/wp-content\/uploads\/2018\/11\/mahzor.jpg 223w, https:\/\/www.iemj.org\/wp-content\/uploads\/2018\/11\/mahzor-100x100.jpg 100w\" sizes=\"(max-width: 223px) 100vw, 223px\" \/><\/a><\/figure>\n<\/div><\/div>\n\n\n\n<div class=\"wp-block-column is-vertically-aligned-center is-layout-flow wp-block-column-is-layout-flow\" style=\"flex-basis:66.66%\">\n<div class=\"wp-block-buttons is-layout-flex wp-block-buttons-is-layout-flex\">\n<div class=\"wp-block-button\"><a class=\"wp-block-button__link has-white-color has-text-color has-background has-link-color wp-element-button\" href=\"https:\/\/www.iemj.org\/es\/produit\/itai-daniel-mahzor-hayim\/\" style=\"background-color:#3c4b98\">Pedir el CD <strong>Mahzor Hayim<\/strong><\/a><\/div>\n<\/div>\n<\/div>\n<\/div>\n\n\n<div class=\"wp-block-image\">\n<figure class=\"aligncenter size-large\"><img fetchpriority=\"high\" decoding=\"async\" width=\"1024\" height=\"133\" src=\"https:\/\/www.iemj.org\/wp-content\/uploads\/2024\/03\/AUDIO-PLAYER-1024x133.png\" alt=\"\" class=\"wp-image-110610\" srcset=\"https:\/\/www.iemj.org\/wp-content\/uploads\/2024\/03\/AUDIO-PLAYER-1024x133.png 1024w, https:\/\/www.iemj.org\/wp-content\/uploads\/2024\/03\/AUDIO-PLAYER-300x39.png 300w, https:\/\/www.iemj.org\/wp-content\/uploads\/2024\/03\/AUDIO-PLAYER-768x100.png 768w, https:\/\/www.iemj.org\/wp-content\/uploads\/2024\/03\/AUDIO-PLAYER-600x78.png 600w, https:\/\/www.iemj.org\/wp-content\/uploads\/2024\/03\/AUDIO-PLAYER.png 1210w\" sizes=\"(max-width: 1024px) 100vw, 1024px\" \/><\/figure>\n<\/div>","protected":false},"excerpt":{"rendered":"<p>El Instituto Europeo de las M\u00fasicas Jud\u00edas se complace en anunciar la publicaci\u00f3n de la Cantata Shma kolenu, una obra mayor de lta\u00ef Daniel, para coro a 4 voces, bar\u00edtono<\/p>\n","protected":false},"author":5,"featured_media":115498,"comment_status":"closed","ping_status":"closed","sticky":false,"template":"","format":"standard","meta":{"_acf_changed":false,"footnotes":""},"categories":[1398,1391],"tags":[],"technique":[],"squelettes":[],"sujet":[],"formation":[],"genre":[1899],"fonds":[],"tradition":[],"type-de-contenu":[],"interprete-compositeur":[3183],"frise":[],"type-devenement":[],"tableaux-liens-externes":[],"class_list":["post-115995","post","type-post","status-publish","format-standard","has-post-thumbnail","hentry","category-partituras-iemj-es","category-publicaciones-es","genre-musica-clasica-es","interprete-compositeur-itai-daniel-es-2"],"acf":[],"yoast_head":"<!-- This site is optimized with the Yoast SEO plugin v27.3 - https:\/\/yoast.com\/product\/yoast-seo-wordpress\/ -->\n<title>Cantata Shma Kolenu de Ita\u00ef Daniel, \u00a1por fin disponible en partituras! - Institut Europ\u00e9en des Musiques Juives<\/title>\n<meta name=\"robots\" content=\"index, follow, max-snippet:-1, max-image-preview:large, max-video-preview:-1\" \/>\n<link rel=\"canonical\" href=\"https:\/\/www.iemj.org\/es\/cantata-shma-kolenu-une-oeuvre-majeure-de-itai-daniel-enfin-disponible-sur-partition\/\" \/>\n<meta property=\"og:locale\" content=\"es_ES\" \/>\n<meta property=\"og:type\" content=\"article\" \/>\n<meta property=\"og:title\" content=\"Cantata Shma Kolenu de Ita\u00ef Daniel, \u00a1por fin disponible en partituras! - Institut Europ\u00e9en des Musiques Juives\" \/>\n<meta property=\"og:description\" content=\"El Instituto Europeo de las M\u00fasicas Jud\u00edas se complace en anunciar la publicaci\u00f3n de la Cantata Shma kolenu, una obra mayor de lta\u00ef Daniel, para coro a 4 voces, bar\u00edtono\" \/>\n<meta property=\"og:url\" content=\"https:\/\/www.iemj.org\/es\/cantata-shma-kolenu-une-oeuvre-majeure-de-itai-daniel-enfin-disponible-sur-partition\/\" \/>\n<meta property=\"og:site_name\" content=\"Institut Europ\u00e9en des Musiques Juives\" \/>\n<meta property=\"article:publisher\" content=\"https:\/\/www.facebook.com\/MusiquesJuives\/\" \/>\n<meta property=\"article:published_time\" content=\"2024-12-05T10:41:11+00:00\" \/>\n<meta property=\"article:modified_time\" content=\"2025-08-28T14:34:25+00:00\" \/>\n<meta property=\"og:image\" content=\"https:\/\/www.iemj.org\/wp-content\/uploads\/2024\/12\/Logo-Partition-Cantata-Shma-K.jpg\" \/>\n\t<meta property=\"og:image:width\" content=\"500\" \/>\n\t<meta property=\"og:image:height\" content=\"500\" \/>\n\t<meta property=\"og:image:type\" content=\"image\/jpeg\" \/>\n<meta name=\"author\" content=\"Jacqueline ROTEN\" \/>\n<meta name=\"twitter:card\" content=\"summary_large_image\" \/>\n<meta name=\"twitter:label1\" content=\"Escrito por\" \/>\n\t<meta name=\"twitter:data1\" content=\"Jacqueline ROTEN\" \/>\n\t<meta name=\"twitter:label2\" content=\"Tiempo de lectura\" \/>\n\t<meta name=\"twitter:data2\" content=\"2 minutos\" \/>\n<script type=\"application\/ld+json\" class=\"yoast-schema-graph\">{\"@context\":\"https:\\\/\\\/schema.org\",\"@graph\":[{\"@type\":\"Article\",\"@id\":\"https:\\\/\\\/www.iemj.org\\\/es\\\/cantata-shma-kolenu-une-oeuvre-majeure-de-itai-daniel-enfin-disponible-sur-partition\\\/#article\",\"isPartOf\":{\"@id\":\"https:\\\/\\\/www.iemj.org\\\/es\\\/cantata-shma-kolenu-une-oeuvre-majeure-de-itai-daniel-enfin-disponible-sur-partition\\\/\"},\"author\":{\"name\":\"Jacqueline ROTEN\",\"@id\":\"https:\\\/\\\/www.iemj.org\\\/es\\\/#\\\/schema\\\/person\\\/358e26c18aca017fcc4cc15437f7279c\"},\"headline\":\"Cantata Shma Kolenu de Ita\u00ef Daniel, \u00a1por fin disponible en partituras!\",\"datePublished\":\"2024-12-05T10:41:11+00:00\",\"dateModified\":\"2025-08-28T14:34:25+00:00\",\"mainEntityOfPage\":{\"@id\":\"https:\\\/\\\/www.iemj.org\\\/es\\\/cantata-shma-kolenu-une-oeuvre-majeure-de-itai-daniel-enfin-disponible-sur-partition\\\/\"},\"wordCount\":319,\"publisher\":{\"@id\":\"https:\\\/\\\/www.iemj.org\\\/es\\\/#organization\"},\"image\":{\"@id\":\"https:\\\/\\\/www.iemj.org\\\/es\\\/cantata-shma-kolenu-une-oeuvre-majeure-de-itai-daniel-enfin-disponible-sur-partition\\\/#primaryimage\"},\"thumbnailUrl\":\"https:\\\/\\\/www.iemj.org\\\/wp-content\\\/uploads\\\/2024\\\/12\\\/Logo-Partition-Cantata-Shma-K.jpg\",\"articleSection\":[\"Partituras IEMJ\",\"Publicaciones\"],\"inLanguage\":\"es\"},{\"@type\":\"WebPage\",\"@id\":\"https:\\\/\\\/www.iemj.org\\\/es\\\/cantata-shma-kolenu-une-oeuvre-majeure-de-itai-daniel-enfin-disponible-sur-partition\\\/\",\"url\":\"https:\\\/\\\/www.iemj.org\\\/es\\\/cantata-shma-kolenu-une-oeuvre-majeure-de-itai-daniel-enfin-disponible-sur-partition\\\/\",\"name\":\"Cantata Shma Kolenu de Ita\u00ef Daniel, \u00a1por fin disponible en partituras! - Institut Europ\u00e9en des Musiques Juives\",\"isPartOf\":{\"@id\":\"https:\\\/\\\/www.iemj.org\\\/es\\\/#website\"},\"primaryImageOfPage\":{\"@id\":\"https:\\\/\\\/www.iemj.org\\\/es\\\/cantata-shma-kolenu-une-oeuvre-majeure-de-itai-daniel-enfin-disponible-sur-partition\\\/#primaryimage\"},\"image\":{\"@id\":\"https:\\\/\\\/www.iemj.org\\\/es\\\/cantata-shma-kolenu-une-oeuvre-majeure-de-itai-daniel-enfin-disponible-sur-partition\\\/#primaryimage\"},\"thumbnailUrl\":\"https:\\\/\\\/www.iemj.org\\\/wp-content\\\/uploads\\\/2024\\\/12\\\/Logo-Partition-Cantata-Shma-K.jpg\",\"datePublished\":\"2024-12-05T10:41:11+00:00\",\"dateModified\":\"2025-08-28T14:34:25+00:00\",\"breadcrumb\":{\"@id\":\"https:\\\/\\\/www.iemj.org\\\/es\\\/cantata-shma-kolenu-une-oeuvre-majeure-de-itai-daniel-enfin-disponible-sur-partition\\\/#breadcrumb\"},\"inLanguage\":\"es\",\"potentialAction\":[{\"@type\":\"ReadAction\",\"target\":[\"https:\\\/\\\/www.iemj.org\\\/es\\\/cantata-shma-kolenu-une-oeuvre-majeure-de-itai-daniel-enfin-disponible-sur-partition\\\/\"]}]},{\"@type\":\"ImageObject\",\"inLanguage\":\"es\",\"@id\":\"https:\\\/\\\/www.iemj.org\\\/es\\\/cantata-shma-kolenu-une-oeuvre-majeure-de-itai-daniel-enfin-disponible-sur-partition\\\/#primaryimage\",\"url\":\"https:\\\/\\\/www.iemj.org\\\/wp-content\\\/uploads\\\/2024\\\/12\\\/Logo-Partition-Cantata-Shma-K.jpg\",\"contentUrl\":\"https:\\\/\\\/www.iemj.org\\\/wp-content\\\/uploads\\\/2024\\\/12\\\/Logo-Partition-Cantata-Shma-K.jpg\",\"width\":500,\"height\":500},{\"@type\":\"BreadcrumbList\",\"@id\":\"https:\\\/\\\/www.iemj.org\\\/es\\\/cantata-shma-kolenu-une-oeuvre-majeure-de-itai-daniel-enfin-disponible-sur-partition\\\/#breadcrumb\",\"itemListElement\":[{\"@type\":\"ListItem\",\"position\":1,\"name\":\"Accueil\",\"item\":\"https:\\\/\\\/www.iemj.org\\\/es\\\/\"},{\"@type\":\"ListItem\",\"position\":2,\"name\":\"Cantata Shma Kolenu de Ita\u00ef Daniel, \u00a1por fin disponible en partituras!\"}]},{\"@type\":\"WebSite\",\"@id\":\"https:\\\/\\\/www.iemj.org\\\/es\\\/#website\",\"url\":\"https:\\\/\\\/www.iemj.org\\\/es\\\/\",\"name\":\"Institut Europ\u00e9en des Musiques Juives\",\"description\":\"Des traditions musicales \u00e0 la port\u00e9e de tous\",\"publisher\":{\"@id\":\"https:\\\/\\\/www.iemj.org\\\/es\\\/#organization\"},\"potentialAction\":[{\"@type\":\"SearchAction\",\"target\":{\"@type\":\"EntryPoint\",\"urlTemplate\":\"https:\\\/\\\/www.iemj.org\\\/es\\\/?s={search_term_string}\"},\"query-input\":{\"@type\":\"PropertyValueSpecification\",\"valueRequired\":true,\"valueName\":\"search_term_string\"}}],\"inLanguage\":\"es\"},{\"@type\":\"Organization\",\"@id\":\"https:\\\/\\\/www.iemj.org\\\/es\\\/#organization\",\"name\":\"Institut Europ\u00e9en des Musiques Juives\",\"url\":\"https:\\\/\\\/www.iemj.org\\\/es\\\/\",\"logo\":{\"@type\":\"ImageObject\",\"inLanguage\":\"es\",\"@id\":\"https:\\\/\\\/www.iemj.org\\\/es\\\/#\\\/schema\\\/logo\\\/image\\\/\",\"url\":\"https:\\\/\\\/www.iemj.org\\\/wp-content\\\/uploads\\\/2021\\\/09\\\/Logo-IEMJ-Paypal.jpg\",\"contentUrl\":\"https:\\\/\\\/www.iemj.org\\\/wp-content\\\/uploads\\\/2021\\\/09\\\/Logo-IEMJ-Paypal.jpg\",\"width\":150,\"height\":50,\"caption\":\"Institut Europ\u00e9en des Musiques Juives\"},\"image\":{\"@id\":\"https:\\\/\\\/www.iemj.org\\\/es\\\/#\\\/schema\\\/logo\\\/image\\\/\"},\"sameAs\":[\"https:\\\/\\\/www.facebook.com\\\/MusiquesJuives\\\/\",\"https:\\\/\\\/www.instagram.com\\\/musiquesjuives\\\/\",\"https:\\\/\\\/www.youtube.com\\\/user\\\/musiquesjuives\"]},{\"@type\":\"Person\",\"@id\":\"https:\\\/\\\/www.iemj.org\\\/es\\\/#\\\/schema\\\/person\\\/358e26c18aca017fcc4cc15437f7279c\",\"name\":\"Jacqueline ROTEN\",\"image\":{\"@type\":\"ImageObject\",\"inLanguage\":\"es\",\"@id\":\"https:\\\/\\\/secure.gravatar.com\\\/avatar\\\/5964256d6c6957de3a3505278957e0fb2a35119ac47ea41827a65301213c810b?s=96&d=mm&r=g\",\"url\":\"https:\\\/\\\/secure.gravatar.com\\\/avatar\\\/5964256d6c6957de3a3505278957e0fb2a35119ac47ea41827a65301213c810b?s=96&d=mm&r=g\",\"contentUrl\":\"https:\\\/\\\/secure.gravatar.com\\\/avatar\\\/5964256d6c6957de3a3505278957e0fb2a35119ac47ea41827a65301213c810b?s=96&d=mm&r=g\",\"caption\":\"Jacqueline ROTEN\"}}]}<\/script>\n<!-- \/ Yoast SEO plugin. -->","yoast_head_json":{"title":"Cantata Shma Kolenu de Ita\u00ef Daniel, \u00a1por fin disponible en partituras! - Institut Europ\u00e9en des Musiques Juives","robots":{"index":"index","follow":"follow","max-snippet":"max-snippet:-1","max-image-preview":"max-image-preview:large","max-video-preview":"max-video-preview:-1"},"canonical":"https:\/\/www.iemj.org\/es\/cantata-shma-kolenu-une-oeuvre-majeure-de-itai-daniel-enfin-disponible-sur-partition\/","og_locale":"es_ES","og_type":"article","og_title":"Cantata Shma Kolenu de Ita\u00ef Daniel, \u00a1por fin disponible en partituras! - Institut Europ\u00e9en des Musiques Juives","og_description":"El Instituto Europeo de las M\u00fasicas Jud\u00edas se complace en anunciar la publicaci\u00f3n de la Cantata Shma kolenu, una obra mayor de lta\u00ef Daniel, para coro a 4 voces, bar\u00edtono","og_url":"https:\/\/www.iemj.org\/es\/cantata-shma-kolenu-une-oeuvre-majeure-de-itai-daniel-enfin-disponible-sur-partition\/","og_site_name":"Institut Europ\u00e9en des Musiques Juives","article_publisher":"https:\/\/www.facebook.com\/MusiquesJuives\/","article_published_time":"2024-12-05T10:41:11+00:00","article_modified_time":"2025-08-28T14:34:25+00:00","og_image":[{"width":500,"height":500,"url":"https:\/\/www.iemj.org\/wp-content\/uploads\/2024\/12\/Logo-Partition-Cantata-Shma-K.jpg","type":"image\/jpeg"}],"author":"Jacqueline ROTEN","twitter_card":"summary_large_image","twitter_misc":{"Escrito por":"Jacqueline ROTEN","Tiempo de lectura":"2 minutos"},"schema":{"@context":"https:\/\/schema.org","@graph":[{"@type":"Article","@id":"https:\/\/www.iemj.org\/es\/cantata-shma-kolenu-une-oeuvre-majeure-de-itai-daniel-enfin-disponible-sur-partition\/#article","isPartOf":{"@id":"https:\/\/www.iemj.org\/es\/cantata-shma-kolenu-une-oeuvre-majeure-de-itai-daniel-enfin-disponible-sur-partition\/"},"author":{"name":"Jacqueline ROTEN","@id":"https:\/\/www.iemj.org\/es\/#\/schema\/person\/358e26c18aca017fcc4cc15437f7279c"},"headline":"Cantata Shma Kolenu de Ita\u00ef Daniel, \u00a1por fin disponible en partituras!","datePublished":"2024-12-05T10:41:11+00:00","dateModified":"2025-08-28T14:34:25+00:00","mainEntityOfPage":{"@id":"https:\/\/www.iemj.org\/es\/cantata-shma-kolenu-une-oeuvre-majeure-de-itai-daniel-enfin-disponible-sur-partition\/"},"wordCount":319,"publisher":{"@id":"https:\/\/www.iemj.org\/es\/#organization"},"image":{"@id":"https:\/\/www.iemj.org\/es\/cantata-shma-kolenu-une-oeuvre-majeure-de-itai-daniel-enfin-disponible-sur-partition\/#primaryimage"},"thumbnailUrl":"https:\/\/www.iemj.org\/wp-content\/uploads\/2024\/12\/Logo-Partition-Cantata-Shma-K.jpg","articleSection":["Partituras IEMJ","Publicaciones"],"inLanguage":"es"},{"@type":"WebPage","@id":"https:\/\/www.iemj.org\/es\/cantata-shma-kolenu-une-oeuvre-majeure-de-itai-daniel-enfin-disponible-sur-partition\/","url":"https:\/\/www.iemj.org\/es\/cantata-shma-kolenu-une-oeuvre-majeure-de-itai-daniel-enfin-disponible-sur-partition\/","name":"Cantata Shma Kolenu de Ita\u00ef Daniel, \u00a1por fin disponible en partituras! - Institut Europ\u00e9en des Musiques Juives","isPartOf":{"@id":"https:\/\/www.iemj.org\/es\/#website"},"primaryImageOfPage":{"@id":"https:\/\/www.iemj.org\/es\/cantata-shma-kolenu-une-oeuvre-majeure-de-itai-daniel-enfin-disponible-sur-partition\/#primaryimage"},"image":{"@id":"https:\/\/www.iemj.org\/es\/cantata-shma-kolenu-une-oeuvre-majeure-de-itai-daniel-enfin-disponible-sur-partition\/#primaryimage"},"thumbnailUrl":"https:\/\/www.iemj.org\/wp-content\/uploads\/2024\/12\/Logo-Partition-Cantata-Shma-K.jpg","datePublished":"2024-12-05T10:41:11+00:00","dateModified":"2025-08-28T14:34:25+00:00","breadcrumb":{"@id":"https:\/\/www.iemj.org\/es\/cantata-shma-kolenu-une-oeuvre-majeure-de-itai-daniel-enfin-disponible-sur-partition\/#breadcrumb"},"inLanguage":"es","potentialAction":[{"@type":"ReadAction","target":["https:\/\/www.iemj.org\/es\/cantata-shma-kolenu-une-oeuvre-majeure-de-itai-daniel-enfin-disponible-sur-partition\/"]}]},{"@type":"ImageObject","inLanguage":"es","@id":"https:\/\/www.iemj.org\/es\/cantata-shma-kolenu-une-oeuvre-majeure-de-itai-daniel-enfin-disponible-sur-partition\/#primaryimage","url":"https:\/\/www.iemj.org\/wp-content\/uploads\/2024\/12\/Logo-Partition-Cantata-Shma-K.jpg","contentUrl":"https:\/\/www.iemj.org\/wp-content\/uploads\/2024\/12\/Logo-Partition-Cantata-Shma-K.jpg","width":500,"height":500},{"@type":"BreadcrumbList","@id":"https:\/\/www.iemj.org\/es\/cantata-shma-kolenu-une-oeuvre-majeure-de-itai-daniel-enfin-disponible-sur-partition\/#breadcrumb","itemListElement":[{"@type":"ListItem","position":1,"name":"Accueil","item":"https:\/\/www.iemj.org\/es\/"},{"@type":"ListItem","position":2,"name":"Cantata Shma Kolenu de Ita\u00ef Daniel, \u00a1por fin disponible en partituras!"}]},{"@type":"WebSite","@id":"https:\/\/www.iemj.org\/es\/#website","url":"https:\/\/www.iemj.org\/es\/","name":"Institut Europ\u00e9en des Musiques Juives","description":"Des traditions musicales \u00e0 la port\u00e9e de tous","publisher":{"@id":"https:\/\/www.iemj.org\/es\/#organization"},"potentialAction":[{"@type":"SearchAction","target":{"@type":"EntryPoint","urlTemplate":"https:\/\/www.iemj.org\/es\/?s={search_term_string}"},"query-input":{"@type":"PropertyValueSpecification","valueRequired":true,"valueName":"search_term_string"}}],"inLanguage":"es"},{"@type":"Organization","@id":"https:\/\/www.iemj.org\/es\/#organization","name":"Institut Europ\u00e9en des Musiques Juives","url":"https:\/\/www.iemj.org\/es\/","logo":{"@type":"ImageObject","inLanguage":"es","@id":"https:\/\/www.iemj.org\/es\/#\/schema\/logo\/image\/","url":"https:\/\/www.iemj.org\/wp-content\/uploads\/2021\/09\/Logo-IEMJ-Paypal.jpg","contentUrl":"https:\/\/www.iemj.org\/wp-content\/uploads\/2021\/09\/Logo-IEMJ-Paypal.jpg","width":150,"height":50,"caption":"Institut Europ\u00e9en des Musiques Juives"},"image":{"@id":"https:\/\/www.iemj.org\/es\/#\/schema\/logo\/image\/"},"sameAs":["https:\/\/www.facebook.com\/MusiquesJuives\/","https:\/\/www.instagram.com\/musiquesjuives\/","https:\/\/www.youtube.com\/user\/musiquesjuives"]},{"@type":"Person","@id":"https:\/\/www.iemj.org\/es\/#\/schema\/person\/358e26c18aca017fcc4cc15437f7279c","name":"Jacqueline ROTEN","image":{"@type":"ImageObject","inLanguage":"es","@id":"https:\/\/secure.gravatar.com\/avatar\/5964256d6c6957de3a3505278957e0fb2a35119ac47ea41827a65301213c810b?s=96&d=mm&r=g","url":"https:\/\/secure.gravatar.com\/avatar\/5964256d6c6957de3a3505278957e0fb2a35119ac47ea41827a65301213c810b?s=96&d=mm&r=g","contentUrl":"https:\/\/secure.gravatar.com\/avatar\/5964256d6c6957de3a3505278957e0fb2a35119ac47ea41827a65301213c810b?s=96&d=mm&r=g","caption":"Jacqueline ROTEN"}}]}},"_links":{"self":[{"href":"https:\/\/www.iemj.org\/es\/wp-json\/wp\/v2\/posts\/115995","targetHints":{"allow":["GET"]}}],"collection":[{"href":"https:\/\/www.iemj.org\/es\/wp-json\/wp\/v2\/posts"}],"about":[{"href":"https:\/\/www.iemj.org\/es\/wp-json\/wp\/v2\/types\/post"}],"author":[{"embeddable":true,"href":"https:\/\/www.iemj.org\/es\/wp-json\/wp\/v2\/users\/5"}],"replies":[{"embeddable":true,"href":"https:\/\/www.iemj.org\/es\/wp-json\/wp\/v2\/comments?post=115995"}],"version-history":[{"count":0,"href":"https:\/\/www.iemj.org\/es\/wp-json\/wp\/v2\/posts\/115995\/revisions"}],"wp:featuredmedia":[{"embeddable":true,"href":"https:\/\/www.iemj.org\/es\/wp-json\/wp\/v2\/media\/115498"}],"wp:attachment":[{"href":"https:\/\/www.iemj.org\/es\/wp-json\/wp\/v2\/media?parent=115995"}],"wp:term":[{"taxonomy":"category","embeddable":true,"href":"https:\/\/www.iemj.org\/es\/wp-json\/wp\/v2\/categories?post=115995"},{"taxonomy":"post_tag","embeddable":true,"href":"https:\/\/www.iemj.org\/es\/wp-json\/wp\/v2\/tags?post=115995"},{"taxonomy":"technique","embeddable":true,"href":"https:\/\/www.iemj.org\/es\/wp-json\/wp\/v2\/technique?post=115995"},{"taxonomy":"squelettes","embeddable":true,"href":"https:\/\/www.iemj.org\/es\/wp-json\/wp\/v2\/squelettes?post=115995"},{"taxonomy":"sujet","embeddable":true,"href":"https:\/\/www.iemj.org\/es\/wp-json\/wp\/v2\/sujet?post=115995"},{"taxonomy":"formation","embeddable":true,"href":"https:\/\/www.iemj.org\/es\/wp-json\/wp\/v2\/formation?post=115995"},{"taxonomy":"genre","embeddable":true,"href":"https:\/\/www.iemj.org\/es\/wp-json\/wp\/v2\/genre?post=115995"},{"taxonomy":"fonds","embeddable":true,"href":"https:\/\/www.iemj.org\/es\/wp-json\/wp\/v2\/fonds?post=115995"},{"taxonomy":"tradition","embeddable":true,"href":"https:\/\/www.iemj.org\/es\/wp-json\/wp\/v2\/tradition?post=115995"},{"taxonomy":"type-de-contenu","embeddable":true,"href":"https:\/\/www.iemj.org\/es\/wp-json\/wp\/v2\/type-de-contenu?post=115995"},{"taxonomy":"interprete-compositeur","embeddable":true,"href":"https:\/\/www.iemj.org\/es\/wp-json\/wp\/v2\/interprete-compositeur?post=115995"},{"taxonomy":"frise","embeddable":true,"href":"https:\/\/www.iemj.org\/es\/wp-json\/wp\/v2\/frise?post=115995"},{"taxonomy":"type-devenement","embeddable":true,"href":"https:\/\/www.iemj.org\/es\/wp-json\/wp\/v2\/type-devenement?post=115995"},{"taxonomy":"tableaux-liens-externes","embeddable":true,"href":"https:\/\/www.iemj.org\/es\/wp-json\/wp\/v2\/tableaux-liens-externes?post=115995"}],"curies":[{"name":"wp","href":"https:\/\/api.w.org\/{rel}","templated":true}]}}