{"id":116133,"date":"2024-12-05T16:17:32","date_gmt":"2024-12-05T15:17:32","guid":{"rendered":"https:\/\/www.iemj.org\/les-enfants-de-lesperance-une-partition-de-graciane-finzi-sur-un-texte-du-rabbin-philippe-haddad\/"},"modified":"2024-12-06T12:23:18","modified_gmt":"2024-12-06T11:23:18","slug":"les-enfants-de-lesperance-une-partition-de-graciane-finzi-sur-un-texte-du-rabbin-philippe-haddad","status":"publish","type":"post","link":"https:\/\/www.iemj.org\/es\/les-enfants-de-lesperance-une-partition-de-graciane-finzi-sur-un-texte-du-rabbin-philippe-haddad\/","title":{"rendered":"Les enfants de l&#8217;esp\u00e9rance, una partitura de Graciane Finzi"},"content":{"rendered":"<p style=\"text-align: center;\">\u2666\u2666\u2666\u2666\u2666\u2666<\/p>\n<p><!--more--><\/p>\n<p><strong><em>Les enfants de l&#8217;esp\u00e9rance<\/em><\/strong> es una obra vocal en franc\u00e9s y hebreo para coro de ni\u00f1os y piano, de <strong>Graciane Finzi<\/strong>, basada en un texto del rabino <strong>Philippe Haddad<\/strong>. Fue estrenada en 2024 por los ni\u00f1os del JEM-Copernic Talmud Torah, dirigidos por <a href=\"https:\/\/melanielevythiebaut.com\/\" target=\"_blank\" rel=\"noopener\"><strong>\u00e9lanie Levy-Thi\u00e9baut<\/strong><\/a>.<\/p>\n<p><!--more--><\/p>\n<p>Tras estudiar en el conservatorio de su Casablanca natal, <strong><a href=\"https:\/\/www.iemj.org\/es\/graciane-finzi-2\/\" target=\"_blank\" rel=\"noopener\">Graciane Finzi<\/a><\/strong> ingres\u00f3 en el Conservatorio Nacional Superior de Par\u00eds, donde gan\u00f3 numerosos premios (armon\u00eda, contrapunto, fuga y composici\u00f3n).<\/p>\n<p><img decoding=\"async\" class=\"alignright wp-image-116120\" src=\"https:\/\/www.iemj.org\/wp-content\/uploads\/2024\/12\/Capture-portrait-Graciane2-300x278.jpg\" alt=\"\" width=\"228\" height=\"211\" srcset=\"https:\/\/www.iemj.org\/wp-content\/uploads\/2024\/12\/Capture-portrait-Graciane2-300x278.jpg 300w, https:\/\/www.iemj.org\/wp-content\/uploads\/2024\/12\/Capture-portrait-Graciane2.jpg 313w\" sizes=\"(max-width: 228px) 100vw, 228px\" \/>Nombrada profesora del Conservatorio de Par\u00eds en 1979, ha compuesto unas 200 obras, algunas de ellas inspiradas en el juda\u00edsmo, como <a href=\"https:\/\/www.billaudot.com\/kaddish-46.html\" target=\"_blank\" rel=\"noopener\"><em>Kaddish<\/em><\/a>,\u00a0<a href=\"https:\/\/www.iemj.org\/kol-nidre-huit-visions\/\" target=\"_blank\" rel=\"noopener\"><em>Cr\u00e9puscule du Kol Nidr\u00e9<\/em><\/a> y\u00a0<em>Les enfants de l\u2019esp\u00e9rance<\/em>.<\/p>\n<p>Su obra, interpretada en todo el mundo, ha sido galardonada con numerosos premios, entre ellos el Premio Georges Enesco, el Premio Sacem, el Premio SACD y el Premio Florent Schmitt. En 2020, Graciane Finzi fue nombrada Chevalier des Arts et Lettres por el Ministro de Cultura franc\u00e9s.<\/p>\n<p><a href=\"https:\/\/graciane-finzi.fr\/\" target=\"_blank\" rel=\"noopener\">M\u00e1s informaci\u00f3n sobre Graciane Finzi<\/a><\/p>\n<p><img decoding=\"async\" class=\"wp-image-116037 alignleft\" src=\"https:\/\/www.iemj.org\/wp-content\/uploads\/2024\/12\/P.Haddad-e1733408672568.jpg\" alt=\"\" width=\"188\" height=\"196\" srcset=\"https:\/\/www.iemj.org\/wp-content\/uploads\/2024\/12\/P.Haddad-e1733408672568.jpg 301w, https:\/\/www.iemj.org\/wp-content\/uploads\/2024\/12\/P.Haddad-e1733408672568-288x300.jpg 288w\" sizes=\"(max-width: 188px) 100vw, 188px\" \/><\/p>\n<p><strong>Philippe Haddad<\/strong>, diplomado del Seminario Israelita de Francia, es rabino de la sinagoga de la rue Copernic de la Uni\u00f3n Liberal Israelita de Francia (ULIF). Ha sido rabino en N\u00eemes, Par\u00eds (rue Fondary) y Les Ulis en el Valle de Chevreuse, as\u00ed como capell\u00e1n de la juventud de la Consistoire de Paris. Tambi\u00e9n ha ense\u00f1ado en la Beth Halimoud del Centro Comunitario de Par\u00eds, en el MJLF, y ahora ense\u00f1a en el Coll\u00e8ge des Bernardins de Par\u00eds. Autor de varios libros sobre juda\u00edsmo y di\u00e1logo interreligioso, es miembro del movimiento J.E.M. (Juda\u00edsmo en Movimiento).<\/p>\n<p><a href=\"https:\/\/judaismeenmouvement.org\/les-femmes-et-hommes\/philippe-haddad\/\" target=\"_blank\" rel=\"noopener\">M\u00e1s informaci\u00f3n sobre Philippe Haddad<\/a><\/p>\n\n\n<div class=\"wp-block-buttons is-layout-flex wp-block-buttons-is-layout-flex\">\n<div class=\"wp-block-button\"><a class=\"wp-block-button__link has-white-color has-text-color has-background has-link-color wp-element-button\" href=\"https:\/\/www.iemj.org\/produit\/finzi-les-enfants-de-lesperance-pour-voix-et-piano\/\" style=\"background-color:#3c4b98\" target=\"_blank\" rel=\"noreferrer noopener\"><strong>Consultar y encargar la partitura <em>Les enfants de l\u2019esp\u00e9rance<\/em> <\/strong>(versi\u00f3n impresa o digital) <strong>en la tienda del IEMJ<\/strong><\/a><\/div>\n<\/div>\n\n\n\n<p><\/p>\n","protected":false},"excerpt":{"rendered":"<p>\u2666\u2666\u2666\u2666\u2666\u2666<\/p>\n","protected":false},"author":5,"featured_media":116015,"comment_status":"closed","ping_status":"closed","sticky":false,"template":"","format":"standard","meta":{"_acf_changed":false,"footnotes":""},"categories":[1398,1391],"tags":[],"technique":[],"squelettes":[],"sujet":[],"formation":[],"genre":[],"fonds":[],"tradition":[],"type-de-contenu":[],"interprete-compositeur":[],"frise":[],"type-devenement":[],"tableaux-liens-externes":[],"class_list":["post-116133","post","type-post","status-publish","format-standard","has-post-thumbnail","hentry","category-partituras-iemj-es","category-publicaciones-es"],"acf":[],"yoast_head":"<!-- This site is optimized with the Yoast SEO plugin v27.3 - https:\/\/yoast.com\/product\/yoast-seo-wordpress\/ -->\n<title>Les enfants de l&#039;esp\u00e9rance, una partitura de Graciane Finzi - Institut Europ\u00e9en des Musiques Juives<\/title>\n<meta name=\"robots\" content=\"index, follow, max-snippet:-1, max-image-preview:large, max-video-preview:-1\" \/>\n<link rel=\"canonical\" href=\"https:\/\/www.iemj.org\/es\/les-enfants-de-lesperance-une-partition-de-graciane-finzi-sur-un-texte-du-rabbin-philippe-haddad\/\" \/>\n<meta property=\"og:locale\" content=\"es_ES\" \/>\n<meta property=\"og:type\" content=\"article\" \/>\n<meta property=\"og:title\" content=\"Les enfants de l&#039;esp\u00e9rance, una partitura de Graciane Finzi - Institut Europ\u00e9en des Musiques Juives\" \/>\n<meta property=\"og:description\" content=\"\u2666\u2666\u2666\u2666\u2666\u2666\" \/>\n<meta property=\"og:url\" content=\"https:\/\/www.iemj.org\/es\/les-enfants-de-lesperance-une-partition-de-graciane-finzi-sur-un-texte-du-rabbin-philippe-haddad\/\" \/>\n<meta property=\"og:site_name\" content=\"Institut Europ\u00e9en des Musiques Juives\" \/>\n<meta property=\"article:publisher\" content=\"https:\/\/www.facebook.com\/MusiquesJuives\/\" \/>\n<meta property=\"article:published_time\" content=\"2024-12-05T15:17:32+00:00\" \/>\n<meta property=\"article:modified_time\" content=\"2024-12-06T11:23:18+00:00\" \/>\n<meta property=\"og:image\" content=\"https:\/\/www.iemj.org\/wp-content\/uploads\/2024\/12\/Logo-Publi-part-G.-Finzi.jpg\" \/>\n\t<meta property=\"og:image:width\" content=\"500\" \/>\n\t<meta property=\"og:image:height\" content=\"500\" \/>\n\t<meta property=\"og:image:type\" content=\"image\/jpeg\" \/>\n<meta name=\"author\" content=\"Jacqueline ROTEN\" \/>\n<meta name=\"twitter:card\" content=\"summary_large_image\" \/>\n<meta name=\"twitter:label1\" content=\"Escrito por\" \/>\n\t<meta name=\"twitter:data1\" content=\"Jacqueline ROTEN\" \/>\n\t<meta name=\"twitter:label2\" content=\"Tiempo de lectura\" \/>\n\t<meta name=\"twitter:data2\" content=\"2 minutos\" \/>\n<script type=\"application\/ld+json\" class=\"yoast-schema-graph\">{\"@context\":\"https:\\\/\\\/schema.org\",\"@graph\":[{\"@type\":\"Article\",\"@id\":\"https:\\\/\\\/www.iemj.org\\\/es\\\/les-enfants-de-lesperance-une-partition-de-graciane-finzi-sur-un-texte-du-rabbin-philippe-haddad\\\/#article\",\"isPartOf\":{\"@id\":\"https:\\\/\\\/www.iemj.org\\\/es\\\/les-enfants-de-lesperance-une-partition-de-graciane-finzi-sur-un-texte-du-rabbin-philippe-haddad\\\/\"},\"author\":{\"name\":\"Jacqueline ROTEN\",\"@id\":\"https:\\\/\\\/www.iemj.org\\\/es\\\/#\\\/schema\\\/person\\\/358e26c18aca017fcc4cc15437f7279c\"},\"headline\":\"Les enfants de l&#8217;esp\u00e9rance, una partitura de Graciane Finzi\",\"datePublished\":\"2024-12-05T15:17:32+00:00\",\"dateModified\":\"2024-12-06T11:23:18+00:00\",\"mainEntityOfPage\":{\"@id\":\"https:\\\/\\\/www.iemj.org\\\/es\\\/les-enfants-de-lesperance-une-partition-de-graciane-finzi-sur-un-texte-du-rabbin-philippe-haddad\\\/\"},\"wordCount\":316,\"publisher\":{\"@id\":\"https:\\\/\\\/www.iemj.org\\\/es\\\/#organization\"},\"image\":{\"@id\":\"https:\\\/\\\/www.iemj.org\\\/es\\\/les-enfants-de-lesperance-une-partition-de-graciane-finzi-sur-un-texte-du-rabbin-philippe-haddad\\\/#primaryimage\"},\"thumbnailUrl\":\"https:\\\/\\\/www.iemj.org\\\/wp-content\\\/uploads\\\/2024\\\/12\\\/Logo-Publi-part-G.-Finzi.jpg\",\"articleSection\":[\"Partituras IEMJ\",\"Publicaciones\"],\"inLanguage\":\"es\"},{\"@type\":\"WebPage\",\"@id\":\"https:\\\/\\\/www.iemj.org\\\/es\\\/les-enfants-de-lesperance-une-partition-de-graciane-finzi-sur-un-texte-du-rabbin-philippe-haddad\\\/\",\"url\":\"https:\\\/\\\/www.iemj.org\\\/es\\\/les-enfants-de-lesperance-une-partition-de-graciane-finzi-sur-un-texte-du-rabbin-philippe-haddad\\\/\",\"name\":\"Les enfants de l'esp\u00e9rance, una partitura de Graciane Finzi - Institut Europ\u00e9en des Musiques Juives\",\"isPartOf\":{\"@id\":\"https:\\\/\\\/www.iemj.org\\\/es\\\/#website\"},\"primaryImageOfPage\":{\"@id\":\"https:\\\/\\\/www.iemj.org\\\/es\\\/les-enfants-de-lesperance-une-partition-de-graciane-finzi-sur-un-texte-du-rabbin-philippe-haddad\\\/#primaryimage\"},\"image\":{\"@id\":\"https:\\\/\\\/www.iemj.org\\\/es\\\/les-enfants-de-lesperance-une-partition-de-graciane-finzi-sur-un-texte-du-rabbin-philippe-haddad\\\/#primaryimage\"},\"thumbnailUrl\":\"https:\\\/\\\/www.iemj.org\\\/wp-content\\\/uploads\\\/2024\\\/12\\\/Logo-Publi-part-G.-Finzi.jpg\",\"datePublished\":\"2024-12-05T15:17:32+00:00\",\"dateModified\":\"2024-12-06T11:23:18+00:00\",\"breadcrumb\":{\"@id\":\"https:\\\/\\\/www.iemj.org\\\/es\\\/les-enfants-de-lesperance-une-partition-de-graciane-finzi-sur-un-texte-du-rabbin-philippe-haddad\\\/#breadcrumb\"},\"inLanguage\":\"es\",\"potentialAction\":[{\"@type\":\"ReadAction\",\"target\":[\"https:\\\/\\\/www.iemj.org\\\/es\\\/les-enfants-de-lesperance-une-partition-de-graciane-finzi-sur-un-texte-du-rabbin-philippe-haddad\\\/\"]}]},{\"@type\":\"ImageObject\",\"inLanguage\":\"es\",\"@id\":\"https:\\\/\\\/www.iemj.org\\\/es\\\/les-enfants-de-lesperance-une-partition-de-graciane-finzi-sur-un-texte-du-rabbin-philippe-haddad\\\/#primaryimage\",\"url\":\"https:\\\/\\\/www.iemj.org\\\/wp-content\\\/uploads\\\/2024\\\/12\\\/Logo-Publi-part-G.-Finzi.jpg\",\"contentUrl\":\"https:\\\/\\\/www.iemj.org\\\/wp-content\\\/uploads\\\/2024\\\/12\\\/Logo-Publi-part-G.-Finzi.jpg\",\"width\":500,\"height\":500},{\"@type\":\"BreadcrumbList\",\"@id\":\"https:\\\/\\\/www.iemj.org\\\/es\\\/les-enfants-de-lesperance-une-partition-de-graciane-finzi-sur-un-texte-du-rabbin-philippe-haddad\\\/#breadcrumb\",\"itemListElement\":[{\"@type\":\"ListItem\",\"position\":1,\"name\":\"Accueil\",\"item\":\"https:\\\/\\\/www.iemj.org\\\/es\\\/\"},{\"@type\":\"ListItem\",\"position\":2,\"name\":\"Les enfants de l&#8217;esp\u00e9rance, una partitura de Graciane Finzi\"}]},{\"@type\":\"WebSite\",\"@id\":\"https:\\\/\\\/www.iemj.org\\\/es\\\/#website\",\"url\":\"https:\\\/\\\/www.iemj.org\\\/es\\\/\",\"name\":\"Institut Europ\u00e9en des Musiques Juives\",\"description\":\"Des traditions musicales \u00e0 la port\u00e9e de tous\",\"publisher\":{\"@id\":\"https:\\\/\\\/www.iemj.org\\\/es\\\/#organization\"},\"potentialAction\":[{\"@type\":\"SearchAction\",\"target\":{\"@type\":\"EntryPoint\",\"urlTemplate\":\"https:\\\/\\\/www.iemj.org\\\/es\\\/?s={search_term_string}\"},\"query-input\":{\"@type\":\"PropertyValueSpecification\",\"valueRequired\":true,\"valueName\":\"search_term_string\"}}],\"inLanguage\":\"es\"},{\"@type\":\"Organization\",\"@id\":\"https:\\\/\\\/www.iemj.org\\\/es\\\/#organization\",\"name\":\"Institut Europ\u00e9en des Musiques Juives\",\"url\":\"https:\\\/\\\/www.iemj.org\\\/es\\\/\",\"logo\":{\"@type\":\"ImageObject\",\"inLanguage\":\"es\",\"@id\":\"https:\\\/\\\/www.iemj.org\\\/es\\\/#\\\/schema\\\/logo\\\/image\\\/\",\"url\":\"https:\\\/\\\/www.iemj.org\\\/wp-content\\\/uploads\\\/2021\\\/09\\\/Logo-IEMJ-Paypal.jpg\",\"contentUrl\":\"https:\\\/\\\/www.iemj.org\\\/wp-content\\\/uploads\\\/2021\\\/09\\\/Logo-IEMJ-Paypal.jpg\",\"width\":150,\"height\":50,\"caption\":\"Institut Europ\u00e9en des Musiques Juives\"},\"image\":{\"@id\":\"https:\\\/\\\/www.iemj.org\\\/es\\\/#\\\/schema\\\/logo\\\/image\\\/\"},\"sameAs\":[\"https:\\\/\\\/www.facebook.com\\\/MusiquesJuives\\\/\",\"https:\\\/\\\/www.instagram.com\\\/musiquesjuives\\\/\",\"https:\\\/\\\/www.youtube.com\\\/user\\\/musiquesjuives\"]},{\"@type\":\"Person\",\"@id\":\"https:\\\/\\\/www.iemj.org\\\/es\\\/#\\\/schema\\\/person\\\/358e26c18aca017fcc4cc15437f7279c\",\"name\":\"Jacqueline ROTEN\",\"image\":{\"@type\":\"ImageObject\",\"inLanguage\":\"es\",\"@id\":\"https:\\\/\\\/secure.gravatar.com\\\/avatar\\\/5964256d6c6957de3a3505278957e0fb2a35119ac47ea41827a65301213c810b?s=96&d=mm&r=g\",\"url\":\"https:\\\/\\\/secure.gravatar.com\\\/avatar\\\/5964256d6c6957de3a3505278957e0fb2a35119ac47ea41827a65301213c810b?s=96&d=mm&r=g\",\"contentUrl\":\"https:\\\/\\\/secure.gravatar.com\\\/avatar\\\/5964256d6c6957de3a3505278957e0fb2a35119ac47ea41827a65301213c810b?s=96&d=mm&r=g\",\"caption\":\"Jacqueline ROTEN\"}}]}<\/script>\n<!-- \/ Yoast SEO plugin. -->","yoast_head_json":{"title":"Les enfants de l'esp\u00e9rance, una partitura de Graciane Finzi - Institut Europ\u00e9en des Musiques Juives","robots":{"index":"index","follow":"follow","max-snippet":"max-snippet:-1","max-image-preview":"max-image-preview:large","max-video-preview":"max-video-preview:-1"},"canonical":"https:\/\/www.iemj.org\/es\/les-enfants-de-lesperance-une-partition-de-graciane-finzi-sur-un-texte-du-rabbin-philippe-haddad\/","og_locale":"es_ES","og_type":"article","og_title":"Les enfants de l'esp\u00e9rance, una partitura de Graciane Finzi - Institut Europ\u00e9en des Musiques Juives","og_description":"\u2666\u2666\u2666\u2666\u2666\u2666","og_url":"https:\/\/www.iemj.org\/es\/les-enfants-de-lesperance-une-partition-de-graciane-finzi-sur-un-texte-du-rabbin-philippe-haddad\/","og_site_name":"Institut Europ\u00e9en des Musiques Juives","article_publisher":"https:\/\/www.facebook.com\/MusiquesJuives\/","article_published_time":"2024-12-05T15:17:32+00:00","article_modified_time":"2024-12-06T11:23:18+00:00","og_image":[{"width":500,"height":500,"url":"https:\/\/www.iemj.org\/wp-content\/uploads\/2024\/12\/Logo-Publi-part-G.-Finzi.jpg","type":"image\/jpeg"}],"author":"Jacqueline ROTEN","twitter_card":"summary_large_image","twitter_misc":{"Escrito por":"Jacqueline ROTEN","Tiempo de lectura":"2 minutos"},"schema":{"@context":"https:\/\/schema.org","@graph":[{"@type":"Article","@id":"https:\/\/www.iemj.org\/es\/les-enfants-de-lesperance-une-partition-de-graciane-finzi-sur-un-texte-du-rabbin-philippe-haddad\/#article","isPartOf":{"@id":"https:\/\/www.iemj.org\/es\/les-enfants-de-lesperance-une-partition-de-graciane-finzi-sur-un-texte-du-rabbin-philippe-haddad\/"},"author":{"name":"Jacqueline ROTEN","@id":"https:\/\/www.iemj.org\/es\/#\/schema\/person\/358e26c18aca017fcc4cc15437f7279c"},"headline":"Les enfants de l&#8217;esp\u00e9rance, una partitura de Graciane Finzi","datePublished":"2024-12-05T15:17:32+00:00","dateModified":"2024-12-06T11:23:18+00:00","mainEntityOfPage":{"@id":"https:\/\/www.iemj.org\/es\/les-enfants-de-lesperance-une-partition-de-graciane-finzi-sur-un-texte-du-rabbin-philippe-haddad\/"},"wordCount":316,"publisher":{"@id":"https:\/\/www.iemj.org\/es\/#organization"},"image":{"@id":"https:\/\/www.iemj.org\/es\/les-enfants-de-lesperance-une-partition-de-graciane-finzi-sur-un-texte-du-rabbin-philippe-haddad\/#primaryimage"},"thumbnailUrl":"https:\/\/www.iemj.org\/wp-content\/uploads\/2024\/12\/Logo-Publi-part-G.-Finzi.jpg","articleSection":["Partituras IEMJ","Publicaciones"],"inLanguage":"es"},{"@type":"WebPage","@id":"https:\/\/www.iemj.org\/es\/les-enfants-de-lesperance-une-partition-de-graciane-finzi-sur-un-texte-du-rabbin-philippe-haddad\/","url":"https:\/\/www.iemj.org\/es\/les-enfants-de-lesperance-une-partition-de-graciane-finzi-sur-un-texte-du-rabbin-philippe-haddad\/","name":"Les enfants de l'esp\u00e9rance, una partitura de Graciane Finzi - Institut Europ\u00e9en des Musiques Juives","isPartOf":{"@id":"https:\/\/www.iemj.org\/es\/#website"},"primaryImageOfPage":{"@id":"https:\/\/www.iemj.org\/es\/les-enfants-de-lesperance-une-partition-de-graciane-finzi-sur-un-texte-du-rabbin-philippe-haddad\/#primaryimage"},"image":{"@id":"https:\/\/www.iemj.org\/es\/les-enfants-de-lesperance-une-partition-de-graciane-finzi-sur-un-texte-du-rabbin-philippe-haddad\/#primaryimage"},"thumbnailUrl":"https:\/\/www.iemj.org\/wp-content\/uploads\/2024\/12\/Logo-Publi-part-G.-Finzi.jpg","datePublished":"2024-12-05T15:17:32+00:00","dateModified":"2024-12-06T11:23:18+00:00","breadcrumb":{"@id":"https:\/\/www.iemj.org\/es\/les-enfants-de-lesperance-une-partition-de-graciane-finzi-sur-un-texte-du-rabbin-philippe-haddad\/#breadcrumb"},"inLanguage":"es","potentialAction":[{"@type":"ReadAction","target":["https:\/\/www.iemj.org\/es\/les-enfants-de-lesperance-une-partition-de-graciane-finzi-sur-un-texte-du-rabbin-philippe-haddad\/"]}]},{"@type":"ImageObject","inLanguage":"es","@id":"https:\/\/www.iemj.org\/es\/les-enfants-de-lesperance-une-partition-de-graciane-finzi-sur-un-texte-du-rabbin-philippe-haddad\/#primaryimage","url":"https:\/\/www.iemj.org\/wp-content\/uploads\/2024\/12\/Logo-Publi-part-G.-Finzi.jpg","contentUrl":"https:\/\/www.iemj.org\/wp-content\/uploads\/2024\/12\/Logo-Publi-part-G.-Finzi.jpg","width":500,"height":500},{"@type":"BreadcrumbList","@id":"https:\/\/www.iemj.org\/es\/les-enfants-de-lesperance-une-partition-de-graciane-finzi-sur-un-texte-du-rabbin-philippe-haddad\/#breadcrumb","itemListElement":[{"@type":"ListItem","position":1,"name":"Accueil","item":"https:\/\/www.iemj.org\/es\/"},{"@type":"ListItem","position":2,"name":"Les enfants de l&#8217;esp\u00e9rance, una partitura de Graciane Finzi"}]},{"@type":"WebSite","@id":"https:\/\/www.iemj.org\/es\/#website","url":"https:\/\/www.iemj.org\/es\/","name":"Institut Europ\u00e9en des Musiques Juives","description":"Des traditions musicales \u00e0 la port\u00e9e de tous","publisher":{"@id":"https:\/\/www.iemj.org\/es\/#organization"},"potentialAction":[{"@type":"SearchAction","target":{"@type":"EntryPoint","urlTemplate":"https:\/\/www.iemj.org\/es\/?s={search_term_string}"},"query-input":{"@type":"PropertyValueSpecification","valueRequired":true,"valueName":"search_term_string"}}],"inLanguage":"es"},{"@type":"Organization","@id":"https:\/\/www.iemj.org\/es\/#organization","name":"Institut Europ\u00e9en des Musiques Juives","url":"https:\/\/www.iemj.org\/es\/","logo":{"@type":"ImageObject","inLanguage":"es","@id":"https:\/\/www.iemj.org\/es\/#\/schema\/logo\/image\/","url":"https:\/\/www.iemj.org\/wp-content\/uploads\/2021\/09\/Logo-IEMJ-Paypal.jpg","contentUrl":"https:\/\/www.iemj.org\/wp-content\/uploads\/2021\/09\/Logo-IEMJ-Paypal.jpg","width":150,"height":50,"caption":"Institut Europ\u00e9en des Musiques Juives"},"image":{"@id":"https:\/\/www.iemj.org\/es\/#\/schema\/logo\/image\/"},"sameAs":["https:\/\/www.facebook.com\/MusiquesJuives\/","https:\/\/www.instagram.com\/musiquesjuives\/","https:\/\/www.youtube.com\/user\/musiquesjuives"]},{"@type":"Person","@id":"https:\/\/www.iemj.org\/es\/#\/schema\/person\/358e26c18aca017fcc4cc15437f7279c","name":"Jacqueline ROTEN","image":{"@type":"ImageObject","inLanguage":"es","@id":"https:\/\/secure.gravatar.com\/avatar\/5964256d6c6957de3a3505278957e0fb2a35119ac47ea41827a65301213c810b?s=96&d=mm&r=g","url":"https:\/\/secure.gravatar.com\/avatar\/5964256d6c6957de3a3505278957e0fb2a35119ac47ea41827a65301213c810b?s=96&d=mm&r=g","contentUrl":"https:\/\/secure.gravatar.com\/avatar\/5964256d6c6957de3a3505278957e0fb2a35119ac47ea41827a65301213c810b?s=96&d=mm&r=g","caption":"Jacqueline ROTEN"}}]}},"_links":{"self":[{"href":"https:\/\/www.iemj.org\/es\/wp-json\/wp\/v2\/posts\/116133","targetHints":{"allow":["GET"]}}],"collection":[{"href":"https:\/\/www.iemj.org\/es\/wp-json\/wp\/v2\/posts"}],"about":[{"href":"https:\/\/www.iemj.org\/es\/wp-json\/wp\/v2\/types\/post"}],"author":[{"embeddable":true,"href":"https:\/\/www.iemj.org\/es\/wp-json\/wp\/v2\/users\/5"}],"replies":[{"embeddable":true,"href":"https:\/\/www.iemj.org\/es\/wp-json\/wp\/v2\/comments?post=116133"}],"version-history":[{"count":0,"href":"https:\/\/www.iemj.org\/es\/wp-json\/wp\/v2\/posts\/116133\/revisions"}],"wp:featuredmedia":[{"embeddable":true,"href":"https:\/\/www.iemj.org\/es\/wp-json\/wp\/v2\/media\/116015"}],"wp:attachment":[{"href":"https:\/\/www.iemj.org\/es\/wp-json\/wp\/v2\/media?parent=116133"}],"wp:term":[{"taxonomy":"category","embeddable":true,"href":"https:\/\/www.iemj.org\/es\/wp-json\/wp\/v2\/categories?post=116133"},{"taxonomy":"post_tag","embeddable":true,"href":"https:\/\/www.iemj.org\/es\/wp-json\/wp\/v2\/tags?post=116133"},{"taxonomy":"technique","embeddable":true,"href":"https:\/\/www.iemj.org\/es\/wp-json\/wp\/v2\/technique?post=116133"},{"taxonomy":"squelettes","embeddable":true,"href":"https:\/\/www.iemj.org\/es\/wp-json\/wp\/v2\/squelettes?post=116133"},{"taxonomy":"sujet","embeddable":true,"href":"https:\/\/www.iemj.org\/es\/wp-json\/wp\/v2\/sujet?post=116133"},{"taxonomy":"formation","embeddable":true,"href":"https:\/\/www.iemj.org\/es\/wp-json\/wp\/v2\/formation?post=116133"},{"taxonomy":"genre","embeddable":true,"href":"https:\/\/www.iemj.org\/es\/wp-json\/wp\/v2\/genre?post=116133"},{"taxonomy":"fonds","embeddable":true,"href":"https:\/\/www.iemj.org\/es\/wp-json\/wp\/v2\/fonds?post=116133"},{"taxonomy":"tradition","embeddable":true,"href":"https:\/\/www.iemj.org\/es\/wp-json\/wp\/v2\/tradition?post=116133"},{"taxonomy":"type-de-contenu","embeddable":true,"href":"https:\/\/www.iemj.org\/es\/wp-json\/wp\/v2\/type-de-contenu?post=116133"},{"taxonomy":"interprete-compositeur","embeddable":true,"href":"https:\/\/www.iemj.org\/es\/wp-json\/wp\/v2\/interprete-compositeur?post=116133"},{"taxonomy":"frise","embeddable":true,"href":"https:\/\/www.iemj.org\/es\/wp-json\/wp\/v2\/frise?post=116133"},{"taxonomy":"type-devenement","embeddable":true,"href":"https:\/\/www.iemj.org\/es\/wp-json\/wp\/v2\/type-devenement?post=116133"},{"taxonomy":"tableaux-liens-externes","embeddable":true,"href":"https:\/\/www.iemj.org\/es\/wp-json\/wp\/v2\/tableaux-liens-externes?post=116133"}],"curies":[{"name":"wp","href":"https:\/\/api.w.org\/{rel}","templated":true}]}}