{"id":116526,"date":"2025-01-08T12:20:05","date_gmt":"2025-01-08T11:20:05","guid":{"rendered":"https:\/\/www.iemj.org\/chamber-works-by-robert-muller-hartmann-frederick-block\/"},"modified":"2025-01-08T16:41:00","modified_gmt":"2025-01-08T15:41:00","slug":"chamber-works-by-robert-muller-hartmann-frederick-block","status":"publish","type":"post","link":"https:\/\/www.iemj.org\/es\/chamber-works-by-robert-muller-hartmann-frederick-block\/","title":{"rendered":"Chamber Works by Robert M\u00fcller-Hartmann &amp; Frederick Block"},"content":{"rendered":"<h3><strong>ARC Ensemble<\/strong><\/h3>\n<h3><strong>Chandos Records Ltd &#8211; Collection Music in Exile<\/strong><\/h3>\n<p>El s\u00e9ptimo y octavo CD de la serie Music in Exile, <em>Chamber Music by Robert M\u00fcller-Hartmann<\/em> y <em>Chamber Music by Frederick Block<\/em>, publicados por Chandos en 2023 y 2024 respectivamente, nos presentan las obras injustamente olvidadas de estos dos compositores jud\u00edos, alem\u00e1n y austriaco, que emigraron a Inglaterra y Estados Unidos en la d\u00e9cada de 1930 para escapar del nazismo.<\/p>\n<p>Robert M\u00fcller-Hartmann (1884-1950) forma parte de la larga lista de compositores jud\u00edos europeos marginados y olvidados tras la llegada del nazismo y las convulsiones sociales que siguieron a la Segunda Guerra Mundial.<\/p>\n<p><a href=\"https:\/\/promusicahebraica.org\/about-pro-musica-hebraica\/board-of-advisers\/simon-wynberg\/\" target=\"_blank\" rel=\"noopener\">Simon Wynberg<\/a>, director del Ensemble ARC (Artists of The Royal Conservatory), fundado en 2002 en Canad\u00e1, describe ampliamente el destino de este compositor, profesor y music\u00f3logo en el libreto de este disco bien documentado.<\/p>\n<p><img fetchpriority=\"high\" decoding=\"async\" class=\"wp-image-116486 size-medium alignright\" src=\"https:\/\/www.iemj.org\/wp-content\/uploads\/2025\/01\/robert-muller-hartmann_redim-217x300.jpg\" alt=\"\" width=\"217\" height=\"300\" srcset=\"https:\/\/www.iemj.org\/wp-content\/uploads\/2025\/01\/robert-muller-hartmann_redim-217x300.jpg 217w, https:\/\/www.iemj.org\/wp-content\/uploads\/2025\/01\/robert-muller-hartmann_redim.jpg 286w\" sizes=\"(max-width: 217px) 100vw, 217px\" \/><\/p>\n<p>Nacido en Hamburgo el 11 de octubre de 1884, <strong>Robert M\u00fcller-Hartmann<\/strong> era hijo del clarinetista y profesor de piano Josef M\u00fcller y de su esposa Jenny (de soltera Hartmann). Era primo hermano del compositor y director de orquesta Paul Dessau (1894-1979). De 1900 a 1904 estudi\u00f3 composici\u00f3n en el Conservatorio Stern de Berl\u00edn con Eduard Behm, disc\u00edpulo de Brahms, y contrapunto con el compositor y cr\u00edtico Max Loewengard. En 1912, M\u00fcller-Hartmann se cas\u00f3 con Rebecca Elisabeth Asch (1890 &#8211; 1981) -conocida como Lisbeth-, hija de una prominente familia jud\u00eda de Hamburgo. Hamburgo seguir\u00eda siendo el centro de la vida profesional y familiar del compositor. M\u00fcller-Hartmann ense\u00f1\u00f3 teor\u00eda musical en el Conservatorio Kr\u00fcss-F\u00e4rber y en el Conservatorio Bernuth y, a partir de 1923, armon\u00eda y composici\u00f3n en la Universidad de Hamburgo. Tambi\u00e9n escribi\u00f3 ensayos y cr\u00edticas para varias revistas musicales y form\u00f3 parte del consejo asesor musical de la Nordische Rundfunk Aktiengesellschaft (Corporaci\u00f3n de Radiodifusi\u00f3n del Norte de Alemania).<\/p>\n<p>Varios directores de orquesta importantes interpretaron sus obras: Karl Muck, Carl Schuricht, Richard Strauss, que dirigi\u00f3 su Obertura sinf\u00f3nica, op. 7, en Berl\u00edn en 1917, y Otto Klemperer, antiguo alumno del Conservatorio Stern, que estren\u00f3 su Obertura <em>Leonce und Lena<\/em>, op. 14. Las emisoras de radio alemanas, especialmente la Nordische Rundfunk, emit\u00edan regularmente m\u00fasica de M\u00fcller-Hartmann.<\/p>\n<p>Destituido de su puesto en la Universidad de Hamburgo en 1933, ense\u00f1\u00f3 en una escuela jud\u00eda para ni\u00f1as antes de huir a Inglaterra en 1937. Se instal\u00f3 con su mujer y sus tres hijos en Dorking, a unos 40 kil\u00f3metros al sur de Londres. A trav\u00e9s de su hija, conoci\u00f3 al compositor brit\u00e1nico Ralph Vaughan Williams, con quien entabl\u00f3 amistad y colabor\u00f3. A finales del verano de 1940, M\u00fcller-Hartmann fue internado en la Isla de Man como ciudadano alem\u00e1n. Fue liberado unas semanas m\u00e1s tarde gracias al apoyo de Vaughan Williams. Pero tuvo que esperar otros tres a\u00f1os antes de que el Ministerio del Interior le concediera permiso para ense\u00f1ar m\u00fasica oficialmente. Durante la guerra, la BBC emiti\u00f3 muy pocas obras de compositores alemanes o austriacos, aunque fueran jud\u00edos y refugiados. La antipat\u00eda general hacia los m\u00fasicos alemanes exiliados y la personalidad modesta de M\u00fcller-Hartmann hicieron que cayera pronto en el olvido, sobre todo cuando muri\u00f3 prematuramente de una hemorragia cerebral el 15 de diciembre de 1950.<\/p>\n<p>Sin embargo, contra todo pron\u00f3stico, la BBC emiti\u00f3 una selecci\u00f3n de los lieder de M\u00fcller-Hartmann en el verano de 1945. En Israel, gracias a la promoci\u00f3n de su hijo Jedidja, su Sonata para dos violines, op. 32, y su Sinfonietta se emitieron en Kol Yerushalayim.<\/p>\n<p>Tras su muerte, sus manuscritos musicales fueron enviados a sus hijos en Israel, que los donaron a la Academia de M\u00fasica y Danza de Jerusal\u00e9n. Han permanecido intactos hasta la publicaci\u00f3n de este CD, gracias al notable trabajo de Simon Wynberg.<\/p>\n\n\n<div class=\"wp-block-columns alignwide are-vertically-aligned-center is-layout-flex wp-container-core-columns-is-layout-9d6595d7 wp-block-columns-is-layout-flex\">\n<div class=\"wp-block-column is-vertically-aligned-center is-layout-flow wp-block-column-is-layout-flow\"><div class=\"wp-block-image\">\n<figure class=\"aligncenter size-full\"><img decoding=\"async\" width=\"400\" height=\"400\" src=\"https:\/\/www.iemj.org\/wp-content\/uploads\/2025\/01\/COUV-CD-Robert-Muller-Hartmann.jpg\" alt=\"\" class=\"wp-image-116501\" srcset=\"https:\/\/www.iemj.org\/wp-content\/uploads\/2025\/01\/COUV-CD-Robert-Muller-Hartmann.jpg 400w, https:\/\/www.iemj.org\/wp-content\/uploads\/2025\/01\/COUV-CD-Robert-Muller-Hartmann-300x300.jpg 300w, https:\/\/www.iemj.org\/wp-content\/uploads\/2025\/01\/COUV-CD-Robert-Muller-Hartmann-150x150.jpg 150w, https:\/\/www.iemj.org\/wp-content\/uploads\/2025\/01\/COUV-CD-Robert-Muller-Hartmann-100x100.jpg 100w\" sizes=\"(max-width: 400px) 100vw, 400px\" \/><\/figure>\n<\/div><\/div>\n\n\n\n<div class=\"wp-block-column is-vertically-aligned-center is-layout-flow wp-block-column-is-layout-flow\"><div class=\"wp-block-image\">\n<figure class=\"aligncenter size-full\"><img decoding=\"async\" width=\"400\" height=\"400\" src=\"https:\/\/www.iemj.org\/wp-content\/uploads\/2025\/01\/COUV-CD-Frederick-Block.jpg\" alt=\"\" class=\"wp-image-116496\" srcset=\"https:\/\/www.iemj.org\/wp-content\/uploads\/2025\/01\/COUV-CD-Frederick-Block.jpg 400w, https:\/\/www.iemj.org\/wp-content\/uploads\/2025\/01\/COUV-CD-Frederick-Block-300x300.jpg 300w, https:\/\/www.iemj.org\/wp-content\/uploads\/2025\/01\/COUV-CD-Frederick-Block-150x150.jpg 150w, https:\/\/www.iemj.org\/wp-content\/uploads\/2025\/01\/COUV-CD-Frederick-Block-100x100.jpg 100w\" sizes=\"(max-width: 400px) 100vw, 400px\" \/><\/figure>\n<\/div><\/div>\n<\/div>\n\n\n<p><img loading=\"lazy\" decoding=\"async\" class=\"size-full wp-image-116509 alignleft\" src=\"https:\/\/www.iemj.org\/wp-content\/uploads\/2025\/01\/frederick-block.jpeg\" alt=\"\" width=\"199\" height=\"253\" \/>Por su parte, el compositor vien\u00e9s <strong>Frederic Block<\/strong> (1899-1945) estaba a punto de iniciar una prometedora carrera europea. Hijo \u00fanico de una familia pr\u00f3spera, Block hab\u00eda disfrutado del raro lujo de una vida musical sin necesidad de ingresos independientes. <\/p>\n<p>Su primer maestro fue el compositor checo Josef Bohuslav Foerster, seguido de Hans G\u00e1l en la Universidad de Viena. Conservador por naturaleza, la m\u00fasica de Block tuvo un \u00e9xito modesto en la d\u00e9cada de 1920. En Viena, el 15 de enero de 1922, un concierto dedicado \u00edntegramente a su m\u00fasica incluy\u00f3 un Cuarteto de cuerda en la menor, un grupo de Lieder y un Quinteto para piano en sol mayor. A este concierto siguieron otros en Viena y Praga. A principios de la d\u00e9cada de 1930, la m\u00fasica de Block aparec\u00eda en programas que promocionaban la m\u00fasica de j\u00f3venes compositores austriacos. Muchos de ellos, como Karl Weigl, Erich Zeisl, Ernst Kanitz, Otto Jokl y Walter Bricht, eran jud\u00edos y buscaron refugio en Estados Unidos. Durante la d\u00e9cada de 1930, Block tambi\u00e9n se dedic\u00f3 a la \u00f3pera, y en un arranque de extraordinaria energ\u00eda compuso seis en el espacio de cuatro a\u00f1os. La tercera, <em>Samum<\/em>, se estren\u00f3 en enero de 1936 en el Teatro Nacional Eslovaco de Presburgo (actual Bratislava) con gran \u00e9xito.<\/p>\n<p>Cuando las fuerzas alemanas se concentraron en la frontera austriaca y el pa\u00eds mostr\u00f3 su entusiasmo por la uni\u00f3n con Alemania, Block tuvo que darse cuenta de la amenaza inminente que se cern\u00eda sobre los jud\u00edos austriacos. En marzo de 1938, tras la anexi\u00f3n de Austria por Hitler, Block obtuvo un visado brit\u00e1nico en Trieste, y luego vol\u00f3 de Z\u00farich a Londres, donde se reuni\u00f3 con su prometida, Ina Margulies, con quien se cas\u00f3 en la sinagoga del distrito de Richmond el 15 de agosto de 1939. Vivieron en Kew los \u00faltimos meses de su estancia en Londres, donde Block termin\u00f3 su \u00f3pera <em>Schattenspiel<\/em> (Juego de sombras). Su partida hacia Am\u00e9rica se retras\u00f3 hasta que se aprob\u00f3 su solicitud de inmigraci\u00f3n en mayo siguiente. El 11 de junio de 1940 embarcaron en el Britannic, un transatl\u00e1ntico de Cunard-White Star Line, y partieron de Liverpool rumbo a Nueva York, adonde llegaron en el verano de 1940.<\/p>\n<p>All\u00ed encontr\u00f3 trabajo componiendo y arreglando partituras para orquestas de radio -principalmente la CBS- y arreglando obras orquestales para su publicaci\u00f3n en versiones para piano solo. Pero adem\u00e1s de estas actividades que le llevaban mucho tiempo, compuso una enorme cantidad de m\u00fasica de c\u00e1mara. Hipersensible, estresado y atormentado por premoniciones de muerte inminente, Frederick Block apenas sal\u00eda de su piso de Washington Heights. Su amigo y colega Otto Janowitz escribi\u00f3: \u00abEra un compositor que no pertenec\u00eda a ninguna escuela o movimiento, que no quer\u00eda demostrar nada a trav\u00e9s de su composici\u00f3n, que no era ni abstracto ni rom\u00e1ntico, sino que, con incansable perseverancia, completaba obra tras obra sin preocuparse por la cr\u00edtica, el \u00e9xito o, por desgracia, incluso las interpretaciones, simplemente siguiendo honestamente su deseo de crear\u00bb.<\/p>\n<p><img loading=\"lazy\" decoding=\"async\" class=\"size-medium wp-image-116514 alignright\" src=\"https:\/\/www.iemj.org\/wp-content\/uploads\/2025\/01\/friedrich-block-music-score-262x300.jpg\" alt=\"\" width=\"262\" height=\"300\" srcset=\"https:\/\/www.iemj.org\/wp-content\/uploads\/2025\/01\/friedrich-block-music-score-262x300.jpg 262w, https:\/\/www.iemj.org\/wp-content\/uploads\/2025\/01\/friedrich-block-music-score-600x688.jpg 600w, https:\/\/www.iemj.org\/wp-content\/uploads\/2025\/01\/friedrich-block-music-score.jpg 620w\" sizes=\"(max-width: 262px) 100vw, 262px\" \/>Las premoniciones que le atormentaban se precipitaron casi con toda seguridad por el estr\u00e9s de la separaci\u00f3n: de Viena, su lengua y su cultura, y de su madre Berta, una viuda que se qued\u00f3 en Viena y fue asesinada en Treblinka en 1942.<\/p>\n<p>A principios de 1945 se le diagnostic\u00f3 un c\u00e1ncer. La radiaci\u00f3n result\u00f3 ineficaz y el 1 de junio, s\u00f3lo tres meses antes de cumplir los cuarenta y seis a\u00f1os (y obtener la nacionalidad estadounidense), Frederick Block muri\u00f3. Fue enterrado en el cementerio de Cedar Park, Paramus, Nueva Jersey. Ina Block no volvi\u00f3 a casarse y sobrevivi\u00f3 a su marido cincuenta y cinco a\u00f1os, desapareciendo en 2000. Su tumba est\u00e1 junto a la de Frederick.<\/p>\n<p>En 2001, la Biblioteca P\u00fablica de Nueva York adquiri\u00f3 los <a href=\"https:\/\/archives.nypl.org\/mus\/20426\" target=\"_blank\" rel=\"noopener\">archivos de Frederick Block<\/a> al patrimonio de su viuda, Ina Block, y Simon Wynberg los descubri\u00f3 por casualidad en los fondos de la biblioteca. Se sinti\u00f3 conmovido por la historia de este compositor, por la belleza de sus obras y por el anonimato casi total que sigui\u00f3 a su muerte. Comenz\u00f3 entonces un proyecto de investigaci\u00f3n que culmin\u00f3 con la publicaci\u00f3n de este CD profundamente conmovedor que, al igual que las obras anteriores, rinde homenaje a los m\u00fasicos del exilio cuyas obras han ca\u00eddo injustamente en el olvido.<\/p>\n<p>Dos discos que realmente debe descubrir&#8230;<\/p>\n<p><a href=\"https:\/\/www.chandos.net\/search?zoom_query=Arc+Ensemble&amp;zoom_per_page=24\" target=\"_blank\" rel=\"noopener\">Pedir los CDs Music in Exile<\/a><br \/><a href=\"https:\/\/www.rcmusic.com\/performance\/arc-ensemble\" target=\"_blank\" rel=\"noopener\">M\u00e1s informaci\u00f3n sobre L\u2019ARC Ensemble<\/a><\/p>\n\n\n<div class=\"wp-block-columns is-layout-flex wp-container-core-columns-is-layout-9d6595d7 wp-block-columns-is-layout-flex\">\n<div class=\"wp-block-column is-layout-flow wp-block-column-is-layout-flow\">\n<figure class=\"wp-block-embed is-type-video is-provider-youtube wp-block-embed-youtube wp-embed-aspect-16-9 wp-has-aspect-ratio\"><div class=\"wp-block-embed__wrapper\">\n<iframe title=\"Robert M\u00fcller-Hartmann: Sonata for Two Violins, op. 32: IV. Schnell mit Anmut | ARC Ensemble\" width=\"640\" height=\"360\" src=\"https:\/\/www.youtube.com\/embed\/sqW9RoPPS0k?list=PL3WoUmSaV5D8mpPimBfQvH0bbqbzJBd2d\" frameborder=\"0\" allow=\"accelerometer; autoplay; clipboard-write; encrypted-media; gyroscope; picture-in-picture; web-share\" referrerpolicy=\"strict-origin-when-cross-origin\" allowfullscreen><\/iframe>\n<\/div><figcaption class=\"wp-element-caption\"><strong>Sonata for Two Violins, op. 32 de M\u00fcller-Hartmann<\/strong>, <strong>4\u00ba movimiento<\/strong><\/figcaption><\/figure>\n<\/div>\n\n\n\n<div class=\"wp-block-column is-layout-flow wp-block-column-is-layout-flow\">\n<figure class=\"wp-block-embed is-type-video is-provider-youtube wp-block-embed-youtube wp-embed-aspect-16-9 wp-has-aspect-ratio\"><div class=\"wp-block-embed__wrapper\">\n<iframe title=\"Joaquin Valdepe\u00f1as &amp; Kevin Ahfat perform Block&#039;s Clarinet Suite, IV. Orientale | ARC Ensemble\" width=\"640\" height=\"360\" src=\"https:\/\/www.youtube.com\/embed\/KjRrxRQRE3A?feature=oembed\" frameborder=\"0\" allow=\"accelerometer; autoplay; clipboard-write; encrypted-media; gyroscope; picture-in-picture; web-share\" referrerpolicy=\"strict-origin-when-cross-origin\" allowfullscreen><\/iframe>\n<\/div><figcaption class=\"wp-element-caption\"><strong> Suite<em>, <\/em>Op. 73 (1944) for Clarinette and piano<\/strong> <strong>de Block<\/strong>, <strong>4\u00ba movimiento<\/strong> <strong><em>Orientale <\/em><\/strong><\/figcaption><\/figure>\n<\/div>\n<\/div>\n\n\n<div class=\"wp-block-image\">\n<figure class=\"aligncenter size-large\"><img loading=\"lazy\" decoding=\"async\" width=\"1024\" height=\"133\" src=\"https:\/\/www.iemj.org\/wp-content\/uploads\/2024\/03\/AUDIO-PLAYER-1024x133.png\" alt=\"\" class=\"wp-image-110608\" srcset=\"https:\/\/www.iemj.org\/wp-content\/uploads\/2024\/03\/AUDIO-PLAYER-1024x133.png 1024w, https:\/\/www.iemj.org\/wp-content\/uploads\/2024\/03\/AUDIO-PLAYER-300x39.png 300w, https:\/\/www.iemj.org\/wp-content\/uploads\/2024\/03\/AUDIO-PLAYER-768x100.png 768w, https:\/\/www.iemj.org\/wp-content\/uploads\/2024\/03\/AUDIO-PLAYER-600x78.png 600w, https:\/\/www.iemj.org\/wp-content\/uploads\/2024\/03\/AUDIO-PLAYER.png 1210w\" sizes=\"(max-width: 1024px) 100vw, 1024px\" \/><\/figure>\n<\/div>","protected":false},"excerpt":{"rendered":"<p>ARC Ensemble Chandos Records Ltd &#8211; Collection Music in Exile El s\u00e9ptimo y octavo CD de la serie Music in Exile, Chamber Music by Robert M\u00fcller-Hartmann y Chamber Music by<\/p>\n","protected":false},"author":5,"featured_media":116495,"comment_status":"closed","ping_status":"closed","sticky":false,"template":"","format":"standard","meta":{"_acf_changed":false,"footnotes":""},"categories":[1568,1565],"tags":[],"technique":[],"squelettes":[],"sujet":[1803],"formation":[],"genre":[1899],"fonds":[],"tradition":[],"type-de-contenu":[],"interprete-compositeur":[],"frise":[],"type-devenement":[],"tableaux-liens-externes":[],"class_list":["post-116526","post","type-post","status-publish","format-standard","has-post-thumbnail","hentry","category-cd-es","category-ultimas-adquisiciones-es","sujet-shoah-es","genre-musica-clasica-es"],"acf":[],"yoast_head":"<!-- This site is optimized with the Yoast SEO plugin v27.3 - https:\/\/yoast.com\/product\/yoast-seo-wordpress\/ -->\n<title>Chamber Works by Robert M\u00fcller-Hartmann &amp; Frederick Block - Institut Europ\u00e9en des Musiques Juives<\/title>\n<meta name=\"robots\" content=\"index, follow, max-snippet:-1, max-image-preview:large, max-video-preview:-1\" \/>\n<link rel=\"canonical\" href=\"https:\/\/www.iemj.org\/es\/chamber-works-by-robert-muller-hartmann-frederick-block\/\" \/>\n<meta property=\"og:locale\" content=\"es_ES\" \/>\n<meta property=\"og:type\" content=\"article\" \/>\n<meta property=\"og:title\" content=\"Chamber Works by Robert M\u00fcller-Hartmann &amp; Frederick Block - Institut Europ\u00e9en des Musiques Juives\" \/>\n<meta property=\"og:description\" content=\"ARC Ensemble Chandos Records Ltd &#8211; Collection Music in Exile El s\u00e9ptimo y octavo CD de la serie Music in Exile, Chamber Music by Robert M\u00fcller-Hartmann y Chamber Music by\" \/>\n<meta property=\"og:url\" content=\"https:\/\/www.iemj.org\/es\/chamber-works-by-robert-muller-hartmann-frederick-block\/\" \/>\n<meta property=\"og:site_name\" content=\"Institut Europ\u00e9en des Musiques Juives\" \/>\n<meta property=\"article:publisher\" content=\"https:\/\/www.facebook.com\/MusiquesJuives\/\" \/>\n<meta property=\"article:published_time\" content=\"2025-01-08T11:20:05+00:00\" \/>\n<meta property=\"article:modified_time\" content=\"2025-01-08T15:41:00+00:00\" \/>\n<meta property=\"og:image\" content=\"https:\/\/www.iemj.org\/wp-content\/uploads\/2025\/01\/logo.jpg\" \/>\n\t<meta property=\"og:image:width\" content=\"500\" \/>\n\t<meta property=\"og:image:height\" content=\"500\" \/>\n\t<meta property=\"og:image:type\" content=\"image\/jpeg\" \/>\n<meta name=\"author\" content=\"Jacqueline ROTEN\" \/>\n<meta name=\"twitter:card\" content=\"summary_large_image\" \/>\n<meta name=\"twitter:label1\" content=\"Escrito por\" \/>\n\t<meta name=\"twitter:data1\" content=\"Jacqueline ROTEN\" \/>\n\t<meta name=\"twitter:label2\" content=\"Tiempo de lectura\" \/>\n\t<meta name=\"twitter:data2\" content=\"9 minutos\" \/>\n<script type=\"application\/ld+json\" class=\"yoast-schema-graph\">{\"@context\":\"https:\\\/\\\/schema.org\",\"@graph\":[{\"@type\":\"Article\",\"@id\":\"https:\\\/\\\/www.iemj.org\\\/es\\\/chamber-works-by-robert-muller-hartmann-frederick-block\\\/#article\",\"isPartOf\":{\"@id\":\"https:\\\/\\\/www.iemj.org\\\/es\\\/chamber-works-by-robert-muller-hartmann-frederick-block\\\/\"},\"author\":{\"name\":\"Jacqueline ROTEN\",\"@id\":\"https:\\\/\\\/www.iemj.org\\\/es\\\/#\\\/schema\\\/person\\\/358e26c18aca017fcc4cc15437f7279c\"},\"headline\":\"Chamber Works by Robert M\u00fcller-Hartmann &amp; Frederick Block\",\"datePublished\":\"2025-01-08T11:20:05+00:00\",\"dateModified\":\"2025-01-08T15:41:00+00:00\",\"mainEntityOfPage\":{\"@id\":\"https:\\\/\\\/www.iemj.org\\\/es\\\/chamber-works-by-robert-muller-hartmann-frederick-block\\\/\"},\"wordCount\":1451,\"publisher\":{\"@id\":\"https:\\\/\\\/www.iemj.org\\\/es\\\/#organization\"},\"image\":{\"@id\":\"https:\\\/\\\/www.iemj.org\\\/es\\\/chamber-works-by-robert-muller-hartmann-frederick-block\\\/#primaryimage\"},\"thumbnailUrl\":\"https:\\\/\\\/www.iemj.org\\\/wp-content\\\/uploads\\\/2025\\\/01\\\/logo.jpg\",\"articleSection\":[\"CD\",\"\u00daltimas adquisiciones\"],\"inLanguage\":\"es\"},{\"@type\":\"WebPage\",\"@id\":\"https:\\\/\\\/www.iemj.org\\\/es\\\/chamber-works-by-robert-muller-hartmann-frederick-block\\\/\",\"url\":\"https:\\\/\\\/www.iemj.org\\\/es\\\/chamber-works-by-robert-muller-hartmann-frederick-block\\\/\",\"name\":\"Chamber Works by Robert M\u00fcller-Hartmann &amp; Frederick Block - Institut Europ\u00e9en des Musiques Juives\",\"isPartOf\":{\"@id\":\"https:\\\/\\\/www.iemj.org\\\/es\\\/#website\"},\"primaryImageOfPage\":{\"@id\":\"https:\\\/\\\/www.iemj.org\\\/es\\\/chamber-works-by-robert-muller-hartmann-frederick-block\\\/#primaryimage\"},\"image\":{\"@id\":\"https:\\\/\\\/www.iemj.org\\\/es\\\/chamber-works-by-robert-muller-hartmann-frederick-block\\\/#primaryimage\"},\"thumbnailUrl\":\"https:\\\/\\\/www.iemj.org\\\/wp-content\\\/uploads\\\/2025\\\/01\\\/logo.jpg\",\"datePublished\":\"2025-01-08T11:20:05+00:00\",\"dateModified\":\"2025-01-08T15:41:00+00:00\",\"breadcrumb\":{\"@id\":\"https:\\\/\\\/www.iemj.org\\\/es\\\/chamber-works-by-robert-muller-hartmann-frederick-block\\\/#breadcrumb\"},\"inLanguage\":\"es\",\"potentialAction\":[{\"@type\":\"ReadAction\",\"target\":[\"https:\\\/\\\/www.iemj.org\\\/es\\\/chamber-works-by-robert-muller-hartmann-frederick-block\\\/\"]}]},{\"@type\":\"ImageObject\",\"inLanguage\":\"es\",\"@id\":\"https:\\\/\\\/www.iemj.org\\\/es\\\/chamber-works-by-robert-muller-hartmann-frederick-block\\\/#primaryimage\",\"url\":\"https:\\\/\\\/www.iemj.org\\\/wp-content\\\/uploads\\\/2025\\\/01\\\/logo.jpg\",\"contentUrl\":\"https:\\\/\\\/www.iemj.org\\\/wp-content\\\/uploads\\\/2025\\\/01\\\/logo.jpg\",\"width\":500,\"height\":500},{\"@type\":\"BreadcrumbList\",\"@id\":\"https:\\\/\\\/www.iemj.org\\\/es\\\/chamber-works-by-robert-muller-hartmann-frederick-block\\\/#breadcrumb\",\"itemListElement\":[{\"@type\":\"ListItem\",\"position\":1,\"name\":\"Accueil\",\"item\":\"https:\\\/\\\/www.iemj.org\\\/es\\\/\"},{\"@type\":\"ListItem\",\"position\":2,\"name\":\"Chamber Works by Robert M\u00fcller-Hartmann &amp; Frederick Block\"}]},{\"@type\":\"WebSite\",\"@id\":\"https:\\\/\\\/www.iemj.org\\\/es\\\/#website\",\"url\":\"https:\\\/\\\/www.iemj.org\\\/es\\\/\",\"name\":\"Institut Europ\u00e9en des Musiques Juives\",\"description\":\"Des traditions musicales \u00e0 la port\u00e9e de tous\",\"publisher\":{\"@id\":\"https:\\\/\\\/www.iemj.org\\\/es\\\/#organization\"},\"potentialAction\":[{\"@type\":\"SearchAction\",\"target\":{\"@type\":\"EntryPoint\",\"urlTemplate\":\"https:\\\/\\\/www.iemj.org\\\/es\\\/?s={search_term_string}\"},\"query-input\":{\"@type\":\"PropertyValueSpecification\",\"valueRequired\":true,\"valueName\":\"search_term_string\"}}],\"inLanguage\":\"es\"},{\"@type\":\"Organization\",\"@id\":\"https:\\\/\\\/www.iemj.org\\\/es\\\/#organization\",\"name\":\"Institut Europ\u00e9en des Musiques Juives\",\"url\":\"https:\\\/\\\/www.iemj.org\\\/es\\\/\",\"logo\":{\"@type\":\"ImageObject\",\"inLanguage\":\"es\",\"@id\":\"https:\\\/\\\/www.iemj.org\\\/es\\\/#\\\/schema\\\/logo\\\/image\\\/\",\"url\":\"https:\\\/\\\/www.iemj.org\\\/wp-content\\\/uploads\\\/2021\\\/09\\\/Logo-IEMJ-Paypal.jpg\",\"contentUrl\":\"https:\\\/\\\/www.iemj.org\\\/wp-content\\\/uploads\\\/2021\\\/09\\\/Logo-IEMJ-Paypal.jpg\",\"width\":150,\"height\":50,\"caption\":\"Institut Europ\u00e9en des Musiques Juives\"},\"image\":{\"@id\":\"https:\\\/\\\/www.iemj.org\\\/es\\\/#\\\/schema\\\/logo\\\/image\\\/\"},\"sameAs\":[\"https:\\\/\\\/www.facebook.com\\\/MusiquesJuives\\\/\",\"https:\\\/\\\/www.instagram.com\\\/musiquesjuives\\\/\",\"https:\\\/\\\/www.youtube.com\\\/user\\\/musiquesjuives\"]},{\"@type\":\"Person\",\"@id\":\"https:\\\/\\\/www.iemj.org\\\/es\\\/#\\\/schema\\\/person\\\/358e26c18aca017fcc4cc15437f7279c\",\"name\":\"Jacqueline ROTEN\",\"image\":{\"@type\":\"ImageObject\",\"inLanguage\":\"es\",\"@id\":\"https:\\\/\\\/secure.gravatar.com\\\/avatar\\\/5964256d6c6957de3a3505278957e0fb2a35119ac47ea41827a65301213c810b?s=96&d=mm&r=g\",\"url\":\"https:\\\/\\\/secure.gravatar.com\\\/avatar\\\/5964256d6c6957de3a3505278957e0fb2a35119ac47ea41827a65301213c810b?s=96&d=mm&r=g\",\"contentUrl\":\"https:\\\/\\\/secure.gravatar.com\\\/avatar\\\/5964256d6c6957de3a3505278957e0fb2a35119ac47ea41827a65301213c810b?s=96&d=mm&r=g\",\"caption\":\"Jacqueline ROTEN\"}}]}<\/script>\n<!-- \/ Yoast SEO plugin. -->","yoast_head_json":{"title":"Chamber Works by Robert M\u00fcller-Hartmann &amp; Frederick Block - Institut Europ\u00e9en des Musiques Juives","robots":{"index":"index","follow":"follow","max-snippet":"max-snippet:-1","max-image-preview":"max-image-preview:large","max-video-preview":"max-video-preview:-1"},"canonical":"https:\/\/www.iemj.org\/es\/chamber-works-by-robert-muller-hartmann-frederick-block\/","og_locale":"es_ES","og_type":"article","og_title":"Chamber Works by Robert M\u00fcller-Hartmann &amp; Frederick Block - Institut Europ\u00e9en des Musiques Juives","og_description":"ARC Ensemble Chandos Records Ltd &#8211; Collection Music in Exile El s\u00e9ptimo y octavo CD de la serie Music in Exile, Chamber Music by Robert M\u00fcller-Hartmann y Chamber Music by","og_url":"https:\/\/www.iemj.org\/es\/chamber-works-by-robert-muller-hartmann-frederick-block\/","og_site_name":"Institut Europ\u00e9en des Musiques Juives","article_publisher":"https:\/\/www.facebook.com\/MusiquesJuives\/","article_published_time":"2025-01-08T11:20:05+00:00","article_modified_time":"2025-01-08T15:41:00+00:00","og_image":[{"width":500,"height":500,"url":"https:\/\/www.iemj.org\/wp-content\/uploads\/2025\/01\/logo.jpg","type":"image\/jpeg"}],"author":"Jacqueline ROTEN","twitter_card":"summary_large_image","twitter_misc":{"Escrito por":"Jacqueline ROTEN","Tiempo de lectura":"9 minutos"},"schema":{"@context":"https:\/\/schema.org","@graph":[{"@type":"Article","@id":"https:\/\/www.iemj.org\/es\/chamber-works-by-robert-muller-hartmann-frederick-block\/#article","isPartOf":{"@id":"https:\/\/www.iemj.org\/es\/chamber-works-by-robert-muller-hartmann-frederick-block\/"},"author":{"name":"Jacqueline ROTEN","@id":"https:\/\/www.iemj.org\/es\/#\/schema\/person\/358e26c18aca017fcc4cc15437f7279c"},"headline":"Chamber Works by Robert M\u00fcller-Hartmann &amp; Frederick Block","datePublished":"2025-01-08T11:20:05+00:00","dateModified":"2025-01-08T15:41:00+00:00","mainEntityOfPage":{"@id":"https:\/\/www.iemj.org\/es\/chamber-works-by-robert-muller-hartmann-frederick-block\/"},"wordCount":1451,"publisher":{"@id":"https:\/\/www.iemj.org\/es\/#organization"},"image":{"@id":"https:\/\/www.iemj.org\/es\/chamber-works-by-robert-muller-hartmann-frederick-block\/#primaryimage"},"thumbnailUrl":"https:\/\/www.iemj.org\/wp-content\/uploads\/2025\/01\/logo.jpg","articleSection":["CD","\u00daltimas adquisiciones"],"inLanguage":"es"},{"@type":"WebPage","@id":"https:\/\/www.iemj.org\/es\/chamber-works-by-robert-muller-hartmann-frederick-block\/","url":"https:\/\/www.iemj.org\/es\/chamber-works-by-robert-muller-hartmann-frederick-block\/","name":"Chamber Works by Robert M\u00fcller-Hartmann &amp; Frederick Block - Institut Europ\u00e9en des Musiques Juives","isPartOf":{"@id":"https:\/\/www.iemj.org\/es\/#website"},"primaryImageOfPage":{"@id":"https:\/\/www.iemj.org\/es\/chamber-works-by-robert-muller-hartmann-frederick-block\/#primaryimage"},"image":{"@id":"https:\/\/www.iemj.org\/es\/chamber-works-by-robert-muller-hartmann-frederick-block\/#primaryimage"},"thumbnailUrl":"https:\/\/www.iemj.org\/wp-content\/uploads\/2025\/01\/logo.jpg","datePublished":"2025-01-08T11:20:05+00:00","dateModified":"2025-01-08T15:41:00+00:00","breadcrumb":{"@id":"https:\/\/www.iemj.org\/es\/chamber-works-by-robert-muller-hartmann-frederick-block\/#breadcrumb"},"inLanguage":"es","potentialAction":[{"@type":"ReadAction","target":["https:\/\/www.iemj.org\/es\/chamber-works-by-robert-muller-hartmann-frederick-block\/"]}]},{"@type":"ImageObject","inLanguage":"es","@id":"https:\/\/www.iemj.org\/es\/chamber-works-by-robert-muller-hartmann-frederick-block\/#primaryimage","url":"https:\/\/www.iemj.org\/wp-content\/uploads\/2025\/01\/logo.jpg","contentUrl":"https:\/\/www.iemj.org\/wp-content\/uploads\/2025\/01\/logo.jpg","width":500,"height":500},{"@type":"BreadcrumbList","@id":"https:\/\/www.iemj.org\/es\/chamber-works-by-robert-muller-hartmann-frederick-block\/#breadcrumb","itemListElement":[{"@type":"ListItem","position":1,"name":"Accueil","item":"https:\/\/www.iemj.org\/es\/"},{"@type":"ListItem","position":2,"name":"Chamber Works by Robert M\u00fcller-Hartmann &amp; Frederick Block"}]},{"@type":"WebSite","@id":"https:\/\/www.iemj.org\/es\/#website","url":"https:\/\/www.iemj.org\/es\/","name":"Institut Europ\u00e9en des Musiques Juives","description":"Des traditions musicales \u00e0 la port\u00e9e de tous","publisher":{"@id":"https:\/\/www.iemj.org\/es\/#organization"},"potentialAction":[{"@type":"SearchAction","target":{"@type":"EntryPoint","urlTemplate":"https:\/\/www.iemj.org\/es\/?s={search_term_string}"},"query-input":{"@type":"PropertyValueSpecification","valueRequired":true,"valueName":"search_term_string"}}],"inLanguage":"es"},{"@type":"Organization","@id":"https:\/\/www.iemj.org\/es\/#organization","name":"Institut Europ\u00e9en des Musiques Juives","url":"https:\/\/www.iemj.org\/es\/","logo":{"@type":"ImageObject","inLanguage":"es","@id":"https:\/\/www.iemj.org\/es\/#\/schema\/logo\/image\/","url":"https:\/\/www.iemj.org\/wp-content\/uploads\/2021\/09\/Logo-IEMJ-Paypal.jpg","contentUrl":"https:\/\/www.iemj.org\/wp-content\/uploads\/2021\/09\/Logo-IEMJ-Paypal.jpg","width":150,"height":50,"caption":"Institut Europ\u00e9en des Musiques Juives"},"image":{"@id":"https:\/\/www.iemj.org\/es\/#\/schema\/logo\/image\/"},"sameAs":["https:\/\/www.facebook.com\/MusiquesJuives\/","https:\/\/www.instagram.com\/musiquesjuives\/","https:\/\/www.youtube.com\/user\/musiquesjuives"]},{"@type":"Person","@id":"https:\/\/www.iemj.org\/es\/#\/schema\/person\/358e26c18aca017fcc4cc15437f7279c","name":"Jacqueline ROTEN","image":{"@type":"ImageObject","inLanguage":"es","@id":"https:\/\/secure.gravatar.com\/avatar\/5964256d6c6957de3a3505278957e0fb2a35119ac47ea41827a65301213c810b?s=96&d=mm&r=g","url":"https:\/\/secure.gravatar.com\/avatar\/5964256d6c6957de3a3505278957e0fb2a35119ac47ea41827a65301213c810b?s=96&d=mm&r=g","contentUrl":"https:\/\/secure.gravatar.com\/avatar\/5964256d6c6957de3a3505278957e0fb2a35119ac47ea41827a65301213c810b?s=96&d=mm&r=g","caption":"Jacqueline ROTEN"}}]}},"_links":{"self":[{"href":"https:\/\/www.iemj.org\/es\/wp-json\/wp\/v2\/posts\/116526","targetHints":{"allow":["GET"]}}],"collection":[{"href":"https:\/\/www.iemj.org\/es\/wp-json\/wp\/v2\/posts"}],"about":[{"href":"https:\/\/www.iemj.org\/es\/wp-json\/wp\/v2\/types\/post"}],"author":[{"embeddable":true,"href":"https:\/\/www.iemj.org\/es\/wp-json\/wp\/v2\/users\/5"}],"replies":[{"embeddable":true,"href":"https:\/\/www.iemj.org\/es\/wp-json\/wp\/v2\/comments?post=116526"}],"version-history":[{"count":0,"href":"https:\/\/www.iemj.org\/es\/wp-json\/wp\/v2\/posts\/116526\/revisions"}],"wp:featuredmedia":[{"embeddable":true,"href":"https:\/\/www.iemj.org\/es\/wp-json\/wp\/v2\/media\/116495"}],"wp:attachment":[{"href":"https:\/\/www.iemj.org\/es\/wp-json\/wp\/v2\/media?parent=116526"}],"wp:term":[{"taxonomy":"category","embeddable":true,"href":"https:\/\/www.iemj.org\/es\/wp-json\/wp\/v2\/categories?post=116526"},{"taxonomy":"post_tag","embeddable":true,"href":"https:\/\/www.iemj.org\/es\/wp-json\/wp\/v2\/tags?post=116526"},{"taxonomy":"technique","embeddable":true,"href":"https:\/\/www.iemj.org\/es\/wp-json\/wp\/v2\/technique?post=116526"},{"taxonomy":"squelettes","embeddable":true,"href":"https:\/\/www.iemj.org\/es\/wp-json\/wp\/v2\/squelettes?post=116526"},{"taxonomy":"sujet","embeddable":true,"href":"https:\/\/www.iemj.org\/es\/wp-json\/wp\/v2\/sujet?post=116526"},{"taxonomy":"formation","embeddable":true,"href":"https:\/\/www.iemj.org\/es\/wp-json\/wp\/v2\/formation?post=116526"},{"taxonomy":"genre","embeddable":true,"href":"https:\/\/www.iemj.org\/es\/wp-json\/wp\/v2\/genre?post=116526"},{"taxonomy":"fonds","embeddable":true,"href":"https:\/\/www.iemj.org\/es\/wp-json\/wp\/v2\/fonds?post=116526"},{"taxonomy":"tradition","embeddable":true,"href":"https:\/\/www.iemj.org\/es\/wp-json\/wp\/v2\/tradition?post=116526"},{"taxonomy":"type-de-contenu","embeddable":true,"href":"https:\/\/www.iemj.org\/es\/wp-json\/wp\/v2\/type-de-contenu?post=116526"},{"taxonomy":"interprete-compositeur","embeddable":true,"href":"https:\/\/www.iemj.org\/es\/wp-json\/wp\/v2\/interprete-compositeur?post=116526"},{"taxonomy":"frise","embeddable":true,"href":"https:\/\/www.iemj.org\/es\/wp-json\/wp\/v2\/frise?post=116526"},{"taxonomy":"type-devenement","embeddable":true,"href":"https:\/\/www.iemj.org\/es\/wp-json\/wp\/v2\/type-devenement?post=116526"},{"taxonomy":"tableaux-liens-externes","embeddable":true,"href":"https:\/\/www.iemj.org\/es\/wp-json\/wp\/v2\/tableaux-liens-externes?post=116526"}],"curies":[{"name":"wp","href":"https:\/\/api.w.org\/{rel}","templated":true}]}}