{"id":116734,"date":"2025-01-13T17:01:58","date_gmt":"2025-01-13T16:01:58","guid":{"rendered":"https:\/\/www.iemj.org\/chirat-ha-baqqachot-selon-le-rite-marocain\/"},"modified":"2025-03-27T16:07:24","modified_gmt":"2025-03-27T15:07:24","slug":"chirat-ha-baqqachot-selon-le-rite-marocain","status":"publish","type":"post","link":"https:\/\/www.iemj.org\/es\/chirat-ha-baqqachot-selon-le-rite-marocain\/","title":{"rendered":"Chirat ha-Baqqachot seg\u00fan el rito marroqu\u00ed"},"content":{"rendered":"<p>Los <em>baqqachot<\/em> (o <em>bakashot<\/em>), cantados los s\u00e1bados de invierno antes del amanecer, representan una rica tradici\u00f3n musical y espiritual. Patrimonio central de la poes\u00eda lit\u00fargica entre los jud\u00edos de Marruecos, esta forma de arte ha experimentado un notable renacimiento en los \u00faltimos a\u00f1os.<\/p>\n<p>El 19 de agosto de 2024, Ariel Danan, paytan<span class=\"footnote_referrer\"><a role=\"button\" tabindex=\"0\" onclick=\"footnote_moveToReference_116734_1('footnote_plugin_reference_116734_1_1');\" onkeypress=\"footnote_moveToReference_116734_1('footnote_plugin_reference_116734_1_1');\" ><sup id=\"footnote_plugin_tooltip_116734_1_1\" class=\"footnote_plugin_tooltip_text\">[1]<\/sup><\/a><span id=\"footnote_plugin_tooltip_text_116734_1_1\" class=\"footnote_tooltip\">Iint\u00e9rprete de poes\u00edas religiosas (piyyutim)<\/span><\/span><script type=\"text\/javascript\"> jQuery('#footnote_plugin_tooltip_116734_1_1').tooltip({ tip: '#footnote_plugin_tooltip_text_116734_1_1', tipClass: 'footnote_tooltip', effect: 'fade', predelay: 0, fadeInSpeed: 200, delay: 400, fadeOutSpeed: 200, position: 'top center', relative: true, offset: [-7, 0], });<\/script> y ministro-oficiante, formado con los m\u00e1s grandes maestros de esta tradici\u00f3n, visit\u00f3 los locales del Instituto Europeo de M\u00fasica Jud\u00eda para recorrer la historia de esta poes\u00eda lit\u00fargica y dar ejemplos musicales.<\/p>\n<p>Con la participaci\u00f3n de Ephraim Kahn, grab\u00f3 las <em>bakashot<\/em> que suelen cantarse al amanecer del s\u00e1bado, cuando la <em>parasha Bo<\/em><span class=\"footnote_referrer\"><a role=\"button\" tabindex=\"0\" onclick=\"footnote_moveToReference_116734_1('footnote_plugin_reference_116734_1_2');\" onkeypress=\"footnote_moveToReference_116734_1('footnote_plugin_reference_116734_1_2');\" ><sup id=\"footnote_plugin_tooltip_116734_1_2\" class=\"footnote_plugin_tooltip_text\">[2]<\/sup><\/a><span id=\"footnote_plugin_tooltip_text_116734_1_2\" class=\"footnote_tooltip\">La lectura de la Tor\u00e1, el Pentateuco, se convirti\u00f3 en el momento esencial del culto sinagogal a partir de Esdras el Escriba (siglo V a.C.). En el servicio semanal del s\u00e1bado por la ma\u00f1ana se&nbsp;&#x2026; <span class=\"footnote_tooltip_continue\"  onclick=\"footnote_moveToReference_116734_1('footnote_plugin_reference_116734_1_2');\">Lire la suite<\/span><\/span><\/span><script type=\"text\/javascript\"> jQuery('#footnote_plugin_tooltip_116734_1_2').tooltip({ tip: '#footnote_plugin_tooltip_text_116734_1_2', tipClass: 'footnote_tooltip', effect: 'fade', predelay: 0, fadeInSpeed: 200, delay: 400, fadeOutSpeed: 200, position: 'top center', relative: true, offset: [-7, 0], });<\/script>, al son de la nuba (modalidad musical andaluza) Hidjaz El Kbir.<\/p>\n<p>L\u00e9a Couderc y Ephra\u00efm Kahn realizaron una grabaci\u00f3n en v\u00eddeo de esta actuaci\u00f3n, de la que se ha extra\u00eddo el siguiente v\u00eddeo.<\/p>\n\n\n<figure class=\"wp-block-embed is-type-video is-provider-youtube wp-block-embed-youtube wp-embed-aspect-16-9 wp-has-aspect-ratio\"><div class=\"wp-block-embed__wrapper\">\n<iframe title=\"L&#039;art des Bakashot (Chirat ha-Baqqachot) selon le rite marocain\" width=\"640\" height=\"360\" src=\"https:\/\/www.youtube.com\/embed\/xfriN0K0iaA?feature=oembed\" frameborder=\"0\" allow=\"accelerometer; autoplay; clipboard-write; encrypted-media; gyroscope; picture-in-picture; web-share\" referrerpolicy=\"strict-origin-when-cross-origin\" allowfullscreen><\/iframe> \n<\/div><\/figure>\n\n\n<p><a href=\"http:\/\/www.rachelnet.net\/F\/?func=find-c&amp;ccl_term=WRD+%3D+Ariel+Danan+SAUF+WRD+%3D+Marciano+SAUF+WRD+%3D+Canet&amp;local_base=iemcg\" target=\"_blank\" rel=\"noopener\">Ver la entrevista completa con Ariel Danan y la grabaci\u00f3n de audio de sus bakashot en nuestro cat\u00e1logo de colecciones<\/a><\/p>\n<p><a href=\"https:\/\/www.iemj.org\/es\/les-baqqachot\/\" target=\"_blank\" rel=\"noopener\">M\u00e1s informaci\u00f3n sobre las bakashot<\/a><\/p>\n<p><a href=\"https:\/\/www.iemj.org\/es\/a-la-decouverte-des-baqqachot\/\" target=\"_blank\" rel=\"noopener\">Escuchar la lista de reproducci\u00f3n Descubrir las bakashot<\/a><\/p>\n\n\n<p><\/p>\n<div class=\"speaker-mute footnotes_reference_container\"> <div class=\"footnote_container_prepare\"><p><span role=\"button\" tabindex=\"0\" class=\"footnote_reference_container_label pointer\" onclick=\"footnote_expand_collapse_reference_container_116734_1();\">&#x202F;<\/span><span role=\"button\" tabindex=\"0\" class=\"footnote_reference_container_collapse_button\" style=\"display: none;\" onclick=\"footnote_expand_collapse_reference_container_116734_1();\">[<a id=\"footnote_reference_container_collapse_button_116734_1\">+<\/a>]<\/span><\/p><\/div> <div id=\"footnote_references_container_116734_1\" style=\"\"><table class=\"footnotes_table footnote-reference-container\"><caption class=\"accessibility\">References<\/caption> <tbody> \r\n\r\n<tr class=\"footnotes_plugin_reference_row\"> <th scope=\"row\" class=\"footnote_plugin_index_combi pointer\"  onclick=\"footnote_moveToAnchor_116734_1('footnote_plugin_tooltip_116734_1_1');\"><a id=\"footnote_plugin_reference_116734_1_1\" class=\"footnote_backlink\">1<\/a><\/th> <td class=\"footnote_plugin_text\">Iint\u00e9rprete de poes\u00edas religiosas (piyyutim)<\/td><\/tr>\r\n\r\n<tr class=\"footnotes_plugin_reference_row\"> <th scope=\"row\" class=\"footnote_plugin_index_combi pointer\"  onclick=\"footnote_moveToAnchor_116734_1('footnote_plugin_tooltip_116734_1_2');\"><a id=\"footnote_plugin_reference_116734_1_2\" class=\"footnote_backlink\">2<\/a><\/th> <td class=\"footnote_plugin_text\">La lectura de la Tor\u00e1, el Pentateuco, se convirti\u00f3 en el momento esencial del culto sinagogal a partir de Esdras el Escriba (siglo V a.C.). En el servicio semanal del s\u00e1bado por la ma\u00f1ana se entona una per\u00edcopa, siguiendo un ciclo anual de lectura que divide el texto en cincuenta y cuatro partes (cada una de las cuales se denomina <em>parasha<\/em>). <em>Bo<\/em> (Ven) es la decimoquinta <em>parasha<\/em> del ciclo anual de lecturas de la Tor\u00e1 y la tercera <em>parasha<\/em> del <em>Sefer Shemot<\/em> (Libro del \u00c9xodo).<\/td><\/tr>\r\n\r\n <\/tbody> <\/table> <\/div><\/div><script type=\"text\/javascript\"> function footnote_expand_reference_container_116734_1() { jQuery('#footnote_references_container_116734_1').show(); jQuery('#footnote_reference_container_collapse_button_116734_1').text('\u2212'); } function footnote_collapse_reference_container_116734_1() { jQuery('#footnote_references_container_116734_1').hide(); jQuery('#footnote_reference_container_collapse_button_116734_1').text('+'); } function footnote_expand_collapse_reference_container_116734_1() { if (jQuery('#footnote_references_container_116734_1').is(':hidden')) { footnote_expand_reference_container_116734_1(); } else { footnote_collapse_reference_container_116734_1(); } } function footnote_moveToReference_116734_1(p_str_TargetID) { footnote_expand_reference_container_116734_1(); var l_obj_Target = jQuery('#' + p_str_TargetID); if (l_obj_Target.length) { jQuery( 'html, body' ).delay( 0 ); jQuery('html, body').animate({ scrollTop: l_obj_Target.offset().top - window.innerHeight * 0.2 }, 380); } } function footnote_moveToAnchor_116734_1(p_str_TargetID) { footnote_expand_reference_container_116734_1(); var l_obj_Target = jQuery('#' + p_str_TargetID); if (l_obj_Target.length) { jQuery( 'html, body' ).delay( 0 ); jQuery('html, body').animate({ scrollTop: l_obj_Target.offset().top - window.innerHeight * 0.2 }, 380); } }<\/script>","protected":false},"excerpt":{"rendered":"<p>Los baqqachot (o bakashot), cantados los s\u00e1bados de invierno antes del amanecer, representan una rica tradici\u00f3n musical y espiritual. Patrimonio central de la poes\u00eda lit\u00fargica entre los jud\u00edos de Marruecos,<\/p>\n","protected":false},"author":1045,"featured_media":116730,"comment_status":"closed","ping_status":"closed","sticky":false,"template":"","format":"standard","meta":{"_acf_changed":false,"footnotes":""},"categories":[1532],"tags":[],"technique":[],"squelettes":[],"sujet":[2120],"formation":[],"genre":[1890],"fonds":[],"tradition":[],"type-de-contenu":[],"interprete-compositeur":[],"frise":[],"type-devenement":[],"tableaux-liens-externes":[],"class_list":["post-116734","post","type-post","status-publish","format-standard","has-post-thumbnail","hentry","category-programas-tv-videos-es","sujet-poesias-religiosas-piyyutim-es","genre-liturgia-es"],"acf":[],"yoast_head":"<!-- This site is optimized with the Yoast SEO plugin v27.3 - https:\/\/yoast.com\/product\/yoast-seo-wordpress\/ -->\n<title>Chirat ha-Baqqachot seg\u00fan el rito marroqu\u00ed - Institut Europ\u00e9en des Musiques Juives<\/title>\n<meta name=\"robots\" content=\"index, follow, max-snippet:-1, max-image-preview:large, max-video-preview:-1\" \/>\n<link rel=\"canonical\" href=\"https:\/\/www.iemj.org\/es\/chirat-ha-baqqachot-selon-le-rite-marocain\/\" \/>\n<meta property=\"og:locale\" content=\"es_ES\" \/>\n<meta property=\"og:type\" content=\"article\" \/>\n<meta property=\"og:title\" content=\"Chirat ha-Baqqachot seg\u00fan el rito marroqu\u00ed - Institut Europ\u00e9en des Musiques Juives\" \/>\n<meta property=\"og:description\" content=\"Los baqqachot (o bakashot), cantados los s\u00e1bados de invierno antes del amanecer, representan una rica tradici\u00f3n musical y espiritual. Patrimonio central de la poes\u00eda lit\u00fargica entre los jud\u00edos de Marruecos,\" \/>\n<meta property=\"og:url\" content=\"https:\/\/www.iemj.org\/es\/chirat-ha-baqqachot-selon-le-rite-marocain\/\" \/>\n<meta property=\"og:site_name\" content=\"Institut Europ\u00e9en des Musiques Juives\" \/>\n<meta property=\"article:publisher\" content=\"https:\/\/www.facebook.com\/MusiquesJuives\/\" \/>\n<meta property=\"article:published_time\" content=\"2025-01-13T16:01:58+00:00\" \/>\n<meta property=\"article:modified_time\" content=\"2025-03-27T15:07:24+00:00\" \/>\n<meta property=\"og:image\" content=\"https:\/\/www.iemj.org\/wp-content\/uploads\/2025\/01\/Logo-Video-1.jpg\" \/>\n\t<meta property=\"og:image:width\" content=\"500\" \/>\n\t<meta property=\"og:image:height\" content=\"500\" \/>\n\t<meta property=\"og:image:type\" content=\"image\/jpeg\" \/>\n<meta name=\"author\" content=\"Herv\u00e9 Roten\" \/>\n<meta name=\"twitter:card\" content=\"summary_large_image\" \/>\n<meta name=\"twitter:label1\" content=\"Escrito por\" \/>\n\t<meta name=\"twitter:data1\" content=\"Herv\u00e9 Roten\" \/>\n\t<meta name=\"twitter:label2\" content=\"Tiempo de lectura\" \/>\n\t<meta name=\"twitter:data2\" content=\"2 minutos\" \/>\n<script type=\"application\/ld+json\" class=\"yoast-schema-graph\">{\"@context\":\"https:\\\/\\\/schema.org\",\"@graph\":[{\"@type\":\"Article\",\"@id\":\"https:\\\/\\\/www.iemj.org\\\/es\\\/chirat-ha-baqqachot-selon-le-rite-marocain\\\/#article\",\"isPartOf\":{\"@id\":\"https:\\\/\\\/www.iemj.org\\\/es\\\/chirat-ha-baqqachot-selon-le-rite-marocain\\\/\"},\"author\":{\"name\":\"Herv\u00e9 Roten\",\"@id\":\"https:\\\/\\\/www.iemj.org\\\/es\\\/#\\\/schema\\\/person\\\/906134402c29d5c76e7b726261dd4bbd\"},\"headline\":\"Chirat ha-Baqqachot seg\u00fan el rito marroqu\u00ed\",\"datePublished\":\"2025-01-13T16:01:58+00:00\",\"dateModified\":\"2025-03-27T15:07:24+00:00\",\"mainEntityOfPage\":{\"@id\":\"https:\\\/\\\/www.iemj.org\\\/es\\\/chirat-ha-baqqachot-selon-le-rite-marocain\\\/\"},\"wordCount\":305,\"publisher\":{\"@id\":\"https:\\\/\\\/www.iemj.org\\\/es\\\/#organization\"},\"image\":{\"@id\":\"https:\\\/\\\/www.iemj.org\\\/es\\\/chirat-ha-baqqachot-selon-le-rite-marocain\\\/#primaryimage\"},\"thumbnailUrl\":\"https:\\\/\\\/www.iemj.org\\\/wp-content\\\/uploads\\\/2025\\\/01\\\/Logo-Video-1.jpg\",\"articleSection\":[\"Programas TV \\\/ V\u00eddeos\"],\"inLanguage\":\"es\"},{\"@type\":\"WebPage\",\"@id\":\"https:\\\/\\\/www.iemj.org\\\/es\\\/chirat-ha-baqqachot-selon-le-rite-marocain\\\/\",\"url\":\"https:\\\/\\\/www.iemj.org\\\/es\\\/chirat-ha-baqqachot-selon-le-rite-marocain\\\/\",\"name\":\"Chirat ha-Baqqachot seg\u00fan el rito marroqu\u00ed - Institut Europ\u00e9en des Musiques Juives\",\"isPartOf\":{\"@id\":\"https:\\\/\\\/www.iemj.org\\\/es\\\/#website\"},\"primaryImageOfPage\":{\"@id\":\"https:\\\/\\\/www.iemj.org\\\/es\\\/chirat-ha-baqqachot-selon-le-rite-marocain\\\/#primaryimage\"},\"image\":{\"@id\":\"https:\\\/\\\/www.iemj.org\\\/es\\\/chirat-ha-baqqachot-selon-le-rite-marocain\\\/#primaryimage\"},\"thumbnailUrl\":\"https:\\\/\\\/www.iemj.org\\\/wp-content\\\/uploads\\\/2025\\\/01\\\/Logo-Video-1.jpg\",\"datePublished\":\"2025-01-13T16:01:58+00:00\",\"dateModified\":\"2025-03-27T15:07:24+00:00\",\"breadcrumb\":{\"@id\":\"https:\\\/\\\/www.iemj.org\\\/es\\\/chirat-ha-baqqachot-selon-le-rite-marocain\\\/#breadcrumb\"},\"inLanguage\":\"es\",\"potentialAction\":[{\"@type\":\"ReadAction\",\"target\":[\"https:\\\/\\\/www.iemj.org\\\/es\\\/chirat-ha-baqqachot-selon-le-rite-marocain\\\/\"]}]},{\"@type\":\"ImageObject\",\"inLanguage\":\"es\",\"@id\":\"https:\\\/\\\/www.iemj.org\\\/es\\\/chirat-ha-baqqachot-selon-le-rite-marocain\\\/#primaryimage\",\"url\":\"https:\\\/\\\/www.iemj.org\\\/wp-content\\\/uploads\\\/2025\\\/01\\\/Logo-Video-1.jpg\",\"contentUrl\":\"https:\\\/\\\/www.iemj.org\\\/wp-content\\\/uploads\\\/2025\\\/01\\\/Logo-Video-1.jpg\",\"width\":500,\"height\":500},{\"@type\":\"BreadcrumbList\",\"@id\":\"https:\\\/\\\/www.iemj.org\\\/es\\\/chirat-ha-baqqachot-selon-le-rite-marocain\\\/#breadcrumb\",\"itemListElement\":[{\"@type\":\"ListItem\",\"position\":1,\"name\":\"Accueil\",\"item\":\"https:\\\/\\\/www.iemj.org\\\/es\\\/\"},{\"@type\":\"ListItem\",\"position\":2,\"name\":\"Chirat ha-Baqqachot seg\u00fan el rito marroqu\u00ed\"}]},{\"@type\":\"WebSite\",\"@id\":\"https:\\\/\\\/www.iemj.org\\\/es\\\/#website\",\"url\":\"https:\\\/\\\/www.iemj.org\\\/es\\\/\",\"name\":\"Institut Europ\u00e9en des Musiques Juives\",\"description\":\"Des traditions musicales \u00e0 la port\u00e9e de tous\",\"publisher\":{\"@id\":\"https:\\\/\\\/www.iemj.org\\\/es\\\/#organization\"},\"potentialAction\":[{\"@type\":\"SearchAction\",\"target\":{\"@type\":\"EntryPoint\",\"urlTemplate\":\"https:\\\/\\\/www.iemj.org\\\/es\\\/?s={search_term_string}\"},\"query-input\":{\"@type\":\"PropertyValueSpecification\",\"valueRequired\":true,\"valueName\":\"search_term_string\"}}],\"inLanguage\":\"es\"},{\"@type\":\"Organization\",\"@id\":\"https:\\\/\\\/www.iemj.org\\\/es\\\/#organization\",\"name\":\"Institut Europ\u00e9en des Musiques Juives\",\"url\":\"https:\\\/\\\/www.iemj.org\\\/es\\\/\",\"logo\":{\"@type\":\"ImageObject\",\"inLanguage\":\"es\",\"@id\":\"https:\\\/\\\/www.iemj.org\\\/es\\\/#\\\/schema\\\/logo\\\/image\\\/\",\"url\":\"https:\\\/\\\/www.iemj.org\\\/wp-content\\\/uploads\\\/2021\\\/09\\\/Logo-IEMJ-Paypal.jpg\",\"contentUrl\":\"https:\\\/\\\/www.iemj.org\\\/wp-content\\\/uploads\\\/2021\\\/09\\\/Logo-IEMJ-Paypal.jpg\",\"width\":150,\"height\":50,\"caption\":\"Institut Europ\u00e9en des Musiques Juives\"},\"image\":{\"@id\":\"https:\\\/\\\/www.iemj.org\\\/es\\\/#\\\/schema\\\/logo\\\/image\\\/\"},\"sameAs\":[\"https:\\\/\\\/www.facebook.com\\\/MusiquesJuives\\\/\",\"https:\\\/\\\/www.instagram.com\\\/musiquesjuives\\\/\",\"https:\\\/\\\/www.youtube.com\\\/user\\\/musiquesjuives\"]},{\"@type\":\"Person\",\"@id\":\"https:\\\/\\\/www.iemj.org\\\/es\\\/#\\\/schema\\\/person\\\/906134402c29d5c76e7b726261dd4bbd\",\"name\":\"Herv\u00e9 Roten\",\"image\":{\"@type\":\"ImageObject\",\"inLanguage\":\"es\",\"@id\":\"https:\\\/\\\/secure.gravatar.com\\\/avatar\\\/f96ad2db538a26481f18384936b5cd0610c92d390c4dc382209216d455f685ff?s=96&d=mm&r=g\",\"url\":\"https:\\\/\\\/secure.gravatar.com\\\/avatar\\\/f96ad2db538a26481f18384936b5cd0610c92d390c4dc382209216d455f685ff?s=96&d=mm&r=g\",\"contentUrl\":\"https:\\\/\\\/secure.gravatar.com\\\/avatar\\\/f96ad2db538a26481f18384936b5cd0610c92d390c4dc382209216d455f685ff?s=96&d=mm&r=g\",\"caption\":\"Herv\u00e9 Roten\"}}]}<\/script>\n<!-- \/ Yoast SEO plugin. -->","yoast_head_json":{"title":"Chirat ha-Baqqachot seg\u00fan el rito marroqu\u00ed - Institut Europ\u00e9en des Musiques Juives","robots":{"index":"index","follow":"follow","max-snippet":"max-snippet:-1","max-image-preview":"max-image-preview:large","max-video-preview":"max-video-preview:-1"},"canonical":"https:\/\/www.iemj.org\/es\/chirat-ha-baqqachot-selon-le-rite-marocain\/","og_locale":"es_ES","og_type":"article","og_title":"Chirat ha-Baqqachot seg\u00fan el rito marroqu\u00ed - Institut Europ\u00e9en des Musiques Juives","og_description":"Los baqqachot (o bakashot), cantados los s\u00e1bados de invierno antes del amanecer, representan una rica tradici\u00f3n musical y espiritual. Patrimonio central de la poes\u00eda lit\u00fargica entre los jud\u00edos de Marruecos,","og_url":"https:\/\/www.iemj.org\/es\/chirat-ha-baqqachot-selon-le-rite-marocain\/","og_site_name":"Institut Europ\u00e9en des Musiques Juives","article_publisher":"https:\/\/www.facebook.com\/MusiquesJuives\/","article_published_time":"2025-01-13T16:01:58+00:00","article_modified_time":"2025-03-27T15:07:24+00:00","og_image":[{"width":500,"height":500,"url":"https:\/\/www.iemj.org\/wp-content\/uploads\/2025\/01\/Logo-Video-1.jpg","type":"image\/jpeg"}],"author":"Herv\u00e9 Roten","twitter_card":"summary_large_image","twitter_misc":{"Escrito por":"Herv\u00e9 Roten","Tiempo de lectura":"2 minutos"},"schema":{"@context":"https:\/\/schema.org","@graph":[{"@type":"Article","@id":"https:\/\/www.iemj.org\/es\/chirat-ha-baqqachot-selon-le-rite-marocain\/#article","isPartOf":{"@id":"https:\/\/www.iemj.org\/es\/chirat-ha-baqqachot-selon-le-rite-marocain\/"},"author":{"name":"Herv\u00e9 Roten","@id":"https:\/\/www.iemj.org\/es\/#\/schema\/person\/906134402c29d5c76e7b726261dd4bbd"},"headline":"Chirat ha-Baqqachot seg\u00fan el rito marroqu\u00ed","datePublished":"2025-01-13T16:01:58+00:00","dateModified":"2025-03-27T15:07:24+00:00","mainEntityOfPage":{"@id":"https:\/\/www.iemj.org\/es\/chirat-ha-baqqachot-selon-le-rite-marocain\/"},"wordCount":305,"publisher":{"@id":"https:\/\/www.iemj.org\/es\/#organization"},"image":{"@id":"https:\/\/www.iemj.org\/es\/chirat-ha-baqqachot-selon-le-rite-marocain\/#primaryimage"},"thumbnailUrl":"https:\/\/www.iemj.org\/wp-content\/uploads\/2025\/01\/Logo-Video-1.jpg","articleSection":["Programas TV \/ V\u00eddeos"],"inLanguage":"es"},{"@type":"WebPage","@id":"https:\/\/www.iemj.org\/es\/chirat-ha-baqqachot-selon-le-rite-marocain\/","url":"https:\/\/www.iemj.org\/es\/chirat-ha-baqqachot-selon-le-rite-marocain\/","name":"Chirat ha-Baqqachot seg\u00fan el rito marroqu\u00ed - Institut Europ\u00e9en des Musiques Juives","isPartOf":{"@id":"https:\/\/www.iemj.org\/es\/#website"},"primaryImageOfPage":{"@id":"https:\/\/www.iemj.org\/es\/chirat-ha-baqqachot-selon-le-rite-marocain\/#primaryimage"},"image":{"@id":"https:\/\/www.iemj.org\/es\/chirat-ha-baqqachot-selon-le-rite-marocain\/#primaryimage"},"thumbnailUrl":"https:\/\/www.iemj.org\/wp-content\/uploads\/2025\/01\/Logo-Video-1.jpg","datePublished":"2025-01-13T16:01:58+00:00","dateModified":"2025-03-27T15:07:24+00:00","breadcrumb":{"@id":"https:\/\/www.iemj.org\/es\/chirat-ha-baqqachot-selon-le-rite-marocain\/#breadcrumb"},"inLanguage":"es","potentialAction":[{"@type":"ReadAction","target":["https:\/\/www.iemj.org\/es\/chirat-ha-baqqachot-selon-le-rite-marocain\/"]}]},{"@type":"ImageObject","inLanguage":"es","@id":"https:\/\/www.iemj.org\/es\/chirat-ha-baqqachot-selon-le-rite-marocain\/#primaryimage","url":"https:\/\/www.iemj.org\/wp-content\/uploads\/2025\/01\/Logo-Video-1.jpg","contentUrl":"https:\/\/www.iemj.org\/wp-content\/uploads\/2025\/01\/Logo-Video-1.jpg","width":500,"height":500},{"@type":"BreadcrumbList","@id":"https:\/\/www.iemj.org\/es\/chirat-ha-baqqachot-selon-le-rite-marocain\/#breadcrumb","itemListElement":[{"@type":"ListItem","position":1,"name":"Accueil","item":"https:\/\/www.iemj.org\/es\/"},{"@type":"ListItem","position":2,"name":"Chirat ha-Baqqachot seg\u00fan el rito marroqu\u00ed"}]},{"@type":"WebSite","@id":"https:\/\/www.iemj.org\/es\/#website","url":"https:\/\/www.iemj.org\/es\/","name":"Institut Europ\u00e9en des Musiques Juives","description":"Des traditions musicales \u00e0 la port\u00e9e de tous","publisher":{"@id":"https:\/\/www.iemj.org\/es\/#organization"},"potentialAction":[{"@type":"SearchAction","target":{"@type":"EntryPoint","urlTemplate":"https:\/\/www.iemj.org\/es\/?s={search_term_string}"},"query-input":{"@type":"PropertyValueSpecification","valueRequired":true,"valueName":"search_term_string"}}],"inLanguage":"es"},{"@type":"Organization","@id":"https:\/\/www.iemj.org\/es\/#organization","name":"Institut Europ\u00e9en des Musiques Juives","url":"https:\/\/www.iemj.org\/es\/","logo":{"@type":"ImageObject","inLanguage":"es","@id":"https:\/\/www.iemj.org\/es\/#\/schema\/logo\/image\/","url":"https:\/\/www.iemj.org\/wp-content\/uploads\/2021\/09\/Logo-IEMJ-Paypal.jpg","contentUrl":"https:\/\/www.iemj.org\/wp-content\/uploads\/2021\/09\/Logo-IEMJ-Paypal.jpg","width":150,"height":50,"caption":"Institut Europ\u00e9en des Musiques Juives"},"image":{"@id":"https:\/\/www.iemj.org\/es\/#\/schema\/logo\/image\/"},"sameAs":["https:\/\/www.facebook.com\/MusiquesJuives\/","https:\/\/www.instagram.com\/musiquesjuives\/","https:\/\/www.youtube.com\/user\/musiquesjuives"]},{"@type":"Person","@id":"https:\/\/www.iemj.org\/es\/#\/schema\/person\/906134402c29d5c76e7b726261dd4bbd","name":"Herv\u00e9 Roten","image":{"@type":"ImageObject","inLanguage":"es","@id":"https:\/\/secure.gravatar.com\/avatar\/f96ad2db538a26481f18384936b5cd0610c92d390c4dc382209216d455f685ff?s=96&d=mm&r=g","url":"https:\/\/secure.gravatar.com\/avatar\/f96ad2db538a26481f18384936b5cd0610c92d390c4dc382209216d455f685ff?s=96&d=mm&r=g","contentUrl":"https:\/\/secure.gravatar.com\/avatar\/f96ad2db538a26481f18384936b5cd0610c92d390c4dc382209216d455f685ff?s=96&d=mm&r=g","caption":"Herv\u00e9 Roten"}}]}},"_links":{"self":[{"href":"https:\/\/www.iemj.org\/es\/wp-json\/wp\/v2\/posts\/116734","targetHints":{"allow":["GET"]}}],"collection":[{"href":"https:\/\/www.iemj.org\/es\/wp-json\/wp\/v2\/posts"}],"about":[{"href":"https:\/\/www.iemj.org\/es\/wp-json\/wp\/v2\/types\/post"}],"author":[{"embeddable":true,"href":"https:\/\/www.iemj.org\/es\/wp-json\/wp\/v2\/users\/1045"}],"replies":[{"embeddable":true,"href":"https:\/\/www.iemj.org\/es\/wp-json\/wp\/v2\/comments?post=116734"}],"version-history":[{"count":0,"href":"https:\/\/www.iemj.org\/es\/wp-json\/wp\/v2\/posts\/116734\/revisions"}],"wp:featuredmedia":[{"embeddable":true,"href":"https:\/\/www.iemj.org\/es\/wp-json\/wp\/v2\/media\/116730"}],"wp:attachment":[{"href":"https:\/\/www.iemj.org\/es\/wp-json\/wp\/v2\/media?parent=116734"}],"wp:term":[{"taxonomy":"category","embeddable":true,"href":"https:\/\/www.iemj.org\/es\/wp-json\/wp\/v2\/categories?post=116734"},{"taxonomy":"post_tag","embeddable":true,"href":"https:\/\/www.iemj.org\/es\/wp-json\/wp\/v2\/tags?post=116734"},{"taxonomy":"technique","embeddable":true,"href":"https:\/\/www.iemj.org\/es\/wp-json\/wp\/v2\/technique?post=116734"},{"taxonomy":"squelettes","embeddable":true,"href":"https:\/\/www.iemj.org\/es\/wp-json\/wp\/v2\/squelettes?post=116734"},{"taxonomy":"sujet","embeddable":true,"href":"https:\/\/www.iemj.org\/es\/wp-json\/wp\/v2\/sujet?post=116734"},{"taxonomy":"formation","embeddable":true,"href":"https:\/\/www.iemj.org\/es\/wp-json\/wp\/v2\/formation?post=116734"},{"taxonomy":"genre","embeddable":true,"href":"https:\/\/www.iemj.org\/es\/wp-json\/wp\/v2\/genre?post=116734"},{"taxonomy":"fonds","embeddable":true,"href":"https:\/\/www.iemj.org\/es\/wp-json\/wp\/v2\/fonds?post=116734"},{"taxonomy":"tradition","embeddable":true,"href":"https:\/\/www.iemj.org\/es\/wp-json\/wp\/v2\/tradition?post=116734"},{"taxonomy":"type-de-contenu","embeddable":true,"href":"https:\/\/www.iemj.org\/es\/wp-json\/wp\/v2\/type-de-contenu?post=116734"},{"taxonomy":"interprete-compositeur","embeddable":true,"href":"https:\/\/www.iemj.org\/es\/wp-json\/wp\/v2\/interprete-compositeur?post=116734"},{"taxonomy":"frise","embeddable":true,"href":"https:\/\/www.iemj.org\/es\/wp-json\/wp\/v2\/frise?post=116734"},{"taxonomy":"type-devenement","embeddable":true,"href":"https:\/\/www.iemj.org\/es\/wp-json\/wp\/v2\/type-devenement?post=116734"},{"taxonomy":"tableaux-liens-externes","embeddable":true,"href":"https:\/\/www.iemj.org\/es\/wp-json\/wp\/v2\/tableaux-liens-externes?post=116734"}],"curies":[{"name":"wp","href":"https:\/\/api.w.org\/{rel}","templated":true}]}}