{"id":116901,"date":"2025-01-16T16:29:00","date_gmt":"2025-01-16T15:29:00","guid":{"rendered":"https:\/\/www.iemj.org\/les-baqqachot\/"},"modified":"2025-11-03T15:19:34","modified_gmt":"2025-11-03T14:19:34","slug":"les-baqqachot","status":"publish","type":"post","link":"https:\/\/www.iemj.org\/es\/les-baqqachot\/","title":{"rendered":"Las baqqachot"},"content":{"rendered":"<h3>\u00a0<\/h3>\n<p><!--more--><\/p>\n<h3><strong>Or\u00edgenes<\/strong><\/h3>\n<p>Desde los tiempos b\u00edblicos, la noche ha sido un momento especial para el estudio y la oraci\u00f3n. \u00bfNo escribi\u00f3 el salmista (Salmos 119:62) \u00abMe levanto a medianoche para darte gracias por tus justos juicios\u00bb?<\/p>\n<p>Con la aparici\u00f3n de la escuela cabal\u00edstica de Safed, en Galilea, en el siglo XVI, la oraci\u00f3n nocturna adquiri\u00f3 un nuevo significado: se trataba de llorar, en plena noche, la destrucci\u00f3n del Templo y el exilio de la presencia divina, la <em>Shekhina<\/em>.<\/p>\n<p><img fetchpriority=\"high\" decoding=\"async\" class=\"size-medium wp-image-116888 alignright\" src=\"https:\/\/www.iemj.org\/wp-content\/uploads\/2025\/01\/Shirat-ha-Baqqashot_Lior-Elmaleh_CD-belle-couv-300x273.jpg\" alt=\"\" width=\"300\" height=\"273\" srcset=\"https:\/\/www.iemj.org\/wp-content\/uploads\/2025\/01\/Shirat-ha-Baqqashot_Lior-Elmaleh_CD-belle-couv-300x273.jpg 300w, https:\/\/www.iemj.org\/wp-content\/uploads\/2025\/01\/Shirat-ha-Baqqashot_Lior-Elmaleh_CD-belle-couv.jpg 435w\" sizes=\"(max-width: 300px) 100vw, 300px\" \/>La influencia de la C\u00e1bala de Safed fue tal que, adem\u00e1s de difundir el estudio de la m\u00edstica jud\u00eda, muchas de sus pr\u00e1cticas fueron adoptadas por comunidades jud\u00edas de todo el mundo. Por ejemplo, son pocas las comunidades que no dan la bienvenida al Shabat entonando el famoso <em>Lekha dodi<\/em>, escrito por Salomon Elqabe\u1e63, eminente m\u00edstico de Safed en el siglo XVI.<\/p>\n<p>Esta influencia fue especialmente importante en Oriente Pr\u00f3ximo y el norte de \u00c1frica. En varias comunidades de estas regiones, la pr\u00e1ctica de la <em>Shirat ha-Baqqachot<\/em> se desarroll\u00f3 considerablemente.<\/p>\n<h3><strong>\u00bfQu\u00e9 es la <em>Shirat ha-Baqqachot<\/em>?<\/strong><\/h3>\n<p>Los s\u00e1bados de invierno por la ma\u00f1ana, antes del amanecer, los fieles se re\u00fanen en la sinagoga para cantar <em>baqqachot<\/em> (o <em>bakashot<\/em>), una colecci\u00f3n de poemas lit\u00fargicos. Ariel Danan, especialista en <em>bakashot<\/em> marroqu\u00edes, explica en una entrevista para el IEMJ: \u00abEstos cantos empiezan el primer shabat despu\u00e9s de Sucot, es decir, el shabat Berechit, cuando se reanuda la lectura de la Tor\u00e1, y contin\u00faan cada semana hasta el shabat anterior a Purim, en el rito marroqu\u00ed. En el rito de Oriente Pr\u00f3ximo, se siguen cantando hasta P\u00e9saj.\u00bb<span class=\"footnote_referrer\"><a role=\"button\" tabindex=\"0\" onclick=\"footnote_moveToReference_116901_1('footnote_plugin_reference_116901_1_1');\" onkeypress=\"footnote_moveToReference_116901_1('footnote_plugin_reference_116901_1_1');\" ><sup id=\"footnote_plugin_tooltip_116901_1_1\" class=\"footnote_plugin_tooltip_text\">[1]<\/sup><\/a><span id=\"footnote_plugin_tooltip_text_116901_1_1\" class=\"footnote_tooltip\">Entrevista con Ariel Danan, filmada el 19 de agosto de 2024. Para escuchar extractos, v\u00e9ase el v\u00eddeo Chirat ha-Baqqashot seg\u00fan el rito marroqu\u00ed (enlace al final de la p\u00e1gina)<\/span><\/span><script type=\"text\/javascript\"> jQuery('#footnote_plugin_tooltip_116901_1_1').tooltip({ tip: '#footnote_plugin_tooltip_text_116901_1_1', tipClass: 'footnote_tooltip', effect: 'fade', predelay: 0, fadeInSpeed: 200, delay: 400, fadeOutSpeed: 200, position: 'top center', relative: true, offset: [-7, 0], });<\/script>.<\/p>\n<p><img decoding=\"async\" class=\"wp-image-116877 alignleft\" src=\"https:\/\/www.iemj.org\/wp-content\/uploads\/2025\/01\/image2_rognee-300x155.jpg\" alt=\"\" width=\"424\" height=\"219\" srcset=\"https:\/\/www.iemj.org\/wp-content\/uploads\/2025\/01\/image2_rognee-300x155.jpg 300w, https:\/\/www.iemj.org\/wp-content\/uploads\/2025\/01\/image2_rognee.jpg 597w\" sizes=\"(max-width: 424px) 100vw, 424px\" \/>Las <em>bakashot<\/em> son dirigidas por un cantor experimentado, a menudo el m\u00e1s anciano de los presentes. En la tradici\u00f3n norteafricana, estos cantos son interpretados principalmente por paytanim (cantores-poetas). En el rito de Oriente Pr\u00f3ximo, la congregaci\u00f3n desempe\u00f1a un papel m\u00e1s activo, participando en gran parte de los cantos. <span class=\"footnote_referrer\"><a role=\"button\" tabindex=\"0\" onclick=\"footnote_moveToReference_116901_1('footnote_plugin_reference_116901_1_2');\" onkeypress=\"footnote_moveToReference_116901_1('footnote_plugin_reference_116901_1_2');\" ><sup id=\"footnote_plugin_tooltip_116901_1_2\" class=\"footnote_plugin_tooltip_text\">[2]<\/sup><\/a><span id=\"footnote_plugin_tooltip_text_116901_1_2\" class=\"footnote_tooltip\">Escuche la lista de reproducci\u00f3n Descubrir las baqqashot (enlace al final de la p\u00e1gina).<\/span><\/span><script type=\"text\/javascript\"> jQuery('#footnote_plugin_tooltip_116901_1_2').tooltip({ tip: '#footnote_plugin_tooltip_text_116901_1_2', tipClass: 'footnote_tooltip', effect: 'fade', predelay: 0, fadeInSpeed: 200, delay: 400, fadeOutSpeed: 200, position: 'top center', relative: true, offset: [-7, 0], });<\/script><\/p>\n<h3><strong>Diferencias entre las tradiciones norteafricanas y las de Oriente Pr\u00f3ximo<\/strong><\/h3>\n<p>La primera distinci\u00f3n entre estas dos tradiciones radica en su repertorio textual. En el rito de Oriente Pr\u00f3ximo, las <em>bakashot<\/em> siguen un texto fijo cada semana, que comienza con el poema m\u00edstico <em>El Mistater<\/em>. Cada estrofa de este poema corresponde a una de las diez Sefirot, atributos o manifestaciones de lo divino. Otro texto clave de esta tradici\u00f3n es un poema del siglo XVI que comienza con: <em>Ode la-El levav &#8216;hoker beron ya&#8217;had kokhve voker<\/em> (\u00abComo las estrellas de la ma\u00f1ana cantan en concierto, alabo a Dios que rodea los corazones\u00bb).<\/p>\n<p><img decoding=\"async\" class=\"size-medium wp-image-116883 alignright\" src=\"https:\/\/www.iemj.org\/wp-content\/uploads\/2025\/01\/Haim-Look_Kassidot-300x297.jpg\" alt=\"\" width=\"300\" height=\"297\" srcset=\"https:\/\/www.iemj.org\/wp-content\/uploads\/2025\/01\/Haim-Look_Kassidot-300x297.jpg 300w, https:\/\/www.iemj.org\/wp-content\/uploads\/2025\/01\/Haim-Look_Kassidot-150x150.jpg 150w, https:\/\/www.iemj.org\/wp-content\/uploads\/2025\/01\/Haim-Look_Kassidot-100x100.jpg 100w, https:\/\/www.iemj.org\/wp-content\/uploads\/2025\/01\/Haim-Look_Kassidot.jpg 435w\" sizes=\"(max-width: 300px) 100vw, 300px\" \/>En el rito marroqu\u00ed, la estructura de las <em>bakashot<\/em> permanece constante a lo largo de la temporada, pero los textos var\u00edan de una semana a otra. Los cantos se abren siempre con dos poemas fijos, <em>Dodi Yarad<\/em> y <em>Yedid Nefesh<\/em>, y terminan con <em>Sha&#8217;har Avaqesh&#8217;ha<\/em> (\u00abAl amanecer te busco\u00bb). Entre estos elementos fijos, los poemas lit\u00fargicos cambian cada semana seg\u00fan un modo musical espec\u00edfico, llamado nuba.<\/p>\n<p>Ariel Danan explica: \u00abEn la tradici\u00f3n marroqu\u00ed, cada Shabat se asocia a una nouba, un modo musical derivado de la m\u00fasica andalus\u00ed. Hay once noubas catalogadas; algunas son comunes a las tradiciones jud\u00eda y musulmana de la m\u00fasica andalus\u00ed marroqu\u00ed, mientras que otras han sido conservadas o creadas por los jud\u00edos. Las <em>bakashot<\/em> se cantan durante unos veinte shabat. Por tanto, algunas nubas se utilizan durante dos o tres Shabbat, pero las melod\u00edas difieren cada vez, incluso dentro del mismo modo musical. Esta pr\u00e1ctica requiere un conocimiento enciclop\u00e9dico para dominar todo el repertorio\u00bb <span class=\"footnote_referrer\"><a role=\"button\" tabindex=\"0\" onclick=\"footnote_moveToReference_116901_1('footnote_plugin_reference_116901_1_3');\" onkeypress=\"footnote_moveToReference_116901_1('footnote_plugin_reference_116901_1_3');\" ><sup id=\"footnote_plugin_tooltip_116901_1_3\" class=\"footnote_plugin_tooltip_text\">[3]<\/sup><\/a><span id=\"footnote_plugin_tooltip_text_116901_1_3\" class=\"footnote_tooltip\">Entrevista con Ariel Danan el 19 de agosto de 2024. Para escuchar extractos, v\u00e9ase el v\u00eddeo Chirat ha-Baqqashot seg\u00fan el rito marroqu\u00ed (enlace al final de la p\u00e1gina)<\/span><\/span><script type=\"text\/javascript\"> jQuery('#footnote_plugin_tooltip_116901_1_3').tooltip({ tip: '#footnote_plugin_tooltip_text_116901_1_3', tipClass: 'footnote_tooltip', effect: 'fade', predelay: 0, fadeInSpeed: 200, delay: 400, fadeOutSpeed: 200, position: 'top center', relative: true, offset: [-7, 0], });<\/script>.<\/p>\n<p>Los textos cantados son poemas lit\u00fargicos hebreos (piyyoutim), sobre el tema del exilio de Israel, el v\u00ednculo entre Israel y Dios, y tambi\u00e9n -en el rito marroqu\u00ed- la <em>parasha<\/em> de la semana. Esta \u00faltima categor\u00eda de poemas se denomina <em>Qseda<\/em>, t\u00e9rmino gen\u00e9rico para los poemas narrativos. Es un g\u00e9nero literario inspirado en la poes\u00eda \u00e1rabe, donde lleva el mismo nombre. Cada semana, la <em>Qseda<\/em> narra po\u00e9ticamente un tema clave de la <em>parasha<\/em> semanal.<\/p>\n<h3><strong>Las <em>baqqashot<\/em> en la actualidad<\/strong><\/h3>\n<p>Hoy en d\u00eda, esta tradici\u00f3n se mantiene principalmente en las comunidades de los ritos marroqu\u00ed y sirio. En Israel, sin embargo, ha crecido considerablemente en los \u00faltimos a\u00f1os. En Francia, se organizan <em>bakashot<\/em> algunos s\u00e1bados por la noche en invierno, principalmente en la regi\u00f3n de \u00cele-de-France. En Estrasburgo, el rabino Bendavid tambi\u00e9n contribuye a transmitir esta tradici\u00f3n.<\/p>\n<p><a href=\"https:\/\/www.iemj.org\/es\/a-la-decouverte-des-baqqachot\/\" target=\"_blank\" rel=\"noopener\">Escuchar la lista de reproducci\u00f3n Descubrir las baqqashot<\/a><\/p>\n<p><a href=\"https:\/\/www.iemj.org\/es\/chirat-ha-baqqachot-selon-le-rite-marocain\/\" target=\"_blank\" rel=\"noopener\"> Ver el v\u00eddeo Shirat ha-Baqqashot seg\u00fan el rito marroqu\u00ed<\/a><\/p>\n<p><a href=\"https:\/\/www.pizmonim.com\/section.php?maqam=Baqashot\" target=\"_blank\" rel=\"noopener\">Escuche decenas de otras baqqashot seg\u00fan el rito de Oriente Medio de Alepo (Siria) en la p\u00e1gina web del Proyecto Sefard\u00ed Pizmonim<\/a><\/p>\n\n\n<p><\/p>\n<div class=\"speaker-mute footnotes_reference_container\"> <div class=\"footnote_container_prepare\"><p><span role=\"button\" tabindex=\"0\" class=\"footnote_reference_container_label pointer\" onclick=\"footnote_expand_collapse_reference_container_116901_1();\">&#x202F;<\/span><span role=\"button\" tabindex=\"0\" class=\"footnote_reference_container_collapse_button\" style=\"display: none;\" onclick=\"footnote_expand_collapse_reference_container_116901_1();\">[<a id=\"footnote_reference_container_collapse_button_116901_1\">+<\/a>]<\/span><\/p><\/div> <div id=\"footnote_references_container_116901_1\" style=\"\"><table class=\"footnotes_table footnote-reference-container\"><caption class=\"accessibility\">References<\/caption> <tbody> \r\n\r\n<tr class=\"footnotes_plugin_reference_row\"> <th scope=\"row\" class=\"footnote_plugin_index_combi pointer\"  onclick=\"footnote_moveToAnchor_116901_1('footnote_plugin_tooltip_116901_1_1');\"><a id=\"footnote_plugin_reference_116901_1_1\" class=\"footnote_backlink\">1<\/a><\/th> <td class=\"footnote_plugin_text\">Entrevista con Ariel Danan, filmada el 19 de agosto de 2024. Para escuchar extractos, v\u00e9ase el v\u00eddeo Chirat ha-Baqqashot seg\u00fan el rito marroqu\u00ed (enlace al final de la p\u00e1gina)<\/td><\/tr>\r\n\r\n<tr class=\"footnotes_plugin_reference_row\"> <th scope=\"row\" class=\"footnote_plugin_index_combi pointer\"  onclick=\"footnote_moveToAnchor_116901_1('footnote_plugin_tooltip_116901_1_2');\"><a id=\"footnote_plugin_reference_116901_1_2\" class=\"footnote_backlink\">2<\/a><\/th> <td class=\"footnote_plugin_text\">Escuche la lista de reproducci\u00f3n Descubrir las baqqashot (enlace al final de la p\u00e1gina).<\/td><\/tr>\r\n\r\n<tr class=\"footnotes_plugin_reference_row\"> <th scope=\"row\" class=\"footnote_plugin_index_combi pointer\"  onclick=\"footnote_moveToAnchor_116901_1('footnote_plugin_tooltip_116901_1_3');\"><a id=\"footnote_plugin_reference_116901_1_3\" class=\"footnote_backlink\">3<\/a><\/th> <td class=\"footnote_plugin_text\">Entrevista con Ariel Danan el 19 de agosto de 2024. Para escuchar extractos, v\u00e9ase el v\u00eddeo Chirat ha-Baqqashot seg\u00fan el rito marroqu\u00ed (enlace al final de la p\u00e1gina)<\/td><\/tr>\r\n\r\n <\/tbody> <\/table> <\/div><\/div><script type=\"text\/javascript\"> function footnote_expand_reference_container_116901_1() { jQuery('#footnote_references_container_116901_1').show(); jQuery('#footnote_reference_container_collapse_button_116901_1').text('\u2212'); } function footnote_collapse_reference_container_116901_1() { jQuery('#footnote_references_container_116901_1').hide(); jQuery('#footnote_reference_container_collapse_button_116901_1').text('+'); } function footnote_expand_collapse_reference_container_116901_1() { if (jQuery('#footnote_references_container_116901_1').is(':hidden')) { footnote_expand_reference_container_116901_1(); } else { footnote_collapse_reference_container_116901_1(); } } function footnote_moveToReference_116901_1(p_str_TargetID) { footnote_expand_reference_container_116901_1(); var l_obj_Target = jQuery('#' + p_str_TargetID); if (l_obj_Target.length) { jQuery( 'html, body' ).delay( 0 ); jQuery('html, body').animate({ scrollTop: l_obj_Target.offset().top - window.innerHeight * 0.2 }, 380); } } function footnote_moveToAnchor_116901_1(p_str_TargetID) { footnote_expand_reference_container_116901_1(); var l_obj_Target = jQuery('#' + p_str_TargetID); if (l_obj_Target.length) { jQuery( 'html, body' ).delay( 0 ); jQuery('html, body').animate({ scrollTop: l_obj_Target.offset().top - window.innerHeight * 0.2 }, 380); } }<\/script>","protected":false},"excerpt":{"rendered":"<p>\u00a0<\/p>\n","protected":false},"author":5,"featured_media":116873,"comment_status":"closed","ping_status":"closed","sticky":false,"template":"","format":"standard","meta":{"_acf_changed":false,"footnotes":""},"categories":[1408],"tags":[],"technique":[],"squelettes":[],"sujet":[2120],"formation":[],"genre":[1890],"fonds":[],"tradition":[],"type-de-contenu":[],"interprete-compositeur":[],"frise":[],"type-devenement":[],"tableaux-liens-externes":[],"class_list":["post-116901","post","type-post","status-publish","format-standard","has-post-thumbnail","hentry","category-articulos-de-fondo-es","sujet-poesias-religiosas-piyyutim-es","genre-liturgia-es"],"acf":[],"yoast_head":"<!-- This site is optimized with the Yoast SEO plugin v27.3 - https:\/\/yoast.com\/product\/yoast-seo-wordpress\/ -->\n<title>Las baqqachot - Institut Europ\u00e9en des Musiques Juives<\/title>\n<meta name=\"robots\" content=\"index, follow, max-snippet:-1, max-image-preview:large, max-video-preview:-1\" \/>\n<link rel=\"canonical\" href=\"https:\/\/www.iemj.org\/es\/les-baqqachot\/\" \/>\n<meta property=\"og:locale\" content=\"es_ES\" \/>\n<meta property=\"og:type\" content=\"article\" \/>\n<meta property=\"og:title\" content=\"Las baqqachot - Institut Europ\u00e9en des Musiques Juives\" \/>\n<meta property=\"og:description\" content=\"\u00a0\" \/>\n<meta property=\"og:url\" content=\"https:\/\/www.iemj.org\/es\/les-baqqachot\/\" \/>\n<meta property=\"og:site_name\" content=\"Institut Europ\u00e9en des Musiques Juives\" \/>\n<meta property=\"article:publisher\" content=\"https:\/\/www.facebook.com\/MusiquesJuives\/\" \/>\n<meta property=\"article:published_time\" content=\"2025-01-16T15:29:00+00:00\" \/>\n<meta property=\"article:modified_time\" content=\"2025-11-03T14:19:34+00:00\" \/>\n<meta property=\"og:image\" content=\"https:\/\/www.iemj.org\/wp-content\/uploads\/2025\/01\/Les-baqqachot_article-fond.jpg\" \/>\n\t<meta property=\"og:image:width\" content=\"500\" \/>\n\t<meta property=\"og:image:height\" content=\"500\" \/>\n\t<meta property=\"og:image:type\" content=\"image\/jpeg\" \/>\n<meta name=\"author\" content=\"Jacqueline ROTEN\" \/>\n<meta name=\"twitter:card\" content=\"summary_large_image\" \/>\n<meta name=\"twitter:label1\" content=\"Escrito por\" \/>\n\t<meta name=\"twitter:data1\" content=\"Jacqueline ROTEN\" \/>\n\t<meta name=\"twitter:label2\" content=\"Tiempo de lectura\" \/>\n\t<meta name=\"twitter:data2\" content=\"5 minutos\" \/>\n<script type=\"application\/ld+json\" class=\"yoast-schema-graph\">{\"@context\":\"https:\\\/\\\/schema.org\",\"@graph\":[{\"@type\":\"Article\",\"@id\":\"https:\\\/\\\/www.iemj.org\\\/es\\\/les-baqqachot\\\/#article\",\"isPartOf\":{\"@id\":\"https:\\\/\\\/www.iemj.org\\\/es\\\/les-baqqachot\\\/\"},\"author\":{\"name\":\"Jacqueline ROTEN\",\"@id\":\"https:\\\/\\\/www.iemj.org\\\/es\\\/#\\\/schema\\\/person\\\/358e26c18aca017fcc4cc15437f7279c\"},\"headline\":\"Las baqqachot\",\"datePublished\":\"2025-01-16T15:29:00+00:00\",\"dateModified\":\"2025-11-03T14:19:34+00:00\",\"mainEntityOfPage\":{\"@id\":\"https:\\\/\\\/www.iemj.org\\\/es\\\/les-baqqachot\\\/\"},\"wordCount\":894,\"publisher\":{\"@id\":\"https:\\\/\\\/www.iemj.org\\\/es\\\/#organization\"},\"image\":{\"@id\":\"https:\\\/\\\/www.iemj.org\\\/es\\\/les-baqqachot\\\/#primaryimage\"},\"thumbnailUrl\":\"https:\\\/\\\/www.iemj.org\\\/wp-content\\\/uploads\\\/2025\\\/01\\\/Les-baqqachot_article-fond.jpg\",\"articleSection\":[\"Art\u00edculos de fondo\"],\"inLanguage\":\"es\"},{\"@type\":\"WebPage\",\"@id\":\"https:\\\/\\\/www.iemj.org\\\/es\\\/les-baqqachot\\\/\",\"url\":\"https:\\\/\\\/www.iemj.org\\\/es\\\/les-baqqachot\\\/\",\"name\":\"Las baqqachot - Institut Europ\u00e9en des Musiques Juives\",\"isPartOf\":{\"@id\":\"https:\\\/\\\/www.iemj.org\\\/es\\\/#website\"},\"primaryImageOfPage\":{\"@id\":\"https:\\\/\\\/www.iemj.org\\\/es\\\/les-baqqachot\\\/#primaryimage\"},\"image\":{\"@id\":\"https:\\\/\\\/www.iemj.org\\\/es\\\/les-baqqachot\\\/#primaryimage\"},\"thumbnailUrl\":\"https:\\\/\\\/www.iemj.org\\\/wp-content\\\/uploads\\\/2025\\\/01\\\/Les-baqqachot_article-fond.jpg\",\"datePublished\":\"2025-01-16T15:29:00+00:00\",\"dateModified\":\"2025-11-03T14:19:34+00:00\",\"breadcrumb\":{\"@id\":\"https:\\\/\\\/www.iemj.org\\\/es\\\/les-baqqachot\\\/#breadcrumb\"},\"inLanguage\":\"es\",\"potentialAction\":[{\"@type\":\"ReadAction\",\"target\":[\"https:\\\/\\\/www.iemj.org\\\/es\\\/les-baqqachot\\\/\"]}]},{\"@type\":\"ImageObject\",\"inLanguage\":\"es\",\"@id\":\"https:\\\/\\\/www.iemj.org\\\/es\\\/les-baqqachot\\\/#primaryimage\",\"url\":\"https:\\\/\\\/www.iemj.org\\\/wp-content\\\/uploads\\\/2025\\\/01\\\/Les-baqqachot_article-fond.jpg\",\"contentUrl\":\"https:\\\/\\\/www.iemj.org\\\/wp-content\\\/uploads\\\/2025\\\/01\\\/Les-baqqachot_article-fond.jpg\",\"width\":500,\"height\":500},{\"@type\":\"BreadcrumbList\",\"@id\":\"https:\\\/\\\/www.iemj.org\\\/es\\\/les-baqqachot\\\/#breadcrumb\",\"itemListElement\":[{\"@type\":\"ListItem\",\"position\":1,\"name\":\"Accueil\",\"item\":\"https:\\\/\\\/www.iemj.org\\\/es\\\/\"},{\"@type\":\"ListItem\",\"position\":2,\"name\":\"Las baqqachot\"}]},{\"@type\":\"WebSite\",\"@id\":\"https:\\\/\\\/www.iemj.org\\\/es\\\/#website\",\"url\":\"https:\\\/\\\/www.iemj.org\\\/es\\\/\",\"name\":\"Institut Europ\u00e9en des Musiques Juives\",\"description\":\"Des traditions musicales \u00e0 la port\u00e9e de tous\",\"publisher\":{\"@id\":\"https:\\\/\\\/www.iemj.org\\\/es\\\/#organization\"},\"potentialAction\":[{\"@type\":\"SearchAction\",\"target\":{\"@type\":\"EntryPoint\",\"urlTemplate\":\"https:\\\/\\\/www.iemj.org\\\/es\\\/?s={search_term_string}\"},\"query-input\":{\"@type\":\"PropertyValueSpecification\",\"valueRequired\":true,\"valueName\":\"search_term_string\"}}],\"inLanguage\":\"es\"},{\"@type\":\"Organization\",\"@id\":\"https:\\\/\\\/www.iemj.org\\\/es\\\/#organization\",\"name\":\"Institut Europ\u00e9en des Musiques Juives\",\"url\":\"https:\\\/\\\/www.iemj.org\\\/es\\\/\",\"logo\":{\"@type\":\"ImageObject\",\"inLanguage\":\"es\",\"@id\":\"https:\\\/\\\/www.iemj.org\\\/es\\\/#\\\/schema\\\/logo\\\/image\\\/\",\"url\":\"https:\\\/\\\/www.iemj.org\\\/wp-content\\\/uploads\\\/2021\\\/09\\\/Logo-IEMJ-Paypal.jpg\",\"contentUrl\":\"https:\\\/\\\/www.iemj.org\\\/wp-content\\\/uploads\\\/2021\\\/09\\\/Logo-IEMJ-Paypal.jpg\",\"width\":150,\"height\":50,\"caption\":\"Institut Europ\u00e9en des Musiques Juives\"},\"image\":{\"@id\":\"https:\\\/\\\/www.iemj.org\\\/es\\\/#\\\/schema\\\/logo\\\/image\\\/\"},\"sameAs\":[\"https:\\\/\\\/www.facebook.com\\\/MusiquesJuives\\\/\",\"https:\\\/\\\/www.instagram.com\\\/musiquesjuives\\\/\",\"https:\\\/\\\/www.youtube.com\\\/user\\\/musiquesjuives\"]},{\"@type\":\"Person\",\"@id\":\"https:\\\/\\\/www.iemj.org\\\/es\\\/#\\\/schema\\\/person\\\/358e26c18aca017fcc4cc15437f7279c\",\"name\":\"Jacqueline ROTEN\",\"image\":{\"@type\":\"ImageObject\",\"inLanguage\":\"es\",\"@id\":\"https:\\\/\\\/secure.gravatar.com\\\/avatar\\\/5964256d6c6957de3a3505278957e0fb2a35119ac47ea41827a65301213c810b?s=96&d=mm&r=g\",\"url\":\"https:\\\/\\\/secure.gravatar.com\\\/avatar\\\/5964256d6c6957de3a3505278957e0fb2a35119ac47ea41827a65301213c810b?s=96&d=mm&r=g\",\"contentUrl\":\"https:\\\/\\\/secure.gravatar.com\\\/avatar\\\/5964256d6c6957de3a3505278957e0fb2a35119ac47ea41827a65301213c810b?s=96&d=mm&r=g\",\"caption\":\"Jacqueline ROTEN\"}}]}<\/script>\n<!-- \/ Yoast SEO plugin. -->","yoast_head_json":{"title":"Las baqqachot - Institut Europ\u00e9en des Musiques Juives","robots":{"index":"index","follow":"follow","max-snippet":"max-snippet:-1","max-image-preview":"max-image-preview:large","max-video-preview":"max-video-preview:-1"},"canonical":"https:\/\/www.iemj.org\/es\/les-baqqachot\/","og_locale":"es_ES","og_type":"article","og_title":"Las baqqachot - Institut Europ\u00e9en des Musiques Juives","og_description":"\u00a0","og_url":"https:\/\/www.iemj.org\/es\/les-baqqachot\/","og_site_name":"Institut Europ\u00e9en des Musiques Juives","article_publisher":"https:\/\/www.facebook.com\/MusiquesJuives\/","article_published_time":"2025-01-16T15:29:00+00:00","article_modified_time":"2025-11-03T14:19:34+00:00","og_image":[{"width":500,"height":500,"url":"https:\/\/www.iemj.org\/wp-content\/uploads\/2025\/01\/Les-baqqachot_article-fond.jpg","type":"image\/jpeg"}],"author":"Jacqueline ROTEN","twitter_card":"summary_large_image","twitter_misc":{"Escrito por":"Jacqueline ROTEN","Tiempo de lectura":"5 minutos"},"schema":{"@context":"https:\/\/schema.org","@graph":[{"@type":"Article","@id":"https:\/\/www.iemj.org\/es\/les-baqqachot\/#article","isPartOf":{"@id":"https:\/\/www.iemj.org\/es\/les-baqqachot\/"},"author":{"name":"Jacqueline ROTEN","@id":"https:\/\/www.iemj.org\/es\/#\/schema\/person\/358e26c18aca017fcc4cc15437f7279c"},"headline":"Las baqqachot","datePublished":"2025-01-16T15:29:00+00:00","dateModified":"2025-11-03T14:19:34+00:00","mainEntityOfPage":{"@id":"https:\/\/www.iemj.org\/es\/les-baqqachot\/"},"wordCount":894,"publisher":{"@id":"https:\/\/www.iemj.org\/es\/#organization"},"image":{"@id":"https:\/\/www.iemj.org\/es\/les-baqqachot\/#primaryimage"},"thumbnailUrl":"https:\/\/www.iemj.org\/wp-content\/uploads\/2025\/01\/Les-baqqachot_article-fond.jpg","articleSection":["Art\u00edculos de fondo"],"inLanguage":"es"},{"@type":"WebPage","@id":"https:\/\/www.iemj.org\/es\/les-baqqachot\/","url":"https:\/\/www.iemj.org\/es\/les-baqqachot\/","name":"Las baqqachot - Institut Europ\u00e9en des Musiques Juives","isPartOf":{"@id":"https:\/\/www.iemj.org\/es\/#website"},"primaryImageOfPage":{"@id":"https:\/\/www.iemj.org\/es\/les-baqqachot\/#primaryimage"},"image":{"@id":"https:\/\/www.iemj.org\/es\/les-baqqachot\/#primaryimage"},"thumbnailUrl":"https:\/\/www.iemj.org\/wp-content\/uploads\/2025\/01\/Les-baqqachot_article-fond.jpg","datePublished":"2025-01-16T15:29:00+00:00","dateModified":"2025-11-03T14:19:34+00:00","breadcrumb":{"@id":"https:\/\/www.iemj.org\/es\/les-baqqachot\/#breadcrumb"},"inLanguage":"es","potentialAction":[{"@type":"ReadAction","target":["https:\/\/www.iemj.org\/es\/les-baqqachot\/"]}]},{"@type":"ImageObject","inLanguage":"es","@id":"https:\/\/www.iemj.org\/es\/les-baqqachot\/#primaryimage","url":"https:\/\/www.iemj.org\/wp-content\/uploads\/2025\/01\/Les-baqqachot_article-fond.jpg","contentUrl":"https:\/\/www.iemj.org\/wp-content\/uploads\/2025\/01\/Les-baqqachot_article-fond.jpg","width":500,"height":500},{"@type":"BreadcrumbList","@id":"https:\/\/www.iemj.org\/es\/les-baqqachot\/#breadcrumb","itemListElement":[{"@type":"ListItem","position":1,"name":"Accueil","item":"https:\/\/www.iemj.org\/es\/"},{"@type":"ListItem","position":2,"name":"Las baqqachot"}]},{"@type":"WebSite","@id":"https:\/\/www.iemj.org\/es\/#website","url":"https:\/\/www.iemj.org\/es\/","name":"Institut Europ\u00e9en des Musiques Juives","description":"Des traditions musicales \u00e0 la port\u00e9e de tous","publisher":{"@id":"https:\/\/www.iemj.org\/es\/#organization"},"potentialAction":[{"@type":"SearchAction","target":{"@type":"EntryPoint","urlTemplate":"https:\/\/www.iemj.org\/es\/?s={search_term_string}"},"query-input":{"@type":"PropertyValueSpecification","valueRequired":true,"valueName":"search_term_string"}}],"inLanguage":"es"},{"@type":"Organization","@id":"https:\/\/www.iemj.org\/es\/#organization","name":"Institut Europ\u00e9en des Musiques Juives","url":"https:\/\/www.iemj.org\/es\/","logo":{"@type":"ImageObject","inLanguage":"es","@id":"https:\/\/www.iemj.org\/es\/#\/schema\/logo\/image\/","url":"https:\/\/www.iemj.org\/wp-content\/uploads\/2021\/09\/Logo-IEMJ-Paypal.jpg","contentUrl":"https:\/\/www.iemj.org\/wp-content\/uploads\/2021\/09\/Logo-IEMJ-Paypal.jpg","width":150,"height":50,"caption":"Institut Europ\u00e9en des Musiques Juives"},"image":{"@id":"https:\/\/www.iemj.org\/es\/#\/schema\/logo\/image\/"},"sameAs":["https:\/\/www.facebook.com\/MusiquesJuives\/","https:\/\/www.instagram.com\/musiquesjuives\/","https:\/\/www.youtube.com\/user\/musiquesjuives"]},{"@type":"Person","@id":"https:\/\/www.iemj.org\/es\/#\/schema\/person\/358e26c18aca017fcc4cc15437f7279c","name":"Jacqueline ROTEN","image":{"@type":"ImageObject","inLanguage":"es","@id":"https:\/\/secure.gravatar.com\/avatar\/5964256d6c6957de3a3505278957e0fb2a35119ac47ea41827a65301213c810b?s=96&d=mm&r=g","url":"https:\/\/secure.gravatar.com\/avatar\/5964256d6c6957de3a3505278957e0fb2a35119ac47ea41827a65301213c810b?s=96&d=mm&r=g","contentUrl":"https:\/\/secure.gravatar.com\/avatar\/5964256d6c6957de3a3505278957e0fb2a35119ac47ea41827a65301213c810b?s=96&d=mm&r=g","caption":"Jacqueline ROTEN"}}]}},"_links":{"self":[{"href":"https:\/\/www.iemj.org\/es\/wp-json\/wp\/v2\/posts\/116901","targetHints":{"allow":["GET"]}}],"collection":[{"href":"https:\/\/www.iemj.org\/es\/wp-json\/wp\/v2\/posts"}],"about":[{"href":"https:\/\/www.iemj.org\/es\/wp-json\/wp\/v2\/types\/post"}],"author":[{"embeddable":true,"href":"https:\/\/www.iemj.org\/es\/wp-json\/wp\/v2\/users\/5"}],"replies":[{"embeddable":true,"href":"https:\/\/www.iemj.org\/es\/wp-json\/wp\/v2\/comments?post=116901"}],"version-history":[{"count":1,"href":"https:\/\/www.iemj.org\/es\/wp-json\/wp\/v2\/posts\/116901\/revisions"}],"predecessor-version":[{"id":127903,"href":"https:\/\/www.iemj.org\/es\/wp-json\/wp\/v2\/posts\/116901\/revisions\/127903"}],"wp:featuredmedia":[{"embeddable":true,"href":"https:\/\/www.iemj.org\/es\/wp-json\/wp\/v2\/media\/116873"}],"wp:attachment":[{"href":"https:\/\/www.iemj.org\/es\/wp-json\/wp\/v2\/media?parent=116901"}],"wp:term":[{"taxonomy":"category","embeddable":true,"href":"https:\/\/www.iemj.org\/es\/wp-json\/wp\/v2\/categories?post=116901"},{"taxonomy":"post_tag","embeddable":true,"href":"https:\/\/www.iemj.org\/es\/wp-json\/wp\/v2\/tags?post=116901"},{"taxonomy":"technique","embeddable":true,"href":"https:\/\/www.iemj.org\/es\/wp-json\/wp\/v2\/technique?post=116901"},{"taxonomy":"squelettes","embeddable":true,"href":"https:\/\/www.iemj.org\/es\/wp-json\/wp\/v2\/squelettes?post=116901"},{"taxonomy":"sujet","embeddable":true,"href":"https:\/\/www.iemj.org\/es\/wp-json\/wp\/v2\/sujet?post=116901"},{"taxonomy":"formation","embeddable":true,"href":"https:\/\/www.iemj.org\/es\/wp-json\/wp\/v2\/formation?post=116901"},{"taxonomy":"genre","embeddable":true,"href":"https:\/\/www.iemj.org\/es\/wp-json\/wp\/v2\/genre?post=116901"},{"taxonomy":"fonds","embeddable":true,"href":"https:\/\/www.iemj.org\/es\/wp-json\/wp\/v2\/fonds?post=116901"},{"taxonomy":"tradition","embeddable":true,"href":"https:\/\/www.iemj.org\/es\/wp-json\/wp\/v2\/tradition?post=116901"},{"taxonomy":"type-de-contenu","embeddable":true,"href":"https:\/\/www.iemj.org\/es\/wp-json\/wp\/v2\/type-de-contenu?post=116901"},{"taxonomy":"interprete-compositeur","embeddable":true,"href":"https:\/\/www.iemj.org\/es\/wp-json\/wp\/v2\/interprete-compositeur?post=116901"},{"taxonomy":"frise","embeddable":true,"href":"https:\/\/www.iemj.org\/es\/wp-json\/wp\/v2\/frise?post=116901"},{"taxonomy":"type-devenement","embeddable":true,"href":"https:\/\/www.iemj.org\/es\/wp-json\/wp\/v2\/type-devenement?post=116901"},{"taxonomy":"tableaux-liens-externes","embeddable":true,"href":"https:\/\/www.iemj.org\/es\/wp-json\/wp\/v2\/tableaux-liens-externes?post=116901"}],"curies":[{"name":"wp","href":"https:\/\/api.w.org\/{rel}","templated":true}]}}