{"id":117315,"date":"2025-01-27T10:39:19","date_gmt":"2025-01-27T09:39:19","guid":{"rendered":"https:\/\/www.iemj.org\/fonds-de-lalliance-israelite-universelle-aiu\/"},"modified":"2025-01-30T15:13:07","modified_gmt":"2025-01-30T14:13:07","slug":"fonds-de-lalliance-israelite-universelle-aiu","status":"publish","type":"post","link":"https:\/\/www.iemj.org\/es\/fonds-de-lalliance-israelite-universelle-aiu\/","title":{"rendered":"Fondo de la Alliance Isra\u00e9lite Universelle (AIU)"},"content":{"rendered":"<p>Con 165.000 libros y 1.500.000 documentos de archivo, la <a href=\"https:\/\/www.aiu.org\/fr\/biblioth%C3%A8que\" target=\"_blank\" rel=\"noopener\">biblioteca de l\u2019Alliance Isra\u00e9lite Universelle<\/a> es una de las mayores bibliotecas jud\u00edas del mundo. Fue fundada en 1860, al mismo tiempo que se <a href=\"https:\/\/www.aiu.org\/fr\/appel-de-1860-creation-de-laiu\" target=\"_blank\" rel=\"noopener\">creaba la Alliance<\/a> por seis j\u00f3venes israelitas franceses<span class=\"footnote_referrer\"><a role=\"button\" tabindex=\"0\" onclick=\"footnote_moveToReference_117315_1('footnote_plugin_reference_117315_1_1');\" onkeypress=\"footnote_moveToReference_117315_1('footnote_plugin_reference_117315_1_1');\" ><sup id=\"footnote_plugin_tooltip_117315_1_1\" class=\"footnote_plugin_tooltip_text\">[1]<\/sup><\/a><span id=\"footnote_plugin_tooltip_text_117315_1_1\" class=\"footnote_tooltip\">Aristide Astruc, Isidore Cahen, Jules Carvallo, Narcisse Leven, Eug\u00e8ne Manuel y Charles Netter.<\/span><\/span><script type=\"text\/javascript\"> jQuery('#footnote_plugin_tooltip_117315_1_1').tooltip({ tip: '#footnote_plugin_tooltip_text_117315_1_1', tipClass: 'footnote_tooltip', effect: 'fade', predelay: 0, fadeInSpeed: 200, delay: 400, fadeOutSpeed: 200, position: 'top center', relative: true, offset: [-7, 0], });<\/script> imbuidos del esp\u00edritu de la Ilustraci\u00f3n. Su misi\u00f3n principal era defender a los jud\u00edos perseguidos y trabajar por su emancipaci\u00f3n mediante la \u00abregeneraci\u00f3n\u00bb y la modernizaci\u00f3n, promoviendo la lengua y la cultura francesas.<\/p>\n<p>A finales de los a\u00f1os 80, la Alliance Isra\u00e9lite Universelle (AIU) acogi\u00f3 en sus locales de la rue La Bruy\u00e8re (75009 Par\u00eds) a la <a href=\"https:\/\/www.iemj.org\/es\/association-yuval\/\" target=\"_blank\" rel=\"noopener\">asociaci\u00f3n Yuval<\/a> para la preservaci\u00f3n de las tradiciones musicales jud\u00edas. En 2006, junto con la <a href=\"https:\/\/www.fondationjudaisme.org\/\" target=\"_blank\" rel=\"noopener\">Fondation du Juda\u00efsme Fran\u00e7ais<\/a> y la <a href=\"https:\/\/www.fondationjudaisme.org\/fr\/Dons\/Faire-un-don-en-ligne.html?fondation=36\" target=\"_blank\" rel=\"noopener\">Fondation Henriette Halphen<\/a>, Yuval cofund\u00f3 el Institut Europ\u00e9en des Musiques Juives, que sigue en estrecho contacto con la AIU.<\/p>\n<p><img fetchpriority=\"high\" decoding=\"async\" class=\"size-medium wp-image-117280 alignright\" src=\"https:\/\/www.iemj.org\/wp-content\/uploads\/2025\/01\/P_4836_VIG_Partition-Hymne-a-lAlliance-Alexandre-Brody-195x300.jpg\" alt=\"\" width=\"195\" height=\"300\" srcset=\"https:\/\/www.iemj.org\/wp-content\/uploads\/2025\/01\/P_4836_VIG_Partition-Hymne-a-lAlliance-Alexandre-Brody-195x300.jpg 195w, https:\/\/www.iemj.org\/wp-content\/uploads\/2025\/01\/P_4836_VIG_Partition-Hymne-a-lAlliance-Alexandre-Brody.jpg 260w\" sizes=\"(max-width: 195px) 100vw, 195px\" \/>En varias ocasiones, la AIU ha depositado fondos musicales en el IEMJ. El 20 de diciembre de 2023, el director de la biblioteca de la AIU, Jean-Claude Kuperminc, entreg\u00f3 al IEMJ un conjunto de documentos (discos de 45 y 33 rpm, partituras y archivos diversos) que se han incorporado y completado la colecci\u00f3n de la AIU, que cuenta ya con m\u00e1s de un centenar de documentos.<\/p>\n<p>Entre ellas, tres raras partituras impresas y manuscritas dedicadas a la Alliance:<\/p>\n<ul>\n<li><em>L\u2019hymne \u00e0 l\u2019Alliance<\/em> de Alexandre Brody dedicada a Narcisse Leven, Presidente de la AIU de 1898 a 1915<\/li>\n<li><em>Hommage \u00e0 l\u2019Alliance<\/em> del Sr. F. (?) Goldenberg sobre un texto de Judith Rousso<\/li>\n<li><em>Salut \u00e0 l\u2019Alliance<\/em> (1912) tambi\u00e9n dedicado a Narcisse Leven, letra y m\u00fasica del \u00ab alumno <a href=\"https:\/\/www.iemj.org\/es\/hemsi-alberto-1898-1975\/\" target=\"_blank\" rel=\"noopener\">Alberto Hemsi<\/a> \u00bb, entonces de unos 16 a\u00f1os.<\/li>\n<\/ul>\n<p><img decoding=\"async\" class=\"size-medium wp-image-117275 alignleft\" src=\"https:\/\/www.iemj.org\/wp-content\/uploads\/2025\/01\/L_1038_Catalogue-general-de-la-Discotheque-du-Centre-communautaire-de-la-rue-Poissonniere-228x300.jpg\" alt=\"\" width=\"228\" height=\"300\" srcset=\"https:\/\/www.iemj.org\/wp-content\/uploads\/2025\/01\/L_1038_Catalogue-general-de-la-Discotheque-du-Centre-communautaire-de-la-rue-Poissonniere-228x300.jpg 228w, https:\/\/www.iemj.org\/wp-content\/uploads\/2025\/01\/L_1038_Catalogue-general-de-la-Discotheque-du-Centre-communautaire-de-la-rue-Poissonniere-600x789.jpg 600w, https:\/\/www.iemj.org\/wp-content\/uploads\/2025\/01\/L_1038_Catalogue-general-de-la-Discotheque-du-Centre-communautaire-de-la-rue-Poissonniere.jpg 661w\" sizes=\"(max-width: 228px) 100vw, 228px\" \/>Tambi\u00e9n es digno de menci\u00f3n el <em>Catalogue g\u00e9n\u00e9ral de la discoth\u00e8que du Service Technique pour l\u2019Education<\/em> (cat\u00e1logo general de la fonoteca del Servicio T\u00e9cnico de Educaci\u00f3n) del Fonds Social Juif Unifi\u00e9 (Obra Social Jud\u00eda Unida), fonoteca que entonces se encontraba en los locales del Centro Comunitario de la rue Poissonni\u00e8re de Par\u00eds. Este cat\u00e1logo de las colecciones, elaborado por Ch. Rosenthal en 1969, enumera 425 discos de m\u00fasica cl\u00e1sica, lit\u00fargica y paralit\u00fargica, m\u00fasica folcl\u00f3rica, dicci\u00f3n y m\u00fasica para ni\u00f1os y j\u00f3venes. Este documento es tanto m\u00e1s valioso cuanto que ofrece una imagen precisa de las colecciones de m\u00fasica jud\u00eda a finales de los a\u00f1os sesenta, cuyo destino es hoy completamente desconocido.<\/p>\n<p>Entre los documentos sonoros de la colecci\u00f3n AIU se encuentran grabaciones de canciones yiddish (Myriam Fuks, Ana Vinocur, Espe, David Peled, etc.), canciones jas\u00eddicas y lit\u00fargicas (Lubavitcher Nigunim, Moshe Koussevitzky, Zawel Kwartin, Haim Harboun, etc.) y m\u00fasica israel\u00ed de los a\u00f1os 50 a los 70.<\/p>\n\n\n<div class=\"wp-block-columns are-vertically-aligned-center is-layout-flex wp-container-core-columns-is-layout-9d6595d7 wp-block-columns-is-layout-flex\">\n<div class=\"wp-block-column is-vertically-aligned-center is-layout-flow wp-block-column-is-layout-flow\">\n<figure class=\"wp-block-image size-full\"><img decoding=\"async\" width=\"766\" height=\"800\" src=\"https:\/\/www.iemj.org\/wp-content\/uploads\/2025\/01\/D33-30_370_VIG_33-trs-The-Lord-is-one_Chorus-of-the-Israeli-Temple-of-Milan.jpg\" alt=\"\" class=\"wp-image-117260\" srcset=\"https:\/\/www.iemj.org\/wp-content\/uploads\/2025\/01\/D33-30_370_VIG_33-trs-The-Lord-is-one_Chorus-of-the-Israeli-Temple-of-Milan.jpg 766w, https:\/\/www.iemj.org\/wp-content\/uploads\/2025\/01\/D33-30_370_VIG_33-trs-The-Lord-is-one_Chorus-of-the-Israeli-Temple-of-Milan-287x300.jpg 287w, https:\/\/www.iemj.org\/wp-content\/uploads\/2025\/01\/D33-30_370_VIG_33-trs-The-Lord-is-one_Chorus-of-the-Israeli-Temple-of-Milan-600x627.jpg 600w\" sizes=\"(max-width: 766px) 100vw, 766px\" \/><\/figure>\n<\/div>\n\n\n\n<div class=\"wp-block-column is-vertically-aligned-center is-layout-flow wp-block-column-is-layout-flow\">\n<figure class=\"wp-block-image size-full\"><img loading=\"lazy\" decoding=\"async\" width=\"756\" height=\"800\" src=\"https:\/\/www.iemj.org\/wp-content\/uploads\/2025\/01\/D33-30_369_VIG_Songs-of-the-Ghetto-and-Jewish-Folklore.jpg\" alt=\"\" class=\"wp-image-117255\" srcset=\"https:\/\/www.iemj.org\/wp-content\/uploads\/2025\/01\/D33-30_369_VIG_Songs-of-the-Ghetto-and-Jewish-Folklore.jpg 756w, https:\/\/www.iemj.org\/wp-content\/uploads\/2025\/01\/D33-30_369_VIG_Songs-of-the-Ghetto-and-Jewish-Folklore-284x300.jpg 284w, https:\/\/www.iemj.org\/wp-content\/uploads\/2025\/01\/D33-30_369_VIG_Songs-of-the-Ghetto-and-Jewish-Folklore-600x635.jpg 600w\" sizes=\"(max-width: 756px) 100vw, 756px\" \/><\/figure>\n<\/div>\n<\/div>\n\n\n\n<div class=\"wp-block-columns are-vertically-aligned-center is-layout-flex wp-container-core-columns-is-layout-9d6595d7 wp-block-columns-is-layout-flex\">\n<div class=\"wp-block-column is-vertically-aligned-center is-layout-flow wp-block-column-is-layout-flow\">\n<figure class=\"wp-block-image size-full\"><img loading=\"lazy\" decoding=\"async\" width=\"764\" height=\"800\" src=\"https:\/\/www.iemj.org\/wp-content\/uploads\/2025\/01\/D33-30_1883_VIG_Sholosh-Rgalim_Zawel-Kwartin.jpg\" alt=\"\" class=\"wp-image-117265\" srcset=\"https:\/\/www.iemj.org\/wp-content\/uploads\/2025\/01\/D33-30_1883_VIG_Sholosh-Rgalim_Zawel-Kwartin.jpg 764w, https:\/\/www.iemj.org\/wp-content\/uploads\/2025\/01\/D33-30_1883_VIG_Sholosh-Rgalim_Zawel-Kwartin-287x300.jpg 287w, https:\/\/www.iemj.org\/wp-content\/uploads\/2025\/01\/D33-30_1883_VIG_Sholosh-Rgalim_Zawel-Kwartin-600x628.jpg 600w\" sizes=\"(max-width: 764px) 100vw, 764px\" \/><\/figure>\n<\/div>\n\n\n\n<div class=\"wp-block-column is-vertically-aligned-center is-layout-flow wp-block-column-is-layout-flow\">\n<figure class=\"wp-block-image size-full\"><img loading=\"lazy\" decoding=\"async\" width=\"600\" height=\"618\" src=\"https:\/\/www.iemj.org\/wp-content\/uploads\/2025\/01\/D45-17_483_VIG_Visages-dIsrael.jpg\" alt=\"\" class=\"wp-image-117270\" srcset=\"https:\/\/www.iemj.org\/wp-content\/uploads\/2025\/01\/D45-17_483_VIG_Visages-dIsrael.jpg 600w, https:\/\/www.iemj.org\/wp-content\/uploads\/2025\/01\/D45-17_483_VIG_Visages-dIsrael-291x300.jpg 291w\" sizes=\"(max-width: 600px) 100vw, 600px\" \/><\/figure>\n<\/div>\n<\/div>\n\n\n\n<div class=\"wp-block-columns is-layout-flex wp-container-core-columns-is-layout-9d6595d7 wp-block-columns-is-layout-flex\">\n<div class=\"wp-block-column is-layout-flow wp-block-column-is-layout-flow\">\n<p>Por \u00faltimo, existe un fascinante art\u00edculo de <a href=\"https:\/\/www.iemj.org\/es\/algazi-leon-1890-1971\/\" target=\"_blank\" rel=\"noopener\">L\u00e9on Algazi<\/a> sobre \u00ab La musique des Juifs de Russie \u00bb publicado en <em>Musique russe<\/em> &#8211; 2 vol\u00famenes (Collectif &#8211;\u00a0<strong>P.U.F.<\/strong>\u00a01953).<\/p>\n<p>Totalmente digitalizada y catalogada, la colecci\u00f3n de m\u00fasica de la AIU es ahora plenamente accesible en las bibliotecas de la\u00a0<a href=\"http:\/\/www.rachelnet.net\/rachelnet\/index.htm\" target=\"_blank\" rel=\"noopener\">red Rachel<\/a> (Alliance Isra\u00e9lite Universelle, Institut Europ\u00e9en des Musiques Juives, Maison de la Culture Yiddish, Mus\u00e9e d\u2019Art et d\u2019Histoire du Juda\u00efsme, S\u00e9minaire Isra\u00e9lite de France, etc.) y parcialmente desde cualquier otro lugar haciendo clic en el siguiente enlace.<\/p>\n<p><strong><a href=\"http:\/\/www.rachelnet.net\/F\/?func=find-c&amp;ccl_term=WHOL+%3D+AIU&amp;local_base=iemcg\" target=\"_blank\" rel=\"noopener\">Consultar la colecci\u00f3n de la AIU<\/a><\/strong><\/p>\n<p><strong><a href=\"https:\/\/www.aiu.org\/fr\" target=\"_blank\" rel=\"noopener\">M\u00e1s informaci\u00f3n sobre la Alliance Isra\u00e9lite Universelle<\/a><\/strong><\/p>\n<\/div>\n\n\n\n<div class=\"wp-block-column is-layout-flow wp-block-column-is-layout-flow\">\n<figure class=\"wp-block-embed is-type-video is-provider-youtube wp-block-embed-youtube wp-embed-aspect-4-3 wp-has-aspect-ratio\"><div class=\"wp-block-embed__wrapper\">\n<iframe title=\"FONDS DE l&#039;ALLIANCE ISRAELITE UNIVERSELLE\" width=\"640\" height=\"480\" src=\"https:\/\/www.youtube.com\/embed\/KuzDRnJUKhk?feature=oembed\" frameborder=\"0\" allow=\"accelerometer; autoplay; clipboard-write; encrypted-media; gyroscope; picture-in-picture; web-share\" referrerpolicy=\"strict-origin-when-cross-origin\" allowfullscreen><\/iframe>\n<\/div><\/figure>\n<\/div>\n<\/div>\n\n\n\n<div class=\"wp-block-columns are-vertically-aligned-center is-layout-flex wp-container-core-columns-is-layout-9d6595d7 wp-block-columns-is-layout-flex\">\n<div class=\"wp-block-column is-vertically-aligned-center is-layout-flow wp-block-column-is-layout-flow\">\n<figure class=\"wp-block-image size-full\"><img loading=\"lazy\" decoding=\"async\" width=\"190\" height=\"180\" src=\"https:\/\/www.iemj.org\/wp-content\/uploads\/2025\/01\/telechargement-Logo-AIU.jpeg\" alt=\"\" class=\"wp-image-117285\"\/><\/figure>\n<\/div>\n\n\n\n<div class=\"wp-block-column is-vertically-aligned-center is-layout-flow wp-block-column-is-layout-flow\">\n<figure class=\"wp-block-image size-full\"><img loading=\"lazy\" decoding=\"async\" width=\"532\" height=\"190\" src=\"https:\/\/www.iemj.org\/wp-content\/uploads\/2024\/05\/IEMJ_LOGO_CMJN_HORIZONTAL_sans-fond-Copie-1.png\" alt=\"\" class=\"wp-image-111979\" srcset=\"https:\/\/www.iemj.org\/wp-content\/uploads\/2024\/05\/IEMJ_LOGO_CMJN_HORIZONTAL_sans-fond-Copie-1.png 532w, https:\/\/www.iemj.org\/wp-content\/uploads\/2024\/05\/IEMJ_LOGO_CMJN_HORIZONTAL_sans-fond-Copie-1-300x107.png 300w\" sizes=\"(max-width: 532px) 100vw, 532px\" \/><\/figure>\n<\/div>\n<\/div>\n\n\n\n<p><\/p>\n<div class=\"speaker-mute footnotes_reference_container\"> <div class=\"footnote_container_prepare\"><p><span role=\"button\" tabindex=\"0\" class=\"footnote_reference_container_label pointer\" onclick=\"footnote_expand_collapse_reference_container_117315_1();\">&#x202F;<\/span><span role=\"button\" tabindex=\"0\" class=\"footnote_reference_container_collapse_button\" style=\"display: none;\" onclick=\"footnote_expand_collapse_reference_container_117315_1();\">[<a id=\"footnote_reference_container_collapse_button_117315_1\">+<\/a>]<\/span><\/p><\/div> <div id=\"footnote_references_container_117315_1\" style=\"\"><table class=\"footnotes_table footnote-reference-container\"><caption class=\"accessibility\">References<\/caption> <tbody> \r\n\r\n<tr class=\"footnotes_plugin_reference_row\"> <th scope=\"row\" class=\"footnote_plugin_index_combi pointer\"  onclick=\"footnote_moveToAnchor_117315_1('footnote_plugin_tooltip_117315_1_1');\"><a id=\"footnote_plugin_reference_117315_1_1\" class=\"footnote_backlink\">1<\/a><\/th> <td class=\"footnote_plugin_text\">Aristide Astruc, Isidore Cahen, Jules Carvallo, Narcisse Leven, Eug\u00e8ne Manuel y Charles Netter.<\/td><\/tr>\r\n\r\n <\/tbody> <\/table> <\/div><\/div><script type=\"text\/javascript\"> function footnote_expand_reference_container_117315_1() { jQuery('#footnote_references_container_117315_1').show(); jQuery('#footnote_reference_container_collapse_button_117315_1').text('\u2212'); } function footnote_collapse_reference_container_117315_1() { jQuery('#footnote_references_container_117315_1').hide(); jQuery('#footnote_reference_container_collapse_button_117315_1').text('+'); } function footnote_expand_collapse_reference_container_117315_1() { if (jQuery('#footnote_references_container_117315_1').is(':hidden')) { footnote_expand_reference_container_117315_1(); } else { footnote_collapse_reference_container_117315_1(); } } function footnote_moveToReference_117315_1(p_str_TargetID) { footnote_expand_reference_container_117315_1(); var l_obj_Target = jQuery('#' + p_str_TargetID); if (l_obj_Target.length) { jQuery( 'html, body' ).delay( 0 ); jQuery('html, body').animate({ scrollTop: l_obj_Target.offset().top - window.innerHeight * 0.2 }, 380); } } function footnote_moveToAnchor_117315_1(p_str_TargetID) { footnote_expand_reference_container_117315_1(); var l_obj_Target = jQuery('#' + p_str_TargetID); if (l_obj_Target.length) { jQuery( 'html, body' ).delay( 0 ); jQuery('html, body').animate({ scrollTop: l_obj_Target.offset().top - window.innerHeight * 0.2 }, 380); } }<\/script>","protected":false},"excerpt":{"rendered":"<p>Con 165.000 libros y 1.500.000 documentos de archivo, la biblioteca de l\u2019Alliance Isra\u00e9lite Universelle es una de las mayores bibliotecas jud\u00edas del mundo. Fue fundada en 1860, al mismo tiempo<\/p>\n","protected":false},"author":5,"featured_media":117294,"comment_status":"closed","ping_status":"closed","sticky":false,"template":"","format":"standard","meta":{"_acf_changed":false,"footnotes":""},"categories":[1587,1560],"tags":[],"technique":[],"squelettes":[],"sujet":[],"formation":[],"genre":[],"fonds":[],"tradition":[],"type-de-contenu":[],"interprete-compositeur":[],"frise":[],"type-devenement":[],"tableaux-liens-externes":[],"class_list":["post-117315","post","type-post","status-publish","format-standard","has-post-thumbnail","hentry","category-fondos-principales-es","category-las-collecciones-es"],"acf":[],"yoast_head":"<!-- This site is optimized with the Yoast SEO plugin v27.3 - https:\/\/yoast.com\/product\/yoast-seo-wordpress\/ -->\n<title>Fondo de la Alliance Isra\u00e9lite Universelle (AIU) - Institut Europ\u00e9en des Musiques Juives<\/title>\n<meta name=\"robots\" content=\"index, follow, max-snippet:-1, max-image-preview:large, max-video-preview:-1\" \/>\n<link rel=\"canonical\" href=\"https:\/\/www.iemj.org\/es\/fonds-de-lalliance-israelite-universelle-aiu\/\" \/>\n<meta property=\"og:locale\" content=\"es_ES\" \/>\n<meta property=\"og:type\" content=\"article\" \/>\n<meta property=\"og:title\" content=\"Fondo de la Alliance Isra\u00e9lite Universelle (AIU) - Institut Europ\u00e9en des Musiques Juives\" \/>\n<meta property=\"og:description\" content=\"Con 165.000 libros y 1.500.000 documentos de archivo, la biblioteca de l\u2019Alliance Isra\u00e9lite Universelle es una de las mayores bibliotecas jud\u00edas del mundo. Fue fundada en 1860, al mismo tiempo\" \/>\n<meta property=\"og:url\" content=\"https:\/\/www.iemj.org\/es\/fonds-de-lalliance-israelite-universelle-aiu\/\" \/>\n<meta property=\"og:site_name\" content=\"Institut Europ\u00e9en des Musiques Juives\" \/>\n<meta property=\"article:publisher\" content=\"https:\/\/www.facebook.com\/MusiquesJuives\/\" \/>\n<meta property=\"article:published_time\" content=\"2025-01-27T09:39:19+00:00\" \/>\n<meta property=\"article:modified_time\" content=\"2025-01-30T14:13:07+00:00\" \/>\n<meta property=\"og:image\" content=\"https:\/\/www.iemj.org\/wp-content\/uploads\/2025\/01\/Logo-Fonds-AIU.jpg\" \/>\n\t<meta property=\"og:image:width\" content=\"500\" \/>\n\t<meta property=\"og:image:height\" content=\"500\" \/>\n\t<meta property=\"og:image:type\" content=\"image\/jpeg\" \/>\n<meta name=\"author\" content=\"Jacqueline ROTEN\" \/>\n<meta name=\"twitter:card\" content=\"summary_large_image\" \/>\n<meta name=\"twitter:label1\" content=\"Escrito por\" \/>\n\t<meta name=\"twitter:data1\" content=\"Jacqueline ROTEN\" \/>\n\t<meta name=\"twitter:label2\" content=\"Tiempo de lectura\" \/>\n\t<meta name=\"twitter:data2\" content=\"5 minutos\" \/>\n<script type=\"application\/ld+json\" class=\"yoast-schema-graph\">{\"@context\":\"https:\\\/\\\/schema.org\",\"@graph\":[{\"@type\":\"Article\",\"@id\":\"https:\\\/\\\/www.iemj.org\\\/es\\\/fonds-de-lalliance-israelite-universelle-aiu\\\/#article\",\"isPartOf\":{\"@id\":\"https:\\\/\\\/www.iemj.org\\\/es\\\/fonds-de-lalliance-israelite-universelle-aiu\\\/\"},\"author\":{\"name\":\"Jacqueline ROTEN\",\"@id\":\"https:\\\/\\\/www.iemj.org\\\/es\\\/#\\\/schema\\\/person\\\/358e26c18aca017fcc4cc15437f7279c\"},\"headline\":\"Fondo de la Alliance Isra\u00e9lite Universelle (AIU)\",\"datePublished\":\"2025-01-27T09:39:19+00:00\",\"dateModified\":\"2025-01-30T14:13:07+00:00\",\"mainEntityOfPage\":{\"@id\":\"https:\\\/\\\/www.iemj.org\\\/es\\\/fonds-de-lalliance-israelite-universelle-aiu\\\/\"},\"wordCount\":605,\"publisher\":{\"@id\":\"https:\\\/\\\/www.iemj.org\\\/es\\\/#organization\"},\"image\":{\"@id\":\"https:\\\/\\\/www.iemj.org\\\/es\\\/fonds-de-lalliance-israelite-universelle-aiu\\\/#primaryimage\"},\"thumbnailUrl\":\"https:\\\/\\\/www.iemj.org\\\/wp-content\\\/uploads\\\/2025\\\/01\\\/Logo-Fonds-AIU.jpg\",\"articleSection\":[\"Fondos principales\",\"Las Collecciones\"],\"inLanguage\":\"es\"},{\"@type\":\"WebPage\",\"@id\":\"https:\\\/\\\/www.iemj.org\\\/es\\\/fonds-de-lalliance-israelite-universelle-aiu\\\/\",\"url\":\"https:\\\/\\\/www.iemj.org\\\/es\\\/fonds-de-lalliance-israelite-universelle-aiu\\\/\",\"name\":\"Fondo de la Alliance Isra\u00e9lite Universelle (AIU) - Institut Europ\u00e9en des Musiques Juives\",\"isPartOf\":{\"@id\":\"https:\\\/\\\/www.iemj.org\\\/es\\\/#website\"},\"primaryImageOfPage\":{\"@id\":\"https:\\\/\\\/www.iemj.org\\\/es\\\/fonds-de-lalliance-israelite-universelle-aiu\\\/#primaryimage\"},\"image\":{\"@id\":\"https:\\\/\\\/www.iemj.org\\\/es\\\/fonds-de-lalliance-israelite-universelle-aiu\\\/#primaryimage\"},\"thumbnailUrl\":\"https:\\\/\\\/www.iemj.org\\\/wp-content\\\/uploads\\\/2025\\\/01\\\/Logo-Fonds-AIU.jpg\",\"datePublished\":\"2025-01-27T09:39:19+00:00\",\"dateModified\":\"2025-01-30T14:13:07+00:00\",\"breadcrumb\":{\"@id\":\"https:\\\/\\\/www.iemj.org\\\/es\\\/fonds-de-lalliance-israelite-universelle-aiu\\\/#breadcrumb\"},\"inLanguage\":\"es\",\"potentialAction\":[{\"@type\":\"ReadAction\",\"target\":[\"https:\\\/\\\/www.iemj.org\\\/es\\\/fonds-de-lalliance-israelite-universelle-aiu\\\/\"]}]},{\"@type\":\"ImageObject\",\"inLanguage\":\"es\",\"@id\":\"https:\\\/\\\/www.iemj.org\\\/es\\\/fonds-de-lalliance-israelite-universelle-aiu\\\/#primaryimage\",\"url\":\"https:\\\/\\\/www.iemj.org\\\/wp-content\\\/uploads\\\/2025\\\/01\\\/Logo-Fonds-AIU.jpg\",\"contentUrl\":\"https:\\\/\\\/www.iemj.org\\\/wp-content\\\/uploads\\\/2025\\\/01\\\/Logo-Fonds-AIU.jpg\",\"width\":500,\"height\":500},{\"@type\":\"BreadcrumbList\",\"@id\":\"https:\\\/\\\/www.iemj.org\\\/es\\\/fonds-de-lalliance-israelite-universelle-aiu\\\/#breadcrumb\",\"itemListElement\":[{\"@type\":\"ListItem\",\"position\":1,\"name\":\"Accueil\",\"item\":\"https:\\\/\\\/www.iemj.org\\\/es\\\/\"},{\"@type\":\"ListItem\",\"position\":2,\"name\":\"Fondo de la Alliance Isra\u00e9lite Universelle (AIU)\"}]},{\"@type\":\"WebSite\",\"@id\":\"https:\\\/\\\/www.iemj.org\\\/es\\\/#website\",\"url\":\"https:\\\/\\\/www.iemj.org\\\/es\\\/\",\"name\":\"Institut Europ\u00e9en des Musiques Juives\",\"description\":\"Des traditions musicales \u00e0 la port\u00e9e de tous\",\"publisher\":{\"@id\":\"https:\\\/\\\/www.iemj.org\\\/es\\\/#organization\"},\"potentialAction\":[{\"@type\":\"SearchAction\",\"target\":{\"@type\":\"EntryPoint\",\"urlTemplate\":\"https:\\\/\\\/www.iemj.org\\\/es\\\/?s={search_term_string}\"},\"query-input\":{\"@type\":\"PropertyValueSpecification\",\"valueRequired\":true,\"valueName\":\"search_term_string\"}}],\"inLanguage\":\"es\"},{\"@type\":\"Organization\",\"@id\":\"https:\\\/\\\/www.iemj.org\\\/es\\\/#organization\",\"name\":\"Institut Europ\u00e9en des Musiques Juives\",\"url\":\"https:\\\/\\\/www.iemj.org\\\/es\\\/\",\"logo\":{\"@type\":\"ImageObject\",\"inLanguage\":\"es\",\"@id\":\"https:\\\/\\\/www.iemj.org\\\/es\\\/#\\\/schema\\\/logo\\\/image\\\/\",\"url\":\"https:\\\/\\\/www.iemj.org\\\/wp-content\\\/uploads\\\/2021\\\/09\\\/Logo-IEMJ-Paypal.jpg\",\"contentUrl\":\"https:\\\/\\\/www.iemj.org\\\/wp-content\\\/uploads\\\/2021\\\/09\\\/Logo-IEMJ-Paypal.jpg\",\"width\":150,\"height\":50,\"caption\":\"Institut Europ\u00e9en des Musiques Juives\"},\"image\":{\"@id\":\"https:\\\/\\\/www.iemj.org\\\/es\\\/#\\\/schema\\\/logo\\\/image\\\/\"},\"sameAs\":[\"https:\\\/\\\/www.facebook.com\\\/MusiquesJuives\\\/\",\"https:\\\/\\\/www.instagram.com\\\/musiquesjuives\\\/\",\"https:\\\/\\\/www.youtube.com\\\/user\\\/musiquesjuives\"]},{\"@type\":\"Person\",\"@id\":\"https:\\\/\\\/www.iemj.org\\\/es\\\/#\\\/schema\\\/person\\\/358e26c18aca017fcc4cc15437f7279c\",\"name\":\"Jacqueline ROTEN\",\"image\":{\"@type\":\"ImageObject\",\"inLanguage\":\"es\",\"@id\":\"https:\\\/\\\/secure.gravatar.com\\\/avatar\\\/5964256d6c6957de3a3505278957e0fb2a35119ac47ea41827a65301213c810b?s=96&d=mm&r=g\",\"url\":\"https:\\\/\\\/secure.gravatar.com\\\/avatar\\\/5964256d6c6957de3a3505278957e0fb2a35119ac47ea41827a65301213c810b?s=96&d=mm&r=g\",\"contentUrl\":\"https:\\\/\\\/secure.gravatar.com\\\/avatar\\\/5964256d6c6957de3a3505278957e0fb2a35119ac47ea41827a65301213c810b?s=96&d=mm&r=g\",\"caption\":\"Jacqueline ROTEN\"}}]}<\/script>\n<!-- \/ Yoast SEO plugin. -->","yoast_head_json":{"title":"Fondo de la Alliance Isra\u00e9lite Universelle (AIU) - Institut Europ\u00e9en des Musiques Juives","robots":{"index":"index","follow":"follow","max-snippet":"max-snippet:-1","max-image-preview":"max-image-preview:large","max-video-preview":"max-video-preview:-1"},"canonical":"https:\/\/www.iemj.org\/es\/fonds-de-lalliance-israelite-universelle-aiu\/","og_locale":"es_ES","og_type":"article","og_title":"Fondo de la Alliance Isra\u00e9lite Universelle (AIU) - Institut Europ\u00e9en des Musiques Juives","og_description":"Con 165.000 libros y 1.500.000 documentos de archivo, la biblioteca de l\u2019Alliance Isra\u00e9lite Universelle es una de las mayores bibliotecas jud\u00edas del mundo. Fue fundada en 1860, al mismo tiempo","og_url":"https:\/\/www.iemj.org\/es\/fonds-de-lalliance-israelite-universelle-aiu\/","og_site_name":"Institut Europ\u00e9en des Musiques Juives","article_publisher":"https:\/\/www.facebook.com\/MusiquesJuives\/","article_published_time":"2025-01-27T09:39:19+00:00","article_modified_time":"2025-01-30T14:13:07+00:00","og_image":[{"width":500,"height":500,"url":"https:\/\/www.iemj.org\/wp-content\/uploads\/2025\/01\/Logo-Fonds-AIU.jpg","type":"image\/jpeg"}],"author":"Jacqueline ROTEN","twitter_card":"summary_large_image","twitter_misc":{"Escrito por":"Jacqueline ROTEN","Tiempo de lectura":"5 minutos"},"schema":{"@context":"https:\/\/schema.org","@graph":[{"@type":"Article","@id":"https:\/\/www.iemj.org\/es\/fonds-de-lalliance-israelite-universelle-aiu\/#article","isPartOf":{"@id":"https:\/\/www.iemj.org\/es\/fonds-de-lalliance-israelite-universelle-aiu\/"},"author":{"name":"Jacqueline ROTEN","@id":"https:\/\/www.iemj.org\/es\/#\/schema\/person\/358e26c18aca017fcc4cc15437f7279c"},"headline":"Fondo de la Alliance Isra\u00e9lite Universelle (AIU)","datePublished":"2025-01-27T09:39:19+00:00","dateModified":"2025-01-30T14:13:07+00:00","mainEntityOfPage":{"@id":"https:\/\/www.iemj.org\/es\/fonds-de-lalliance-israelite-universelle-aiu\/"},"wordCount":605,"publisher":{"@id":"https:\/\/www.iemj.org\/es\/#organization"},"image":{"@id":"https:\/\/www.iemj.org\/es\/fonds-de-lalliance-israelite-universelle-aiu\/#primaryimage"},"thumbnailUrl":"https:\/\/www.iemj.org\/wp-content\/uploads\/2025\/01\/Logo-Fonds-AIU.jpg","articleSection":["Fondos principales","Las Collecciones"],"inLanguage":"es"},{"@type":"WebPage","@id":"https:\/\/www.iemj.org\/es\/fonds-de-lalliance-israelite-universelle-aiu\/","url":"https:\/\/www.iemj.org\/es\/fonds-de-lalliance-israelite-universelle-aiu\/","name":"Fondo de la Alliance Isra\u00e9lite Universelle (AIU) - Institut Europ\u00e9en des Musiques Juives","isPartOf":{"@id":"https:\/\/www.iemj.org\/es\/#website"},"primaryImageOfPage":{"@id":"https:\/\/www.iemj.org\/es\/fonds-de-lalliance-israelite-universelle-aiu\/#primaryimage"},"image":{"@id":"https:\/\/www.iemj.org\/es\/fonds-de-lalliance-israelite-universelle-aiu\/#primaryimage"},"thumbnailUrl":"https:\/\/www.iemj.org\/wp-content\/uploads\/2025\/01\/Logo-Fonds-AIU.jpg","datePublished":"2025-01-27T09:39:19+00:00","dateModified":"2025-01-30T14:13:07+00:00","breadcrumb":{"@id":"https:\/\/www.iemj.org\/es\/fonds-de-lalliance-israelite-universelle-aiu\/#breadcrumb"},"inLanguage":"es","potentialAction":[{"@type":"ReadAction","target":["https:\/\/www.iemj.org\/es\/fonds-de-lalliance-israelite-universelle-aiu\/"]}]},{"@type":"ImageObject","inLanguage":"es","@id":"https:\/\/www.iemj.org\/es\/fonds-de-lalliance-israelite-universelle-aiu\/#primaryimage","url":"https:\/\/www.iemj.org\/wp-content\/uploads\/2025\/01\/Logo-Fonds-AIU.jpg","contentUrl":"https:\/\/www.iemj.org\/wp-content\/uploads\/2025\/01\/Logo-Fonds-AIU.jpg","width":500,"height":500},{"@type":"BreadcrumbList","@id":"https:\/\/www.iemj.org\/es\/fonds-de-lalliance-israelite-universelle-aiu\/#breadcrumb","itemListElement":[{"@type":"ListItem","position":1,"name":"Accueil","item":"https:\/\/www.iemj.org\/es\/"},{"@type":"ListItem","position":2,"name":"Fondo de la Alliance Isra\u00e9lite Universelle (AIU)"}]},{"@type":"WebSite","@id":"https:\/\/www.iemj.org\/es\/#website","url":"https:\/\/www.iemj.org\/es\/","name":"Institut Europ\u00e9en des Musiques Juives","description":"Des traditions musicales \u00e0 la port\u00e9e de tous","publisher":{"@id":"https:\/\/www.iemj.org\/es\/#organization"},"potentialAction":[{"@type":"SearchAction","target":{"@type":"EntryPoint","urlTemplate":"https:\/\/www.iemj.org\/es\/?s={search_term_string}"},"query-input":{"@type":"PropertyValueSpecification","valueRequired":true,"valueName":"search_term_string"}}],"inLanguage":"es"},{"@type":"Organization","@id":"https:\/\/www.iemj.org\/es\/#organization","name":"Institut Europ\u00e9en des Musiques Juives","url":"https:\/\/www.iemj.org\/es\/","logo":{"@type":"ImageObject","inLanguage":"es","@id":"https:\/\/www.iemj.org\/es\/#\/schema\/logo\/image\/","url":"https:\/\/www.iemj.org\/wp-content\/uploads\/2021\/09\/Logo-IEMJ-Paypal.jpg","contentUrl":"https:\/\/www.iemj.org\/wp-content\/uploads\/2021\/09\/Logo-IEMJ-Paypal.jpg","width":150,"height":50,"caption":"Institut Europ\u00e9en des Musiques Juives"},"image":{"@id":"https:\/\/www.iemj.org\/es\/#\/schema\/logo\/image\/"},"sameAs":["https:\/\/www.facebook.com\/MusiquesJuives\/","https:\/\/www.instagram.com\/musiquesjuives\/","https:\/\/www.youtube.com\/user\/musiquesjuives"]},{"@type":"Person","@id":"https:\/\/www.iemj.org\/es\/#\/schema\/person\/358e26c18aca017fcc4cc15437f7279c","name":"Jacqueline ROTEN","image":{"@type":"ImageObject","inLanguage":"es","@id":"https:\/\/secure.gravatar.com\/avatar\/5964256d6c6957de3a3505278957e0fb2a35119ac47ea41827a65301213c810b?s=96&d=mm&r=g","url":"https:\/\/secure.gravatar.com\/avatar\/5964256d6c6957de3a3505278957e0fb2a35119ac47ea41827a65301213c810b?s=96&d=mm&r=g","contentUrl":"https:\/\/secure.gravatar.com\/avatar\/5964256d6c6957de3a3505278957e0fb2a35119ac47ea41827a65301213c810b?s=96&d=mm&r=g","caption":"Jacqueline ROTEN"}}]}},"_links":{"self":[{"href":"https:\/\/www.iemj.org\/es\/wp-json\/wp\/v2\/posts\/117315","targetHints":{"allow":["GET"]}}],"collection":[{"href":"https:\/\/www.iemj.org\/es\/wp-json\/wp\/v2\/posts"}],"about":[{"href":"https:\/\/www.iemj.org\/es\/wp-json\/wp\/v2\/types\/post"}],"author":[{"embeddable":true,"href":"https:\/\/www.iemj.org\/es\/wp-json\/wp\/v2\/users\/5"}],"replies":[{"embeddable":true,"href":"https:\/\/www.iemj.org\/es\/wp-json\/wp\/v2\/comments?post=117315"}],"version-history":[{"count":0,"href":"https:\/\/www.iemj.org\/es\/wp-json\/wp\/v2\/posts\/117315\/revisions"}],"wp:featuredmedia":[{"embeddable":true,"href":"https:\/\/www.iemj.org\/es\/wp-json\/wp\/v2\/media\/117294"}],"wp:attachment":[{"href":"https:\/\/www.iemj.org\/es\/wp-json\/wp\/v2\/media?parent=117315"}],"wp:term":[{"taxonomy":"category","embeddable":true,"href":"https:\/\/www.iemj.org\/es\/wp-json\/wp\/v2\/categories?post=117315"},{"taxonomy":"post_tag","embeddable":true,"href":"https:\/\/www.iemj.org\/es\/wp-json\/wp\/v2\/tags?post=117315"},{"taxonomy":"technique","embeddable":true,"href":"https:\/\/www.iemj.org\/es\/wp-json\/wp\/v2\/technique?post=117315"},{"taxonomy":"squelettes","embeddable":true,"href":"https:\/\/www.iemj.org\/es\/wp-json\/wp\/v2\/squelettes?post=117315"},{"taxonomy":"sujet","embeddable":true,"href":"https:\/\/www.iemj.org\/es\/wp-json\/wp\/v2\/sujet?post=117315"},{"taxonomy":"formation","embeddable":true,"href":"https:\/\/www.iemj.org\/es\/wp-json\/wp\/v2\/formation?post=117315"},{"taxonomy":"genre","embeddable":true,"href":"https:\/\/www.iemj.org\/es\/wp-json\/wp\/v2\/genre?post=117315"},{"taxonomy":"fonds","embeddable":true,"href":"https:\/\/www.iemj.org\/es\/wp-json\/wp\/v2\/fonds?post=117315"},{"taxonomy":"tradition","embeddable":true,"href":"https:\/\/www.iemj.org\/es\/wp-json\/wp\/v2\/tradition?post=117315"},{"taxonomy":"type-de-contenu","embeddable":true,"href":"https:\/\/www.iemj.org\/es\/wp-json\/wp\/v2\/type-de-contenu?post=117315"},{"taxonomy":"interprete-compositeur","embeddable":true,"href":"https:\/\/www.iemj.org\/es\/wp-json\/wp\/v2\/interprete-compositeur?post=117315"},{"taxonomy":"frise","embeddable":true,"href":"https:\/\/www.iemj.org\/es\/wp-json\/wp\/v2\/frise?post=117315"},{"taxonomy":"type-devenement","embeddable":true,"href":"https:\/\/www.iemj.org\/es\/wp-json\/wp\/v2\/type-devenement?post=117315"},{"taxonomy":"tableaux-liens-externes","embeddable":true,"href":"https:\/\/www.iemj.org\/es\/wp-json\/wp\/v2\/tableaux-liens-externes?post=117315"}],"curies":[{"name":"wp","href":"https:\/\/api.w.org\/{rel}","templated":true}]}}