{"id":117666,"date":"2025-02-05T15:37:20","date_gmt":"2025-02-05T14:37:20","guid":{"rendered":"https:\/\/www.iemj.org\/histoire-de-voix-hebraiques\/"},"modified":"2025-02-06T16:56:48","modified_gmt":"2025-02-06T15:56:48","slug":"histoires-de-voix-hebraiques","status":"publish","type":"post","link":"https:\/\/www.iemj.org\/es\/histoires-de-voix-hebraiques\/","title":{"rendered":"Histoires de voix h\u00e9bra\u00efques"},"content":{"rendered":"\n<h1 class=\"wp-block-heading\">Historias de voces hebreas<\/h1>\n\n\n\n<h2 class=\"wp-block-heading\">Anamorfosis<span class=\"footnote_referrer\"><a role=\"button\" tabindex=\"0\" onclick=\"footnote_moveToReference_117666_1('footnote_plugin_reference_117666_1_1');\" onkeypress=\"footnote_moveToReference_117666_1('footnote_plugin_reference_117666_1_1');\" ><sup id=\"footnote_plugin_tooltip_117666_1_1\" class=\"footnote_plugin_tooltip_text\">[1]<\/sup><\/a><span id=\"footnote_plugin_tooltip_text_117666_1_1\" class=\"footnote_tooltip\">Imagen distorsionada producida por un espejo curvo.<\/span><\/span><script type=\"text\/javascript\"> jQuery('#footnote_plugin_tooltip_117666_1_1').tooltip({ tip: '#footnote_plugin_tooltip_text_117666_1_1', tipClass: 'footnote_tooltip', effect: 'fade', predelay: 0, fadeInSpeed: 200, delay: 400, fadeOutSpeed: 200, position: 'top center', relative: true, offset: [-7, 0], });<\/script> musicales cruzadas<\/h2>\n\n\n\n<h2 class=\"wp-block-heading\">Por Hector Sabo<\/h2>\n\n\n\n<p><strong>\u00a9 2024, Editions Musicales Sabo<\/strong><\/p>\n\n\n<p>El compositor, m\u00fasico y director de coro <a href=\"https:\/\/www.iemj.org\/es\/sabo-hector\/\" target=\"_blank\" rel=\"noopener\">Hector Sabo<\/a> ha dedicado una parte importante de su carrera a la m\u00fasica hebrea, t\u00e9rmino que \u00e9l asocia a la m\u00fasica cantada en hebreo o relacionada con el pueblo hebreo.<\/p>\n<p>En este libro de un centenar de p\u00e1ginas, el autor ofrece un enfoque m\u00e1s sint\u00e9tico y accesible de lo que expuso en parte en su primer libro, <a href=\"https:\/\/www.iemj.org\/es\/voix-hebraiques-un-voyage-dans-la-musique-juive-doccident-accompagne-danalyses-et-dexemples-musicaux\/\" target=\"_blank\" rel=\"noopener\"><em>Voix h\u00e9bra\u00efques &#8211; Voyage dans la musique juive d&#8217;Occident<\/em><\/a>, publicado en 2020. Cada cap\u00edtulo es breve (una media de 3 a 4 p\u00e1ginas) y objetivo. Para los no iniciados, el 1er pr\u00f3logo es un recordatorio de la historia de los hebreos y de su lengua. El 2\u00ba pr\u00f3logo est\u00e1 dedicado a la relaci\u00f3n musical entre cristianismo y juda\u00edsmo. Es al final de este pr\u00f3logo y al principio de la introducci\u00f3n cuando el autor define el tema principal de su libro, que es trazar \u00abel curso de este fascinante di\u00e1logo musical (&#8230;) entre dos tradiciones musicales, una jud\u00eda y otra cristiana\u00bb (p. 14). El libro pretende ser \u00abuna introducci\u00f3n a la m\u00fasica hebrea (&#8230;) en estrecha relaci\u00f3n con la m\u00fasica europea\u00bb (p. 17).<\/p>\n<p>Tras limitar el \u00e1mbito geogr\u00e1fico de su enfoque \u00fanicamente a la m\u00fasica occidental, Hector Sabo propone un recorrido tem\u00e1tico y cronol\u00f3gico en 16 cap\u00edtulos, desde la m\u00fasica del Templo de Jerusal\u00e9n hasta la m\u00fasica contempor\u00e1nea en Francia. El cap\u00edtulo 17 propone una selecci\u00f3n de salmos hebreos musicados desde la Edad Media. Por \u00faltimo, la conclusi\u00f3n -aparte del inevitable resumen- ampl\u00eda el campo de posibilidades para incluir la m\u00fasica de cine y los musicales de tema jud\u00edo.<\/p>\n<p><img fetchpriority=\"high\" decoding=\"async\" class=\"size-medium wp-image-21016 alignright\" src=\"https:\/\/www.iemj.org\/wp-content\/uploads\/2018\/10\/arton3641-225x300.jpg\" alt=\"logo bio Hector Sabo\" width=\"225\" height=\"300\" \/>En resumen, a excepci\u00f3n de un cap\u00edtulo de 2 p\u00e1ginas sobre la m\u00fasica israel\u00ed en lengua hebrea, este libro presenta la m\u00fasica jud\u00eda occidental en su relaci\u00f3n con la sociedad cristiana circundante. Este viaje en el tiempo y en el espacio alterna hechos hist\u00f3ricos y musicol\u00f3gicos con las reflexiones, a menudo interesantes, del autor sobre su propia pr\u00e1ctica de la m\u00fasica hebrea. No obstante, hay que se\u00f1alar algunas aproximaciones e incluso errores, como la referencia en la p. 29 a \u00abmanuscritos de m\u00fasica de las comunidades jud\u00edas de Normand\u00eda\u00bb, que se habr\u00edan utilizado para la grabaci\u00f3n del CD <em>Juifs et trouv\u00e8res<\/em> producido por el IEMJ<span class=\"footnote_referrer\"><a role=\"button\" tabindex=\"0\" onclick=\"footnote_moveToReference_117666_1('footnote_plugin_reference_117666_1_2');\" onkeypress=\"footnote_moveToReference_117666_1('footnote_plugin_reference_117666_1_2');\" ><sup id=\"footnote_plugin_tooltip_117666_1_2\" class=\"footnote_plugin_tooltip_text\">[2]<\/sup><\/a><span id=\"footnote_plugin_tooltip_text_117666_1_2\" class=\"footnote_tooltip\">La m\u00fasica del CD Juifs et trouv\u00e8res procede de manuscritos hebreos del norte de Francia (Flandes, Picard\u00eda, Artois, Champa\u00f1a, etc.), que no contienen notaci\u00f3n musical. En dos de estos&nbsp;&#x2026; <span class=\"footnote_tooltip_continue\"  onclick=\"footnote_moveToReference_117666_1('footnote_plugin_reference_117666_1_2');\">Lire la suite<\/span><\/span><\/span><script type=\"text\/javascript\"> jQuery('#footnote_plugin_tooltip_117666_1_2').tooltip({ tip: '#footnote_plugin_tooltip_text_117666_1_2', tipClass: 'footnote_tooltip', effect: 'fade', predelay: 0, fadeInSpeed: 200, delay: 400, fadeOutSpeed: 200, position: 'top center', relative: true, offset: [-7, 0], });<\/script>. Tambi\u00e9n hay que se\u00f1alar que el autor rara vez cita sus fuentes. Por ejemplo, cuando Hector Sabo afirma en la p. 38 que Beethoven recibi\u00f3 de Salomon Sulzer un libro de melod\u00edas hebreas que le inspir\u00f3 el tema Kol nidr\u00e9 en su 14\u00ba cuarteto, esta versi\u00f3n dista mucho de ser un\u00e1nime entre los music\u00f3logos. Del mismo modo, el autor afirma, a prop\u00f3sito del musical <em>West Side Story<\/em>, que Leonard \u00abBernstein quiso contar en m\u00fasica su versi\u00f3n personal de una historia inspirada en <em>Romeo y Julieta<\/em> de Shakespeare, donde los personajes no son irlandeses y puertorrique\u00f1os, como pretend\u00eda la versi\u00f3n final, sino jud\u00edos y \u00e1rabes&#8230;\u00bb. (p. 80). Si nos remitimos a los\u00a0<a href=\"https:\/\/www.radiofrance.fr\/francemusique\/podcasts\/serie-la-story-de-west-side-story\" target=\"_blank\" rel=\"noopener\">programas de Laurent Vali\u00e8re emitidos en France Musique en 2021<\/a> y al art\u00edculo de Charlotte Landru-Chand\u00e8s, \u00ab <a href=\"https:\/\/www.radiofrance.fr\/francemusique\/west-side-story-tout-ce-que-vous-avez-toujours-voulu-savoir-sur-l-oeuvre-de-bernstein-9763749\" target=\"_blank\" rel=\"noopener\">West Side Story: todo lo que siempre quiso saber sobre la obra de Bernstein<\/a>\u00bb, esta afirmaci\u00f3n ser\u00eda, cuando menos, dudosa.<\/p>\n<p>Aparte de estas pocas reservas, la lectura de este libro es un placer y despierta el deseo de saber m\u00e1s sobre la m\u00fasica jud\u00eda. Tambi\u00e9n brinda la oportunidad de descubrir obras menos conocidas, como las magn\u00edficas <em>Five Hebrew Love Song<\/em>s del compositor estadounidense Eric Whitacre.<\/p>\n<ul>\n<li><a href=\"https:\/\/livres.bookelis.com\/histoire\/62238-histoire-de-voix-hebraiques.html\" target=\"_blank\" rel=\"noopener\">Pedir el libro<\/a><\/li>\n<li><a href=\"https:\/\/www.iemj.org\/es\/sabo-hector\/\" target=\"_blank\" rel=\"noopener\">M\u00e1s informaci\u00f3n sobre Hector Sabo<\/a><\/li>\n<li><a href=\"https:\/\/www.iemj.org\/categorie\/ecouter-voir\/emissions-de-radio\/emissions-hector-sabo\/\" target=\"_blank\" rel=\"noopener\">Escuchar los programas de radio Ledor vador de Hector Sabo<\/a><\/li>\n<li><a href=\"https:\/\/www.iemj.org\/es\/la-voix-dans-la-tradition-liturgique-ashkenaze-hector-sabo\/\" target=\"_blank\" rel=\"noopener\">Escuchar la conferencia de H\u00e9ctor Sabo sobre La voz en la tradici\u00f3n lit\u00fargica ashkenaz\u00ed<\/a><\/li>\n<li>Consulter les CD <a href=\"https:\/\/www.iemj.org\/es\/musiques-juives-et-hebraiques-sacrees-et-profanes-au-moyen-age-xix-et-xx-siecles\/\" target=\"_blank\" rel=\"noopener\">Musiques juives h\u00e9bra\u00efques et sacr\u00e9es et profanes au Moyen Age, XIX et XXe si\u00e8cles (M\u00fasica jud\u00eda hebraica y M\u00fasica sacra y profana en la Edad Media, Siglos XIX y XX)<\/a> et <a href=\"https:\/\/www.iemj.org\/es\/chants-et-emotions\/\" target=\"_blank\" rel=\"noopener\">Chants et Emotions (Canciones y emociones)<\/a><\/li>\n<\/ul>\n\n\n<p><\/p>\n<div class=\"speaker-mute footnotes_reference_container\"> <div class=\"footnote_container_prepare\"><p><span role=\"button\" tabindex=\"0\" class=\"footnote_reference_container_label pointer\" onclick=\"footnote_expand_collapse_reference_container_117666_1();\">&#x202F;<\/span><span role=\"button\" tabindex=\"0\" class=\"footnote_reference_container_collapse_button\" style=\"display: none;\" onclick=\"footnote_expand_collapse_reference_container_117666_1();\">[<a id=\"footnote_reference_container_collapse_button_117666_1\">+<\/a>]<\/span><\/p><\/div> <div id=\"footnote_references_container_117666_1\" style=\"\"><table class=\"footnotes_table footnote-reference-container\"><caption class=\"accessibility\">References<\/caption> <tbody> \r\n\r\n<tr class=\"footnotes_plugin_reference_row\"> <th scope=\"row\" class=\"footnote_plugin_index_combi pointer\"  onclick=\"footnote_moveToAnchor_117666_1('footnote_plugin_tooltip_117666_1_1');\"><a id=\"footnote_plugin_reference_117666_1_1\" class=\"footnote_backlink\">1<\/a><\/th> <td class=\"footnote_plugin_text\">Imagen distorsionada producida por un espejo curvo.<\/td><\/tr>\r\n\r\n<tr class=\"footnotes_plugin_reference_row\"> <th scope=\"row\" class=\"footnote_plugin_index_combi pointer\"  onclick=\"footnote_moveToAnchor_117666_1('footnote_plugin_tooltip_117666_1_2');\"><a id=\"footnote_plugin_reference_117666_1_2\" class=\"footnote_backlink\">2<\/a><\/th> <td class=\"footnote_plugin_text\">La m\u00fasica del CD <em>Juifs et trouv\u00e8res<\/em> procede de manuscritos hebreos del norte de Francia (Flandes, Picard\u00eda, Artois, Champa\u00f1a, etc.), que no contienen notaci\u00f3n musical. En dos de estos manuscritos, el copista indic\u00f3 al margen del texto el t\u00edtulo de una canci\u00f3n trouv\u00e8re a la que deb\u00eda cantarse la poes\u00eda religiosa<\/td><\/tr>\r\n\r\n <\/tbody> <\/table> <\/div><\/div><script type=\"text\/javascript\"> function footnote_expand_reference_container_117666_1() { jQuery('#footnote_references_container_117666_1').show(); jQuery('#footnote_reference_container_collapse_button_117666_1').text('\u2212'); } function footnote_collapse_reference_container_117666_1() { jQuery('#footnote_references_container_117666_1').hide(); jQuery('#footnote_reference_container_collapse_button_117666_1').text('+'); } function footnote_expand_collapse_reference_container_117666_1() { if (jQuery('#footnote_references_container_117666_1').is(':hidden')) { footnote_expand_reference_container_117666_1(); } else { footnote_collapse_reference_container_117666_1(); } } function footnote_moveToReference_117666_1(p_str_TargetID) { footnote_expand_reference_container_117666_1(); var l_obj_Target = jQuery('#' + p_str_TargetID); if (l_obj_Target.length) { jQuery( 'html, body' ).delay( 0 ); jQuery('html, body').animate({ scrollTop: l_obj_Target.offset().top - window.innerHeight * 0.2 }, 380); } } function footnote_moveToAnchor_117666_1(p_str_TargetID) { footnote_expand_reference_container_117666_1(); var l_obj_Target = jQuery('#' + p_str_TargetID); if (l_obj_Target.length) { jQuery( 'html, body' ).delay( 0 ); jQuery('html, body').animate({ scrollTop: l_obj_Target.offset().top - window.innerHeight * 0.2 }, 380); } }<\/script>","protected":false},"excerpt":{"rendered":"<p>Historias de voces hebreas Anamorfosis[1]Imagen distorsionada producida por un espejo curvo. musicales cruzadas Por Hector Sabo \u00a9 2024, Editions Musicales Sabo El compositor, m\u00fasico y director de coro Hector Sabo<\/p>\n","protected":false},"author":5,"featured_media":117644,"comment_status":"closed","ping_status":"closed","sticky":false,"template":"","format":"standard","meta":{"_acf_changed":false,"footnotes":""},"categories":[1577,1565],"tags":[],"technique":[],"squelettes":[],"sujet":[],"formation":[],"genre":[],"fonds":[],"tradition":[],"type-de-contenu":[],"interprete-compositeur":[],"frise":[],"type-devenement":[],"tableaux-liens-externes":[],"class_list":["post-117666","post","type-post","status-publish","format-standard","has-post-thumbnail","hentry","category-libros-articulos-es","category-ultimas-adquisiciones-es"],"acf":[],"yoast_head":"<!-- This site is optimized with the Yoast SEO plugin v27.3 - https:\/\/yoast.com\/product\/yoast-seo-wordpress\/ -->\n<title>Histoires de voix h\u00e9bra\u00efques - Institut Europ\u00e9en des Musiques Juives<\/title>\n<meta name=\"robots\" content=\"index, follow, max-snippet:-1, max-image-preview:large, max-video-preview:-1\" \/>\n<link rel=\"canonical\" href=\"https:\/\/www.iemj.org\/es\/histoires-de-voix-hebraiques\/\" \/>\n<meta property=\"og:locale\" content=\"es_ES\" \/>\n<meta property=\"og:type\" content=\"article\" \/>\n<meta property=\"og:title\" content=\"Histoires de voix h\u00e9bra\u00efques - Institut Europ\u00e9en des Musiques Juives\" \/>\n<meta property=\"og:description\" content=\"Historias de voces hebreas Anamorfosis[1]Imagen distorsionada producida por un espejo curvo. musicales cruzadas Por Hector Sabo \u00a9 2024, Editions Musicales Sabo El compositor, m\u00fasico y director de coro Hector Sabo\" \/>\n<meta property=\"og:url\" content=\"https:\/\/www.iemj.org\/es\/histoires-de-voix-hebraiques\/\" \/>\n<meta property=\"og:site_name\" content=\"Institut Europ\u00e9en des Musiques Juives\" \/>\n<meta property=\"article:publisher\" content=\"https:\/\/www.facebook.com\/MusiquesJuives\/\" \/>\n<meta property=\"article:published_time\" content=\"2025-02-05T14:37:20+00:00\" \/>\n<meta property=\"article:modified_time\" content=\"2025-02-06T15:56:48+00:00\" \/>\n<meta property=\"og:image\" content=\"https:\/\/www.iemj.org\/wp-content\/uploads\/2025\/02\/COUV-Livre-Sabo.png\" \/>\n\t<meta property=\"og:image:width\" content=\"540\" \/>\n\t<meta property=\"og:image:height\" content=\"765\" \/>\n\t<meta property=\"og:image:type\" content=\"image\/png\" \/>\n<meta name=\"author\" content=\"Jacqueline ROTEN\" \/>\n<meta name=\"twitter:card\" content=\"summary_large_image\" \/>\n<meta name=\"twitter:label1\" content=\"Escrito por\" \/>\n\t<meta name=\"twitter:data1\" content=\"Jacqueline ROTEN\" \/>\n\t<meta name=\"twitter:label2\" content=\"Tiempo de lectura\" \/>\n\t<meta name=\"twitter:data2\" content=\"4 minutos\" \/>\n<script type=\"application\/ld+json\" class=\"yoast-schema-graph\">{\"@context\":\"https:\\\/\\\/schema.org\",\"@graph\":[{\"@type\":\"Article\",\"@id\":\"https:\\\/\\\/www.iemj.org\\\/es\\\/histoires-de-voix-hebraiques\\\/#article\",\"isPartOf\":{\"@id\":\"https:\\\/\\\/www.iemj.org\\\/es\\\/histoires-de-voix-hebraiques\\\/\"},\"author\":{\"name\":\"Jacqueline ROTEN\",\"@id\":\"https:\\\/\\\/www.iemj.org\\\/es\\\/#\\\/schema\\\/person\\\/358e26c18aca017fcc4cc15437f7279c\"},\"headline\":\"Histoires de voix h\u00e9bra\u00efques\",\"datePublished\":\"2025-02-05T14:37:20+00:00\",\"dateModified\":\"2025-02-06T15:56:48+00:00\",\"mainEntityOfPage\":{\"@id\":\"https:\\\/\\\/www.iemj.org\\\/es\\\/histoires-de-voix-hebraiques\\\/\"},\"wordCount\":794,\"publisher\":{\"@id\":\"https:\\\/\\\/www.iemj.org\\\/es\\\/#organization\"},\"image\":{\"@id\":\"https:\\\/\\\/www.iemj.org\\\/es\\\/histoires-de-voix-hebraiques\\\/#primaryimage\"},\"thumbnailUrl\":\"https:\\\/\\\/www.iemj.org\\\/wp-content\\\/uploads\\\/2025\\\/02\\\/COUV-Livre-Sabo.png\",\"articleSection\":[\"Libros, art\u00edculos\",\"\u00daltimas adquisiciones\"],\"inLanguage\":\"es\"},{\"@type\":\"WebPage\",\"@id\":\"https:\\\/\\\/www.iemj.org\\\/es\\\/histoires-de-voix-hebraiques\\\/\",\"url\":\"https:\\\/\\\/www.iemj.org\\\/es\\\/histoires-de-voix-hebraiques\\\/\",\"name\":\"Histoires de voix h\u00e9bra\u00efques - Institut Europ\u00e9en des Musiques Juives\",\"isPartOf\":{\"@id\":\"https:\\\/\\\/www.iemj.org\\\/es\\\/#website\"},\"primaryImageOfPage\":{\"@id\":\"https:\\\/\\\/www.iemj.org\\\/es\\\/histoires-de-voix-hebraiques\\\/#primaryimage\"},\"image\":{\"@id\":\"https:\\\/\\\/www.iemj.org\\\/es\\\/histoires-de-voix-hebraiques\\\/#primaryimage\"},\"thumbnailUrl\":\"https:\\\/\\\/www.iemj.org\\\/wp-content\\\/uploads\\\/2025\\\/02\\\/COUV-Livre-Sabo.png\",\"datePublished\":\"2025-02-05T14:37:20+00:00\",\"dateModified\":\"2025-02-06T15:56:48+00:00\",\"breadcrumb\":{\"@id\":\"https:\\\/\\\/www.iemj.org\\\/es\\\/histoires-de-voix-hebraiques\\\/#breadcrumb\"},\"inLanguage\":\"es\",\"potentialAction\":[{\"@type\":\"ReadAction\",\"target\":[\"https:\\\/\\\/www.iemj.org\\\/es\\\/histoires-de-voix-hebraiques\\\/\"]}]},{\"@type\":\"ImageObject\",\"inLanguage\":\"es\",\"@id\":\"https:\\\/\\\/www.iemj.org\\\/es\\\/histoires-de-voix-hebraiques\\\/#primaryimage\",\"url\":\"https:\\\/\\\/www.iemj.org\\\/wp-content\\\/uploads\\\/2025\\\/02\\\/COUV-Livre-Sabo.png\",\"contentUrl\":\"https:\\\/\\\/www.iemj.org\\\/wp-content\\\/uploads\\\/2025\\\/02\\\/COUV-Livre-Sabo.png\",\"width\":540,\"height\":765},{\"@type\":\"BreadcrumbList\",\"@id\":\"https:\\\/\\\/www.iemj.org\\\/es\\\/histoires-de-voix-hebraiques\\\/#breadcrumb\",\"itemListElement\":[{\"@type\":\"ListItem\",\"position\":1,\"name\":\"Accueil\",\"item\":\"https:\\\/\\\/www.iemj.org\\\/es\\\/\"},{\"@type\":\"ListItem\",\"position\":2,\"name\":\"Histoires de voix h\u00e9bra\u00efques\"}]},{\"@type\":\"WebSite\",\"@id\":\"https:\\\/\\\/www.iemj.org\\\/es\\\/#website\",\"url\":\"https:\\\/\\\/www.iemj.org\\\/es\\\/\",\"name\":\"Institut Europ\u00e9en des Musiques Juives\",\"description\":\"Des traditions musicales \u00e0 la port\u00e9e de tous\",\"publisher\":{\"@id\":\"https:\\\/\\\/www.iemj.org\\\/es\\\/#organization\"},\"potentialAction\":[{\"@type\":\"SearchAction\",\"target\":{\"@type\":\"EntryPoint\",\"urlTemplate\":\"https:\\\/\\\/www.iemj.org\\\/es\\\/?s={search_term_string}\"},\"query-input\":{\"@type\":\"PropertyValueSpecification\",\"valueRequired\":true,\"valueName\":\"search_term_string\"}}],\"inLanguage\":\"es\"},{\"@type\":\"Organization\",\"@id\":\"https:\\\/\\\/www.iemj.org\\\/es\\\/#organization\",\"name\":\"Institut Europ\u00e9en des Musiques Juives\",\"url\":\"https:\\\/\\\/www.iemj.org\\\/es\\\/\",\"logo\":{\"@type\":\"ImageObject\",\"inLanguage\":\"es\",\"@id\":\"https:\\\/\\\/www.iemj.org\\\/es\\\/#\\\/schema\\\/logo\\\/image\\\/\",\"url\":\"https:\\\/\\\/www.iemj.org\\\/wp-content\\\/uploads\\\/2021\\\/09\\\/Logo-IEMJ-Paypal.jpg\",\"contentUrl\":\"https:\\\/\\\/www.iemj.org\\\/wp-content\\\/uploads\\\/2021\\\/09\\\/Logo-IEMJ-Paypal.jpg\",\"width\":150,\"height\":50,\"caption\":\"Institut Europ\u00e9en des Musiques Juives\"},\"image\":{\"@id\":\"https:\\\/\\\/www.iemj.org\\\/es\\\/#\\\/schema\\\/logo\\\/image\\\/\"},\"sameAs\":[\"https:\\\/\\\/www.facebook.com\\\/MusiquesJuives\\\/\",\"https:\\\/\\\/www.instagram.com\\\/musiquesjuives\\\/\",\"https:\\\/\\\/www.youtube.com\\\/user\\\/musiquesjuives\"]},{\"@type\":\"Person\",\"@id\":\"https:\\\/\\\/www.iemj.org\\\/es\\\/#\\\/schema\\\/person\\\/358e26c18aca017fcc4cc15437f7279c\",\"name\":\"Jacqueline ROTEN\",\"image\":{\"@type\":\"ImageObject\",\"inLanguage\":\"es\",\"@id\":\"https:\\\/\\\/secure.gravatar.com\\\/avatar\\\/5964256d6c6957de3a3505278957e0fb2a35119ac47ea41827a65301213c810b?s=96&d=mm&r=g\",\"url\":\"https:\\\/\\\/secure.gravatar.com\\\/avatar\\\/5964256d6c6957de3a3505278957e0fb2a35119ac47ea41827a65301213c810b?s=96&d=mm&r=g\",\"contentUrl\":\"https:\\\/\\\/secure.gravatar.com\\\/avatar\\\/5964256d6c6957de3a3505278957e0fb2a35119ac47ea41827a65301213c810b?s=96&d=mm&r=g\",\"caption\":\"Jacqueline ROTEN\"}}]}<\/script>\n<!-- \/ Yoast SEO plugin. -->","yoast_head_json":{"title":"Histoires de voix h\u00e9bra\u00efques - Institut Europ\u00e9en des Musiques Juives","robots":{"index":"index","follow":"follow","max-snippet":"max-snippet:-1","max-image-preview":"max-image-preview:large","max-video-preview":"max-video-preview:-1"},"canonical":"https:\/\/www.iemj.org\/es\/histoires-de-voix-hebraiques\/","og_locale":"es_ES","og_type":"article","og_title":"Histoires de voix h\u00e9bra\u00efques - Institut Europ\u00e9en des Musiques Juives","og_description":"Historias de voces hebreas Anamorfosis[1]Imagen distorsionada producida por un espejo curvo. musicales cruzadas Por Hector Sabo \u00a9 2024, Editions Musicales Sabo El compositor, m\u00fasico y director de coro Hector Sabo","og_url":"https:\/\/www.iemj.org\/es\/histoires-de-voix-hebraiques\/","og_site_name":"Institut Europ\u00e9en des Musiques Juives","article_publisher":"https:\/\/www.facebook.com\/MusiquesJuives\/","article_published_time":"2025-02-05T14:37:20+00:00","article_modified_time":"2025-02-06T15:56:48+00:00","og_image":[{"width":540,"height":765,"url":"https:\/\/www.iemj.org\/wp-content\/uploads\/2025\/02\/COUV-Livre-Sabo.png","type":"image\/png"}],"author":"Jacqueline ROTEN","twitter_card":"summary_large_image","twitter_misc":{"Escrito por":"Jacqueline ROTEN","Tiempo de lectura":"4 minutos"},"schema":{"@context":"https:\/\/schema.org","@graph":[{"@type":"Article","@id":"https:\/\/www.iemj.org\/es\/histoires-de-voix-hebraiques\/#article","isPartOf":{"@id":"https:\/\/www.iemj.org\/es\/histoires-de-voix-hebraiques\/"},"author":{"name":"Jacqueline ROTEN","@id":"https:\/\/www.iemj.org\/es\/#\/schema\/person\/358e26c18aca017fcc4cc15437f7279c"},"headline":"Histoires de voix h\u00e9bra\u00efques","datePublished":"2025-02-05T14:37:20+00:00","dateModified":"2025-02-06T15:56:48+00:00","mainEntityOfPage":{"@id":"https:\/\/www.iemj.org\/es\/histoires-de-voix-hebraiques\/"},"wordCount":794,"publisher":{"@id":"https:\/\/www.iemj.org\/es\/#organization"},"image":{"@id":"https:\/\/www.iemj.org\/es\/histoires-de-voix-hebraiques\/#primaryimage"},"thumbnailUrl":"https:\/\/www.iemj.org\/wp-content\/uploads\/2025\/02\/COUV-Livre-Sabo.png","articleSection":["Libros, art\u00edculos","\u00daltimas adquisiciones"],"inLanguage":"es"},{"@type":"WebPage","@id":"https:\/\/www.iemj.org\/es\/histoires-de-voix-hebraiques\/","url":"https:\/\/www.iemj.org\/es\/histoires-de-voix-hebraiques\/","name":"Histoires de voix h\u00e9bra\u00efques - Institut Europ\u00e9en des Musiques Juives","isPartOf":{"@id":"https:\/\/www.iemj.org\/es\/#website"},"primaryImageOfPage":{"@id":"https:\/\/www.iemj.org\/es\/histoires-de-voix-hebraiques\/#primaryimage"},"image":{"@id":"https:\/\/www.iemj.org\/es\/histoires-de-voix-hebraiques\/#primaryimage"},"thumbnailUrl":"https:\/\/www.iemj.org\/wp-content\/uploads\/2025\/02\/COUV-Livre-Sabo.png","datePublished":"2025-02-05T14:37:20+00:00","dateModified":"2025-02-06T15:56:48+00:00","breadcrumb":{"@id":"https:\/\/www.iemj.org\/es\/histoires-de-voix-hebraiques\/#breadcrumb"},"inLanguage":"es","potentialAction":[{"@type":"ReadAction","target":["https:\/\/www.iemj.org\/es\/histoires-de-voix-hebraiques\/"]}]},{"@type":"ImageObject","inLanguage":"es","@id":"https:\/\/www.iemj.org\/es\/histoires-de-voix-hebraiques\/#primaryimage","url":"https:\/\/www.iemj.org\/wp-content\/uploads\/2025\/02\/COUV-Livre-Sabo.png","contentUrl":"https:\/\/www.iemj.org\/wp-content\/uploads\/2025\/02\/COUV-Livre-Sabo.png","width":540,"height":765},{"@type":"BreadcrumbList","@id":"https:\/\/www.iemj.org\/es\/histoires-de-voix-hebraiques\/#breadcrumb","itemListElement":[{"@type":"ListItem","position":1,"name":"Accueil","item":"https:\/\/www.iemj.org\/es\/"},{"@type":"ListItem","position":2,"name":"Histoires de voix h\u00e9bra\u00efques"}]},{"@type":"WebSite","@id":"https:\/\/www.iemj.org\/es\/#website","url":"https:\/\/www.iemj.org\/es\/","name":"Institut Europ\u00e9en des Musiques Juives","description":"Des traditions musicales \u00e0 la port\u00e9e de tous","publisher":{"@id":"https:\/\/www.iemj.org\/es\/#organization"},"potentialAction":[{"@type":"SearchAction","target":{"@type":"EntryPoint","urlTemplate":"https:\/\/www.iemj.org\/es\/?s={search_term_string}"},"query-input":{"@type":"PropertyValueSpecification","valueRequired":true,"valueName":"search_term_string"}}],"inLanguage":"es"},{"@type":"Organization","@id":"https:\/\/www.iemj.org\/es\/#organization","name":"Institut Europ\u00e9en des Musiques Juives","url":"https:\/\/www.iemj.org\/es\/","logo":{"@type":"ImageObject","inLanguage":"es","@id":"https:\/\/www.iemj.org\/es\/#\/schema\/logo\/image\/","url":"https:\/\/www.iemj.org\/wp-content\/uploads\/2021\/09\/Logo-IEMJ-Paypal.jpg","contentUrl":"https:\/\/www.iemj.org\/wp-content\/uploads\/2021\/09\/Logo-IEMJ-Paypal.jpg","width":150,"height":50,"caption":"Institut Europ\u00e9en des Musiques Juives"},"image":{"@id":"https:\/\/www.iemj.org\/es\/#\/schema\/logo\/image\/"},"sameAs":["https:\/\/www.facebook.com\/MusiquesJuives\/","https:\/\/www.instagram.com\/musiquesjuives\/","https:\/\/www.youtube.com\/user\/musiquesjuives"]},{"@type":"Person","@id":"https:\/\/www.iemj.org\/es\/#\/schema\/person\/358e26c18aca017fcc4cc15437f7279c","name":"Jacqueline ROTEN","image":{"@type":"ImageObject","inLanguage":"es","@id":"https:\/\/secure.gravatar.com\/avatar\/5964256d6c6957de3a3505278957e0fb2a35119ac47ea41827a65301213c810b?s=96&d=mm&r=g","url":"https:\/\/secure.gravatar.com\/avatar\/5964256d6c6957de3a3505278957e0fb2a35119ac47ea41827a65301213c810b?s=96&d=mm&r=g","contentUrl":"https:\/\/secure.gravatar.com\/avatar\/5964256d6c6957de3a3505278957e0fb2a35119ac47ea41827a65301213c810b?s=96&d=mm&r=g","caption":"Jacqueline ROTEN"}}]}},"_links":{"self":[{"href":"https:\/\/www.iemj.org\/es\/wp-json\/wp\/v2\/posts\/117666","targetHints":{"allow":["GET"]}}],"collection":[{"href":"https:\/\/www.iemj.org\/es\/wp-json\/wp\/v2\/posts"}],"about":[{"href":"https:\/\/www.iemj.org\/es\/wp-json\/wp\/v2\/types\/post"}],"author":[{"embeddable":true,"href":"https:\/\/www.iemj.org\/es\/wp-json\/wp\/v2\/users\/5"}],"replies":[{"embeddable":true,"href":"https:\/\/www.iemj.org\/es\/wp-json\/wp\/v2\/comments?post=117666"}],"version-history":[{"count":0,"href":"https:\/\/www.iemj.org\/es\/wp-json\/wp\/v2\/posts\/117666\/revisions"}],"wp:featuredmedia":[{"embeddable":true,"href":"https:\/\/www.iemj.org\/es\/wp-json\/wp\/v2\/media\/117644"}],"wp:attachment":[{"href":"https:\/\/www.iemj.org\/es\/wp-json\/wp\/v2\/media?parent=117666"}],"wp:term":[{"taxonomy":"category","embeddable":true,"href":"https:\/\/www.iemj.org\/es\/wp-json\/wp\/v2\/categories?post=117666"},{"taxonomy":"post_tag","embeddable":true,"href":"https:\/\/www.iemj.org\/es\/wp-json\/wp\/v2\/tags?post=117666"},{"taxonomy":"technique","embeddable":true,"href":"https:\/\/www.iemj.org\/es\/wp-json\/wp\/v2\/technique?post=117666"},{"taxonomy":"squelettes","embeddable":true,"href":"https:\/\/www.iemj.org\/es\/wp-json\/wp\/v2\/squelettes?post=117666"},{"taxonomy":"sujet","embeddable":true,"href":"https:\/\/www.iemj.org\/es\/wp-json\/wp\/v2\/sujet?post=117666"},{"taxonomy":"formation","embeddable":true,"href":"https:\/\/www.iemj.org\/es\/wp-json\/wp\/v2\/formation?post=117666"},{"taxonomy":"genre","embeddable":true,"href":"https:\/\/www.iemj.org\/es\/wp-json\/wp\/v2\/genre?post=117666"},{"taxonomy":"fonds","embeddable":true,"href":"https:\/\/www.iemj.org\/es\/wp-json\/wp\/v2\/fonds?post=117666"},{"taxonomy":"tradition","embeddable":true,"href":"https:\/\/www.iemj.org\/es\/wp-json\/wp\/v2\/tradition?post=117666"},{"taxonomy":"type-de-contenu","embeddable":true,"href":"https:\/\/www.iemj.org\/es\/wp-json\/wp\/v2\/type-de-contenu?post=117666"},{"taxonomy":"interprete-compositeur","embeddable":true,"href":"https:\/\/www.iemj.org\/es\/wp-json\/wp\/v2\/interprete-compositeur?post=117666"},{"taxonomy":"frise","embeddable":true,"href":"https:\/\/www.iemj.org\/es\/wp-json\/wp\/v2\/frise?post=117666"},{"taxonomy":"type-devenement","embeddable":true,"href":"https:\/\/www.iemj.org\/es\/wp-json\/wp\/v2\/type-devenement?post=117666"},{"taxonomy":"tableaux-liens-externes","embeddable":true,"href":"https:\/\/www.iemj.org\/es\/wp-json\/wp\/v2\/tableaux-liens-externes?post=117666"}],"curies":[{"name":"wp","href":"https:\/\/api.w.org\/{rel}","templated":true}]}}