{"id":118163,"date":"2025-02-27T17:57:14","date_gmt":"2025-02-27T16:57:14","guid":{"rendered":"https:\/\/www.iemj.org\/leopold-kleinman-kozlowski-1918-2019-le-dernier-musicien-klezmer-de-galicie-et-son-oeuvre\/"},"modified":"2025-03-04T17:05:42","modified_gmt":"2025-03-04T16:05:42","slug":"leopold-kleinman-kozlowski-1918-2019-le-dernier-musicien-klezmer-de-galicie-et-son-oeuvre","status":"publish","type":"post","link":"https:\/\/www.iemj.org\/es\/leopold-kleinman-kozlowski-1918-2019-le-dernier-musicien-klezmer-de-galicie-et-son-oeuvre\/","title":{"rendered":"Leopold Kleinman-Koz\u0142owski (1918-2019) &#8211; El \u00faltimo m\u00fasico klezmer de Galicia"},"content":{"rendered":"<p><!--more-->El 13 de junio de 2024, Marta Koz\u0142owska-Wo\u017aniak, hija del \u00faltimo m\u00fasico klezmer gallego, confi\u00f3 la colecci\u00f3n de m\u00fasica Leopold Kleinman-Koz\u0142owski al Instituto de Musicolog\u00eda de la Universidad Jagell\u00f3nica (Cracovia, Polonia). La colecci\u00f3n se compone de 621 documentos, entre ellos numerosas partituras manuscritas, textos de canciones y grabaciones de audio y v\u00eddeo.<\/p>\n<p>entonces una ciudad del distrito de Lvov bajo la Segunda Rep\u00fablica Polaca, actualmente en Ucrania. Su abuelo, Pesach Brandwein, dirig\u00eda la orquesta klezmer local <em>kapelye<\/em> en Przemy\u015blany. Tuvo 14 hijos, 12 de los cuales tocaron en su orquesta. Entre ellos estaba <a href=\"https:\/\/www.iemj.org\/es\/brandwein-naftule-1889-1963\/\" target=\"_blank\" rel=\"noopener\">Naftule Brandwein<\/a>, clarinetista que se hizo famoso en Estados Unidos. Pero fue Herman Kleinman, padre de Leopold y violinista, quien sucedi\u00f3 a Pesach Brandwein al frente de la orquesta klezmer. Actuaba con Sale Sekler (segundo viol\u00edn), Dudziu Brandwein (bajo), Antschel Klarnetist (clarinete), Shie Tsimbler (dulc\u00e9mele) y Hershele Dudlsack (bater\u00eda y bailarina). De los miembros del grupo, s\u00f3lo Herman Kleinman y Sale Sekler, cu\u00f1ado de Herman, sab\u00edan leer m\u00fasica, los dem\u00e1s no hab\u00edan recibido educaci\u00f3n musical. Todos los miembros del grupo ten\u00edan una profesi\u00f3n: Herman y Sale eran peluqueros, Antschel y Shie eran sastres. S\u00f3lo \u00abDudzio\u00bb Brandwein se ganaba la vida con la m\u00fasica, dirigiendo su propia escuela de baile en Przemy\u015blany. Los entrenamientos del grupo, a los que asist\u00eda el joven Leopold, ten\u00edan lugar en casa de Herman Kleinman.<\/p>\n<figure id=\"attachment_118127\" aria-describedby=\"caption-attachment-118127\" style=\"width: 300px\" class=\"wp-caption alignright\"><img fetchpriority=\"high\" decoding=\"async\" class=\"wp-image-118127 size-medium\" src=\"https:\/\/www.iemj.org\/wp-content\/uploads\/2025\/02\/Image1-300x224.jpg\" alt=\"\" width=\"300\" height=\"224\" srcset=\"https:\/\/www.iemj.org\/wp-content\/uploads\/2025\/02\/Image1-300x224.jpg 300w, https:\/\/www.iemj.org\/wp-content\/uploads\/2025\/02\/Image1.jpg 396w\" sizes=\"(max-width: 300px) 100vw, 300px\" \/><figcaption id=\"caption-attachment-118127\" class=\"wp-caption-text\"><strong>Adolf, Leopold and Herman Kleinman (ca. 1930) Source: Yale Strom, The Book of Klezmer, A Cappella Books 2002.<\/strong><\/figcaption><\/figure>\n<p>De ni\u00f1o, a Leopold le fascinaba el sonido del dulcimer y recibi\u00f3 clases de Shie Tsimbler en su sastrer\u00eda. A los 6 a\u00f1os, comenz\u00f3 sus verdaderas clases de piano. Su primera profesora fue una ucraniana de Przemy\u015blany, la se\u00f1ora Hawronowa. Las clases ten\u00edan lugar en su casa, probablemente el \u00fanico lugar donde pod\u00eda practicar el piano en aquella \u00e9poca. No tuvo su propio instrumento hasta 1937, un a\u00f1o despu\u00e9s de que su padre regresara de emigrar a Argentina durante tres a\u00f1os por motivos econ\u00f3micos. Seg\u00fan su autobiograf\u00eda, fue tambi\u00e9n en 1937 cuando empez\u00f3 a tomar clases de piano con el profesor Tadeusz Majerski en el Conservatorio de la Sociedad Musical Polaca de Lvov.<\/p>\n<p>De adolescente, L\u00e9opold se familiariz\u00f3 con los diferentes tipos de m\u00fasica que le rodeaban, en particular la de una comunidad gitana instalada temporalmente en su ciudad natal. En lugar de ir a la escuela, se acostumbr\u00f3 a ir a su campamento. M\u00e1s tarde, tras una breve relaci\u00f3n amorosa con una se\u00f1ora de la limpieza ucraniana, se interes\u00f3 por las canciones populares ucranianas. Tambi\u00e9n le gusta escuchar la radio y el repertorio popular que emite, que a veces interpreta en el campo gallego en verano. Tambi\u00e9n toca con sus amigos en la orquesta de la escuela. En 1937, su padre le invit\u00f3 a actuar con su orquesta klezmer en bodas. Como acordeonista, sustituy\u00f3 al dulcimerista Shie Tsimbler, que se jubilaba. Ya compon\u00eda algunas melod\u00edas e interpretaba un repertorio patri\u00f3tico con su padre y su hermano en las celebraciones oficiales de las fiestas nacionales polacas.<\/p>\n<p><img decoding=\"async\" class=\"alignleft wp-image-118177 size-medium\" src=\"https:\/\/www.iemj.org\/wp-content\/uploads\/2025\/02\/Image5-1-300x203.jpg\" alt=\"\" width=\"300\" height=\"203\" srcset=\"https:\/\/www.iemj.org\/wp-content\/uploads\/2025\/02\/Image5-1-300x203.jpg 300w, https:\/\/www.iemj.org\/wp-content\/uploads\/2025\/02\/Image5-1.jpg 499w\" sizes=\"(max-width: 300px) 100vw, 300px\" \/><\/p>\n<p>Gracias a estas diversas actividades musicales, Leopold Koz\u0142owski adquiri\u00f3 un profundo conocimiento de la m\u00fasica que se tocaba en Galicia, una regi\u00f3n habitada por una sociedad multi\u00e9tnica, multirreligiosa y multicultural. Ir\u00f3nicamente y como era de esperar, parece que el repertorio tradicional de la banda de <em>kapelye<\/em> de su padre era el que menos interesaba al joven, ya que los jud\u00edos gallegos de la \u00e9poca no lo apreciaban. Koz\u0142owski recuerda que \u00ab\u00a1los invitados [a las bodas] se acercaban a Herman Kleinman y le ped\u00edan que tocara un tango o una canci\u00f3n concreta emitida por Radio Lvov!\u00bb. Era todo un reto para la orquesta. Los m\u00fasicos ten\u00edan que saberlo todo, y si no lo sab\u00edan, lo \u00fanico que ten\u00eda que hacer el invitado era tararear la melod\u00eda, los m\u00fasicos ajustaban la tonalidad y la m\u00fasica estaba lista para ser bailada\u00bb (Cygan, p. 58). Seg\u00fan Koz\u0142owski, \u00abal principio del banquete nupcial, hombres y mujeres bailaban por separado, como dictaba la tradici\u00f3n\u00bb. Sin embargo, \u00abpoco despu\u00e9s bailaban juntos\u00bb (Cygan, p. 58).<\/p>\n<p>En el repertorio tradicional de las bodas en v\u00edsperas de la Segunda Guerra Mundial, destacan t\u00edtulos de canciones populares en yiddish de finales del siglo XIX y principios del XX, como \u00abRozhinkes mit mandlen\u00bb, \u00abVu bistu geven?\u00bb o \u00abDi mizinke oysgebn\u00bb, interpretadas en teatros y compuestas por autores tan conocidos como Abraham Goldfaden, Zusman Segalovich y Mark Warshawski. As\u00ed, las melod\u00edas \u00abtradicionales\u00bb enumeradas por Koz\u0142owski parecen m\u00e1s bien contempor\u00e1neas.<\/p>\n<p><img decoding=\"async\" class=\"size-full wp-image-118132 alignright\" src=\"https:\/\/www.iemj.org\/wp-content\/uploads\/2025\/02\/Image2.jpg\" alt=\"\" width=\"278\" height=\"185\" \/>Como escribe Walter Zev Feldman en su art\u00edculo sobre los klezmers gallegos de antes de la guerra, su popularidad en realidad disminuy\u00f3 desde principios del siglo XX. El periodo de entreguerras no fue m\u00e1s que el canto del cisne de los grupos klezmer. Fueron sustituidos entonces por sociedades musicales jud\u00edas modernas (Jakubczyk-\u015al\u0119czka 2020), as\u00ed como por compositores e int\u00e9rpretes de renombre, que eran numerosos en la escena de la m\u00fasica popular polaca de la \u00e9poca (Gli\u0144ski 2014; Zimek, Jankowski 2019). En este contexto, Koz\u0142owski emerge como uno de los \u00faltimos testigos cercanos de la vida musical jud\u00eda tradicional.<\/p>\n<h3><strong>La m\u00fasica klezmer en la \u00e9poca de Leopold Koz\u0142owski<\/strong><\/h3>\n<p>El padre de Leopold sol\u00eda decir a los miembros de su banda: \u00abUn m\u00fasico klezmer debe ser capaz de tocar de todo. No por dinero, sino por su propia ambici\u00f3n. Y para la gente que lo necesita\u00bb (Cygan, p. 86). As\u00ed, cuando Leopold decide ser m\u00fasico, justifica su decisi\u00f3n diciendo que lo hace \u00abpor este nuevo p\u00fablico que tambi\u00e9n necesita m\u00fasica\u00bb (Cygan, p. 86). En sus propias palabras, tambi\u00e9n \u00abintent\u00f3 mantener el fondo y la forma\u00bb de la m\u00fasica jud\u00eda tradicional (Cygan, p. 152). As\u00ed, incluso sin conservar todas las antiguas melod\u00edas klezmer, intent\u00f3 mantener su funci\u00f3n social.<\/p>\n<p>El \u00abnuevo p\u00fablico\u00bb mencionado en su biograf\u00eda no era otro que los rusos que tomaron Przemy\u015blany el 19 de septiembre de 1939, el decimonoveno d\u00eda de la Segunda Guerra Mundial y s\u00f3lo dos d\u00edas despu\u00e9s de que la URSS atacara Polonia por el este. Tocando para ellos, ampli\u00f3 su repertorio para incluir m\u00fasica sovi\u00e9tica. En 1941, la ciudad fue tomada por los alemanes. El padre de Leopold, su hermano peque\u00f1o y \u00e9l mismo decidieron huir de Przemy\u015blany. Rumbo al este y sin esperanzas de que su situaci\u00f3n mejorara, decidieron volver con la madre de Leopold. Desgraciadamente, en noviembre de 1941, los nazis ordenaron a todos los varones jud\u00edos mayores de 16 a\u00f1os que se reunieran en el centro de la ciudad. Fue la \u00faltima vez que vio a su padre.<\/p>\n<figure id=\"attachment_118182\" aria-describedby=\"caption-attachment-118182\" style=\"width: 300px\" class=\"wp-caption alignleft\"><img loading=\"lazy\" decoding=\"async\" class=\"size-medium wp-image-118182\" src=\"https:\/\/www.iemj.org\/wp-content\/uploads\/2025\/02\/LKK_5_Kozlowski-avec-son-frere-a-Przemyslany-300x223.jpg\" alt=\"\" width=\"300\" height=\"223\" srcset=\"https:\/\/www.iemj.org\/wp-content\/uploads\/2025\/02\/LKK_5_Kozlowski-avec-son-frere-a-Przemyslany-300x223.jpg 300w, https:\/\/www.iemj.org\/wp-content\/uploads\/2025\/02\/LKK_5_Kozlowski-avec-son-frere-a-Przemyslany.jpg 600w\" sizes=\"(max-width: 300px) 100vw, 300px\" \/><figcaption id=\"caption-attachment-118182\" class=\"wp-caption-text\"><strong>Koz\u0142owski con su hermano en Przemy\u015blany<\/strong><\/figcaption><\/figure>\n<p>En 1943, Koz\u0142owski es obligado a tocar el acorde\u00f3n en el campo de trabajo nazi de Jaktor\u00f3w. Esto salvar\u00e1 la vida de su familia cuando los nazis decidan liquidar el gueto de Przemy\u015blany, ya que Leopold podr\u00e1 solicitar su traslado al campo. All\u00ed volvi\u00f3 a tocar m\u00fasica popular para los alemanes que estaban de fiesta, as\u00ed como marchas militares alemanas para los prisioneros que iban a trabajar fuera del campo o regresaban de \u00e9l. Hizo lo mismo en el siguiente campo de trabajo, en Kurowice, hasta que los nazis decidieron cerrarlo en julio de 1943. En ese momento, Leopold rescat\u00f3 a su madre, a su hermano y a s\u00ed mismo con la ayuda de partisanos polacos. \u00c9l y Dolko se unieron a ellos en los bosques cercanos. Escondieron a su madre en el granero de un granjero ucraniano, pero al d\u00eda siguiente la encontraron muerta, asesinada por soldados nazis que peinaban la regi\u00f3n. En 1944, Dolko tambi\u00e9n fue asesinado por el Ej\u00e9rcito Insurgente Ucraniano, que estaba llevando a cabo una limpieza \u00e9tnica en Galitzia Oriental.<\/p>\n<p>Tras perder a su familia, L\u00e9opold se encontr\u00f3 solo con sus amigos en la 1\u00aa Compa\u00f1\u00eda del 44\u00ba Regimiento de Infanter\u00eda. Incluso despu\u00e9s de la guerra, decidi\u00f3 seguir siendo soldado. Entre 1945 y 1946 se traslad\u00f3 a Cracovia, donde en 1947 cre\u00f3 una banda de m\u00fasica militar. Comenz\u00f3 con una orquesta de 12 m\u00fasicos y un coro, pero desarroll\u00f3 estos conjuntos hasta convertirlos en una orquesta sinf\u00f3nica completa, un coro de 50 m\u00fasicos y 8 parejas de baile, que ganaron el Concurso Polaco de Bandas Militares en 1953. En 1956 se gradu\u00f3 en la Academia de M\u00fasica de Cracovia y se convirti\u00f3 oficialmente en director profesional. Como arreglista y compositor de m\u00fasica militar y director de bandas militares, cosech\u00f3 numerosos \u00e9xitos. En 1967 fue nombrado director del Festival de M\u00fasica Militar de Ko\u0142obrzeg. Pero no por mucho tiempo. En marzo de 1968, la crisis pol\u00edtica de Polonia lleg\u00f3 al punto culminante y desemboc\u00f3 en una campa\u00f1a antisemita. El acoso pol\u00edtico y social a los jud\u00edos polacos oblig\u00f3 a la mayor\u00eda de ellos a emigrar. Para Leopold, esto signific\u00f3 el final de su carrera militar.<\/p>\n<p>A pesar de la adversidad, decidi\u00f3 quedarse en Polonia. En 1969, sus amigos le ofrecieron un trabajo como asesor del conjunto de canto y baile \u00abRzeszowiacy\u00bb de Mielec. Pero, una vez m\u00e1s, hizo m\u00e1s de lo que le ped\u00edan. Cre\u00f3 una gran orquesta en Mielec y luego en Krosno. En los a\u00f1os setenta, <img loading=\"lazy\" decoding=\"async\" class=\"size-medium wp-image-118137 alignright\" src=\"https:\/\/www.iemj.org\/wp-content\/uploads\/2025\/02\/Image3-300x212.jpg\" alt=\"\" width=\"300\" height=\"212\" srcset=\"https:\/\/www.iemj.org\/wp-content\/uploads\/2025\/02\/Image3-300x212.jpg 300w, https:\/\/www.iemj.org\/wp-content\/uploads\/2025\/02\/Image3.jpg 500w\" sizes=\"(max-width: 300px) 100vw, 300px\" \/>empez\u00f3 a colaborar con el Teatro Jud\u00edo de Varsovia, para el que prepar\u00f3 un <span style=\"background-color: var(--bs-body-bg); color: var(--bs-body-color); font-family: var(--bs-body-font-family); font-size: revert; font-weight: var(--bs-body-font-weight); text-align: var(--bs-body-text-align);\">arreglo del musical \u00abEl violinista en el tejado\u00bb y otros arreglos musicales para obras de teatro representadas all\u00ed. Tambi\u00e9n trabaja para la industria cinematogr\u00e1fica. Coproduce la m\u00fasica de pel\u00edculas de tem\u00e1tica jud\u00eda como \u00abAusteria\u00bb (1982) y \u00abLa lista de Schindler\u00bb (1993), as\u00ed como la m\u00fasica de varias pel\u00edculas ambientadas en Polonia. Durante este periodo, tambi\u00e9n se convirti\u00f3 en un reconocido especialista en m\u00fasica roman\u00ed. Es director del conjunto de canto y danza roman\u00ed. El conjunto viaj\u00f3 por Europa Occidental y Am\u00e9rica, ofreciendo numerosas actuaciones. Con el tiempo, Koz\u0142owski llam\u00f3 la atenci\u00f3n de los entusiastas estadounidenses del renacimiento klezmer, que le animaron a concentrarse en su herencia musical nativa. A punto de cambiar la situaci\u00f3n pol\u00edtica de Polonia en la d\u00e9cada de 1980, por fin pudo trabajar en la m\u00fasica jud\u00eda sin interrupciones ni restricciones.<\/span><\/p>\n<h3><strong>Su repertorio<\/strong><\/h3>\n<p>Leopold nunca dej\u00f3 de ser un m\u00fasico klezmer y siempre sigui\u00f3 los pasos de su padre. Como t\u00edpico m\u00fasico klezmer, su m\u00fasica acompa\u00f1a a la gente corriente en los acontecimientos de su vida cotidiana, contando la historia de los jud\u00edos. En los a\u00f1os setenta, como ya se ha mencionado, empez\u00f3 a colaborar con el Teatro Jud\u00edo de Varsovia. Del mismo modo, su adaptaci\u00f3n de \u00ab Fiddler on the Roof\u00bb se ha puesto en escena desde los a\u00f1os 80 en el Teatro Musical de Gdynia, la Opereta de Wroc\u0142aw, la Opereta de Cracovia, el Gran Teatro de Varsovia, el Teatro del Espect\u00e1culo de Chorz\u00f3w, as\u00ed como en Wroc\u0142aw en Hala Stulecia (una producci\u00f3n puesta en escena en cooperaci\u00f3n con la \u00d3pera de Wroc\u0142aw).<\/p>\n<p><img loading=\"lazy\" decoding=\"async\" class=\"size-medium wp-image-118142 alignleft\" src=\"https:\/\/www.iemj.org\/wp-content\/uploads\/2025\/02\/Image4-300x166.jpg\" alt=\"\" width=\"300\" height=\"166\" srcset=\"https:\/\/www.iemj.org\/wp-content\/uploads\/2025\/02\/Image4-300x166.jpg 300w, https:\/\/www.iemj.org\/wp-content\/uploads\/2025\/02\/Image4.jpg 542w\" sizes=\"(max-width: 300px) 100vw, 300px\" \/>Poco despu\u00e9s de 1989, una actuaci\u00f3n espont\u00e1nea en el Hotel Alef de Kazimierz, el barrio jud\u00edo de Cracovia de antes de la guerra, marc\u00f3 un punto de inflexi\u00f3n en su vida. En 1994, acompa\u00f1\u00f3 al piano a Jacek Cygan en una serie de canciones jud\u00edas traducidas al polaco por \u00e9l mismo. Fue el punto de partida de su futura colaboraci\u00f3n. Junto a varios cantantes, m\u00fasicos y actores polacos, empezaron a actuar en p\u00fablico. Cada a\u00f1o daban un concierto en el Festival de Cultura Jud\u00eda de Cracovia. Tambi\u00e9n grabaron dos CD con canciones antiguas y nuevas en \u00eddish, arregladas o compuestas por Leopold Koz\u0142owski y traducidas o escritas en polaco por su amigo Jacek Cygan (2002).<\/p>\n<p>Su repertorio incluye la canci\u00f3n original de Koz\u0142owski \u00abGdy jedna \u0142za\u00bb (\u00abCuando cae una l\u00e1grima&#8230;\u00bb) en la que utiliz\u00f3 el ritmo tradicional klezmer de la hora\/zhok. Volvi\u00f3 a poner de moda canciones escritas por m\u00fasicos jud\u00edos polacos de antes de la guerra, como Mordekhai Gebirtig o Nakhum Sternheim, y las reintegr\u00f3 en la m\u00fasica esc\u00e9nica polaca. Su repertorio tambi\u00e9n incluye muchas canciones humor\u00edsticas que presentan la vida jud\u00eda de forma sencilla y accesible. Una de ellas es la canci\u00f3n \u00abBo on jest klezmer\u00bb (\u00abPorque \u00e9l es un klezmer\u00bb), que es la confesi\u00f3n de una joven que se enamora de un m\u00fasico jud\u00edo. Por desgracia, \u00e9l estaba m\u00e1s interesado en tocar el clarinete que en ella, de lo que ella se burla utilizando divertidas onomatopeyas en su canci\u00f3n.<\/p>\n<p><img loading=\"lazy\" decoding=\"async\" class=\"size-medium wp-image-118198 alignright\" src=\"https:\/\/www.iemj.org\/wp-content\/uploads\/2025\/02\/Capture-Dona-Shalom-Secunda-300x228.jpg\" alt=\"\" width=\"300\" height=\"228\" srcset=\"https:\/\/www.iemj.org\/wp-content\/uploads\/2025\/02\/Capture-Dona-Shalom-Secunda-300x228.jpg 300w, https:\/\/www.iemj.org\/wp-content\/uploads\/2025\/02\/Capture-Dona-Shalom-Secunda.jpg 500w\" sizes=\"(max-width: 300px) 100vw, 300px\" \/>Hay otras canciones de este tipo que parecen ir demasiado lejos en su intento de ser ingeniosas, robando a las canciones originales su profundidad y sabidur\u00eda popular. \u00abDona dona\u00bb, de Sholom Secunda, por ejemplo, cuenta la historia de un mercader jud\u00edo que lleva su ternero al mercado. Su viaje se convierte en una oportunidad para reflexionar sobre el destino del ternero, que es \u00abatado y sacrificado sin que nadie sepa por qu\u00e9\u00bb. La intenci\u00f3n original de la canci\u00f3n era alabar la libertad, pero la traducci\u00f3n de Jacek Cygan la convierte en una an\u00e9cdota humor\u00edstica en la que el mercader y su animal discuten sobre qui\u00e9n es menos afortunado.<\/p>\n<p>El repertorio de Koz\u0142owski incluye tambi\u00e9n importantes canciones originales, algunas de ellas incluso simb\u00f3licas. Por ejemplo, \u00abBallada o Szmuliku\u00bb (\u00abBalada sobre Shmulik\u00bb) cuenta la historia de un zapatero jud\u00edo de preguerra del barrio de Kazimierz de Cracovia que, durante la ocupaci\u00f3n nazi, se hizo pasar por un mendigo ciego sentado frente a la iglesia de Santa Catalina tocando melod\u00edas jas\u00eddicas con el acorde\u00f3n. La canci\u00f3n termina con estas palabras: \u00abAl parecer, el Se\u00f1or quiso, viendo tanta maldad, que la vida jud\u00eda fuera salvada al menos una vez por la cruz\u00bb. Al escucharla, el antiguo cardenal de Cracovia, Franciszek Macharski, dijo que era la canci\u00f3n m\u00e1s ecum\u00e9nica que hab\u00eda o\u00eddo nunca (Cygan, 197).<\/p>\n<p>Una de las canciones m\u00e1s conmovedoras de Koz\u0142owski es \u00abTak jak malowa\u0142 pan Chagall\u00bb (\u00abComo lo pint\u00f3 el Se\u00f1or Chagall\u00bb). Su letra fue escrita por el poeta y cantante polaco Wojciech M\u0142ynarski, que se inspir\u00f3 en el espect\u00e1culo al que hab\u00eda asistido en el Teatro Jud\u00edo de Varsovia, \u00abHello Mister Chagall\u00bb (estrenado en 1979, con m\u00fasica arreglada por Koz\u0142owski). Impresionado por el espect\u00e1culo, M\u0142ynarski pidi\u00f3 a Koz\u0142owski que compusiera m\u00fasica para sus textos. Koz\u0142owski record\u00f3 m\u00e1s tarde que hab\u00eda visto el encargo como un homenaje al pueblo jud\u00edo expulsado de Polonia durante la campa\u00f1a antisemita de 1968.<\/p>\n<h3><strong>Cronista, visionario, precursor<\/strong><\/h3>\n<p>La obra de Leopold Koz\u0142owski nunca ha sido objeto de an\u00e1lisis acad\u00e9micos, ni musicol\u00f3gicos ni sociol\u00f3gicos. Los valores hist\u00f3ricos, sociales y est\u00e9ticos de sus composiciones nunca han suscitado reflexi\u00f3n. El propio Koz\u0142owski, como icono musical del Kazimierz de posguerra, nunca ha sido considerado una referencia social y cultural, y por tanto nunca ha sido objeto de reflexi\u00f3n cr\u00edtica.<\/p>\n<p>Parece que ha llegado el momento de \u00absoplar el polvo del no recuerdo\u00bb y preguntarnos qu\u00e9 quer\u00eda decirnos como cronista de la historia reciente de los jud\u00edos polacos. \u00bfQu\u00e9 puede ense\u00f1arnos como ser humano amargamente probado y como artista sensible y previsor? \u00bfQu\u00e9 podemos descubrir si dejamos que sea un faro que nos gu\u00ede a trav\u00e9s de la historia m\u00e1s reciente de las relaciones entre jud\u00edos y polacos?<\/p>\n<p><strong>Bibliograf\u00eda<\/strong><\/p>\n<ul>\n<li>Cygan Jacek, <em>Klezmer: Opowie\u015b\u0107 o \u017cyciu Leopolda Koz\u0142owskiego-Kleinmana<\/em>, Krak\u00f3w-Budapeszt 2009.<\/li>\n<li>Feldman Walter Zev, <em>Remembrance of Things Past: Klezmer Musicians of Galicia, 1870-1940<\/em>, [in:] \u2018Polin. Studies in Polish Jewry: Focusing on Jewish Popular Culture and Its Afterlife\u2019, ed. M. C. Steinlauf, A. Polonsky, 2003 vol. 16, p. 29-58.<\/li>\n<li><a href=\"https:\/\/culture.pl\/pl\/artykul\/polska-piosenka-pochodzenia-zydowskiego\" target=\"_blank\" rel=\"noopener\">Gli\u0144ski Miko\u0142aj, <em>Polska piosenka pochodzenia \u017cydowskiego<\/em>, 2014<\/a>.<\/li>\n<li>Jakubczyk-\u015al\u0119czka Sylwia, <em>Jewish Music Organizations in Interwar Galicia<\/em>, [in:] \u2018Polin. Studies in Polish Jewry: Jews and Music-Making in the Polish Lands\u2019, ed. F. Guesnet, B. Matis, A. Polonsky, 2020 vol. 32, p. 343-370.<\/li>\n<li>Jankowski Tomasz, Zimek Katarzyna, <em>Hebrew Tango in Interwar Poland<\/em>, Warsaw 2019.<\/li>\n<li><em>Ostatni klezmer. Leopold Koz\u0142owski i przyjaciele <\/em>[CD], WFDiF 2017.<\/li>\n<\/ul>\n<p><strong>Informe sobre la ceremonia en la Universidad Jagell\u00f3nica.<\/strong><\/p>\n<ul>\n<li><a href=\"https:\/\/www.uj.edu.pl\/wiadomosci\/-\/journal_content\/56_INSTANCE_d82lKZvhit4m\/10172\/156300501\" target=\"_blank\" rel=\"noopener\"><em>Do Instytutu Muzykologii UJ trafi\u0142a Kolekcja Leopolda Koz\u0142owskiego<\/em>, the official website of the Jagiellonian University<\/a><\/li>\n<li><a href=\"https:\/\/krakow.tvp.pl\/78161435\/muzyczna-kolekcja-ostatniego-klezmera-galicji-przekazana-instytutowi-muzykologii-uj\" target=\"_blank\" rel=\"noopener\"><em>Muzyczna kolekcja ostatniego klezmera Galicji przekazana Instytutowi Muzykologii UJ<\/em>, the official website of Krak\u00f3w TV Channel<\/a><\/li>\n<li><a href=\"https:\/\/www.radiokrakow.pl\/aktualnosci\/krakow\/niezwykly-dar-marty-kozlowskiej-wozniak-corki-ostatniego-klezmera-galicji\" target=\"_blank\" rel=\"noopener\"><em>Niezwyk\u0142y dar Marty Koz\u0142owskiej-Wo\u017aniak, c\u00f3rki ostatniego \u201eklezmera Galicji\u201d<\/em>, the official website of Radio Krak\u00f3w<\/a><\/li>\n<li><a href=\"https:\/\/muzykologia.uj.edu.pl\/instytut\/wiadomosci\/-\/journal_content\/56_INSTANCE_SddTLPtJYs3J\/6464892\/156261114\" target=\"_blank\" rel=\"noopener\"><em>Uroczysto\u015b\u0107 przekazania Instytutowi Muzykologii UJ \u201eKolekcji Leopolda Koz\u0142owskiego\u201d \u2013 relacje<\/em>, the official website of the Musicology Institute at the Jagiellonian University<\/a><\/li>\n<\/ul>\n<p style=\"text-align: center;\">&#8212;&#8212;&#8212;&#8212;&#8212;&#8212;&#8212;&#8212;&#8212;&#8212;-<\/p>\n<p><em><a href=\"https:\/\/muzykologia.uj.edu.pl\/instytut\/pracownicy\/-\/journal_content\/56_INSTANCE_Pl4GTGO2JbJS\/6464892\/145407663\" target=\"_blank\" rel=\"noopener\">Sylwia Jakubczyk-\u015al\u0119czka<\/a> es music\u00f3loga y miembro del personal docente del Instituto de Musicolog\u00eda de la Universidad Jagell\u00f3nica de Cracovia (Polonia). Sus investigaciones se centran principalmente en la vida musical de los jud\u00edos gallegos. Es autora de numerosos art\u00edculos sobre el tema, as\u00ed como de una monograf\u00eda sobre el cantor de Cracovia de preguerra Eliezer Goldberg.<\/em><\/p>\n\n\n<div class=\"wp-block-columns are-vertically-aligned-center is-layout-flex wp-container-core-columns-is-layout-9d6595d7 wp-block-columns-is-layout-flex\">\n<div class=\"wp-block-column is-vertically-aligned-center is-layout-flow wp-block-column-is-layout-flow\">\n<figure class=\"wp-block-embed is-type-video is-provider-youtube wp-block-embed-youtube wp-embed-aspect-4-3 wp-has-aspect-ratio\"><div class=\"wp-block-embed__wrapper\">\n<iframe title=\"Ballada o Szmuliku (Live)\" width=\"640\" height=\"480\" src=\"https:\/\/www.youtube.com\/embed\/11VTJnJ3Q6E?feature=oembed\" frameborder=\"0\" allow=\"accelerometer; autoplay; clipboard-write; encrypted-media; gyroscope; picture-in-picture; web-share\" referrerpolicy=\"strict-origin-when-cross-origin\" allowfullscreen><\/iframe>\n<\/div><\/figure>\n<\/div>\n\n\n\n<div class=\"wp-block-column is-vertically-aligned-center is-layout-flow wp-block-column-is-layout-flow\">\n<figure class=\"wp-block-embed is-type-video is-provider-youtube wp-block-embed-youtube wp-embed-aspect-4-3 wp-has-aspect-ratio\"><div class=\"wp-block-embed__wrapper\">\n<iframe title=\"Gdy Jedna \u0141za\" width=\"640\" height=\"480\" src=\"https:\/\/www.youtube.com\/embed\/3l4n57XJ7dQ?feature=oembed\" frameborder=\"0\" allow=\"accelerometer; autoplay; clipboard-write; encrypted-media; gyroscope; picture-in-picture; web-share\" referrerpolicy=\"strict-origin-when-cross-origin\" allowfullscreen><\/iframe>\n<\/div><\/figure>\n<\/div>\n<\/div>\n\n\n\n<p><\/p>\n","protected":false},"excerpt":{"rendered":"","protected":false},"author":5,"featured_media":118125,"comment_status":"closed","ping_status":"closed","sticky":false,"template":"","format":"standard","meta":{"_acf_changed":false,"footnotes":""},"categories":[1408],"tags":[4032],"technique":[],"squelettes":[],"sujet":[],"formation":[],"genre":[1876],"fonds":[],"tradition":[],"type-de-contenu":[],"interprete-compositeur":[],"frise":[],"type-devenement":[],"tableaux-liens-externes":[],"class_list":["post-118163","post","type-post","status-publish","format-standard","has-post-thumbnail","hentry","category-articulos-de-fondo-es","tag-polonia","genre-klezmer-es"],"acf":[],"yoast_head":"<!-- This site is optimized with the Yoast SEO plugin v27.3 - https:\/\/yoast.com\/product\/yoast-seo-wordpress\/ -->\n<title>Leopold Kleinman-Koz\u0142owski (1918-2019) - El \u00faltimo m\u00fasico klezmer de Galicia - Institut Europ\u00e9en des Musiques Juives<\/title>\n<meta name=\"robots\" content=\"index, follow, max-snippet:-1, max-image-preview:large, max-video-preview:-1\" \/>\n<link rel=\"canonical\" href=\"https:\/\/www.iemj.org\/es\/leopold-kleinman-kozlowski-1918-2019-le-dernier-musicien-klezmer-de-galicie-et-son-oeuvre\/\" \/>\n<meta property=\"og:locale\" content=\"es_ES\" \/>\n<meta property=\"og:type\" content=\"article\" \/>\n<meta property=\"og:title\" content=\"Leopold Kleinman-Koz\u0142owski (1918-2019) - El \u00faltimo m\u00fasico klezmer de Galicia - Institut Europ\u00e9en des Musiques Juives\" \/>\n<meta property=\"og:url\" content=\"https:\/\/www.iemj.org\/es\/leopold-kleinman-kozlowski-1918-2019-le-dernier-musicien-klezmer-de-galicie-et-son-oeuvre\/\" \/>\n<meta property=\"og:site_name\" content=\"Institut Europ\u00e9en des Musiques Juives\" \/>\n<meta property=\"article:publisher\" content=\"https:\/\/www.facebook.com\/MusiquesJuives\/\" \/>\n<meta property=\"article:published_time\" content=\"2025-02-27T16:57:14+00:00\" \/>\n<meta property=\"article:modified_time\" content=\"2025-03-04T16:05:42+00:00\" \/>\n<meta property=\"og:image\" content=\"https:\/\/www.iemj.org\/wp-content\/uploads\/2025\/02\/Logo.jpg\" \/>\n\t<meta property=\"og:image:width\" content=\"500\" \/>\n\t<meta property=\"og:image:height\" content=\"500\" \/>\n\t<meta property=\"og:image:type\" content=\"image\/jpeg\" \/>\n<meta name=\"author\" content=\"Jacqueline ROTEN\" \/>\n<meta name=\"twitter:card\" content=\"summary_large_image\" \/>\n<meta name=\"twitter:label1\" content=\"Escrito por\" \/>\n\t<meta name=\"twitter:data1\" content=\"Jacqueline ROTEN\" \/>\n\t<meta name=\"twitter:label2\" content=\"Tiempo de lectura\" \/>\n\t<meta name=\"twitter:data2\" content=\"16 minutos\" \/>\n<script type=\"application\/ld+json\" class=\"yoast-schema-graph\">{\"@context\":\"https:\\\/\\\/schema.org\",\"@graph\":[{\"@type\":\"Article\",\"@id\":\"https:\\\/\\\/www.iemj.org\\\/es\\\/leopold-kleinman-kozlowski-1918-2019-le-dernier-musicien-klezmer-de-galicie-et-son-oeuvre\\\/#article\",\"isPartOf\":{\"@id\":\"https:\\\/\\\/www.iemj.org\\\/es\\\/leopold-kleinman-kozlowski-1918-2019-le-dernier-musicien-klezmer-de-galicie-et-son-oeuvre\\\/\"},\"author\":{\"name\":\"Jacqueline ROTEN\",\"@id\":\"https:\\\/\\\/www.iemj.org\\\/es\\\/#\\\/schema\\\/person\\\/358e26c18aca017fcc4cc15437f7279c\"},\"headline\":\"Leopold Kleinman-Koz\u0142owski (1918-2019) &#8211; El \u00faltimo m\u00fasico klezmer de Galicia\",\"datePublished\":\"2025-02-27T16:57:14+00:00\",\"dateModified\":\"2025-03-04T16:05:42+00:00\",\"mainEntityOfPage\":{\"@id\":\"https:\\\/\\\/www.iemj.org\\\/es\\\/leopold-kleinman-kozlowski-1918-2019-le-dernier-musicien-klezmer-de-galicie-et-son-oeuvre\\\/\"},\"wordCount\":2973,\"publisher\":{\"@id\":\"https:\\\/\\\/www.iemj.org\\\/es\\\/#organization\"},\"image\":{\"@id\":\"https:\\\/\\\/www.iemj.org\\\/es\\\/leopold-kleinman-kozlowski-1918-2019-le-dernier-musicien-klezmer-de-galicie-et-son-oeuvre\\\/#primaryimage\"},\"thumbnailUrl\":\"https:\\\/\\\/www.iemj.org\\\/wp-content\\\/uploads\\\/2025\\\/02\\\/Logo.jpg\",\"keywords\":[\"Polonia\"],\"articleSection\":[\"Art\u00edculos de fondo\"],\"inLanguage\":\"es\"},{\"@type\":\"WebPage\",\"@id\":\"https:\\\/\\\/www.iemj.org\\\/es\\\/leopold-kleinman-kozlowski-1918-2019-le-dernier-musicien-klezmer-de-galicie-et-son-oeuvre\\\/\",\"url\":\"https:\\\/\\\/www.iemj.org\\\/es\\\/leopold-kleinman-kozlowski-1918-2019-le-dernier-musicien-klezmer-de-galicie-et-son-oeuvre\\\/\",\"name\":\"Leopold Kleinman-Koz\u0142owski (1918-2019) - El \u00faltimo m\u00fasico klezmer de Galicia - Institut Europ\u00e9en des Musiques Juives\",\"isPartOf\":{\"@id\":\"https:\\\/\\\/www.iemj.org\\\/es\\\/#website\"},\"primaryImageOfPage\":{\"@id\":\"https:\\\/\\\/www.iemj.org\\\/es\\\/leopold-kleinman-kozlowski-1918-2019-le-dernier-musicien-klezmer-de-galicie-et-son-oeuvre\\\/#primaryimage\"},\"image\":{\"@id\":\"https:\\\/\\\/www.iemj.org\\\/es\\\/leopold-kleinman-kozlowski-1918-2019-le-dernier-musicien-klezmer-de-galicie-et-son-oeuvre\\\/#primaryimage\"},\"thumbnailUrl\":\"https:\\\/\\\/www.iemj.org\\\/wp-content\\\/uploads\\\/2025\\\/02\\\/Logo.jpg\",\"datePublished\":\"2025-02-27T16:57:14+00:00\",\"dateModified\":\"2025-03-04T16:05:42+00:00\",\"breadcrumb\":{\"@id\":\"https:\\\/\\\/www.iemj.org\\\/es\\\/leopold-kleinman-kozlowski-1918-2019-le-dernier-musicien-klezmer-de-galicie-et-son-oeuvre\\\/#breadcrumb\"},\"inLanguage\":\"es\",\"potentialAction\":[{\"@type\":\"ReadAction\",\"target\":[\"https:\\\/\\\/www.iemj.org\\\/es\\\/leopold-kleinman-kozlowski-1918-2019-le-dernier-musicien-klezmer-de-galicie-et-son-oeuvre\\\/\"]}]},{\"@type\":\"ImageObject\",\"inLanguage\":\"es\",\"@id\":\"https:\\\/\\\/www.iemj.org\\\/es\\\/leopold-kleinman-kozlowski-1918-2019-le-dernier-musicien-klezmer-de-galicie-et-son-oeuvre\\\/#primaryimage\",\"url\":\"https:\\\/\\\/www.iemj.org\\\/wp-content\\\/uploads\\\/2025\\\/02\\\/Logo.jpg\",\"contentUrl\":\"https:\\\/\\\/www.iemj.org\\\/wp-content\\\/uploads\\\/2025\\\/02\\\/Logo.jpg\",\"width\":500,\"height\":500},{\"@type\":\"BreadcrumbList\",\"@id\":\"https:\\\/\\\/www.iemj.org\\\/es\\\/leopold-kleinman-kozlowski-1918-2019-le-dernier-musicien-klezmer-de-galicie-et-son-oeuvre\\\/#breadcrumb\",\"itemListElement\":[{\"@type\":\"ListItem\",\"position\":1,\"name\":\"Accueil\",\"item\":\"https:\\\/\\\/www.iemj.org\\\/es\\\/\"},{\"@type\":\"ListItem\",\"position\":2,\"name\":\"Leopold Kleinman-Koz\u0142owski (1918-2019) &#8211; El \u00faltimo m\u00fasico klezmer de Galicia\"}]},{\"@type\":\"WebSite\",\"@id\":\"https:\\\/\\\/www.iemj.org\\\/es\\\/#website\",\"url\":\"https:\\\/\\\/www.iemj.org\\\/es\\\/\",\"name\":\"Institut Europ\u00e9en des Musiques Juives\",\"description\":\"Des traditions musicales \u00e0 la port\u00e9e de tous\",\"publisher\":{\"@id\":\"https:\\\/\\\/www.iemj.org\\\/es\\\/#organization\"},\"potentialAction\":[{\"@type\":\"SearchAction\",\"target\":{\"@type\":\"EntryPoint\",\"urlTemplate\":\"https:\\\/\\\/www.iemj.org\\\/es\\\/?s={search_term_string}\"},\"query-input\":{\"@type\":\"PropertyValueSpecification\",\"valueRequired\":true,\"valueName\":\"search_term_string\"}}],\"inLanguage\":\"es\"},{\"@type\":\"Organization\",\"@id\":\"https:\\\/\\\/www.iemj.org\\\/es\\\/#organization\",\"name\":\"Institut Europ\u00e9en des Musiques Juives\",\"url\":\"https:\\\/\\\/www.iemj.org\\\/es\\\/\",\"logo\":{\"@type\":\"ImageObject\",\"inLanguage\":\"es\",\"@id\":\"https:\\\/\\\/www.iemj.org\\\/es\\\/#\\\/schema\\\/logo\\\/image\\\/\",\"url\":\"https:\\\/\\\/www.iemj.org\\\/wp-content\\\/uploads\\\/2021\\\/09\\\/Logo-IEMJ-Paypal.jpg\",\"contentUrl\":\"https:\\\/\\\/www.iemj.org\\\/wp-content\\\/uploads\\\/2021\\\/09\\\/Logo-IEMJ-Paypal.jpg\",\"width\":150,\"height\":50,\"caption\":\"Institut Europ\u00e9en des Musiques Juives\"},\"image\":{\"@id\":\"https:\\\/\\\/www.iemj.org\\\/es\\\/#\\\/schema\\\/logo\\\/image\\\/\"},\"sameAs\":[\"https:\\\/\\\/www.facebook.com\\\/MusiquesJuives\\\/\",\"https:\\\/\\\/www.instagram.com\\\/musiquesjuives\\\/\",\"https:\\\/\\\/www.youtube.com\\\/user\\\/musiquesjuives\"]},{\"@type\":\"Person\",\"@id\":\"https:\\\/\\\/www.iemj.org\\\/es\\\/#\\\/schema\\\/person\\\/358e26c18aca017fcc4cc15437f7279c\",\"name\":\"Jacqueline ROTEN\",\"image\":{\"@type\":\"ImageObject\",\"inLanguage\":\"es\",\"@id\":\"https:\\\/\\\/secure.gravatar.com\\\/avatar\\\/5964256d6c6957de3a3505278957e0fb2a35119ac47ea41827a65301213c810b?s=96&d=mm&r=g\",\"url\":\"https:\\\/\\\/secure.gravatar.com\\\/avatar\\\/5964256d6c6957de3a3505278957e0fb2a35119ac47ea41827a65301213c810b?s=96&d=mm&r=g\",\"contentUrl\":\"https:\\\/\\\/secure.gravatar.com\\\/avatar\\\/5964256d6c6957de3a3505278957e0fb2a35119ac47ea41827a65301213c810b?s=96&d=mm&r=g\",\"caption\":\"Jacqueline ROTEN\"}}]}<\/script>\n<!-- \/ Yoast SEO plugin. -->","yoast_head_json":{"title":"Leopold Kleinman-Koz\u0142owski (1918-2019) - El \u00faltimo m\u00fasico klezmer de Galicia - Institut Europ\u00e9en des Musiques Juives","robots":{"index":"index","follow":"follow","max-snippet":"max-snippet:-1","max-image-preview":"max-image-preview:large","max-video-preview":"max-video-preview:-1"},"canonical":"https:\/\/www.iemj.org\/es\/leopold-kleinman-kozlowski-1918-2019-le-dernier-musicien-klezmer-de-galicie-et-son-oeuvre\/","og_locale":"es_ES","og_type":"article","og_title":"Leopold Kleinman-Koz\u0142owski (1918-2019) - El \u00faltimo m\u00fasico klezmer de Galicia - Institut Europ\u00e9en des Musiques Juives","og_url":"https:\/\/www.iemj.org\/es\/leopold-kleinman-kozlowski-1918-2019-le-dernier-musicien-klezmer-de-galicie-et-son-oeuvre\/","og_site_name":"Institut Europ\u00e9en des Musiques Juives","article_publisher":"https:\/\/www.facebook.com\/MusiquesJuives\/","article_published_time":"2025-02-27T16:57:14+00:00","article_modified_time":"2025-03-04T16:05:42+00:00","og_image":[{"width":500,"height":500,"url":"https:\/\/www.iemj.org\/wp-content\/uploads\/2025\/02\/Logo.jpg","type":"image\/jpeg"}],"author":"Jacqueline ROTEN","twitter_card":"summary_large_image","twitter_misc":{"Escrito por":"Jacqueline ROTEN","Tiempo de lectura":"16 minutos"},"schema":{"@context":"https:\/\/schema.org","@graph":[{"@type":"Article","@id":"https:\/\/www.iemj.org\/es\/leopold-kleinman-kozlowski-1918-2019-le-dernier-musicien-klezmer-de-galicie-et-son-oeuvre\/#article","isPartOf":{"@id":"https:\/\/www.iemj.org\/es\/leopold-kleinman-kozlowski-1918-2019-le-dernier-musicien-klezmer-de-galicie-et-son-oeuvre\/"},"author":{"name":"Jacqueline ROTEN","@id":"https:\/\/www.iemj.org\/es\/#\/schema\/person\/358e26c18aca017fcc4cc15437f7279c"},"headline":"Leopold Kleinman-Koz\u0142owski (1918-2019) &#8211; El \u00faltimo m\u00fasico klezmer de Galicia","datePublished":"2025-02-27T16:57:14+00:00","dateModified":"2025-03-04T16:05:42+00:00","mainEntityOfPage":{"@id":"https:\/\/www.iemj.org\/es\/leopold-kleinman-kozlowski-1918-2019-le-dernier-musicien-klezmer-de-galicie-et-son-oeuvre\/"},"wordCount":2973,"publisher":{"@id":"https:\/\/www.iemj.org\/es\/#organization"},"image":{"@id":"https:\/\/www.iemj.org\/es\/leopold-kleinman-kozlowski-1918-2019-le-dernier-musicien-klezmer-de-galicie-et-son-oeuvre\/#primaryimage"},"thumbnailUrl":"https:\/\/www.iemj.org\/wp-content\/uploads\/2025\/02\/Logo.jpg","keywords":["Polonia"],"articleSection":["Art\u00edculos de fondo"],"inLanguage":"es"},{"@type":"WebPage","@id":"https:\/\/www.iemj.org\/es\/leopold-kleinman-kozlowski-1918-2019-le-dernier-musicien-klezmer-de-galicie-et-son-oeuvre\/","url":"https:\/\/www.iemj.org\/es\/leopold-kleinman-kozlowski-1918-2019-le-dernier-musicien-klezmer-de-galicie-et-son-oeuvre\/","name":"Leopold Kleinman-Koz\u0142owski (1918-2019) - El \u00faltimo m\u00fasico klezmer de Galicia - Institut Europ\u00e9en des Musiques Juives","isPartOf":{"@id":"https:\/\/www.iemj.org\/es\/#website"},"primaryImageOfPage":{"@id":"https:\/\/www.iemj.org\/es\/leopold-kleinman-kozlowski-1918-2019-le-dernier-musicien-klezmer-de-galicie-et-son-oeuvre\/#primaryimage"},"image":{"@id":"https:\/\/www.iemj.org\/es\/leopold-kleinman-kozlowski-1918-2019-le-dernier-musicien-klezmer-de-galicie-et-son-oeuvre\/#primaryimage"},"thumbnailUrl":"https:\/\/www.iemj.org\/wp-content\/uploads\/2025\/02\/Logo.jpg","datePublished":"2025-02-27T16:57:14+00:00","dateModified":"2025-03-04T16:05:42+00:00","breadcrumb":{"@id":"https:\/\/www.iemj.org\/es\/leopold-kleinman-kozlowski-1918-2019-le-dernier-musicien-klezmer-de-galicie-et-son-oeuvre\/#breadcrumb"},"inLanguage":"es","potentialAction":[{"@type":"ReadAction","target":["https:\/\/www.iemj.org\/es\/leopold-kleinman-kozlowski-1918-2019-le-dernier-musicien-klezmer-de-galicie-et-son-oeuvre\/"]}]},{"@type":"ImageObject","inLanguage":"es","@id":"https:\/\/www.iemj.org\/es\/leopold-kleinman-kozlowski-1918-2019-le-dernier-musicien-klezmer-de-galicie-et-son-oeuvre\/#primaryimage","url":"https:\/\/www.iemj.org\/wp-content\/uploads\/2025\/02\/Logo.jpg","contentUrl":"https:\/\/www.iemj.org\/wp-content\/uploads\/2025\/02\/Logo.jpg","width":500,"height":500},{"@type":"BreadcrumbList","@id":"https:\/\/www.iemj.org\/es\/leopold-kleinman-kozlowski-1918-2019-le-dernier-musicien-klezmer-de-galicie-et-son-oeuvre\/#breadcrumb","itemListElement":[{"@type":"ListItem","position":1,"name":"Accueil","item":"https:\/\/www.iemj.org\/es\/"},{"@type":"ListItem","position":2,"name":"Leopold Kleinman-Koz\u0142owski (1918-2019) &#8211; El \u00faltimo m\u00fasico klezmer de Galicia"}]},{"@type":"WebSite","@id":"https:\/\/www.iemj.org\/es\/#website","url":"https:\/\/www.iemj.org\/es\/","name":"Institut Europ\u00e9en des Musiques Juives","description":"Des traditions musicales \u00e0 la port\u00e9e de tous","publisher":{"@id":"https:\/\/www.iemj.org\/es\/#organization"},"potentialAction":[{"@type":"SearchAction","target":{"@type":"EntryPoint","urlTemplate":"https:\/\/www.iemj.org\/es\/?s={search_term_string}"},"query-input":{"@type":"PropertyValueSpecification","valueRequired":true,"valueName":"search_term_string"}}],"inLanguage":"es"},{"@type":"Organization","@id":"https:\/\/www.iemj.org\/es\/#organization","name":"Institut Europ\u00e9en des Musiques Juives","url":"https:\/\/www.iemj.org\/es\/","logo":{"@type":"ImageObject","inLanguage":"es","@id":"https:\/\/www.iemj.org\/es\/#\/schema\/logo\/image\/","url":"https:\/\/www.iemj.org\/wp-content\/uploads\/2021\/09\/Logo-IEMJ-Paypal.jpg","contentUrl":"https:\/\/www.iemj.org\/wp-content\/uploads\/2021\/09\/Logo-IEMJ-Paypal.jpg","width":150,"height":50,"caption":"Institut Europ\u00e9en des Musiques Juives"},"image":{"@id":"https:\/\/www.iemj.org\/es\/#\/schema\/logo\/image\/"},"sameAs":["https:\/\/www.facebook.com\/MusiquesJuives\/","https:\/\/www.instagram.com\/musiquesjuives\/","https:\/\/www.youtube.com\/user\/musiquesjuives"]},{"@type":"Person","@id":"https:\/\/www.iemj.org\/es\/#\/schema\/person\/358e26c18aca017fcc4cc15437f7279c","name":"Jacqueline ROTEN","image":{"@type":"ImageObject","inLanguage":"es","@id":"https:\/\/secure.gravatar.com\/avatar\/5964256d6c6957de3a3505278957e0fb2a35119ac47ea41827a65301213c810b?s=96&d=mm&r=g","url":"https:\/\/secure.gravatar.com\/avatar\/5964256d6c6957de3a3505278957e0fb2a35119ac47ea41827a65301213c810b?s=96&d=mm&r=g","contentUrl":"https:\/\/secure.gravatar.com\/avatar\/5964256d6c6957de3a3505278957e0fb2a35119ac47ea41827a65301213c810b?s=96&d=mm&r=g","caption":"Jacqueline ROTEN"}}]}},"_links":{"self":[{"href":"https:\/\/www.iemj.org\/es\/wp-json\/wp\/v2\/posts\/118163","targetHints":{"allow":["GET"]}}],"collection":[{"href":"https:\/\/www.iemj.org\/es\/wp-json\/wp\/v2\/posts"}],"about":[{"href":"https:\/\/www.iemj.org\/es\/wp-json\/wp\/v2\/types\/post"}],"author":[{"embeddable":true,"href":"https:\/\/www.iemj.org\/es\/wp-json\/wp\/v2\/users\/5"}],"replies":[{"embeddable":true,"href":"https:\/\/www.iemj.org\/es\/wp-json\/wp\/v2\/comments?post=118163"}],"version-history":[{"count":0,"href":"https:\/\/www.iemj.org\/es\/wp-json\/wp\/v2\/posts\/118163\/revisions"}],"wp:featuredmedia":[{"embeddable":true,"href":"https:\/\/www.iemj.org\/es\/wp-json\/wp\/v2\/media\/118125"}],"wp:attachment":[{"href":"https:\/\/www.iemj.org\/es\/wp-json\/wp\/v2\/media?parent=118163"}],"wp:term":[{"taxonomy":"category","embeddable":true,"href":"https:\/\/www.iemj.org\/es\/wp-json\/wp\/v2\/categories?post=118163"},{"taxonomy":"post_tag","embeddable":true,"href":"https:\/\/www.iemj.org\/es\/wp-json\/wp\/v2\/tags?post=118163"},{"taxonomy":"technique","embeddable":true,"href":"https:\/\/www.iemj.org\/es\/wp-json\/wp\/v2\/technique?post=118163"},{"taxonomy":"squelettes","embeddable":true,"href":"https:\/\/www.iemj.org\/es\/wp-json\/wp\/v2\/squelettes?post=118163"},{"taxonomy":"sujet","embeddable":true,"href":"https:\/\/www.iemj.org\/es\/wp-json\/wp\/v2\/sujet?post=118163"},{"taxonomy":"formation","embeddable":true,"href":"https:\/\/www.iemj.org\/es\/wp-json\/wp\/v2\/formation?post=118163"},{"taxonomy":"genre","embeddable":true,"href":"https:\/\/www.iemj.org\/es\/wp-json\/wp\/v2\/genre?post=118163"},{"taxonomy":"fonds","embeddable":true,"href":"https:\/\/www.iemj.org\/es\/wp-json\/wp\/v2\/fonds?post=118163"},{"taxonomy":"tradition","embeddable":true,"href":"https:\/\/www.iemj.org\/es\/wp-json\/wp\/v2\/tradition?post=118163"},{"taxonomy":"type-de-contenu","embeddable":true,"href":"https:\/\/www.iemj.org\/es\/wp-json\/wp\/v2\/type-de-contenu?post=118163"},{"taxonomy":"interprete-compositeur","embeddable":true,"href":"https:\/\/www.iemj.org\/es\/wp-json\/wp\/v2\/interprete-compositeur?post=118163"},{"taxonomy":"frise","embeddable":true,"href":"https:\/\/www.iemj.org\/es\/wp-json\/wp\/v2\/frise?post=118163"},{"taxonomy":"type-devenement","embeddable":true,"href":"https:\/\/www.iemj.org\/es\/wp-json\/wp\/v2\/type-devenement?post=118163"},{"taxonomy":"tableaux-liens-externes","embeddable":true,"href":"https:\/\/www.iemj.org\/es\/wp-json\/wp\/v2\/tableaux-liens-externes?post=118163"}],"curies":[{"name":"wp","href":"https:\/\/api.w.org\/{rel}","templated":true}]}}