{"id":118788,"date":"2025-03-19T15:24:16","date_gmt":"2025-03-19T14:24:16","guid":{"rendered":"https:\/\/www.iemj.org\/arnold-schoenberg-un-musicien-juif-dans-le-monde\/"},"modified":"2025-03-19T16:43:23","modified_gmt":"2025-03-19T15:43:23","slug":"arnold-schoenberg-un-musicien-juif-dans-le-monde","status":"publish","type":"post","link":"https:\/\/www.iemj.org\/es\/arnold-schoenberg-un-musicien-juif-dans-le-monde\/","title":{"rendered":"Arnold Schoenberg, un musicien juif dans le monde"},"content":{"rendered":"<p><!--more--><\/p>\n<p><strong>En <em>Musiques, mondialisation et soci\u00e9t\u00e9s<\/em>, dirigido por Myriam Odile Blin y Pierre Albert Castanet, Presses universitaires de Rouen et du Havre, 2024, 250 p.<\/strong><br \/><!--more--><\/p>\n<p>Este volumen explora los v\u00ednculos entre m\u00fasica, globalizaci\u00f3n y sociedades, abordando una variedad de temas como la m\u00fasica culta, la m\u00fasica popular, la pol\u00edtica, la religi\u00f3n y las cuestiones culturales globales. A trav\u00e9s de diversos art\u00edculos, muestra c\u00f3mo la m\u00fasica, en la era de la globalizaci\u00f3n, sigue siendo un importante vector de mediaci\u00f3n cultural, al tiempo que refleja los retos y esperanzas de nuestro tiempo.<\/p>\n<p>Entre las diversas contribuciones a esta obra acad\u00e9mica figura un art\u00edculo de Myriam Odile Blin sobre <a href=\"https:\/\/www.iemj.org\/es\/schonberg-arnold-1874-1951\/\" target=\"_blank\" rel=\"noopener\">Arnold Schoenberg (1874-1951)<img fetchpriority=\"high\" decoding=\"async\" class=\"size-medium wp-image-118772 alignright\" src=\"https:\/\/www.iemj.org\/wp-content\/uploads\/2025\/03\/entartete_musik_poster_01-209x300.jpg\" alt=\"\" width=\"209\" height=\"300\" srcset=\"https:\/\/www.iemj.org\/wp-content\/uploads\/2025\/03\/entartete_musik_poster_01-209x300.jpg 209w, https:\/\/www.iemj.org\/wp-content\/uploads\/2025\/03\/entartete_musik_poster_01.jpg 380w\" sizes=\"(max-width: 209px) 100vw, 209px\" \/><\/a> y su relaci\u00f3n con el juda\u00edsmo. La autora \u00abse centra en el estatuto de \u201cm\u00fasico jud\u00edo en el mundo\u201d, el de Arnold Schoenberg, padre de la <br \/>dodecafon\u00eda<span class=\"footnote_referrer\"><a role=\"button\" tabindex=\"0\" onclick=\"footnote_moveToReference_118788_1('footnote_plugin_reference_118788_1_1');\" onkeypress=\"footnote_moveToReference_118788_1('footnote_plugin_reference_118788_1_1');\" ><sup id=\"footnote_plugin_tooltip_118788_1_1\" class=\"footnote_plugin_tooltip_text\">[1]<\/sup><\/a><span id=\"footnote_plugin_tooltip_text_118788_1_1\" class=\"footnote_tooltip\">Sistema musical basado en una serie de intervalos que comprenden las doce notas de la escala crom\u00e1tica<\/span><\/span><script type=\"text\/javascript\"> jQuery('#footnote_plugin_tooltip_118788_1_1').tooltip({ tip: '#footnote_plugin_tooltip_text_118788_1_1', tipClass: 'footnote_tooltip', effect: 'fade', predelay: 0, fadeInSpeed: 200, delay: 400, fadeOutSpeed: 200, position: 'top center', relative: true, offset: [-7, 0], });<\/script>, fue excluido por jud\u00edo y, en 1933, exiliado a Estados Unidos. La primera mitad del siglo XX oscil\u00f3 en Europa entre la cultura y la barbarie, entre el antisemitismo y <em>Entartete Musik<\/em><span class=\"footnote_referrer\"><a role=\"button\" tabindex=\"0\" onclick=\"footnote_moveToReference_118788_1('footnote_plugin_reference_118788_1_2');\" onkeypress=\"footnote_moveToReference_118788_1('footnote_plugin_reference_118788_1_2');\" ><sup id=\"footnote_plugin_tooltip_118788_1_2\" class=\"footnote_plugin_tooltip_text\">[2]<\/sup><\/a><span id=\"footnote_plugin_tooltip_text_118788_1_2\" class=\"footnote_tooltip\">El t\u00e9rmino nazi \u00abEntartete Musik\u00bb (\u00abM\u00fasica degenerada\u00bb) describe un vasto repertorio de m\u00fasica de compositores prohibidos bajo el Tercer Reich. Uno de sus s\u00edmbolos fue la exposici\u00f3n del&nbsp;&#x2026; <span class=\"footnote_tooltip_continue\"  onclick=\"footnote_moveToReference_118788_1('footnote_plugin_reference_118788_1_2');\">Lire la suite<\/span><\/span><\/span><script type=\"text\/javascript\"> jQuery('#footnote_plugin_tooltip_118788_1_2').tooltip({ tip: '#footnote_plugin_tooltip_text_118788_1_2', tipClass: 'footnote_tooltip', effect: 'fade', predelay: 0, fadeInSpeed: 200, delay: 400, fadeOutSpeed: 200, position: 'top center', relative: true, offset: [-7, 0], });<\/script>, y la inspiraci\u00f3n hebraica de la m\u00fasica de Arnold Schoenberg provoc\u00f3 desencuentros con Thomas Mann. [&#8230;] Aunque este estudio singularmente esclarecedor evoca naturalmente obras clave como <em>Mois\u00e9s y Aron<\/em>, <em>La Escalera de Jacob<\/em> y <em>Un superviviente de Varsovia<\/em>, se centra sobre todo en el <em>Kol Nidre<\/em>, la famosa melod\u00eda introductoria de la fiesta del Yom Kippur (melod\u00eda arreglada por Schoenberg en 1938, pero tambi\u00e9n visitada por numerosos artistas [&#8230;].). Para concluir, la soci\u00f3loga del arte plantea la cuesti\u00f3n de la m\u00fasica, y de la m\u00fasica jud\u00eda en particular, como \u00abconciencia del mundo\u00bb <span class=\"footnote_referrer\"><a role=\"button\" tabindex=\"0\" onclick=\"footnote_moveToReference_118788_1('footnote_plugin_reference_118788_1_3');\" onkeypress=\"footnote_moveToReference_118788_1('footnote_plugin_reference_118788_1_3');\" ><sup id=\"footnote_plugin_tooltip_118788_1_3\" class=\"footnote_plugin_tooltip_text\">[3]<\/sup><\/a><span id=\"footnote_plugin_tooltip_text_118788_1_3\" class=\"footnote_tooltip\"><em>Musiques, mondialisation et soci\u00e9t\u00e9s<\/em> \/ Bajo la direcci\u00f3n de Myriam Odile Blin y Pierre Albert Castanet, Presses universitaires de Rouen et du Havre, 2024, p. 12<\/span><\/span><script type=\"text\/javascript\"> jQuery('#footnote_plugin_tooltip_118788_1_3').tooltip({ tip: '#footnote_plugin_tooltip_text_118788_1_3', tipClass: 'footnote_tooltip', effect: 'fade', predelay: 0, fadeInSpeed: 200, delay: 400, fadeOutSpeed: 200, position: 'top center', relative: true, offset: [-7, 0], });<\/script>.<\/p>\n<p><img decoding=\"async\" class=\" wp-image-118776 alignleft\" src=\"https:\/\/www.iemj.org\/wp-content\/uploads\/2025\/03\/Arnold-Schoenberg_site-IEMJ-230x300.jpg\" alt=\"\" width=\"197\" height=\"257\" srcset=\"https:\/\/www.iemj.org\/wp-content\/uploads\/2025\/03\/Arnold-Schoenberg_site-IEMJ-230x300.jpg 230w, https:\/\/www.iemj.org\/wp-content\/uploads\/2025\/03\/Arnold-Schoenberg_site-IEMJ.jpg 350w\" sizes=\"(max-width: 197px) 100vw, 197px\" \/>Myriam Odile Blin recuerda tambi\u00e9n los escritos de Andr\u00e9 Neher, quien consideraba que la dodecafon\u00eda de Schoenberg se inspiraba en el misticismo jud\u00edo y la c\u00e1bala, en particular a trav\u00e9s del simbolismo de los n\u00fameros 6 y 12, muy presentes en la literatura hebrea <span class=\"footnote_referrer\"><a role=\"button\" tabindex=\"0\" onclick=\"footnote_moveToReference_118788_1('footnote_plugin_reference_118788_1_4');\" onkeypress=\"footnote_moveToReference_118788_1('footnote_plugin_reference_118788_1_4');\" ><sup id=\"footnote_plugin_tooltip_118788_1_4\" class=\"footnote_plugin_tooltip_text\">[4]<\/sup><\/a><span id=\"footnote_plugin_tooltip_text_118788_1_4\" class=\"footnote_tooltip\">Cf. Andr\u00e9 Neher, <em>Faust et le Maharal de Prague, le mythe et le r\u00e9el<\/em>, Par\u00eds, PUF, 1987<\/span><\/span><script type=\"text\/javascript\"> jQuery('#footnote_plugin_tooltip_118788_1_4').tooltip({ tip: '#footnote_plugin_tooltip_text_118788_1_4', tipClass: 'footnote_tooltip', effect: 'fade', predelay: 0, fadeInSpeed: 200, delay: 400, fadeOutSpeed: 200, position: 'top center', relative: true, offset: [-7, 0], });<\/script>. As\u00ed, como se\u00f1ala M-O Blin, \u00abel aut\u00e9ntico significado de la m\u00fasica y los escritos de Schoenberg s\u00f3lo puede captarse a trav\u00e9s del prisma de una espiritualidad viva que sigue los caminos de la m\u00edstica jud\u00eda\u00bb. Sin embargo, la dodecafon\u00eda puede entenderse de forma neutra, sin pasar por este relevo singular de la espiritualidad: se trata entonces de un modelo de escritura racionalmente definido para la composici\u00f3n musical. [&#8230;] Arnold Schoenberg era as\u00ed inseparablemente visionario y conservador por una parte, y racional y m\u00edstico por otra\u00bb [<em>Musiques, mondialisation et soci\u00e9t\u00e9s<\/em>, p. 50].<\/p>\n<p><a href=\"https:\/\/www.amazon.fr\/Musiques-mondialisation-societes-Blin-myriam-odile\/dp\/B0BGPCBFH2\" target=\"_blank\" rel=\"noopener\">Pedir el libro<\/a><\/p>\n<p><a href=\"https:\/\/webtv.univ-rouen.fr\/videos\/1-arnold-schoenberg-un-musicien-juif-dans-le-monde-par-myriam-odile-blin-decoupage\/\" target=\"_blank\" rel=\"noopener\">Vea la conferencia filmada de Myriam Odile Blin \u00ab Arnold Schoenberg, un musicien juif dans le monde \u00bb<\/a><\/p>\n\n\n<div class=\"wp-block-buttons has-custom-font-size has-medium-font-size is-content-justification-center is-layout-flex wp-container-core-buttons-is-layout-16018d1d wp-block-buttons-is-layout-flex\">\n<div class=\"wp-block-button has-custom-width wp-block-button__width-75 has-custom-font-size\" style=\"font-size:15px\"><a class=\"wp-block-button__link has-white-color has-text-color has-background has-link-color wp-element-button\" href=\"https:\/\/www.iemj.org\/es\/interprete-compositor\/arnold-schonberg-es\/\" style=\"border-radius:52px;background-color:#3c4b98\" target=\"_blank\" rel=\"noreferrer noopener\"><strong>Ver otros art\u00edculos sobre Arnold Sch\u00f6nberg<\/strong><\/a><\/div>\n<\/div>\n\n\n\n<div style=\"height:20px\" aria-hidden=\"true\" class=\"wp-block-spacer\"><\/div>\n\n\n\n<div class=\"wp-block-buttons is-content-justification-center is-layout-flex wp-container-core-buttons-is-layout-16018d1d wp-block-buttons-is-layout-flex\">\n<div class=\"wp-block-button has-custom-width wp-block-button__width-75 has-custom-font-size is-style-fill\" style=\"font-size:15px\"><a class=\"wp-block-button__link has-white-color has-text-color has-background has-link-color wp-element-button\" href=\"http:\/\/www.rachelnet.net\/F\/?func=find-c&amp;ccl_term=WRD+%3D+Sch%C3%B6nberg+OU+WRD+%3D+Schoenberg&amp;local_base=iemcg\" style=\"border-radius:53px;background-color:#3c4b98\" target=\"_blank\" rel=\"noreferrer noopener\"><strong>Consulte nuestros archivos sobre Arnold Sch\u00f6nberg<\/strong><\/a><\/div>\n<\/div>\n\n\n\n<p><\/p>\n<div class=\"speaker-mute footnotes_reference_container\"> <div class=\"footnote_container_prepare\"><p><span role=\"button\" tabindex=\"0\" class=\"footnote_reference_container_label pointer\" onclick=\"footnote_expand_collapse_reference_container_118788_1();\">&#x202F;<\/span><span role=\"button\" tabindex=\"0\" class=\"footnote_reference_container_collapse_button\" style=\"display: none;\" onclick=\"footnote_expand_collapse_reference_container_118788_1();\">[<a id=\"footnote_reference_container_collapse_button_118788_1\">+<\/a>]<\/span><\/p><\/div> <div id=\"footnote_references_container_118788_1\" style=\"\"><table class=\"footnotes_table footnote-reference-container\"><caption class=\"accessibility\">References<\/caption> <tbody> \r\n\r\n<tr class=\"footnotes_plugin_reference_row\"> <th scope=\"row\" class=\"footnote_plugin_index_combi pointer\"  onclick=\"footnote_moveToAnchor_118788_1('footnote_plugin_tooltip_118788_1_1');\"><a id=\"footnote_plugin_reference_118788_1_1\" class=\"footnote_backlink\">1<\/a><\/th> <td class=\"footnote_plugin_text\">Sistema musical basado en una serie de intervalos que comprenden las doce notas de la escala crom\u00e1tica<\/td><\/tr>\r\n\r\n<tr class=\"footnotes_plugin_reference_row\"> <th scope=\"row\" class=\"footnote_plugin_index_combi pointer\"  onclick=\"footnote_moveToAnchor_118788_1('footnote_plugin_tooltip_118788_1_2');\"><a id=\"footnote_plugin_reference_118788_1_2\" class=\"footnote_backlink\">2<\/a><\/th> <td class=\"footnote_plugin_text\">El t\u00e9rmino nazi \u00abEntartete Musik\u00bb (\u00abM\u00fasica degenerada\u00bb) describe un vasto repertorio de m\u00fasica de compositores prohibidos bajo el Tercer Reich. Uno de sus s\u00edmbolos fue la exposici\u00f3n del mismo nombre celebrada en D\u00fcsseldorf en 1938. V\u00e9ase el libro de Elise Petit y Bruno Giner <a href=\"https:\/\/www.bne.fr\/page63.html\" target=\"_blank\" rel=\"noopener\"><em>Entartete Musik : musiques interdites sous le IIIe Reich<\/em><\/a>.<\/td><\/tr>\r\n\r\n<tr class=\"footnotes_plugin_reference_row\"> <th scope=\"row\" class=\"footnote_plugin_index_combi pointer\"  onclick=\"footnote_moveToAnchor_118788_1('footnote_plugin_tooltip_118788_1_3');\"><a id=\"footnote_plugin_reference_118788_1_3\" class=\"footnote_backlink\">3<\/a><\/th> <td class=\"footnote_plugin_text\"><em>Musiques, mondialisation et soci\u00e9t\u00e9s<\/em> \/ Bajo la direcci\u00f3n de Myriam Odile Blin y Pierre Albert Castanet, Presses universitaires de Rouen et du Havre, 2024, p. 12<\/td><\/tr>\r\n\r\n<tr class=\"footnotes_plugin_reference_row\"> <th scope=\"row\" class=\"footnote_plugin_index_combi pointer\"  onclick=\"footnote_moveToAnchor_118788_1('footnote_plugin_tooltip_118788_1_4');\"><a id=\"footnote_plugin_reference_118788_1_4\" class=\"footnote_backlink\">4<\/a><\/th> <td class=\"footnote_plugin_text\">Cf. Andr\u00e9 Neher, <em>Faust et le Maharal de Prague, le mythe et le r\u00e9el<\/em>, Par\u00eds, PUF, 1987<\/td><\/tr>\r\n\r\n <\/tbody> <\/table> <\/div><\/div><script type=\"text\/javascript\"> function footnote_expand_reference_container_118788_1() { jQuery('#footnote_references_container_118788_1').show(); jQuery('#footnote_reference_container_collapse_button_118788_1').text('\u2212'); } function footnote_collapse_reference_container_118788_1() { jQuery('#footnote_references_container_118788_1').hide(); jQuery('#footnote_reference_container_collapse_button_118788_1').text('+'); } function footnote_expand_collapse_reference_container_118788_1() { if (jQuery('#footnote_references_container_118788_1').is(':hidden')) { footnote_expand_reference_container_118788_1(); } else { footnote_collapse_reference_container_118788_1(); } } function footnote_moveToReference_118788_1(p_str_TargetID) { footnote_expand_reference_container_118788_1(); var l_obj_Target = jQuery('#' + p_str_TargetID); if (l_obj_Target.length) { jQuery( 'html, body' ).delay( 0 ); jQuery('html, body').animate({ scrollTop: l_obj_Target.offset().top - window.innerHeight * 0.2 }, 380); } } function footnote_moveToAnchor_118788_1(p_str_TargetID) { footnote_expand_reference_container_118788_1(); var l_obj_Target = jQuery('#' + p_str_TargetID); if (l_obj_Target.length) { jQuery( 'html, body' ).delay( 0 ); jQuery('html, body').animate({ scrollTop: l_obj_Target.offset().top - window.innerHeight * 0.2 }, 380); } }<\/script>","protected":false},"excerpt":{"rendered":"","protected":false},"author":5,"featured_media":118767,"comment_status":"closed","ping_status":"closed","sticky":false,"template":"","format":"standard","meta":{"_acf_changed":false,"footnotes":""},"categories":[1577,1565],"tags":[],"technique":[],"squelettes":[],"sujet":[],"formation":[],"genre":[],"fonds":[],"tradition":[],"type-de-contenu":[],"interprete-compositeur":[3089],"frise":[],"type-devenement":[],"tableaux-liens-externes":[],"class_list":["post-118788","post","type-post","status-publish","format-standard","has-post-thumbnail","hentry","category-libros-articulos-es","category-ultimas-adquisiciones-es","interprete-compositeur-arnold-schonberg-es"],"acf":[],"yoast_head":"<!-- This site is optimized with the Yoast SEO plugin v27.3 - https:\/\/yoast.com\/product\/yoast-seo-wordpress\/ -->\n<title>Arnold Schoenberg, un musicien juif dans le monde - Institut Europ\u00e9en des Musiques Juives<\/title>\n<meta name=\"robots\" content=\"index, follow, max-snippet:-1, max-image-preview:large, max-video-preview:-1\" \/>\n<link rel=\"canonical\" href=\"https:\/\/www.iemj.org\/es\/arnold-schoenberg-un-musicien-juif-dans-le-monde\/\" \/>\n<meta property=\"og:locale\" content=\"es_ES\" \/>\n<meta property=\"og:type\" content=\"article\" \/>\n<meta property=\"og:title\" content=\"Arnold Schoenberg, un musicien juif dans le monde - Institut Europ\u00e9en des Musiques Juives\" \/>\n<meta property=\"og:url\" content=\"https:\/\/www.iemj.org\/es\/arnold-schoenberg-un-musicien-juif-dans-le-monde\/\" \/>\n<meta property=\"og:site_name\" content=\"Institut Europ\u00e9en des Musiques Juives\" \/>\n<meta property=\"article:publisher\" content=\"https:\/\/www.facebook.com\/MusiquesJuives\/\" \/>\n<meta property=\"article:published_time\" content=\"2025-03-19T14:24:16+00:00\" \/>\n<meta property=\"article:modified_time\" content=\"2025-03-19T15:43:23+00:00\" \/>\n<meta property=\"og:image\" content=\"https:\/\/www.iemj.org\/wp-content\/uploads\/2025\/03\/L_1108_VIG.jpg\" \/>\n\t<meta property=\"og:image:width\" content=\"455\" \/>\n\t<meta property=\"og:image:height\" content=\"600\" \/>\n\t<meta property=\"og:image:type\" content=\"image\/jpeg\" \/>\n<meta name=\"author\" content=\"Jacqueline ROTEN\" \/>\n<meta name=\"twitter:card\" content=\"summary_large_image\" \/>\n<meta name=\"twitter:label1\" content=\"Escrito por\" \/>\n\t<meta name=\"twitter:data1\" content=\"Jacqueline ROTEN\" \/>\n\t<meta name=\"twitter:label2\" content=\"Tiempo de lectura\" \/>\n\t<meta name=\"twitter:data2\" content=\"4 minutos\" \/>\n<script type=\"application\/ld+json\" class=\"yoast-schema-graph\">{\"@context\":\"https:\\\/\\\/schema.org\",\"@graph\":[{\"@type\":\"Article\",\"@id\":\"https:\\\/\\\/www.iemj.org\\\/es\\\/arnold-schoenberg-un-musicien-juif-dans-le-monde\\\/#article\",\"isPartOf\":{\"@id\":\"https:\\\/\\\/www.iemj.org\\\/es\\\/arnold-schoenberg-un-musicien-juif-dans-le-monde\\\/\"},\"author\":{\"name\":\"Jacqueline ROTEN\",\"@id\":\"https:\\\/\\\/www.iemj.org\\\/es\\\/#\\\/schema\\\/person\\\/358e26c18aca017fcc4cc15437f7279c\"},\"headline\":\"Arnold Schoenberg, un musicien juif dans le monde\",\"datePublished\":\"2025-03-19T14:24:16+00:00\",\"dateModified\":\"2025-03-19T15:43:23+00:00\",\"mainEntityOfPage\":{\"@id\":\"https:\\\/\\\/www.iemj.org\\\/es\\\/arnold-schoenberg-un-musicien-juif-dans-le-monde\\\/\"},\"wordCount\":598,\"publisher\":{\"@id\":\"https:\\\/\\\/www.iemj.org\\\/es\\\/#organization\"},\"image\":{\"@id\":\"https:\\\/\\\/www.iemj.org\\\/es\\\/arnold-schoenberg-un-musicien-juif-dans-le-monde\\\/#primaryimage\"},\"thumbnailUrl\":\"https:\\\/\\\/www.iemj.org\\\/wp-content\\\/uploads\\\/2025\\\/03\\\/L_1108_VIG.jpg\",\"articleSection\":[\"Libros, art\u00edculos\",\"\u00daltimas adquisiciones\"],\"inLanguage\":\"es\"},{\"@type\":\"WebPage\",\"@id\":\"https:\\\/\\\/www.iemj.org\\\/es\\\/arnold-schoenberg-un-musicien-juif-dans-le-monde\\\/\",\"url\":\"https:\\\/\\\/www.iemj.org\\\/es\\\/arnold-schoenberg-un-musicien-juif-dans-le-monde\\\/\",\"name\":\"Arnold Schoenberg, un musicien juif dans le monde - Institut Europ\u00e9en des Musiques Juives\",\"isPartOf\":{\"@id\":\"https:\\\/\\\/www.iemj.org\\\/es\\\/#website\"},\"primaryImageOfPage\":{\"@id\":\"https:\\\/\\\/www.iemj.org\\\/es\\\/arnold-schoenberg-un-musicien-juif-dans-le-monde\\\/#primaryimage\"},\"image\":{\"@id\":\"https:\\\/\\\/www.iemj.org\\\/es\\\/arnold-schoenberg-un-musicien-juif-dans-le-monde\\\/#primaryimage\"},\"thumbnailUrl\":\"https:\\\/\\\/www.iemj.org\\\/wp-content\\\/uploads\\\/2025\\\/03\\\/L_1108_VIG.jpg\",\"datePublished\":\"2025-03-19T14:24:16+00:00\",\"dateModified\":\"2025-03-19T15:43:23+00:00\",\"breadcrumb\":{\"@id\":\"https:\\\/\\\/www.iemj.org\\\/es\\\/arnold-schoenberg-un-musicien-juif-dans-le-monde\\\/#breadcrumb\"},\"inLanguage\":\"es\",\"potentialAction\":[{\"@type\":\"ReadAction\",\"target\":[\"https:\\\/\\\/www.iemj.org\\\/es\\\/arnold-schoenberg-un-musicien-juif-dans-le-monde\\\/\"]}]},{\"@type\":\"ImageObject\",\"inLanguage\":\"es\",\"@id\":\"https:\\\/\\\/www.iemj.org\\\/es\\\/arnold-schoenberg-un-musicien-juif-dans-le-monde\\\/#primaryimage\",\"url\":\"https:\\\/\\\/www.iemj.org\\\/wp-content\\\/uploads\\\/2025\\\/03\\\/L_1108_VIG.jpg\",\"contentUrl\":\"https:\\\/\\\/www.iemj.org\\\/wp-content\\\/uploads\\\/2025\\\/03\\\/L_1108_VIG.jpg\",\"width\":455,\"height\":600},{\"@type\":\"BreadcrumbList\",\"@id\":\"https:\\\/\\\/www.iemj.org\\\/es\\\/arnold-schoenberg-un-musicien-juif-dans-le-monde\\\/#breadcrumb\",\"itemListElement\":[{\"@type\":\"ListItem\",\"position\":1,\"name\":\"Accueil\",\"item\":\"https:\\\/\\\/www.iemj.org\\\/es\\\/\"},{\"@type\":\"ListItem\",\"position\":2,\"name\":\"Arnold Schoenberg, un musicien juif dans le monde\"}]},{\"@type\":\"WebSite\",\"@id\":\"https:\\\/\\\/www.iemj.org\\\/es\\\/#website\",\"url\":\"https:\\\/\\\/www.iemj.org\\\/es\\\/\",\"name\":\"Institut Europ\u00e9en des Musiques Juives\",\"description\":\"Des traditions musicales \u00e0 la port\u00e9e de tous\",\"publisher\":{\"@id\":\"https:\\\/\\\/www.iemj.org\\\/es\\\/#organization\"},\"potentialAction\":[{\"@type\":\"SearchAction\",\"target\":{\"@type\":\"EntryPoint\",\"urlTemplate\":\"https:\\\/\\\/www.iemj.org\\\/es\\\/?s={search_term_string}\"},\"query-input\":{\"@type\":\"PropertyValueSpecification\",\"valueRequired\":true,\"valueName\":\"search_term_string\"}}],\"inLanguage\":\"es\"},{\"@type\":\"Organization\",\"@id\":\"https:\\\/\\\/www.iemj.org\\\/es\\\/#organization\",\"name\":\"Institut Europ\u00e9en des Musiques Juives\",\"url\":\"https:\\\/\\\/www.iemj.org\\\/es\\\/\",\"logo\":{\"@type\":\"ImageObject\",\"inLanguage\":\"es\",\"@id\":\"https:\\\/\\\/www.iemj.org\\\/es\\\/#\\\/schema\\\/logo\\\/image\\\/\",\"url\":\"https:\\\/\\\/www.iemj.org\\\/wp-content\\\/uploads\\\/2021\\\/09\\\/Logo-IEMJ-Paypal.jpg\",\"contentUrl\":\"https:\\\/\\\/www.iemj.org\\\/wp-content\\\/uploads\\\/2021\\\/09\\\/Logo-IEMJ-Paypal.jpg\",\"width\":150,\"height\":50,\"caption\":\"Institut Europ\u00e9en des Musiques Juives\"},\"image\":{\"@id\":\"https:\\\/\\\/www.iemj.org\\\/es\\\/#\\\/schema\\\/logo\\\/image\\\/\"},\"sameAs\":[\"https:\\\/\\\/www.facebook.com\\\/MusiquesJuives\\\/\",\"https:\\\/\\\/www.instagram.com\\\/musiquesjuives\\\/\",\"https:\\\/\\\/www.youtube.com\\\/user\\\/musiquesjuives\"]},{\"@type\":\"Person\",\"@id\":\"https:\\\/\\\/www.iemj.org\\\/es\\\/#\\\/schema\\\/person\\\/358e26c18aca017fcc4cc15437f7279c\",\"name\":\"Jacqueline ROTEN\",\"image\":{\"@type\":\"ImageObject\",\"inLanguage\":\"es\",\"@id\":\"https:\\\/\\\/secure.gravatar.com\\\/avatar\\\/5964256d6c6957de3a3505278957e0fb2a35119ac47ea41827a65301213c810b?s=96&d=mm&r=g\",\"url\":\"https:\\\/\\\/secure.gravatar.com\\\/avatar\\\/5964256d6c6957de3a3505278957e0fb2a35119ac47ea41827a65301213c810b?s=96&d=mm&r=g\",\"contentUrl\":\"https:\\\/\\\/secure.gravatar.com\\\/avatar\\\/5964256d6c6957de3a3505278957e0fb2a35119ac47ea41827a65301213c810b?s=96&d=mm&r=g\",\"caption\":\"Jacqueline ROTEN\"}}]}<\/script>\n<!-- \/ Yoast SEO plugin. -->","yoast_head_json":{"title":"Arnold Schoenberg, un musicien juif dans le monde - Institut Europ\u00e9en des Musiques Juives","robots":{"index":"index","follow":"follow","max-snippet":"max-snippet:-1","max-image-preview":"max-image-preview:large","max-video-preview":"max-video-preview:-1"},"canonical":"https:\/\/www.iemj.org\/es\/arnold-schoenberg-un-musicien-juif-dans-le-monde\/","og_locale":"es_ES","og_type":"article","og_title":"Arnold Schoenberg, un musicien juif dans le monde - Institut Europ\u00e9en des Musiques Juives","og_url":"https:\/\/www.iemj.org\/es\/arnold-schoenberg-un-musicien-juif-dans-le-monde\/","og_site_name":"Institut Europ\u00e9en des Musiques Juives","article_publisher":"https:\/\/www.facebook.com\/MusiquesJuives\/","article_published_time":"2025-03-19T14:24:16+00:00","article_modified_time":"2025-03-19T15:43:23+00:00","og_image":[{"width":455,"height":600,"url":"https:\/\/www.iemj.org\/wp-content\/uploads\/2025\/03\/L_1108_VIG.jpg","type":"image\/jpeg"}],"author":"Jacqueline ROTEN","twitter_card":"summary_large_image","twitter_misc":{"Escrito por":"Jacqueline ROTEN","Tiempo de lectura":"4 minutos"},"schema":{"@context":"https:\/\/schema.org","@graph":[{"@type":"Article","@id":"https:\/\/www.iemj.org\/es\/arnold-schoenberg-un-musicien-juif-dans-le-monde\/#article","isPartOf":{"@id":"https:\/\/www.iemj.org\/es\/arnold-schoenberg-un-musicien-juif-dans-le-monde\/"},"author":{"name":"Jacqueline ROTEN","@id":"https:\/\/www.iemj.org\/es\/#\/schema\/person\/358e26c18aca017fcc4cc15437f7279c"},"headline":"Arnold Schoenberg, un musicien juif dans le monde","datePublished":"2025-03-19T14:24:16+00:00","dateModified":"2025-03-19T15:43:23+00:00","mainEntityOfPage":{"@id":"https:\/\/www.iemj.org\/es\/arnold-schoenberg-un-musicien-juif-dans-le-monde\/"},"wordCount":598,"publisher":{"@id":"https:\/\/www.iemj.org\/es\/#organization"},"image":{"@id":"https:\/\/www.iemj.org\/es\/arnold-schoenberg-un-musicien-juif-dans-le-monde\/#primaryimage"},"thumbnailUrl":"https:\/\/www.iemj.org\/wp-content\/uploads\/2025\/03\/L_1108_VIG.jpg","articleSection":["Libros, art\u00edculos","\u00daltimas adquisiciones"],"inLanguage":"es"},{"@type":"WebPage","@id":"https:\/\/www.iemj.org\/es\/arnold-schoenberg-un-musicien-juif-dans-le-monde\/","url":"https:\/\/www.iemj.org\/es\/arnold-schoenberg-un-musicien-juif-dans-le-monde\/","name":"Arnold Schoenberg, un musicien juif dans le monde - Institut Europ\u00e9en des Musiques Juives","isPartOf":{"@id":"https:\/\/www.iemj.org\/es\/#website"},"primaryImageOfPage":{"@id":"https:\/\/www.iemj.org\/es\/arnold-schoenberg-un-musicien-juif-dans-le-monde\/#primaryimage"},"image":{"@id":"https:\/\/www.iemj.org\/es\/arnold-schoenberg-un-musicien-juif-dans-le-monde\/#primaryimage"},"thumbnailUrl":"https:\/\/www.iemj.org\/wp-content\/uploads\/2025\/03\/L_1108_VIG.jpg","datePublished":"2025-03-19T14:24:16+00:00","dateModified":"2025-03-19T15:43:23+00:00","breadcrumb":{"@id":"https:\/\/www.iemj.org\/es\/arnold-schoenberg-un-musicien-juif-dans-le-monde\/#breadcrumb"},"inLanguage":"es","potentialAction":[{"@type":"ReadAction","target":["https:\/\/www.iemj.org\/es\/arnold-schoenberg-un-musicien-juif-dans-le-monde\/"]}]},{"@type":"ImageObject","inLanguage":"es","@id":"https:\/\/www.iemj.org\/es\/arnold-schoenberg-un-musicien-juif-dans-le-monde\/#primaryimage","url":"https:\/\/www.iemj.org\/wp-content\/uploads\/2025\/03\/L_1108_VIG.jpg","contentUrl":"https:\/\/www.iemj.org\/wp-content\/uploads\/2025\/03\/L_1108_VIG.jpg","width":455,"height":600},{"@type":"BreadcrumbList","@id":"https:\/\/www.iemj.org\/es\/arnold-schoenberg-un-musicien-juif-dans-le-monde\/#breadcrumb","itemListElement":[{"@type":"ListItem","position":1,"name":"Accueil","item":"https:\/\/www.iemj.org\/es\/"},{"@type":"ListItem","position":2,"name":"Arnold Schoenberg, un musicien juif dans le monde"}]},{"@type":"WebSite","@id":"https:\/\/www.iemj.org\/es\/#website","url":"https:\/\/www.iemj.org\/es\/","name":"Institut Europ\u00e9en des Musiques Juives","description":"Des traditions musicales \u00e0 la port\u00e9e de tous","publisher":{"@id":"https:\/\/www.iemj.org\/es\/#organization"},"potentialAction":[{"@type":"SearchAction","target":{"@type":"EntryPoint","urlTemplate":"https:\/\/www.iemj.org\/es\/?s={search_term_string}"},"query-input":{"@type":"PropertyValueSpecification","valueRequired":true,"valueName":"search_term_string"}}],"inLanguage":"es"},{"@type":"Organization","@id":"https:\/\/www.iemj.org\/es\/#organization","name":"Institut Europ\u00e9en des Musiques Juives","url":"https:\/\/www.iemj.org\/es\/","logo":{"@type":"ImageObject","inLanguage":"es","@id":"https:\/\/www.iemj.org\/es\/#\/schema\/logo\/image\/","url":"https:\/\/www.iemj.org\/wp-content\/uploads\/2021\/09\/Logo-IEMJ-Paypal.jpg","contentUrl":"https:\/\/www.iemj.org\/wp-content\/uploads\/2021\/09\/Logo-IEMJ-Paypal.jpg","width":150,"height":50,"caption":"Institut Europ\u00e9en des Musiques Juives"},"image":{"@id":"https:\/\/www.iemj.org\/es\/#\/schema\/logo\/image\/"},"sameAs":["https:\/\/www.facebook.com\/MusiquesJuives\/","https:\/\/www.instagram.com\/musiquesjuives\/","https:\/\/www.youtube.com\/user\/musiquesjuives"]},{"@type":"Person","@id":"https:\/\/www.iemj.org\/es\/#\/schema\/person\/358e26c18aca017fcc4cc15437f7279c","name":"Jacqueline ROTEN","image":{"@type":"ImageObject","inLanguage":"es","@id":"https:\/\/secure.gravatar.com\/avatar\/5964256d6c6957de3a3505278957e0fb2a35119ac47ea41827a65301213c810b?s=96&d=mm&r=g","url":"https:\/\/secure.gravatar.com\/avatar\/5964256d6c6957de3a3505278957e0fb2a35119ac47ea41827a65301213c810b?s=96&d=mm&r=g","contentUrl":"https:\/\/secure.gravatar.com\/avatar\/5964256d6c6957de3a3505278957e0fb2a35119ac47ea41827a65301213c810b?s=96&d=mm&r=g","caption":"Jacqueline ROTEN"}}]}},"_links":{"self":[{"href":"https:\/\/www.iemj.org\/es\/wp-json\/wp\/v2\/posts\/118788","targetHints":{"allow":["GET"]}}],"collection":[{"href":"https:\/\/www.iemj.org\/es\/wp-json\/wp\/v2\/posts"}],"about":[{"href":"https:\/\/www.iemj.org\/es\/wp-json\/wp\/v2\/types\/post"}],"author":[{"embeddable":true,"href":"https:\/\/www.iemj.org\/es\/wp-json\/wp\/v2\/users\/5"}],"replies":[{"embeddable":true,"href":"https:\/\/www.iemj.org\/es\/wp-json\/wp\/v2\/comments?post=118788"}],"version-history":[{"count":0,"href":"https:\/\/www.iemj.org\/es\/wp-json\/wp\/v2\/posts\/118788\/revisions"}],"wp:featuredmedia":[{"embeddable":true,"href":"https:\/\/www.iemj.org\/es\/wp-json\/wp\/v2\/media\/118767"}],"wp:attachment":[{"href":"https:\/\/www.iemj.org\/es\/wp-json\/wp\/v2\/media?parent=118788"}],"wp:term":[{"taxonomy":"category","embeddable":true,"href":"https:\/\/www.iemj.org\/es\/wp-json\/wp\/v2\/categories?post=118788"},{"taxonomy":"post_tag","embeddable":true,"href":"https:\/\/www.iemj.org\/es\/wp-json\/wp\/v2\/tags?post=118788"},{"taxonomy":"technique","embeddable":true,"href":"https:\/\/www.iemj.org\/es\/wp-json\/wp\/v2\/technique?post=118788"},{"taxonomy":"squelettes","embeddable":true,"href":"https:\/\/www.iemj.org\/es\/wp-json\/wp\/v2\/squelettes?post=118788"},{"taxonomy":"sujet","embeddable":true,"href":"https:\/\/www.iemj.org\/es\/wp-json\/wp\/v2\/sujet?post=118788"},{"taxonomy":"formation","embeddable":true,"href":"https:\/\/www.iemj.org\/es\/wp-json\/wp\/v2\/formation?post=118788"},{"taxonomy":"genre","embeddable":true,"href":"https:\/\/www.iemj.org\/es\/wp-json\/wp\/v2\/genre?post=118788"},{"taxonomy":"fonds","embeddable":true,"href":"https:\/\/www.iemj.org\/es\/wp-json\/wp\/v2\/fonds?post=118788"},{"taxonomy":"tradition","embeddable":true,"href":"https:\/\/www.iemj.org\/es\/wp-json\/wp\/v2\/tradition?post=118788"},{"taxonomy":"type-de-contenu","embeddable":true,"href":"https:\/\/www.iemj.org\/es\/wp-json\/wp\/v2\/type-de-contenu?post=118788"},{"taxonomy":"interprete-compositeur","embeddable":true,"href":"https:\/\/www.iemj.org\/es\/wp-json\/wp\/v2\/interprete-compositeur?post=118788"},{"taxonomy":"frise","embeddable":true,"href":"https:\/\/www.iemj.org\/es\/wp-json\/wp\/v2\/frise?post=118788"},{"taxonomy":"type-devenement","embeddable":true,"href":"https:\/\/www.iemj.org\/es\/wp-json\/wp\/v2\/type-devenement?post=118788"},{"taxonomy":"tableaux-liens-externes","embeddable":true,"href":"https:\/\/www.iemj.org\/es\/wp-json\/wp\/v2\/tableaux-liens-externes?post=118788"}],"curies":[{"name":"wp","href":"https:\/\/api.w.org\/{rel}","templated":true}]}}