{"id":119079,"date":"2025-03-26T15:56:48","date_gmt":"2025-03-26T14:56:48","guid":{"rendered":"https:\/\/www.iemj.org\/fonds-michel-heymann\/"},"modified":"2025-03-28T10:31:23","modified_gmt":"2025-03-28T09:31:23","slug":"fonds-michel-heymann","status":"publish","type":"post","link":"https:\/\/www.iemj.org\/es\/fonds-michel-heymann\/","title":{"rendered":"Fondo Michel Heymann"},"content":{"rendered":"<p>El 7 de diciembre de 2022, <a href=\"https:\/\/www.iemj.org\/es\/heymann-michel-1952\/\" target=\"_blank\" rel=\"noopener\">Michel Heymann<\/a> entreg\u00f3 al Instituto Europeo de las M\u00fasicas Jud\u00edas una colecci\u00f3n de archivos que abarca casi cincuenta a\u00f1os de actividad como hazzan en Haguenau, Mulhouse y Luxemburgo. La colecci\u00f3n destaca por su riqueza y diversidad, ilustrando la transmisi\u00f3n de la tradici\u00f3n cantoral asquenaz\u00ed en el valle del Rin a lo largo de m\u00e1s de un siglo.<\/p>\n<p>Consta de varios miles de p\u00e1ginas de partituras, en su mayor\u00eda manuscritas, algunas de ellas in\u00e9ditas, as\u00ed como de varios centenares de horas de grabaciones de audio y v\u00eddeo.<\/p>\n<figure id=\"attachment_119131\" aria-describedby=\"caption-attachment-119131\" style=\"width: 151px\" class=\"wp-caption alignright\"><img decoding=\"async\" class=\"wp-image-119131\" src=\"https:\/\/www.iemj.org\/wp-content\/uploads\/2025\/03\/I_484_redim-1-211x300.jpg\" alt=\"\" width=\"151\" height=\"215\" srcset=\"https:\/\/www.iemj.org\/wp-content\/uploads\/2025\/03\/I_484_redim-1-211x300.jpg 211w, https:\/\/www.iemj.org\/wp-content\/uploads\/2025\/03\/I_484_redim-1.jpg 321w\" sizes=\"(max-width: 151px) 100vw, 151px\" \/><figcaption id=\"caption-attachment-119131\" class=\"wp-caption-text\"><strong>Rabino Isa\u00efe Schwartz<\/strong><\/figcaption><\/figure>\n<p>Estos documentos atestiguan la vitalidad de la hazzanout alsaciana y el compromiso de Michel Heymann con la preservaci\u00f3n de este patrimonio musical.<\/p>\n<p>Entre los documentos m\u00e1s destacados figuran una partitura de <em>La Marseillaise<\/em>, (La Marsellesa, el himno nacional franc\u00e9s), publicada en Alsacia-Lorena en 1918, y el programa de una ceremonia en la sinagoga para celebrar la devoluci\u00f3n de Alsacia a Francia. La colecci\u00f3n tambi\u00e9n incluye una rara fotograf\u00eda del rabino Isa\u00efe Schwartz, rabino jefe de Francia, tomada en 1942.<\/p>\n\n\n<div style=\"height:19px\" aria-hidden=\"true\" class=\"wp-block-spacer\"><\/div>\n\n\n\n<div class=\"wp-block-columns are-vertically-aligned-center is-layout-flex wp-container-core-columns-is-layout-9d6595d7 wp-block-columns-is-layout-flex\">\n<div class=\"wp-block-column is-vertically-aligned-center is-layout-flow wp-block-column-is-layout-flow\"><div class=\"wp-block-image\">\n<figure class=\"aligncenter size-full is-resized\"><img fetchpriority=\"high\" decoding=\"async\" width=\"478\" height=\"771\" src=\"https:\/\/www.iemj.org\/wp-content\/uploads\/2025\/03\/Capture-P_5632-La-Marseillaise-COUV.jpg\" alt=\"\" class=\"wp-image-119026\" style=\"aspect-ratio:0.6758064516129032;object-fit:cover;width:519px;height:auto\" srcset=\"https:\/\/www.iemj.org\/wp-content\/uploads\/2025\/03\/Capture-P_5632-La-Marseillaise-COUV.jpg 478w, https:\/\/www.iemj.org\/wp-content\/uploads\/2025\/03\/Capture-P_5632-La-Marseillaise-COUV-186x300.jpg 186w\" sizes=\"(max-width: 478px) 100vw, 478px\" \/><\/figure>\n<\/div><\/div>\n\n\n\n<div class=\"wp-block-column is-vertically-aligned-center is-layout-flow wp-block-column-is-layout-flow\"><div class=\"wp-block-image\">\n<figure class=\"aligncenter size-full is-resized\"><img decoding=\"async\" width=\"594\" height=\"869\" src=\"https:\/\/www.iemj.org\/wp-content\/uploads\/2025\/03\/Capture-P_5632-La-Marseillaise-COUV4.jpg\" alt=\"\" class=\"wp-image-119031\" style=\"width:528px;height:auto\" srcset=\"https:\/\/www.iemj.org\/wp-content\/uploads\/2025\/03\/Capture-P_5632-La-Marseillaise-COUV4.jpg 594w, https:\/\/www.iemj.org\/wp-content\/uploads\/2025\/03\/Capture-P_5632-La-Marseillaise-COUV4-205x300.jpg 205w\" sizes=\"(max-width: 594px) 100vw, 594px\" \/><\/figure>\n<\/div><\/div>\n<\/div>\n\n\n\n<div class=\"wp-block-columns are-vertically-aligned-center is-layout-flex wp-container-core-columns-is-layout-9d6595d7 wp-block-columns-is-layout-flex\">\n<div class=\"wp-block-column is-vertically-aligned-center is-layout-flow wp-block-column-is-layout-flow\"><div class=\"wp-block-image\">\n<figure class=\"aligncenter size-full is-resized\"><img loading=\"lazy\" decoding=\"async\" width=\"626\" height=\"889\" src=\"https:\/\/www.iemj.org\/wp-content\/uploads\/2025\/03\/Capture-p_5682-Ceremonie-retour-Alsace-COUV.jpg\" alt=\"\" class=\"wp-image-119037\" style=\"width:514px;height:auto\" srcset=\"https:\/\/www.iemj.org\/wp-content\/uploads\/2025\/03\/Capture-p_5682-Ceremonie-retour-Alsace-COUV.jpg 626w, https:\/\/www.iemj.org\/wp-content\/uploads\/2025\/03\/Capture-p_5682-Ceremonie-retour-Alsace-COUV-211x300.jpg 211w, https:\/\/www.iemj.org\/wp-content\/uploads\/2025\/03\/Capture-p_5682-Ceremonie-retour-Alsace-COUV-600x852.jpg 600w\" sizes=\"(max-width: 626px) 100vw, 626px\" \/><\/figure>\n<\/div><\/div>\n\n\n\n<div class=\"wp-block-column is-vertically-aligned-center is-layout-flow wp-block-column-is-layout-flow\"><div class=\"wp-block-image\">\n<figure class=\"aligncenter size-full is-resized\"><img loading=\"lazy\" decoding=\"async\" width=\"552\" height=\"765\" src=\"https:\/\/www.iemj.org\/wp-content\/uploads\/2025\/03\/Capture-p_5682-Ceremonie-retour-Alsace-Partition.jpg\" alt=\"\" class=\"wp-image-119042\" style=\"width:528px;height:auto\" srcset=\"https:\/\/www.iemj.org\/wp-content\/uploads\/2025\/03\/Capture-p_5682-Ceremonie-retour-Alsace-Partition.jpg 552w, https:\/\/www.iemj.org\/wp-content\/uploads\/2025\/03\/Capture-p_5682-Ceremonie-retour-Alsace-Partition-216x300.jpg 216w\" sizes=\"(max-width: 552px) 100vw, 552px\" \/><\/figure>\n<\/div><\/div>\n<\/div>\n\n\n<p><img loading=\"lazy\" decoding=\"async\" class=\"wp-image-119047 alignleft\" src=\"https:\/\/www.iemj.org\/wp-content\/uploads\/2025\/03\/Capture-P_5403-rite-des-fetes-de-Bertrand-Joseph-p.-143-192x300.jpg\" alt=\"\" width=\"267\" height=\"417\" srcset=\"https:\/\/www.iemj.org\/wp-content\/uploads\/2025\/03\/Capture-P_5403-rite-des-fetes-de-Bertrand-Joseph-p.-143-192x300.jpg 192w, https:\/\/www.iemj.org\/wp-content\/uploads\/2025\/03\/Capture-P_5403-rite-des-fetes-de-Bertrand-Joseph-p.-143.jpg 567w\" sizes=\"(max-width: 267px) 100vw, 267px\" \/>Varias colecciones de anotaciones musicales manuscritas ilustran la transmisi\u00f3n de este repertorio lit\u00fargico en las comunidades jud\u00edas del valle del Rin. En particular, existe un cuaderno\u00a0de <a href=\"http:\/\/www.judaisme-alsalor.fr\/histoire\/rabbins\/hazanim\/bjoseph.htm\" target=\"_blank\" rel=\"noopener\">Bertrand Joseph<\/a>, maestro de Michel Heymann, que contiene numerosas melod\u00edas del ciclo festivo, transcritas con precisi\u00f3n. Otro documento digno de menci\u00f3n es el <em>Gesangbuch f\u00fcr Emil Jacob<\/em>, fechado en 1899, notable por la calidad de su escritura y su conservaci\u00f3n.<\/p>\n<p>La colecci\u00f3n incluye tambi\u00e9n un amplio conjunto de archivos sonoros, grabados principalmente durante los conciertos en los que particip\u00f3 Michel Heymann, a veces en colaboraci\u00f3n con hazzanim de renombre. Estas grabaciones dan testimonio de la precisi\u00f3n, la sensibilidad y la maestr\u00eda necesarias para interpretar el repertorio lit\u00fargico del rito alsaciano. Constituyen un valioso recurso para todo aquel que desee estudiar o conocer el arte cantoral del valle del Rin.<\/p>\n\n\n<div style=\"height:19px\" aria-hidden=\"true\" class=\"wp-block-spacer\"><\/div>\n\n\n\n<figure class=\"wp-block-image size-full\"><img loading=\"lazy\" decoding=\"async\" width=\"960\" height=\"411\" src=\"https:\/\/www.iemj.org\/wp-content\/uploads\/2024\/12\/Capture-P_5598_01_Gesangbuch-fur-Emil-Jacob_Corrigee.jpg\" alt=\"\" class=\"wp-image-119052\" srcset=\"https:\/\/www.iemj.org\/wp-content\/uploads\/2024\/12\/Capture-P_5598_01_Gesangbuch-fur-Emil-Jacob_Corrigee.jpg 960w, https:\/\/www.iemj.org\/wp-content\/uploads\/2024\/12\/Capture-P_5598_01_Gesangbuch-fur-Emil-Jacob_Corrigee-300x128.jpg 300w, https:\/\/www.iemj.org\/wp-content\/uploads\/2024\/12\/Capture-P_5598_01_Gesangbuch-fur-Emil-Jacob_Corrigee-768x329.jpg 768w, https:\/\/www.iemj.org\/wp-content\/uploads\/2024\/12\/Capture-P_5598_01_Gesangbuch-fur-Emil-Jacob_Corrigee-600x257.jpg 600w\" sizes=\"(max-width: 960px) 100vw, 960px\" \/><figcaption class=\"wp-element-caption\"><strong>Gesangbuch f\u00fcr Emil Jacob<\/strong><\/figcaption><\/figure>\n\n\n<p>El descubrimiento m\u00e1s importante de esta colecci\u00f3n es un manuscrito in\u00e9dito de Bernard B\u00f6chner, figura capital de la hazzanout alsaciana. Maestro de coro, B\u00f6chner transcrib\u00eda a menudo las melod\u00edas del rito del valle del Rin para facilitar su interpretaci\u00f3n por los hazzanim. Numerosas partituras manuscritas aisladas de la colecci\u00f3n tambi\u00e9n parecen ser de su mano. Fue el autor de la colecci\u00f3n <em>Schir\u00eb Dovid<\/em>, en la que registr\u00f3 las principales melod\u00edas lit\u00fargicas de esta tradici\u00f3n. El manuscrito encontrado contiene melod\u00edas de Pessa&#8217;h que no aparecen en la edici\u00f3n impresa, lo que sugiere la existencia de un borrador in\u00e9dito de un segundo volumen.<\/p>\n\n\n<div class=\"wp-block-columns is-layout-flex wp-container-core-columns-is-layout-9d6595d7 wp-block-columns-is-layout-flex\">\n<div class=\"wp-block-column is-layout-flow wp-block-column-is-layout-flow\">\n<figure class=\"wp-block-image size-full\"><img loading=\"lazy\" decoding=\"async\" width=\"564\" height=\"907\" src=\"https:\/\/www.iemj.org\/wp-content\/uploads\/2025\/03\/Capture-P_5899-Bochner_Maariv-lil-1-shel-Pessah.jpg\" alt=\"\" class=\"wp-image-119057\" srcset=\"https:\/\/www.iemj.org\/wp-content\/uploads\/2025\/03\/Capture-P_5899-Bochner_Maariv-lil-1-shel-Pessah.jpg 564w, https:\/\/www.iemj.org\/wp-content\/uploads\/2025\/03\/Capture-P_5899-Bochner_Maariv-lil-1-shel-Pessah-187x300.jpg 187w\" sizes=\"(max-width: 564px) 100vw, 564px\" \/><figcaption class=\"wp-element-caption\"><strong>B\u00f6chner &#8211; Maariv lil 1 shel Pessah<\/strong><\/figcaption><\/figure>\n<\/div>\n\n\n\n<div class=\"wp-block-column is-layout-flow wp-block-column-is-layout-flow\">\n<figure class=\"wp-block-image size-full is-resized\"><img loading=\"lazy\" decoding=\"async\" width=\"562\" height=\"904\" src=\"https:\/\/www.iemj.org\/wp-content\/uploads\/2025\/03\/Capture-P_5899-Bochner_Shaharit-leyom-1-shel-PessahPessah.jpg\" alt=\"\" class=\"wp-image-119062\" style=\"width:562px;height:auto\" srcset=\"https:\/\/www.iemj.org\/wp-content\/uploads\/2025\/03\/Capture-P_5899-Bochner_Shaharit-leyom-1-shel-PessahPessah.jpg 562w, https:\/\/www.iemj.org\/wp-content\/uploads\/2025\/03\/Capture-P_5899-Bochner_Shaharit-leyom-1-shel-PessahPessah-187x300.jpg 187w\" sizes=\"(max-width: 562px) 100vw, 562px\" \/><figcaption class=\"wp-element-caption\"><strong>B\u00f6chner &#8211; Shaharit leyom 1 shel Pessah<\/strong><\/figcaption><\/figure>\n<\/div>\n<\/div>\n\n\n<p><a href=\"http:\/\/www.rachelnet.net\/F\/?func=find-c&amp;ccl_term=WHOL+%3D+Michel+Heymann&amp;local_base=iemcg\" target=\"_blank\" rel=\"noopener\">Consultar la colecci\u00f3n Michel Heymann<\/a><\/p>\n<p><a href=\"http:\/\/www.rachelnet.net\/F\/?func=find-c&amp;ccl_term=WAMS+%3D+Michel+Heymann&amp;local_base=iemcg\" target=\"_blank\" rel=\"noopener\">Ver documentos de audio y v\u00eddeo de Michel Heymann<\/a><\/p>\n<p><a href=\"https:\/\/www.iemj.org\/es\/heymann-michel-1952\/\" target=\"_blank\" rel=\"noopener\">M\u00e1s informaci\u00f3n sobre Michel Heymann<\/a><\/p>\n<p><a href=\"https:\/\/www.iemj.org\/es\/michel-heymann-et-la-liturgie-ashkenaze-de-la-vallee-du-rhin\/\" target=\"_blank\" rel=\"noopener\">Vea el v\u00eddeo <em>Michel Heymann y la liturgia asquenaz\u00ed del valle del Rin<\/em><\/a><\/p>\n\n\n<p><\/p>\n","protected":false},"excerpt":{"rendered":"<p>El 7 de diciembre de 2022, Michel Heymann entreg\u00f3 al Instituto Europeo de las M\u00fasicas Jud\u00edas una colecci\u00f3n de archivos que abarca casi cincuenta a\u00f1os de actividad como hazzan en<\/p>\n","protected":false},"author":5,"featured_media":119025,"comment_status":"closed","ping_status":"closed","sticky":false,"template":"","format":"standard","meta":{"_acf_changed":false,"footnotes":""},"categories":[1587],"tags":[],"technique":[],"squelettes":[],"sujet":[2101],"formation":[],"genre":[],"fonds":[],"tradition":[],"type-de-contenu":[],"interprete-compositeur":[3269],"frise":[],"type-devenement":[],"tableaux-liens-externes":[],"class_list":["post-119079","post","type-post","status-publish","format-standard","has-post-thumbnail","hentry","category-fondos-principales-es","sujet-alsacia-lorena-es","interprete-compositeur-michel-heymann-es"],"acf":[],"yoast_head":"<!-- This site is optimized with the Yoast SEO plugin v27.3 - https:\/\/yoast.com\/product\/yoast-seo-wordpress\/ -->\n<title>Fondo Michel Heymann - Institut Europ\u00e9en des Musiques Juives<\/title>\n<meta name=\"robots\" content=\"index, follow, max-snippet:-1, max-image-preview:large, max-video-preview:-1\" \/>\n<link rel=\"canonical\" href=\"https:\/\/www.iemj.org\/es\/fonds-michel-heymann\/\" \/>\n<meta property=\"og:locale\" content=\"es_ES\" \/>\n<meta property=\"og:type\" content=\"article\" \/>\n<meta property=\"og:title\" content=\"Fondo Michel Heymann - Institut Europ\u00e9en des Musiques Juives\" \/>\n<meta property=\"og:description\" content=\"El 7 de diciembre de 2022, Michel Heymann entreg\u00f3 al Instituto Europeo de las M\u00fasicas Jud\u00edas una colecci\u00f3n de archivos que abarca casi cincuenta a\u00f1os de actividad como hazzan en\" \/>\n<meta property=\"og:url\" content=\"https:\/\/www.iemj.org\/es\/fonds-michel-heymann\/\" \/>\n<meta property=\"og:site_name\" content=\"Institut Europ\u00e9en des Musiques Juives\" \/>\n<meta property=\"article:publisher\" content=\"https:\/\/www.facebook.com\/MusiquesJuives\/\" \/>\n<meta property=\"article:published_time\" content=\"2025-03-26T14:56:48+00:00\" \/>\n<meta property=\"article:modified_time\" content=\"2025-03-28T09:31:23+00:00\" \/>\n<meta property=\"og:image\" content=\"https:\/\/www.iemj.org\/wp-content\/uploads\/2025\/03\/Logo-Fonds-Heymann.jpg\" \/>\n\t<meta property=\"og:image:width\" content=\"500\" \/>\n\t<meta property=\"og:image:height\" content=\"500\" \/>\n\t<meta property=\"og:image:type\" content=\"image\/jpeg\" \/>\n<meta name=\"author\" content=\"Jacqueline ROTEN\" \/>\n<meta name=\"twitter:card\" content=\"summary_large_image\" \/>\n<meta name=\"twitter:label1\" content=\"Escrito por\" \/>\n\t<meta name=\"twitter:data1\" content=\"Jacqueline ROTEN\" \/>\n\t<meta name=\"twitter:label2\" content=\"Tiempo de lectura\" \/>\n\t<meta name=\"twitter:data2\" content=\"5 minutos\" \/>\n<script type=\"application\/ld+json\" class=\"yoast-schema-graph\">{\"@context\":\"https:\\\/\\\/schema.org\",\"@graph\":[{\"@type\":\"Article\",\"@id\":\"https:\\\/\\\/www.iemj.org\\\/es\\\/fonds-michel-heymann\\\/#article\",\"isPartOf\":{\"@id\":\"https:\\\/\\\/www.iemj.org\\\/es\\\/fonds-michel-heymann\\\/\"},\"author\":{\"name\":\"Jacqueline ROTEN\",\"@id\":\"https:\\\/\\\/www.iemj.org\\\/es\\\/#\\\/schema\\\/person\\\/358e26c18aca017fcc4cc15437f7279c\"},\"headline\":\"Fondo Michel Heymann\",\"datePublished\":\"2025-03-26T14:56:48+00:00\",\"dateModified\":\"2025-03-28T09:31:23+00:00\",\"mainEntityOfPage\":{\"@id\":\"https:\\\/\\\/www.iemj.org\\\/es\\\/fonds-michel-heymann\\\/\"},\"wordCount\":525,\"publisher\":{\"@id\":\"https:\\\/\\\/www.iemj.org\\\/es\\\/#organization\"},\"image\":{\"@id\":\"https:\\\/\\\/www.iemj.org\\\/es\\\/fonds-michel-heymann\\\/#primaryimage\"},\"thumbnailUrl\":\"https:\\\/\\\/www.iemj.org\\\/wp-content\\\/uploads\\\/2025\\\/03\\\/Logo-Fonds-Heymann.jpg\",\"articleSection\":[\"Fondos principales\"],\"inLanguage\":\"es\"},{\"@type\":\"WebPage\",\"@id\":\"https:\\\/\\\/www.iemj.org\\\/es\\\/fonds-michel-heymann\\\/\",\"url\":\"https:\\\/\\\/www.iemj.org\\\/es\\\/fonds-michel-heymann\\\/\",\"name\":\"Fondo Michel Heymann - Institut Europ\u00e9en des Musiques Juives\",\"isPartOf\":{\"@id\":\"https:\\\/\\\/www.iemj.org\\\/es\\\/#website\"},\"primaryImageOfPage\":{\"@id\":\"https:\\\/\\\/www.iemj.org\\\/es\\\/fonds-michel-heymann\\\/#primaryimage\"},\"image\":{\"@id\":\"https:\\\/\\\/www.iemj.org\\\/es\\\/fonds-michel-heymann\\\/#primaryimage\"},\"thumbnailUrl\":\"https:\\\/\\\/www.iemj.org\\\/wp-content\\\/uploads\\\/2025\\\/03\\\/Logo-Fonds-Heymann.jpg\",\"datePublished\":\"2025-03-26T14:56:48+00:00\",\"dateModified\":\"2025-03-28T09:31:23+00:00\",\"breadcrumb\":{\"@id\":\"https:\\\/\\\/www.iemj.org\\\/es\\\/fonds-michel-heymann\\\/#breadcrumb\"},\"inLanguage\":\"es\",\"potentialAction\":[{\"@type\":\"ReadAction\",\"target\":[\"https:\\\/\\\/www.iemj.org\\\/es\\\/fonds-michel-heymann\\\/\"]}]},{\"@type\":\"ImageObject\",\"inLanguage\":\"es\",\"@id\":\"https:\\\/\\\/www.iemj.org\\\/es\\\/fonds-michel-heymann\\\/#primaryimage\",\"url\":\"https:\\\/\\\/www.iemj.org\\\/wp-content\\\/uploads\\\/2025\\\/03\\\/Logo-Fonds-Heymann.jpg\",\"contentUrl\":\"https:\\\/\\\/www.iemj.org\\\/wp-content\\\/uploads\\\/2025\\\/03\\\/Logo-Fonds-Heymann.jpg\",\"width\":500,\"height\":500},{\"@type\":\"BreadcrumbList\",\"@id\":\"https:\\\/\\\/www.iemj.org\\\/es\\\/fonds-michel-heymann\\\/#breadcrumb\",\"itemListElement\":[{\"@type\":\"ListItem\",\"position\":1,\"name\":\"Accueil\",\"item\":\"https:\\\/\\\/www.iemj.org\\\/es\\\/\"},{\"@type\":\"ListItem\",\"position\":2,\"name\":\"Fondo Michel Heymann\"}]},{\"@type\":\"WebSite\",\"@id\":\"https:\\\/\\\/www.iemj.org\\\/es\\\/#website\",\"url\":\"https:\\\/\\\/www.iemj.org\\\/es\\\/\",\"name\":\"Institut Europ\u00e9en des Musiques Juives\",\"description\":\"Des traditions musicales \u00e0 la port\u00e9e de tous\",\"publisher\":{\"@id\":\"https:\\\/\\\/www.iemj.org\\\/es\\\/#organization\"},\"potentialAction\":[{\"@type\":\"SearchAction\",\"target\":{\"@type\":\"EntryPoint\",\"urlTemplate\":\"https:\\\/\\\/www.iemj.org\\\/es\\\/?s={search_term_string}\"},\"query-input\":{\"@type\":\"PropertyValueSpecification\",\"valueRequired\":true,\"valueName\":\"search_term_string\"}}],\"inLanguage\":\"es\"},{\"@type\":\"Organization\",\"@id\":\"https:\\\/\\\/www.iemj.org\\\/es\\\/#organization\",\"name\":\"Institut Europ\u00e9en des Musiques Juives\",\"url\":\"https:\\\/\\\/www.iemj.org\\\/es\\\/\",\"logo\":{\"@type\":\"ImageObject\",\"inLanguage\":\"es\",\"@id\":\"https:\\\/\\\/www.iemj.org\\\/es\\\/#\\\/schema\\\/logo\\\/image\\\/\",\"url\":\"https:\\\/\\\/www.iemj.org\\\/wp-content\\\/uploads\\\/2021\\\/09\\\/Logo-IEMJ-Paypal.jpg\",\"contentUrl\":\"https:\\\/\\\/www.iemj.org\\\/wp-content\\\/uploads\\\/2021\\\/09\\\/Logo-IEMJ-Paypal.jpg\",\"width\":150,\"height\":50,\"caption\":\"Institut Europ\u00e9en des Musiques Juives\"},\"image\":{\"@id\":\"https:\\\/\\\/www.iemj.org\\\/es\\\/#\\\/schema\\\/logo\\\/image\\\/\"},\"sameAs\":[\"https:\\\/\\\/www.facebook.com\\\/MusiquesJuives\\\/\",\"https:\\\/\\\/www.instagram.com\\\/musiquesjuives\\\/\",\"https:\\\/\\\/www.youtube.com\\\/user\\\/musiquesjuives\"]},{\"@type\":\"Person\",\"@id\":\"https:\\\/\\\/www.iemj.org\\\/es\\\/#\\\/schema\\\/person\\\/358e26c18aca017fcc4cc15437f7279c\",\"name\":\"Jacqueline ROTEN\",\"image\":{\"@type\":\"ImageObject\",\"inLanguage\":\"es\",\"@id\":\"https:\\\/\\\/secure.gravatar.com\\\/avatar\\\/5964256d6c6957de3a3505278957e0fb2a35119ac47ea41827a65301213c810b?s=96&d=mm&r=g\",\"url\":\"https:\\\/\\\/secure.gravatar.com\\\/avatar\\\/5964256d6c6957de3a3505278957e0fb2a35119ac47ea41827a65301213c810b?s=96&d=mm&r=g\",\"contentUrl\":\"https:\\\/\\\/secure.gravatar.com\\\/avatar\\\/5964256d6c6957de3a3505278957e0fb2a35119ac47ea41827a65301213c810b?s=96&d=mm&r=g\",\"caption\":\"Jacqueline ROTEN\"}}]}<\/script>\n<!-- \/ Yoast SEO plugin. -->","yoast_head_json":{"title":"Fondo Michel Heymann - Institut Europ\u00e9en des Musiques Juives","robots":{"index":"index","follow":"follow","max-snippet":"max-snippet:-1","max-image-preview":"max-image-preview:large","max-video-preview":"max-video-preview:-1"},"canonical":"https:\/\/www.iemj.org\/es\/fonds-michel-heymann\/","og_locale":"es_ES","og_type":"article","og_title":"Fondo Michel Heymann - Institut Europ\u00e9en des Musiques Juives","og_description":"El 7 de diciembre de 2022, Michel Heymann entreg\u00f3 al Instituto Europeo de las M\u00fasicas Jud\u00edas una colecci\u00f3n de archivos que abarca casi cincuenta a\u00f1os de actividad como hazzan en","og_url":"https:\/\/www.iemj.org\/es\/fonds-michel-heymann\/","og_site_name":"Institut Europ\u00e9en des Musiques Juives","article_publisher":"https:\/\/www.facebook.com\/MusiquesJuives\/","article_published_time":"2025-03-26T14:56:48+00:00","article_modified_time":"2025-03-28T09:31:23+00:00","og_image":[{"width":500,"height":500,"url":"https:\/\/www.iemj.org\/wp-content\/uploads\/2025\/03\/Logo-Fonds-Heymann.jpg","type":"image\/jpeg"}],"author":"Jacqueline ROTEN","twitter_card":"summary_large_image","twitter_misc":{"Escrito por":"Jacqueline ROTEN","Tiempo de lectura":"5 minutos"},"schema":{"@context":"https:\/\/schema.org","@graph":[{"@type":"Article","@id":"https:\/\/www.iemj.org\/es\/fonds-michel-heymann\/#article","isPartOf":{"@id":"https:\/\/www.iemj.org\/es\/fonds-michel-heymann\/"},"author":{"name":"Jacqueline ROTEN","@id":"https:\/\/www.iemj.org\/es\/#\/schema\/person\/358e26c18aca017fcc4cc15437f7279c"},"headline":"Fondo Michel Heymann","datePublished":"2025-03-26T14:56:48+00:00","dateModified":"2025-03-28T09:31:23+00:00","mainEntityOfPage":{"@id":"https:\/\/www.iemj.org\/es\/fonds-michel-heymann\/"},"wordCount":525,"publisher":{"@id":"https:\/\/www.iemj.org\/es\/#organization"},"image":{"@id":"https:\/\/www.iemj.org\/es\/fonds-michel-heymann\/#primaryimage"},"thumbnailUrl":"https:\/\/www.iemj.org\/wp-content\/uploads\/2025\/03\/Logo-Fonds-Heymann.jpg","articleSection":["Fondos principales"],"inLanguage":"es"},{"@type":"WebPage","@id":"https:\/\/www.iemj.org\/es\/fonds-michel-heymann\/","url":"https:\/\/www.iemj.org\/es\/fonds-michel-heymann\/","name":"Fondo Michel Heymann - Institut Europ\u00e9en des Musiques Juives","isPartOf":{"@id":"https:\/\/www.iemj.org\/es\/#website"},"primaryImageOfPage":{"@id":"https:\/\/www.iemj.org\/es\/fonds-michel-heymann\/#primaryimage"},"image":{"@id":"https:\/\/www.iemj.org\/es\/fonds-michel-heymann\/#primaryimage"},"thumbnailUrl":"https:\/\/www.iemj.org\/wp-content\/uploads\/2025\/03\/Logo-Fonds-Heymann.jpg","datePublished":"2025-03-26T14:56:48+00:00","dateModified":"2025-03-28T09:31:23+00:00","breadcrumb":{"@id":"https:\/\/www.iemj.org\/es\/fonds-michel-heymann\/#breadcrumb"},"inLanguage":"es","potentialAction":[{"@type":"ReadAction","target":["https:\/\/www.iemj.org\/es\/fonds-michel-heymann\/"]}]},{"@type":"ImageObject","inLanguage":"es","@id":"https:\/\/www.iemj.org\/es\/fonds-michel-heymann\/#primaryimage","url":"https:\/\/www.iemj.org\/wp-content\/uploads\/2025\/03\/Logo-Fonds-Heymann.jpg","contentUrl":"https:\/\/www.iemj.org\/wp-content\/uploads\/2025\/03\/Logo-Fonds-Heymann.jpg","width":500,"height":500},{"@type":"BreadcrumbList","@id":"https:\/\/www.iemj.org\/es\/fonds-michel-heymann\/#breadcrumb","itemListElement":[{"@type":"ListItem","position":1,"name":"Accueil","item":"https:\/\/www.iemj.org\/es\/"},{"@type":"ListItem","position":2,"name":"Fondo Michel Heymann"}]},{"@type":"WebSite","@id":"https:\/\/www.iemj.org\/es\/#website","url":"https:\/\/www.iemj.org\/es\/","name":"Institut Europ\u00e9en des Musiques Juives","description":"Des traditions musicales \u00e0 la port\u00e9e de tous","publisher":{"@id":"https:\/\/www.iemj.org\/es\/#organization"},"potentialAction":[{"@type":"SearchAction","target":{"@type":"EntryPoint","urlTemplate":"https:\/\/www.iemj.org\/es\/?s={search_term_string}"},"query-input":{"@type":"PropertyValueSpecification","valueRequired":true,"valueName":"search_term_string"}}],"inLanguage":"es"},{"@type":"Organization","@id":"https:\/\/www.iemj.org\/es\/#organization","name":"Institut Europ\u00e9en des Musiques Juives","url":"https:\/\/www.iemj.org\/es\/","logo":{"@type":"ImageObject","inLanguage":"es","@id":"https:\/\/www.iemj.org\/es\/#\/schema\/logo\/image\/","url":"https:\/\/www.iemj.org\/wp-content\/uploads\/2021\/09\/Logo-IEMJ-Paypal.jpg","contentUrl":"https:\/\/www.iemj.org\/wp-content\/uploads\/2021\/09\/Logo-IEMJ-Paypal.jpg","width":150,"height":50,"caption":"Institut Europ\u00e9en des Musiques Juives"},"image":{"@id":"https:\/\/www.iemj.org\/es\/#\/schema\/logo\/image\/"},"sameAs":["https:\/\/www.facebook.com\/MusiquesJuives\/","https:\/\/www.instagram.com\/musiquesjuives\/","https:\/\/www.youtube.com\/user\/musiquesjuives"]},{"@type":"Person","@id":"https:\/\/www.iemj.org\/es\/#\/schema\/person\/358e26c18aca017fcc4cc15437f7279c","name":"Jacqueline ROTEN","image":{"@type":"ImageObject","inLanguage":"es","@id":"https:\/\/secure.gravatar.com\/avatar\/5964256d6c6957de3a3505278957e0fb2a35119ac47ea41827a65301213c810b?s=96&d=mm&r=g","url":"https:\/\/secure.gravatar.com\/avatar\/5964256d6c6957de3a3505278957e0fb2a35119ac47ea41827a65301213c810b?s=96&d=mm&r=g","contentUrl":"https:\/\/secure.gravatar.com\/avatar\/5964256d6c6957de3a3505278957e0fb2a35119ac47ea41827a65301213c810b?s=96&d=mm&r=g","caption":"Jacqueline ROTEN"}}]}},"_links":{"self":[{"href":"https:\/\/www.iemj.org\/es\/wp-json\/wp\/v2\/posts\/119079","targetHints":{"allow":["GET"]}}],"collection":[{"href":"https:\/\/www.iemj.org\/es\/wp-json\/wp\/v2\/posts"}],"about":[{"href":"https:\/\/www.iemj.org\/es\/wp-json\/wp\/v2\/types\/post"}],"author":[{"embeddable":true,"href":"https:\/\/www.iemj.org\/es\/wp-json\/wp\/v2\/users\/5"}],"replies":[{"embeddable":true,"href":"https:\/\/www.iemj.org\/es\/wp-json\/wp\/v2\/comments?post=119079"}],"version-history":[{"count":0,"href":"https:\/\/www.iemj.org\/es\/wp-json\/wp\/v2\/posts\/119079\/revisions"}],"wp:featuredmedia":[{"embeddable":true,"href":"https:\/\/www.iemj.org\/es\/wp-json\/wp\/v2\/media\/119025"}],"wp:attachment":[{"href":"https:\/\/www.iemj.org\/es\/wp-json\/wp\/v2\/media?parent=119079"}],"wp:term":[{"taxonomy":"category","embeddable":true,"href":"https:\/\/www.iemj.org\/es\/wp-json\/wp\/v2\/categories?post=119079"},{"taxonomy":"post_tag","embeddable":true,"href":"https:\/\/www.iemj.org\/es\/wp-json\/wp\/v2\/tags?post=119079"},{"taxonomy":"technique","embeddable":true,"href":"https:\/\/www.iemj.org\/es\/wp-json\/wp\/v2\/technique?post=119079"},{"taxonomy":"squelettes","embeddable":true,"href":"https:\/\/www.iemj.org\/es\/wp-json\/wp\/v2\/squelettes?post=119079"},{"taxonomy":"sujet","embeddable":true,"href":"https:\/\/www.iemj.org\/es\/wp-json\/wp\/v2\/sujet?post=119079"},{"taxonomy":"formation","embeddable":true,"href":"https:\/\/www.iemj.org\/es\/wp-json\/wp\/v2\/formation?post=119079"},{"taxonomy":"genre","embeddable":true,"href":"https:\/\/www.iemj.org\/es\/wp-json\/wp\/v2\/genre?post=119079"},{"taxonomy":"fonds","embeddable":true,"href":"https:\/\/www.iemj.org\/es\/wp-json\/wp\/v2\/fonds?post=119079"},{"taxonomy":"tradition","embeddable":true,"href":"https:\/\/www.iemj.org\/es\/wp-json\/wp\/v2\/tradition?post=119079"},{"taxonomy":"type-de-contenu","embeddable":true,"href":"https:\/\/www.iemj.org\/es\/wp-json\/wp\/v2\/type-de-contenu?post=119079"},{"taxonomy":"interprete-compositeur","embeddable":true,"href":"https:\/\/www.iemj.org\/es\/wp-json\/wp\/v2\/interprete-compositeur?post=119079"},{"taxonomy":"frise","embeddable":true,"href":"https:\/\/www.iemj.org\/es\/wp-json\/wp\/v2\/frise?post=119079"},{"taxonomy":"type-devenement","embeddable":true,"href":"https:\/\/www.iemj.org\/es\/wp-json\/wp\/v2\/type-devenement?post=119079"},{"taxonomy":"tableaux-liens-externes","embeddable":true,"href":"https:\/\/www.iemj.org\/es\/wp-json\/wp\/v2\/tableaux-liens-externes?post=119079"}],"curies":[{"name":"wp","href":"https:\/\/api.w.org\/{rel}","templated":true}]}}