{"id":121446,"date":"2025-05-28T17:27:21","date_gmt":"2025-05-28T15:27:21","guid":{"rendered":"https:\/\/www.iemj.org\/halphen-georges-1913-2003\/"},"modified":"2025-06-03T13:32:06","modified_gmt":"2025-06-03T11:32:06","slug":"halphen-georges-1913-2003","status":"publish","type":"post","link":"https:\/\/www.iemj.org\/es\/halphen-georges-1913-2003\/","title":{"rendered":"Halphen, Georges (1913-2003)"},"content":{"rendered":"\n<p>Hijo de <a href=\"https:\/\/www.iemj.org\/es\/halphen-fernand-1872-1917\/\" target=\"_blank\" rel=\"noopener\">Fernand Halphen (1872-1917)<\/a> y&nbsp;<a href=\"https:\/\/www.iemj.org\/es\/halphen-alice-1878-1963\/\" target=\"_blank\" rel=\"noopener\">Alice de Koenigswarter (1878-1963)<\/a>, Georges Halphen fue un apasionado coleccionista de arte plenamente implicado en la vida p\u00fablica.<\/p>\n\n\n\n<p>Commandeur de la L\u00e9gion d&#8217;Honneur, officier des Palmes Acad\u00e9miques, commandeur de l&#8217;Ordre du M\u00e9rite Agricole, commandeur des Arts et des Lettres, m\u00e9daille de la jeunesse et des sports, m\u00e9daille d&#8217;or d\u00e9partementale et communale, alcalde honorario de La Chapelle-en-Serval tras 35 a\u00f1os en el cargo, Georges Halphen naci\u00f3 el 9 de marzo de 1913 en el distrito 15 de Par\u00eds y falleci\u00f3 el 6 de mayo de 2003, a los 90 a\u00f1os.<\/p>\n\n\n<div class=\"wp-block-image\">\n<figure class=\"alignleft is-resized\"><img fetchpriority=\"high\" decoding=\"async\" width=\"450\" height=\"337\" src=\"https:\/\/www.iemj.org\/wp-content\/uploads\/2025\/05\/1.Alice-Henriette-et-Georges.jpg\" alt=\"\" class=\"wp-image-121394\" style=\"width:399px;height:auto\" srcset=\"https:\/\/www.iemj.org\/wp-content\/uploads\/2025\/05\/1.Alice-Henriette-et-Georges.jpg 450w, https:\/\/www.iemj.org\/wp-content\/uploads\/2025\/05\/1.Alice-Henriette-et-Georges-300x225.jpg 300w\" sizes=\"(max-width: 450px) 100vw, 450px\" \/><figcaption class=\"wp-element-caption\"><strong>Alice, Henriette y Georges<\/strong><\/figcaption><\/figure>\n<\/div>\n\n\n<p>S\u00f3lo ten\u00eda 4 a\u00f1os cuando su padre muri\u00f3, el 16 de mayo de 1917, de difteria contra\u00edda en el frente. Creci\u00f3 con su hermana <a href=\"https:\/\/www.iemj.org\/es\/schumann-henriette-nee-halphen-1911-2002\/\" target=\"_blank\" rel=\"noopener\">Henriette Halphen (1911-2002)<\/a> y su madre entre el hotel de la rue Dumont-d&#8217;Urville de Par\u00eds y La Chapelle-en-Serval (Oise), donde su padre hab\u00eda encargado al arquitecto Guillaume Tronchet la construcci\u00f3n de un suntuoso castillo entre 1907 y 1911. <span class=\"footnote_referrer\"><a role=\"button\" tabindex=\"0\" onclick=\"footnote_moveToReference_121446_1('footnote_plugin_reference_121446_1_1');\" onkeypress=\"footnote_moveToReference_121446_1('footnote_plugin_reference_121446_1_1');\" ><sup id=\"footnote_plugin_tooltip_121446_1_1\" class=\"footnote_plugin_tooltip_text\">[1]<\/sup><\/a><span id=\"footnote_plugin_tooltip_text_121446_1_1\" class=\"footnote_tooltip\">Este castillo, que originalmente albergaba un teatro, fue vendido a principios de la d\u00e9cada de 1990 y rebautizado como \u00abChateau H\u00f4tel Mont Royal\u00bb. Actualmente es propiedad de una cadena hotelera&nbsp;&#x2026; <span class=\"footnote_tooltip_continue\"  onclick=\"footnote_moveToReference_121446_1('footnote_plugin_reference_121446_1_1');\">Lire la suite<\/span><\/span><\/span><script type=\"text\/javascript\"> jQuery('#footnote_plugin_tooltip_121446_1_1').tooltip({ tip: '#footnote_plugin_tooltip_text_121446_1_1', tipClass: 'footnote_tooltip', effect: 'fade', predelay: 0, fadeInSpeed: 200, delay: 400, fadeOutSpeed: 200, position: 'top center', relative: true, offset: [-7, 0], });<\/script>.<\/p>\n\n\n\n<p>El 25 de enero de 1938, Georges Halphen se casa con <a href=\"https:\/\/gw.geneanet.org\/bourelly?lang=en&amp;n=delamare+deboutteville&amp;p=janine+marie+isabelle\" target=\"_blank\" rel=\"noopener\">Janine Delamare de Boutteville (1908-2005)<\/a>. En 1941, conoci\u00f3 a Mich\u00e8le Bossoutrot (1918-1995), hija del famoso aviador <a href=\"https:\/\/fr.wikipedia.org\/wiki\/Lucien_Bossoutrot\" target=\"_blank\" rel=\"noopener\">Lucien Bossoutrot (1890-1958)<\/a><span class=\"footnote_referrer\"><a role=\"button\" tabindex=\"0\" onclick=\"footnote_moveToReference_121446_1('footnote_plugin_reference_121446_1_2');\" onkeypress=\"footnote_moveToReference_121446_1('footnote_plugin_reference_121446_1_2');\" ><sup id=\"footnote_plugin_tooltip_121446_1_2\" class=\"footnote_plugin_tooltip_text\">[2]<\/sup><\/a><span id=\"footnote_plugin_tooltip_text_121446_1_2\" class=\"footnote_tooltip\">V\u00e9ase tambi\u00e9n su biograf\u00eda en <a href=\"https:\/\/www2.assemblee-nationale.fr\/sycomore\/bio\/(num_dept)\/998\"><span class=\"footnote_url_wrap\">https:\/\/www2.assemblee-<\/span><\/a><a href=\"https:\/\/www2.assemblee-nationale.fr\/sycomore\/bio\/(num_dept)\/998\">nationale.fr\/sycomore\/bio\/(num_dept)\/998<\/a><\/span><\/span><script type=\"text\/javascript\"> jQuery('#footnote_plugin_tooltip_121446_1_2').tooltip({ tip: '#footnote_plugin_tooltip_text_121446_1_2', tipClass: 'footnote_tooltip', effect: 'fade', predelay: 0, fadeInSpeed: 200, delay: 400, fadeOutSpeed: 200, position: 'top center', relative: true, offset: [-7, 0], });<\/script>. Bossoutrot, que formaba parte de una red de resistencia en la regi\u00f3n del Lot, acogi\u00f3 a Georges y a su madre Alice en su casa de Boussac. Del 1 de diciembre de 1942 al 20 de septiembre de 1944, Georges participa en las operaciones de resistencia de la red Buckmaster&nbsp;(<a href=\"https:\/\/en.wikipedia.org\/wiki\/List_of_SOE_F_Section_networks_and_agents\" target=\"_blank\" rel=\"noopener\">Hilaire-WHEELWRIGHT<\/a>) que organiza operaciones de sabotaje y paracaidismo en toda Francia. En 1944, Georges se cas\u00f3 por segunda vez con Mich\u00e8le Bossoutrot, con quien tuvo dos hijos: St\u00e9phane, nacido en mayo de 1942, y Nathalie, nacida en noviembre de 1945. En 1950, se cas\u00f3 por tercera vez con <a href=\"https:\/\/family.rothschildarchive.org\/people\/160-monique-charlotte-therese-de-rothschild-1925-2018\" target=\"_blank\" rel=\"noopener\">Monique de Rothschild (1925-2018)<\/a>, de quien se divorci\u00f3 m\u00e1s tarde para volver a vivir con Janine Delamare de Boutteville.<\/p>\n\n\n\n<div class=\"wp-block-columns are-vertically-aligned-center is-layout-flex wp-container-core-columns-is-layout-9d6595d7 wp-block-columns-is-layout-flex\">\n<div class=\"wp-block-column is-vertically-aligned-center is-layout-flow wp-block-column-is-layout-flow\"><div class=\"wp-block-image\">\n<figure class=\"aligncenter size-full\"><img decoding=\"async\" width=\"337\" height=\"450\" src=\"https:\/\/www.iemj.org\/wp-content\/uploads\/2025\/05\/2.Georges-et-Jeanine-au-Caire_1938_redim.jpg\" alt=\"\" class=\"wp-image-121403\" srcset=\"https:\/\/www.iemj.org\/wp-content\/uploads\/2025\/05\/2.Georges-et-Jeanine-au-Caire_1938_redim.jpg 337w, https:\/\/www.iemj.org\/wp-content\/uploads\/2025\/05\/2.Georges-et-Jeanine-au-Caire_1938_redim-225x300.jpg 225w\" sizes=\"(max-width: 337px) 100vw, 337px\" \/><figcaption class=\"wp-element-caption\"><strong>Georges y Jeanine en El Cairo,1938<\/strong><\/figcaption><\/figure>\n<\/div><\/div>\n\n\n\n<div class=\"wp-block-column is-vertically-aligned-center is-layout-flow wp-block-column-is-layout-flow\"><div class=\"wp-block-image\">\n<figure class=\"aligncenter size-full\"><img decoding=\"async\" width=\"337\" height=\"450\" src=\"https:\/\/www.iemj.org\/wp-content\/uploads\/2025\/05\/3.Michele-Bossoutrot_redim.jpg\" alt=\"\" class=\"wp-image-121408\" srcset=\"https:\/\/www.iemj.org\/wp-content\/uploads\/2025\/05\/3.Michele-Bossoutrot_redim.jpg 337w, https:\/\/www.iemj.org\/wp-content\/uploads\/2025\/05\/3.Michele-Bossoutrot_redim-225x300.jpg 225w\" sizes=\"(max-width: 337px) 100vw, 337px\" \/><figcaption class=\"wp-element-caption\"><strong>Mich\u00e8le Bossoutrot<\/strong><\/figcaption><\/figure>\n<\/div><\/div>\n<\/div>\n\n\n<p>Durante los dos a\u00f1os que pas\u00f3 escondido en el Lot, Georges aprendi\u00f3 a trabajar la tierra, lo que le llev\u00f3 a instalarse en La Chapelle-en-Serval tras la liberaci\u00f3n, en el pabell\u00f3n de caza construido por su padre. Apasionado de la agricultura, se especializa en el cultivo de hierba para la cr\u00eda de caballos y ganado vacuno en el INRA (Institut national de la recherche agronomique), donde conoce a Ren\u00e9 Dumont, fundador del movimiento ecologista, tambi\u00e9n agricultor y simpatizante de izquierdas. Tambi\u00e9n cr\u00eda ganado Charolais y caballos de carreras en el Haras de la Censi\u00e8re.<\/p>\n\n\n<div class=\"wp-block-columns are-vertically-aligned-center is-layout-flex wp-container-core-columns-is-layout-9d6595d7 wp-block-columns-is-layout-flex\">\n<div class=\"wp-block-column is-vertically-aligned-center is-layout-flow wp-block-column-is-layout-flow\"><div class=\"wp-block-image\">\n<figure class=\"aligncenter size-full\"><img loading=\"lazy\" decoding=\"async\" width=\"337\" height=\"450\" src=\"https:\/\/www.iemj.org\/wp-content\/uploads\/2025\/05\/4.Le-Chateau-de-La-Chapelle-en-Serval_redim.jpg\" alt=\"\" class=\"wp-image-121413\" srcset=\"https:\/\/www.iemj.org\/wp-content\/uploads\/2025\/05\/4.Le-Chateau-de-La-Chapelle-en-Serval_redim.jpg 337w, https:\/\/www.iemj.org\/wp-content\/uploads\/2025\/05\/4.Le-Chateau-de-La-Chapelle-en-Serval_redim-225x300.jpg 225w\" sizes=\"(max-width: 337px) 100vw, 337px\" \/><figcaption class=\"wp-element-caption\"><strong>El Castillo de La Chapelle en Serval<\/strong><\/figcaption><\/figure>\n<\/div><\/div>\n\n\n\n<div class=\"wp-block-column is-vertically-aligned-center is-layout-flow wp-block-column-is-layout-flow\"><div class=\"wp-block-image\">\n<figure class=\"aligncenter size-full\"><img loading=\"lazy\" decoding=\"async\" width=\"337\" height=\"450\" src=\"https:\/\/www.iemj.org\/wp-content\/uploads\/2025\/05\/5.Georges-Halphen-dans-ses-champs_redim.jpg\" alt=\"\" class=\"wp-image-121418\" srcset=\"https:\/\/www.iemj.org\/wp-content\/uploads\/2025\/05\/5.Georges-Halphen-dans-ses-champs_redim.jpg 337w, https:\/\/www.iemj.org\/wp-content\/uploads\/2025\/05\/5.Georges-Halphen-dans-ses-champs_redim-225x300.jpg 225w\" sizes=\"(max-width: 337px) 100vw, 337px\" \/><figcaption class=\"wp-element-caption\"><strong>Georges Halphen en sus campos<\/strong><\/figcaption><\/figure>\n<\/div><\/div>\n<\/div>\n\n\n<p>Muy apegado a su pueblo, Georges Halphen fue alcalde de La Chapelle-en-Serval durante 35 a\u00f1os. Desarroll\u00f3 varios proyectos de infraestructuras, como un complejo escolar, un instituto de secundaria, un estadio y viviendas sociales, para las que don\u00f3 un gran terreno y un peque\u00f1o edificio para crear una oficina de correos. M\u00e1s tarde hizo que el municipio adquiriera una hermosa casa Napole\u00f3n III, con un gran parque, que se convirti\u00f3 en el nuevo ayuntamiento de La Chapelle-en-Serval, convirti\u00e9ndolo en uno de los ayuntamientos m\u00e1s bellos del cant\u00f3n. Tambi\u00e9n presidi\u00f3 el comit\u00e9 de urbanismo del Sch\u00e9ma directeur d&#8217;am\u00e9nagement et d&#8217;urbanisme de la Vall\u00e9e de Lisieux.<\/p>\n<p><img loading=\"lazy\" decoding=\"async\" class=\"alignleft  wp-image-121423\" src=\"https:\/\/www.iemj.org\/wp-content\/uploads\/2025\/05\/6.Portrait-de-Fernand-Halphen-enfant-peint-par-Auguste-Renoir-1880-259x300.jpg\" alt=\"\" width=\"198\" height=\"229\" srcset=\"https:\/\/www.iemj.org\/wp-content\/uploads\/2025\/05\/6.Portrait-de-Fernand-Halphen-enfant-peint-par-Auguste-Renoir-1880-259x300.jpg 259w, https:\/\/www.iemj.org\/wp-content\/uploads\/2025\/05\/6.Portrait-de-Fernand-Halphen-enfant-peint-par-Auguste-Renoir-1880.jpg 350w\" sizes=\"(max-width: 198px) 100vw, 198px\" \/><\/p>\n<p>Desde muy joven, Georges se sinti\u00f3 atra\u00eddo por el arte y la arqueolog\u00eda. Uno de sus viajes le llev\u00f3 a Bali en 1938, una isla maravillosa con muy pocos turistas en aquella \u00e9poca. Viaj\u00f3 mucho por Asia, sobre todo por Camboya, y se apasion\u00f3 por el arte de la regi\u00f3n. A lo largo de los a\u00f1os, reuni\u00f3 una notable colecci\u00f3n de arte asi\u00e1tico (de China a Egipto), con objetos de gran calidad, que don\u00f3 a varios museos, entre ellos el museo Guimet, el museo del Quai Branly (tambi\u00e9n conocido como museo de las Artes Primeras) y el museo de Orsay, que recibi\u00f3 un retrato de su padre <em>Fernand Halphen enfant<\/em>, (Fernand Halphen de ni\u00f1o), pintado por Renoir.<\/p>\n<p>Fascinado por los indios peruanos y su civilizaci\u00f3n, Georges Halphen coleccion\u00f3, hacia el final de su vida, las prendas de plumas y los trajes mortuorios que envolv\u00edan a los muertos en sus tumbas, prerrogativa de los reyes y de la \u00e9lite del imperio Inca que, seg\u00fan la creencia, pose\u00edan poderes m\u00edsticos. Fascinado por el tema, organiz\u00f3 una exposici\u00f3n en la Maison de l&#8217;Am\u00e9rique latine en junio de 2003, a la que desgraciadamente no pudo asistir, ya que falleci\u00f3 antes, el 6 de mayo de 2023.<\/p>\n\n\n<div class=\"wp-block-columns are-vertically-aligned-center is-layout-flex wp-container-core-columns-is-layout-9d6595d7 wp-block-columns-is-layout-flex\">\n<div class=\"wp-block-column is-vertically-aligned-center is-layout-flow wp-block-column-is-layout-flow\"><div class=\"wp-block-image\">\n<figure class=\"aligncenter size-full\"><img loading=\"lazy\" decoding=\"async\" width=\"458\" height=\"346\" src=\"https:\/\/www.iemj.org\/wp-content\/uploads\/2025\/05\/7.Capture-Tunique-de-plume-detail_coll-Georges-Halphen_Quai-Branly.jpg\" alt=\"\" class=\"wp-image-121428\" srcset=\"https:\/\/www.iemj.org\/wp-content\/uploads\/2025\/05\/7.Capture-Tunique-de-plume-detail_coll-Georges-Halphen_Quai-Branly.jpg 458w, https:\/\/www.iemj.org\/wp-content\/uploads\/2025\/05\/7.Capture-Tunique-de-plume-detail_coll-Georges-Halphen_Quai-Branly-300x227.jpg 300w\" sizes=\"(max-width: 458px) 100vw, 458px\" \/><\/figure>\n<\/div><\/div>\n\n\n\n<div class=\"wp-block-column is-vertically-aligned-center is-layout-flow wp-block-column-is-layout-flow\"><div class=\"wp-block-image\">\n<figure class=\"aligncenter size-full is-resized\"><img loading=\"lazy\" decoding=\"async\" width=\"357\" height=\"501\" src=\"https:\/\/www.iemj.org\/wp-content\/uploads\/2025\/05\/8.Capture-Tete-de-postiche_coll-Georges-Halphen_Quai-Branly.jpg\" alt=\"\" class=\"wp-image-121433\" style=\"width:254px;height:auto\" srcset=\"https:\/\/www.iemj.org\/wp-content\/uploads\/2025\/05\/8.Capture-Tete-de-postiche_coll-Georges-Halphen_Quai-Branly.jpg 357w, https:\/\/www.iemj.org\/wp-content\/uploads\/2025\/05\/8.Capture-Tete-de-postiche_coll-Georges-Halphen_Quai-Branly-214x300.jpg 214w\" sizes=\"(max-width: 357px) 100vw, 357px\" \/><\/figure>\n<\/div><\/div>\n<\/div>\n\n\n<p>En noviembre de 2023, todas sus colecciones fueron puestas a la venta por la famosa casa de subastas Christie&#8217;s.<\/p>\n<p>Georges Halphen deja tras de s\u00ed la imagen de un hombre apasionado, encantador y de gran rectitud moral. En 1992, \u00e9l y su hermana Henriette Halphen-Schumann crearon la Fundaci\u00f3n Alice y Fernand Halphen, bajo los auspicios de la Fundaci\u00f3n de Francia, que durante muchos a\u00f1os apoy\u00f3 la labor de <a href=\"https:\/\/www.iemj.org\/es\/association-yuval\/\" target=\"_blank\" rel=\"noopener\">Yuval, association fran\u00e7aise pour la pr\u00e9servation des traditions musicales juives<\/a> (una asociaci\u00f3n francesa para la preservaci\u00f3n de las tradiciones musicales jud\u00edas).<\/p>\n<p><a href=\"https:\/\/www.berthomeau.com\/2016\/08\/exile-dans-les-bois-a-la-chapelle-en-serval-chez-georges-halphen-grand-amateur-de-textiles-precolombiens-exposes-au-musee-des-arts-p\" target=\"_blank\" rel=\"noopener\">M\u00e1s informaci\u00f3n sobre Georges Halphen<\/a><\/p>\n\n\n<p><\/p>\n<div class=\"speaker-mute footnotes_reference_container\"> <div class=\"footnote_container_prepare\"><p><span role=\"button\" tabindex=\"0\" class=\"footnote_reference_container_label pointer\" onclick=\"footnote_expand_collapse_reference_container_121446_1();\">&#x202F;<\/span><span role=\"button\" tabindex=\"0\" class=\"footnote_reference_container_collapse_button\" style=\"display: none;\" onclick=\"footnote_expand_collapse_reference_container_121446_1();\">[<a id=\"footnote_reference_container_collapse_button_121446_1\">+<\/a>]<\/span><\/p><\/div> <div id=\"footnote_references_container_121446_1\" style=\"\"><table class=\"footnotes_table footnote-reference-container\"><caption class=\"accessibility\">References<\/caption> <tbody> \r\n\r\n<tr class=\"footnotes_plugin_reference_row\"> <th scope=\"row\" class=\"footnote_plugin_index_combi pointer\"  onclick=\"footnote_moveToAnchor_121446_1('footnote_plugin_tooltip_121446_1_1');\"><a id=\"footnote_plugin_reference_121446_1_1\" class=\"footnote_backlink\">1<\/a><\/th> <td class=\"footnote_plugin_text\">Este castillo, que originalmente albergaba un teatro, fue vendido a principios de la d\u00e9cada de 1990 y rebautizado como \u00abChateau H\u00f4tel Mont Royal\u00bb. Actualmente es propiedad de una cadena hotelera de lujo<\/td><\/tr>\r\n\r\n<tr class=\"footnotes_plugin_reference_row\"> <th scope=\"row\" class=\"footnote_plugin_index_combi pointer\"  onclick=\"footnote_moveToAnchor_121446_1('footnote_plugin_tooltip_121446_1_2');\"><a id=\"footnote_plugin_reference_121446_1_2\" class=\"footnote_backlink\">2<\/a><\/th> <td class=\"footnote_plugin_text\">V\u00e9ase tambi\u00e9n su biograf\u00eda en <a href=\"https:\/\/www2.assemblee-nationale.fr\/sycomore\/bio\/(num_dept)\/998\"><span class=\"footnote_url_wrap\">https:\/\/www2.assemblee-<\/span><\/a><a href=\"https:\/\/www2.assemblee-nationale.fr\/sycomore\/bio\/(num_dept)\/998\">nationale.fr\/sycomore\/bio\/(num_dept)\/998<\/a><\/td><\/tr>\r\n\r\n <\/tbody> <\/table> <\/div><\/div><script type=\"text\/javascript\"> function footnote_expand_reference_container_121446_1() { jQuery('#footnote_references_container_121446_1').show(); jQuery('#footnote_reference_container_collapse_button_121446_1').text('\u2212'); } function footnote_collapse_reference_container_121446_1() { jQuery('#footnote_references_container_121446_1').hide(); jQuery('#footnote_reference_container_collapse_button_121446_1').text('+'); } function footnote_expand_collapse_reference_container_121446_1() { if (jQuery('#footnote_references_container_121446_1').is(':hidden')) { footnote_expand_reference_container_121446_1(); } else { footnote_collapse_reference_container_121446_1(); } } function footnote_moveToReference_121446_1(p_str_TargetID) { footnote_expand_reference_container_121446_1(); var l_obj_Target = jQuery('#' + p_str_TargetID); if (l_obj_Target.length) { jQuery( 'html, body' ).delay( 0 ); jQuery('html, body').animate({ scrollTop: l_obj_Target.offset().top - window.innerHeight * 0.2 }, 380); } } function footnote_moveToAnchor_121446_1(p_str_TargetID) { footnote_expand_reference_container_121446_1(); var l_obj_Target = jQuery('#' + p_str_TargetID); if (l_obj_Target.length) { jQuery( 'html, body' ).delay( 0 ); jQuery('html, body').animate({ scrollTop: l_obj_Target.offset().top - window.innerHeight * 0.2 }, 380); } }<\/script>","protected":false},"excerpt":{"rendered":"<p>Hijo de Fernand Halphen (1872-1917) y&nbsp;Alice de Koenigswarter (1878-1963), Georges Halphen fue un apasionado coleccionista de arte plenamente implicado en la vida p\u00fablica. Commandeur de la L\u00e9gion d&#8217;Honneur, officier des<\/p>\n","protected":false},"author":5,"featured_media":121393,"comment_status":"closed","ping_status":"closed","sticky":false,"template":"","format":"standard","meta":{"_acf_changed":false,"footnotes":""},"categories":[1417],"tags":[],"technique":[],"squelettes":[],"sujet":[],"formation":[],"genre":[],"fonds":[],"tradition":[],"type-de-contenu":[],"interprete-compositeur":[],"frise":[],"type-devenement":[],"tableaux-liens-externes":[],"class_list":["post-121446","post","type-post","status-publish","format-standard","has-post-thumbnail","hentry","category-biografias-es"],"acf":[],"yoast_head":"<!-- This site is optimized with the Yoast SEO plugin v27.3 - https:\/\/yoast.com\/product\/yoast-seo-wordpress\/ -->\n<title>Halphen, Georges (1913-2003) - Institut Europ\u00e9en des Musiques Juives<\/title>\n<meta name=\"robots\" content=\"index, follow, max-snippet:-1, max-image-preview:large, max-video-preview:-1\" \/>\n<link rel=\"canonical\" href=\"https:\/\/www.iemj.org\/es\/halphen-georges-1913-2003\/\" \/>\n<meta property=\"og:locale\" content=\"es_ES\" \/>\n<meta property=\"og:type\" content=\"article\" \/>\n<meta property=\"og:title\" content=\"Halphen, Georges (1913-2003) - Institut Europ\u00e9en des Musiques Juives\" \/>\n<meta property=\"og:description\" content=\"Hijo de Fernand Halphen (1872-1917) y&nbsp;Alice de Koenigswarter (1878-1963), Georges Halphen fue un apasionado coleccionista de arte plenamente implicado en la vida p\u00fablica. Commandeur de la L\u00e9gion d&#8217;Honneur, officier des\" \/>\n<meta property=\"og:url\" content=\"https:\/\/www.iemj.org\/es\/halphen-georges-1913-2003\/\" \/>\n<meta property=\"og:site_name\" content=\"Institut Europ\u00e9en des Musiques Juives\" \/>\n<meta property=\"article:publisher\" content=\"https:\/\/www.facebook.com\/MusiquesJuives\/\" \/>\n<meta property=\"article:published_time\" content=\"2025-05-28T15:27:21+00:00\" \/>\n<meta property=\"article:modified_time\" content=\"2025-06-03T11:32:06+00:00\" \/>\n<meta property=\"og:image\" content=\"https:\/\/www.iemj.org\/wp-content\/uploads\/2025\/05\/Logo-Bio-Georges-Halphen.jpg\" \/>\n\t<meta property=\"og:image:width\" content=\"181\" \/>\n\t<meta property=\"og:image:height\" content=\"218\" \/>\n\t<meta property=\"og:image:type\" content=\"image\/jpeg\" \/>\n<meta name=\"author\" content=\"Jacqueline ROTEN\" \/>\n<meta name=\"twitter:card\" content=\"summary_large_image\" \/>\n<meta name=\"twitter:label1\" content=\"Escrito por\" \/>\n\t<meta name=\"twitter:data1\" content=\"Jacqueline ROTEN\" \/>\n\t<meta name=\"twitter:label2\" content=\"Tiempo de lectura\" \/>\n\t<meta name=\"twitter:data2\" content=\"7 minutos\" \/>\n<script type=\"application\/ld+json\" class=\"yoast-schema-graph\">{\"@context\":\"https:\\\/\\\/schema.org\",\"@graph\":[{\"@type\":\"Article\",\"@id\":\"https:\\\/\\\/www.iemj.org\\\/es\\\/halphen-georges-1913-2003\\\/#article\",\"isPartOf\":{\"@id\":\"https:\\\/\\\/www.iemj.org\\\/es\\\/halphen-georges-1913-2003\\\/\"},\"author\":{\"name\":\"Jacqueline ROTEN\",\"@id\":\"https:\\\/\\\/www.iemj.org\\\/es\\\/#\\\/schema\\\/person\\\/358e26c18aca017fcc4cc15437f7279c\"},\"headline\":\"Halphen, Georges (1913-2003)\",\"datePublished\":\"2025-05-28T15:27:21+00:00\",\"dateModified\":\"2025-06-03T11:32:06+00:00\",\"mainEntityOfPage\":{\"@id\":\"https:\\\/\\\/www.iemj.org\\\/es\\\/halphen-georges-1913-2003\\\/\"},\"wordCount\":921,\"publisher\":{\"@id\":\"https:\\\/\\\/www.iemj.org\\\/es\\\/#organization\"},\"image\":{\"@id\":\"https:\\\/\\\/www.iemj.org\\\/es\\\/halphen-georges-1913-2003\\\/#primaryimage\"},\"thumbnailUrl\":\"https:\\\/\\\/www.iemj.org\\\/wp-content\\\/uploads\\\/2025\\\/05\\\/Logo-Bio-Georges-Halphen.jpg\",\"articleSection\":[\"Biograf\u00edas\"],\"inLanguage\":\"es\"},{\"@type\":\"WebPage\",\"@id\":\"https:\\\/\\\/www.iemj.org\\\/es\\\/halphen-georges-1913-2003\\\/\",\"url\":\"https:\\\/\\\/www.iemj.org\\\/es\\\/halphen-georges-1913-2003\\\/\",\"name\":\"Halphen, Georges (1913-2003) - Institut Europ\u00e9en des Musiques Juives\",\"isPartOf\":{\"@id\":\"https:\\\/\\\/www.iemj.org\\\/es\\\/#website\"},\"primaryImageOfPage\":{\"@id\":\"https:\\\/\\\/www.iemj.org\\\/es\\\/halphen-georges-1913-2003\\\/#primaryimage\"},\"image\":{\"@id\":\"https:\\\/\\\/www.iemj.org\\\/es\\\/halphen-georges-1913-2003\\\/#primaryimage\"},\"thumbnailUrl\":\"https:\\\/\\\/www.iemj.org\\\/wp-content\\\/uploads\\\/2025\\\/05\\\/Logo-Bio-Georges-Halphen.jpg\",\"datePublished\":\"2025-05-28T15:27:21+00:00\",\"dateModified\":\"2025-06-03T11:32:06+00:00\",\"breadcrumb\":{\"@id\":\"https:\\\/\\\/www.iemj.org\\\/es\\\/halphen-georges-1913-2003\\\/#breadcrumb\"},\"inLanguage\":\"es\",\"potentialAction\":[{\"@type\":\"ReadAction\",\"target\":[\"https:\\\/\\\/www.iemj.org\\\/es\\\/halphen-georges-1913-2003\\\/\"]}]},{\"@type\":\"ImageObject\",\"inLanguage\":\"es\",\"@id\":\"https:\\\/\\\/www.iemj.org\\\/es\\\/halphen-georges-1913-2003\\\/#primaryimage\",\"url\":\"https:\\\/\\\/www.iemj.org\\\/wp-content\\\/uploads\\\/2025\\\/05\\\/Logo-Bio-Georges-Halphen.jpg\",\"contentUrl\":\"https:\\\/\\\/www.iemj.org\\\/wp-content\\\/uploads\\\/2025\\\/05\\\/Logo-Bio-Georges-Halphen.jpg\",\"width\":181,\"height\":218},{\"@type\":\"BreadcrumbList\",\"@id\":\"https:\\\/\\\/www.iemj.org\\\/es\\\/halphen-georges-1913-2003\\\/#breadcrumb\",\"itemListElement\":[{\"@type\":\"ListItem\",\"position\":1,\"name\":\"Accueil\",\"item\":\"https:\\\/\\\/www.iemj.org\\\/es\\\/\"},{\"@type\":\"ListItem\",\"position\":2,\"name\":\"Halphen, Georges (1913-2003)\"}]},{\"@type\":\"WebSite\",\"@id\":\"https:\\\/\\\/www.iemj.org\\\/es\\\/#website\",\"url\":\"https:\\\/\\\/www.iemj.org\\\/es\\\/\",\"name\":\"Institut Europ\u00e9en des Musiques Juives\",\"description\":\"Des traditions musicales \u00e0 la port\u00e9e de tous\",\"publisher\":{\"@id\":\"https:\\\/\\\/www.iemj.org\\\/es\\\/#organization\"},\"potentialAction\":[{\"@type\":\"SearchAction\",\"target\":{\"@type\":\"EntryPoint\",\"urlTemplate\":\"https:\\\/\\\/www.iemj.org\\\/es\\\/?s={search_term_string}\"},\"query-input\":{\"@type\":\"PropertyValueSpecification\",\"valueRequired\":true,\"valueName\":\"search_term_string\"}}],\"inLanguage\":\"es\"},{\"@type\":\"Organization\",\"@id\":\"https:\\\/\\\/www.iemj.org\\\/es\\\/#organization\",\"name\":\"Institut Europ\u00e9en des Musiques Juives\",\"url\":\"https:\\\/\\\/www.iemj.org\\\/es\\\/\",\"logo\":{\"@type\":\"ImageObject\",\"inLanguage\":\"es\",\"@id\":\"https:\\\/\\\/www.iemj.org\\\/es\\\/#\\\/schema\\\/logo\\\/image\\\/\",\"url\":\"https:\\\/\\\/www.iemj.org\\\/wp-content\\\/uploads\\\/2021\\\/09\\\/Logo-IEMJ-Paypal.jpg\",\"contentUrl\":\"https:\\\/\\\/www.iemj.org\\\/wp-content\\\/uploads\\\/2021\\\/09\\\/Logo-IEMJ-Paypal.jpg\",\"width\":150,\"height\":50,\"caption\":\"Institut Europ\u00e9en des Musiques Juives\"},\"image\":{\"@id\":\"https:\\\/\\\/www.iemj.org\\\/es\\\/#\\\/schema\\\/logo\\\/image\\\/\"},\"sameAs\":[\"https:\\\/\\\/www.facebook.com\\\/MusiquesJuives\\\/\",\"https:\\\/\\\/www.instagram.com\\\/musiquesjuives\\\/\",\"https:\\\/\\\/www.youtube.com\\\/user\\\/musiquesjuives\"]},{\"@type\":\"Person\",\"@id\":\"https:\\\/\\\/www.iemj.org\\\/es\\\/#\\\/schema\\\/person\\\/358e26c18aca017fcc4cc15437f7279c\",\"name\":\"Jacqueline ROTEN\",\"image\":{\"@type\":\"ImageObject\",\"inLanguage\":\"es\",\"@id\":\"https:\\\/\\\/secure.gravatar.com\\\/avatar\\\/5964256d6c6957de3a3505278957e0fb2a35119ac47ea41827a65301213c810b?s=96&d=mm&r=g\",\"url\":\"https:\\\/\\\/secure.gravatar.com\\\/avatar\\\/5964256d6c6957de3a3505278957e0fb2a35119ac47ea41827a65301213c810b?s=96&d=mm&r=g\",\"contentUrl\":\"https:\\\/\\\/secure.gravatar.com\\\/avatar\\\/5964256d6c6957de3a3505278957e0fb2a35119ac47ea41827a65301213c810b?s=96&d=mm&r=g\",\"caption\":\"Jacqueline ROTEN\"}}]}<\/script>\n<!-- \/ Yoast SEO plugin. -->","yoast_head_json":{"title":"Halphen, Georges (1913-2003) - Institut Europ\u00e9en des Musiques Juives","robots":{"index":"index","follow":"follow","max-snippet":"max-snippet:-1","max-image-preview":"max-image-preview:large","max-video-preview":"max-video-preview:-1"},"canonical":"https:\/\/www.iemj.org\/es\/halphen-georges-1913-2003\/","og_locale":"es_ES","og_type":"article","og_title":"Halphen, Georges (1913-2003) - Institut Europ\u00e9en des Musiques Juives","og_description":"Hijo de Fernand Halphen (1872-1917) y&nbsp;Alice de Koenigswarter (1878-1963), Georges Halphen fue un apasionado coleccionista de arte plenamente implicado en la vida p\u00fablica. Commandeur de la L\u00e9gion d&#8217;Honneur, officier des","og_url":"https:\/\/www.iemj.org\/es\/halphen-georges-1913-2003\/","og_site_name":"Institut Europ\u00e9en des Musiques Juives","article_publisher":"https:\/\/www.facebook.com\/MusiquesJuives\/","article_published_time":"2025-05-28T15:27:21+00:00","article_modified_time":"2025-06-03T11:32:06+00:00","og_image":[{"width":181,"height":218,"url":"https:\/\/www.iemj.org\/wp-content\/uploads\/2025\/05\/Logo-Bio-Georges-Halphen.jpg","type":"image\/jpeg"}],"author":"Jacqueline ROTEN","twitter_card":"summary_large_image","twitter_misc":{"Escrito por":"Jacqueline ROTEN","Tiempo de lectura":"7 minutos"},"schema":{"@context":"https:\/\/schema.org","@graph":[{"@type":"Article","@id":"https:\/\/www.iemj.org\/es\/halphen-georges-1913-2003\/#article","isPartOf":{"@id":"https:\/\/www.iemj.org\/es\/halphen-georges-1913-2003\/"},"author":{"name":"Jacqueline ROTEN","@id":"https:\/\/www.iemj.org\/es\/#\/schema\/person\/358e26c18aca017fcc4cc15437f7279c"},"headline":"Halphen, Georges (1913-2003)","datePublished":"2025-05-28T15:27:21+00:00","dateModified":"2025-06-03T11:32:06+00:00","mainEntityOfPage":{"@id":"https:\/\/www.iemj.org\/es\/halphen-georges-1913-2003\/"},"wordCount":921,"publisher":{"@id":"https:\/\/www.iemj.org\/es\/#organization"},"image":{"@id":"https:\/\/www.iemj.org\/es\/halphen-georges-1913-2003\/#primaryimage"},"thumbnailUrl":"https:\/\/www.iemj.org\/wp-content\/uploads\/2025\/05\/Logo-Bio-Georges-Halphen.jpg","articleSection":["Biograf\u00edas"],"inLanguage":"es"},{"@type":"WebPage","@id":"https:\/\/www.iemj.org\/es\/halphen-georges-1913-2003\/","url":"https:\/\/www.iemj.org\/es\/halphen-georges-1913-2003\/","name":"Halphen, Georges (1913-2003) - Institut Europ\u00e9en des Musiques Juives","isPartOf":{"@id":"https:\/\/www.iemj.org\/es\/#website"},"primaryImageOfPage":{"@id":"https:\/\/www.iemj.org\/es\/halphen-georges-1913-2003\/#primaryimage"},"image":{"@id":"https:\/\/www.iemj.org\/es\/halphen-georges-1913-2003\/#primaryimage"},"thumbnailUrl":"https:\/\/www.iemj.org\/wp-content\/uploads\/2025\/05\/Logo-Bio-Georges-Halphen.jpg","datePublished":"2025-05-28T15:27:21+00:00","dateModified":"2025-06-03T11:32:06+00:00","breadcrumb":{"@id":"https:\/\/www.iemj.org\/es\/halphen-georges-1913-2003\/#breadcrumb"},"inLanguage":"es","potentialAction":[{"@type":"ReadAction","target":["https:\/\/www.iemj.org\/es\/halphen-georges-1913-2003\/"]}]},{"@type":"ImageObject","inLanguage":"es","@id":"https:\/\/www.iemj.org\/es\/halphen-georges-1913-2003\/#primaryimage","url":"https:\/\/www.iemj.org\/wp-content\/uploads\/2025\/05\/Logo-Bio-Georges-Halphen.jpg","contentUrl":"https:\/\/www.iemj.org\/wp-content\/uploads\/2025\/05\/Logo-Bio-Georges-Halphen.jpg","width":181,"height":218},{"@type":"BreadcrumbList","@id":"https:\/\/www.iemj.org\/es\/halphen-georges-1913-2003\/#breadcrumb","itemListElement":[{"@type":"ListItem","position":1,"name":"Accueil","item":"https:\/\/www.iemj.org\/es\/"},{"@type":"ListItem","position":2,"name":"Halphen, Georges (1913-2003)"}]},{"@type":"WebSite","@id":"https:\/\/www.iemj.org\/es\/#website","url":"https:\/\/www.iemj.org\/es\/","name":"Institut Europ\u00e9en des Musiques Juives","description":"Des traditions musicales \u00e0 la port\u00e9e de tous","publisher":{"@id":"https:\/\/www.iemj.org\/es\/#organization"},"potentialAction":[{"@type":"SearchAction","target":{"@type":"EntryPoint","urlTemplate":"https:\/\/www.iemj.org\/es\/?s={search_term_string}"},"query-input":{"@type":"PropertyValueSpecification","valueRequired":true,"valueName":"search_term_string"}}],"inLanguage":"es"},{"@type":"Organization","@id":"https:\/\/www.iemj.org\/es\/#organization","name":"Institut Europ\u00e9en des Musiques Juives","url":"https:\/\/www.iemj.org\/es\/","logo":{"@type":"ImageObject","inLanguage":"es","@id":"https:\/\/www.iemj.org\/es\/#\/schema\/logo\/image\/","url":"https:\/\/www.iemj.org\/wp-content\/uploads\/2021\/09\/Logo-IEMJ-Paypal.jpg","contentUrl":"https:\/\/www.iemj.org\/wp-content\/uploads\/2021\/09\/Logo-IEMJ-Paypal.jpg","width":150,"height":50,"caption":"Institut Europ\u00e9en des Musiques Juives"},"image":{"@id":"https:\/\/www.iemj.org\/es\/#\/schema\/logo\/image\/"},"sameAs":["https:\/\/www.facebook.com\/MusiquesJuives\/","https:\/\/www.instagram.com\/musiquesjuives\/","https:\/\/www.youtube.com\/user\/musiquesjuives"]},{"@type":"Person","@id":"https:\/\/www.iemj.org\/es\/#\/schema\/person\/358e26c18aca017fcc4cc15437f7279c","name":"Jacqueline ROTEN","image":{"@type":"ImageObject","inLanguage":"es","@id":"https:\/\/secure.gravatar.com\/avatar\/5964256d6c6957de3a3505278957e0fb2a35119ac47ea41827a65301213c810b?s=96&d=mm&r=g","url":"https:\/\/secure.gravatar.com\/avatar\/5964256d6c6957de3a3505278957e0fb2a35119ac47ea41827a65301213c810b?s=96&d=mm&r=g","contentUrl":"https:\/\/secure.gravatar.com\/avatar\/5964256d6c6957de3a3505278957e0fb2a35119ac47ea41827a65301213c810b?s=96&d=mm&r=g","caption":"Jacqueline ROTEN"}}]}},"_links":{"self":[{"href":"https:\/\/www.iemj.org\/es\/wp-json\/wp\/v2\/posts\/121446","targetHints":{"allow":["GET"]}}],"collection":[{"href":"https:\/\/www.iemj.org\/es\/wp-json\/wp\/v2\/posts"}],"about":[{"href":"https:\/\/www.iemj.org\/es\/wp-json\/wp\/v2\/types\/post"}],"author":[{"embeddable":true,"href":"https:\/\/www.iemj.org\/es\/wp-json\/wp\/v2\/users\/5"}],"replies":[{"embeddable":true,"href":"https:\/\/www.iemj.org\/es\/wp-json\/wp\/v2\/comments?post=121446"}],"version-history":[{"count":0,"href":"https:\/\/www.iemj.org\/es\/wp-json\/wp\/v2\/posts\/121446\/revisions"}],"wp:featuredmedia":[{"embeddable":true,"href":"https:\/\/www.iemj.org\/es\/wp-json\/wp\/v2\/media\/121393"}],"wp:attachment":[{"href":"https:\/\/www.iemj.org\/es\/wp-json\/wp\/v2\/media?parent=121446"}],"wp:term":[{"taxonomy":"category","embeddable":true,"href":"https:\/\/www.iemj.org\/es\/wp-json\/wp\/v2\/categories?post=121446"},{"taxonomy":"post_tag","embeddable":true,"href":"https:\/\/www.iemj.org\/es\/wp-json\/wp\/v2\/tags?post=121446"},{"taxonomy":"technique","embeddable":true,"href":"https:\/\/www.iemj.org\/es\/wp-json\/wp\/v2\/technique?post=121446"},{"taxonomy":"squelettes","embeddable":true,"href":"https:\/\/www.iemj.org\/es\/wp-json\/wp\/v2\/squelettes?post=121446"},{"taxonomy":"sujet","embeddable":true,"href":"https:\/\/www.iemj.org\/es\/wp-json\/wp\/v2\/sujet?post=121446"},{"taxonomy":"formation","embeddable":true,"href":"https:\/\/www.iemj.org\/es\/wp-json\/wp\/v2\/formation?post=121446"},{"taxonomy":"genre","embeddable":true,"href":"https:\/\/www.iemj.org\/es\/wp-json\/wp\/v2\/genre?post=121446"},{"taxonomy":"fonds","embeddable":true,"href":"https:\/\/www.iemj.org\/es\/wp-json\/wp\/v2\/fonds?post=121446"},{"taxonomy":"tradition","embeddable":true,"href":"https:\/\/www.iemj.org\/es\/wp-json\/wp\/v2\/tradition?post=121446"},{"taxonomy":"type-de-contenu","embeddable":true,"href":"https:\/\/www.iemj.org\/es\/wp-json\/wp\/v2\/type-de-contenu?post=121446"},{"taxonomy":"interprete-compositeur","embeddable":true,"href":"https:\/\/www.iemj.org\/es\/wp-json\/wp\/v2\/interprete-compositeur?post=121446"},{"taxonomy":"frise","embeddable":true,"href":"https:\/\/www.iemj.org\/es\/wp-json\/wp\/v2\/frise?post=121446"},{"taxonomy":"type-devenement","embeddable":true,"href":"https:\/\/www.iemj.org\/es\/wp-json\/wp\/v2\/type-devenement?post=121446"},{"taxonomy":"tableaux-liens-externes","embeddable":true,"href":"https:\/\/www.iemj.org\/es\/wp-json\/wp\/v2\/tableaux-liens-externes?post=121446"}],"curies":[{"name":"wp","href":"https:\/\/api.w.org\/{rel}","templated":true}]}}