{"id":121644,"date":"2025-06-02T17:08:54","date_gmt":"2025-06-02T15:08:54","guid":{"rendered":"https:\/\/www.iemj.org\/dans-les-salons-de-musique-parisiens\/"},"modified":"2025-06-08T11:19:11","modified_gmt":"2025-06-08T09:19:11","slug":"dans-les-salons-de-musique-parisiens","status":"publish","type":"post","link":"https:\/\/www.iemj.org\/es\/dans-les-salons-de-musique-parisiens\/","title":{"rendered":"En los salones de m\u00fasica parisinos"},"content":{"rendered":"\n<h1 class=\"wp-block-heading\">Mecenas, m\u00fasicos y compositores jud\u00edos a finales del siglo XIX<\/h1>\n\n\n\n<p><\/p>\n\n\n\n<h3 class=\"wp-block-heading\">El concierto ir\u00e1 precedido de una presentaci\u00f3n hist\u00f3rica y musical de las obras a cargo de Laure Schnapper, music\u00f3loga de la EHESS y Presidenta del Instituto Europeo de las M\u00fasicas Jud\u00edas.<\/h3>\n\n\n\n<!--more-->\n\n\n\n<p><strong>Benjamin Alunni (canto), David Bismuth (piano) y Sarah Iancu (violonchelo)<\/strong><\/p>\n\n\n\n<p>A principios del siglo XX, la vida musical francesa depend\u00eda sobre todo del apoyo de algunos mecenas ilustrados, amantes de la m\u00fasica y a menudo compositores. Entre estos mecenas hab\u00eda un gran n\u00famero de jud\u00edos -o israelitas- que dirig\u00edan salones de m\u00fasica donde actuaban los m\u00e1s grandes compositores y artistas.<\/p>\n\n\n\n<p>Durante una velada, este concierto nos sumerge en el ambiente de estos salones de m\u00fasica, presentando obras de <a href=\"https:\/\/www.iemj.org\/es\/camondo-isaac-de-1850-1911\/\" target=\"_blank\" rel=\"noreferrer noopener\">Isaac de Camondo<\/a>, <a href=\"https:\/\/www.iemj.org\/es\/henry-deutsch-de-la-meurthe-1846-1919\/\">Henry Deutsch de la Meurthe<\/a>, <a href=\"https:\/\/www.iemj.org\/es\/hahn-reynaldo-1874-1947\/\" target=\"_blank\" rel=\"noreferrer noopener\">Reynaldo Hahn<\/a>, <a href=\"https:\/\/www.iemj.org\/es\/halphen-fernand-1872-1917\/\" target=\"_blank\" rel=\"noreferrer noopener\">Fernand Halphen<\/a> y <a href=\"https:\/\/www.iemj.org\/es\/cahen-danvers-albert-1846-1903\/\" target=\"_blank\" rel=\"noreferrer noopener\">Albert Cahen d\u2019Anvers<\/a>, que fueron estrenadas all\u00ed. Las melod\u00edas y la m\u00fasica de c\u00e1mara reinaron en esta \u00e9poca, contribuyendo a la edad de oro de la m\u00fasica francesa, cuyos m\u00e1ximos exponentes fueron Gabriel Faur\u00e9, Claude Debussy y Maurice Ravel.<\/p>\n\n\n<div class=\"wp-block-image\">\n<figure class=\"aligncenter size-full\"><img fetchpriority=\"high\" decoding=\"async\" width=\"925\" height=\"236\" src=\"https:\/\/www.iemj.org\/wp-content\/uploads\/2025\/06\/Bandeau-Portraits-compositeurs.jpg\" alt=\"\" class=\"wp-image-121603\" srcset=\"https:\/\/www.iemj.org\/wp-content\/uploads\/2025\/06\/Bandeau-Portraits-compositeurs.jpg 925w, https:\/\/www.iemj.org\/wp-content\/uploads\/2025\/06\/Bandeau-Portraits-compositeurs-300x77.jpg 300w, https:\/\/www.iemj.org\/wp-content\/uploads\/2025\/06\/Bandeau-Portraits-compositeurs-768x196.jpg 768w, https:\/\/www.iemj.org\/wp-content\/uploads\/2025\/06\/Bandeau-Portraits-compositeurs-600x153.jpg 600w\" sizes=\"(max-width: 925px) 100vw, 925px\" \/><\/figure>\n<\/div>\n\n\n<hr class=\"wp-block-separator has-text-color has-gray-color has-alpha-channel-opacity has-gray-background-color has-background is-style-default\"\/>\n\n\n\n<p><strong>Laure Schnapper<\/strong><\/p>\n\n\n\n<p>Laure Schnapper ha dedicado numerosos art\u00edculos a la historia de la vida musical en Francia en el siglo XIX y varios libros a compositores jud\u00edos:&nbsp;<em>Henri Herz, magnat du piano. La vie musicale en France au 19e si\u00e8cle&nbsp;<\/em>(EHESS, 2011<em>,&nbsp;<\/em>Prix des Muses 2012)&nbsp;;&nbsp;<em>Du salon au front. Fernand Halphen (1872-1917), compositeur, m\u00e9c\u00e8ne et chef de musique militaire<\/em>&nbsp;(Hermann, 2017) y&nbsp;<em>Musique et musiciens de bal. Isaac Strauss au service de Napol\u00e9on III<\/em>&nbsp;(Hermann, 2023, Prix Eug\u00e8ne-Carri\u00e8re de l\u2019Acad\u00e9mie fran\u00e7aise). Actualmente trabaja en un libro dedicado a Isaac de Camondo.<\/p>\n\n\n\n<p><strong>Sarah Iancu<\/strong><\/p>\n\n\n\n<p>Sarah Iancu es laureada del Concurso Rostropovitch y obtuvo por unanimidad el Primer Premio de violonchelo del Conservatorio Nacional Superior de M\u00fasica de Par\u00eds. Violonchelista solista de la Orquesta Nacional del Capitole de Toulouse desde 2002, es tambi\u00e9n profesora de violonchelo en el Instituto Superior de Artes de Toulouse. Paralelamente, desarrolla una intensa actividad camer\u00edstica, especialmente en d\u00fao con el pianista David Bismuth, con quien ha grabado dos \u00e1lbumes titulados \u00abM\u00e9lodies H\u00e9bra\u00efques\u00bb, publicados por las Editions de l&#8217;Institut Europ\u00e9en des Musiques Juives.<\/p>\n\n\n\n<p><strong>David Bismuth<\/strong><\/p>\n\n\n\n<p>Nombrado por la revista Pianiste como uno de los diez pianistas franceses m\u00e1s prometedores de su generaci\u00f3n, David Bismuth ingres\u00f3 en el Conservatorio Nacional Superior de Par\u00eds a los catorce a\u00f1os, estudiando con Gabriel Tacchino y despu\u00e9s con Brigitte Engerer. Posteriormente se perfeccion\u00f3 con Monique Deschauss\u00e9es, heredera de Alfred Cortot, y con la gran pianista Maria Joao Pires. En las \u00faltimas temporadas, David Bismuth ha actuado con la Orquesta de Par\u00eds (Sala Pleyel), la Orquesta Nacional de Francia (Teatro del Ch\u00e2telet), la Orquesta Nacional del Capitolio de Toulouse y la Orquesta de Niza, bajo la batuta de directores como Andris Nelsons, Jaap van Zweden, Jean-Christophe Spinosi, Cornelius Meister, Michel Plasson y Rinaldo Alessandrini.<\/p>\n\n\n\n<p><strong>Benjamin Alumni<\/strong><\/p>\n\n\n\n<p>Benjamin Alunni estudi\u00f3 canto en el Conservatorio Nacional Superior de M\u00fasica y Danza de Par\u00eds antes de ingresar en la Academia Noruega de M\u00fasica de Oslo. Comenz\u00f3 su carrera como tenor y flautista, aprendiendo el repertorio barroco con Skip Semp\u00e9, Christophe Rousset y, sobre todo, William Christie, con quien particip\u00f3 en la legendaria recreaci\u00f3n de \u201cAtys\u201d de Lully en 2011. Pero la m\u00e9lodie francesa, los lieder y la m\u00fasica contempor\u00e1nea tambi\u00e9n figuran entre sus pasiones. Ganador del Prix des Amis du Festival d&#8217;Art Lyrique d&#8217;Aix en Provence, colabora con numerosas instituciones del panorama oper\u00edstico internacional, como La Monnaie de Bruselas, la \u00d3pera de Tel Aviv y la Op\u00e9ra-Comique de Par\u00eds. A finales de 2017, lanz\u00f3 su primer CD en solitario Confluence{s}, que mezcla melod\u00edas francesas del siglo XX con melod\u00edas tradicionales de la cultura jud\u00eda (Klarthe Records).<\/p>\n\n\n\n<p>Ver v\u00eddeos de conciertos anteriores de Sarah Iancu y David Bismuth<\/p>\n\n\n\n<ul class=\"wp-block-list\">\n<li><a href=\"https:\/\/www.iemj.org\/es\/concert-melodies-hebraiques\/\" target=\"_blank\" rel=\"noreferrer noopener\">https:\/\/www.iemj.org\/es\/concert-melodies-hebraiques<\/a><\/li>\n<\/ul>\n\n\n\n<ul class=\"wp-block-list\">\n<li><a href=\"https:\/\/youtu.be\/iLMg5s3Zdwo\" target=\"_blank\" rel=\"noreferrer noopener\">https:\/\/youtu.be\/iLMg5s3Zdwo<\/a><\/li>\n<\/ul>\n\n\n\n<p>Escuche extractos del CD Confluence{s} interpretados por Benjamin Alunni<\/p>\n\n\n\n<ul class=\"wp-block-list\">\n<li><a href=\"https:\/\/www.iemj.org\/es\/confluences\/\" target=\"_blank\" rel=\"noreferrer noopener\">https:\/\/www.iemj.org\/es\/confluences<\/a><\/li>\n<\/ul>\n\n\n<div class=\"wp-block-image\">\n<figure class=\"aligncenter size-large is-resized\"><a href=\"https:\/\/www.festivaldesculturesjuives.org\/\" target=\"_blank\" rel=\" noreferrer noopener\"><img decoding=\"async\" width=\"1024\" height=\"341\" src=\"https:\/\/www.iemj.org\/wp-content\/uploads\/2025\/06\/FDCJ20-Banniere-site-internet-horizontal-1200-x-400-px-1024x341.jpg\" alt=\"\" class=\"wp-image-121612\" style=\"width:982px;height:auto\" srcset=\"https:\/\/www.iemj.org\/wp-content\/uploads\/2025\/06\/FDCJ20-Banniere-site-internet-horizontal-1200-x-400-px-1024x341.jpg 1024w, https:\/\/www.iemj.org\/wp-content\/uploads\/2025\/06\/FDCJ20-Banniere-site-internet-horizontal-1200-x-400-px-300x100.jpg 300w, https:\/\/www.iemj.org\/wp-content\/uploads\/2025\/06\/FDCJ20-Banniere-site-internet-horizontal-1200-x-400-px-768x256.jpg 768w, https:\/\/www.iemj.org\/wp-content\/uploads\/2025\/06\/FDCJ20-Banniere-site-internet-horizontal-1200-x-400-px-600x200.jpg 600w, https:\/\/www.iemj.org\/wp-content\/uploads\/2025\/06\/FDCJ20-Banniere-site-internet-horizontal-1200-x-400-px.jpg 1200w\" sizes=\"(max-width: 1024px) 100vw, 1024px\" \/><\/a><\/figure>\n<\/div>\n\n\n<div style=\"height:9px\" aria-hidden=\"true\" class=\"wp-block-spacer\"><\/div>\n\n\n\n<div class=\"wp-block-columns are-vertically-aligned-center is-layout-flex wp-container-core-columns-is-layout-9d6595d7 wp-block-columns-is-layout-flex\">\n<div class=\"wp-block-column is-vertically-aligned-center is-layout-flow wp-block-column-is-layout-flow\" style=\"flex-basis:45%\">\n<div class=\"wp-block-buttons has-white-background-color has-background is-content-justification-center is-layout-flex wp-container-core-buttons-is-layout-16018d1d wp-block-buttons-is-layout-flex\">\n<div class=\"wp-block-button has-custom-width wp-block-button__width-75 is-style-fill\"><a class=\"wp-block-button__link has-white-color has-text-color has-background has-link-color wp-element-button\" href=\"https:\/\/www.festivaldesculturesjuives.org\/billetterie\/\" style=\"background-color:#3c4b98\" target=\"_blank\" rel=\"noreferrer noopener\"><strong>Je r\u00e9serve<\/strong><\/a><\/div>\n<\/div>\n<\/div>\n\n\n\n<div class=\"wp-block-column is-vertically-aligned-center is-layout-flow wp-block-column-is-layout-flow\">\n<h3 class=\"wp-block-heading has-text-color has-link-color wp-elements-8aee764ac3012d54a52704d9935e550e\" style=\"color:#3c4b98\"><strong>FECHA<\/strong><\/h3>\n\n\n\n<p>25\/06\/2025 20:00<\/p>\n\n\n\n<h3 class=\"wp-block-heading has-text-color has-link-color wp-elements-ae935fa472fbc283e4a22c9a3761ee69\" style=\"color:#3c4b98\"><strong>TARIF<\/strong>A<\/h3>\n\n\n\n<p>Cat\u00e9gorie 1 : 18,00 \u20ac<\/p>\n\n\n\n<h3 class=\"wp-block-heading has-text-color has-link-color wp-elements-7a109ab3286da6021154fd70674f27d5\" style=\"color:#3c4b98\"><strong>LOCALIZACI\u00d3N<\/strong><\/h3>\n\n\n\n<p><strong>Archives nationales \/ H\u00f4tel de Soubise<\/strong><br>60, rue des Francs Bourgeois<br>75003 Paris<\/p>\n<\/div>\n<\/div>\n\n\n\n<hr class=\"wp-block-separator has-text-color has-gray-color has-alpha-channel-opacity has-gray-background-color has-background is-style-default\"\/>\n\n\n\n<h2 class=\"wp-block-heading has-text-align-center\"><strong>Socio(s) \/ Organizador(es)<\/strong><\/h2>\n\n\n\n<hr class=\"wp-block-separator has-text-color has-gray-color has-alpha-channel-opacity has-gray-background-color has-background is-style-default\"\/>\n\n\n\n<div class=\"wp-block-columns are-vertically-aligned-center is-layout-flex wp-container-core-columns-is-layout-9d6595d7 wp-block-columns-is-layout-flex\">\n<div class=\"wp-block-column is-vertically-aligned-center is-layout-flow wp-block-column-is-layout-flow\"><div class=\"wp-block-image\">\n<figure class=\"aligncenter size-full is-resized\"><a href=\"https:\/\/www.iemj.org\/es\/\" target=\"_blank\" rel=\" noreferrer noopener\"><img decoding=\"async\" width=\"532\" height=\"190\" src=\"https:\/\/www.iemj.org\/wp-content\/uploads\/2024\/05\/IEMJ_LOGO_CMJN_HORIZONTAL_sans-fond-Copie-1.png\" alt=\"\" class=\"wp-image-111979\" style=\"width:370px;height:auto\" srcset=\"https:\/\/www.iemj.org\/wp-content\/uploads\/2024\/05\/IEMJ_LOGO_CMJN_HORIZONTAL_sans-fond-Copie-1.png 532w, https:\/\/www.iemj.org\/wp-content\/uploads\/2024\/05\/IEMJ_LOGO_CMJN_HORIZONTAL_sans-fond-Copie-1-300x107.png 300w\" sizes=\"(max-width: 532px) 100vw, 532px\" \/><\/a><\/figure>\n<\/div><\/div>\n\n\n\n<div class=\"wp-block-column is-vertically-aligned-center is-layout-flow wp-block-column-is-layout-flow\"><div class=\"wp-block-image\">\n<figure class=\"aligncenter size-full is-resized\"><a href=\"https:\/\/www.fsju.org\/\" target=\"_blank\" rel=\" noreferrer noopener\"><img loading=\"lazy\" decoding=\"async\" width=\"500\" height=\"190\" src=\"https:\/\/www.iemj.org\/wp-content\/uploads\/2024\/05\/LOGO-FSJU-sans-bl-1-1.jpg\" alt=\"\" class=\"wp-image-111984\" style=\"width:350px;height:auto\" srcset=\"https:\/\/www.iemj.org\/wp-content\/uploads\/2024\/05\/LOGO-FSJU-sans-bl-1-1.jpg 500w, https:\/\/www.iemj.org\/wp-content\/uploads\/2024\/05\/LOGO-FSJU-sans-bl-1-1-300x114.jpg 300w\" sizes=\"(max-width: 500px) 100vw, 500px\" \/><\/a><\/figure>\n<\/div><\/div>\n\n\n\n<div class=\"wp-block-column is-vertically-aligned-center is-layout-flow wp-block-column-is-layout-flow\"><div class=\"wp-block-image\">\n<figure class=\"aligncenter size-full is-resized\"><a href=\"https:\/\/www.archives-nationales.culture.gouv.fr\/\" target=\"_blank\" rel=\" noreferrer noopener\"><img loading=\"lazy\" decoding=\"async\" width=\"420\" height=\"144\" src=\"https:\/\/www.iemj.org\/wp-content\/uploads\/2022\/05\/logo-Archives-nationales.jpg\" alt=\"\" class=\"wp-image-84354\" style=\"width:373px;height:auto\" srcset=\"https:\/\/www.iemj.org\/wp-content\/uploads\/2022\/05\/logo-Archives-nationales.jpg 420w, https:\/\/www.iemj.org\/wp-content\/uploads\/2022\/05\/logo-Archives-nationales-300x103.jpg 300w\" sizes=\"(max-width: 420px) 100vw, 420px\" \/><\/a><\/figure>\n<\/div><\/div>\n<\/div>\n\n\n\n<hr class=\"wp-block-separator has-text-color has-gray-color has-alpha-channel-opacity has-gray-background-color has-background is-style-default\"\/>\n\n\n\n<p><\/p>\n","protected":false},"excerpt":{"rendered":"<p>Mecenas, m\u00fasicos y compositores jud\u00edos a finales del siglo XIX El concierto ir\u00e1 precedido de una presentaci\u00f3n hist\u00f3rica y musical de las obras a cargo de Laure Schnapper, music\u00f3loga de<\/p>\n","protected":false},"author":5,"featured_media":121635,"comment_status":"closed","ping_status":"closed","sticky":false,"template":"","format":"standard","meta":{"_acf_changed":false,"footnotes":""},"categories":[1380,1372],"tags":[],"technique":[],"squelettes":[],"sujet":[],"formation":[],"genre":[1899],"fonds":[],"tradition":[],"type-de-contenu":[],"interprete-compositeur":[3166],"frise":[],"type-devenement":[],"tableaux-liens-externes":[],"class_list":["post-121644","post","type-post","status-publish","format-standard","has-post-thumbnail","hentry","category-conciertos-manifestaciones-es","category-manifestaciones-es","genre-musica-clasica-es","interprete-compositeur-fernand-halphen-es"],"acf":[],"yoast_head":"<!-- This site is optimized with the Yoast SEO plugin v27.3 - https:\/\/yoast.com\/product\/yoast-seo-wordpress\/ -->\n<title>En los salones de m\u00fasica parisinos - Institut Europ\u00e9en des Musiques Juives<\/title>\n<meta name=\"robots\" content=\"index, follow, max-snippet:-1, max-image-preview:large, max-video-preview:-1\" \/>\n<link rel=\"canonical\" href=\"https:\/\/www.iemj.org\/es\/dans-les-salons-de-musique-parisiens\/\" \/>\n<meta property=\"og:locale\" content=\"es_ES\" \/>\n<meta property=\"og:type\" content=\"article\" \/>\n<meta property=\"og:title\" content=\"En los salones de m\u00fasica parisinos - Institut Europ\u00e9en des Musiques Juives\" \/>\n<meta property=\"og:description\" content=\"Mecenas, m\u00fasicos y compositores jud\u00edos a finales del siglo XIX El concierto ir\u00e1 precedido de una presentaci\u00f3n hist\u00f3rica y musical de las obras a cargo de Laure Schnapper, music\u00f3loga de\" \/>\n<meta property=\"og:url\" content=\"https:\/\/www.iemj.org\/es\/dans-les-salons-de-musique-parisiens\/\" \/>\n<meta property=\"og:site_name\" content=\"Institut Europ\u00e9en des Musiques Juives\" \/>\n<meta property=\"article:publisher\" content=\"https:\/\/www.facebook.com\/MusiquesJuives\/\" \/>\n<meta property=\"article:published_time\" content=\"2025-06-02T15:08:54+00:00\" \/>\n<meta property=\"article:modified_time\" content=\"2025-06-08T09:19:11+00:00\" \/>\n<meta property=\"og:image\" content=\"https:\/\/www.iemj.org\/wp-content\/uploads\/2025\/06\/Logobis-Manifestation_Salons-de-musique-parisiens.jpg\" \/>\n\t<meta property=\"og:image:width\" content=\"500\" \/>\n\t<meta property=\"og:image:height\" content=\"500\" \/>\n\t<meta property=\"og:image:type\" content=\"image\/jpeg\" \/>\n<meta name=\"author\" content=\"Jacqueline ROTEN\" \/>\n<meta name=\"twitter:card\" content=\"summary_large_image\" \/>\n<meta name=\"twitter:label1\" content=\"Escrito por\" \/>\n\t<meta name=\"twitter:data1\" content=\"Jacqueline ROTEN\" \/>\n\t<meta name=\"twitter:label2\" content=\"Tiempo de lectura\" \/>\n\t<meta name=\"twitter:data2\" content=\"5 minutos\" \/>\n<script type=\"application\/ld+json\" class=\"yoast-schema-graph\">{\"@context\":\"https:\\\/\\\/schema.org\",\"@graph\":[{\"@type\":\"Article\",\"@id\":\"https:\\\/\\\/www.iemj.org\\\/es\\\/dans-les-salons-de-musique-parisiens\\\/#article\",\"isPartOf\":{\"@id\":\"https:\\\/\\\/www.iemj.org\\\/es\\\/dans-les-salons-de-musique-parisiens\\\/\"},\"author\":{\"name\":\"Jacqueline ROTEN\",\"@id\":\"https:\\\/\\\/www.iemj.org\\\/es\\\/#\\\/schema\\\/person\\\/358e26c18aca017fcc4cc15437f7279c\"},\"headline\":\"En los salones de m\u00fasica parisinos\",\"datePublished\":\"2025-06-02T15:08:54+00:00\",\"dateModified\":\"2025-06-08T09:19:11+00:00\",\"mainEntityOfPage\":{\"@id\":\"https:\\\/\\\/www.iemj.org\\\/es\\\/dans-les-salons-de-musique-parisiens\\\/\"},\"wordCount\":741,\"publisher\":{\"@id\":\"https:\\\/\\\/www.iemj.org\\\/es\\\/#organization\"},\"image\":{\"@id\":\"https:\\\/\\\/www.iemj.org\\\/es\\\/dans-les-salons-de-musique-parisiens\\\/#primaryimage\"},\"thumbnailUrl\":\"https:\\\/\\\/www.iemj.org\\\/wp-content\\\/uploads\\\/2025\\\/06\\\/Logobis-Manifestation_Salons-de-musique-parisiens.jpg\",\"articleSection\":[\"Conciertos\",\"Manifestaciones\"],\"inLanguage\":\"es\"},{\"@type\":\"WebPage\",\"@id\":\"https:\\\/\\\/www.iemj.org\\\/es\\\/dans-les-salons-de-musique-parisiens\\\/\",\"url\":\"https:\\\/\\\/www.iemj.org\\\/es\\\/dans-les-salons-de-musique-parisiens\\\/\",\"name\":\"En los salones de m\u00fasica parisinos - Institut Europ\u00e9en des Musiques Juives\",\"isPartOf\":{\"@id\":\"https:\\\/\\\/www.iemj.org\\\/es\\\/#website\"},\"primaryImageOfPage\":{\"@id\":\"https:\\\/\\\/www.iemj.org\\\/es\\\/dans-les-salons-de-musique-parisiens\\\/#primaryimage\"},\"image\":{\"@id\":\"https:\\\/\\\/www.iemj.org\\\/es\\\/dans-les-salons-de-musique-parisiens\\\/#primaryimage\"},\"thumbnailUrl\":\"https:\\\/\\\/www.iemj.org\\\/wp-content\\\/uploads\\\/2025\\\/06\\\/Logobis-Manifestation_Salons-de-musique-parisiens.jpg\",\"datePublished\":\"2025-06-02T15:08:54+00:00\",\"dateModified\":\"2025-06-08T09:19:11+00:00\",\"breadcrumb\":{\"@id\":\"https:\\\/\\\/www.iemj.org\\\/es\\\/dans-les-salons-de-musique-parisiens\\\/#breadcrumb\"},\"inLanguage\":\"es\",\"potentialAction\":[{\"@type\":\"ReadAction\",\"target\":[\"https:\\\/\\\/www.iemj.org\\\/es\\\/dans-les-salons-de-musique-parisiens\\\/\"]}]},{\"@type\":\"ImageObject\",\"inLanguage\":\"es\",\"@id\":\"https:\\\/\\\/www.iemj.org\\\/es\\\/dans-les-salons-de-musique-parisiens\\\/#primaryimage\",\"url\":\"https:\\\/\\\/www.iemj.org\\\/wp-content\\\/uploads\\\/2025\\\/06\\\/Logobis-Manifestation_Salons-de-musique-parisiens.jpg\",\"contentUrl\":\"https:\\\/\\\/www.iemj.org\\\/wp-content\\\/uploads\\\/2025\\\/06\\\/Logobis-Manifestation_Salons-de-musique-parisiens.jpg\",\"width\":500,\"height\":500},{\"@type\":\"BreadcrumbList\",\"@id\":\"https:\\\/\\\/www.iemj.org\\\/es\\\/dans-les-salons-de-musique-parisiens\\\/#breadcrumb\",\"itemListElement\":[{\"@type\":\"ListItem\",\"position\":1,\"name\":\"Accueil\",\"item\":\"https:\\\/\\\/www.iemj.org\\\/es\\\/\"},{\"@type\":\"ListItem\",\"position\":2,\"name\":\"En los salones de m\u00fasica parisinos\"}]},{\"@type\":\"WebSite\",\"@id\":\"https:\\\/\\\/www.iemj.org\\\/es\\\/#website\",\"url\":\"https:\\\/\\\/www.iemj.org\\\/es\\\/\",\"name\":\"Institut Europ\u00e9en des Musiques Juives\",\"description\":\"Des traditions musicales \u00e0 la port\u00e9e de tous\",\"publisher\":{\"@id\":\"https:\\\/\\\/www.iemj.org\\\/es\\\/#organization\"},\"potentialAction\":[{\"@type\":\"SearchAction\",\"target\":{\"@type\":\"EntryPoint\",\"urlTemplate\":\"https:\\\/\\\/www.iemj.org\\\/es\\\/?s={search_term_string}\"},\"query-input\":{\"@type\":\"PropertyValueSpecification\",\"valueRequired\":true,\"valueName\":\"search_term_string\"}}],\"inLanguage\":\"es\"},{\"@type\":\"Organization\",\"@id\":\"https:\\\/\\\/www.iemj.org\\\/es\\\/#organization\",\"name\":\"Institut Europ\u00e9en des Musiques Juives\",\"url\":\"https:\\\/\\\/www.iemj.org\\\/es\\\/\",\"logo\":{\"@type\":\"ImageObject\",\"inLanguage\":\"es\",\"@id\":\"https:\\\/\\\/www.iemj.org\\\/es\\\/#\\\/schema\\\/logo\\\/image\\\/\",\"url\":\"https:\\\/\\\/www.iemj.org\\\/wp-content\\\/uploads\\\/2021\\\/09\\\/Logo-IEMJ-Paypal.jpg\",\"contentUrl\":\"https:\\\/\\\/www.iemj.org\\\/wp-content\\\/uploads\\\/2021\\\/09\\\/Logo-IEMJ-Paypal.jpg\",\"width\":150,\"height\":50,\"caption\":\"Institut Europ\u00e9en des Musiques Juives\"},\"image\":{\"@id\":\"https:\\\/\\\/www.iemj.org\\\/es\\\/#\\\/schema\\\/logo\\\/image\\\/\"},\"sameAs\":[\"https:\\\/\\\/www.facebook.com\\\/MusiquesJuives\\\/\",\"https:\\\/\\\/www.instagram.com\\\/musiquesjuives\\\/\",\"https:\\\/\\\/www.youtube.com\\\/user\\\/musiquesjuives\"]},{\"@type\":\"Person\",\"@id\":\"https:\\\/\\\/www.iemj.org\\\/es\\\/#\\\/schema\\\/person\\\/358e26c18aca017fcc4cc15437f7279c\",\"name\":\"Jacqueline ROTEN\",\"image\":{\"@type\":\"ImageObject\",\"inLanguage\":\"es\",\"@id\":\"https:\\\/\\\/secure.gravatar.com\\\/avatar\\\/5964256d6c6957de3a3505278957e0fb2a35119ac47ea41827a65301213c810b?s=96&d=mm&r=g\",\"url\":\"https:\\\/\\\/secure.gravatar.com\\\/avatar\\\/5964256d6c6957de3a3505278957e0fb2a35119ac47ea41827a65301213c810b?s=96&d=mm&r=g\",\"contentUrl\":\"https:\\\/\\\/secure.gravatar.com\\\/avatar\\\/5964256d6c6957de3a3505278957e0fb2a35119ac47ea41827a65301213c810b?s=96&d=mm&r=g\",\"caption\":\"Jacqueline ROTEN\"}}]}<\/script>\n<!-- \/ Yoast SEO plugin. -->","yoast_head_json":{"title":"En los salones de m\u00fasica parisinos - Institut Europ\u00e9en des Musiques Juives","robots":{"index":"index","follow":"follow","max-snippet":"max-snippet:-1","max-image-preview":"max-image-preview:large","max-video-preview":"max-video-preview:-1"},"canonical":"https:\/\/www.iemj.org\/es\/dans-les-salons-de-musique-parisiens\/","og_locale":"es_ES","og_type":"article","og_title":"En los salones de m\u00fasica parisinos - Institut Europ\u00e9en des Musiques Juives","og_description":"Mecenas, m\u00fasicos y compositores jud\u00edos a finales del siglo XIX El concierto ir\u00e1 precedido de una presentaci\u00f3n hist\u00f3rica y musical de las obras a cargo de Laure Schnapper, music\u00f3loga de","og_url":"https:\/\/www.iemj.org\/es\/dans-les-salons-de-musique-parisiens\/","og_site_name":"Institut Europ\u00e9en des Musiques Juives","article_publisher":"https:\/\/www.facebook.com\/MusiquesJuives\/","article_published_time":"2025-06-02T15:08:54+00:00","article_modified_time":"2025-06-08T09:19:11+00:00","og_image":[{"width":500,"height":500,"url":"https:\/\/www.iemj.org\/wp-content\/uploads\/2025\/06\/Logobis-Manifestation_Salons-de-musique-parisiens.jpg","type":"image\/jpeg"}],"author":"Jacqueline ROTEN","twitter_card":"summary_large_image","twitter_misc":{"Escrito por":"Jacqueline ROTEN","Tiempo de lectura":"5 minutos"},"schema":{"@context":"https:\/\/schema.org","@graph":[{"@type":"Article","@id":"https:\/\/www.iemj.org\/es\/dans-les-salons-de-musique-parisiens\/#article","isPartOf":{"@id":"https:\/\/www.iemj.org\/es\/dans-les-salons-de-musique-parisiens\/"},"author":{"name":"Jacqueline ROTEN","@id":"https:\/\/www.iemj.org\/es\/#\/schema\/person\/358e26c18aca017fcc4cc15437f7279c"},"headline":"En los salones de m\u00fasica parisinos","datePublished":"2025-06-02T15:08:54+00:00","dateModified":"2025-06-08T09:19:11+00:00","mainEntityOfPage":{"@id":"https:\/\/www.iemj.org\/es\/dans-les-salons-de-musique-parisiens\/"},"wordCount":741,"publisher":{"@id":"https:\/\/www.iemj.org\/es\/#organization"},"image":{"@id":"https:\/\/www.iemj.org\/es\/dans-les-salons-de-musique-parisiens\/#primaryimage"},"thumbnailUrl":"https:\/\/www.iemj.org\/wp-content\/uploads\/2025\/06\/Logobis-Manifestation_Salons-de-musique-parisiens.jpg","articleSection":["Conciertos","Manifestaciones"],"inLanguage":"es"},{"@type":"WebPage","@id":"https:\/\/www.iemj.org\/es\/dans-les-salons-de-musique-parisiens\/","url":"https:\/\/www.iemj.org\/es\/dans-les-salons-de-musique-parisiens\/","name":"En los salones de m\u00fasica parisinos - Institut Europ\u00e9en des Musiques Juives","isPartOf":{"@id":"https:\/\/www.iemj.org\/es\/#website"},"primaryImageOfPage":{"@id":"https:\/\/www.iemj.org\/es\/dans-les-salons-de-musique-parisiens\/#primaryimage"},"image":{"@id":"https:\/\/www.iemj.org\/es\/dans-les-salons-de-musique-parisiens\/#primaryimage"},"thumbnailUrl":"https:\/\/www.iemj.org\/wp-content\/uploads\/2025\/06\/Logobis-Manifestation_Salons-de-musique-parisiens.jpg","datePublished":"2025-06-02T15:08:54+00:00","dateModified":"2025-06-08T09:19:11+00:00","breadcrumb":{"@id":"https:\/\/www.iemj.org\/es\/dans-les-salons-de-musique-parisiens\/#breadcrumb"},"inLanguage":"es","potentialAction":[{"@type":"ReadAction","target":["https:\/\/www.iemj.org\/es\/dans-les-salons-de-musique-parisiens\/"]}]},{"@type":"ImageObject","inLanguage":"es","@id":"https:\/\/www.iemj.org\/es\/dans-les-salons-de-musique-parisiens\/#primaryimage","url":"https:\/\/www.iemj.org\/wp-content\/uploads\/2025\/06\/Logobis-Manifestation_Salons-de-musique-parisiens.jpg","contentUrl":"https:\/\/www.iemj.org\/wp-content\/uploads\/2025\/06\/Logobis-Manifestation_Salons-de-musique-parisiens.jpg","width":500,"height":500},{"@type":"BreadcrumbList","@id":"https:\/\/www.iemj.org\/es\/dans-les-salons-de-musique-parisiens\/#breadcrumb","itemListElement":[{"@type":"ListItem","position":1,"name":"Accueil","item":"https:\/\/www.iemj.org\/es\/"},{"@type":"ListItem","position":2,"name":"En los salones de m\u00fasica parisinos"}]},{"@type":"WebSite","@id":"https:\/\/www.iemj.org\/es\/#website","url":"https:\/\/www.iemj.org\/es\/","name":"Institut Europ\u00e9en des Musiques Juives","description":"Des traditions musicales \u00e0 la port\u00e9e de tous","publisher":{"@id":"https:\/\/www.iemj.org\/es\/#organization"},"potentialAction":[{"@type":"SearchAction","target":{"@type":"EntryPoint","urlTemplate":"https:\/\/www.iemj.org\/es\/?s={search_term_string}"},"query-input":{"@type":"PropertyValueSpecification","valueRequired":true,"valueName":"search_term_string"}}],"inLanguage":"es"},{"@type":"Organization","@id":"https:\/\/www.iemj.org\/es\/#organization","name":"Institut Europ\u00e9en des Musiques Juives","url":"https:\/\/www.iemj.org\/es\/","logo":{"@type":"ImageObject","inLanguage":"es","@id":"https:\/\/www.iemj.org\/es\/#\/schema\/logo\/image\/","url":"https:\/\/www.iemj.org\/wp-content\/uploads\/2021\/09\/Logo-IEMJ-Paypal.jpg","contentUrl":"https:\/\/www.iemj.org\/wp-content\/uploads\/2021\/09\/Logo-IEMJ-Paypal.jpg","width":150,"height":50,"caption":"Institut Europ\u00e9en des Musiques Juives"},"image":{"@id":"https:\/\/www.iemj.org\/es\/#\/schema\/logo\/image\/"},"sameAs":["https:\/\/www.facebook.com\/MusiquesJuives\/","https:\/\/www.instagram.com\/musiquesjuives\/","https:\/\/www.youtube.com\/user\/musiquesjuives"]},{"@type":"Person","@id":"https:\/\/www.iemj.org\/es\/#\/schema\/person\/358e26c18aca017fcc4cc15437f7279c","name":"Jacqueline ROTEN","image":{"@type":"ImageObject","inLanguage":"es","@id":"https:\/\/secure.gravatar.com\/avatar\/5964256d6c6957de3a3505278957e0fb2a35119ac47ea41827a65301213c810b?s=96&d=mm&r=g","url":"https:\/\/secure.gravatar.com\/avatar\/5964256d6c6957de3a3505278957e0fb2a35119ac47ea41827a65301213c810b?s=96&d=mm&r=g","contentUrl":"https:\/\/secure.gravatar.com\/avatar\/5964256d6c6957de3a3505278957e0fb2a35119ac47ea41827a65301213c810b?s=96&d=mm&r=g","caption":"Jacqueline ROTEN"}}]}},"_links":{"self":[{"href":"https:\/\/www.iemj.org\/es\/wp-json\/wp\/v2\/posts\/121644","targetHints":{"allow":["GET"]}}],"collection":[{"href":"https:\/\/www.iemj.org\/es\/wp-json\/wp\/v2\/posts"}],"about":[{"href":"https:\/\/www.iemj.org\/es\/wp-json\/wp\/v2\/types\/post"}],"author":[{"embeddable":true,"href":"https:\/\/www.iemj.org\/es\/wp-json\/wp\/v2\/users\/5"}],"replies":[{"embeddable":true,"href":"https:\/\/www.iemj.org\/es\/wp-json\/wp\/v2\/comments?post=121644"}],"version-history":[{"count":0,"href":"https:\/\/www.iemj.org\/es\/wp-json\/wp\/v2\/posts\/121644\/revisions"}],"wp:featuredmedia":[{"embeddable":true,"href":"https:\/\/www.iemj.org\/es\/wp-json\/wp\/v2\/media\/121635"}],"wp:attachment":[{"href":"https:\/\/www.iemj.org\/es\/wp-json\/wp\/v2\/media?parent=121644"}],"wp:term":[{"taxonomy":"category","embeddable":true,"href":"https:\/\/www.iemj.org\/es\/wp-json\/wp\/v2\/categories?post=121644"},{"taxonomy":"post_tag","embeddable":true,"href":"https:\/\/www.iemj.org\/es\/wp-json\/wp\/v2\/tags?post=121644"},{"taxonomy":"technique","embeddable":true,"href":"https:\/\/www.iemj.org\/es\/wp-json\/wp\/v2\/technique?post=121644"},{"taxonomy":"squelettes","embeddable":true,"href":"https:\/\/www.iemj.org\/es\/wp-json\/wp\/v2\/squelettes?post=121644"},{"taxonomy":"sujet","embeddable":true,"href":"https:\/\/www.iemj.org\/es\/wp-json\/wp\/v2\/sujet?post=121644"},{"taxonomy":"formation","embeddable":true,"href":"https:\/\/www.iemj.org\/es\/wp-json\/wp\/v2\/formation?post=121644"},{"taxonomy":"genre","embeddable":true,"href":"https:\/\/www.iemj.org\/es\/wp-json\/wp\/v2\/genre?post=121644"},{"taxonomy":"fonds","embeddable":true,"href":"https:\/\/www.iemj.org\/es\/wp-json\/wp\/v2\/fonds?post=121644"},{"taxonomy":"tradition","embeddable":true,"href":"https:\/\/www.iemj.org\/es\/wp-json\/wp\/v2\/tradition?post=121644"},{"taxonomy":"type-de-contenu","embeddable":true,"href":"https:\/\/www.iemj.org\/es\/wp-json\/wp\/v2\/type-de-contenu?post=121644"},{"taxonomy":"interprete-compositeur","embeddable":true,"href":"https:\/\/www.iemj.org\/es\/wp-json\/wp\/v2\/interprete-compositeur?post=121644"},{"taxonomy":"frise","embeddable":true,"href":"https:\/\/www.iemj.org\/es\/wp-json\/wp\/v2\/frise?post=121644"},{"taxonomy":"type-devenement","embeddable":true,"href":"https:\/\/www.iemj.org\/es\/wp-json\/wp\/v2\/type-devenement?post=121644"},{"taxonomy":"tableaux-liens-externes","embeddable":true,"href":"https:\/\/www.iemj.org\/es\/wp-json\/wp\/v2\/tableaux-liens-externes?post=121644"}],"curies":[{"name":"wp","href":"https:\/\/api.w.org\/{rel}","templated":true}]}}