{"id":122312,"date":"2025-06-23T11:17:10","date_gmt":"2025-06-23T09:17:10","guid":{"rendered":"https:\/\/www.iemj.org\/festival-europeen-des-chorales-juives\/"},"modified":"2025-06-24T10:31:47","modified_gmt":"2025-06-24T08:31:47","slug":"festival-europeen-des-chorales-juives","status":"publish","type":"post","link":"https:\/\/www.iemj.org\/es\/festival-europeen-des-chorales-juives\/","title":{"rendered":"Festival Europeo de Coros Jud\u00edos"},"content":{"rendered":"<p>Tras nueve ediciones en otras capitales, Par\u00eds acoge por primera vez el Festival Europeo de Coros Jud\u00edos.<strong> Nueve de los mejores conjuntos vocales<\/strong> han aceptado la invitaci\u00f3n de la <a href=\"https:\/\/www.euajc.org\/\" target=\"_blank\" rel=\"noopener\">Asociaci\u00f3n Europea de Coros Jud\u00edos (EUAJC)<\/a> para ofrecer un rico repertorio a un amplio p\u00fablico, tanto jud\u00edo como no jud\u00edo.<\/p>\n<p><strong>Seis conciertos gratuitos (<a href=\"https:\/\/www.billetweb.fr\/pro\/feucjp2025\" target=\"_blank\" rel=\"noopener\">es imprescindible reservar<\/a>)<\/strong> le permitir\u00e1n apreciar una ecl\u00e9ctica gama de compositores, \u00e9pocas, lenguas y estilos: desde partituras renacentistas hasta obras contempor\u00e1neas; desde m\u00fasica sacra hasta canciones en yiddish, klezmer o ladino&#8230;<\/p>\n<p>Estos cantos, servidos con pasi\u00f3n y emoci\u00f3n por nueve coros, estar\u00e1n dirigidos por directores profesionales de alto nivel. <a href=\"https:\/\/www.iemj.org\/es\/daniel-itai-1967\/\" target=\"_blank\" rel=\"noopener\">Ita\u00ef Daniel<\/a>, Director Art\u00edstico de esta edici\u00f3n francesa, la presenta bajo el lema \u00abSHALOM\u00bb, palabra hebrea que significa acogida y paz.<\/p>\n<p>El gran concierto de gala tendr\u00e1 lugar en la Salle Gaveau, en el distrito 8 de Par\u00eds, de 14.30 a 18.00 horas, y reunir\u00e1 a los 9 coros con m\u00e1s de 230 coristas de Par\u00eds, Leipzig, Londres, Roma, Estrasburgo, Viena, as\u00ed como Filadelfia, Tel Aviv y Lviv.<\/p>\n<p>Unir\u00e1n sus voces para cantar a la esperanza y a la paz&#8230;<\/p>\n\n\n<div class=\"wp-block-columns is-layout-flex wp-container-core-columns-is-layout-9d6595d7 wp-block-columns-is-layout-flex\">\n<div class=\"wp-block-column is-layout-flow wp-block-column-is-layout-flow\" style=\"flex-basis:33%\">\n<h2 class=\"wp-block-heading has-text-align-center\"><strong>Los Coros:<\/strong><\/h2>\n\n\n\n<ul class=\"wp-block-list\">\n<li><strong>Coro Ha-Kol, Roma<\/strong><\/li>\n\n\n\n<li><strong>Ensemble Choral Copernic, Par\u00eds<\/strong><\/li>\n\n\n\n<li><strong>Ensemble Soularon, Tel Aviv<\/strong><\/li>\n\n\n\n<li><strong>Leipziger Synagogalchor, Leipzig<\/strong><\/li>\n\n\n\n<li><strong>Les Polyphonies H\u00e9bra\u00efques de Strasbourg<\/strong><\/li>\n\n\n\n<li><strong>Nashirah, Filadelfia<\/strong><\/li>\n\n\n\n<li><strong>Shtrudl-Band, Lviv<\/strong><\/li>\n\n\n\n<li><strong>Wiener J\u00fcdischer Chor, Viena<\/strong><\/li>\n\n\n\n<li><strong>Zemel Choir, Londres<\/strong><\/li>\n<\/ul>\n<\/div>\n\n\n\n<div class=\"wp-block-column is-layout-flow wp-block-column-is-layout-flow\" style=\"flex-basis:55%\">\n<h2 style=\"text-align: center;\"><strong>Conciertos:<\/strong><\/h2>\n<ul>\n<li><a href=\"https:\/\/www.iemj.org\/evenement\/concert-dans-le-cadre-du-festival-europeen-des-chorales-juives\/\" target=\"_blank\" rel=\"noopener\"><strong>Concierto jueves 03\/07\/2025 \u2013 Mairie Paris 15e \u2013 de 18:00 a 20:00 h<\/strong><\/a><\/li>\n<li><a href=\"https:\/\/www.iemj.org\/evenement\/concert-dans-le-cadre-du-festival-europeen-des-chorales-juives-4\/\" target=\"_blank\" rel=\"noopener\"><strong>Concierto jueves 03\/07\/2025 \u2013 Mairie Paris Centre \u2013 de 18:00 a 20:00 h<\/strong><\/a><\/li>\n<li><a href=\"https:\/\/www.iemj.org\/evenement\/concert-dans-le-cadre-du-festival-europeen-des-chorales-juives-3\/\" target=\"_blank\" rel=\"noopener\"><strong>Concierto jueves 03\/07\/2025 \u2013\u00a0 Mairie Paris 16e \u2013 de 18:00 a 20:00 h<\/strong><\/a><\/li>\n<li><a href=\"https:\/\/www.iemj.org\/evenement\/concert-dans-le-cadre-du-festival-europeen-des-chorales-juives-2\/\" target=\"_blank\" rel=\"noopener\"><strong>Concierto viernes 04\/07\/2025 \u2013<\/strong>\u00a0<strong>\u00c9glise am\u00e9ricaine de Paris \u2013 de 16:00 a 18:00 h<\/strong><\/a><\/li>\n<li><a href=\"https:\/\/www.iemj.org\/evenement\/concert-du-festival-europeen-des-chorales-juives\/\" target=\"_blank\" rel=\"noopener\"><strong>Concierto viernes 04\/07\/2025 \u2013 Mairie Paris 15e \u2013 de 16:00 a 18:00 h<\/strong><\/a><\/li>\n<li><a href=\"https:\/\/www.iemj.org\/evenement\/concert-du-festival-europeen-des-chorales-juives-2\/\" target=\"_blank\" rel=\"noopener\"><strong>Concierto viernes 04\/07\/2025 \u2013 Synagoga Copernic \u2013 de 15:30 a 17:30 h<\/strong><\/a><\/li>\n<li>\n<h3><a href=\"https:\/\/www.iemj.org\/evenement\/concert-de-gala-du-festival-europeen-des-chorales-juives\/\" target=\"_blank\" rel=\"noopener\"><strong>Concierto de gala del Festival Europeo de Coros Jud\u00edos &#8211; Sala Gaveau &#8211; de 14:30 a 17:45 h<\/strong><\/a><\/h3>\n<\/li>\n<\/ul>\n<\/div>\n<\/div>\n\n\n\n<div style=\"height:8px\" aria-hidden=\"true\" class=\"wp-block-spacer\"><\/div>\n\n\n\n<div class=\"wp-block-buttons is-content-justification-center is-layout-flex wp-container-core-buttons-is-layout-16018d1d wp-block-buttons-is-layout-flex\">\n<div class=\"wp-block-button\"><a class=\"wp-block-button__link has-white-color has-text-color has-background has-link-color wp-element-button\" href=\"https:\/\/www.billetweb.fr\/pro\/feucjp2025\" style=\"background-color:#3c4b98\" target=\"_blank\" rel=\"noreferrer noopener\"><strong>Reservas en l\u00ednea<\/strong><\/a><\/div>\n\n\n\n<div class=\"wp-block-button\"><a class=\"wp-block-button__link has-white-color has-text-color has-background has-link-color wp-element-button\" href=\"https:\/\/www.iemj.org\/wp-content\/uploads\/2025\/06\/Programme-Festival-Europeen-Chorales-Juives-Paris-2025.pdf\" style=\"background-color:#3c4b98\" target=\"_blank\" rel=\"noreferrer noopener\"><strong>Descargar el programa del Festival Europeo de Coros Jud\u00edos Par\u00eds 2025<\/strong><\/a><\/div>\n<\/div>\n\n\n\n<div style=\"height:8px\" aria-hidden=\"true\" class=\"wp-block-spacer\"><\/div>\n\n\n\n<div class=\"wp-block-columns is-layout-flex wp-container-core-columns-is-layout-9d6595d7 wp-block-columns-is-layout-flex\">\n<div class=\"wp-block-column is-vertically-aligned-center is-layout-flow wp-block-column-is-layout-flow\" style=\"flex-basis:66.66%\">\n<div class=\"wp-block-buttons is-content-justification-center is-layout-flex wp-container-core-buttons-is-layout-16018d1d wp-block-buttons-is-layout-flex\">\n<div class=\"wp-block-button\"><a class=\"wp-block-button__link has-white-color has-text-color has-background has-link-color wp-element-button\" href=\"https:\/\/www.recithall.com\/events\/598\" style=\"background-color:#3c4b98\" target=\"_blank\" rel=\"noreferrer noopener\"><strong>Reservas Streaming &amp; Replay<\/strong><\/a><\/div>\n<\/div>\n<\/div>\n\n\n\n<div class=\"wp-block-column is-layout-flow wp-block-column-is-layout-flow\" style=\"flex-basis:33.33%\"><div class=\"wp-block-image\">\n<figure class=\"aligncenter size-full\"><img decoding=\"async\" width=\"163\" height=\"164\" src=\"https:\/\/www.iemj.org\/wp-content\/uploads\/2025\/06\/QrCode.jpg\" alt=\"\" class=\"wp-image-122222\" srcset=\"https:\/\/www.iemj.org\/wp-content\/uploads\/2025\/06\/QrCode.jpg 163w, https:\/\/www.iemj.org\/wp-content\/uploads\/2025\/06\/QrCode-150x150.jpg 150w, https:\/\/www.iemj.org\/wp-content\/uploads\/2025\/06\/QrCode-100x100.jpg 100w\" sizes=\"(max-width: 163px) 100vw, 163px\" \/><\/figure>\n<\/div><\/div>\n<\/div>\n\n\n\n<div style=\"height:8px\" aria-hidden=\"true\" class=\"wp-block-spacer\"><\/div>\n\n\n\n<div style=\"height:8px\" aria-hidden=\"true\" class=\"wp-block-spacer\"><\/div>\n\n\n<div class=\"wp-block-image\">\n<figure class=\"aligncenter size-full\"><img fetchpriority=\"high\" decoding=\"async\" width=\"958\" height=\"78\" src=\"https:\/\/www.iemj.org\/wp-content\/uploads\/2025\/06\/Logos-partenaires.jpg\" alt=\"\" class=\"wp-image-122227\" srcset=\"https:\/\/www.iemj.org\/wp-content\/uploads\/2025\/06\/Logos-partenaires.jpg 958w, https:\/\/www.iemj.org\/wp-content\/uploads\/2025\/06\/Logos-partenaires-300x24.jpg 300w, https:\/\/www.iemj.org\/wp-content\/uploads\/2025\/06\/Logos-partenaires-768x63.jpg 768w, https:\/\/www.iemj.org\/wp-content\/uploads\/2025\/06\/Logos-partenaires-600x49.jpg 600w\" sizes=\"(max-width: 958px) 100vw, 958px\" \/><\/figure>\n<\/div>\n\n\n<div style=\"height:8px\" aria-hidden=\"true\" class=\"wp-block-spacer\"><\/div>\n\n\n\n<div class=\"wp-block-columns are-vertically-aligned-center is-layout-flex wp-container-core-columns-is-layout-9d6595d7 wp-block-columns-is-layout-flex\">\n<div class=\"wp-block-column is-vertically-aligned-center is-layout-flow wp-block-column-is-layout-flow\" style=\"flex-basis:100%\">\n<figure class=\"wp-block-embed is-type-video is-provider-youtube wp-block-embed-youtube wp-embed-aspect-16-9 wp-has-aspect-ratio\"><div class=\"wp-block-embed__wrapper\">\n<iframe title=\"Festival Europ\u00e9en des Chorales Juives - Teaser\" width=\"640\" height=\"360\" src=\"https:\/\/www.youtube.com\/embed\/ZRVOcWGCXVc?feature=oembed\" frameborder=\"0\" allow=\"accelerometer; autoplay; clipboard-write; encrypted-media; gyroscope; picture-in-picture; web-share\" referrerpolicy=\"strict-origin-when-cross-origin\" allowfullscreen><\/iframe>\n<\/div><\/figure>\n<\/div>\n<\/div>\n","protected":false},"excerpt":{"rendered":"<p>Tras nueve ediciones en otras capitales, Par\u00eds acoge por primera vez el Festival Europeo de Coros Jud\u00edos. Nueve de los mejores conjuntos vocales han aceptado la invitaci\u00f3n de la Asociaci\u00f3n<\/p>\n","protected":false},"author":5,"featured_media":122145,"comment_status":"closed","ping_status":"closed","sticky":false,"template":"","format":"standard","meta":{"_acf_changed":false,"footnotes":""},"categories":[1380,1372],"tags":[],"technique":[],"squelettes":[],"sujet":[],"formation":[],"genre":[],"fonds":[],"tradition":[],"type-de-contenu":[],"interprete-compositeur":[],"frise":[],"type-devenement":[],"tableaux-liens-externes":[],"class_list":["post-122312","post","type-post","status-publish","format-standard","has-post-thumbnail","hentry","category-conciertos-manifestaciones-es","category-manifestaciones-es"],"acf":[],"yoast_head":"<!-- This site is optimized with the Yoast SEO plugin v27.3 - https:\/\/yoast.com\/product\/yoast-seo-wordpress\/ -->\n<title>Festival Europeo de Coros Jud\u00edos - Institut Europ\u00e9en des Musiques Juives<\/title>\n<meta name=\"robots\" content=\"index, follow, max-snippet:-1, max-image-preview:large, max-video-preview:-1\" \/>\n<link rel=\"canonical\" href=\"https:\/\/www.iemj.org\/es\/festival-europeen-des-chorales-juives\/\" \/>\n<meta property=\"og:locale\" content=\"es_ES\" \/>\n<meta property=\"og:type\" content=\"article\" \/>\n<meta property=\"og:title\" content=\"Festival Europeo de Coros Jud\u00edos - Institut Europ\u00e9en des Musiques Juives\" \/>\n<meta property=\"og:description\" content=\"Tras nueve ediciones en otras capitales, Par\u00eds acoge por primera vez el Festival Europeo de Coros Jud\u00edos. Nueve de los mejores conjuntos vocales han aceptado la invitaci\u00f3n de la Asociaci\u00f3n\" \/>\n<meta property=\"og:url\" content=\"https:\/\/www.iemj.org\/es\/festival-europeen-des-chorales-juives\/\" \/>\n<meta property=\"og:site_name\" content=\"Institut Europ\u00e9en des Musiques Juives\" \/>\n<meta property=\"article:publisher\" content=\"https:\/\/www.facebook.com\/MusiquesJuives\/\" \/>\n<meta property=\"article:published_time\" content=\"2025-06-23T09:17:10+00:00\" \/>\n<meta property=\"article:modified_time\" content=\"2025-06-24T08:31:47+00:00\" \/>\n<meta property=\"og:image\" content=\"https:\/\/www.iemj.org\/wp-content\/uploads\/2025\/06\/Festival-Europ-chorales-J.jpg\" \/>\n\t<meta property=\"og:image:width\" content=\"418\" \/>\n\t<meta property=\"og:image:height\" content=\"583\" \/>\n\t<meta property=\"og:image:type\" content=\"image\/jpeg\" \/>\n<meta name=\"author\" content=\"Jacqueline ROTEN\" \/>\n<meta name=\"twitter:card\" content=\"summary_large_image\" \/>\n<meta name=\"twitter:label1\" content=\"Escrito por\" \/>\n\t<meta name=\"twitter:data1\" content=\"Jacqueline ROTEN\" \/>\n\t<meta name=\"twitter:label2\" content=\"Tiempo de lectura\" \/>\n\t<meta name=\"twitter:data2\" content=\"3 minutos\" \/>\n<script type=\"application\/ld+json\" class=\"yoast-schema-graph\">{\"@context\":\"https:\\\/\\\/schema.org\",\"@graph\":[{\"@type\":\"Article\",\"@id\":\"https:\\\/\\\/www.iemj.org\\\/es\\\/festival-europeen-des-chorales-juives\\\/#article\",\"isPartOf\":{\"@id\":\"https:\\\/\\\/www.iemj.org\\\/es\\\/festival-europeen-des-chorales-juives\\\/\"},\"author\":{\"name\":\"Jacqueline ROTEN\",\"@id\":\"https:\\\/\\\/www.iemj.org\\\/es\\\/#\\\/schema\\\/person\\\/358e26c18aca017fcc4cc15437f7279c\"},\"headline\":\"Festival Europeo de Coros Jud\u00edos\",\"datePublished\":\"2025-06-23T09:17:10+00:00\",\"dateModified\":\"2025-06-24T08:31:47+00:00\",\"mainEntityOfPage\":{\"@id\":\"https:\\\/\\\/www.iemj.org\\\/es\\\/festival-europeen-des-chorales-juives\\\/\"},\"wordCount\":330,\"publisher\":{\"@id\":\"https:\\\/\\\/www.iemj.org\\\/es\\\/#organization\"},\"image\":{\"@id\":\"https:\\\/\\\/www.iemj.org\\\/es\\\/festival-europeen-des-chorales-juives\\\/#primaryimage\"},\"thumbnailUrl\":\"https:\\\/\\\/www.iemj.org\\\/wp-content\\\/uploads\\\/2025\\\/06\\\/Festival-Europ-chorales-J.jpg\",\"articleSection\":[\"Conciertos\",\"Manifestaciones\"],\"inLanguage\":\"es\"},{\"@type\":\"WebPage\",\"@id\":\"https:\\\/\\\/www.iemj.org\\\/es\\\/festival-europeen-des-chorales-juives\\\/\",\"url\":\"https:\\\/\\\/www.iemj.org\\\/es\\\/festival-europeen-des-chorales-juives\\\/\",\"name\":\"Festival Europeo de Coros Jud\u00edos - Institut Europ\u00e9en des Musiques Juives\",\"isPartOf\":{\"@id\":\"https:\\\/\\\/www.iemj.org\\\/es\\\/#website\"},\"primaryImageOfPage\":{\"@id\":\"https:\\\/\\\/www.iemj.org\\\/es\\\/festival-europeen-des-chorales-juives\\\/#primaryimage\"},\"image\":{\"@id\":\"https:\\\/\\\/www.iemj.org\\\/es\\\/festival-europeen-des-chorales-juives\\\/#primaryimage\"},\"thumbnailUrl\":\"https:\\\/\\\/www.iemj.org\\\/wp-content\\\/uploads\\\/2025\\\/06\\\/Festival-Europ-chorales-J.jpg\",\"datePublished\":\"2025-06-23T09:17:10+00:00\",\"dateModified\":\"2025-06-24T08:31:47+00:00\",\"breadcrumb\":{\"@id\":\"https:\\\/\\\/www.iemj.org\\\/es\\\/festival-europeen-des-chorales-juives\\\/#breadcrumb\"},\"inLanguage\":\"es\",\"potentialAction\":[{\"@type\":\"ReadAction\",\"target\":[\"https:\\\/\\\/www.iemj.org\\\/es\\\/festival-europeen-des-chorales-juives\\\/\"]}]},{\"@type\":\"ImageObject\",\"inLanguage\":\"es\",\"@id\":\"https:\\\/\\\/www.iemj.org\\\/es\\\/festival-europeen-des-chorales-juives\\\/#primaryimage\",\"url\":\"https:\\\/\\\/www.iemj.org\\\/wp-content\\\/uploads\\\/2025\\\/06\\\/Festival-Europ-chorales-J.jpg\",\"contentUrl\":\"https:\\\/\\\/www.iemj.org\\\/wp-content\\\/uploads\\\/2025\\\/06\\\/Festival-Europ-chorales-J.jpg\",\"width\":418,\"height\":583},{\"@type\":\"BreadcrumbList\",\"@id\":\"https:\\\/\\\/www.iemj.org\\\/es\\\/festival-europeen-des-chorales-juives\\\/#breadcrumb\",\"itemListElement\":[{\"@type\":\"ListItem\",\"position\":1,\"name\":\"Accueil\",\"item\":\"https:\\\/\\\/www.iemj.org\\\/es\\\/\"},{\"@type\":\"ListItem\",\"position\":2,\"name\":\"Festival Europeo de Coros Jud\u00edos\"}]},{\"@type\":\"WebSite\",\"@id\":\"https:\\\/\\\/www.iemj.org\\\/es\\\/#website\",\"url\":\"https:\\\/\\\/www.iemj.org\\\/es\\\/\",\"name\":\"Institut Europ\u00e9en des Musiques Juives\",\"description\":\"Des traditions musicales \u00e0 la port\u00e9e de tous\",\"publisher\":{\"@id\":\"https:\\\/\\\/www.iemj.org\\\/es\\\/#organization\"},\"potentialAction\":[{\"@type\":\"SearchAction\",\"target\":{\"@type\":\"EntryPoint\",\"urlTemplate\":\"https:\\\/\\\/www.iemj.org\\\/es\\\/?s={search_term_string}\"},\"query-input\":{\"@type\":\"PropertyValueSpecification\",\"valueRequired\":true,\"valueName\":\"search_term_string\"}}],\"inLanguage\":\"es\"},{\"@type\":\"Organization\",\"@id\":\"https:\\\/\\\/www.iemj.org\\\/es\\\/#organization\",\"name\":\"Institut Europ\u00e9en des Musiques Juives\",\"url\":\"https:\\\/\\\/www.iemj.org\\\/es\\\/\",\"logo\":{\"@type\":\"ImageObject\",\"inLanguage\":\"es\",\"@id\":\"https:\\\/\\\/www.iemj.org\\\/es\\\/#\\\/schema\\\/logo\\\/image\\\/\",\"url\":\"https:\\\/\\\/www.iemj.org\\\/wp-content\\\/uploads\\\/2021\\\/09\\\/Logo-IEMJ-Paypal.jpg\",\"contentUrl\":\"https:\\\/\\\/www.iemj.org\\\/wp-content\\\/uploads\\\/2021\\\/09\\\/Logo-IEMJ-Paypal.jpg\",\"width\":150,\"height\":50,\"caption\":\"Institut Europ\u00e9en des Musiques Juives\"},\"image\":{\"@id\":\"https:\\\/\\\/www.iemj.org\\\/es\\\/#\\\/schema\\\/logo\\\/image\\\/\"},\"sameAs\":[\"https:\\\/\\\/www.facebook.com\\\/MusiquesJuives\\\/\",\"https:\\\/\\\/www.instagram.com\\\/musiquesjuives\\\/\",\"https:\\\/\\\/www.youtube.com\\\/user\\\/musiquesjuives\"]},{\"@type\":\"Person\",\"@id\":\"https:\\\/\\\/www.iemj.org\\\/es\\\/#\\\/schema\\\/person\\\/358e26c18aca017fcc4cc15437f7279c\",\"name\":\"Jacqueline ROTEN\",\"image\":{\"@type\":\"ImageObject\",\"inLanguage\":\"es\",\"@id\":\"https:\\\/\\\/secure.gravatar.com\\\/avatar\\\/5964256d6c6957de3a3505278957e0fb2a35119ac47ea41827a65301213c810b?s=96&d=mm&r=g\",\"url\":\"https:\\\/\\\/secure.gravatar.com\\\/avatar\\\/5964256d6c6957de3a3505278957e0fb2a35119ac47ea41827a65301213c810b?s=96&d=mm&r=g\",\"contentUrl\":\"https:\\\/\\\/secure.gravatar.com\\\/avatar\\\/5964256d6c6957de3a3505278957e0fb2a35119ac47ea41827a65301213c810b?s=96&d=mm&r=g\",\"caption\":\"Jacqueline ROTEN\"}}]}<\/script>\n<!-- \/ Yoast SEO plugin. -->","yoast_head_json":{"title":"Festival Europeo de Coros Jud\u00edos - Institut Europ\u00e9en des Musiques Juives","robots":{"index":"index","follow":"follow","max-snippet":"max-snippet:-1","max-image-preview":"max-image-preview:large","max-video-preview":"max-video-preview:-1"},"canonical":"https:\/\/www.iemj.org\/es\/festival-europeen-des-chorales-juives\/","og_locale":"es_ES","og_type":"article","og_title":"Festival Europeo de Coros Jud\u00edos - Institut Europ\u00e9en des Musiques Juives","og_description":"Tras nueve ediciones en otras capitales, Par\u00eds acoge por primera vez el Festival Europeo de Coros Jud\u00edos. Nueve de los mejores conjuntos vocales han aceptado la invitaci\u00f3n de la Asociaci\u00f3n","og_url":"https:\/\/www.iemj.org\/es\/festival-europeen-des-chorales-juives\/","og_site_name":"Institut Europ\u00e9en des Musiques Juives","article_publisher":"https:\/\/www.facebook.com\/MusiquesJuives\/","article_published_time":"2025-06-23T09:17:10+00:00","article_modified_time":"2025-06-24T08:31:47+00:00","og_image":[{"width":418,"height":583,"url":"https:\/\/www.iemj.org\/wp-content\/uploads\/2025\/06\/Festival-Europ-chorales-J.jpg","type":"image\/jpeg"}],"author":"Jacqueline ROTEN","twitter_card":"summary_large_image","twitter_misc":{"Escrito por":"Jacqueline ROTEN","Tiempo de lectura":"3 minutos"},"schema":{"@context":"https:\/\/schema.org","@graph":[{"@type":"Article","@id":"https:\/\/www.iemj.org\/es\/festival-europeen-des-chorales-juives\/#article","isPartOf":{"@id":"https:\/\/www.iemj.org\/es\/festival-europeen-des-chorales-juives\/"},"author":{"name":"Jacqueline ROTEN","@id":"https:\/\/www.iemj.org\/es\/#\/schema\/person\/358e26c18aca017fcc4cc15437f7279c"},"headline":"Festival Europeo de Coros Jud\u00edos","datePublished":"2025-06-23T09:17:10+00:00","dateModified":"2025-06-24T08:31:47+00:00","mainEntityOfPage":{"@id":"https:\/\/www.iemj.org\/es\/festival-europeen-des-chorales-juives\/"},"wordCount":330,"publisher":{"@id":"https:\/\/www.iemj.org\/es\/#organization"},"image":{"@id":"https:\/\/www.iemj.org\/es\/festival-europeen-des-chorales-juives\/#primaryimage"},"thumbnailUrl":"https:\/\/www.iemj.org\/wp-content\/uploads\/2025\/06\/Festival-Europ-chorales-J.jpg","articleSection":["Conciertos","Manifestaciones"],"inLanguage":"es"},{"@type":"WebPage","@id":"https:\/\/www.iemj.org\/es\/festival-europeen-des-chorales-juives\/","url":"https:\/\/www.iemj.org\/es\/festival-europeen-des-chorales-juives\/","name":"Festival Europeo de Coros Jud\u00edos - Institut Europ\u00e9en des Musiques Juives","isPartOf":{"@id":"https:\/\/www.iemj.org\/es\/#website"},"primaryImageOfPage":{"@id":"https:\/\/www.iemj.org\/es\/festival-europeen-des-chorales-juives\/#primaryimage"},"image":{"@id":"https:\/\/www.iemj.org\/es\/festival-europeen-des-chorales-juives\/#primaryimage"},"thumbnailUrl":"https:\/\/www.iemj.org\/wp-content\/uploads\/2025\/06\/Festival-Europ-chorales-J.jpg","datePublished":"2025-06-23T09:17:10+00:00","dateModified":"2025-06-24T08:31:47+00:00","breadcrumb":{"@id":"https:\/\/www.iemj.org\/es\/festival-europeen-des-chorales-juives\/#breadcrumb"},"inLanguage":"es","potentialAction":[{"@type":"ReadAction","target":["https:\/\/www.iemj.org\/es\/festival-europeen-des-chorales-juives\/"]}]},{"@type":"ImageObject","inLanguage":"es","@id":"https:\/\/www.iemj.org\/es\/festival-europeen-des-chorales-juives\/#primaryimage","url":"https:\/\/www.iemj.org\/wp-content\/uploads\/2025\/06\/Festival-Europ-chorales-J.jpg","contentUrl":"https:\/\/www.iemj.org\/wp-content\/uploads\/2025\/06\/Festival-Europ-chorales-J.jpg","width":418,"height":583},{"@type":"BreadcrumbList","@id":"https:\/\/www.iemj.org\/es\/festival-europeen-des-chorales-juives\/#breadcrumb","itemListElement":[{"@type":"ListItem","position":1,"name":"Accueil","item":"https:\/\/www.iemj.org\/es\/"},{"@type":"ListItem","position":2,"name":"Festival Europeo de Coros Jud\u00edos"}]},{"@type":"WebSite","@id":"https:\/\/www.iemj.org\/es\/#website","url":"https:\/\/www.iemj.org\/es\/","name":"Institut Europ\u00e9en des Musiques Juives","description":"Des traditions musicales \u00e0 la port\u00e9e de tous","publisher":{"@id":"https:\/\/www.iemj.org\/es\/#organization"},"potentialAction":[{"@type":"SearchAction","target":{"@type":"EntryPoint","urlTemplate":"https:\/\/www.iemj.org\/es\/?s={search_term_string}"},"query-input":{"@type":"PropertyValueSpecification","valueRequired":true,"valueName":"search_term_string"}}],"inLanguage":"es"},{"@type":"Organization","@id":"https:\/\/www.iemj.org\/es\/#organization","name":"Institut Europ\u00e9en des Musiques Juives","url":"https:\/\/www.iemj.org\/es\/","logo":{"@type":"ImageObject","inLanguage":"es","@id":"https:\/\/www.iemj.org\/es\/#\/schema\/logo\/image\/","url":"https:\/\/www.iemj.org\/wp-content\/uploads\/2021\/09\/Logo-IEMJ-Paypal.jpg","contentUrl":"https:\/\/www.iemj.org\/wp-content\/uploads\/2021\/09\/Logo-IEMJ-Paypal.jpg","width":150,"height":50,"caption":"Institut Europ\u00e9en des Musiques Juives"},"image":{"@id":"https:\/\/www.iemj.org\/es\/#\/schema\/logo\/image\/"},"sameAs":["https:\/\/www.facebook.com\/MusiquesJuives\/","https:\/\/www.instagram.com\/musiquesjuives\/","https:\/\/www.youtube.com\/user\/musiquesjuives"]},{"@type":"Person","@id":"https:\/\/www.iemj.org\/es\/#\/schema\/person\/358e26c18aca017fcc4cc15437f7279c","name":"Jacqueline ROTEN","image":{"@type":"ImageObject","inLanguage":"es","@id":"https:\/\/secure.gravatar.com\/avatar\/5964256d6c6957de3a3505278957e0fb2a35119ac47ea41827a65301213c810b?s=96&d=mm&r=g","url":"https:\/\/secure.gravatar.com\/avatar\/5964256d6c6957de3a3505278957e0fb2a35119ac47ea41827a65301213c810b?s=96&d=mm&r=g","contentUrl":"https:\/\/secure.gravatar.com\/avatar\/5964256d6c6957de3a3505278957e0fb2a35119ac47ea41827a65301213c810b?s=96&d=mm&r=g","caption":"Jacqueline ROTEN"}}]}},"_links":{"self":[{"href":"https:\/\/www.iemj.org\/es\/wp-json\/wp\/v2\/posts\/122312","targetHints":{"allow":["GET"]}}],"collection":[{"href":"https:\/\/www.iemj.org\/es\/wp-json\/wp\/v2\/posts"}],"about":[{"href":"https:\/\/www.iemj.org\/es\/wp-json\/wp\/v2\/types\/post"}],"author":[{"embeddable":true,"href":"https:\/\/www.iemj.org\/es\/wp-json\/wp\/v2\/users\/5"}],"replies":[{"embeddable":true,"href":"https:\/\/www.iemj.org\/es\/wp-json\/wp\/v2\/comments?post=122312"}],"version-history":[{"count":0,"href":"https:\/\/www.iemj.org\/es\/wp-json\/wp\/v2\/posts\/122312\/revisions"}],"wp:featuredmedia":[{"embeddable":true,"href":"https:\/\/www.iemj.org\/es\/wp-json\/wp\/v2\/media\/122145"}],"wp:attachment":[{"href":"https:\/\/www.iemj.org\/es\/wp-json\/wp\/v2\/media?parent=122312"}],"wp:term":[{"taxonomy":"category","embeddable":true,"href":"https:\/\/www.iemj.org\/es\/wp-json\/wp\/v2\/categories?post=122312"},{"taxonomy":"post_tag","embeddable":true,"href":"https:\/\/www.iemj.org\/es\/wp-json\/wp\/v2\/tags?post=122312"},{"taxonomy":"technique","embeddable":true,"href":"https:\/\/www.iemj.org\/es\/wp-json\/wp\/v2\/technique?post=122312"},{"taxonomy":"squelettes","embeddable":true,"href":"https:\/\/www.iemj.org\/es\/wp-json\/wp\/v2\/squelettes?post=122312"},{"taxonomy":"sujet","embeddable":true,"href":"https:\/\/www.iemj.org\/es\/wp-json\/wp\/v2\/sujet?post=122312"},{"taxonomy":"formation","embeddable":true,"href":"https:\/\/www.iemj.org\/es\/wp-json\/wp\/v2\/formation?post=122312"},{"taxonomy":"genre","embeddable":true,"href":"https:\/\/www.iemj.org\/es\/wp-json\/wp\/v2\/genre?post=122312"},{"taxonomy":"fonds","embeddable":true,"href":"https:\/\/www.iemj.org\/es\/wp-json\/wp\/v2\/fonds?post=122312"},{"taxonomy":"tradition","embeddable":true,"href":"https:\/\/www.iemj.org\/es\/wp-json\/wp\/v2\/tradition?post=122312"},{"taxonomy":"type-de-contenu","embeddable":true,"href":"https:\/\/www.iemj.org\/es\/wp-json\/wp\/v2\/type-de-contenu?post=122312"},{"taxonomy":"interprete-compositeur","embeddable":true,"href":"https:\/\/www.iemj.org\/es\/wp-json\/wp\/v2\/interprete-compositeur?post=122312"},{"taxonomy":"frise","embeddable":true,"href":"https:\/\/www.iemj.org\/es\/wp-json\/wp\/v2\/frise?post=122312"},{"taxonomy":"type-devenement","embeddable":true,"href":"https:\/\/www.iemj.org\/es\/wp-json\/wp\/v2\/type-devenement?post=122312"},{"taxonomy":"tableaux-liens-externes","embeddable":true,"href":"https:\/\/www.iemj.org\/es\/wp-json\/wp\/v2\/tableaux-liens-externes?post=122312"}],"curies":[{"name":"wp","href":"https:\/\/api.w.org\/{rel}","templated":true}]}}