{"id":123200,"date":"2014-06-03T12:17:27","date_gmt":"2014-06-03T10:17:27","guid":{"rendered":"https:\/\/www.iemj.org\/witler-ben-zion-1907-1961\/"},"modified":"2025-09-02T11:19:38","modified_gmt":"2025-09-02T09:19:38","slug":"witler-ben-zion-1907-1961","status":"publish","type":"post","link":"https:\/\/www.iemj.org\/es\/witler-ben-zion-1907-1961\/","title":{"rendered":"Witler, Ben-Zion (1907-1961)"},"content":{"rendered":"<p>Ben-Zion Witler (o Ben-Tsion Vitler, o tambi\u00e9n BenZion Wittler), nacido en 1907 en Belz, en Galicia, muri\u00f3 en 1961.<\/p>\n<p>No era solo cantante, sino tambi\u00e9n actor y compositor.<br \/>A los 6 a\u00f1os, sigui\u00f3 su familia que dej\u00f3 Belz para ir a Viena, donde recibi\u00f3 una educaci\u00f3n religiosa Jas\u00eddica estricta. Temiendo las reacciones de su familia, fue bajo un seud\u00f3nimo que se uni\u00f3 en secreto al \u00ab Teatro Jud\u00edo Libre \u00bb a los 12 a\u00f1os. Trabaj\u00f3 brevemente como periodista para el peri\u00f3dico semanal alem\u00e1n sionista\u00a0<em>Wiener Morgenzeitung<\/em>, pero en 1926, volvi\u00f3 a la escena teatral vienesa, para interpretar comedias y operetas. Estudi\u00f3 tambi\u00e9n el repertorio de la \u00f3pera con Yulianovsky y Fuchs y particip\u00f3 en giras en Par\u00eds, Londres, y por Sud\u00e1frica.<\/p>\n<p>A mediados de los a\u00f1os 30, estuvo tres a\u00f1os en Polonia, donde se convirti\u00f3 r\u00e1pidamente en el \u00ab favorito del p\u00fablico \u00bb. En 1937, estuvo en Riga donde actu\u00f3 en\u00a0<em>A Khasene in Shtetl y<\/em>\u00a0en\u00a0<em>Le Mariage Galicien\u00a0<\/em>de William Siegel. Entre sus numerosos grandes papeles, podemos citar\u00a0<em>Yanko the Gipsy, A Millionaire\u2019s Caprice, The American Litvak, The Brave Officer, The Bandit Gentleman, The Strength of Love, The Bride with Three Brothers, The Golden Bridegroom, The Threshold of Joy, It\u2019s Hard to be a Jew\u00a0<\/em>de Sholom Aleichem,\u00a0<em>The Dybbuck\u00a0<\/em>de Shalom Ansky,\u00a0<em>God, Man and Devil\u00a0<\/em>de Jacob Mikhailovich Gordin, y\u00a0<em>Yankel the Smith\u00a0<\/em>de David Pinski.<\/p>\n<p>A partir del 1940, va a actuar por Estados Unidos, en particular en Nueva York, en el Teatro Hopkinson, en\u00a0<em>Forgotten Women<\/em>, de William Siegel, y en Chicago, en el Teatro Douglas en\u00a0<em>A Golden Dream<\/em>, del mismo autor.<\/p>\n<p>En 1946, a\u00f1o de nacimiento de otro gran hombre, actuar\u00e1 en Argentina, en Buenos Aires, en el Teatro Mitre, en\u00a0<em>Home Sweet Home<\/em>, de Kalmanovitsh. Va a actuar con su esposa, Shifra Lerer, actriz nacida en Argentina, hasta los a\u00f1os 50 tanto en Am\u00e9rique del Norte y del Sur, como en Israel y en Sud\u00e1frica.<\/p>\n<p class=\"Textbody\"><span lang=\"ES\">Grab\u00f3 cientos de canciones, las m\u00e1s populares siendo :<\/span><\/p>\n<ul>\n<li>Gelibte (Aim\u00e9)<\/li>\n<li>Dzhankoye<\/li>\n<li>Varshe (Varsovie)<\/li>\n<li>Akhtsik er, zibetsik zi (Lui 80, Elle 70)<\/li>\n<li>Byalostok<\/li>\n<li>Mayn alte heym<\/li>\n<li>Oyfn veg shteyt a boym<\/li>\n<li>Leb un Lakh<\/li>\n<li>Krokhmalne Gas<\/li>\n<li>Zing, Brider, Zing!<\/li>\n<li>Belz\n<p><object width=\"640\" height=\"360\"><param name=\"movie\" value=\"\/\/www.youtube.com\/v\/TnMtVSzgbV4?hl=fr_FR&amp;version=3\" \/><param name=\"allowFullScreen\" value=\"true\" \/><param name=\"allowscriptaccess\" value=\"always\" \/><embed src=\"\/\/www.youtube.com\/v\/TnMtVSzgbV4?hl=fr_FR&amp;version=3\" type=\"application\/x-shockwave-flash\" allowscriptaccess=\"always\" allowfullscreen=\"allowfullscreen\" width=\"640\" height=\"360\" \/><\/object><\/p>\n<a href=\"http:\/\/www.rachelnet.net\/F\/?func=find-c&amp;ccl_term=WRD+%3D+Witler+BenZion&amp;local_base=iemcg\" target=\"_blank\" rel=\"noopener\">Consultar nuestros archivos sobre Ben-Zion Witlerr<\/a><\/li>\n<\/ul>\n\n<div class=\"wp-block-image\">\n<figure class=\"aligncenter size-large\"><img fetchpriority=\"high\" decoding=\"async\" width=\"1024\" height=\"133\" src=\"https:\/\/www.iemj.org\/wp-content\/uploads\/2024\/03\/AUDIO-PLAYER-1024x133.png\" alt=\"\" class=\"wp-image-110608\" srcset=\"https:\/\/www.iemj.org\/wp-content\/uploads\/2024\/03\/AUDIO-PLAYER-1024x133.png 1024w, https:\/\/www.iemj.org\/wp-content\/uploads\/2024\/03\/AUDIO-PLAYER-300x39.png 300w, https:\/\/www.iemj.org\/wp-content\/uploads\/2024\/03\/AUDIO-PLAYER-768x100.png 768w, https:\/\/www.iemj.org\/wp-content\/uploads\/2024\/03\/AUDIO-PLAYER-600x78.png 600w, https:\/\/www.iemj.org\/wp-content\/uploads\/2024\/03\/AUDIO-PLAYER.png 1210w\" sizes=\"(max-width: 1024px) 100vw, 1024px\" \/><\/figure>\n<\/div>\n\n\n<div class=\"wp-block-file\"><a href=\"https:\/\/www.iemj.org\/wp-content\/uploads\/2014\/06\/benzion_witler_-_80_er_70_zi.mp3\">80 er 70 zi<\/a><\/div>\n\n\n\n<div class=\"wp-block-file\"><a href=\"https:\/\/www.iemj.org\/wp-content\/uploads\/2014\/06\/benzion_witler-_malkele.mp3\">Malkele<\/a><\/div>\n","protected":false},"excerpt":{"rendered":"<p>Ben-Zion Witler (o Ben-Tsion Vitler, o tambi\u00e9n BenZion Wittler), nacido en 1907 en Belz, en Galicia, muri\u00f3 en 1961. No era solo cantante, sino tambi\u00e9n actor y compositor.A los 6<\/p>\n","protected":false},"author":1050,"featured_media":88902,"comment_status":"closed","ping_status":"closed","sticky":false,"template":"","format":"standard","meta":{"_acf_changed":false,"footnotes":""},"categories":[1417],"tags":[],"technique":[],"squelettes":[],"sujet":[],"formation":[],"genre":[1863],"fonds":[],"tradition":[],"type-de-contenu":[],"interprete-compositeur":[],"frise":[],"type-devenement":[],"tableaux-liens-externes":[],"class_list":["post-123200","post","type-post","status-publish","format-standard","has-post-thumbnail","hentry","category-biografias-es","genre-yiddish-es"],"acf":[],"yoast_head":"<!-- This site is optimized with the Yoast SEO plugin v27.3 - https:\/\/yoast.com\/product\/yoast-seo-wordpress\/ -->\n<title>Witler, Ben-Zion (1907-1961) - Institut Europ\u00e9en des Musiques Juives<\/title>\n<meta name=\"robots\" content=\"index, follow, max-snippet:-1, max-image-preview:large, max-video-preview:-1\" \/>\n<link rel=\"canonical\" href=\"https:\/\/www.iemj.org\/es\/witler-ben-zion-1907-1961\/\" \/>\n<meta property=\"og:locale\" content=\"es_ES\" \/>\n<meta property=\"og:type\" content=\"article\" \/>\n<meta property=\"og:title\" content=\"Witler, Ben-Zion (1907-1961) - Institut Europ\u00e9en des Musiques Juives\" \/>\n<meta property=\"og:description\" content=\"Ben-Zion Witler (o Ben-Tsion Vitler, o tambi\u00e9n BenZion Wittler), nacido en 1907 en Belz, en Galicia, muri\u00f3 en 1961. No era solo cantante, sino tambi\u00e9n actor y compositor.A los 6\" \/>\n<meta property=\"og:url\" content=\"https:\/\/www.iemj.org\/es\/witler-ben-zion-1907-1961\/\" \/>\n<meta property=\"og:site_name\" content=\"Institut Europ\u00e9en des Musiques Juives\" \/>\n<meta property=\"article:publisher\" content=\"https:\/\/www.facebook.com\/MusiquesJuives\/\" \/>\n<meta property=\"article:published_time\" content=\"2014-06-03T10:17:27+00:00\" \/>\n<meta property=\"article:modified_time\" content=\"2025-09-02T09:19:38+00:00\" \/>\n<meta property=\"og:image\" content=\"https:\/\/www.iemj.org\/wp-content\/uploads\/2014\/06\/arton888.jpg\" \/>\n\t<meta property=\"og:image:width\" content=\"238\" \/>\n\t<meta property=\"og:image:height\" content=\"212\" \/>\n\t<meta property=\"og:image:type\" content=\"image\/jpeg\" \/>\n<meta name=\"author\" content=\"ncochin\" \/>\n<meta name=\"twitter:card\" content=\"summary_large_image\" \/>\n<meta name=\"twitter:label1\" content=\"Escrito por\" \/>\n\t<meta name=\"twitter:data1\" content=\"ncochin\" \/>\n\t<meta name=\"twitter:label2\" content=\"Tiempo de lectura\" \/>\n\t<meta name=\"twitter:data2\" content=\"3 minutos\" \/>\n<script type=\"application\/ld+json\" class=\"yoast-schema-graph\">{\"@context\":\"https:\\\/\\\/schema.org\",\"@graph\":[{\"@type\":\"Article\",\"@id\":\"https:\\\/\\\/www.iemj.org\\\/es\\\/witler-ben-zion-1907-1961\\\/#article\",\"isPartOf\":{\"@id\":\"https:\\\/\\\/www.iemj.org\\\/es\\\/witler-ben-zion-1907-1961\\\/\"},\"author\":{\"name\":\"ncochin\",\"@id\":\"https:\\\/\\\/www.iemj.org\\\/es\\\/#\\\/schema\\\/person\\\/f826ad11b0cd58dd99babe0a3fbcb86e\"},\"headline\":\"Witler, Ben-Zion (1907-1961)\",\"datePublished\":\"2014-06-03T10:17:27+00:00\",\"dateModified\":\"2025-09-02T09:19:38+00:00\",\"mainEntityOfPage\":{\"@id\":\"https:\\\/\\\/www.iemj.org\\\/es\\\/witler-ben-zion-1907-1961\\\/\"},\"wordCount\":383,\"publisher\":{\"@id\":\"https:\\\/\\\/www.iemj.org\\\/es\\\/#organization\"},\"image\":{\"@id\":\"https:\\\/\\\/www.iemj.org\\\/es\\\/witler-ben-zion-1907-1961\\\/#primaryimage\"},\"thumbnailUrl\":\"https:\\\/\\\/www.iemj.org\\\/wp-content\\\/uploads\\\/2014\\\/06\\\/arton888.jpg\",\"articleSection\":[\"Biograf\u00edas\"],\"inLanguage\":\"es\"},{\"@type\":\"WebPage\",\"@id\":\"https:\\\/\\\/www.iemj.org\\\/es\\\/witler-ben-zion-1907-1961\\\/\",\"url\":\"https:\\\/\\\/www.iemj.org\\\/es\\\/witler-ben-zion-1907-1961\\\/\",\"name\":\"Witler, Ben-Zion (1907-1961) - Institut Europ\u00e9en des Musiques Juives\",\"isPartOf\":{\"@id\":\"https:\\\/\\\/www.iemj.org\\\/es\\\/#website\"},\"primaryImageOfPage\":{\"@id\":\"https:\\\/\\\/www.iemj.org\\\/es\\\/witler-ben-zion-1907-1961\\\/#primaryimage\"},\"image\":{\"@id\":\"https:\\\/\\\/www.iemj.org\\\/es\\\/witler-ben-zion-1907-1961\\\/#primaryimage\"},\"thumbnailUrl\":\"https:\\\/\\\/www.iemj.org\\\/wp-content\\\/uploads\\\/2014\\\/06\\\/arton888.jpg\",\"datePublished\":\"2014-06-03T10:17:27+00:00\",\"dateModified\":\"2025-09-02T09:19:38+00:00\",\"breadcrumb\":{\"@id\":\"https:\\\/\\\/www.iemj.org\\\/es\\\/witler-ben-zion-1907-1961\\\/#breadcrumb\"},\"inLanguage\":\"es\",\"potentialAction\":[{\"@type\":\"ReadAction\",\"target\":[\"https:\\\/\\\/www.iemj.org\\\/es\\\/witler-ben-zion-1907-1961\\\/\"]}]},{\"@type\":\"ImageObject\",\"inLanguage\":\"es\",\"@id\":\"https:\\\/\\\/www.iemj.org\\\/es\\\/witler-ben-zion-1907-1961\\\/#primaryimage\",\"url\":\"https:\\\/\\\/www.iemj.org\\\/wp-content\\\/uploads\\\/2014\\\/06\\\/arton888.jpg\",\"contentUrl\":\"https:\\\/\\\/www.iemj.org\\\/wp-content\\\/uploads\\\/2014\\\/06\\\/arton888.jpg\",\"width\":238,\"height\":212},{\"@type\":\"BreadcrumbList\",\"@id\":\"https:\\\/\\\/www.iemj.org\\\/es\\\/witler-ben-zion-1907-1961\\\/#breadcrumb\",\"itemListElement\":[{\"@type\":\"ListItem\",\"position\":1,\"name\":\"Accueil\",\"item\":\"https:\\\/\\\/www.iemj.org\\\/es\\\/\"},{\"@type\":\"ListItem\",\"position\":2,\"name\":\"Witler, Ben-Zion (1907-1961)\"}]},{\"@type\":\"WebSite\",\"@id\":\"https:\\\/\\\/www.iemj.org\\\/es\\\/#website\",\"url\":\"https:\\\/\\\/www.iemj.org\\\/es\\\/\",\"name\":\"Institut Europ\u00e9en des Musiques Juives\",\"description\":\"Des traditions musicales \u00e0 la port\u00e9e de tous\",\"publisher\":{\"@id\":\"https:\\\/\\\/www.iemj.org\\\/es\\\/#organization\"},\"potentialAction\":[{\"@type\":\"SearchAction\",\"target\":{\"@type\":\"EntryPoint\",\"urlTemplate\":\"https:\\\/\\\/www.iemj.org\\\/es\\\/?s={search_term_string}\"},\"query-input\":{\"@type\":\"PropertyValueSpecification\",\"valueRequired\":true,\"valueName\":\"search_term_string\"}}],\"inLanguage\":\"es\"},{\"@type\":\"Organization\",\"@id\":\"https:\\\/\\\/www.iemj.org\\\/es\\\/#organization\",\"name\":\"Institut Europ\u00e9en des Musiques Juives\",\"url\":\"https:\\\/\\\/www.iemj.org\\\/es\\\/\",\"logo\":{\"@type\":\"ImageObject\",\"inLanguage\":\"es\",\"@id\":\"https:\\\/\\\/www.iemj.org\\\/es\\\/#\\\/schema\\\/logo\\\/image\\\/\",\"url\":\"https:\\\/\\\/www.iemj.org\\\/wp-content\\\/uploads\\\/2021\\\/09\\\/Logo-IEMJ-Paypal.jpg\",\"contentUrl\":\"https:\\\/\\\/www.iemj.org\\\/wp-content\\\/uploads\\\/2021\\\/09\\\/Logo-IEMJ-Paypal.jpg\",\"width\":150,\"height\":50,\"caption\":\"Institut Europ\u00e9en des Musiques Juives\"},\"image\":{\"@id\":\"https:\\\/\\\/www.iemj.org\\\/es\\\/#\\\/schema\\\/logo\\\/image\\\/\"},\"sameAs\":[\"https:\\\/\\\/www.facebook.com\\\/MusiquesJuives\\\/\",\"https:\\\/\\\/www.instagram.com\\\/musiquesjuives\\\/\",\"https:\\\/\\\/www.youtube.com\\\/user\\\/musiquesjuives\"]},{\"@type\":\"Person\",\"@id\":\"https:\\\/\\\/www.iemj.org\\\/es\\\/#\\\/schema\\\/person\\\/f826ad11b0cd58dd99babe0a3fbcb86e\",\"name\":\"ncochin\",\"image\":{\"@type\":\"ImageObject\",\"inLanguage\":\"es\",\"@id\":\"https:\\\/\\\/secure.gravatar.com\\\/avatar\\\/4499f551e6a9b8c28bd3132f28d79657b2cb55ff363257726f67e89c95e2a33c?s=96&d=mm&r=g\",\"url\":\"https:\\\/\\\/secure.gravatar.com\\\/avatar\\\/4499f551e6a9b8c28bd3132f28d79657b2cb55ff363257726f67e89c95e2a33c?s=96&d=mm&r=g\",\"contentUrl\":\"https:\\\/\\\/secure.gravatar.com\\\/avatar\\\/4499f551e6a9b8c28bd3132f28d79657b2cb55ff363257726f67e89c95e2a33c?s=96&d=mm&r=g\",\"caption\":\"ncochin\"}}]}<\/script>\n<!-- \/ Yoast SEO plugin. -->","yoast_head_json":{"title":"Witler, Ben-Zion (1907-1961) - Institut Europ\u00e9en des Musiques Juives","robots":{"index":"index","follow":"follow","max-snippet":"max-snippet:-1","max-image-preview":"max-image-preview:large","max-video-preview":"max-video-preview:-1"},"canonical":"https:\/\/www.iemj.org\/es\/witler-ben-zion-1907-1961\/","og_locale":"es_ES","og_type":"article","og_title":"Witler, Ben-Zion (1907-1961) - Institut Europ\u00e9en des Musiques Juives","og_description":"Ben-Zion Witler (o Ben-Tsion Vitler, o tambi\u00e9n BenZion Wittler), nacido en 1907 en Belz, en Galicia, muri\u00f3 en 1961. No era solo cantante, sino tambi\u00e9n actor y compositor.A los 6","og_url":"https:\/\/www.iemj.org\/es\/witler-ben-zion-1907-1961\/","og_site_name":"Institut Europ\u00e9en des Musiques Juives","article_publisher":"https:\/\/www.facebook.com\/MusiquesJuives\/","article_published_time":"2014-06-03T10:17:27+00:00","article_modified_time":"2025-09-02T09:19:38+00:00","og_image":[{"width":238,"height":212,"url":"https:\/\/www.iemj.org\/wp-content\/uploads\/2014\/06\/arton888.jpg","type":"image\/jpeg"}],"author":"ncochin","twitter_card":"summary_large_image","twitter_misc":{"Escrito por":"ncochin","Tiempo de lectura":"3 minutos"},"schema":{"@context":"https:\/\/schema.org","@graph":[{"@type":"Article","@id":"https:\/\/www.iemj.org\/es\/witler-ben-zion-1907-1961\/#article","isPartOf":{"@id":"https:\/\/www.iemj.org\/es\/witler-ben-zion-1907-1961\/"},"author":{"name":"ncochin","@id":"https:\/\/www.iemj.org\/es\/#\/schema\/person\/f826ad11b0cd58dd99babe0a3fbcb86e"},"headline":"Witler, Ben-Zion (1907-1961)","datePublished":"2014-06-03T10:17:27+00:00","dateModified":"2025-09-02T09:19:38+00:00","mainEntityOfPage":{"@id":"https:\/\/www.iemj.org\/es\/witler-ben-zion-1907-1961\/"},"wordCount":383,"publisher":{"@id":"https:\/\/www.iemj.org\/es\/#organization"},"image":{"@id":"https:\/\/www.iemj.org\/es\/witler-ben-zion-1907-1961\/#primaryimage"},"thumbnailUrl":"https:\/\/www.iemj.org\/wp-content\/uploads\/2014\/06\/arton888.jpg","articleSection":["Biograf\u00edas"],"inLanguage":"es"},{"@type":"WebPage","@id":"https:\/\/www.iemj.org\/es\/witler-ben-zion-1907-1961\/","url":"https:\/\/www.iemj.org\/es\/witler-ben-zion-1907-1961\/","name":"Witler, Ben-Zion (1907-1961) - Institut Europ\u00e9en des Musiques Juives","isPartOf":{"@id":"https:\/\/www.iemj.org\/es\/#website"},"primaryImageOfPage":{"@id":"https:\/\/www.iemj.org\/es\/witler-ben-zion-1907-1961\/#primaryimage"},"image":{"@id":"https:\/\/www.iemj.org\/es\/witler-ben-zion-1907-1961\/#primaryimage"},"thumbnailUrl":"https:\/\/www.iemj.org\/wp-content\/uploads\/2014\/06\/arton888.jpg","datePublished":"2014-06-03T10:17:27+00:00","dateModified":"2025-09-02T09:19:38+00:00","breadcrumb":{"@id":"https:\/\/www.iemj.org\/es\/witler-ben-zion-1907-1961\/#breadcrumb"},"inLanguage":"es","potentialAction":[{"@type":"ReadAction","target":["https:\/\/www.iemj.org\/es\/witler-ben-zion-1907-1961\/"]}]},{"@type":"ImageObject","inLanguage":"es","@id":"https:\/\/www.iemj.org\/es\/witler-ben-zion-1907-1961\/#primaryimage","url":"https:\/\/www.iemj.org\/wp-content\/uploads\/2014\/06\/arton888.jpg","contentUrl":"https:\/\/www.iemj.org\/wp-content\/uploads\/2014\/06\/arton888.jpg","width":238,"height":212},{"@type":"BreadcrumbList","@id":"https:\/\/www.iemj.org\/es\/witler-ben-zion-1907-1961\/#breadcrumb","itemListElement":[{"@type":"ListItem","position":1,"name":"Accueil","item":"https:\/\/www.iemj.org\/es\/"},{"@type":"ListItem","position":2,"name":"Witler, Ben-Zion (1907-1961)"}]},{"@type":"WebSite","@id":"https:\/\/www.iemj.org\/es\/#website","url":"https:\/\/www.iemj.org\/es\/","name":"Institut Europ\u00e9en des Musiques Juives","description":"Des traditions musicales \u00e0 la port\u00e9e de tous","publisher":{"@id":"https:\/\/www.iemj.org\/es\/#organization"},"potentialAction":[{"@type":"SearchAction","target":{"@type":"EntryPoint","urlTemplate":"https:\/\/www.iemj.org\/es\/?s={search_term_string}"},"query-input":{"@type":"PropertyValueSpecification","valueRequired":true,"valueName":"search_term_string"}}],"inLanguage":"es"},{"@type":"Organization","@id":"https:\/\/www.iemj.org\/es\/#organization","name":"Institut Europ\u00e9en des Musiques Juives","url":"https:\/\/www.iemj.org\/es\/","logo":{"@type":"ImageObject","inLanguage":"es","@id":"https:\/\/www.iemj.org\/es\/#\/schema\/logo\/image\/","url":"https:\/\/www.iemj.org\/wp-content\/uploads\/2021\/09\/Logo-IEMJ-Paypal.jpg","contentUrl":"https:\/\/www.iemj.org\/wp-content\/uploads\/2021\/09\/Logo-IEMJ-Paypal.jpg","width":150,"height":50,"caption":"Institut Europ\u00e9en des Musiques Juives"},"image":{"@id":"https:\/\/www.iemj.org\/es\/#\/schema\/logo\/image\/"},"sameAs":["https:\/\/www.facebook.com\/MusiquesJuives\/","https:\/\/www.instagram.com\/musiquesjuives\/","https:\/\/www.youtube.com\/user\/musiquesjuives"]},{"@type":"Person","@id":"https:\/\/www.iemj.org\/es\/#\/schema\/person\/f826ad11b0cd58dd99babe0a3fbcb86e","name":"ncochin","image":{"@type":"ImageObject","inLanguage":"es","@id":"https:\/\/secure.gravatar.com\/avatar\/4499f551e6a9b8c28bd3132f28d79657b2cb55ff363257726f67e89c95e2a33c?s=96&d=mm&r=g","url":"https:\/\/secure.gravatar.com\/avatar\/4499f551e6a9b8c28bd3132f28d79657b2cb55ff363257726f67e89c95e2a33c?s=96&d=mm&r=g","contentUrl":"https:\/\/secure.gravatar.com\/avatar\/4499f551e6a9b8c28bd3132f28d79657b2cb55ff363257726f67e89c95e2a33c?s=96&d=mm&r=g","caption":"ncochin"}}]}},"_links":{"self":[{"href":"https:\/\/www.iemj.org\/es\/wp-json\/wp\/v2\/posts\/123200","targetHints":{"allow":["GET"]}}],"collection":[{"href":"https:\/\/www.iemj.org\/es\/wp-json\/wp\/v2\/posts"}],"about":[{"href":"https:\/\/www.iemj.org\/es\/wp-json\/wp\/v2\/types\/post"}],"author":[{"embeddable":true,"href":"https:\/\/www.iemj.org\/es\/wp-json\/wp\/v2\/users\/1050"}],"replies":[{"embeddable":true,"href":"https:\/\/www.iemj.org\/es\/wp-json\/wp\/v2\/comments?post=123200"}],"version-history":[{"count":0,"href":"https:\/\/www.iemj.org\/es\/wp-json\/wp\/v2\/posts\/123200\/revisions"}],"wp:featuredmedia":[{"embeddable":true,"href":"https:\/\/www.iemj.org\/es\/wp-json\/wp\/v2\/media\/88902"}],"wp:attachment":[{"href":"https:\/\/www.iemj.org\/es\/wp-json\/wp\/v2\/media?parent=123200"}],"wp:term":[{"taxonomy":"category","embeddable":true,"href":"https:\/\/www.iemj.org\/es\/wp-json\/wp\/v2\/categories?post=123200"},{"taxonomy":"post_tag","embeddable":true,"href":"https:\/\/www.iemj.org\/es\/wp-json\/wp\/v2\/tags?post=123200"},{"taxonomy":"technique","embeddable":true,"href":"https:\/\/www.iemj.org\/es\/wp-json\/wp\/v2\/technique?post=123200"},{"taxonomy":"squelettes","embeddable":true,"href":"https:\/\/www.iemj.org\/es\/wp-json\/wp\/v2\/squelettes?post=123200"},{"taxonomy":"sujet","embeddable":true,"href":"https:\/\/www.iemj.org\/es\/wp-json\/wp\/v2\/sujet?post=123200"},{"taxonomy":"formation","embeddable":true,"href":"https:\/\/www.iemj.org\/es\/wp-json\/wp\/v2\/formation?post=123200"},{"taxonomy":"genre","embeddable":true,"href":"https:\/\/www.iemj.org\/es\/wp-json\/wp\/v2\/genre?post=123200"},{"taxonomy":"fonds","embeddable":true,"href":"https:\/\/www.iemj.org\/es\/wp-json\/wp\/v2\/fonds?post=123200"},{"taxonomy":"tradition","embeddable":true,"href":"https:\/\/www.iemj.org\/es\/wp-json\/wp\/v2\/tradition?post=123200"},{"taxonomy":"type-de-contenu","embeddable":true,"href":"https:\/\/www.iemj.org\/es\/wp-json\/wp\/v2\/type-de-contenu?post=123200"},{"taxonomy":"interprete-compositeur","embeddable":true,"href":"https:\/\/www.iemj.org\/es\/wp-json\/wp\/v2\/interprete-compositeur?post=123200"},{"taxonomy":"frise","embeddable":true,"href":"https:\/\/www.iemj.org\/es\/wp-json\/wp\/v2\/frise?post=123200"},{"taxonomy":"type-devenement","embeddable":true,"href":"https:\/\/www.iemj.org\/es\/wp-json\/wp\/v2\/type-devenement?post=123200"},{"taxonomy":"tableaux-liens-externes","embeddable":true,"href":"https:\/\/www.iemj.org\/es\/wp-json\/wp\/v2\/tableaux-liens-externes?post=123200"}],"curies":[{"name":"wp","href":"https:\/\/api.w.org\/{rel}","templated":true}]}}