{"id":126612,"date":"2025-10-09T14:21:41","date_gmt":"2025-10-09T12:21:41","guid":{"rendered":"https:\/\/www.iemj.org\/music-of-david-eisenstadt\/"},"modified":"2025-10-09T16:54:01","modified_gmt":"2025-10-09T14:54:01","slug":"music-of-david-eisenstadt","status":"publish","type":"post","link":"https:\/\/www.iemj.org\/es\/music-of-david-eisenstadt\/","title":{"rendered":"Music of David Eisenstadt"},"content":{"rendered":"\n<p>Director de coro, pedagogo y compositor, Dawid Ajzensztadt (David Eisenstadt) naci\u00f3 en 1890 en Nasielsk (Polonia) y fue asesinado en Treblinka en 1942, tras la liquidaci\u00f3n del gueto de Varsovia por los nazis. Este disco de 33 rpm, publicado en 2024, le rinde homenaje al revivir por primera vez parte de sus obras.<\/p>\n\n\n\n<h2 class=\"wp-block-heading\"><strong>David Eisenstadt<\/strong><\/h2>\n\n\n\n<p>Tras ser director de coro en Berl\u00edn, Gomel, Riga y Rostov del Don, David Eisenstadt asumi\u00f3 la direcci\u00f3n del coro de la Gran Sinagoga de Varsovia (calle T\u0142omackie) en 1921. En esta monumental sinagoga, con capacidad para casi 2000 personas, dirigi\u00f3 durante casi 20 a\u00f1os un coro compuesto por unos 80 ni\u00f1os de entre 9 y 13 a\u00f1os y una veintena de hombres.<\/p>\n\n\n\n<p>Adem\u00e1s de los oficios religiosos, este coro, que r\u00e1pidamente adquiri\u00f3 gran notoriedad, ofrec\u00eda conciertos de m\u00fasica profana y grababa para la radio polaca. En la Gran Sinagoga, el coro iba acompa\u00f1ado de un armonio, aunque numerosas fuentes mencionan tambi\u00e9n el sonido de un \u00f3rgano.<\/p>\n\n\n\n<figure class=\"wp-block-image size-full\"><img fetchpriority=\"high\" decoding=\"async\" width=\"750\" height=\"431\" src=\"https:\/\/www.iemj.org\/wp-content\/uploads\/2025\/10\/Exterieur-de-la-Grande-synagogue-de-la-rue-Tlomackie-Varsovie_redim.jpg\" alt=\"\" class=\"wp-image-126543\" srcset=\"https:\/\/www.iemj.org\/wp-content\/uploads\/2025\/10\/Exterieur-de-la-Grande-synagogue-de-la-rue-Tlomackie-Varsovie_redim.jpg 750w, https:\/\/www.iemj.org\/wp-content\/uploads\/2025\/10\/Exterieur-de-la-Grande-synagogue-de-la-rue-Tlomackie-Varsovie_redim-300x172.jpg 300w, https:\/\/www.iemj.org\/wp-content\/uploads\/2025\/10\/Exterieur-de-la-Grande-synagogue-de-la-rue-Tlomackie-Varsovie_redim-600x345.jpg 600w\" sizes=\"(max-width: 750px) 100vw, 750px\" \/><\/figure>\n\n\n\n<p>En 1935, el coro actu\u00f3 en el estreno mundial de la \u00f3pera \u00abDybuk\u00bb, del compositor Lodovico Rocchi, con libreto de Shalom Anski. Esta producci\u00f3n, aclamada por la cr\u00edtica musical, consagr\u00f3 a David Eisenstadt en su papel de promotor de la m\u00fasica jud\u00eda. Adem\u00e1s, fue uno de los fundadores de la Sociedad de M\u00fasica Jud\u00eda y coautor del \u00abAlgemajner muzik-leksikon\u00bb, una serie de libretos concebidos como una enciclopedia musical jud\u00eda. Solo se publicaron los tres primeros n\u00fameros, ya que el estallido de la guerra interrumpi\u00f3 las publicaciones posteriores. En 1936, Eisenstadt se convirti\u00f3 en director de la escuela de cantores del Instituto de M\u00fasica de Varsovia. Seg\u00fan Leon B\u0142aszczyk, tambi\u00e9n dirigi\u00f3 los coros de la Sociedad para la Promoci\u00f3n de la Educaci\u00f3n y la Cultura Jud\u00edas (\u00abSzul-Kult\u00bb), de la Kultur-Lige y, durante un tiempo, del Coro Grossner de la organizaci\u00f3n Zionist Bund. Compuso la m\u00fasica de la obra \u00abGolem\u00bb de Halpern Leivick, que se estren\u00f3 en 1928.<\/p>\n\n\n\n<div class=\"wp-block-columns are-vertically-aligned-top is-layout-flex wp-container-core-columns-is-layout-9d6595d7 wp-block-columns-is-layout-flex\">\n<div class=\"wp-block-column is-layout-flow wp-block-column-is-layout-flow\" style=\"flex-basis:15%\">\n<figure class=\"wp-block-image size-full\"><img decoding=\"async\" width=\"155\" height=\"227\" src=\"https:\/\/www.iemj.org\/wp-content\/uploads\/2025\/10\/Eisenstadt-David.jpg\" alt=\"\" class=\"wp-image-126548\"\/><\/figure>\n<\/div>\n\n\n\n<div class=\"wp-block-column is-layout-flow wp-block-column-is-layout-flow\" style=\"flex-basis:85%\">\n<p>La contribuci\u00f3n m\u00e1s famosa de Eisenstadt a la popularizaci\u00f3n de la m\u00fasica jud\u00eda fueron sus conciertos anuales, a los que asist\u00eda toda la comunidad musical de Varsovia. La casa de Eisenstadt estaba impregnada de la cultura jud\u00eda europea y del renacimiento nacional jud\u00edo. En ella se escuchaban melod\u00edas de Schubert, Mendelssohn y Schumann, as\u00ed como obras de Zavel Kwartin y Yossele Rosenblatt.<\/p>\n<\/div>\n<\/div>\n\n\n\n<p>Tras el inicio de la ocupaci\u00f3n alemana de Varsovia, Eisenstadt habr\u00eda considerado huir a la Uni\u00f3n Sovi\u00e9tica, pero permaneci\u00f3 en la capital siguiendo el consejo de su esposa. En el gueto, la familia viv\u00eda con dificultades, pero Eisenstadt continu\u00f3 con su actividad art\u00edstica. En el teatro Femina, en la calle Leszno, fund\u00f3 una orquesta sinf\u00f3nica, en la que su hija Marysia Ajzensztadt (Miriam Eisenstadt) despleg\u00f3 todo su talento. M\u00e1s tarde se la recordar\u00eda como el \u00abruise\u00f1or del gueto\u00bb. David Eisenstadt tambi\u00e9n dirigi\u00f3 un coro de sinagoga cuando, en mayo de 1941, las autoridades alemanas autorizaron la apertura de tres sinagogas en el gueto.<\/p>\n\n\n\n<p>Los \u00faltimos momentos de la familia Eisenstadt fueron descritos por Jonas Turkow: \u00abCuando los soldados alemanes separaron a Miriam de sus padres en el Umschlagplatz y obligaron a David Eisenstadt y a su esposa a subir a otro vag\u00f3n, Miriam corri\u00f3 a buscar a sus padres. No quer\u00eda separarse de ellos en las \u00faltimas horas de su vida. Miriam ya estaba en la puerta del vag\u00f3n cuando una bala alemana la alcanz\u00f3. El convoy parti\u00f3 de Umschlagplatz hacia Treblinka, donde David y su esposa fueron asesinados en la c\u00e1mara de gas.<\/p>\n\n\n\n<div class=\"wp-block-columns is-layout-flex wp-container-core-columns-is-layout-9d6595d7 wp-block-columns-is-layout-flex\">\n<div class=\"wp-block-column is-layout-flow wp-block-column-is-layout-flow\" style=\"flex-basis:60%\">\n<h2 class=\"wp-block-heading\"><strong>Sus obras<\/strong><\/h2>\n\n\n\n<p>Aunque generalmente se cree que las obras de Eisenstadt no han sobrevivido, varias de sus composiciones se han conservado y a\u00fan se siguen descubriendo otras nuevas. Algunas han sido recopiladas y publicadas por Israel Alter, un cantor de Johannesburgo, bajo el t\u00edtulo \u00abL&#8217;Dovid Mizmor\u00bb. Entre ellas se encuentran: \u00abHajom haras olom\u00bb, \u00abL&#8217;choh dodi\u00bb, \u00abShom&#8217;oh vatismah tsiyon\u00bb, \u00abL&#8217;eineinu oshku amoleinu\u00bb y \u00abSh&#8217;chuloch achuloh\u00bb, compuestas para cantor con acompa\u00f1amiento de teclado o para coro a cuatro voces. Las partes del cantor son de gran virtuosismo y las partes instrumentales y corales, igualmente elaboradas, dan testimonio de la evoluci\u00f3n del lenguaje musical sinagogal durante la primera mitad del siglo XX.<\/p>\n<\/div>\n\n\n\n<div class=\"wp-block-column is-layout-flow wp-block-column-is-layout-flow\" style=\"flex-basis:40%\"><div class=\"wp-block-image\">\n<figure class=\"aligncenter size-full is-resized\"><img decoding=\"async\" width=\"449\" height=\"600\" src=\"https:\/\/www.iemj.org\/wp-content\/uploads\/2025\/10\/P_5605_020_Lekho-dodi_redim.jpg\" alt=\"\" class=\"wp-image-126557\" style=\"width:301px;height:auto\" srcset=\"https:\/\/www.iemj.org\/wp-content\/uploads\/2025\/10\/P_5605_020_Lekho-dodi_redim.jpg 449w, https:\/\/www.iemj.org\/wp-content\/uploads\/2025\/10\/P_5605_020_Lekho-dodi_redim-225x300.jpg 225w\" sizes=\"(max-width: 449px) 100vw, 449px\" \/><\/figure>\n<\/div><\/div>\n<\/div>\n\n\n\n<p>Estas composiciones no son las \u00fanicas que han sobrevivido. En 2011, se descubri\u00f3 en Ciudad del Cabo un manuscrito de la cantata de Eisenstadt \u00abChad Gadya\u00bb, inspirada en el canto del S\u00e9der de P\u00e9saj. Eisenstadt se la hab\u00eda enviado a Froim Spektor, que hab\u00eda emigrado a Ciudad del Cabo en 1928 para convertirse en el cantor principal de la nueva comunidad jud\u00eda. La cantata consta de cuatro movimientos: el primero es un Allegro scherzando; el segundo, inspirado en motivos talm\u00fadicos, es un Andantino; el tercero, un Largo, describe una lucha entre el \u00c1ngel de la Muerte y el shochet; el cuarto describe el triunfo de la justicia sobre el mal.<\/p>\n\n\n\n<p>Entre sus otras obras conocidas se encuentran la cantata \u00abIz awek cum krig der melech\u00bb (Y el rey parti\u00f3 a la guerra), inspirada en un poema de Maria Konopnicka traducido por Abraham Reisen, as\u00ed como cantos corales en yiddish y piezas sinagogales para el sabbat y las fiestas. Eisenstadt se inspir\u00f3 tanto en estilos folcl\u00f3ricos tradicionales como en formas conocidas de oratorios y cantatas. Tambi\u00e9n compuso obras orquestales, entre ellas la \u00abSuite hebrea\u00bb. Este repertorio sigue siendo en gran parte desconocido, y es probable que a\u00fan queden por descubrir otras obras del compositor jud\u00edo m\u00e1s importante de Varsovia.<\/p>\n\n\n\n<p>Este disco de 33 rpm, <a href=\"https:\/\/wts.org.pl\/david-eisenstadt\/\" target=\"_blank\" rel=\"noreferrer noopener\">Music of David Eisenstadt<\/a>, impulsado por la <a href=\"https:\/\/www.spotonart.com\/\" target=\"_blank\" rel=\"noreferrer noopener\">Fundaci\u00f3n SPOT.ON ART<\/a>, ha contado con el apoyo del Ministerio de Cultura y Patrimonio Nacional de la Rep\u00fablica de Polonia. El Ensemble Match Match, con Wojciech Parchem (tenor solista) y Jakub Stefek (armonio), est\u00e1 dirigido por Lilianna Krych.<\/p>\n\n\n\n<p>Por \u00faltimo, cabe destacar que el IEMJ ha proporcionado dos partituras de Eisenstadt procedentes de sus colecciones para este disco.<\/p>\n\n\n\n<figure class=\"wp-block-image alignwide size-full\"><img loading=\"lazy\" decoding=\"async\" width=\"900\" height=\"163\" src=\"https:\/\/www.iemj.org\/wp-content\/uploads\/2025\/10\/Partenaires-disque_centre.jpg\" alt=\"\" class=\"wp-image-126563\" srcset=\"https:\/\/www.iemj.org\/wp-content\/uploads\/2025\/10\/Partenaires-disque_centre.jpg 900w, https:\/\/www.iemj.org\/wp-content\/uploads\/2025\/10\/Partenaires-disque_centre-300x54.jpg 300w, https:\/\/www.iemj.org\/wp-content\/uploads\/2025\/10\/Partenaires-disque_centre-768x139.jpg 768w, https:\/\/www.iemj.org\/wp-content\/uploads\/2025\/10\/Partenaires-disque_centre-600x109.jpg 600w\" sizes=\"(max-width: 900px) 100vw, 900px\" \/><\/figure>\n\n\n\n<p>Fuentes:<\/p>\n\n\n\n<ul class=\"wp-block-list\">\n<li><a href=\"https:\/\/www.davideisenstadt.art\/en\/eisenstadt\" target=\"_blank\" rel=\"noreferrer noopener\">https:\/\/www.davideisenstadt.art\/en\/eisenstadt<\/a> ;<\/li>\n<\/ul>\n\n\n\n<ul class=\"wp-block-list\">\n<li><a href=\"https:\/\/wts.org.pl\/david-eisenstadt\/\" target=\"_blank\" rel=\"noreferrer noopener\">https:\/\/wts.org.pl\/david-eisenstadt\/<\/a>&nbsp;;<\/li>\n<\/ul>\n\n\n\n<ul class=\"wp-block-list\">\n<li><a href=\"https:\/\/www.stefek.art\/aktualnosci\" target=\"_blank\" rel=\"noreferrer noopener\">https:\/\/www.stefek.art\/aktualnosci<\/a><\/li>\n<\/ul>\n\n\n\n<p><a href=\"https:\/\/www.davideisenstadt.art\/en\">M\u00e1s informaci\u00f3n sobre<\/a> <a href=\"https:\/\/www.davideisenstadt.art\/en\">David Eisenstadt<\/a><\/p>\n\n\n\n<p><a href=\"https:\/\/www.davideisenstadt.art\/en\/album\" target=\"_blank\" rel=\"noreferrer noopener\">Pedir el disco<\/a> o <a href=\"https:\/\/www.youtube.com\/playlist?list=OLAK5uy_kSuFJ81kbHw41lNPwrbTrQzAhVNb8Sybc\" target=\"_blank\" rel=\"noreferrer noopener\">escucharlo en YouTube<\/a><\/p>\n\n\n\n<figure class=\"wp-block-embed is-type-video is-provider-youtube wp-block-embed-youtube wp-embed-aspect-16-9 wp-has-aspect-ratio\"><div class=\"wp-block-embed__wrapper\">\n<iframe title=\"Music of David Eisenstadt\" width=\"640\" height=\"360\" src=\"https:\/\/www.youtube.com\/embed\/51hm2IAcct8?feature=oembed\" frameborder=\"0\" allow=\"accelerometer; autoplay; clipboard-write; encrypted-media; gyroscope; picture-in-picture; web-share\" referrerpolicy=\"strict-origin-when-cross-origin\" allowfullscreen><\/iframe>\n<\/div><\/figure>\n\n\n\n<figure class=\"wp-block-image alignwide size-large\"><img loading=\"lazy\" decoding=\"async\" width=\"1024\" height=\"133\" src=\"https:\/\/www.iemj.org\/wp-content\/uploads\/2024\/03\/AUDIO-PLAYER-1024x133.png\" alt=\"\" class=\"wp-image-110608\" srcset=\"https:\/\/www.iemj.org\/wp-content\/uploads\/2024\/03\/AUDIO-PLAYER-1024x133.png 1024w, https:\/\/www.iemj.org\/wp-content\/uploads\/2024\/03\/AUDIO-PLAYER-300x39.png 300w, https:\/\/www.iemj.org\/wp-content\/uploads\/2024\/03\/AUDIO-PLAYER-768x100.png 768w, https:\/\/www.iemj.org\/wp-content\/uploads\/2024\/03\/AUDIO-PLAYER-600x78.png 600w, https:\/\/www.iemj.org\/wp-content\/uploads\/2024\/03\/AUDIO-PLAYER.png 1210w\" sizes=\"(max-width: 1024px) 100vw, 1024px\" \/><\/figure>\n\n\n\n<p class=\"has-text-align-center\"><strong>Escuchar extractos a continuaci\u00f3n<\/strong><\/p>\n\n\n\n<p><\/p>\n","protected":false},"excerpt":{"rendered":"<p>Director de coro, pedagogo y compositor, Dawid Ajzensztadt (David Eisenstadt) naci\u00f3 en 1890 en Nasielsk (Polonia) y fue asesinado en Treblinka en 1942, tras la liquidaci\u00f3n del gueto de Varsovia<\/p>\n","protected":false},"author":5,"featured_media":126572,"comment_status":"closed","ping_status":"closed","sticky":false,"template":"","format":"standard","meta":{"_acf_changed":false,"footnotes":""},"categories":[1568,1565],"tags":[4032],"technique":[],"squelettes":[],"sujet":[],"formation":[],"genre":[],"fonds":[],"tradition":[],"type-de-contenu":[],"interprete-compositeur":[],"frise":[],"type-devenement":[],"tableaux-liens-externes":[],"class_list":["post-126612","post","type-post","status-publish","format-standard","has-post-thumbnail","hentry","category-cd-es","category-ultimas-adquisiciones-es","tag-polonia"],"acf":[],"yoast_head":"<!-- This site is optimized with the Yoast SEO plugin v27.3 - https:\/\/yoast.com\/product\/yoast-seo-wordpress\/ -->\n<title>Music of David Eisenstadt - Institut Europ\u00e9en des Musiques Juives<\/title>\n<meta name=\"robots\" content=\"index, follow, max-snippet:-1, max-image-preview:large, max-video-preview:-1\" \/>\n<link rel=\"canonical\" href=\"https:\/\/www.iemj.org\/es\/music-of-david-eisenstadt\/\" \/>\n<meta property=\"og:locale\" content=\"es_ES\" \/>\n<meta property=\"og:type\" content=\"article\" \/>\n<meta property=\"og:title\" content=\"Music of David Eisenstadt - Institut Europ\u00e9en des Musiques Juives\" \/>\n<meta property=\"og:description\" content=\"Director de coro, pedagogo y compositor, Dawid Ajzensztadt (David Eisenstadt) naci\u00f3 en 1890 en Nasielsk (Polonia) y fue asesinado en Treblinka en 1942, tras la liquidaci\u00f3n del gueto de Varsovia\" \/>\n<meta property=\"og:url\" content=\"https:\/\/www.iemj.org\/es\/music-of-david-eisenstadt\/\" \/>\n<meta property=\"og:site_name\" content=\"Institut Europ\u00e9en des Musiques Juives\" \/>\n<meta property=\"article:publisher\" content=\"https:\/\/www.facebook.com\/MusiquesJuives\/\" \/>\n<meta property=\"article:published_time\" content=\"2025-10-09T12:21:41+00:00\" \/>\n<meta property=\"article:modified_time\" content=\"2025-10-09T14:54:01+00:00\" \/>\n<meta property=\"og:image\" content=\"https:\/\/www.iemj.org\/wp-content\/uploads\/2025\/10\/Logo-Music-of-David-Eisenstadt-2024-Vinyl_ok.png\" \/>\n\t<meta property=\"og:image:width\" content=\"450\" \/>\n\t<meta property=\"og:image:height\" content=\"448\" \/>\n\t<meta property=\"og:image:type\" content=\"image\/png\" \/>\n<meta name=\"author\" content=\"Jacqueline ROTEN\" \/>\n<meta name=\"twitter:card\" content=\"summary_large_image\" \/>\n<meta name=\"twitter:label1\" content=\"Escrito por\" \/>\n\t<meta name=\"twitter:data1\" content=\"Jacqueline ROTEN\" \/>\n\t<meta name=\"twitter:label2\" content=\"Tiempo de lectura\" \/>\n\t<meta name=\"twitter:data2\" content=\"7 minutos\" \/>\n<script type=\"application\/ld+json\" class=\"yoast-schema-graph\">{\"@context\":\"https:\\\/\\\/schema.org\",\"@graph\":[{\"@type\":\"Article\",\"@id\":\"https:\\\/\\\/www.iemj.org\\\/es\\\/music-of-david-eisenstadt\\\/#article\",\"isPartOf\":{\"@id\":\"https:\\\/\\\/www.iemj.org\\\/es\\\/music-of-david-eisenstadt\\\/\"},\"author\":{\"name\":\"Jacqueline ROTEN\",\"@id\":\"https:\\\/\\\/www.iemj.org\\\/es\\\/#\\\/schema\\\/person\\\/358e26c18aca017fcc4cc15437f7279c\"},\"headline\":\"Music of David Eisenstadt\",\"datePublished\":\"2025-10-09T12:21:41+00:00\",\"dateModified\":\"2025-10-09T14:54:01+00:00\",\"mainEntityOfPage\":{\"@id\":\"https:\\\/\\\/www.iemj.org\\\/es\\\/music-of-david-eisenstadt\\\/\"},\"wordCount\":1068,\"publisher\":{\"@id\":\"https:\\\/\\\/www.iemj.org\\\/es\\\/#organization\"},\"image\":{\"@id\":\"https:\\\/\\\/www.iemj.org\\\/es\\\/music-of-david-eisenstadt\\\/#primaryimage\"},\"thumbnailUrl\":\"https:\\\/\\\/www.iemj.org\\\/wp-content\\\/uploads\\\/2025\\\/10\\\/Logo-Music-of-David-Eisenstadt-2024-Vinyl_ok.png\",\"keywords\":[\"Polonia\"],\"articleSection\":[\"CD\",\"\u00daltimas adquisiciones\"],\"inLanguage\":\"es\"},{\"@type\":\"WebPage\",\"@id\":\"https:\\\/\\\/www.iemj.org\\\/es\\\/music-of-david-eisenstadt\\\/\",\"url\":\"https:\\\/\\\/www.iemj.org\\\/es\\\/music-of-david-eisenstadt\\\/\",\"name\":\"Music of David Eisenstadt - Institut Europ\u00e9en des Musiques Juives\",\"isPartOf\":{\"@id\":\"https:\\\/\\\/www.iemj.org\\\/es\\\/#website\"},\"primaryImageOfPage\":{\"@id\":\"https:\\\/\\\/www.iemj.org\\\/es\\\/music-of-david-eisenstadt\\\/#primaryimage\"},\"image\":{\"@id\":\"https:\\\/\\\/www.iemj.org\\\/es\\\/music-of-david-eisenstadt\\\/#primaryimage\"},\"thumbnailUrl\":\"https:\\\/\\\/www.iemj.org\\\/wp-content\\\/uploads\\\/2025\\\/10\\\/Logo-Music-of-David-Eisenstadt-2024-Vinyl_ok.png\",\"datePublished\":\"2025-10-09T12:21:41+00:00\",\"dateModified\":\"2025-10-09T14:54:01+00:00\",\"breadcrumb\":{\"@id\":\"https:\\\/\\\/www.iemj.org\\\/es\\\/music-of-david-eisenstadt\\\/#breadcrumb\"},\"inLanguage\":\"es\",\"potentialAction\":[{\"@type\":\"ReadAction\",\"target\":[\"https:\\\/\\\/www.iemj.org\\\/es\\\/music-of-david-eisenstadt\\\/\"]}]},{\"@type\":\"ImageObject\",\"inLanguage\":\"es\",\"@id\":\"https:\\\/\\\/www.iemj.org\\\/es\\\/music-of-david-eisenstadt\\\/#primaryimage\",\"url\":\"https:\\\/\\\/www.iemj.org\\\/wp-content\\\/uploads\\\/2025\\\/10\\\/Logo-Music-of-David-Eisenstadt-2024-Vinyl_ok.png\",\"contentUrl\":\"https:\\\/\\\/www.iemj.org\\\/wp-content\\\/uploads\\\/2025\\\/10\\\/Logo-Music-of-David-Eisenstadt-2024-Vinyl_ok.png\",\"width\":450,\"height\":448},{\"@type\":\"BreadcrumbList\",\"@id\":\"https:\\\/\\\/www.iemj.org\\\/es\\\/music-of-david-eisenstadt\\\/#breadcrumb\",\"itemListElement\":[{\"@type\":\"ListItem\",\"position\":1,\"name\":\"Accueil\",\"item\":\"https:\\\/\\\/www.iemj.org\\\/es\\\/\"},{\"@type\":\"ListItem\",\"position\":2,\"name\":\"Music of David Eisenstadt\"}]},{\"@type\":\"WebSite\",\"@id\":\"https:\\\/\\\/www.iemj.org\\\/es\\\/#website\",\"url\":\"https:\\\/\\\/www.iemj.org\\\/es\\\/\",\"name\":\"Institut Europ\u00e9en des Musiques Juives\",\"description\":\"Des traditions musicales \u00e0 la port\u00e9e de tous\",\"publisher\":{\"@id\":\"https:\\\/\\\/www.iemj.org\\\/es\\\/#organization\"},\"potentialAction\":[{\"@type\":\"SearchAction\",\"target\":{\"@type\":\"EntryPoint\",\"urlTemplate\":\"https:\\\/\\\/www.iemj.org\\\/es\\\/?s={search_term_string}\"},\"query-input\":{\"@type\":\"PropertyValueSpecification\",\"valueRequired\":true,\"valueName\":\"search_term_string\"}}],\"inLanguage\":\"es\"},{\"@type\":\"Organization\",\"@id\":\"https:\\\/\\\/www.iemj.org\\\/es\\\/#organization\",\"name\":\"Institut Europ\u00e9en des Musiques Juives\",\"url\":\"https:\\\/\\\/www.iemj.org\\\/es\\\/\",\"logo\":{\"@type\":\"ImageObject\",\"inLanguage\":\"es\",\"@id\":\"https:\\\/\\\/www.iemj.org\\\/es\\\/#\\\/schema\\\/logo\\\/image\\\/\",\"url\":\"https:\\\/\\\/www.iemj.org\\\/wp-content\\\/uploads\\\/2021\\\/09\\\/Logo-IEMJ-Paypal.jpg\",\"contentUrl\":\"https:\\\/\\\/www.iemj.org\\\/wp-content\\\/uploads\\\/2021\\\/09\\\/Logo-IEMJ-Paypal.jpg\",\"width\":150,\"height\":50,\"caption\":\"Institut Europ\u00e9en des Musiques Juives\"},\"image\":{\"@id\":\"https:\\\/\\\/www.iemj.org\\\/es\\\/#\\\/schema\\\/logo\\\/image\\\/\"},\"sameAs\":[\"https:\\\/\\\/www.facebook.com\\\/MusiquesJuives\\\/\",\"https:\\\/\\\/www.instagram.com\\\/musiquesjuives\\\/\",\"https:\\\/\\\/www.youtube.com\\\/user\\\/musiquesjuives\"]},{\"@type\":\"Person\",\"@id\":\"https:\\\/\\\/www.iemj.org\\\/es\\\/#\\\/schema\\\/person\\\/358e26c18aca017fcc4cc15437f7279c\",\"name\":\"Jacqueline ROTEN\",\"image\":{\"@type\":\"ImageObject\",\"inLanguage\":\"es\",\"@id\":\"https:\\\/\\\/secure.gravatar.com\\\/avatar\\\/5964256d6c6957de3a3505278957e0fb2a35119ac47ea41827a65301213c810b?s=96&d=mm&r=g\",\"url\":\"https:\\\/\\\/secure.gravatar.com\\\/avatar\\\/5964256d6c6957de3a3505278957e0fb2a35119ac47ea41827a65301213c810b?s=96&d=mm&r=g\",\"contentUrl\":\"https:\\\/\\\/secure.gravatar.com\\\/avatar\\\/5964256d6c6957de3a3505278957e0fb2a35119ac47ea41827a65301213c810b?s=96&d=mm&r=g\",\"caption\":\"Jacqueline ROTEN\"}}]}<\/script>\n<!-- \/ Yoast SEO plugin. -->","yoast_head_json":{"title":"Music of David Eisenstadt - Institut Europ\u00e9en des Musiques Juives","robots":{"index":"index","follow":"follow","max-snippet":"max-snippet:-1","max-image-preview":"max-image-preview:large","max-video-preview":"max-video-preview:-1"},"canonical":"https:\/\/www.iemj.org\/es\/music-of-david-eisenstadt\/","og_locale":"es_ES","og_type":"article","og_title":"Music of David Eisenstadt - Institut Europ\u00e9en des Musiques Juives","og_description":"Director de coro, pedagogo y compositor, Dawid Ajzensztadt (David Eisenstadt) naci\u00f3 en 1890 en Nasielsk (Polonia) y fue asesinado en Treblinka en 1942, tras la liquidaci\u00f3n del gueto de Varsovia","og_url":"https:\/\/www.iemj.org\/es\/music-of-david-eisenstadt\/","og_site_name":"Institut Europ\u00e9en des Musiques Juives","article_publisher":"https:\/\/www.facebook.com\/MusiquesJuives\/","article_published_time":"2025-10-09T12:21:41+00:00","article_modified_time":"2025-10-09T14:54:01+00:00","og_image":[{"width":450,"height":448,"url":"https:\/\/www.iemj.org\/wp-content\/uploads\/2025\/10\/Logo-Music-of-David-Eisenstadt-2024-Vinyl_ok.png","type":"image\/png"}],"author":"Jacqueline ROTEN","twitter_card":"summary_large_image","twitter_misc":{"Escrito por":"Jacqueline ROTEN","Tiempo de lectura":"7 minutos"},"schema":{"@context":"https:\/\/schema.org","@graph":[{"@type":"Article","@id":"https:\/\/www.iemj.org\/es\/music-of-david-eisenstadt\/#article","isPartOf":{"@id":"https:\/\/www.iemj.org\/es\/music-of-david-eisenstadt\/"},"author":{"name":"Jacqueline ROTEN","@id":"https:\/\/www.iemj.org\/es\/#\/schema\/person\/358e26c18aca017fcc4cc15437f7279c"},"headline":"Music of David Eisenstadt","datePublished":"2025-10-09T12:21:41+00:00","dateModified":"2025-10-09T14:54:01+00:00","mainEntityOfPage":{"@id":"https:\/\/www.iemj.org\/es\/music-of-david-eisenstadt\/"},"wordCount":1068,"publisher":{"@id":"https:\/\/www.iemj.org\/es\/#organization"},"image":{"@id":"https:\/\/www.iemj.org\/es\/music-of-david-eisenstadt\/#primaryimage"},"thumbnailUrl":"https:\/\/www.iemj.org\/wp-content\/uploads\/2025\/10\/Logo-Music-of-David-Eisenstadt-2024-Vinyl_ok.png","keywords":["Polonia"],"articleSection":["CD","\u00daltimas adquisiciones"],"inLanguage":"es"},{"@type":"WebPage","@id":"https:\/\/www.iemj.org\/es\/music-of-david-eisenstadt\/","url":"https:\/\/www.iemj.org\/es\/music-of-david-eisenstadt\/","name":"Music of David Eisenstadt - Institut Europ\u00e9en des Musiques Juives","isPartOf":{"@id":"https:\/\/www.iemj.org\/es\/#website"},"primaryImageOfPage":{"@id":"https:\/\/www.iemj.org\/es\/music-of-david-eisenstadt\/#primaryimage"},"image":{"@id":"https:\/\/www.iemj.org\/es\/music-of-david-eisenstadt\/#primaryimage"},"thumbnailUrl":"https:\/\/www.iemj.org\/wp-content\/uploads\/2025\/10\/Logo-Music-of-David-Eisenstadt-2024-Vinyl_ok.png","datePublished":"2025-10-09T12:21:41+00:00","dateModified":"2025-10-09T14:54:01+00:00","breadcrumb":{"@id":"https:\/\/www.iemj.org\/es\/music-of-david-eisenstadt\/#breadcrumb"},"inLanguage":"es","potentialAction":[{"@type":"ReadAction","target":["https:\/\/www.iemj.org\/es\/music-of-david-eisenstadt\/"]}]},{"@type":"ImageObject","inLanguage":"es","@id":"https:\/\/www.iemj.org\/es\/music-of-david-eisenstadt\/#primaryimage","url":"https:\/\/www.iemj.org\/wp-content\/uploads\/2025\/10\/Logo-Music-of-David-Eisenstadt-2024-Vinyl_ok.png","contentUrl":"https:\/\/www.iemj.org\/wp-content\/uploads\/2025\/10\/Logo-Music-of-David-Eisenstadt-2024-Vinyl_ok.png","width":450,"height":448},{"@type":"BreadcrumbList","@id":"https:\/\/www.iemj.org\/es\/music-of-david-eisenstadt\/#breadcrumb","itemListElement":[{"@type":"ListItem","position":1,"name":"Accueil","item":"https:\/\/www.iemj.org\/es\/"},{"@type":"ListItem","position":2,"name":"Music of David Eisenstadt"}]},{"@type":"WebSite","@id":"https:\/\/www.iemj.org\/es\/#website","url":"https:\/\/www.iemj.org\/es\/","name":"Institut Europ\u00e9en des Musiques Juives","description":"Des traditions musicales \u00e0 la port\u00e9e de tous","publisher":{"@id":"https:\/\/www.iemj.org\/es\/#organization"},"potentialAction":[{"@type":"SearchAction","target":{"@type":"EntryPoint","urlTemplate":"https:\/\/www.iemj.org\/es\/?s={search_term_string}"},"query-input":{"@type":"PropertyValueSpecification","valueRequired":true,"valueName":"search_term_string"}}],"inLanguage":"es"},{"@type":"Organization","@id":"https:\/\/www.iemj.org\/es\/#organization","name":"Institut Europ\u00e9en des Musiques Juives","url":"https:\/\/www.iemj.org\/es\/","logo":{"@type":"ImageObject","inLanguage":"es","@id":"https:\/\/www.iemj.org\/es\/#\/schema\/logo\/image\/","url":"https:\/\/www.iemj.org\/wp-content\/uploads\/2021\/09\/Logo-IEMJ-Paypal.jpg","contentUrl":"https:\/\/www.iemj.org\/wp-content\/uploads\/2021\/09\/Logo-IEMJ-Paypal.jpg","width":150,"height":50,"caption":"Institut Europ\u00e9en des Musiques Juives"},"image":{"@id":"https:\/\/www.iemj.org\/es\/#\/schema\/logo\/image\/"},"sameAs":["https:\/\/www.facebook.com\/MusiquesJuives\/","https:\/\/www.instagram.com\/musiquesjuives\/","https:\/\/www.youtube.com\/user\/musiquesjuives"]},{"@type":"Person","@id":"https:\/\/www.iemj.org\/es\/#\/schema\/person\/358e26c18aca017fcc4cc15437f7279c","name":"Jacqueline ROTEN","image":{"@type":"ImageObject","inLanguage":"es","@id":"https:\/\/secure.gravatar.com\/avatar\/5964256d6c6957de3a3505278957e0fb2a35119ac47ea41827a65301213c810b?s=96&d=mm&r=g","url":"https:\/\/secure.gravatar.com\/avatar\/5964256d6c6957de3a3505278957e0fb2a35119ac47ea41827a65301213c810b?s=96&d=mm&r=g","contentUrl":"https:\/\/secure.gravatar.com\/avatar\/5964256d6c6957de3a3505278957e0fb2a35119ac47ea41827a65301213c810b?s=96&d=mm&r=g","caption":"Jacqueline ROTEN"}}]}},"_links":{"self":[{"href":"https:\/\/www.iemj.org\/es\/wp-json\/wp\/v2\/posts\/126612","targetHints":{"allow":["GET"]}}],"collection":[{"href":"https:\/\/www.iemj.org\/es\/wp-json\/wp\/v2\/posts"}],"about":[{"href":"https:\/\/www.iemj.org\/es\/wp-json\/wp\/v2\/types\/post"}],"author":[{"embeddable":true,"href":"https:\/\/www.iemj.org\/es\/wp-json\/wp\/v2\/users\/5"}],"replies":[{"embeddable":true,"href":"https:\/\/www.iemj.org\/es\/wp-json\/wp\/v2\/comments?post=126612"}],"version-history":[{"count":4,"href":"https:\/\/www.iemj.org\/es\/wp-json\/wp\/v2\/posts\/126612\/revisions"}],"predecessor-version":[{"id":126646,"href":"https:\/\/www.iemj.org\/es\/wp-json\/wp\/v2\/posts\/126612\/revisions\/126646"}],"wp:featuredmedia":[{"embeddable":true,"href":"https:\/\/www.iemj.org\/es\/wp-json\/wp\/v2\/media\/126572"}],"wp:attachment":[{"href":"https:\/\/www.iemj.org\/es\/wp-json\/wp\/v2\/media?parent=126612"}],"wp:term":[{"taxonomy":"category","embeddable":true,"href":"https:\/\/www.iemj.org\/es\/wp-json\/wp\/v2\/categories?post=126612"},{"taxonomy":"post_tag","embeddable":true,"href":"https:\/\/www.iemj.org\/es\/wp-json\/wp\/v2\/tags?post=126612"},{"taxonomy":"technique","embeddable":true,"href":"https:\/\/www.iemj.org\/es\/wp-json\/wp\/v2\/technique?post=126612"},{"taxonomy":"squelettes","embeddable":true,"href":"https:\/\/www.iemj.org\/es\/wp-json\/wp\/v2\/squelettes?post=126612"},{"taxonomy":"sujet","embeddable":true,"href":"https:\/\/www.iemj.org\/es\/wp-json\/wp\/v2\/sujet?post=126612"},{"taxonomy":"formation","embeddable":true,"href":"https:\/\/www.iemj.org\/es\/wp-json\/wp\/v2\/formation?post=126612"},{"taxonomy":"genre","embeddable":true,"href":"https:\/\/www.iemj.org\/es\/wp-json\/wp\/v2\/genre?post=126612"},{"taxonomy":"fonds","embeddable":true,"href":"https:\/\/www.iemj.org\/es\/wp-json\/wp\/v2\/fonds?post=126612"},{"taxonomy":"tradition","embeddable":true,"href":"https:\/\/www.iemj.org\/es\/wp-json\/wp\/v2\/tradition?post=126612"},{"taxonomy":"type-de-contenu","embeddable":true,"href":"https:\/\/www.iemj.org\/es\/wp-json\/wp\/v2\/type-de-contenu?post=126612"},{"taxonomy":"interprete-compositeur","embeddable":true,"href":"https:\/\/www.iemj.org\/es\/wp-json\/wp\/v2\/interprete-compositeur?post=126612"},{"taxonomy":"frise","embeddable":true,"href":"https:\/\/www.iemj.org\/es\/wp-json\/wp\/v2\/frise?post=126612"},{"taxonomy":"type-devenement","embeddable":true,"href":"https:\/\/www.iemj.org\/es\/wp-json\/wp\/v2\/type-devenement?post=126612"},{"taxonomy":"tableaux-liens-externes","embeddable":true,"href":"https:\/\/www.iemj.org\/es\/wp-json\/wp\/v2\/tableaux-liens-externes?post=126612"}],"curies":[{"name":"wp","href":"https:\/\/api.w.org\/{rel}","templated":true}]}}